{"id":30347,"date":"2023-11-08T15:27:09","date_gmt":"2023-11-08T11:27:09","guid":{"rendered":"https:\/\/www.zerdab.com\/?p=30347"},"modified":"2023-11-08T16:58:10","modified_gmt":"2023-11-08T12:58:10","slug":"prezident-h%c9%99myerlimiz-general-mayor-inqilab-muradovu-yenid%c9%99n-t%c9%99ltif-etdi-antiterror-t%c9%99dbirl%c9%99rind%c9%99-d%c9%99-xidm%c9%99tl%c9%99ri-olub","status":"publish","type":"post","link":"https:\/\/www.zerdab.com\/?p=30347","title":{"rendered":"Prezident h\u0259myerlimiz, general-mayor \u0130nqilab Muradovu yenid\u0259n t\u0259ltif etdi &#8211; Antiterror t\u0259dbirl\u0259rind\u0259 d\u0259 xidm\u0259tl\u0259ri olub"},"content":{"rendered":"<p>Prezident \u0130lham \u018fliyev Silahl\u0131 Q\u00fcvv\u0259l\u0259rin h\u0259rbi qulluq\u00e7ular\u0131 v\u0259 Daxili \u0130\u015fl\u0259r Nazirliyinin \u0259m\u0259kda\u015flar\u0131n\u0131n t\u0259ltif edilm\u0259si haqq\u0131nda S\u0259r\u0259ncam imzalay\u0131b.<\/p>\n<p>S\u0259r\u0259ncama \u0259sas\u0259n, Az\u0259rbaycan Respublikas\u0131n\u0131n \u0259razi b\u00fct\u00f6vl\u00fcy\u00fcn\u00fcn t\u0259min olunmas\u0131nda y\u00fcks\u0259k pe\u015f\u0259karl\u0131q, \u015f\u00fcca\u0259t v\u0259 m\u0259rdlik g\u00f6st\u0259rmi\u015f, \u00f6z xidm\u0259ti v\u0259zif\u0259l\u0259rini v\u0259 h\u0259rbi hiss\u0259 qar\u015f\u0131s\u0131nda qoyulmu\u015f tap\u015f\u0131r\u0131qlar\u0131 yerin\u0259 yetir\u0259rk\u0259n f\u0259rql\u0259nmi\u015f Az\u0259rbaycan Respublikas\u0131 Silahl\u0131 Q\u00fcvv\u0259l\u0259rinin h\u0259rbi qulluq\u00e7ular\u0131 v\u0259 Daxili \u0130\u015fl\u0259r Nazirliyinin \u0259m\u0259kda\u015flar\u0131 t\u0259ltif edilib\u0259r.<\/p>\n<p><strong>Zerdab.com<\/strong> sayt\u0131 x\u0259b\u0259r verir ki, d\u00f6vl\u0259t ba\u015f\u00e7\u0131s\u0131n\u0131n S\u0259r\u0259ncam\u0131 il\u0259 t\u0259ltif edil\u0259nl\u0259r aras\u0131nda h\u0259myerlimiz, general-mayor \u0130nqilab Muradov da var.<\/p>\n<p>General-mayor Muradov \u0130nqilab Heyd\u0259r o\u011flu 3-c\u00fc d\u0259r\u0259c\u0259li \u201cV\u0259t\u0259n\u0259 xidm\u0259t\u0259 g\u00f6r\u0259\u201d ordeni il\u0259 t\u0259ltif olunub.<\/p>\n<p><strong>Zerdab.com<\/strong>\u00a0sayt\u0131 olaraq onu da \u0259lav\u0259 ed\u0259k ki, \u0130nqilab Muradov birinci Qaraba\u011f m\u00fcharib\u0259sind\u0259 A\u011fd\u0259r\u0259 istiqam\u0259tind\u0259 d\u00f6y\u00fc\u015fl\u0259rd\u0259 i\u015ftirak edib.<\/p>\n<p>V\u0259t\u0259n m\u00fcharib\u0259sind\u0259 is\u0259 onun r\u0259hb\u0259rlik etdiyi Daxili \u0130\u015fl\u0259r Nazirliyinin Daxili Qo\u015funlar\u0131n\u0131n x\u00fcsusi t\u0259yinatl\u0131lar\u0131 Murovdan \u015eu\u015fayad\u0259k b\u00f6y\u00fck bir d\u00f6y\u00fc\u015f yolu ke\u00e7ib.<\/p>\n<p>23 saat davam ed\u0259n lokal xarakterli son antiterror t\u0259dbirl\u0259rind\u0259 d\u0259 d\u00f6y\u00fc\u015f f\u0259aliyy\u0259tini icra edib.<\/p>\n<p>Bir maraql\u0131 m\u0259qam\u0131 da qeyd ed\u0259k ki, \u0130nqilab Muradov ill\u0259r \u00f6nc\u0259 Zaqatalada \u201cMe\u015f\u0259 qarda\u015flar\u0131\u201d terror t\u0259\u015fkilat\u0131n\u0131n \u00fczvl\u0259rinin m\u0259hv edilm\u0259sind\u0259 birba\u015fa i\u015ftirak edib.<\/p>\n<p>O, d\u00fcnyan\u0131n 10-dan \u00e7ox \u00f6lk\u0259sind\u0259 ke\u00e7iril\u0259n t\u0259liml\u0259rd\u0259 i\u015ftirak edib. Bu g\u00fcn d\u0259 xidm\u0259ti f\u0259aliyy\u0259tini Daxili qo\u015funlar komandan\u0131n\u0131n m\u00fcavini \u2013 \u015e\u0259xsi hey\u0259t \u00fczr\u0259 \u0130dar\u0259nin r\u0259isi kimi icra edir.<\/p>\n<p><strong>\u0130nqilab Muradov 1967-ci ild\u0259 Z\u0259rdab rayonunun \u0130saqba\u011f\u0131 k\u0259ndind\u0259 anadan olub.<\/strong><\/p>\n<p>1988-ci ild\u0259 ke\u00e7mi\u015f SSR\u0130 Kam\u0131\u015f\u0131nsk Ali H\u0259rbi \u0130n\u015faat Komandanl\u0131q M\u0259kt\u0259bini, 2006-c\u0131 ild\u0259 Az\u0259rbaycan Respublikas\u0131 Silahl\u0131 Q\u00fcvv\u0259l\u0259rinin H\u0259rbi Akademiyas\u0131n\u0131n Strateji T\u0259dqiqatlar v\u0259 D\u00f6vl\u0259t M\u00fcdafi\u0259sini \u0130dar\u0259etm\u0259 Akademik kurslar\u0131n\u0131 bitirib.<\/p>\n<p>1988-1992-ci ill\u0259rd\u0259 ke\u00e7mi\u015f SSR\u0130 M\u00fcdafi\u0259 Nazirliyinin t\u0259rkibind\u0259 m\u00fcxt\u0259lif v\u0259zif\u0259l\u0259rd\u0259, 1994-2018-ci ill\u0259rd\u0259 Az\u0259rbaycan Respublikas\u0131 Daxili \u0130\u015fl\u0259r Nazirliyinin Daxili Qo\u015funlar\u0131nda m\u0259nzil-istismar xidm\u0259tinin r\u0259isi, d\u00f6y\u00fc\u015f haz\u0131rl\u0131\u011f\u0131 b\u00f6lm\u0259sinin r\u0259isi, h\u0259rbi hiss\u0259 komandirinin m\u00fcavini, h\u0259rbi hiss\u0259 komandiri, Daxili Qo\u015funlar\u0131n Ba\u015f \u0130dar\u0259sind\u0259 \u0259m\u0259liyyat v\u0259 d\u00f6y\u00fc\u015f haz\u0131rl\u0131\u011f\u0131 \u0130dar\u0259sinin r\u0259isi &#8211; q\u0259rargah r\u0259isinin m\u00fcavini v\u0259zif\u0259l\u0259rind\u0259 xidm\u0259t edib.<\/p>\n<p>\u0130nqilab Muradov Az\u0259rbaycan Respublikas\u0131 Prezidentinin 2018-ci il 4 aprel tarixli S\u0259r\u0259ncam\u0131 il\u0259 D\u0130N-in Daxili Qo\u015funlar\u0131n\u0131n q\u0259rargah r\u0259isinin 1-ci m\u00fcavini, 2021-ci il 29 dekabr tarixli\u00a0S\u0259r\u0259ncam\u0131 il\u0259 Daxili qo\u015funlar komandan\u0131n\u0131n m\u00fcavini &#8211; \u015e\u0259xsi hey\u0259t \u00fczr\u0259 \u0130dar\u0259nin r\u0259isi v\u0259zif\u0259sin\u0259 t\u0259yin edilib.<\/p>\n<p>Az\u0259rbaycan Respublikas\u0131nda ictimai qaydan\u0131n v\u0259 ictimai t\u0259hl\u00fck\u0259sizliyin qorunmas\u0131nda, m\u00fct\u0259\u015f\u0259kkil cinay\u0259tkarl\u0131\u011fa, terror\u00e7ulu\u011fa v\u0259 dig\u0259r t\u0259hl\u00fck\u0259li cinay\u0259tl\u0259r\u0259 qar\u015f\u0131 m\u00fcbariz\u0259d\u0259, qanunsuz silahl\u0131 d\u0259st\u0259l\u0259rin z\u0259r\u0259rsizl\u0259\u015fdirilm\u0259sind\u0259, habel\u0259 xidm\u0259ti v\u0259zif\u0259l\u0259ri v\u0259 h\u0259rbi hiss\u0259 qar\u015f\u0131s\u0131nda qoyulmu\u015f tap\u015f\u0131r\u0131qlar\u0131 yerin\u0259 yetir\u0259rk\u0259n x\u00fcsusil\u0259 f\u0259rql\u0259ndiyin\u0259, \u015f\u00fcca\u0259t v\u0259 igidlik g\u00f6st\u0259rdiyin\u0259 g\u00f6r\u0259 Az\u0259rbaycan Respublikas\u0131 Prezidentinin 2002-ci il 30 iyun tarixli S\u0259r\u0259ncam\u0131 il\u0259 \u201cAz\u0259rbaycan Bayra\u011f\u0131\u201d ordeni, 2005-ci il 6 mart tarixli S\u0259r\u0259ncam\u0131 il\u0259 \u201cH\u0259rbi xidm\u0259tl\u0259r\u0259 g\u00f6r\u0259\u201d v\u0259 2020-ci il 11 mart tarixli S\u0259r\u0259ncam\u0131 il\u0259 \u201cV\u0259t\u0259n u\u011frunda\u201d medallar\u0131 il\u0259 t\u0259ltif olunub.<\/p>\n<p>Az\u0259rbaycan Respublikas\u0131 Prezidentinin 2019-cu il 7 mart tarixli S\u0259r\u0259ncam\u0131 il\u0259 \u0130nqilab Muradova \u201cgeneral-mayor\u201d h\u0259rbi r\u00fctb\u0259si verilib.<\/p>\n<p>Ail\u0259lidir. \u00dc\u00e7 \u00f6vlad\u0131 var.<\/p>\n<p>D\u0259y\u0259rli h\u0259myerlimizl\u0259 q\u00fcrur duyur, ona yeni-yeni u\u011furlar arzulay\u0131r\u0131q.<\/p>\n<p><strong>Nicat, Zerdab.com<\/strong><\/p>\n","protected":false},"excerpt":{"rendered":"<p>Prezident \u0130lham \u018fliyev Silahl\u0131 Q\u00fcvv\u0259l\u0259rin h\u0259rbi qulluq\u00e7ular\u0131 v\u0259 Daxili \u0130\u015fl\u0259r Nazirliyinin \u0259m\u0259kda\u015flar\u0131n\u0131n t\u0259ltif edilm\u0259si haqq\u0131nda S\u0259r\u0259ncam imzalay\u0131b. S\u0259r\u0259ncama \u0259sas\u0259n, Az\u0259rbaycan Respublikas\u0131n\u0131n \u0259razi b\u00fct\u00f6vl\u00fcy\u00fcn\u00fcn t\u0259min olunmas\u0131nda y\u00fcks\u0259k pe\u015f\u0259karl\u0131q, \u015f\u00fcca\u0259t v\u0259 m\u0259rdlik g\u00f6st\u0259rmi\u015f, \u00f6z xidm\u0259ti v\u0259zif\u0259l\u0259rini v\u0259 h\u0259rbi hiss\u0259 qar\u015f\u0131s\u0131nda qoyulmu\u015f tap\u015f\u0131r\u0131qlar\u0131 yerin\u0259 yetir\u0259rk\u0259n f\u0259rql\u0259nmi\u015f Az\u0259rbaycan Respublikas\u0131 Silahl\u0131 Q\u00fcvv\u0259l\u0259rinin h\u0259rbi qulluq\u00e7ular\u0131 v\u0259 Daxili \u0130\u015fl\u0259r Nazirliyinin \u0259m\u0259kda\u015flar\u0131 t\u0259ltif [&hellip;]<\/p>\n","protected":false},"author":1,"featured_media":30349,"comment_status":"closed","ping_status":"closed","sticky":false,"template":"","format":"standard","meta":{"footnotes":""},"categories":[63,5],"tags":[],"class_list":{"0":"post-30347","1":"post","2":"type-post","3":"status-publish","4":"format-standard","5":"has-post-thumbnail","7":"category-manset","8":"category-knd"},"yoast_head":"<!-- This site is optimized with the Yoast SEO plugin v27.0 - https:\/\/yoast.com\/product\/yoast-seo-wordpress\/ -->\n<title>Prezident h\u0259myerlimiz, general-mayor \u0130nqilab Muradovu yenid\u0259n t\u0259ltif etdi - Antiterror t\u0259dbirl\u0259rind\u0259 d\u0259 xidm\u0259tl\u0259ri olub - Z\u0259rdab.com<\/title>\n<meta name=\"robots\" content=\"index, follow, max-snippet:-1, max-image-preview:large, max-video-preview:-1\" \/>\n<link rel=\"canonical\" href=\"https:\/\/www.zerdab.com\/?p=30347\" \/>\n<meta property=\"og:locale\" content=\"az_AZ\" \/>\n<meta property=\"og:type\" content=\"article\" \/>\n<meta property=\"og:title\" content=\"Prezident h\u0259myerlimiz, general-mayor \u0130nqilab Muradovu yenid\u0259n t\u0259ltif etdi - Antiterror t\u0259dbirl\u0259rind\u0259 d\u0259 xidm\u0259tl\u0259ri olub - Z\u0259rdab.com\" \/>\n<meta property=\"og:description\" content=\"Prezident \u0130lham \u018fliyev Silahl\u0131 Q\u00fcvv\u0259l\u0259rin h\u0259rbi qulluq\u00e7ular\u0131 v\u0259 Daxili \u0130\u015fl\u0259r Nazirliyinin \u0259m\u0259kda\u015flar\u0131n\u0131n t\u0259ltif edilm\u0259si haqq\u0131nda S\u0259r\u0259ncam imzalay\u0131b. S\u0259r\u0259ncama \u0259sas\u0259n, Az\u0259rbaycan Respublikas\u0131n\u0131n \u0259razi b\u00fct\u00f6vl\u00fcy\u00fcn\u00fcn t\u0259min olunmas\u0131nda y\u00fcks\u0259k pe\u015f\u0259karl\u0131q, \u015f\u00fcca\u0259t v\u0259 m\u0259rdlik g\u00f6st\u0259rmi\u015f, \u00f6z xidm\u0259ti v\u0259zif\u0259l\u0259rini v\u0259 h\u0259rbi hiss\u0259 qar\u015f\u0131s\u0131nda qoyulmu\u015f tap\u015f\u0131r\u0131qlar\u0131 yerin\u0259 yetir\u0259rk\u0259n f\u0259rql\u0259nmi\u015f Az\u0259rbaycan Respublikas\u0131 Silahl\u0131 Q\u00fcvv\u0259l\u0259rinin h\u0259rbi qulluq\u00e7ular\u0131 v\u0259 Daxili \u0130\u015fl\u0259r Nazirliyinin \u0259m\u0259kda\u015flar\u0131 t\u0259ltif [&hellip;]\" \/>\n<meta property=\"og:url\" content=\"https:\/\/www.zerdab.com\/?p=30347\" \/>\n<meta property=\"og:site_name\" content=\"Z\u0259rdab.com\" \/>\n<meta property=\"article:published_time\" content=\"2023-11-08T11:27:09+00:00\" \/>\n<meta property=\"article:modified_time\" content=\"2023-11-08T12:58:10+00:00\" \/>\n<meta property=\"og:image\" content=\"https:\/\/www.zerdab.com\/wp-content\/uploads\/2023\/11\/Zerdab-inqilab-muradov.png\" \/>\n\t<meta property=\"og:image:width\" content=\"800\" \/>\n\t<meta property=\"og:image:height\" content=\"499\" \/>\n\t<meta property=\"og:image:type\" content=\"image\/png\" \/>\n<meta name=\"author\" content=\"admin\" \/>\n<meta name=\"twitter:card\" content=\"summary_large_image\" \/>\n<meta name=\"twitter:label1\" content=\"Written by\" \/>\n\t<meta name=\"twitter:data1\" content=\"admin\" \/>\n\t<meta name=\"twitter:label2\" content=\"Est. reading time\" \/>\n\t<meta name=\"twitter:data2\" content=\"4 minutes\" \/>\n<script type=\"application\/ld+json\" class=\"yoast-schema-graph\">{\"@context\":\"https:\/\/schema.org\",\"@graph\":[{\"@type\":\"Article\",\"@id\":\"https:\/\/www.zerdab.com\/?p=30347#article\",\"isPartOf\":{\"@id\":\"https:\/\/www.zerdab.com\/?p=30347\"},\"author\":{\"name\":\"admin\",\"@id\":\"https:\/\/www.zerdab.com\/#\/schema\/person\/97079b7570c1e89ec0d9e138c3672136\"},\"headline\":\"Prezident h\u0259myerlimiz, general-mayor \u0130nqilab Muradovu yenid\u0259n t\u0259ltif etdi &#8211; Antiterror t\u0259dbirl\u0259rind\u0259 d\u0259 xidm\u0259tl\u0259ri olub\",\"datePublished\":\"2023-11-08T11:27:09+00:00\",\"dateModified\":\"2023-11-08T12:58:10+00:00\",\"mainEntityOfPage\":{\"@id\":\"https:\/\/www.zerdab.com\/?p=30347\"},\"wordCount\":749,\"image\":{\"@id\":\"https:\/\/www.zerdab.com\/?p=30347#primaryimage\"},\"thumbnailUrl\":\"https:\/\/www.zerdab.com\/wp-content\/uploads\/2023\/11\/Zerdab-inqilab-muradov.png\",\"articleSection\":[\"MAN\u015eET\",\"X\u018fB\u018fRL\u018fR\"],\"inLanguage\":\"az\"},{\"@type\":\"WebPage\",\"@id\":\"https:\/\/www.zerdab.com\/?p=30347\",\"url\":\"https:\/\/www.zerdab.com\/?p=30347\",\"name\":\"Prezident h\u0259myerlimiz, general-mayor \u0130nqilab Muradovu yenid\u0259n t\u0259ltif etdi - Antiterror t\u0259dbirl\u0259rind\u0259 d\u0259 xidm\u0259tl\u0259ri olub - Z\u0259rdab.com\",\"isPartOf\":{\"@id\":\"https:\/\/www.zerdab.com\/#website\"},\"primaryImageOfPage\":{\"@id\":\"https:\/\/www.zerdab.com\/?p=30347#primaryimage\"},\"image\":{\"@id\":\"https:\/\/www.zerdab.com\/?p=30347#primaryimage\"},\"thumbnailUrl\":\"https:\/\/www.zerdab.com\/wp-content\/uploads\/2023\/11\/Zerdab-inqilab-muradov.png\",\"datePublished\":\"2023-11-08T11:27:09+00:00\",\"dateModified\":\"2023-11-08T12:58:10+00:00\",\"author\":{\"@id\":\"https:\/\/www.zerdab.com\/#\/schema\/person\/97079b7570c1e89ec0d9e138c3672136\"},\"breadcrumb\":{\"@id\":\"https:\/\/www.zerdab.com\/?p=30347#breadcrumb\"},\"inLanguage\":\"az\",\"potentialAction\":[{\"@type\":\"ReadAction\",\"target\":[\"https:\/\/www.zerdab.com\/?p=30347\"]}]},{\"@type\":\"ImageObject\",\"inLanguage\":\"az\",\"@id\":\"https:\/\/www.zerdab.com\/?p=30347#primaryimage\",\"url\":\"https:\/\/www.zerdab.com\/wp-content\/uploads\/2023\/11\/Zerdab-inqilab-muradov.png\",\"contentUrl\":\"https:\/\/www.zerdab.com\/wp-content\/uploads\/2023\/11\/Zerdab-inqilab-muradov.png\",\"width\":800,\"height\":499,\"caption\":\"Zerdab-inqilab-muradov\"},{\"@type\":\"BreadcrumbList\",\"@id\":\"https:\/\/www.zerdab.com\/?p=30347#breadcrumb\",\"itemListElement\":[{\"@type\":\"ListItem\",\"position\":1,\"name\":\"Home\",\"item\":\"https:\/\/www.zerdab.com\/\"},{\"@type\":\"ListItem\",\"position\":2,\"name\":\"Prezident h\u0259myerlimiz, general-mayor \u0130nqilab Muradovu yenid\u0259n t\u0259ltif etdi &#8211; Antiterror t\u0259dbirl\u0259rind\u0259 d\u0259 xidm\u0259tl\u0259ri olub\"}]},{\"@type\":\"WebSite\",\"@id\":\"https:\/\/www.zerdab.com\/#website\",\"url\":\"https:\/\/www.zerdab.com\/\",\"name\":\"Z\u0259rdab.com\",\"description\":\"\",\"potentialAction\":[{\"@type\":\"SearchAction\",\"target\":{\"@type\":\"EntryPoint\",\"urlTemplate\":\"https:\/\/www.zerdab.com\/?s={search_term_string}\"},\"query-input\":{\"@type\":\"PropertyValueSpecification\",\"valueRequired\":true,\"valueName\":\"search_term_string\"}}],\"inLanguage\":\"az\"},{\"@type\":\"Person\",\"@id\":\"https:\/\/www.zerdab.com\/#\/schema\/person\/97079b7570c1e89ec0d9e138c3672136\",\"name\":\"admin\",\"image\":{\"@type\":\"ImageObject\",\"inLanguage\":\"az\",\"@id\":\"https:\/\/www.zerdab.com\/#\/schema\/person\/image\/\",\"url\":\"https:\/\/secure.gravatar.com\/avatar\/d9c52a9a27c32119cb6679a077fa3e2779e5f822c451cbf01098004361d466ec?s=96&d=mm&r=g\",\"contentUrl\":\"https:\/\/secure.gravatar.com\/avatar\/d9c52a9a27c32119cb6679a077fa3e2779e5f822c451cbf01098004361d466ec?s=96&d=mm&r=g\",\"caption\":\"admin\"},\"url\":\"https:\/\/www.zerdab.com\/?author=1\"}]}<\/script>\n<!-- \/ Yoast SEO plugin. -->","yoast_head_json":{"title":"Prezident h\u0259myerlimiz, general-mayor \u0130nqilab Muradovu yenid\u0259n t\u0259ltif etdi - Antiterror t\u0259dbirl\u0259rind\u0259 d\u0259 xidm\u0259tl\u0259ri olub - Z\u0259rdab.com","robots":{"index":"index","follow":"follow","max-snippet":"max-snippet:-1","max-image-preview":"max-image-preview:large","max-video-preview":"max-video-preview:-1"},"canonical":"https:\/\/www.zerdab.com\/?p=30347","og_locale":"az_AZ","og_type":"article","og_title":"Prezident h\u0259myerlimiz, general-mayor \u0130nqilab Muradovu yenid\u0259n t\u0259ltif etdi - Antiterror t\u0259dbirl\u0259rind\u0259 d\u0259 xidm\u0259tl\u0259ri olub - Z\u0259rdab.com","og_description":"Prezident \u0130lham \u018fliyev Silahl\u0131 Q\u00fcvv\u0259l\u0259rin h\u0259rbi qulluq\u00e7ular\u0131 v\u0259 Daxili \u0130\u015fl\u0259r Nazirliyinin \u0259m\u0259kda\u015flar\u0131n\u0131n t\u0259ltif edilm\u0259si haqq\u0131nda S\u0259r\u0259ncam imzalay\u0131b. S\u0259r\u0259ncama \u0259sas\u0259n, Az\u0259rbaycan Respublikas\u0131n\u0131n \u0259razi b\u00fct\u00f6vl\u00fcy\u00fcn\u00fcn t\u0259min olunmas\u0131nda y\u00fcks\u0259k pe\u015f\u0259karl\u0131q, \u015f\u00fcca\u0259t v\u0259 m\u0259rdlik g\u00f6st\u0259rmi\u015f, \u00f6z xidm\u0259ti v\u0259zif\u0259l\u0259rini v\u0259 h\u0259rbi hiss\u0259 qar\u015f\u0131s\u0131nda qoyulmu\u015f tap\u015f\u0131r\u0131qlar\u0131 yerin\u0259 yetir\u0259rk\u0259n f\u0259rql\u0259nmi\u015f Az\u0259rbaycan Respublikas\u0131 Silahl\u0131 Q\u00fcvv\u0259l\u0259rinin h\u0259rbi qulluq\u00e7ular\u0131 v\u0259 Daxili \u0130\u015fl\u0259r Nazirliyinin \u0259m\u0259kda\u015flar\u0131 t\u0259ltif [&hellip;]","og_url":"https:\/\/www.zerdab.com\/?p=30347","og_site_name":"Z\u0259rdab.com","article_published_time":"2023-11-08T11:27:09+00:00","article_modified_time":"2023-11-08T12:58:10+00:00","og_image":[{"width":800,"height":499,"url":"https:\/\/www.zerdab.com\/wp-content\/uploads\/2023\/11\/Zerdab-inqilab-muradov.png","type":"image\/png"}],"author":"admin","twitter_card":"summary_large_image","twitter_misc":{"Written by":"admin","Est. reading time":"4 minutes"},"schema":{"@context":"https:\/\/schema.org","@graph":[{"@type":"Article","@id":"https:\/\/www.zerdab.com\/?p=30347#article","isPartOf":{"@id":"https:\/\/www.zerdab.com\/?p=30347"},"author":{"name":"admin","@id":"https:\/\/www.zerdab.com\/#\/schema\/person\/97079b7570c1e89ec0d9e138c3672136"},"headline":"Prezident h\u0259myerlimiz, general-mayor \u0130nqilab Muradovu yenid\u0259n t\u0259ltif etdi &#8211; Antiterror t\u0259dbirl\u0259rind\u0259 d\u0259 xidm\u0259tl\u0259ri olub","datePublished":"2023-11-08T11:27:09+00:00","dateModified":"2023-11-08T12:58:10+00:00","mainEntityOfPage":{"@id":"https:\/\/www.zerdab.com\/?p=30347"},"wordCount":749,"image":{"@id":"https:\/\/www.zerdab.com\/?p=30347#primaryimage"},"thumbnailUrl":"https:\/\/www.zerdab.com\/wp-content\/uploads\/2023\/11\/Zerdab-inqilab-muradov.png","articleSection":["MAN\u015eET","X\u018fB\u018fRL\u018fR"],"inLanguage":"az"},{"@type":"WebPage","@id":"https:\/\/www.zerdab.com\/?p=30347","url":"https:\/\/www.zerdab.com\/?p=30347","name":"Prezident h\u0259myerlimiz, general-mayor \u0130nqilab Muradovu yenid\u0259n t\u0259ltif etdi - Antiterror t\u0259dbirl\u0259rind\u0259 d\u0259 xidm\u0259tl\u0259ri olub - Z\u0259rdab.com","isPartOf":{"@id":"https:\/\/www.zerdab.com\/#website"},"primaryImageOfPage":{"@id":"https:\/\/www.zerdab.com\/?p=30347#primaryimage"},"image":{"@id":"https:\/\/www.zerdab.com\/?p=30347#primaryimage"},"thumbnailUrl":"https:\/\/www.zerdab.com\/wp-content\/uploads\/2023\/11\/Zerdab-inqilab-muradov.png","datePublished":"2023-11-08T11:27:09+00:00","dateModified":"2023-11-08T12:58:10+00:00","author":{"@id":"https:\/\/www.zerdab.com\/#\/schema\/person\/97079b7570c1e89ec0d9e138c3672136"},"breadcrumb":{"@id":"https:\/\/www.zerdab.com\/?p=30347#breadcrumb"},"inLanguage":"az","potentialAction":[{"@type":"ReadAction","target":["https:\/\/www.zerdab.com\/?p=30347"]}]},{"@type":"ImageObject","inLanguage":"az","@id":"https:\/\/www.zerdab.com\/?p=30347#primaryimage","url":"https:\/\/www.zerdab.com\/wp-content\/uploads\/2023\/11\/Zerdab-inqilab-muradov.png","contentUrl":"https:\/\/www.zerdab.com\/wp-content\/uploads\/2023\/11\/Zerdab-inqilab-muradov.png","width":800,"height":499,"caption":"Zerdab-inqilab-muradov"},{"@type":"BreadcrumbList","@id":"https:\/\/www.zerdab.com\/?p=30347#breadcrumb","itemListElement":[{"@type":"ListItem","position":1,"name":"Home","item":"https:\/\/www.zerdab.com\/"},{"@type":"ListItem","position":2,"name":"Prezident h\u0259myerlimiz, general-mayor \u0130nqilab Muradovu yenid\u0259n t\u0259ltif etdi &#8211; Antiterror t\u0259dbirl\u0259rind\u0259 d\u0259 xidm\u0259tl\u0259ri olub"}]},{"@type":"WebSite","@id":"https:\/\/www.zerdab.com\/#website","url":"https:\/\/www.zerdab.com\/","name":"Z\u0259rdab.com","description":"","potentialAction":[{"@type":"SearchAction","target":{"@type":"EntryPoint","urlTemplate":"https:\/\/www.zerdab.com\/?s={search_term_string}"},"query-input":{"@type":"PropertyValueSpecification","valueRequired":true,"valueName":"search_term_string"}}],"inLanguage":"az"},{"@type":"Person","@id":"https:\/\/www.zerdab.com\/#\/schema\/person\/97079b7570c1e89ec0d9e138c3672136","name":"admin","image":{"@type":"ImageObject","inLanguage":"az","@id":"https:\/\/www.zerdab.com\/#\/schema\/person\/image\/","url":"https:\/\/secure.gravatar.com\/avatar\/d9c52a9a27c32119cb6679a077fa3e2779e5f822c451cbf01098004361d466ec?s=96&d=mm&r=g","contentUrl":"https:\/\/secure.gravatar.com\/avatar\/d9c52a9a27c32119cb6679a077fa3e2779e5f822c451cbf01098004361d466ec?s=96&d=mm&r=g","caption":"admin"},"url":"https:\/\/www.zerdab.com\/?author=1"}]}},"_links":{"self":[{"href":"https:\/\/www.zerdab.com\/index.php?rest_route=\/wp\/v2\/posts\/30347","targetHints":{"allow":["GET"]}}],"collection":[{"href":"https:\/\/www.zerdab.com\/index.php?rest_route=\/wp\/v2\/posts"}],"about":[{"href":"https:\/\/www.zerdab.com\/index.php?rest_route=\/wp\/v2\/types\/post"}],"author":[{"embeddable":true,"href":"https:\/\/www.zerdab.com\/index.php?rest_route=\/wp\/v2\/users\/1"}],"replies":[{"embeddable":true,"href":"https:\/\/www.zerdab.com\/index.php?rest_route=%2Fwp%2Fv2%2Fcomments&post=30347"}],"version-history":[{"count":6,"href":"https:\/\/www.zerdab.com\/index.php?rest_route=\/wp\/v2\/posts\/30347\/revisions"}],"predecessor-version":[{"id":30354,"href":"https:\/\/www.zerdab.com\/index.php?rest_route=\/wp\/v2\/posts\/30347\/revisions\/30354"}],"wp:featuredmedia":[{"embeddable":true,"href":"https:\/\/www.zerdab.com\/index.php?rest_route=\/wp\/v2\/media\/30349"}],"wp:attachment":[{"href":"https:\/\/www.zerdab.com\/index.php?rest_route=%2Fwp%2Fv2%2Fmedia&parent=30347"}],"wp:term":[{"taxonomy":"category","embeddable":true,"href":"https:\/\/www.zerdab.com\/index.php?rest_route=%2Fwp%2Fv2%2Fcategories&post=30347"},{"taxonomy":"post_tag","embeddable":true,"href":"https:\/\/www.zerdab.com\/index.php?rest_route=%2Fwp%2Fv2%2Ftags&post=30347"}],"curies":[{"name":"wp","href":"https:\/\/api.w.org\/{rel}","templated":true}]}}