{"id":30364,"date":"2023-10-22T15:22:50","date_gmt":"2023-10-22T11:22:50","guid":{"rendered":"https:\/\/www.zerdab.com\/?p=30364"},"modified":"2023-11-09T15:38:29","modified_gmt":"2023-11-09T11:38:29","slug":"jal%c9%99-eliyeva-z%c9%99rdabda-novb%c9%99ti-d%c9%99f%c9%99-v%c9%99t%c9%99ndaslarin-q%c9%99bulu-kecirilib-fotolar","status":"publish","type":"post","link":"https:\/\/www.zerdab.com\/?p=30364","title":{"rendered":"Jal\u0259 \u018fliyeva Z\u0259rdabda n\u00f6vb\u0259ti d\u0259f\u0259 v\u0259t\u0259nda\u015f q\u0259bulu ke\u00e7irib &#8211; FOTOLAR"},"content":{"rendered":"<p>Milli m\u0259clisin deputat\u0131 Jal\u0259 \u018fliyeva t\u0259r\u0259find\u0259n Z\u0259rdabda n\u00f6vb\u0259ti d\u0259f\u0259 v\u0259t\u0259nda\u015flar\u0131n q\u0259bulu ke\u00e7irilib.<\/p>\n<p><strong>Zerdab.com<\/strong> sayt\u0131 x\u0259b\u0259r verir ki, Z\u0259rdab rayon Heyd\u0259r \u018fliyev M\u0259rk\u0259zind\u0259 ke\u00e7iril\u0259n g\u00f6r\u00fc\u015f zaman\u0131 50 n\u0259f\u0259r\u0259 yax\u0131n se\u00e7ici i\u015ftirak edib.<\/p>\n<p>V\u0259t\u0259nda\u015flar\u0131n q\u0259bulu zaman\u0131 se\u00e7icil\u0259rl\u0259 f\u0259rdi qaydada g\u00f6r\u00fc\u015f\u0259n mill\u0259t v\u0259kili onlar\u0131n m\u00fcraci\u0259t v\u0259 t\u0259klifl\u0259rini dinl\u0259yib, probleml\u0259ri il\u0259 maraqlan\u0131b.<\/p>\n<p>Se\u00e7icil\u0259r t\u0259r\u0259find\u0259n s\u0259sl\u0259ndiril\u0259n m\u00fcraci\u0259tl\u0259r \u0259sas\u0259n, m\u0259\u015f\u011fulluq, sosial m\u0259s\u0259l\u0259l\u0259r, bank kreditl\u0259ri v\u0259 m\u0259nzil-m\u0259i\u015f\u0259t \u015f\u0259raitinin yax\u015f\u0131la\u015fd\u0131r\u0131lmas\u0131 il\u0259 ba\u011fl\u0131 m\u0259s\u0259l\u0259l\u0259r olub.<\/p>\n<p>M\u00fcraci\u0259tl\u0259rin bir hiss\u0259si yerind\u0259c\u0259 h\u0259llini tap\u0131b, dig\u0259rl\u0259ri is\u0259 n\u0259zar\u0259t\u0259 g\u00f6t\u00fcr\u00fcl\u0259r\u0259k qanunvericiliy\u0259 uy\u011fun h\u0259ll edilm\u0259si \u00fc\u00e7\u00fcn aidiyy\u0259ti qurumlarla \u0259laq\u0259 yarad\u0131l\u0131b.<\/p>\n<p>Ke\u00e7\u0259n g\u00f6r\u00fc\u015fl\u0259rd\u0259 Jal\u0259 \u018fliyevaya i\u015f \u00fc\u00e7\u00fcn m\u00fcraci\u0259t ed\u0259n v\u0259t\u0259nda\u015flar\u0131n bir qismi i\u015fl\u0259 t\u0259min olunduqdan sonra bu g\u00fcn deputat Jal\u0259 \u018fliyevaya t\u0259\u015f\u0259kk\u00fcr \u00fc\u00e7\u00fcn q\u0259bula g\u0259libl\u0259r.<\/p>\n<p>V\u0259t\u0259nda\u015flar onlara g\u00f6st\u0259ril\u0259n diqq\u0259t v\u0259 qay\u011f\u0131ya g\u00f6r\u0259 Prezident \u0130lham \u018fliyev\u0259 v\u0259 Mill\u0259t v\u0259kilin\u0259 t\u0259\u015f\u0259kk\u00fcr edibl\u0259r.<\/p>\n<p><strong>Zerdab.com<\/strong><\/p>\n<div class=\"ts-grid-box content-wrapper\">\n<div class=\"post-content-area\">\n<div id=\"divContentCustomFormat\" class=\"entry-content post-media post-featured-image\">\n<p><img decoding=\"async\" class=\"customFirst\" src=\"https:\/\/cdn.saat24.az\/uploadedfiles\/custom\/2023\/10\/21\/1\/5748396b-d754-4456-b25c-68f79fd837f2\/e1f61d55-8ee8-4dc0-91b9-c21b2d3945c8.jpg\" \/><br \/>\n<img decoding=\"async\" class=\"customOther\" src=\"https:\/\/cdn.saat24.az\/uploadedfiles\/custom\/2023\/10\/21\/1\/ab32ca8c-361c-48f0-a202-f832df109ef8\/c6b2f2a3-a28b-4cfd-b19d-f41be98d7d35.jpg\" \/><br \/>\n<img decoding=\"async\" class=\"customOther\" src=\"https:\/\/cdn.saat24.az\/uploadedfiles\/custom\/2023\/10\/21\/1\/0ee562b2-ba92-4bfa-904c-9a00b5ba5320\/9561e9ba-efb4-4a05-97e0-387129b20e97.jpg\" \/><img decoding=\"async\" class=\"customOther\" src=\"https:\/\/cdn.saat24.az\/uploadedfiles\/custom\/2023\/10\/21\/1\/ea141ad4-5c57-4940-b12f-1fb6fdc49779\/10f9606d-8c15-4d00-9bed-bc16029ba935.jpg\" \/><img decoding=\"async\" class=\"customOther\" src=\"https:\/\/cdn.saat24.az\/uploadedfiles\/custom\/2023\/10\/21\/1\/686c6558-c702-495e-bc67-29b68286f8e5\/5717c3a9-fb53-4ffe-88f1-4697cf9fbd0f.jpg\" \/><\/p>\n<\/div>\n<\/div>\n<\/div>\n<div class=\"clearfix\"><\/div>\n","protected":false},"excerpt":{"rendered":"<p>Milli m\u0259clisin deputat\u0131 Jal\u0259 \u018fliyeva t\u0259r\u0259find\u0259n Z\u0259rdabda n\u00f6vb\u0259ti d\u0259f\u0259 v\u0259t\u0259nda\u015flar\u0131n q\u0259bulu ke\u00e7irilib. Zerdab.com sayt\u0131 x\u0259b\u0259r verir ki, Z\u0259rdab rayon Heyd\u0259r \u018fliyev M\u0259rk\u0259zind\u0259 ke\u00e7iril\u0259n g\u00f6r\u00fc\u015f zaman\u0131 50 n\u0259f\u0259r\u0259 yax\u0131n se\u00e7ici i\u015ftirak edib. V\u0259t\u0259nda\u015flar\u0131n q\u0259bulu zaman\u0131 se\u00e7icil\u0259rl\u0259 f\u0259rdi qaydada g\u00f6r\u00fc\u015f\u0259n mill\u0259t v\u0259kili onlar\u0131n m\u00fcraci\u0259t v\u0259 t\u0259klifl\u0259rini dinl\u0259yib, probleml\u0259ri il\u0259 maraqlan\u0131b. Se\u00e7icil\u0259r t\u0259r\u0259find\u0259n s\u0259sl\u0259ndiril\u0259n m\u00fcraci\u0259tl\u0259r \u0259sas\u0259n, m\u0259\u015f\u011fulluq, sosial [&hellip;]<\/p>\n","protected":false},"author":1,"featured_media":30365,"comment_status":"closed","ping_status":"closed","sticky":false,"template":"","format":"standard","meta":{"footnotes":""},"categories":[5],"tags":[],"class_list":{"0":"post-30364","1":"post","2":"type-post","3":"status-publish","4":"format-standard","5":"has-post-thumbnail","7":"category-knd"},"yoast_head":"<!-- This site is optimized with the Yoast SEO plugin v27.0 - https:\/\/yoast.com\/product\/yoast-seo-wordpress\/ -->\n<title>Jal\u0259 \u018fliyeva Z\u0259rdabda n\u00f6vb\u0259ti d\u0259f\u0259 v\u0259t\u0259nda\u015f q\u0259bulu ke\u00e7irib - FOTOLAR - Z\u0259rdab.com<\/title>\n<meta name=\"robots\" content=\"index, follow, max-snippet:-1, max-image-preview:large, max-video-preview:-1\" \/>\n<link rel=\"canonical\" href=\"https:\/\/www.zerdab.com\/?p=30364\" \/>\n<meta property=\"og:locale\" content=\"az_AZ\" \/>\n<meta property=\"og:type\" content=\"article\" \/>\n<meta property=\"og:title\" content=\"Jal\u0259 \u018fliyeva Z\u0259rdabda n\u00f6vb\u0259ti d\u0259f\u0259 v\u0259t\u0259nda\u015f q\u0259bulu ke\u00e7irib - FOTOLAR - Z\u0259rdab.com\" \/>\n<meta property=\"og:description\" content=\"Milli m\u0259clisin deputat\u0131 Jal\u0259 \u018fliyeva t\u0259r\u0259find\u0259n Z\u0259rdabda n\u00f6vb\u0259ti d\u0259f\u0259 v\u0259t\u0259nda\u015flar\u0131n q\u0259bulu ke\u00e7irilib. Zerdab.com sayt\u0131 x\u0259b\u0259r verir ki, Z\u0259rdab rayon Heyd\u0259r \u018fliyev M\u0259rk\u0259zind\u0259 ke\u00e7iril\u0259n g\u00f6r\u00fc\u015f zaman\u0131 50 n\u0259f\u0259r\u0259 yax\u0131n se\u00e7ici i\u015ftirak edib. V\u0259t\u0259nda\u015flar\u0131n q\u0259bulu zaman\u0131 se\u00e7icil\u0259rl\u0259 f\u0259rdi qaydada g\u00f6r\u00fc\u015f\u0259n mill\u0259t v\u0259kili onlar\u0131n m\u00fcraci\u0259t v\u0259 t\u0259klifl\u0259rini dinl\u0259yib, probleml\u0259ri il\u0259 maraqlan\u0131b. Se\u00e7icil\u0259r t\u0259r\u0259find\u0259n s\u0259sl\u0259ndiril\u0259n m\u00fcraci\u0259tl\u0259r \u0259sas\u0259n, m\u0259\u015f\u011fulluq, sosial [&hellip;]\" \/>\n<meta property=\"og:url\" content=\"https:\/\/www.zerdab.com\/?p=30364\" \/>\n<meta property=\"og:site_name\" content=\"Z\u0259rdab.com\" \/>\n<meta property=\"article:published_time\" content=\"2023-10-22T11:22:50+00:00\" \/>\n<meta property=\"article:modified_time\" content=\"2023-11-09T11:38:29+00:00\" \/>\n<meta property=\"og:image\" content=\"https:\/\/www.zerdab.com\/wp-content\/uploads\/2023\/11\/jale-eliyeva-milli-meclis-qebul-zerdab.jpg\" \/>\n\t<meta property=\"og:image:width\" content=\"1024\" \/>\n\t<meta property=\"og:image:height\" content=\"766\" \/>\n\t<meta property=\"og:image:type\" content=\"image\/jpeg\" \/>\n<meta name=\"author\" content=\"admin\" \/>\n<meta name=\"twitter:card\" content=\"summary_large_image\" \/>\n<meta name=\"twitter:label1\" content=\"Written by\" \/>\n\t<meta name=\"twitter:data1\" content=\"admin\" \/>\n\t<meta name=\"twitter:label2\" content=\"Est. reading time\" \/>\n\t<meta name=\"twitter:data2\" content=\"1 minute\" \/>\n<script type=\"application\/ld+json\" class=\"yoast-schema-graph\">{\"@context\":\"https:\/\/schema.org\",\"@graph\":[{\"@type\":\"Article\",\"@id\":\"https:\/\/www.zerdab.com\/?p=30364#article\",\"isPartOf\":{\"@id\":\"https:\/\/www.zerdab.com\/?p=30364\"},\"author\":{\"name\":\"admin\",\"@id\":\"https:\/\/www.zerdab.com\/#\/schema\/person\/97079b7570c1e89ec0d9e138c3672136\"},\"headline\":\"Jal\u0259 \u018fliyeva Z\u0259rdabda n\u00f6vb\u0259ti d\u0259f\u0259 v\u0259t\u0259nda\u015f q\u0259bulu ke\u00e7irib &#8211; FOTOLAR\",\"datePublished\":\"2023-10-22T11:22:50+00:00\",\"dateModified\":\"2023-11-09T11:38:29+00:00\",\"mainEntityOfPage\":{\"@id\":\"https:\/\/www.zerdab.com\/?p=30364\"},\"wordCount\":277,\"image\":{\"@id\":\"https:\/\/www.zerdab.com\/?p=30364#primaryimage\"},\"thumbnailUrl\":\"https:\/\/www.zerdab.com\/wp-content\/uploads\/2023\/11\/jale-eliyeva-milli-meclis-qebul-zerdab.jpg\",\"articleSection\":[\"X\u018fB\u018fRL\u018fR\"],\"inLanguage\":\"az\"},{\"@type\":\"WebPage\",\"@id\":\"https:\/\/www.zerdab.com\/?p=30364\",\"url\":\"https:\/\/www.zerdab.com\/?p=30364\",\"name\":\"Jal\u0259 \u018fliyeva Z\u0259rdabda n\u00f6vb\u0259ti d\u0259f\u0259 v\u0259t\u0259nda\u015f q\u0259bulu ke\u00e7irib - FOTOLAR - Z\u0259rdab.com\",\"isPartOf\":{\"@id\":\"https:\/\/www.zerdab.com\/#website\"},\"primaryImageOfPage\":{\"@id\":\"https:\/\/www.zerdab.com\/?p=30364#primaryimage\"},\"image\":{\"@id\":\"https:\/\/www.zerdab.com\/?p=30364#primaryimage\"},\"thumbnailUrl\":\"https:\/\/www.zerdab.com\/wp-content\/uploads\/2023\/11\/jale-eliyeva-milli-meclis-qebul-zerdab.jpg\",\"datePublished\":\"2023-10-22T11:22:50+00:00\",\"dateModified\":\"2023-11-09T11:38:29+00:00\",\"author\":{\"@id\":\"https:\/\/www.zerdab.com\/#\/schema\/person\/97079b7570c1e89ec0d9e138c3672136\"},\"breadcrumb\":{\"@id\":\"https:\/\/www.zerdab.com\/?p=30364#breadcrumb\"},\"inLanguage\":\"az\",\"potentialAction\":[{\"@type\":\"ReadAction\",\"target\":[\"https:\/\/www.zerdab.com\/?p=30364\"]}]},{\"@type\":\"ImageObject\",\"inLanguage\":\"az\",\"@id\":\"https:\/\/www.zerdab.com\/?p=30364#primaryimage\",\"url\":\"https:\/\/www.zerdab.com\/wp-content\/uploads\/2023\/11\/jale-eliyeva-milli-meclis-qebul-zerdab.jpg\",\"contentUrl\":\"https:\/\/www.zerdab.com\/wp-content\/uploads\/2023\/11\/jale-eliyeva-milli-meclis-qebul-zerdab.jpg\",\"width\":1024,\"height\":766,\"caption\":\"jale-eliyeva-milli-meclis-qebul-zerdab.png\"},{\"@type\":\"BreadcrumbList\",\"@id\":\"https:\/\/www.zerdab.com\/?p=30364#breadcrumb\",\"itemListElement\":[{\"@type\":\"ListItem\",\"position\":1,\"name\":\"Home\",\"item\":\"https:\/\/www.zerdab.com\/\"},{\"@type\":\"ListItem\",\"position\":2,\"name\":\"Jal\u0259 \u018fliyeva Z\u0259rdabda n\u00f6vb\u0259ti d\u0259f\u0259 v\u0259t\u0259nda\u015f q\u0259bulu ke\u00e7irib &#8211; FOTOLAR\"}]},{\"@type\":\"WebSite\",\"@id\":\"https:\/\/www.zerdab.com\/#website\",\"url\":\"https:\/\/www.zerdab.com\/\",\"name\":\"Z\u0259rdab.com\",\"description\":\"\",\"potentialAction\":[{\"@type\":\"SearchAction\",\"target\":{\"@type\":\"EntryPoint\",\"urlTemplate\":\"https:\/\/www.zerdab.com\/?s={search_term_string}\"},\"query-input\":{\"@type\":\"PropertyValueSpecification\",\"valueRequired\":true,\"valueName\":\"search_term_string\"}}],\"inLanguage\":\"az\"},{\"@type\":\"Person\",\"@id\":\"https:\/\/www.zerdab.com\/#\/schema\/person\/97079b7570c1e89ec0d9e138c3672136\",\"name\":\"admin\",\"image\":{\"@type\":\"ImageObject\",\"inLanguage\":\"az\",\"@id\":\"https:\/\/www.zerdab.com\/#\/schema\/person\/image\/\",\"url\":\"https:\/\/secure.gravatar.com\/avatar\/d9c52a9a27c32119cb6679a077fa3e2779e5f822c451cbf01098004361d466ec?s=96&d=mm&r=g\",\"contentUrl\":\"https:\/\/secure.gravatar.com\/avatar\/d9c52a9a27c32119cb6679a077fa3e2779e5f822c451cbf01098004361d466ec?s=96&d=mm&r=g\",\"caption\":\"admin\"},\"url\":\"https:\/\/www.zerdab.com\/?author=1\"}]}<\/script>\n<!-- \/ Yoast SEO plugin. -->","yoast_head_json":{"title":"Jal\u0259 \u018fliyeva Z\u0259rdabda n\u00f6vb\u0259ti d\u0259f\u0259 v\u0259t\u0259nda\u015f q\u0259bulu ke\u00e7irib - FOTOLAR - Z\u0259rdab.com","robots":{"index":"index","follow":"follow","max-snippet":"max-snippet:-1","max-image-preview":"max-image-preview:large","max-video-preview":"max-video-preview:-1"},"canonical":"https:\/\/www.zerdab.com\/?p=30364","og_locale":"az_AZ","og_type":"article","og_title":"Jal\u0259 \u018fliyeva Z\u0259rdabda n\u00f6vb\u0259ti d\u0259f\u0259 v\u0259t\u0259nda\u015f q\u0259bulu ke\u00e7irib - FOTOLAR - Z\u0259rdab.com","og_description":"Milli m\u0259clisin deputat\u0131 Jal\u0259 \u018fliyeva t\u0259r\u0259find\u0259n Z\u0259rdabda n\u00f6vb\u0259ti d\u0259f\u0259 v\u0259t\u0259nda\u015flar\u0131n q\u0259bulu ke\u00e7irilib. Zerdab.com sayt\u0131 x\u0259b\u0259r verir ki, Z\u0259rdab rayon Heyd\u0259r \u018fliyev M\u0259rk\u0259zind\u0259 ke\u00e7iril\u0259n g\u00f6r\u00fc\u015f zaman\u0131 50 n\u0259f\u0259r\u0259 yax\u0131n se\u00e7ici i\u015ftirak edib. V\u0259t\u0259nda\u015flar\u0131n q\u0259bulu zaman\u0131 se\u00e7icil\u0259rl\u0259 f\u0259rdi qaydada g\u00f6r\u00fc\u015f\u0259n mill\u0259t v\u0259kili onlar\u0131n m\u00fcraci\u0259t v\u0259 t\u0259klifl\u0259rini dinl\u0259yib, probleml\u0259ri il\u0259 maraqlan\u0131b. Se\u00e7icil\u0259r t\u0259r\u0259find\u0259n s\u0259sl\u0259ndiril\u0259n m\u00fcraci\u0259tl\u0259r \u0259sas\u0259n, m\u0259\u015f\u011fulluq, sosial [&hellip;]","og_url":"https:\/\/www.zerdab.com\/?p=30364","og_site_name":"Z\u0259rdab.com","article_published_time":"2023-10-22T11:22:50+00:00","article_modified_time":"2023-11-09T11:38:29+00:00","og_image":[{"width":1024,"height":766,"url":"https:\/\/www.zerdab.com\/wp-content\/uploads\/2023\/11\/jale-eliyeva-milli-meclis-qebul-zerdab.jpg","type":"image\/jpeg"}],"author":"admin","twitter_card":"summary_large_image","twitter_misc":{"Written by":"admin","Est. reading time":"1 minute"},"schema":{"@context":"https:\/\/schema.org","@graph":[{"@type":"Article","@id":"https:\/\/www.zerdab.com\/?p=30364#article","isPartOf":{"@id":"https:\/\/www.zerdab.com\/?p=30364"},"author":{"name":"admin","@id":"https:\/\/www.zerdab.com\/#\/schema\/person\/97079b7570c1e89ec0d9e138c3672136"},"headline":"Jal\u0259 \u018fliyeva Z\u0259rdabda n\u00f6vb\u0259ti d\u0259f\u0259 v\u0259t\u0259nda\u015f q\u0259bulu ke\u00e7irib &#8211; FOTOLAR","datePublished":"2023-10-22T11:22:50+00:00","dateModified":"2023-11-09T11:38:29+00:00","mainEntityOfPage":{"@id":"https:\/\/www.zerdab.com\/?p=30364"},"wordCount":277,"image":{"@id":"https:\/\/www.zerdab.com\/?p=30364#primaryimage"},"thumbnailUrl":"https:\/\/www.zerdab.com\/wp-content\/uploads\/2023\/11\/jale-eliyeva-milli-meclis-qebul-zerdab.jpg","articleSection":["X\u018fB\u018fRL\u018fR"],"inLanguage":"az"},{"@type":"WebPage","@id":"https:\/\/www.zerdab.com\/?p=30364","url":"https:\/\/www.zerdab.com\/?p=30364","name":"Jal\u0259 \u018fliyeva Z\u0259rdabda n\u00f6vb\u0259ti d\u0259f\u0259 v\u0259t\u0259nda\u015f q\u0259bulu ke\u00e7irib - FOTOLAR - Z\u0259rdab.com","isPartOf":{"@id":"https:\/\/www.zerdab.com\/#website"},"primaryImageOfPage":{"@id":"https:\/\/www.zerdab.com\/?p=30364#primaryimage"},"image":{"@id":"https:\/\/www.zerdab.com\/?p=30364#primaryimage"},"thumbnailUrl":"https:\/\/www.zerdab.com\/wp-content\/uploads\/2023\/11\/jale-eliyeva-milli-meclis-qebul-zerdab.jpg","datePublished":"2023-10-22T11:22:50+00:00","dateModified":"2023-11-09T11:38:29+00:00","author":{"@id":"https:\/\/www.zerdab.com\/#\/schema\/person\/97079b7570c1e89ec0d9e138c3672136"},"breadcrumb":{"@id":"https:\/\/www.zerdab.com\/?p=30364#breadcrumb"},"inLanguage":"az","potentialAction":[{"@type":"ReadAction","target":["https:\/\/www.zerdab.com\/?p=30364"]}]},{"@type":"ImageObject","inLanguage":"az","@id":"https:\/\/www.zerdab.com\/?p=30364#primaryimage","url":"https:\/\/www.zerdab.com\/wp-content\/uploads\/2023\/11\/jale-eliyeva-milli-meclis-qebul-zerdab.jpg","contentUrl":"https:\/\/www.zerdab.com\/wp-content\/uploads\/2023\/11\/jale-eliyeva-milli-meclis-qebul-zerdab.jpg","width":1024,"height":766,"caption":"jale-eliyeva-milli-meclis-qebul-zerdab.png"},{"@type":"BreadcrumbList","@id":"https:\/\/www.zerdab.com\/?p=30364#breadcrumb","itemListElement":[{"@type":"ListItem","position":1,"name":"Home","item":"https:\/\/www.zerdab.com\/"},{"@type":"ListItem","position":2,"name":"Jal\u0259 \u018fliyeva Z\u0259rdabda n\u00f6vb\u0259ti d\u0259f\u0259 v\u0259t\u0259nda\u015f q\u0259bulu ke\u00e7irib &#8211; FOTOLAR"}]},{"@type":"WebSite","@id":"https:\/\/www.zerdab.com\/#website","url":"https:\/\/www.zerdab.com\/","name":"Z\u0259rdab.com","description":"","potentialAction":[{"@type":"SearchAction","target":{"@type":"EntryPoint","urlTemplate":"https:\/\/www.zerdab.com\/?s={search_term_string}"},"query-input":{"@type":"PropertyValueSpecification","valueRequired":true,"valueName":"search_term_string"}}],"inLanguage":"az"},{"@type":"Person","@id":"https:\/\/www.zerdab.com\/#\/schema\/person\/97079b7570c1e89ec0d9e138c3672136","name":"admin","image":{"@type":"ImageObject","inLanguage":"az","@id":"https:\/\/www.zerdab.com\/#\/schema\/person\/image\/","url":"https:\/\/secure.gravatar.com\/avatar\/d9c52a9a27c32119cb6679a077fa3e2779e5f822c451cbf01098004361d466ec?s=96&d=mm&r=g","contentUrl":"https:\/\/secure.gravatar.com\/avatar\/d9c52a9a27c32119cb6679a077fa3e2779e5f822c451cbf01098004361d466ec?s=96&d=mm&r=g","caption":"admin"},"url":"https:\/\/www.zerdab.com\/?author=1"}]}},"_links":{"self":[{"href":"https:\/\/www.zerdab.com\/index.php?rest_route=\/wp\/v2\/posts\/30364","targetHints":{"allow":["GET"]}}],"collection":[{"href":"https:\/\/www.zerdab.com\/index.php?rest_route=\/wp\/v2\/posts"}],"about":[{"href":"https:\/\/www.zerdab.com\/index.php?rest_route=\/wp\/v2\/types\/post"}],"author":[{"embeddable":true,"href":"https:\/\/www.zerdab.com\/index.php?rest_route=\/wp\/v2\/users\/1"}],"replies":[{"embeddable":true,"href":"https:\/\/www.zerdab.com\/index.php?rest_route=%2Fwp%2Fv2%2Fcomments&post=30364"}],"version-history":[{"count":2,"href":"https:\/\/www.zerdab.com\/index.php?rest_route=\/wp\/v2\/posts\/30364\/revisions"}],"predecessor-version":[{"id":30370,"href":"https:\/\/www.zerdab.com\/index.php?rest_route=\/wp\/v2\/posts\/30364\/revisions\/30370"}],"wp:featuredmedia":[{"embeddable":true,"href":"https:\/\/www.zerdab.com\/index.php?rest_route=\/wp\/v2\/media\/30365"}],"wp:attachment":[{"href":"https:\/\/www.zerdab.com\/index.php?rest_route=%2Fwp%2Fv2%2Fmedia&parent=30364"}],"wp:term":[{"taxonomy":"category","embeddable":true,"href":"https:\/\/www.zerdab.com\/index.php?rest_route=%2Fwp%2Fv2%2Fcategories&post=30364"},{"taxonomy":"post_tag","embeddable":true,"href":"https:\/\/www.zerdab.com\/index.php?rest_route=%2Fwp%2Fv2%2Ftags&post=30364"}],"curies":[{"name":"wp","href":"https:\/\/api.w.org\/{rel}","templated":true}]}}