{"id":30375,"date":"2023-11-13T13:56:14","date_gmt":"2023-11-13T09:56:14","guid":{"rendered":"https:\/\/www.zerdab.com\/?p=30375"},"modified":"2023-11-13T14:00:44","modified_gmt":"2023-11-13T10:00:44","slug":"prezident-administrasiyasinin-r%c9%99hb%c9%99ri-%c9%99sl%c9%99n-z%c9%99rdab-rayonundan-olan-samir-nuriyev","status":"publish","type":"post","link":"https:\/\/www.zerdab.com\/?p=30375","title":{"rendered":"Prezident Administrasiyas\u0131n\u0131n r\u0259hb\u0259ri, \u0259sl\u0259n Z\u0259rdab rayonundan olan Samir Nuriyevi tan\u0131yaq&#8230;"},"content":{"rendered":"<p><strong>Prezident Administrasiyas\u0131n\u0131n r<\/strong><strong>\u0259<\/strong><strong>hb<\/strong><strong>\u0259<\/strong><strong>ri, <\/strong><strong>\u0259<\/strong><strong>sl<\/strong><strong>\u0259<\/strong><strong>n Z<\/strong><strong>\u0259<\/strong><strong>rdab rayonunun N<\/strong><strong>\u0259<\/strong><strong>z<\/strong><strong>\u0259<\/strong><strong>ral\u0131 k<\/strong><strong>\u0259<\/strong><strong>ndind<\/strong><strong>\u0259<\/strong><strong>n olan Samir Nuriyev&#8230; <\/strong><\/p>\n<p>Samir Rafiq o\u011flu Nuriyev 1975-ci il mart\u0131n 9-da Bak\u0131 \u015f\u0259h\u0259rind\u0259 anadan olub.<\/p>\n<p>1981-1991-ci ill\u0259rd\u0259 Bak\u0131 \u015f\u0259h\u0259rind\u0259ki 225 sayl\u0131 orta m\u0259kt\u0259bd\u0259 t\u0259hsil al\u0131b. 1996-c\u0131 ild\u0259 Az\u0259rbaycan Texniki Universitetinin M\u00fch\u0259ndis biznesi v\u0259 menecment fak\u00fclt\u0259sini m\u00fch\u0259ndis-iqtisad\u00e7\u0131 ixtisas\u0131 \u00fczr\u0259 f\u0259rql\u0259nm\u0259 diplomu il\u0259 bitirib.<\/p>\n<p>1996-2003-c\u00fc ill\u0259rd\u0259 m\u00fcxt\u0259lif \u00f6z\u0259l \u015firk\u0259tl\u0259rd\u0259 \u00e7al\u0131\u015f\u0131b, h\u0259m\u00e7inin 2000-2001-ci ill\u0259rd\u0259 BMT-nin \u0130nki\u015faf Proqram\u0131n\u0131n Az\u0259rbaycandak\u0131 N\u00fcmay\u0259nd\u0259liyind\u0259 \u201cAz\u0259rbaycanda ki\u00e7ik v\u0259 orta \u00f6z\u0259l m\u00fc\u0259ssis\u0259l\u0259rin inki\u015faf\u0131na yard\u0131m\u201d layih\u0259si \u00fczr\u0259 m\u0259sl\u0259h\u0259t\u00e7i olub.<\/p>\n<p>2003-2005-ci ill\u0259rd\u0259 Amerika Birl\u0259\u015fmi\u015f \u015etatlar\u0131n\u0131n Dyuk Universitetind\u0259 (Duke University) t\u0259hsil al\u0131b v\u0259 beyn\u0259lxalq inki\u015faf siyas\u0259ti ixtisas\u0131 \u00fczr\u0259 magistr d\u0259r\u0259c\u0259si al\u0131b.<\/p>\n<p>2006-c\u0131 ild\u0259n 2009-cu il\u0259d\u0259k Az\u0259rbaycan Respublikas\u0131n\u0131n \u0130qtisadi \u0130nki\u015faf Nazirliyind\u0259 \u00e7al\u0131\u015f\u0131b, \u0259vv\u0259lc\u0259 Sahibkarl\u0131\u011f\u0131n \u0130nki\u015faf\u0131 Departamentinin direktor m\u00fcavini, direktoru, daha sonra is\u0259 nazirliyin Sahibkarl\u0131\u011f\u0131n inki\u015faf\u0131 siyas\u0259ti \u015f\u00f6b\u0259sinin m\u00fcdiri v\u0259zif\u0259l\u0259rind\u0259 i\u015fl\u0259yib.<\/p>\n<p>Az\u0259rbaycan Respublikas\u0131 Prezidentinin m\u00fcvafiq S\u0259r\u0259ncamlar\u0131na \u0259sas\u0259n, 2009-2013-c\u00fc ill\u0259rd\u0259 Az\u0259rbaycan Respublikas\u0131n\u0131n Nazirl\u0259r Kabineti yan\u0131nda \u201c\u0130\u00e7\u0259ri\u015f\u0259h\u0259r\u201d D\u00f6vl\u0259t Tarix-Memarl\u0131q Qoru\u011fu \u0130dar\u0259sinin r\u0259is m\u00fcavini, 2013-2016-c\u0131 ill\u0259rd\u0259 is\u0259 h\u0259min idar\u0259nin r\u0259isi olub.<\/p>\n<p>D\u00f6vl\u0259t ba\u015f\u00e7\u0131s\u0131n\u0131n m\u00fcvafiq S\u0259r\u0259ncamlar\u0131na \u0259sas\u0259n, 2016-2018-ci ill\u0259rd\u0259 M\u0259nzil \u0130n\u015faat\u0131 D\u00f6vl\u0259t Agentliyin\u0259 r\u0259hb\u0259rlik edib.<\/p>\n<p>2018-ci ild\u0259n 2019-cu ilin noyabr\u0131nad\u0259k Az\u0259rbaycan Respublikas\u0131n\u0131n D\u00f6vl\u0259t \u015e\u0259h\u0259rsalma v\u0259 Arxitektura Komit\u0259sinin s\u0259dri olub.<\/p>\n<p>Az\u0259rbaycan Respublikas\u0131 Prezidentinin 2019-cu il 1 noyabr tarixli S\u0259r\u0259ncam\u0131 il\u0259 Az\u0259rbaycan Respublikas\u0131 Prezidentinin Administrasiyas\u0131n\u0131n r\u0259hb\u0259ri t\u0259yin edilib.<\/p>\n<p>Az\u0259rbaycan, rus, ingilis v\u0259 t\u00fcrk dill\u0259rini bilir.<\/p>\n<p>Evlidir. \u00dc\u00e7 \u00f6vlad\u0131 var.<\/p>\n<p>Samir m\u00fc\u0259llim\u0259 bu \u00e7\u0259tin v\u0259 m\u0259suliyy\u0259tli i\u015find\u0259 u\u011furlar arzulay\u0131r\u0131q.<\/p>\n<p><strong>Zerdab.com<\/strong><\/p>\n","protected":false},"excerpt":{"rendered":"<p>Prezident Administrasiyas\u0131n\u0131n r\u0259hb\u0259ri, \u0259sl\u0259n Z\u0259rdab rayonunun N\u0259z\u0259ral\u0131 k\u0259ndind\u0259n olan Samir Nuriyev&#8230; Samir Rafiq o\u011flu Nuriyev 1975-ci il mart\u0131n 9-da Bak\u0131 \u015f\u0259h\u0259rind\u0259 anadan olub. 1981-1991-ci ill\u0259rd\u0259 Bak\u0131 \u015f\u0259h\u0259rind\u0259ki 225 sayl\u0131 orta m\u0259kt\u0259bd\u0259 t\u0259hsil al\u0131b. 1996-c\u0131 ild\u0259 Az\u0259rbaycan Texniki Universitetinin M\u00fch\u0259ndis biznesi v\u0259 menecment fak\u00fclt\u0259sini m\u00fch\u0259ndis-iqtisad\u00e7\u0131 ixtisas\u0131 \u00fczr\u0259 f\u0259rql\u0259nm\u0259 diplomu il\u0259 bitirib. 1996-2003-c\u00fc ill\u0259rd\u0259 m\u00fcxt\u0259lif \u00f6z\u0259l \u015firk\u0259tl\u0259rd\u0259 [&hellip;]<\/p>\n","protected":false},"author":1,"featured_media":30376,"comment_status":"closed","ping_status":"closed","sticky":false,"template":"","format":"standard","meta":{"footnotes":""},"categories":[7,63],"tags":[],"class_list":{"0":"post-30375","1":"post","2":"type-post","3":"status-publish","4":"format-standard","5":"has-post-thumbnail","7":"category-ziyalilar","8":"category-manset"},"yoast_head":"<!-- This site is optimized with the Yoast SEO plugin v27.0 - https:\/\/yoast.com\/product\/yoast-seo-wordpress\/ -->\n<title>Prezident Administrasiyas\u0131n\u0131n r\u0259hb\u0259ri, \u0259sl\u0259n Z\u0259rdab rayonundan olan Samir Nuriyevi tan\u0131yaq... - Z\u0259rdab.com<\/title>\n<meta name=\"robots\" content=\"index, follow, max-snippet:-1, max-image-preview:large, max-video-preview:-1\" \/>\n<link rel=\"canonical\" href=\"https:\/\/www.zerdab.com\/?p=30375\" \/>\n<meta property=\"og:locale\" content=\"az_AZ\" \/>\n<meta property=\"og:type\" content=\"article\" \/>\n<meta property=\"og:title\" content=\"Prezident Administrasiyas\u0131n\u0131n r\u0259hb\u0259ri, \u0259sl\u0259n Z\u0259rdab rayonundan olan Samir Nuriyevi tan\u0131yaq... - Z\u0259rdab.com\" \/>\n<meta property=\"og:description\" content=\"Prezident Administrasiyas\u0131n\u0131n r\u0259hb\u0259ri, \u0259sl\u0259n Z\u0259rdab rayonunun N\u0259z\u0259ral\u0131 k\u0259ndind\u0259n olan Samir Nuriyev&#8230; Samir Rafiq o\u011flu Nuriyev 1975-ci il mart\u0131n 9-da Bak\u0131 \u015f\u0259h\u0259rind\u0259 anadan olub. 1981-1991-ci ill\u0259rd\u0259 Bak\u0131 \u015f\u0259h\u0259rind\u0259ki 225 sayl\u0131 orta m\u0259kt\u0259bd\u0259 t\u0259hsil al\u0131b. 1996-c\u0131 ild\u0259 Az\u0259rbaycan Texniki Universitetinin M\u00fch\u0259ndis biznesi v\u0259 menecment fak\u00fclt\u0259sini m\u00fch\u0259ndis-iqtisad\u00e7\u0131 ixtisas\u0131 \u00fczr\u0259 f\u0259rql\u0259nm\u0259 diplomu il\u0259 bitirib. 1996-2003-c\u00fc ill\u0259rd\u0259 m\u00fcxt\u0259lif \u00f6z\u0259l \u015firk\u0259tl\u0259rd\u0259 [&hellip;]\" \/>\n<meta property=\"og:url\" content=\"https:\/\/www.zerdab.com\/?p=30375\" \/>\n<meta property=\"og:site_name\" content=\"Z\u0259rdab.com\" \/>\n<meta property=\"article:published_time\" content=\"2023-11-13T09:56:14+00:00\" \/>\n<meta property=\"article:modified_time\" content=\"2023-11-13T10:00:44+00:00\" \/>\n<meta property=\"og:image\" content=\"https:\/\/www.zerdab.com\/wp-content\/uploads\/2023\/11\/samir-nuriyev-zerdab.jpg\" \/>\n\t<meta property=\"og:image:width\" content=\"960\" \/>\n\t<meta property=\"og:image:height\" content=\"960\" \/>\n\t<meta property=\"og:image:type\" content=\"image\/jpeg\" \/>\n<meta name=\"author\" content=\"admin\" \/>\n<meta name=\"twitter:card\" content=\"summary_large_image\" \/>\n<meta name=\"twitter:label1\" content=\"Written by\" \/>\n\t<meta name=\"twitter:data1\" content=\"admin\" \/>\n\t<meta name=\"twitter:label2\" content=\"Est. reading time\" \/>\n\t<meta name=\"twitter:data2\" content=\"2 minutes\" \/>\n<script type=\"application\/ld+json\" class=\"yoast-schema-graph\">{\"@context\":\"https:\/\/schema.org\",\"@graph\":[{\"@type\":\"Article\",\"@id\":\"https:\/\/www.zerdab.com\/?p=30375#article\",\"isPartOf\":{\"@id\":\"https:\/\/www.zerdab.com\/?p=30375\"},\"author\":{\"name\":\"admin\",\"@id\":\"https:\/\/www.zerdab.com\/#\/schema\/person\/97079b7570c1e89ec0d9e138c3672136\"},\"headline\":\"Prezident Administrasiyas\u0131n\u0131n r\u0259hb\u0259ri, \u0259sl\u0259n Z\u0259rdab rayonundan olan Samir Nuriyevi tan\u0131yaq&#8230;\",\"datePublished\":\"2023-11-13T09:56:14+00:00\",\"dateModified\":\"2023-11-13T10:00:44+00:00\",\"mainEntityOfPage\":{\"@id\":\"https:\/\/www.zerdab.com\/?p=30375\"},\"wordCount\":405,\"image\":{\"@id\":\"https:\/\/www.zerdab.com\/?p=30375#primaryimage\"},\"thumbnailUrl\":\"https:\/\/www.zerdab.com\/wp-content\/uploads\/2023\/11\/samir-nuriyev-zerdab.jpg\",\"articleSection\":[\"F\u018fXRL\u018fR\u0130M\u0130Z\",\"MAN\u015eET\"],\"inLanguage\":\"az\"},{\"@type\":\"WebPage\",\"@id\":\"https:\/\/www.zerdab.com\/?p=30375\",\"url\":\"https:\/\/www.zerdab.com\/?p=30375\",\"name\":\"Prezident Administrasiyas\u0131n\u0131n r\u0259hb\u0259ri, \u0259sl\u0259n Z\u0259rdab rayonundan olan Samir Nuriyevi tan\u0131yaq... - Z\u0259rdab.com\",\"isPartOf\":{\"@id\":\"https:\/\/www.zerdab.com\/#website\"},\"primaryImageOfPage\":{\"@id\":\"https:\/\/www.zerdab.com\/?p=30375#primaryimage\"},\"image\":{\"@id\":\"https:\/\/www.zerdab.com\/?p=30375#primaryimage\"},\"thumbnailUrl\":\"https:\/\/www.zerdab.com\/wp-content\/uploads\/2023\/11\/samir-nuriyev-zerdab.jpg\",\"datePublished\":\"2023-11-13T09:56:14+00:00\",\"dateModified\":\"2023-11-13T10:00:44+00:00\",\"author\":{\"@id\":\"https:\/\/www.zerdab.com\/#\/schema\/person\/97079b7570c1e89ec0d9e138c3672136\"},\"breadcrumb\":{\"@id\":\"https:\/\/www.zerdab.com\/?p=30375#breadcrumb\"},\"inLanguage\":\"az\",\"potentialAction\":[{\"@type\":\"ReadAction\",\"target\":[\"https:\/\/www.zerdab.com\/?p=30375\"]}]},{\"@type\":\"ImageObject\",\"inLanguage\":\"az\",\"@id\":\"https:\/\/www.zerdab.com\/?p=30375#primaryimage\",\"url\":\"https:\/\/www.zerdab.com\/wp-content\/uploads\/2023\/11\/samir-nuriyev-zerdab.jpg\",\"contentUrl\":\"https:\/\/www.zerdab.com\/wp-content\/uploads\/2023\/11\/samir-nuriyev-zerdab.jpg\",\"width\":960,\"height\":960,\"caption\":\"samir-nuriyev-zerdab.png\"},{\"@type\":\"BreadcrumbList\",\"@id\":\"https:\/\/www.zerdab.com\/?p=30375#breadcrumb\",\"itemListElement\":[{\"@type\":\"ListItem\",\"position\":1,\"name\":\"Home\",\"item\":\"https:\/\/www.zerdab.com\/\"},{\"@type\":\"ListItem\",\"position\":2,\"name\":\"Prezident Administrasiyas\u0131n\u0131n r\u0259hb\u0259ri, \u0259sl\u0259n Z\u0259rdab rayonundan olan Samir Nuriyevi tan\u0131yaq&#8230;\"}]},{\"@type\":\"WebSite\",\"@id\":\"https:\/\/www.zerdab.com\/#website\",\"url\":\"https:\/\/www.zerdab.com\/\",\"name\":\"Z\u0259rdab.com\",\"description\":\"\",\"potentialAction\":[{\"@type\":\"SearchAction\",\"target\":{\"@type\":\"EntryPoint\",\"urlTemplate\":\"https:\/\/www.zerdab.com\/?s={search_term_string}\"},\"query-input\":{\"@type\":\"PropertyValueSpecification\",\"valueRequired\":true,\"valueName\":\"search_term_string\"}}],\"inLanguage\":\"az\"},{\"@type\":\"Person\",\"@id\":\"https:\/\/www.zerdab.com\/#\/schema\/person\/97079b7570c1e89ec0d9e138c3672136\",\"name\":\"admin\",\"image\":{\"@type\":\"ImageObject\",\"inLanguage\":\"az\",\"@id\":\"https:\/\/www.zerdab.com\/#\/schema\/person\/image\/\",\"url\":\"https:\/\/secure.gravatar.com\/avatar\/d9c52a9a27c32119cb6679a077fa3e2779e5f822c451cbf01098004361d466ec?s=96&d=mm&r=g\",\"contentUrl\":\"https:\/\/secure.gravatar.com\/avatar\/d9c52a9a27c32119cb6679a077fa3e2779e5f822c451cbf01098004361d466ec?s=96&d=mm&r=g\",\"caption\":\"admin\"},\"url\":\"https:\/\/www.zerdab.com\/?author=1\"}]}<\/script>\n<!-- \/ Yoast SEO plugin. -->","yoast_head_json":{"title":"Prezident Administrasiyas\u0131n\u0131n r\u0259hb\u0259ri, \u0259sl\u0259n Z\u0259rdab rayonundan olan Samir Nuriyevi tan\u0131yaq... - Z\u0259rdab.com","robots":{"index":"index","follow":"follow","max-snippet":"max-snippet:-1","max-image-preview":"max-image-preview:large","max-video-preview":"max-video-preview:-1"},"canonical":"https:\/\/www.zerdab.com\/?p=30375","og_locale":"az_AZ","og_type":"article","og_title":"Prezident Administrasiyas\u0131n\u0131n r\u0259hb\u0259ri, \u0259sl\u0259n Z\u0259rdab rayonundan olan Samir Nuriyevi tan\u0131yaq... - Z\u0259rdab.com","og_description":"Prezident Administrasiyas\u0131n\u0131n r\u0259hb\u0259ri, \u0259sl\u0259n Z\u0259rdab rayonunun N\u0259z\u0259ral\u0131 k\u0259ndind\u0259n olan Samir Nuriyev&#8230; Samir Rafiq o\u011flu Nuriyev 1975-ci il mart\u0131n 9-da Bak\u0131 \u015f\u0259h\u0259rind\u0259 anadan olub. 1981-1991-ci ill\u0259rd\u0259 Bak\u0131 \u015f\u0259h\u0259rind\u0259ki 225 sayl\u0131 orta m\u0259kt\u0259bd\u0259 t\u0259hsil al\u0131b. 1996-c\u0131 ild\u0259 Az\u0259rbaycan Texniki Universitetinin M\u00fch\u0259ndis biznesi v\u0259 menecment fak\u00fclt\u0259sini m\u00fch\u0259ndis-iqtisad\u00e7\u0131 ixtisas\u0131 \u00fczr\u0259 f\u0259rql\u0259nm\u0259 diplomu il\u0259 bitirib. 1996-2003-c\u00fc ill\u0259rd\u0259 m\u00fcxt\u0259lif \u00f6z\u0259l \u015firk\u0259tl\u0259rd\u0259 [&hellip;]","og_url":"https:\/\/www.zerdab.com\/?p=30375","og_site_name":"Z\u0259rdab.com","article_published_time":"2023-11-13T09:56:14+00:00","article_modified_time":"2023-11-13T10:00:44+00:00","og_image":[{"width":960,"height":960,"url":"https:\/\/www.zerdab.com\/wp-content\/uploads\/2023\/11\/samir-nuriyev-zerdab.jpg","type":"image\/jpeg"}],"author":"admin","twitter_card":"summary_large_image","twitter_misc":{"Written by":"admin","Est. reading time":"2 minutes"},"schema":{"@context":"https:\/\/schema.org","@graph":[{"@type":"Article","@id":"https:\/\/www.zerdab.com\/?p=30375#article","isPartOf":{"@id":"https:\/\/www.zerdab.com\/?p=30375"},"author":{"name":"admin","@id":"https:\/\/www.zerdab.com\/#\/schema\/person\/97079b7570c1e89ec0d9e138c3672136"},"headline":"Prezident Administrasiyas\u0131n\u0131n r\u0259hb\u0259ri, \u0259sl\u0259n Z\u0259rdab rayonundan olan Samir Nuriyevi tan\u0131yaq&#8230;","datePublished":"2023-11-13T09:56:14+00:00","dateModified":"2023-11-13T10:00:44+00:00","mainEntityOfPage":{"@id":"https:\/\/www.zerdab.com\/?p=30375"},"wordCount":405,"image":{"@id":"https:\/\/www.zerdab.com\/?p=30375#primaryimage"},"thumbnailUrl":"https:\/\/www.zerdab.com\/wp-content\/uploads\/2023\/11\/samir-nuriyev-zerdab.jpg","articleSection":["F\u018fXRL\u018fR\u0130M\u0130Z","MAN\u015eET"],"inLanguage":"az"},{"@type":"WebPage","@id":"https:\/\/www.zerdab.com\/?p=30375","url":"https:\/\/www.zerdab.com\/?p=30375","name":"Prezident Administrasiyas\u0131n\u0131n r\u0259hb\u0259ri, \u0259sl\u0259n Z\u0259rdab rayonundan olan Samir Nuriyevi tan\u0131yaq... - Z\u0259rdab.com","isPartOf":{"@id":"https:\/\/www.zerdab.com\/#website"},"primaryImageOfPage":{"@id":"https:\/\/www.zerdab.com\/?p=30375#primaryimage"},"image":{"@id":"https:\/\/www.zerdab.com\/?p=30375#primaryimage"},"thumbnailUrl":"https:\/\/www.zerdab.com\/wp-content\/uploads\/2023\/11\/samir-nuriyev-zerdab.jpg","datePublished":"2023-11-13T09:56:14+00:00","dateModified":"2023-11-13T10:00:44+00:00","author":{"@id":"https:\/\/www.zerdab.com\/#\/schema\/person\/97079b7570c1e89ec0d9e138c3672136"},"breadcrumb":{"@id":"https:\/\/www.zerdab.com\/?p=30375#breadcrumb"},"inLanguage":"az","potentialAction":[{"@type":"ReadAction","target":["https:\/\/www.zerdab.com\/?p=30375"]}]},{"@type":"ImageObject","inLanguage":"az","@id":"https:\/\/www.zerdab.com\/?p=30375#primaryimage","url":"https:\/\/www.zerdab.com\/wp-content\/uploads\/2023\/11\/samir-nuriyev-zerdab.jpg","contentUrl":"https:\/\/www.zerdab.com\/wp-content\/uploads\/2023\/11\/samir-nuriyev-zerdab.jpg","width":960,"height":960,"caption":"samir-nuriyev-zerdab.png"},{"@type":"BreadcrumbList","@id":"https:\/\/www.zerdab.com\/?p=30375#breadcrumb","itemListElement":[{"@type":"ListItem","position":1,"name":"Home","item":"https:\/\/www.zerdab.com\/"},{"@type":"ListItem","position":2,"name":"Prezident Administrasiyas\u0131n\u0131n r\u0259hb\u0259ri, \u0259sl\u0259n Z\u0259rdab rayonundan olan Samir Nuriyevi tan\u0131yaq&#8230;"}]},{"@type":"WebSite","@id":"https:\/\/www.zerdab.com\/#website","url":"https:\/\/www.zerdab.com\/","name":"Z\u0259rdab.com","description":"","potentialAction":[{"@type":"SearchAction","target":{"@type":"EntryPoint","urlTemplate":"https:\/\/www.zerdab.com\/?s={search_term_string}"},"query-input":{"@type":"PropertyValueSpecification","valueRequired":true,"valueName":"search_term_string"}}],"inLanguage":"az"},{"@type":"Person","@id":"https:\/\/www.zerdab.com\/#\/schema\/person\/97079b7570c1e89ec0d9e138c3672136","name":"admin","image":{"@type":"ImageObject","inLanguage":"az","@id":"https:\/\/www.zerdab.com\/#\/schema\/person\/image\/","url":"https:\/\/secure.gravatar.com\/avatar\/d9c52a9a27c32119cb6679a077fa3e2779e5f822c451cbf01098004361d466ec?s=96&d=mm&r=g","contentUrl":"https:\/\/secure.gravatar.com\/avatar\/d9c52a9a27c32119cb6679a077fa3e2779e5f822c451cbf01098004361d466ec?s=96&d=mm&r=g","caption":"admin"},"url":"https:\/\/www.zerdab.com\/?author=1"}]}},"_links":{"self":[{"href":"https:\/\/www.zerdab.com\/index.php?rest_route=\/wp\/v2\/posts\/30375","targetHints":{"allow":["GET"]}}],"collection":[{"href":"https:\/\/www.zerdab.com\/index.php?rest_route=\/wp\/v2\/posts"}],"about":[{"href":"https:\/\/www.zerdab.com\/index.php?rest_route=\/wp\/v2\/types\/post"}],"author":[{"embeddable":true,"href":"https:\/\/www.zerdab.com\/index.php?rest_route=\/wp\/v2\/users\/1"}],"replies":[{"embeddable":true,"href":"https:\/\/www.zerdab.com\/index.php?rest_route=%2Fwp%2Fv2%2Fcomments&post=30375"}],"version-history":[{"count":2,"href":"https:\/\/www.zerdab.com\/index.php?rest_route=\/wp\/v2\/posts\/30375\/revisions"}],"predecessor-version":[{"id":30378,"href":"https:\/\/www.zerdab.com\/index.php?rest_route=\/wp\/v2\/posts\/30375\/revisions\/30378"}],"wp:featuredmedia":[{"embeddable":true,"href":"https:\/\/www.zerdab.com\/index.php?rest_route=\/wp\/v2\/media\/30376"}],"wp:attachment":[{"href":"https:\/\/www.zerdab.com\/index.php?rest_route=%2Fwp%2Fv2%2Fmedia&parent=30375"}],"wp:term":[{"taxonomy":"category","embeddable":true,"href":"https:\/\/www.zerdab.com\/index.php?rest_route=%2Fwp%2Fv2%2Fcategories&post=30375"},{"taxonomy":"post_tag","embeddable":true,"href":"https:\/\/www.zerdab.com\/index.php?rest_route=%2Fwp%2Fv2%2Ftags&post=30375"}],"curies":[{"name":"wp","href":"https:\/\/api.w.org\/{rel}","templated":true}]}}