{"id":30394,"date":"2023-11-18T15:08:59","date_gmt":"2023-11-18T11:08:59","guid":{"rendered":"https:\/\/www.zerdab.com\/?p=30394"},"modified":"2024-07-03T15:36:37","modified_gmt":"2024-07-03T11:36:37","slug":"ilk-z%c9%99rdabli-prokuror-faiq-allahverdiyev-baki-s%c9%99h%c9%99ri-v%c9%99-respublika-prokurorlugunda-r%c9%99hb%c9%99r-v%c9%99zif%c9%99l%c9%99rd%c9%99-calisib","status":"publish","type":"post","link":"https:\/\/www.zerdab.com\/?p=30394","title":{"rendered":"\u0130lk Z\u0259rdabl\u0131 prokuror&#8230; &#8211; Faiq Allahverdiyev Bak\u0131 \u015e\u0259h\u0259ri v\u0259 Respublika Prokurorlu\u011funda r\u0259hb\u0259r v\u0259zif\u0259l\u0259rd\u0259 \u00e7al\u0131\u015f\u0131b"},"content":{"rendered":"<p><strong>Faiq Allahverdiyev<\/strong> Z\u0259rdab\u0131n tarixin\u0259 bu rayondan olan ilk prokuror kimi d\u00fc\u015f\u00fcb. O, Az\u0259rbaycan\u0131n \u018fm\u0259kdar H\u00fcquq\u015f\u00fcnas\u0131, Prokurorlu\u011fun F\u0259xri \u0130\u015f\u00e7isi, Ba\u015f \u018fdliyy\u0259 M\u00fc\u015faviri idi.<\/p>\n<p>Z\u0259rdab\u0131m\u0131zda \u00e7ox tan\u0131nm\u0131\u015f, ziyal\u0131 bir n\u0259slin yetirm\u0259si idi Faiq Allahverdiyev. Tan\u0131\u015fl\u0131q \u00fc\u00e7\u00fcn bildir\u0259k ki, Faiq Allahverdiyev \u0259sl\u0259n Z\u0259rdab rayonunun K\u00f6rp\u00fck\u0259nd k\u0259ndind\u0259n olan \u2013 Z\u0259rdabl\u0131lar\u0131n \u00e7ox yax\u015f\u0131 tan\u0131d\u0131qlar\u0131 akademik <strong>Marat Allahverdiyev<\/strong>in \u0259misidir. H\u0259min n\u0259slin q\u00fcrur duydu\u011fumuz yetirm\u0259l\u0259rind\u0259n biri d\u0259 Bak\u0131n\u0131n Yasamal rayonundan mill\u0259t v\u0259kili olan <strong>Elnur Allahverdiyev<\/strong>dir.<\/p>\n<p><strong>Zerdab.com<\/strong>-un m\u0259lumat\u0131na g\u00f6r\u0259, Faiq Allahverdiyev 1923-c\u00fc il fevral ay\u0131n\u0131n 23-d\u0259 Z\u0259rdab rayonunda anadan olub. 1942-ci ilin \u0259vv\u0259l\u0259rind\u0259 k\u00f6n\u00fcll\u00fc olaraq Sovet ordusu s\u0131ralar\u0131na daxil olub. Faiq m\u00fc\u0259llim m\u0259\u015fhur 416-c\u0131 milli at\u0131c\u0131 diviyaz\u0131n\u0131n t\u0259rkibind\u0259 vuru\u015fub v\u0259 Qafqazdan Almaniyayad\u0259k diviziyan\u0131n \u015fanl\u0131 d\u00f6y\u00fc\u015f yolunu ke\u00e7ib. D\u0259f\u0259l\u0259rl\u0259 yaralanma\u011f\u0131na baxmayaraq, yenid\u0259n c\u0259bh\u0259 x\u0259ttin\u0259 qay\u0131d\u0131b.<\/p>\n<p>Faiq Allahverdiyev m\u00fcharib\u0259 ill\u0259rind\u0259 bir \u00e7ox \u015f\u0259h\u0259r v\u0259 ya\u015fay\u0131\u015f m\u0259nt\u0259q\u0259l\u0259rinin fa\u015fistl\u0259rd\u0259n azad olunmas\u0131nda i\u015ftirak edib. Bunlar\u0131n aras\u0131nda Taqanroq, Odessa, Ki\u015finyev, Var\u015fava v\u0259 Almaniyan\u0131n bir \u00e7ox \u015f\u0259h\u0259rl\u0259rinin ad\u0131n\u0131 \u00e7\u0259km\u0259k olar.<\/p>\n<p>D\u00f6y\u00fc\u015fl\u0259rd\u0259 g\u00f6st\u0259rdiyi \u015f\u00fcca\u0259t\u0259 g\u00f6r\u0259, F. Allahverdiyev orden v\u0259 medalla t\u0259ltif olunub.<\/p>\n<p>M\u00fcharib\u0259 ba\u015fa \u00e7atd\u0131qdan sonra Faiq Allahverdiyev Almaniyada xidm\u0259tini davam etdirib v\u0259 1947-ci ild\u0259 Az\u0259rbaycana qay\u0131d\u0131b.<\/p>\n<p>1956-c\u0131 ild\u0259 ali h\u00fcquq t\u0259hsilini bitirdikd\u0259n sonra m\u00fcxt\u0259lif ill\u0259rd\u0259 Az\u0259rbaycan SSR Ali M\u0259hk\u0259m\u0259sinin \u00fczv\u00fc, rayon prokuroru, Bak\u0131 \u015e\u0259h\u0259ri v\u0259 Respublika Prokurorlu\u011funda r\u0259hb\u0259r v\u0259zif\u0259l\u0259rd\u0259 \u00e7al\u0131\u015f\u0131b.<\/p>\n<p>1967-ci ild\u0259n Az\u0259rbaycan Prokurorlu\u011funda \u015f\u00f6b\u0259 m\u00fcdiri, sonralar respublika prokurorunun ba\u015f k\u00f6m\u0259k\u00e7isi v\u0259zif\u0259l\u0259rind\u0259 \u00e7al\u0131\u015f\u0131b. M\u00fcxt\u0259lif ill\u0259rd\u0259 \u015eamax\u0131 Rayon Prokuroru, Bak\u0131 \u015e\u0259h\u0259r Prokurorlu\u011funun \u015f\u00f6b\u0259 r\u0259isi, Respublika Prokurorlu\u011funun b\u00f6y\u00fck prokuroru v\u0259zif\u0259l\u0259rind\u0259 i\u015fl\u0259yib.<\/p>\n<p>Az\u0259rbaycan Respublikas\u0131n\u0131n \u018fm\u0259kdar H\u00fcquq\u015f\u00fcnas\u0131 v\u0259 Prokurorlu\u011fun F\u0259xri \u0130\u015f\u00e7isi adlar\u0131na layiq g\u00f6r\u00fcl\u00fcb.<\/p>\n<p>Uzunm\u00fcdd\u0259tli v\u0259 s\u0259m\u0259r\u0259li \u0259m\u0259k f\u0259aliyy\u0259tini Prokurorluq orqanlar\u0131nda ba\u015fa \u00e7atd\u0131r\u0131b.<\/p>\n<p>Faiq m\u00fc\u0259llim pe\u015f\u0259kar h\u00fcquq\u015f\u00fcnas olmaqla yana\u015f\u0131, h\u0259m d\u0259 g\u00f6z\u0259l ail\u0259 ba\u015f\u00e7\u0131s\u0131 idi.<\/p>\n<p>Bununla ba\u011fl\u0131 sad\u0259, amma \u00e7ox t\u0259sirli bir misal\u0131 qeyd ed\u0259k.<\/p>\n<p>Faiq m\u00fc\u0259llim ail\u0259sin\u0259, h\u0259yat yolda\u015f\u0131na \u00e7ox ba\u011fl\u0131 bir insan idi. Z\u0259rdabl\u0131lar\u0131n dili il\u0259 des\u0259k, h\u0259yat yolda\u015f\u0131 il\u0259 n\u0259f\u0259s al\u0131rd\u0131.<\/p>\n<p>2017-ci ilin mart\u0131n 18-d\u0259 Faiq m\u00fc\u0259llimin h\u0259yat yolda\u015f\u0131 M\u0259ml\u0259k\u0259t Nuriyeva v\u0259fat edir. H\u0259yat yolda\u015f\u0131n\u0131n itkisi onu \u00e7ox sars\u0131d\u0131r v\u0259 Faiq m\u00fc\u0259llim \u00fc\u00e7\u00fcn olduqca a\u011f\u0131r itki olur. H\u0259yat yolda\u015f\u0131 d\u00fcnyas\u0131n\u0131 d\u0259yi\u015fdikd\u0259n sonra Faiq m\u00fc\u0259llim h\u0259yatda \u00e7ox qalm\u0131r v\u0259 c\u0259mi 4 ay sonra o da d\u00fcnyas\u0131n\u0131 d\u0259yi\u015fir.<\/p>\n<p>\u0130lk Z\u0259rdabl\u0131 prokuror Faiq Allahverdiyev 2017-ci ilin iyul ay\u0131n\u0131n 29-da haqq\u0131n r\u0259hm\u0259tin\u0259 qovu\u015fur.<\/p>\n<p>Faiq m\u00fc\u0259llim\u0259 v\u0259 onun h\u0259yat yolda\u015f\u0131 M\u0259ml\u0259k\u0259t xan\u0131ma, h\u0259m\u00e7inin bu n\u0259slin, rayonumuzun f\u0259xri olan akademik Marat m\u00fc\u0259llim Allahverdiyev\u0259 Allahdan r\u0259hm\u0259t dil\u0259yir, m\u0259kanlar\u0131 c\u0259nn\u0259t olsun deyirik.<\/p>\n<p>Y\u0259qin ki, onlar\u0131n da ruhlar\u0131 \u015fadd\u0131r ki, bel\u0259 bir n\u0259slin do\u011fma Z\u0259rdab\u0131m\u0131za h\u0259r zaman do\u011fmal\u0131\u011f\u0131n\u0131 hiss etdir\u0259n <strong>Elnur m\u00fc\u0259llim Allahverdiyev<\/strong> kimi ziyal\u0131, v\u0259t\u0259np\u0259rv\u0259r, xalq\u0131n\u0131, d\u00f6vl\u0259tini sev\u0259n bir davam\u00e7\u0131s\u0131 var&#8230;<\/p>\n<p><strong>Zerdab.com<\/strong><\/p>\n<p><img loading=\"lazy\" decoding=\"async\" class=\"aligncenter wp-image-24902\" src=\"http:\/\/www.zerdab.com\/wp-content\/uploads\/2017\/08\/Faiq-Allahverdiyev-prokuror-2.jpg\" alt=\"Faiq Allahverdiyev-prokuror\" width=\"423\" height=\"289\" srcset=\"https:\/\/www.zerdab.com\/wp-content\/uploads\/2017\/08\/Faiq-Allahverdiyev-prokuror-2.jpg 4309w, https:\/\/www.zerdab.com\/wp-content\/uploads\/2017\/08\/Faiq-Allahverdiyev-prokuror-2-400x273.jpg 400w, https:\/\/www.zerdab.com\/wp-content\/uploads\/2017\/08\/Faiq-Allahverdiyev-prokuror-2-550x375.jpg 550w\" sizes=\"auto, (max-width: 423px) 100vw, 423px\" \/><\/p>\n","protected":false},"excerpt":{"rendered":"<p>Faiq Allahverdiyev Z\u0259rdab\u0131n tarixin\u0259 bu rayondan olan ilk prokuror kimi d\u00fc\u015f\u00fcb. O, Az\u0259rbaycan\u0131n \u018fm\u0259kdar H\u00fcquq\u015f\u00fcnas\u0131, Prokurorlu\u011fun F\u0259xri \u0130\u015f\u00e7isi, Ba\u015f \u018fdliyy\u0259 M\u00fc\u015faviri idi. Z\u0259rdab\u0131m\u0131zda \u00e7ox tan\u0131nm\u0131\u015f, ziyal\u0131 bir n\u0259slin yetirm\u0259si idi Faiq Allahverdiyev. Tan\u0131\u015fl\u0131q \u00fc\u00e7\u00fcn bildir\u0259k ki, Faiq Allahverdiyev \u0259sl\u0259n Z\u0259rdab rayonunun K\u00f6rp\u00fck\u0259nd k\u0259ndind\u0259n olan \u2013 Z\u0259rdabl\u0131lar\u0131n \u00e7ox yax\u015f\u0131 tan\u0131d\u0131qlar\u0131 akademik Marat Allahverdiyevin \u0259misidir. H\u0259min n\u0259slin [&hellip;]<\/p>\n","protected":false},"author":1,"featured_media":25594,"comment_status":"closed","ping_status":"closed","sticky":false,"template":"","format":"standard","meta":{"footnotes":""},"categories":[7,63],"tags":[],"class_list":{"0":"post-30394","1":"post","2":"type-post","3":"status-publish","4":"format-standard","5":"has-post-thumbnail","7":"category-ziyalilar","8":"category-manset"},"yoast_head":"<!-- This site is optimized with the Yoast SEO plugin v27.0 - https:\/\/yoast.com\/product\/yoast-seo-wordpress\/ -->\n<title>\u0130lk Z\u0259rdabl\u0131 prokuror... - Faiq Allahverdiyev Bak\u0131 \u015e\u0259h\u0259ri v\u0259 Respublika Prokurorlu\u011funda r\u0259hb\u0259r v\u0259zif\u0259l\u0259rd\u0259 \u00e7al\u0131\u015f\u0131b - Z\u0259rdab.com<\/title>\n<meta name=\"robots\" content=\"index, follow, max-snippet:-1, max-image-preview:large, max-video-preview:-1\" \/>\n<link rel=\"canonical\" href=\"https:\/\/www.zerdab.com\/?p=30394\" \/>\n<meta property=\"og:locale\" content=\"az_AZ\" \/>\n<meta property=\"og:type\" content=\"article\" \/>\n<meta property=\"og:title\" content=\"\u0130lk Z\u0259rdabl\u0131 prokuror... - Faiq Allahverdiyev Bak\u0131 \u015e\u0259h\u0259ri v\u0259 Respublika Prokurorlu\u011funda r\u0259hb\u0259r v\u0259zif\u0259l\u0259rd\u0259 \u00e7al\u0131\u015f\u0131b - Z\u0259rdab.com\" \/>\n<meta property=\"og:description\" content=\"Faiq Allahverdiyev Z\u0259rdab\u0131n tarixin\u0259 bu rayondan olan ilk prokuror kimi d\u00fc\u015f\u00fcb. O, Az\u0259rbaycan\u0131n \u018fm\u0259kdar H\u00fcquq\u015f\u00fcnas\u0131, Prokurorlu\u011fun F\u0259xri \u0130\u015f\u00e7isi, Ba\u015f \u018fdliyy\u0259 M\u00fc\u015faviri idi. Z\u0259rdab\u0131m\u0131zda \u00e7ox tan\u0131nm\u0131\u015f, ziyal\u0131 bir n\u0259slin yetirm\u0259si idi Faiq Allahverdiyev. Tan\u0131\u015fl\u0131q \u00fc\u00e7\u00fcn bildir\u0259k ki, Faiq Allahverdiyev \u0259sl\u0259n Z\u0259rdab rayonunun K\u00f6rp\u00fck\u0259nd k\u0259ndind\u0259n olan \u2013 Z\u0259rdabl\u0131lar\u0131n \u00e7ox yax\u015f\u0131 tan\u0131d\u0131qlar\u0131 akademik Marat Allahverdiyevin \u0259misidir. H\u0259min n\u0259slin [&hellip;]\" \/>\n<meta property=\"og:url\" content=\"https:\/\/www.zerdab.com\/?p=30394\" \/>\n<meta property=\"og:site_name\" content=\"Z\u0259rdab.com\" \/>\n<meta property=\"article:published_time\" content=\"2023-11-18T11:08:59+00:00\" \/>\n<meta property=\"article:modified_time\" content=\"2024-07-03T11:36:37+00:00\" \/>\n<meta property=\"og:image\" content=\"http:\/\/www.zerdab.com\/wp-content\/uploads\/2015\/12\/Faiq-Seyid-oglu-Allahverdiyev-1.jpg\" \/>\n\t<meta property=\"og:image:width\" content=\"800\" \/>\n\t<meta property=\"og:image:height\" content=\"600\" \/>\n\t<meta property=\"og:image:type\" content=\"image\/jpeg\" \/>\n<meta name=\"author\" content=\"admin\" \/>\n<meta name=\"twitter:card\" content=\"summary_large_image\" \/>\n<meta name=\"twitter:label1\" content=\"Written by\" \/>\n\t<meta name=\"twitter:data1\" content=\"admin\" \/>\n\t<meta name=\"twitter:label2\" content=\"Est. reading time\" \/>\n\t<meta name=\"twitter:data2\" content=\"3 minutes\" \/>\n<script type=\"application\/ld+json\" class=\"yoast-schema-graph\">{\"@context\":\"https:\/\/schema.org\",\"@graph\":[{\"@type\":\"Article\",\"@id\":\"https:\/\/www.zerdab.com\/?p=30394#article\",\"isPartOf\":{\"@id\":\"https:\/\/www.zerdab.com\/?p=30394\"},\"author\":{\"name\":\"admin\",\"@id\":\"https:\/\/www.zerdab.com\/#\/schema\/person\/97079b7570c1e89ec0d9e138c3672136\"},\"headline\":\"\u0130lk Z\u0259rdabl\u0131 prokuror&#8230; &#8211; Faiq Allahverdiyev Bak\u0131 \u015e\u0259h\u0259ri v\u0259 Respublika Prokurorlu\u011funda r\u0259hb\u0259r v\u0259zif\u0259l\u0259rd\u0259 \u00e7al\u0131\u015f\u0131b\",\"datePublished\":\"2023-11-18T11:08:59+00:00\",\"dateModified\":\"2024-07-03T11:36:37+00:00\",\"mainEntityOfPage\":{\"@id\":\"https:\/\/www.zerdab.com\/?p=30394\"},\"wordCount\":698,\"image\":{\"@id\":\"https:\/\/www.zerdab.com\/?p=30394#primaryimage\"},\"thumbnailUrl\":\"https:\/\/www.zerdab.com\/wp-content\/uploads\/2015\/12\/Faiq-Seyid-oglu-Allahverdiyev-1.jpg\",\"articleSection\":[\"F\u018fXRL\u018fR\u0130M\u0130Z\",\"MAN\u015eET\"],\"inLanguage\":\"az\"},{\"@type\":\"WebPage\",\"@id\":\"https:\/\/www.zerdab.com\/?p=30394\",\"url\":\"https:\/\/www.zerdab.com\/?p=30394\",\"name\":\"\u0130lk Z\u0259rdabl\u0131 prokuror... - Faiq Allahverdiyev Bak\u0131 \u015e\u0259h\u0259ri v\u0259 Respublika Prokurorlu\u011funda r\u0259hb\u0259r v\u0259zif\u0259l\u0259rd\u0259 \u00e7al\u0131\u015f\u0131b - Z\u0259rdab.com\",\"isPartOf\":{\"@id\":\"https:\/\/www.zerdab.com\/#website\"},\"primaryImageOfPage\":{\"@id\":\"https:\/\/www.zerdab.com\/?p=30394#primaryimage\"},\"image\":{\"@id\":\"https:\/\/www.zerdab.com\/?p=30394#primaryimage\"},\"thumbnailUrl\":\"https:\/\/www.zerdab.com\/wp-content\/uploads\/2015\/12\/Faiq-Seyid-oglu-Allahverdiyev-1.jpg\",\"datePublished\":\"2023-11-18T11:08:59+00:00\",\"dateModified\":\"2024-07-03T11:36:37+00:00\",\"author\":{\"@id\":\"https:\/\/www.zerdab.com\/#\/schema\/person\/97079b7570c1e89ec0d9e138c3672136\"},\"breadcrumb\":{\"@id\":\"https:\/\/www.zerdab.com\/?p=30394#breadcrumb\"},\"inLanguage\":\"az\",\"potentialAction\":[{\"@type\":\"ReadAction\",\"target\":[\"https:\/\/www.zerdab.com\/?p=30394\"]}]},{\"@type\":\"ImageObject\",\"inLanguage\":\"az\",\"@id\":\"https:\/\/www.zerdab.com\/?p=30394#primaryimage\",\"url\":\"https:\/\/www.zerdab.com\/wp-content\/uploads\/2015\/12\/Faiq-Seyid-oglu-Allahverdiyev-1.jpg\",\"contentUrl\":\"https:\/\/www.zerdab.com\/wp-content\/uploads\/2015\/12\/Faiq-Seyid-oglu-Allahverdiyev-1.jpg\",\"width\":800,\"height\":600,\"caption\":\"Faiq Seyid oglu Allahverdiyev\"},{\"@type\":\"BreadcrumbList\",\"@id\":\"https:\/\/www.zerdab.com\/?p=30394#breadcrumb\",\"itemListElement\":[{\"@type\":\"ListItem\",\"position\":1,\"name\":\"Home\",\"item\":\"https:\/\/www.zerdab.com\/\"},{\"@type\":\"ListItem\",\"position\":2,\"name\":\"\u0130lk Z\u0259rdabl\u0131 prokuror&#8230; &#8211; Faiq Allahverdiyev Bak\u0131 \u015e\u0259h\u0259ri v\u0259 Respublika Prokurorlu\u011funda r\u0259hb\u0259r v\u0259zif\u0259l\u0259rd\u0259 \u00e7al\u0131\u015f\u0131b\"}]},{\"@type\":\"WebSite\",\"@id\":\"https:\/\/www.zerdab.com\/#website\",\"url\":\"https:\/\/www.zerdab.com\/\",\"name\":\"Z\u0259rdab.com\",\"description\":\"\",\"potentialAction\":[{\"@type\":\"SearchAction\",\"target\":{\"@type\":\"EntryPoint\",\"urlTemplate\":\"https:\/\/www.zerdab.com\/?s={search_term_string}\"},\"query-input\":{\"@type\":\"PropertyValueSpecification\",\"valueRequired\":true,\"valueName\":\"search_term_string\"}}],\"inLanguage\":\"az\"},{\"@type\":\"Person\",\"@id\":\"https:\/\/www.zerdab.com\/#\/schema\/person\/97079b7570c1e89ec0d9e138c3672136\",\"name\":\"admin\",\"image\":{\"@type\":\"ImageObject\",\"inLanguage\":\"az\",\"@id\":\"https:\/\/www.zerdab.com\/#\/schema\/person\/image\/\",\"url\":\"https:\/\/secure.gravatar.com\/avatar\/d9c52a9a27c32119cb6679a077fa3e2779e5f822c451cbf01098004361d466ec?s=96&d=mm&r=g\",\"contentUrl\":\"https:\/\/secure.gravatar.com\/avatar\/d9c52a9a27c32119cb6679a077fa3e2779e5f822c451cbf01098004361d466ec?s=96&d=mm&r=g\",\"caption\":\"admin\"},\"url\":\"https:\/\/www.zerdab.com\/?author=1\"}]}<\/script>\n<!-- \/ Yoast SEO plugin. -->","yoast_head_json":{"title":"\u0130lk Z\u0259rdabl\u0131 prokuror... - Faiq Allahverdiyev Bak\u0131 \u015e\u0259h\u0259ri v\u0259 Respublika Prokurorlu\u011funda r\u0259hb\u0259r v\u0259zif\u0259l\u0259rd\u0259 \u00e7al\u0131\u015f\u0131b - Z\u0259rdab.com","robots":{"index":"index","follow":"follow","max-snippet":"max-snippet:-1","max-image-preview":"max-image-preview:large","max-video-preview":"max-video-preview:-1"},"canonical":"https:\/\/www.zerdab.com\/?p=30394","og_locale":"az_AZ","og_type":"article","og_title":"\u0130lk Z\u0259rdabl\u0131 prokuror... - Faiq Allahverdiyev Bak\u0131 \u015e\u0259h\u0259ri v\u0259 Respublika Prokurorlu\u011funda r\u0259hb\u0259r v\u0259zif\u0259l\u0259rd\u0259 \u00e7al\u0131\u015f\u0131b - Z\u0259rdab.com","og_description":"Faiq Allahverdiyev Z\u0259rdab\u0131n tarixin\u0259 bu rayondan olan ilk prokuror kimi d\u00fc\u015f\u00fcb. O, Az\u0259rbaycan\u0131n \u018fm\u0259kdar H\u00fcquq\u015f\u00fcnas\u0131, Prokurorlu\u011fun F\u0259xri \u0130\u015f\u00e7isi, Ba\u015f \u018fdliyy\u0259 M\u00fc\u015faviri idi. Z\u0259rdab\u0131m\u0131zda \u00e7ox tan\u0131nm\u0131\u015f, ziyal\u0131 bir n\u0259slin yetirm\u0259si idi Faiq Allahverdiyev. Tan\u0131\u015fl\u0131q \u00fc\u00e7\u00fcn bildir\u0259k ki, Faiq Allahverdiyev \u0259sl\u0259n Z\u0259rdab rayonunun K\u00f6rp\u00fck\u0259nd k\u0259ndind\u0259n olan \u2013 Z\u0259rdabl\u0131lar\u0131n \u00e7ox yax\u015f\u0131 tan\u0131d\u0131qlar\u0131 akademik Marat Allahverdiyevin \u0259misidir. H\u0259min n\u0259slin [&hellip;]","og_url":"https:\/\/www.zerdab.com\/?p=30394","og_site_name":"Z\u0259rdab.com","article_published_time":"2023-11-18T11:08:59+00:00","article_modified_time":"2024-07-03T11:36:37+00:00","og_image":[{"width":800,"height":600,"url":"http:\/\/www.zerdab.com\/wp-content\/uploads\/2015\/12\/Faiq-Seyid-oglu-Allahverdiyev-1.jpg","type":"image\/jpeg"}],"author":"admin","twitter_card":"summary_large_image","twitter_misc":{"Written by":"admin","Est. reading time":"3 minutes"},"schema":{"@context":"https:\/\/schema.org","@graph":[{"@type":"Article","@id":"https:\/\/www.zerdab.com\/?p=30394#article","isPartOf":{"@id":"https:\/\/www.zerdab.com\/?p=30394"},"author":{"name":"admin","@id":"https:\/\/www.zerdab.com\/#\/schema\/person\/97079b7570c1e89ec0d9e138c3672136"},"headline":"\u0130lk Z\u0259rdabl\u0131 prokuror&#8230; &#8211; Faiq Allahverdiyev Bak\u0131 \u015e\u0259h\u0259ri v\u0259 Respublika Prokurorlu\u011funda r\u0259hb\u0259r v\u0259zif\u0259l\u0259rd\u0259 \u00e7al\u0131\u015f\u0131b","datePublished":"2023-11-18T11:08:59+00:00","dateModified":"2024-07-03T11:36:37+00:00","mainEntityOfPage":{"@id":"https:\/\/www.zerdab.com\/?p=30394"},"wordCount":698,"image":{"@id":"https:\/\/www.zerdab.com\/?p=30394#primaryimage"},"thumbnailUrl":"https:\/\/www.zerdab.com\/wp-content\/uploads\/2015\/12\/Faiq-Seyid-oglu-Allahverdiyev-1.jpg","articleSection":["F\u018fXRL\u018fR\u0130M\u0130Z","MAN\u015eET"],"inLanguage":"az"},{"@type":"WebPage","@id":"https:\/\/www.zerdab.com\/?p=30394","url":"https:\/\/www.zerdab.com\/?p=30394","name":"\u0130lk Z\u0259rdabl\u0131 prokuror... - Faiq Allahverdiyev Bak\u0131 \u015e\u0259h\u0259ri v\u0259 Respublika Prokurorlu\u011funda r\u0259hb\u0259r v\u0259zif\u0259l\u0259rd\u0259 \u00e7al\u0131\u015f\u0131b - Z\u0259rdab.com","isPartOf":{"@id":"https:\/\/www.zerdab.com\/#website"},"primaryImageOfPage":{"@id":"https:\/\/www.zerdab.com\/?p=30394#primaryimage"},"image":{"@id":"https:\/\/www.zerdab.com\/?p=30394#primaryimage"},"thumbnailUrl":"https:\/\/www.zerdab.com\/wp-content\/uploads\/2015\/12\/Faiq-Seyid-oglu-Allahverdiyev-1.jpg","datePublished":"2023-11-18T11:08:59+00:00","dateModified":"2024-07-03T11:36:37+00:00","author":{"@id":"https:\/\/www.zerdab.com\/#\/schema\/person\/97079b7570c1e89ec0d9e138c3672136"},"breadcrumb":{"@id":"https:\/\/www.zerdab.com\/?p=30394#breadcrumb"},"inLanguage":"az","potentialAction":[{"@type":"ReadAction","target":["https:\/\/www.zerdab.com\/?p=30394"]}]},{"@type":"ImageObject","inLanguage":"az","@id":"https:\/\/www.zerdab.com\/?p=30394#primaryimage","url":"https:\/\/www.zerdab.com\/wp-content\/uploads\/2015\/12\/Faiq-Seyid-oglu-Allahverdiyev-1.jpg","contentUrl":"https:\/\/www.zerdab.com\/wp-content\/uploads\/2015\/12\/Faiq-Seyid-oglu-Allahverdiyev-1.jpg","width":800,"height":600,"caption":"Faiq Seyid oglu Allahverdiyev"},{"@type":"BreadcrumbList","@id":"https:\/\/www.zerdab.com\/?p=30394#breadcrumb","itemListElement":[{"@type":"ListItem","position":1,"name":"Home","item":"https:\/\/www.zerdab.com\/"},{"@type":"ListItem","position":2,"name":"\u0130lk Z\u0259rdabl\u0131 prokuror&#8230; &#8211; Faiq Allahverdiyev Bak\u0131 \u015e\u0259h\u0259ri v\u0259 Respublika Prokurorlu\u011funda r\u0259hb\u0259r v\u0259zif\u0259l\u0259rd\u0259 \u00e7al\u0131\u015f\u0131b"}]},{"@type":"WebSite","@id":"https:\/\/www.zerdab.com\/#website","url":"https:\/\/www.zerdab.com\/","name":"Z\u0259rdab.com","description":"","potentialAction":[{"@type":"SearchAction","target":{"@type":"EntryPoint","urlTemplate":"https:\/\/www.zerdab.com\/?s={search_term_string}"},"query-input":{"@type":"PropertyValueSpecification","valueRequired":true,"valueName":"search_term_string"}}],"inLanguage":"az"},{"@type":"Person","@id":"https:\/\/www.zerdab.com\/#\/schema\/person\/97079b7570c1e89ec0d9e138c3672136","name":"admin","image":{"@type":"ImageObject","inLanguage":"az","@id":"https:\/\/www.zerdab.com\/#\/schema\/person\/image\/","url":"https:\/\/secure.gravatar.com\/avatar\/d9c52a9a27c32119cb6679a077fa3e2779e5f822c451cbf01098004361d466ec?s=96&d=mm&r=g","contentUrl":"https:\/\/secure.gravatar.com\/avatar\/d9c52a9a27c32119cb6679a077fa3e2779e5f822c451cbf01098004361d466ec?s=96&d=mm&r=g","caption":"admin"},"url":"https:\/\/www.zerdab.com\/?author=1"}]}},"_links":{"self":[{"href":"https:\/\/www.zerdab.com\/index.php?rest_route=\/wp\/v2\/posts\/30394","targetHints":{"allow":["GET"]}}],"collection":[{"href":"https:\/\/www.zerdab.com\/index.php?rest_route=\/wp\/v2\/posts"}],"about":[{"href":"https:\/\/www.zerdab.com\/index.php?rest_route=\/wp\/v2\/types\/post"}],"author":[{"embeddable":true,"href":"https:\/\/www.zerdab.com\/index.php?rest_route=\/wp\/v2\/users\/1"}],"replies":[{"embeddable":true,"href":"https:\/\/www.zerdab.com\/index.php?rest_route=%2Fwp%2Fv2%2Fcomments&post=30394"}],"version-history":[{"count":4,"href":"https:\/\/www.zerdab.com\/index.php?rest_route=\/wp\/v2\/posts\/30394\/revisions"}],"predecessor-version":[{"id":31149,"href":"https:\/\/www.zerdab.com\/index.php?rest_route=\/wp\/v2\/posts\/30394\/revisions\/31149"}],"wp:featuredmedia":[{"embeddable":true,"href":"https:\/\/www.zerdab.com\/index.php?rest_route=\/wp\/v2\/media\/25594"}],"wp:attachment":[{"href":"https:\/\/www.zerdab.com\/index.php?rest_route=%2Fwp%2Fv2%2Fmedia&parent=30394"}],"wp:term":[{"taxonomy":"category","embeddable":true,"href":"https:\/\/www.zerdab.com\/index.php?rest_route=%2Fwp%2Fv2%2Fcategories&post=30394"},{"taxonomy":"post_tag","embeddable":true,"href":"https:\/\/www.zerdab.com\/index.php?rest_route=%2Fwp%2Fv2%2Ftags&post=30394"}],"curies":[{"name":"wp","href":"https:\/\/api.w.org\/{rel}","templated":true}]}}