{"id":30410,"date":"2023-11-22T18:21:49","date_gmt":"2023-11-22T14:21:49","guid":{"rendered":"https:\/\/www.zerdab.com\/?p=30410"},"modified":"2023-11-22T18:23:19","modified_gmt":"2023-11-22T14:23:19","slug":"z%c9%99rdabda-heyd%c9%99r-eliyev-ili-c%c9%99rciv%c9%99sind%c9%99-t%c9%99dbir-kecirilib-fotolar","status":"publish","type":"post","link":"https:\/\/www.zerdab.com\/?p=30410","title":{"rendered":"Z\u0259rdabda \u201cHeyd\u0259r \u018fliyev \u0130li\u201d \u00e7\u0259r\u00e7iv\u0259sind\u0259 t\u0259dbir ke\u00e7irilib &#8211; FOTOLAR"},"content":{"rendered":"<div class=\"xdj266r x11i5rnm xat24cr x1mh8g0r x1vvkbs x126k92a\">\n<div dir=\"auto\">\u201cHeyd\u0259r \u018fliyev \u0130li\u201d il\u0259 \u0259laq\u0259dar YAP Z\u0259rdab rayon t\u0259\u015fkilat\u0131 t\u0259r\u0259find\u0259n t\u0259dbir ke\u00e7irilib.<\/div>\n<\/div>\n<div class=\"x11i5rnm xat24cr x1mh8g0r x1vvkbs xtlvy1s x126k92a\">\n<div dir=\"auto\"><strong>Zerdab.com<\/strong> x\u0259b\u0259r verir ki, \u0259vv\u0259lc\u0259 Ulu \u00d6nd\u0259r Heyd\u0259r \u018fliyevin abid\u0259si \u00f6n\u00fcn\u0259 g\u00fcl d\u0259st\u0259l\u0259ri qoyulub, dahi \u015f\u0259xsiyy\u0259tin xatir\u0259si ehtiramla yad olunub.<\/div>\n<\/div>\n<div class=\"x11i5rnm xat24cr x1mh8g0r x1vvkbs xtlvy1s x126k92a\">\n<div dir=\"auto\">Ulu \u00d6nd\u0259r Heyd\u0259r \u018fliyevin v\u0259 torpaqlar\u0131m\u0131z\u0131n azadl\u0131\u011f\u0131 u\u011frunda canlar\u0131n\u0131 qurban vermi\u015f \u015f\u0259hidl\u0259rimizin \u0259ziz xatir\u0259si bir d\u0259qiq\u0259lik s\u00fckutla yad edilib.<\/div>\n<\/div>\n<div class=\"x11i5rnm xat24cr x1mh8g0r x1vvkbs xtlvy1s x126k92a\">\n<div dir=\"auto\">Sonra \u00dcmummilli Liderin h\u0259yat v\u0259 f\u0259aliyy\u0259tind\u0259n b\u0259hs ed\u0259n video\u00e7arx n\u00fcmayi\u015f olunub.<\/div>\n<\/div>\n<div class=\"x11i5rnm xat24cr x1mh8g0r x1vvkbs xtlvy1s x126k92a\">\n<div dir=\"auto\">T\u0259dbiri giri\u015f s\u00f6z\u00fc il\u0259 a\u00e7an YAP Z\u0259rdab rayon t\u0259\u015fkilat\u0131n\u0131n s\u0259dri \u0130lkin \u018fliyev m\u00fcst\u0259sna xidm\u0259tl\u0259ri il\u0259 \u0259b\u0259dilik qazanan \u00dcmummilli Lider Heyd\u0259r \u018fliyevin b\u00f6y\u00fck, m\u0259nal\u0131 v\u0259 \u015f\u0259r\u0259fli h\u0259yat yolu, z\u0259ngin v\u0259 \u00e7ox\u015fax\u0259li irsi haqq\u0131nda dan\u0131\u015f\u0131b.<\/div>\n<div dir=\"auto\">Bu g\u00fcn t\u0259sis edilm\u0259sinin 31-ci ild\u00f6n\u00fcm\u00fc qeyd olunan Yeni Az\u0259rbaycan Partiyas\u0131n\u0131n \u00f6t\u0259n d\u00f6vr \u0259rzind\u0259 \u015f\u0259r\u0259fli yol ke\u00e7diyi, \u00fcmumxalq partiyas\u0131na \u00e7evrildiyi diqq\u0259t\u0259 \u00e7atd\u0131r\u0131b.<\/div>\n<div dir=\"auto\">Qeyd olunub ki, Ulu \u00d6nd\u0259r Heyd\u0259r \u018fliyevin yaratd\u0131\u011f\u0131 partiya \u00f6t\u0259n d\u00f6vr \u0259rzind\u0259 \u00f6lk\u0259mizin ictimai-siyasi h\u0259yat\u0131nda \u0259h\u0259miyy\u0259tli rol oynamaqla yana\u015f\u0131, m\u00fcasir d\u00f6vrd\u0259 beyn\u0259lxalq al\u0259md\u0259 tan\u0131nan n\u00fcfuzlu partiyalar s\u0131ras\u0131nda olmas\u0131 dahi \u015f\u0259xsiyy\u0259tin uzaqg\u00f6r\u0259n, m\u00fcdrik siyas\u0259tinin n\u0259tic\u0259sidir.<\/div>\n<\/div>\n<div class=\"x11i5rnm xat24cr x1mh8g0r x1vvkbs xtlvy1s x126k92a\">\n<div dir=\"auto\">YAP Veteranlar \u015euras\u0131n\u0131n \u00fczv\u00fc Sudeyf \u0130mamverdiyev vur\u011fulay\u0131b ki, \u00dcmummilli Lider Heyd\u0259r \u018fliyevin ideyalar\u0131, uzaqg\u00f6r\u0259nliyi v\u0259 q\u0259tiyy\u0259ti n\u0259tic\u0259sind\u0259 yarad\u0131lan YAP-\u0131n 31 illik tarixi z\u0259ngin v\u0259 \u015f\u0259r\u0259fli inki\u015faf yoludur.<\/div>\n<\/div>\n<div class=\"x11i5rnm xat24cr x1mh8g0r x1vvkbs xtlvy1s x126k92a\">\n<div dir=\"auto\">YAP \u0130dar\u0259 Hey\u0259tinin \u00fczv\u00fc Tofiq Cahangirov qeyd edib ki, Ulu \u00d6nd\u0259r Heyd\u0259r \u018fliyevin Az\u0259rbaycana r\u0259hb\u0259rliyinin h\u0259r iki d\u00f6vr\u00fcnd\u0259 \u00f6z\u00fcn\u00fcn qeyri-adi idar\u0259\u00e7ilik bacar\u0131\u011f\u0131, polad irad\u0259si v\u0259 y\u00fcks\u0259k v\u0259t\u0259np\u0259rv\u0259rliyi say\u0259sind\u0259, uzaqg\u00f6r\u0259n v\u0259 m\u0259qs\u0259dy\u00f6nl\u00fc q\u0259rarlar\u0131 il\u0259 \u00e7ox q\u0131sa m\u00fcdd\u0259td\u0259 respublikam\u0131zda sosial-iqtisadi, elmi-texniki v\u0259 m\u0259d\u0259ni sah\u0259l\u0259rin inki\u015faf\u0131nda b\u00f6y\u00fck u\u011furlara nail olunub.<\/div>\n<\/div>\n<div class=\"x11i5rnm xat24cr x1mh8g0r x1vvkbs xtlvy1s x126k92a\">\n<div dir=\"auto\">Milli M\u0259clisin deputat\u0131 Jal\u0259 \u018fliyeva Ulu \u00d6nd\u0259rin \u00f6z m\u0259nal\u0131 v\u0259 z\u0259ngin \u00f6mr\u00fcn\u00fc b\u00fct\u00f6vl\u00fckd\u0259 mill\u0259tin\u0259, xalq\u0131na, V\u0259t\u0259nin\u0259 v\u0259 d\u00f6vl\u0259tin\u0259 h\u0259sr etdiyini, m\u00fcq\u0259dd\u0259s amallar u\u011frunda m\u00fcst\u0259sna f\u0259aliyy\u0259t g\u00f6st\u0259rdiyini diqq\u0259t\u0259 \u00e7atd\u0131r\u0131b.<\/div>\n<div dir=\"auto\">Jal\u0259 \u018fliyeva qeyd edib ki, m\u0259hz Ulu \u00d6nd\u0259rin g\u0259rgin \u0259m\u0259yi v\u0259 q\u0259tiyy\u0259tli siyas\u0259ti say\u0259sind\u0259 yeni, m\u00fcasir Az\u0259rbaycan d\u00f6vl\u0259ti qurulmu\u015f, \u00f6lk\u0259miz d\u00fcnya m\u0259kan\u0131nda \u00f6z layiqli yerini tutub.<\/div>\n<\/div>\n<div class=\"x11i5rnm xat24cr x1mh8g0r x1vvkbs xtlvy1s x126k92a\">\n<div dir=\"auto\">Z\u0259rdab rayon \u0130cra Hakimiyy\u0259tinin ba\u015f\u00e7\u0131s\u0131 M\u0259rdan Camalzad\u0259 bildirib ki, \u00dcmummilli Lider Heyd\u0259r \u018fliyev tarix yaradan fenomenal \u015f\u0259xsiyy\u0259tdir.<\/div>\n<div dir=\"auto\">G\u00f6rk\u0259mli d\u00f6vl\u0259t xadimi, d\u00fcnya miqyasl\u0131 siyas\u0259t\u00e7i, Az\u0259rbaycan d\u00f6vl\u0259t\u00e7iliyini b\u00fct\u00fcn t\u0259hl\u00fck\u0259l\u0259rd\u0259n qoruyan v\u0259 inki\u015faf etdir\u0259n q\u00fcdr\u0259tli \u015f\u0259xsiyy\u0259t Heyd\u0259r \u018fliyevin \u00f6lk\u0259miz\u0259 r\u0259hb\u0259rlik etdiyi ill\u0259r m\u00fcasir tariximizin \u015f\u0259r\u0259fli d\u00f6vr\u00fcn\u00fc \u0259hat\u0259 edir.<\/div>\n<\/div>\n<div class=\"x11i5rnm xat24cr x1mh8g0r x1vvkbs xtlvy1s x126k92a\">\n<div dir=\"auto\">Sonda rayonun ictimai-siyasi h\u0259yat\u0131nda f\u0259al i\u015ftirak ed\u0259n partiya \u00fczvl\u0259rin\u0259 f\u0259xri f\u0259rman v\u0259 t\u0259\u015f\u0259kk\u00fcrnam\u0259, YAP s\u0131ralar\u0131na yeni qo\u015fulanlara \u00fczvl\u00fck v\u0259siq\u0259l\u0259ri t\u0259qdim edilib.<\/div>\n<\/div>\n<div class=\"x11i5rnm xat24cr x1mh8g0r x1vvkbs xtlvy1s x126k92a\">\n<div dir=\"auto\">T\u0259dbir\u0259 Yeni Az\u0259rbaycan Partiyas\u0131n\u0131n Himninin s\u0259sl\u0259ndirilm\u0259si il\u0259 yekun vurulub.<\/div>\n<div dir=\"auto\"><strong>Zerdab.com<\/strong><\/div>\n<div dir=\"auto\"><img loading=\"lazy\" decoding=\"async\" class=\"aligncenter size-full wp-image-30414\" src=\"http:\/\/www.zerdab.com\/wp-content\/uploads\/2023\/11\/jale-eliyeva-zerdab3.jpg\" alt=\"\" width=\"960\" height=\"640\" srcset=\"https:\/\/www.zerdab.com\/wp-content\/uploads\/2023\/11\/jale-eliyeva-zerdab3.jpg 960w, https:\/\/www.zerdab.com\/wp-content\/uploads\/2023\/11\/jale-eliyeva-zerdab3-400x267.jpg 400w, https:\/\/www.zerdab.com\/wp-content\/uploads\/2023\/11\/jale-eliyeva-zerdab3-550x367.jpg 550w, https:\/\/www.zerdab.com\/wp-content\/uploads\/2023\/11\/jale-eliyeva-zerdab3-768x512.jpg 768w, https:\/\/www.zerdab.com\/wp-content\/uploads\/2023\/11\/jale-eliyeva-zerdab3-696x464.jpg 696w, https:\/\/www.zerdab.com\/wp-content\/uploads\/2023\/11\/jale-eliyeva-zerdab3-630x420.jpg 630w\" sizes=\"auto, (max-width: 960px) 100vw, 960px\" \/><\/div>\n<div dir=\"auto\">\n<div class=\"panel-body news_text\"><img decoding=\"async\" class=\"img-responsive\" title=\"\" src=\"https:\/\/qafqazinfo.az\/uploads\/1700576445\/8c7c45e6-f2a8-4f66-8711-6a93109f7b12.jpg\" alt=\"\" \/><br \/>\n<img decoding=\"async\" class=\"img-responsive\" title=\"\" src=\"https:\/\/qafqazinfo.az\/uploads\/1700576445\/8d817048-f897-4af6-9565-19b41bae6528.jpg\" alt=\"\" \/><br \/>\n<img decoding=\"async\" class=\"img-responsive\" title=\"\" src=\"https:\/\/qafqazinfo.az\/uploads\/1700576445\/4a4d4e4e-d94d-4aa3-b10f-a91449935643.jpg\" alt=\"\" \/><img decoding=\"async\" class=\"img-responsive\" title=\"\" src=\"https:\/\/qafqazinfo.az\/uploads\/1700578104\/028ea131-9609-4183-9266-9978b57edd68.jpg\" alt=\"\" \/><img decoding=\"async\" class=\"img-responsive\" title=\"\" src=\"https:\/\/qafqazinfo.az\/uploads\/1700578104\/cf52eab5-8cfe-4259-907e-1abefdb06478.jpg\" alt=\"\" \/><br \/>\n<img decoding=\"async\" class=\"img-responsive\" title=\"\" src=\"https:\/\/qafqazinfo.az\/uploads\/1700578104\/fe91b64f-e339-4f5c-a654-3b8f4eb49534.jpg\" alt=\"\" \/><img loading=\"lazy\" decoding=\"async\" class=\"aligncenter size-full wp-image-30412\" src=\"http:\/\/www.zerdab.com\/wp-content\/uploads\/2023\/11\/jale-eliyeva-zerdab.jpg\" alt=\"\" width=\"960\" height=\"640\" srcset=\"https:\/\/www.zerdab.com\/wp-content\/uploads\/2023\/11\/jale-eliyeva-zerdab.jpg 960w, https:\/\/www.zerdab.com\/wp-content\/uploads\/2023\/11\/jale-eliyeva-zerdab-400x267.jpg 400w, https:\/\/www.zerdab.com\/wp-content\/uploads\/2023\/11\/jale-eliyeva-zerdab-550x367.jpg 550w, https:\/\/www.zerdab.com\/wp-content\/uploads\/2023\/11\/jale-eliyeva-zerdab-768x512.jpg 768w, https:\/\/www.zerdab.com\/wp-content\/uploads\/2023\/11\/jale-eliyeva-zerdab-696x464.jpg 696w, https:\/\/www.zerdab.com\/wp-content\/uploads\/2023\/11\/jale-eliyeva-zerdab-630x420.jpg 630w\" sizes=\"auto, (max-width: 960px) 100vw, 960px\" \/> <img loading=\"lazy\" decoding=\"async\" class=\"aligncenter size-full wp-image-30413\" src=\"http:\/\/www.zerdab.com\/wp-content\/uploads\/2023\/11\/jale-eliyeva-zerdab2.jpg\" alt=\"\" width=\"960\" height=\"640\" srcset=\"https:\/\/www.zerdab.com\/wp-content\/uploads\/2023\/11\/jale-eliyeva-zerdab2.jpg 960w, https:\/\/www.zerdab.com\/wp-content\/uploads\/2023\/11\/jale-eliyeva-zerdab2-400x267.jpg 400w, https:\/\/www.zerdab.com\/wp-content\/uploads\/2023\/11\/jale-eliyeva-zerdab2-550x367.jpg 550w, https:\/\/www.zerdab.com\/wp-content\/uploads\/2023\/11\/jale-eliyeva-zerdab2-768x512.jpg 768w, https:\/\/www.zerdab.com\/wp-content\/uploads\/2023\/11\/jale-eliyeva-zerdab2-696x464.jpg 696w, https:\/\/www.zerdab.com\/wp-content\/uploads\/2023\/11\/jale-eliyeva-zerdab2-630x420.jpg 630w\" sizes=\"auto, (max-width: 960px) 100vw, 960px\" \/><img decoding=\"async\" class=\"img-responsive\" title=\"\" src=\"https:\/\/qafqazinfo.az\/uploads\/1700576445\/8c7f7d97-e375-4d39-9f6e-f486de4cd668.jpg\" alt=\"\" \/><br \/>\n<img decoding=\"async\" class=\"img-responsive\" title=\"\" src=\"https:\/\/qafqazinfo.az\/uploads\/1700576445\/3eb666fc-830c-4ff5-ae15-2f33f447ba8b.jpg\" alt=\"\" \/><br \/>\n<img decoding=\"async\" class=\"img-responsive\" title=\"\" src=\"https:\/\/qafqazinfo.az\/uploads\/1700576445\/c989f443-a503-4804-b39c-adeec7378559.jpg\" alt=\"\" \/><\/div>\n<\/div>\n<\/div>\n","protected":false},"excerpt":{"rendered":"<p>\u201cHeyd\u0259r \u018fliyev \u0130li\u201d il\u0259 \u0259laq\u0259dar YAP Z\u0259rdab rayon t\u0259\u015fkilat\u0131 t\u0259r\u0259find\u0259n t\u0259dbir ke\u00e7irilib. Zerdab.com x\u0259b\u0259r verir ki, \u0259vv\u0259lc\u0259 Ulu \u00d6nd\u0259r Heyd\u0259r \u018fliyevin abid\u0259si \u00f6n\u00fcn\u0259 g\u00fcl d\u0259st\u0259l\u0259ri qoyulub, dahi \u015f\u0259xsiyy\u0259tin xatir\u0259si ehtiramla yad olunub. Ulu \u00d6nd\u0259r Heyd\u0259r \u018fliyevin v\u0259 torpaqlar\u0131m\u0131z\u0131n azadl\u0131\u011f\u0131 u\u011frunda canlar\u0131n\u0131 qurban vermi\u015f \u015f\u0259hidl\u0259rimizin \u0259ziz xatir\u0259si bir d\u0259qiq\u0259lik s\u00fckutla yad edilib. Sonra \u00dcmummilli Liderin h\u0259yat [&hellip;]<\/p>\n","protected":false},"author":1,"featured_media":30411,"comment_status":"closed","ping_status":"closed","sticky":false,"template":"","format":"standard","meta":{"footnotes":""},"categories":[63,5],"tags":[],"class_list":{"0":"post-30410","1":"post","2":"type-post","3":"status-publish","4":"format-standard","5":"has-post-thumbnail","7":"category-manset","8":"category-knd"},"yoast_head":"<!-- This site is optimized with the Yoast SEO plugin v27.0 - https:\/\/yoast.com\/product\/yoast-seo-wordpress\/ -->\n<title>Z\u0259rdabda \u201cHeyd\u0259r \u018fliyev \u0130li\u201d \u00e7\u0259r\u00e7iv\u0259sind\u0259 t\u0259dbir ke\u00e7irilib - FOTOLAR - Z\u0259rdab.com<\/title>\n<meta name=\"robots\" content=\"index, follow, max-snippet:-1, max-image-preview:large, max-video-preview:-1\" \/>\n<link rel=\"canonical\" href=\"https:\/\/www.zerdab.com\/?p=30410\" \/>\n<meta property=\"og:locale\" content=\"az_AZ\" \/>\n<meta property=\"og:type\" content=\"article\" \/>\n<meta property=\"og:title\" content=\"Z\u0259rdabda \u201cHeyd\u0259r \u018fliyev \u0130li\u201d \u00e7\u0259r\u00e7iv\u0259sind\u0259 t\u0259dbir ke\u00e7irilib - FOTOLAR - Z\u0259rdab.com\" \/>\n<meta property=\"og:description\" content=\"\u201cHeyd\u0259r \u018fliyev \u0130li\u201d il\u0259 \u0259laq\u0259dar YAP Z\u0259rdab rayon t\u0259\u015fkilat\u0131 t\u0259r\u0259find\u0259n t\u0259dbir ke\u00e7irilib. Zerdab.com x\u0259b\u0259r verir ki, \u0259vv\u0259lc\u0259 Ulu \u00d6nd\u0259r Heyd\u0259r \u018fliyevin abid\u0259si \u00f6n\u00fcn\u0259 g\u00fcl d\u0259st\u0259l\u0259ri qoyulub, dahi \u015f\u0259xsiyy\u0259tin xatir\u0259si ehtiramla yad olunub. Ulu \u00d6nd\u0259r Heyd\u0259r \u018fliyevin v\u0259 torpaqlar\u0131m\u0131z\u0131n azadl\u0131\u011f\u0131 u\u011frunda canlar\u0131n\u0131 qurban vermi\u015f \u015f\u0259hidl\u0259rimizin \u0259ziz xatir\u0259si bir d\u0259qiq\u0259lik s\u00fckutla yad edilib. Sonra \u00dcmummilli Liderin h\u0259yat [&hellip;]\" \/>\n<meta property=\"og:url\" content=\"https:\/\/www.zerdab.com\/?p=30410\" \/>\n<meta property=\"og:site_name\" content=\"Z\u0259rdab.com\" \/>\n<meta property=\"article:published_time\" content=\"2023-11-22T14:21:49+00:00\" \/>\n<meta property=\"article:modified_time\" content=\"2023-11-22T14:23:19+00:00\" \/>\n<meta property=\"og:image\" content=\"http:\/\/www.zerdab.com\/wp-content\/uploads\/2023\/11\/yap-zerdab-rayon-teskilati.jpg\" \/>\n\t<meta property=\"og:image:width\" content=\"960\" \/>\n\t<meta property=\"og:image:height\" content=\"640\" \/>\n\t<meta property=\"og:image:type\" content=\"image\/jpeg\" \/>\n<meta name=\"author\" content=\"admin\" \/>\n<meta name=\"twitter:card\" content=\"summary_large_image\" \/>\n<meta name=\"twitter:label1\" content=\"Written by\" \/>\n\t<meta name=\"twitter:data1\" content=\"admin\" \/>\n\t<meta name=\"twitter:label2\" content=\"Est. reading time\" \/>\n\t<meta name=\"twitter:data2\" content=\"3 minutes\" \/>\n<script type=\"application\/ld+json\" class=\"yoast-schema-graph\">{\"@context\":\"https:\/\/schema.org\",\"@graph\":[{\"@type\":\"Article\",\"@id\":\"https:\/\/www.zerdab.com\/?p=30410#article\",\"isPartOf\":{\"@id\":\"https:\/\/www.zerdab.com\/?p=30410\"},\"author\":{\"name\":\"admin\",\"@id\":\"https:\/\/www.zerdab.com\/#\/schema\/person\/97079b7570c1e89ec0d9e138c3672136\"},\"headline\":\"Z\u0259rdabda \u201cHeyd\u0259r \u018fliyev \u0130li\u201d \u00e7\u0259r\u00e7iv\u0259sind\u0259 t\u0259dbir ke\u00e7irilib &#8211; FOTOLAR\",\"datePublished\":\"2023-11-22T14:21:49+00:00\",\"dateModified\":\"2023-11-22T14:23:19+00:00\",\"mainEntityOfPage\":{\"@id\":\"https:\/\/www.zerdab.com\/?p=30410\"},\"wordCount\":639,\"image\":{\"@id\":\"https:\/\/www.zerdab.com\/?p=30410#primaryimage\"},\"thumbnailUrl\":\"https:\/\/www.zerdab.com\/wp-content\/uploads\/2023\/11\/yap-zerdab-rayon-teskilati.jpg\",\"articleSection\":[\"MAN\u015eET\",\"X\u018fB\u018fRL\u018fR\"],\"inLanguage\":\"az\"},{\"@type\":\"WebPage\",\"@id\":\"https:\/\/www.zerdab.com\/?p=30410\",\"url\":\"https:\/\/www.zerdab.com\/?p=30410\",\"name\":\"Z\u0259rdabda \u201cHeyd\u0259r \u018fliyev \u0130li\u201d \u00e7\u0259r\u00e7iv\u0259sind\u0259 t\u0259dbir ke\u00e7irilib - FOTOLAR - Z\u0259rdab.com\",\"isPartOf\":{\"@id\":\"https:\/\/www.zerdab.com\/#website\"},\"primaryImageOfPage\":{\"@id\":\"https:\/\/www.zerdab.com\/?p=30410#primaryimage\"},\"image\":{\"@id\":\"https:\/\/www.zerdab.com\/?p=30410#primaryimage\"},\"thumbnailUrl\":\"https:\/\/www.zerdab.com\/wp-content\/uploads\/2023\/11\/yap-zerdab-rayon-teskilati.jpg\",\"datePublished\":\"2023-11-22T14:21:49+00:00\",\"dateModified\":\"2023-11-22T14:23:19+00:00\",\"author\":{\"@id\":\"https:\/\/www.zerdab.com\/#\/schema\/person\/97079b7570c1e89ec0d9e138c3672136\"},\"breadcrumb\":{\"@id\":\"https:\/\/www.zerdab.com\/?p=30410#breadcrumb\"},\"inLanguage\":\"az\",\"potentialAction\":[{\"@type\":\"ReadAction\",\"target\":[\"https:\/\/www.zerdab.com\/?p=30410\"]}]},{\"@type\":\"ImageObject\",\"inLanguage\":\"az\",\"@id\":\"https:\/\/www.zerdab.com\/?p=30410#primaryimage\",\"url\":\"https:\/\/www.zerdab.com\/wp-content\/uploads\/2023\/11\/yap-zerdab-rayon-teskilati.jpg\",\"contentUrl\":\"https:\/\/www.zerdab.com\/wp-content\/uploads\/2023\/11\/yap-zerdab-rayon-teskilati.jpg\",\"width\":960,\"height\":640,\"caption\":\"yap-zerdab-rayon-teskilati.png\"},{\"@type\":\"BreadcrumbList\",\"@id\":\"https:\/\/www.zerdab.com\/?p=30410#breadcrumb\",\"itemListElement\":[{\"@type\":\"ListItem\",\"position\":1,\"name\":\"Home\",\"item\":\"https:\/\/www.zerdab.com\/\"},{\"@type\":\"ListItem\",\"position\":2,\"name\":\"Z\u0259rdabda \u201cHeyd\u0259r \u018fliyev \u0130li\u201d \u00e7\u0259r\u00e7iv\u0259sind\u0259 t\u0259dbir ke\u00e7irilib &#8211; FOTOLAR\"}]},{\"@type\":\"WebSite\",\"@id\":\"https:\/\/www.zerdab.com\/#website\",\"url\":\"https:\/\/www.zerdab.com\/\",\"name\":\"Z\u0259rdab.com\",\"description\":\"\",\"potentialAction\":[{\"@type\":\"SearchAction\",\"target\":{\"@type\":\"EntryPoint\",\"urlTemplate\":\"https:\/\/www.zerdab.com\/?s={search_term_string}\"},\"query-input\":{\"@type\":\"PropertyValueSpecification\",\"valueRequired\":true,\"valueName\":\"search_term_string\"}}],\"inLanguage\":\"az\"},{\"@type\":\"Person\",\"@id\":\"https:\/\/www.zerdab.com\/#\/schema\/person\/97079b7570c1e89ec0d9e138c3672136\",\"name\":\"admin\",\"image\":{\"@type\":\"ImageObject\",\"inLanguage\":\"az\",\"@id\":\"https:\/\/www.zerdab.com\/#\/schema\/person\/image\/\",\"url\":\"https:\/\/secure.gravatar.com\/avatar\/d9c52a9a27c32119cb6679a077fa3e2779e5f822c451cbf01098004361d466ec?s=96&d=mm&r=g\",\"contentUrl\":\"https:\/\/secure.gravatar.com\/avatar\/d9c52a9a27c32119cb6679a077fa3e2779e5f822c451cbf01098004361d466ec?s=96&d=mm&r=g\",\"caption\":\"admin\"},\"url\":\"https:\/\/www.zerdab.com\/?author=1\"}]}<\/script>\n<!-- \/ Yoast SEO plugin. -->","yoast_head_json":{"title":"Z\u0259rdabda \u201cHeyd\u0259r \u018fliyev \u0130li\u201d \u00e7\u0259r\u00e7iv\u0259sind\u0259 t\u0259dbir ke\u00e7irilib - FOTOLAR - Z\u0259rdab.com","robots":{"index":"index","follow":"follow","max-snippet":"max-snippet:-1","max-image-preview":"max-image-preview:large","max-video-preview":"max-video-preview:-1"},"canonical":"https:\/\/www.zerdab.com\/?p=30410","og_locale":"az_AZ","og_type":"article","og_title":"Z\u0259rdabda \u201cHeyd\u0259r \u018fliyev \u0130li\u201d \u00e7\u0259r\u00e7iv\u0259sind\u0259 t\u0259dbir ke\u00e7irilib - FOTOLAR - Z\u0259rdab.com","og_description":"\u201cHeyd\u0259r \u018fliyev \u0130li\u201d il\u0259 \u0259laq\u0259dar YAP Z\u0259rdab rayon t\u0259\u015fkilat\u0131 t\u0259r\u0259find\u0259n t\u0259dbir ke\u00e7irilib. Zerdab.com x\u0259b\u0259r verir ki, \u0259vv\u0259lc\u0259 Ulu \u00d6nd\u0259r Heyd\u0259r \u018fliyevin abid\u0259si \u00f6n\u00fcn\u0259 g\u00fcl d\u0259st\u0259l\u0259ri qoyulub, dahi \u015f\u0259xsiyy\u0259tin xatir\u0259si ehtiramla yad olunub. Ulu \u00d6nd\u0259r Heyd\u0259r \u018fliyevin v\u0259 torpaqlar\u0131m\u0131z\u0131n azadl\u0131\u011f\u0131 u\u011frunda canlar\u0131n\u0131 qurban vermi\u015f \u015f\u0259hidl\u0259rimizin \u0259ziz xatir\u0259si bir d\u0259qiq\u0259lik s\u00fckutla yad edilib. Sonra \u00dcmummilli Liderin h\u0259yat [&hellip;]","og_url":"https:\/\/www.zerdab.com\/?p=30410","og_site_name":"Z\u0259rdab.com","article_published_time":"2023-11-22T14:21:49+00:00","article_modified_time":"2023-11-22T14:23:19+00:00","og_image":[{"width":960,"height":640,"url":"http:\/\/www.zerdab.com\/wp-content\/uploads\/2023\/11\/yap-zerdab-rayon-teskilati.jpg","type":"image\/jpeg"}],"author":"admin","twitter_card":"summary_large_image","twitter_misc":{"Written by":"admin","Est. reading time":"3 minutes"},"schema":{"@context":"https:\/\/schema.org","@graph":[{"@type":"Article","@id":"https:\/\/www.zerdab.com\/?p=30410#article","isPartOf":{"@id":"https:\/\/www.zerdab.com\/?p=30410"},"author":{"name":"admin","@id":"https:\/\/www.zerdab.com\/#\/schema\/person\/97079b7570c1e89ec0d9e138c3672136"},"headline":"Z\u0259rdabda \u201cHeyd\u0259r \u018fliyev \u0130li\u201d \u00e7\u0259r\u00e7iv\u0259sind\u0259 t\u0259dbir ke\u00e7irilib &#8211; FOTOLAR","datePublished":"2023-11-22T14:21:49+00:00","dateModified":"2023-11-22T14:23:19+00:00","mainEntityOfPage":{"@id":"https:\/\/www.zerdab.com\/?p=30410"},"wordCount":639,"image":{"@id":"https:\/\/www.zerdab.com\/?p=30410#primaryimage"},"thumbnailUrl":"https:\/\/www.zerdab.com\/wp-content\/uploads\/2023\/11\/yap-zerdab-rayon-teskilati.jpg","articleSection":["MAN\u015eET","X\u018fB\u018fRL\u018fR"],"inLanguage":"az"},{"@type":"WebPage","@id":"https:\/\/www.zerdab.com\/?p=30410","url":"https:\/\/www.zerdab.com\/?p=30410","name":"Z\u0259rdabda \u201cHeyd\u0259r \u018fliyev \u0130li\u201d \u00e7\u0259r\u00e7iv\u0259sind\u0259 t\u0259dbir ke\u00e7irilib - FOTOLAR - Z\u0259rdab.com","isPartOf":{"@id":"https:\/\/www.zerdab.com\/#website"},"primaryImageOfPage":{"@id":"https:\/\/www.zerdab.com\/?p=30410#primaryimage"},"image":{"@id":"https:\/\/www.zerdab.com\/?p=30410#primaryimage"},"thumbnailUrl":"https:\/\/www.zerdab.com\/wp-content\/uploads\/2023\/11\/yap-zerdab-rayon-teskilati.jpg","datePublished":"2023-11-22T14:21:49+00:00","dateModified":"2023-11-22T14:23:19+00:00","author":{"@id":"https:\/\/www.zerdab.com\/#\/schema\/person\/97079b7570c1e89ec0d9e138c3672136"},"breadcrumb":{"@id":"https:\/\/www.zerdab.com\/?p=30410#breadcrumb"},"inLanguage":"az","potentialAction":[{"@type":"ReadAction","target":["https:\/\/www.zerdab.com\/?p=30410"]}]},{"@type":"ImageObject","inLanguage":"az","@id":"https:\/\/www.zerdab.com\/?p=30410#primaryimage","url":"https:\/\/www.zerdab.com\/wp-content\/uploads\/2023\/11\/yap-zerdab-rayon-teskilati.jpg","contentUrl":"https:\/\/www.zerdab.com\/wp-content\/uploads\/2023\/11\/yap-zerdab-rayon-teskilati.jpg","width":960,"height":640,"caption":"yap-zerdab-rayon-teskilati.png"},{"@type":"BreadcrumbList","@id":"https:\/\/www.zerdab.com\/?p=30410#breadcrumb","itemListElement":[{"@type":"ListItem","position":1,"name":"Home","item":"https:\/\/www.zerdab.com\/"},{"@type":"ListItem","position":2,"name":"Z\u0259rdabda \u201cHeyd\u0259r \u018fliyev \u0130li\u201d \u00e7\u0259r\u00e7iv\u0259sind\u0259 t\u0259dbir ke\u00e7irilib &#8211; FOTOLAR"}]},{"@type":"WebSite","@id":"https:\/\/www.zerdab.com\/#website","url":"https:\/\/www.zerdab.com\/","name":"Z\u0259rdab.com","description":"","potentialAction":[{"@type":"SearchAction","target":{"@type":"EntryPoint","urlTemplate":"https:\/\/www.zerdab.com\/?s={search_term_string}"},"query-input":{"@type":"PropertyValueSpecification","valueRequired":true,"valueName":"search_term_string"}}],"inLanguage":"az"},{"@type":"Person","@id":"https:\/\/www.zerdab.com\/#\/schema\/person\/97079b7570c1e89ec0d9e138c3672136","name":"admin","image":{"@type":"ImageObject","inLanguage":"az","@id":"https:\/\/www.zerdab.com\/#\/schema\/person\/image\/","url":"https:\/\/secure.gravatar.com\/avatar\/d9c52a9a27c32119cb6679a077fa3e2779e5f822c451cbf01098004361d466ec?s=96&d=mm&r=g","contentUrl":"https:\/\/secure.gravatar.com\/avatar\/d9c52a9a27c32119cb6679a077fa3e2779e5f822c451cbf01098004361d466ec?s=96&d=mm&r=g","caption":"admin"},"url":"https:\/\/www.zerdab.com\/?author=1"}]}},"_links":{"self":[{"href":"https:\/\/www.zerdab.com\/index.php?rest_route=\/wp\/v2\/posts\/30410","targetHints":{"allow":["GET"]}}],"collection":[{"href":"https:\/\/www.zerdab.com\/index.php?rest_route=\/wp\/v2\/posts"}],"about":[{"href":"https:\/\/www.zerdab.com\/index.php?rest_route=\/wp\/v2\/types\/post"}],"author":[{"embeddable":true,"href":"https:\/\/www.zerdab.com\/index.php?rest_route=\/wp\/v2\/users\/1"}],"replies":[{"embeddable":true,"href":"https:\/\/www.zerdab.com\/index.php?rest_route=%2Fwp%2Fv2%2Fcomments&post=30410"}],"version-history":[{"count":1,"href":"https:\/\/www.zerdab.com\/index.php?rest_route=\/wp\/v2\/posts\/30410\/revisions"}],"predecessor-version":[{"id":30415,"href":"https:\/\/www.zerdab.com\/index.php?rest_route=\/wp\/v2\/posts\/30410\/revisions\/30415"}],"wp:featuredmedia":[{"embeddable":true,"href":"https:\/\/www.zerdab.com\/index.php?rest_route=\/wp\/v2\/media\/30411"}],"wp:attachment":[{"href":"https:\/\/www.zerdab.com\/index.php?rest_route=%2Fwp%2Fv2%2Fmedia&parent=30410"}],"wp:term":[{"taxonomy":"category","embeddable":true,"href":"https:\/\/www.zerdab.com\/index.php?rest_route=%2Fwp%2Fv2%2Fcategories&post=30410"},{"taxonomy":"post_tag","embeddable":true,"href":"https:\/\/www.zerdab.com\/index.php?rest_route=%2Fwp%2Fv2%2Ftags&post=30410"}],"curies":[{"name":"wp","href":"https:\/\/api.w.org\/{rel}","templated":true}]}}