{"id":30492,"date":"2023-12-01T20:24:13","date_gmt":"2023-12-01T16:24:13","guid":{"rendered":"https:\/\/www.zerdab.com\/?p=30492"},"modified":"2023-12-01T20:25:45","modified_gmt":"2023-12-01T16:25:45","slug":"meksika-az%c9%99rbaycan-parlamentl%c9%99rarasi-dostluq-qrupunun-uzvl%c9%99ri-il%c9%99-ikit%c9%99r%c9%99fli-gorusl%c9%99r-kecirilib-fotolar","status":"publish","type":"post","link":"https:\/\/www.zerdab.com\/?p=30492","title":{"rendered":"Meksika-Az\u0259rbaycan parlamentl\u0259raras\u0131 dostluq qrupunun \u00fczvl\u0259ri il\u0259 ikit\u0259r\u0259fli g\u00f6r\u00fc\u015fl\u0259r ke\u00e7irilib &#8211; FOTOLAR"},"content":{"rendered":"<p>Meksika il\u0259 parlamentl\u0259raras\u0131 \u0259laq\u0259l\u0259r \u00fczr\u0259 i\u015f\u00e7i qrupunun r\u0259hb\u0259ri Jal\u0259 \u018fliyeva v\u0259 qrupun \u00fczv\u00fc El\u015fad Mirb\u0259\u015firo\u011flu Meksikaya i\u015fg\u00fczar s\u0259f\u0259rl\u0259ri \u00e7\u0259r\u00e7iv\u0259sind\u0259 Meksika Konqresinin Deputatlar Palatas\u0131n\u0131n s\u0259dri Marsela Kastiyo v\u0259 Meksika-Az\u0259rbaycan parlamentl\u0259raras\u0131 dostluq qrupunun \u00fczvl\u0259ri il\u0259 ikit\u0259r\u0259fli g\u00f6r\u00fc\u015fl\u0259r ke\u00e7irilib.<br \/>\nM. Kastiyo Milli M\u0259clisin n\u00fcmay\u0259nd\u0259 hey\u0259tinin Meksikaya s\u0259f\u0259rini y\u00fcks\u0259k qiym\u0259tl\u0259ndirdikl\u0259rini bildirib v\u0259 qar\u015f\u0131l\u0131ql\u0131 s\u0259f\u0259rl\u0259rin iki \u00f6lk\u0259 aras\u0131ndak\u0131 parlamentl\u0259raras\u0131 \u0259laq\u0259l\u0259rin inki\u015faf\u0131na \u0259h\u0259miyy\u0259tli t\u00f6hf\u0259 verdiyini vur\u011fulay\u0131b.<br \/>\nDostluq qrupunun \u00fczvl\u0259ri il\u0259 ke\u00e7irilmi\u015f g\u00f6r\u00fc\u015fd\u0259 qrupun s\u0259dri A. Viyeqas \u00e7\u0131x\u0131\u015f ed\u0259r\u0259k, bu il xalq\u0131m\u0131z t\u0259r\u0259find\u0259n anadan olmas\u0131n\u0131n y\u00fcz illik yubileyi qeyd edil\u0259n \u00dcmummilli Lider Heyd\u0259r \u018fliyevin d\u00fchas\u0131 v\u0259 \u0259sas\u0131n\u0131 qoydu\u011fu layih\u0259l\u0259r say\u0259sind\u0259 Az\u0259rbaycan\u0131n Avrasiyada m\u00fch\u00fcm n\u0259qliyyat v\u0259 enerji hab\u0131na \u00e7evrildiyini bildirib. A.Viyeqas bu il Meksika Deputatlar Palatas\u0131nda Ulu \u00d6nd\u0259rin 100 illiyi il\u0259 \u0259laq\u0259dar t\u0259\u015fkil olunmu\u015f t\u0259dbiri, el\u0259c\u0259 d\u0259 Az\u0259rbaycan\u0131n m\u0259d\u0259niyy\u0259t paytaxt\u0131, azadl\u0131\u011f\u0131n r\u0259mzi \u015eu\u015fa \u015f\u0259h\u0259rin\u0259 s\u0259f\u0259rl\u0259rini b\u00f6y\u00fck m\u0259mnunluqla yada sal\u0131b, 30 il \u0259rzind\u0259 etnik t\u0259mizl\u0259m\u0259y\u0259 m\u0259ruz qalm\u0131\u015f az\u0259rbaycanl\u0131lar\u0131n \u00f6z do\u011fma torpaqlar\u0131na l\u0259yaq\u0259tl\u0259 v\u0259 t\u0259hl\u00fck\u0259siz qay\u0131d\u0131\u015f\u0131n\u0131n t\u0259mini m\u0259qs\u0259dil\u0259 h\u0259yata ke\u00e7iril\u0259n i\u015fl\u0259rl\u0259 yerind\u0259 tan\u0131\u015f olduqlar\u0131n\u0131 vur\u011fulay\u0131b.<br \/>\nAz\u0259rbaycan-Meksika parlamentl\u0259raras\u0131 \u0259laq\u0259l\u0259r \u00fczr\u0259 i\u015f\u00e7i qrupunun r\u0259hb\u0259ri J.\u018fliyeva s\u0259f\u0259r\u0259 d\u0259v\u0259t\u0259 g\u00f6r\u0259 t\u0259\u015f\u0259kk\u00fcr\u00fcn\u00fc bildirib, iki \u00f6lk\u0259 aras\u0131nda m\u00fcnasib\u0259tl\u0259rin inki\u015faf\u0131nda parlamentl\u0259raras\u0131 dostluq qruplar\u0131n\u0131n, o c\u00fcml\u0259d\u0259n parlament diplomatiyas\u0131n\u0131n \u00f6n\u0259mli yer tutdu\u011funu deyib. O, Az\u0259rbaycan\u0131n Qaraba\u011f b\u00f6lg\u0259sind\u0259 c\u0259r\u0259yan ed\u0259n hadis\u0259l\u0259r, separat\u00e7\u0131lara qar\u015f\u0131 antiterror t\u0259dbirl\u0259rinin ke\u00e7irilm\u0259sini qa\u00e7\u0131n\u0131lmaz ed\u0259n s\u0259b\u0259bl\u0259rd\u0259n dan\u0131\u015f\u0131b, Erm\u0259nistan\u0131n mina terrorunun yaratd\u0131\u011f\u0131 \u00e7\u0259tinlikl\u0259r\u0259 baxmayaraq, i\u015f\u011faldan azad olunmu\u015f \u0259razil\u0259rd\u0259 fasil\u0259siz h\u0259yata ke\u00e7iril\u0259n geni\u015fmiqyasl\u0131 b\u0259rpa-quruculuq i\u015fl\u0259rind\u0259n \u0259trafl\u0131 s\u00f6z a\u00e7\u0131b. Az\u0259rbaycan\u0131n \u0259razi b\u00fct\u00f6vl\u00fcy\u00fcn\u00fc tam b\u0259rpa etm\u0259kl\u0259 regionda dayan\u0131ql\u0131 s\u00fclh\u00fcn yolunu a\u00e7d\u0131\u011f\u0131, yeni reall\u0131qlar\u0131n, qar\u015f\u0131l\u0131ql\u0131 faydal\u0131 \u0259m\u0259kda\u015fl\u0131q imkanlar\u0131n\u0131n yarand\u0131\u011f\u0131 qeyd olunub. Az\u0259rbaycanl\u0131 parlamentari Qo\u015fulmama H\u0259r\u0259kat\u0131n\u0131n \u00f6lk\u0259mizin s\u0259drliyi d\u00f6vr\u00fcnd\u0259 beyn\u0259lxalq m\u00fcst\u0259vid\u0259 geni\u015f n\u00fcfuz qazanmas\u0131ndan dan\u0131\u015f\u0131b, haz\u0131rda H\u0259r\u0259kat yan\u0131nda m\u00fc\u015fahid\u0259\u00e7i statusuna malik olan Meksikan\u0131n tezlikl\u0259 bu beyn\u0259lxalq qurumun tamh\u00fcquqlu \u00fczv\u00fcn\u0259 \u00e7evril\u0259c\u0259yin\u0259 \u00fcmid etdiyini bildirib.<br \/>\nEl\u015fad Mirb\u0259\u015firo\u011flu \u00e7\u0131x\u0131\u015f\u0131nda iki \u00f6lk\u0259 aras\u0131nda m\u00fcxt\u0259lif platformalarda s\u0259m\u0259r\u0259li \u0259m\u0259kda\u015fl\u0131\u011f\u0131n h\u0259yata ke\u00e7irildiyin\u0259 diqq\u0259t \u00e7\u0259kib, Az\u0259rbaycan t\u0259r\u0259finin ke\u00e7mi\u015f Qaraba\u011f m\u00fcnaqi\u015f\u0259si il\u0259 ba\u011fl\u0131 Meksika t\u0259r\u0259finin tutdu\u011fu \u0259dal\u0259tli m\u00f6vqeyi v\u0259 Meksika Konqresinin Xocal\u0131 soyq\u0131r\u0131m\u0131n\u0131 tan\u0131mas\u0131n\u0131 h\u0259r zaman y\u00fcks\u0259k d\u0259y\u0259rl\u0259ndirdiyini bildirib.<br \/>\n\u00d6lk\u0259mizin Meksikadak\u0131 s\u0259firi M\u0259mm\u0259d Tal\u0131bov is\u0259 iki \u00f6lk\u0259 aras\u0131nda bir \u00e7ox sah\u0259l\u0259rd\u0259 \u0259m\u0259kda\u015fl\u0131q \u0259laq\u0259l\u0259rinin inki\u015faf\u0131 \u00fc\u00e7\u00fcn geni\u015f potensial\u0131n m\u00f6vcud oldu\u011funu diqq\u0259t\u0259 \u00e7atd\u0131r\u0131b, s\u0259m\u0259r\u0259li parlament diplomatiyas\u0131n\u0131n ikit\u0259r\u0259fli m\u00fcnasib\u0259tl\u0259rin inki\u015faf\u0131na \u0259lav\u0259 t\u0259kan verdiyini vur\u011fulay\u0131b.<br \/>\n<img decoding=\"async\" class=\"customOther\" src=\"https:\/\/cdn.saat24.az\/uploadedfiles\/custom\/2023\/12\/1\/1\/bff63e49-7aaf-4a03-b03e-93834e8070f7\/0e9e9347-cf5c-4708-ad70-92302c0abd7a.jpg\" \/><img decoding=\"async\" class=\"customOther\" src=\"https:\/\/cdn.saat24.az\/uploadedfiles\/custom\/2023\/12\/1\/1\/43432b71-34b5-4f82-8a9e-adae9b87da0c\/1c643f30-e701-46ea-96f8-27260d2d73b7.jpg\" \/><img decoding=\"async\" class=\"customOther\" src=\"https:\/\/cdn.saat24.az\/uploadedfiles\/custom\/2023\/12\/1\/1\/4db8bd49-bdb5-4653-bd0b-20eb9d8514b3\/e89e8941-b6cf-4053-af5f-03ead90975ad.jpg\" \/><img decoding=\"async\" class=\"customOther\" src=\"https:\/\/cdn.saat24.az\/uploadedfiles\/custom\/2023\/12\/1\/1\/0632f4ce-7c10-44b7-aba2-fbc6e741cedc\/c8de7d52-320f-4062-9257-9dc8de01c593.jpg\" \/><img decoding=\"async\" class=\"customOther\" src=\"https:\/\/cdn.saat24.az\/uploadedfiles\/custom\/2023\/12\/1\/1\/8e7c2b21-08e5-4a64-8285-7582d6b41714\/f48956ae-530b-4fcd-a39d-c8175eca74cc.jpg\" \/><img decoding=\"async\" class=\"customOther\" src=\"https:\/\/cdn.saat24.az\/uploadedfiles\/custom\/2023\/12\/1\/1\/8d34eb81-e8a3-450c-a655-69859a5b4af3\/a5e8de52-e6b5-4770-a284-4f6acec5ea13.jpg\" \/><img decoding=\"async\" class=\"customOther\" src=\"https:\/\/cdn.saat24.az\/uploadedfiles\/custom\/2023\/12\/1\/1\/f47878e5-83c9-486c-8d91-281bfe6cd3ff\/5df09406-42fb-4c5b-8134-2763f48d98af.jpg\" \/><img decoding=\"async\" class=\"customOther\" src=\"https:\/\/cdn.saat24.az\/uploadedfiles\/custom\/2023\/12\/1\/1\/79263eb2-1fb9-4f8c-b5c4-8b4a240bdab6\/0242f5fd-df8c-4616-a320-da308213f14e.jpg\" \/><img decoding=\"async\" class=\"customOther\" src=\"https:\/\/cdn.saat24.az\/uploadedfiles\/custom\/2023\/12\/1\/1\/5976c1b5-18ba-40a4-a228-9a905cd096fa\/5dc3c1a7-f058-40f7-bf41-f31791d40d90.jpg\" \/><img decoding=\"async\" class=\"customOther\" src=\"https:\/\/cdn.saat24.az\/uploadedfiles\/custom\/2023\/12\/1\/1\/85adfca8-c212-49f5-80b8-1cb1d8046976\/97276678-9115-4cb9-be53-148f8dcc5693.jpg\" \/><img decoding=\"async\" class=\"customOther\" src=\"https:\/\/cdn.saat24.az\/uploadedfiles\/custom\/2023\/12\/1\/1\/d82f20eb-d8a4-4950-9a43-42ded9024f26\/b9c55425-dc71-439e-a9f6-0535fae610ac.jpg\" \/><\/p>\n","protected":false},"excerpt":{"rendered":"<p>Meksika il\u0259 parlamentl\u0259raras\u0131 \u0259laq\u0259l\u0259r \u00fczr\u0259 i\u015f\u00e7i qrupunun r\u0259hb\u0259ri Jal\u0259 \u018fliyeva v\u0259 qrupun \u00fczv\u00fc El\u015fad Mirb\u0259\u015firo\u011flu Meksikaya i\u015fg\u00fczar s\u0259f\u0259rl\u0259ri \u00e7\u0259r\u00e7iv\u0259sind\u0259 Meksika Konqresinin Deputatlar Palatas\u0131n\u0131n s\u0259dri Marsela Kastiyo v\u0259 Meksika-Az\u0259rbaycan parlamentl\u0259raras\u0131 dostluq qrupunun \u00fczvl\u0259ri il\u0259 ikit\u0259r\u0259fli g\u00f6r\u00fc\u015fl\u0259r ke\u00e7irilib. M. Kastiyo Milli M\u0259clisin n\u00fcmay\u0259nd\u0259 hey\u0259tinin Meksikaya s\u0259f\u0259rini y\u00fcks\u0259k qiym\u0259tl\u0259ndirdikl\u0259rini bildirib v\u0259 qar\u015f\u0131l\u0131ql\u0131 s\u0259f\u0259rl\u0259rin iki \u00f6lk\u0259 aras\u0131ndak\u0131 parlamentl\u0259raras\u0131 \u0259laq\u0259l\u0259rin [&hellip;]<\/p>\n","protected":false},"author":1,"featured_media":30493,"comment_status":"closed","ping_status":"closed","sticky":false,"template":"","format":"standard","meta":{"footnotes":""},"categories":[63,5],"tags":[],"class_list":{"0":"post-30492","1":"post","2":"type-post","3":"status-publish","4":"format-standard","5":"has-post-thumbnail","7":"category-manset","8":"category-knd"},"yoast_head":"<!-- This site is optimized with the Yoast SEO plugin v27.0 - https:\/\/yoast.com\/product\/yoast-seo-wordpress\/ -->\n<title>Meksika-Az\u0259rbaycan parlamentl\u0259raras\u0131 dostluq qrupunun \u00fczvl\u0259ri il\u0259 ikit\u0259r\u0259fli g\u00f6r\u00fc\u015fl\u0259r ke\u00e7irilib - FOTOLAR - Z\u0259rdab.com<\/title>\n<meta name=\"robots\" content=\"index, follow, max-snippet:-1, max-image-preview:large, max-video-preview:-1\" \/>\n<link rel=\"canonical\" href=\"https:\/\/www.zerdab.com\/?p=30492\" \/>\n<meta property=\"og:locale\" content=\"az_AZ\" \/>\n<meta property=\"og:type\" content=\"article\" \/>\n<meta property=\"og:title\" content=\"Meksika-Az\u0259rbaycan parlamentl\u0259raras\u0131 dostluq qrupunun \u00fczvl\u0259ri il\u0259 ikit\u0259r\u0259fli g\u00f6r\u00fc\u015fl\u0259r ke\u00e7irilib - FOTOLAR - Z\u0259rdab.com\" \/>\n<meta property=\"og:description\" content=\"Meksika il\u0259 parlamentl\u0259raras\u0131 \u0259laq\u0259l\u0259r \u00fczr\u0259 i\u015f\u00e7i qrupunun r\u0259hb\u0259ri Jal\u0259 \u018fliyeva v\u0259 qrupun \u00fczv\u00fc El\u015fad Mirb\u0259\u015firo\u011flu Meksikaya i\u015fg\u00fczar s\u0259f\u0259rl\u0259ri \u00e7\u0259r\u00e7iv\u0259sind\u0259 Meksika Konqresinin Deputatlar Palatas\u0131n\u0131n s\u0259dri Marsela Kastiyo v\u0259 Meksika-Az\u0259rbaycan parlamentl\u0259raras\u0131 dostluq qrupunun \u00fczvl\u0259ri il\u0259 ikit\u0259r\u0259fli g\u00f6r\u00fc\u015fl\u0259r ke\u00e7irilib. M. Kastiyo Milli M\u0259clisin n\u00fcmay\u0259nd\u0259 hey\u0259tinin Meksikaya s\u0259f\u0259rini y\u00fcks\u0259k qiym\u0259tl\u0259ndirdikl\u0259rini bildirib v\u0259 qar\u015f\u0131l\u0131ql\u0131 s\u0259f\u0259rl\u0259rin iki \u00f6lk\u0259 aras\u0131ndak\u0131 parlamentl\u0259raras\u0131 \u0259laq\u0259l\u0259rin [&hellip;]\" \/>\n<meta property=\"og:url\" content=\"https:\/\/www.zerdab.com\/?p=30492\" \/>\n<meta property=\"og:site_name\" content=\"Z\u0259rdab.com\" \/>\n<meta property=\"article:published_time\" content=\"2023-12-01T16:24:13+00:00\" \/>\n<meta property=\"article:modified_time\" content=\"2023-12-01T16:25:45+00:00\" \/>\n<meta property=\"og:image\" content=\"https:\/\/www.zerdab.com\/wp-content\/uploads\/2023\/12\/jale-eliyeva-gorus-meksika.jpg\" \/>\n\t<meta property=\"og:image:width\" content=\"800\" \/>\n\t<meta property=\"og:image:height\" content=\"600\" \/>\n\t<meta property=\"og:image:type\" content=\"image\/jpeg\" \/>\n<meta name=\"author\" content=\"admin\" \/>\n<meta name=\"twitter:card\" content=\"summary_large_image\" \/>\n<meta name=\"twitter:label1\" content=\"Written by\" \/>\n\t<meta name=\"twitter:data1\" content=\"admin\" \/>\n\t<meta name=\"twitter:label2\" content=\"Est. reading time\" \/>\n\t<meta name=\"twitter:data2\" content=\"5 minutes\" \/>\n<script type=\"application\/ld+json\" class=\"yoast-schema-graph\">{\"@context\":\"https:\/\/schema.org\",\"@graph\":[{\"@type\":\"Article\",\"@id\":\"https:\/\/www.zerdab.com\/?p=30492#article\",\"isPartOf\":{\"@id\":\"https:\/\/www.zerdab.com\/?p=30492\"},\"author\":{\"name\":\"admin\",\"@id\":\"https:\/\/www.zerdab.com\/#\/schema\/person\/97079b7570c1e89ec0d9e138c3672136\"},\"headline\":\"Meksika-Az\u0259rbaycan parlamentl\u0259raras\u0131 dostluq qrupunun \u00fczvl\u0259ri il\u0259 ikit\u0259r\u0259fli g\u00f6r\u00fc\u015fl\u0259r ke\u00e7irilib &#8211; FOTOLAR\",\"datePublished\":\"2023-12-01T16:24:13+00:00\",\"dateModified\":\"2023-12-01T16:25:45+00:00\",\"mainEntityOfPage\":{\"@id\":\"https:\/\/www.zerdab.com\/?p=30492\"},\"wordCount\":685,\"image\":{\"@id\":\"https:\/\/www.zerdab.com\/?p=30492#primaryimage\"},\"thumbnailUrl\":\"https:\/\/www.zerdab.com\/wp-content\/uploads\/2023\/12\/jale-eliyeva-gorus-meksika.jpg\",\"articleSection\":[\"MAN\u015eET\",\"X\u018fB\u018fRL\u018fR\"],\"inLanguage\":\"az\"},{\"@type\":\"WebPage\",\"@id\":\"https:\/\/www.zerdab.com\/?p=30492\",\"url\":\"https:\/\/www.zerdab.com\/?p=30492\",\"name\":\"Meksika-Az\u0259rbaycan parlamentl\u0259raras\u0131 dostluq qrupunun \u00fczvl\u0259ri il\u0259 ikit\u0259r\u0259fli g\u00f6r\u00fc\u015fl\u0259r ke\u00e7irilib - FOTOLAR - Z\u0259rdab.com\",\"isPartOf\":{\"@id\":\"https:\/\/www.zerdab.com\/#website\"},\"primaryImageOfPage\":{\"@id\":\"https:\/\/www.zerdab.com\/?p=30492#primaryimage\"},\"image\":{\"@id\":\"https:\/\/www.zerdab.com\/?p=30492#primaryimage\"},\"thumbnailUrl\":\"https:\/\/www.zerdab.com\/wp-content\/uploads\/2023\/12\/jale-eliyeva-gorus-meksika.jpg\",\"datePublished\":\"2023-12-01T16:24:13+00:00\",\"dateModified\":\"2023-12-01T16:25:45+00:00\",\"author\":{\"@id\":\"https:\/\/www.zerdab.com\/#\/schema\/person\/97079b7570c1e89ec0d9e138c3672136\"},\"breadcrumb\":{\"@id\":\"https:\/\/www.zerdab.com\/?p=30492#breadcrumb\"},\"inLanguage\":\"az\",\"potentialAction\":[{\"@type\":\"ReadAction\",\"target\":[\"https:\/\/www.zerdab.com\/?p=30492\"]}]},{\"@type\":\"ImageObject\",\"inLanguage\":\"az\",\"@id\":\"https:\/\/www.zerdab.com\/?p=30492#primaryimage\",\"url\":\"https:\/\/www.zerdab.com\/wp-content\/uploads\/2023\/12\/jale-eliyeva-gorus-meksika.jpg\",\"contentUrl\":\"https:\/\/www.zerdab.com\/wp-content\/uploads\/2023\/12\/jale-eliyeva-gorus-meksika.jpg\",\"width\":800,\"height\":600,\"caption\":\"jale-eliyeva-gorus-meksika.png\"},{\"@type\":\"BreadcrumbList\",\"@id\":\"https:\/\/www.zerdab.com\/?p=30492#breadcrumb\",\"itemListElement\":[{\"@type\":\"ListItem\",\"position\":1,\"name\":\"Home\",\"item\":\"https:\/\/www.zerdab.com\/\"},{\"@type\":\"ListItem\",\"position\":2,\"name\":\"Meksika-Az\u0259rbaycan parlamentl\u0259raras\u0131 dostluq qrupunun \u00fczvl\u0259ri il\u0259 ikit\u0259r\u0259fli g\u00f6r\u00fc\u015fl\u0259r ke\u00e7irilib &#8211; FOTOLAR\"}]},{\"@type\":\"WebSite\",\"@id\":\"https:\/\/www.zerdab.com\/#website\",\"url\":\"https:\/\/www.zerdab.com\/\",\"name\":\"Z\u0259rdab.com\",\"description\":\"\",\"potentialAction\":[{\"@type\":\"SearchAction\",\"target\":{\"@type\":\"EntryPoint\",\"urlTemplate\":\"https:\/\/www.zerdab.com\/?s={search_term_string}\"},\"query-input\":{\"@type\":\"PropertyValueSpecification\",\"valueRequired\":true,\"valueName\":\"search_term_string\"}}],\"inLanguage\":\"az\"},{\"@type\":\"Person\",\"@id\":\"https:\/\/www.zerdab.com\/#\/schema\/person\/97079b7570c1e89ec0d9e138c3672136\",\"name\":\"admin\",\"image\":{\"@type\":\"ImageObject\",\"inLanguage\":\"az\",\"@id\":\"https:\/\/www.zerdab.com\/#\/schema\/person\/image\/\",\"url\":\"https:\/\/secure.gravatar.com\/avatar\/d9c52a9a27c32119cb6679a077fa3e2779e5f822c451cbf01098004361d466ec?s=96&d=mm&r=g\",\"contentUrl\":\"https:\/\/secure.gravatar.com\/avatar\/d9c52a9a27c32119cb6679a077fa3e2779e5f822c451cbf01098004361d466ec?s=96&d=mm&r=g\",\"caption\":\"admin\"},\"url\":\"https:\/\/www.zerdab.com\/?author=1\"}]}<\/script>\n<!-- \/ Yoast SEO plugin. -->","yoast_head_json":{"title":"Meksika-Az\u0259rbaycan parlamentl\u0259raras\u0131 dostluq qrupunun \u00fczvl\u0259ri il\u0259 ikit\u0259r\u0259fli g\u00f6r\u00fc\u015fl\u0259r ke\u00e7irilib - FOTOLAR - Z\u0259rdab.com","robots":{"index":"index","follow":"follow","max-snippet":"max-snippet:-1","max-image-preview":"max-image-preview:large","max-video-preview":"max-video-preview:-1"},"canonical":"https:\/\/www.zerdab.com\/?p=30492","og_locale":"az_AZ","og_type":"article","og_title":"Meksika-Az\u0259rbaycan parlamentl\u0259raras\u0131 dostluq qrupunun \u00fczvl\u0259ri il\u0259 ikit\u0259r\u0259fli g\u00f6r\u00fc\u015fl\u0259r ke\u00e7irilib - FOTOLAR - Z\u0259rdab.com","og_description":"Meksika il\u0259 parlamentl\u0259raras\u0131 \u0259laq\u0259l\u0259r \u00fczr\u0259 i\u015f\u00e7i qrupunun r\u0259hb\u0259ri Jal\u0259 \u018fliyeva v\u0259 qrupun \u00fczv\u00fc El\u015fad Mirb\u0259\u015firo\u011flu Meksikaya i\u015fg\u00fczar s\u0259f\u0259rl\u0259ri \u00e7\u0259r\u00e7iv\u0259sind\u0259 Meksika Konqresinin Deputatlar Palatas\u0131n\u0131n s\u0259dri Marsela Kastiyo v\u0259 Meksika-Az\u0259rbaycan parlamentl\u0259raras\u0131 dostluq qrupunun \u00fczvl\u0259ri il\u0259 ikit\u0259r\u0259fli g\u00f6r\u00fc\u015fl\u0259r ke\u00e7irilib. M. Kastiyo Milli M\u0259clisin n\u00fcmay\u0259nd\u0259 hey\u0259tinin Meksikaya s\u0259f\u0259rini y\u00fcks\u0259k qiym\u0259tl\u0259ndirdikl\u0259rini bildirib v\u0259 qar\u015f\u0131l\u0131ql\u0131 s\u0259f\u0259rl\u0259rin iki \u00f6lk\u0259 aras\u0131ndak\u0131 parlamentl\u0259raras\u0131 \u0259laq\u0259l\u0259rin [&hellip;]","og_url":"https:\/\/www.zerdab.com\/?p=30492","og_site_name":"Z\u0259rdab.com","article_published_time":"2023-12-01T16:24:13+00:00","article_modified_time":"2023-12-01T16:25:45+00:00","og_image":[{"width":800,"height":600,"url":"https:\/\/www.zerdab.com\/wp-content\/uploads\/2023\/12\/jale-eliyeva-gorus-meksika.jpg","type":"image\/jpeg"}],"author":"admin","twitter_card":"summary_large_image","twitter_misc":{"Written by":"admin","Est. reading time":"5 minutes"},"schema":{"@context":"https:\/\/schema.org","@graph":[{"@type":"Article","@id":"https:\/\/www.zerdab.com\/?p=30492#article","isPartOf":{"@id":"https:\/\/www.zerdab.com\/?p=30492"},"author":{"name":"admin","@id":"https:\/\/www.zerdab.com\/#\/schema\/person\/97079b7570c1e89ec0d9e138c3672136"},"headline":"Meksika-Az\u0259rbaycan parlamentl\u0259raras\u0131 dostluq qrupunun \u00fczvl\u0259ri il\u0259 ikit\u0259r\u0259fli g\u00f6r\u00fc\u015fl\u0259r ke\u00e7irilib &#8211; FOTOLAR","datePublished":"2023-12-01T16:24:13+00:00","dateModified":"2023-12-01T16:25:45+00:00","mainEntityOfPage":{"@id":"https:\/\/www.zerdab.com\/?p=30492"},"wordCount":685,"image":{"@id":"https:\/\/www.zerdab.com\/?p=30492#primaryimage"},"thumbnailUrl":"https:\/\/www.zerdab.com\/wp-content\/uploads\/2023\/12\/jale-eliyeva-gorus-meksika.jpg","articleSection":["MAN\u015eET","X\u018fB\u018fRL\u018fR"],"inLanguage":"az"},{"@type":"WebPage","@id":"https:\/\/www.zerdab.com\/?p=30492","url":"https:\/\/www.zerdab.com\/?p=30492","name":"Meksika-Az\u0259rbaycan parlamentl\u0259raras\u0131 dostluq qrupunun \u00fczvl\u0259ri il\u0259 ikit\u0259r\u0259fli g\u00f6r\u00fc\u015fl\u0259r ke\u00e7irilib - FOTOLAR - Z\u0259rdab.com","isPartOf":{"@id":"https:\/\/www.zerdab.com\/#website"},"primaryImageOfPage":{"@id":"https:\/\/www.zerdab.com\/?p=30492#primaryimage"},"image":{"@id":"https:\/\/www.zerdab.com\/?p=30492#primaryimage"},"thumbnailUrl":"https:\/\/www.zerdab.com\/wp-content\/uploads\/2023\/12\/jale-eliyeva-gorus-meksika.jpg","datePublished":"2023-12-01T16:24:13+00:00","dateModified":"2023-12-01T16:25:45+00:00","author":{"@id":"https:\/\/www.zerdab.com\/#\/schema\/person\/97079b7570c1e89ec0d9e138c3672136"},"breadcrumb":{"@id":"https:\/\/www.zerdab.com\/?p=30492#breadcrumb"},"inLanguage":"az","potentialAction":[{"@type":"ReadAction","target":["https:\/\/www.zerdab.com\/?p=30492"]}]},{"@type":"ImageObject","inLanguage":"az","@id":"https:\/\/www.zerdab.com\/?p=30492#primaryimage","url":"https:\/\/www.zerdab.com\/wp-content\/uploads\/2023\/12\/jale-eliyeva-gorus-meksika.jpg","contentUrl":"https:\/\/www.zerdab.com\/wp-content\/uploads\/2023\/12\/jale-eliyeva-gorus-meksika.jpg","width":800,"height":600,"caption":"jale-eliyeva-gorus-meksika.png"},{"@type":"BreadcrumbList","@id":"https:\/\/www.zerdab.com\/?p=30492#breadcrumb","itemListElement":[{"@type":"ListItem","position":1,"name":"Home","item":"https:\/\/www.zerdab.com\/"},{"@type":"ListItem","position":2,"name":"Meksika-Az\u0259rbaycan parlamentl\u0259raras\u0131 dostluq qrupunun \u00fczvl\u0259ri il\u0259 ikit\u0259r\u0259fli g\u00f6r\u00fc\u015fl\u0259r ke\u00e7irilib &#8211; FOTOLAR"}]},{"@type":"WebSite","@id":"https:\/\/www.zerdab.com\/#website","url":"https:\/\/www.zerdab.com\/","name":"Z\u0259rdab.com","description":"","potentialAction":[{"@type":"SearchAction","target":{"@type":"EntryPoint","urlTemplate":"https:\/\/www.zerdab.com\/?s={search_term_string}"},"query-input":{"@type":"PropertyValueSpecification","valueRequired":true,"valueName":"search_term_string"}}],"inLanguage":"az"},{"@type":"Person","@id":"https:\/\/www.zerdab.com\/#\/schema\/person\/97079b7570c1e89ec0d9e138c3672136","name":"admin","image":{"@type":"ImageObject","inLanguage":"az","@id":"https:\/\/www.zerdab.com\/#\/schema\/person\/image\/","url":"https:\/\/secure.gravatar.com\/avatar\/d9c52a9a27c32119cb6679a077fa3e2779e5f822c451cbf01098004361d466ec?s=96&d=mm&r=g","contentUrl":"https:\/\/secure.gravatar.com\/avatar\/d9c52a9a27c32119cb6679a077fa3e2779e5f822c451cbf01098004361d466ec?s=96&d=mm&r=g","caption":"admin"},"url":"https:\/\/www.zerdab.com\/?author=1"}]}},"_links":{"self":[{"href":"https:\/\/www.zerdab.com\/index.php?rest_route=\/wp\/v2\/posts\/30492","targetHints":{"allow":["GET"]}}],"collection":[{"href":"https:\/\/www.zerdab.com\/index.php?rest_route=\/wp\/v2\/posts"}],"about":[{"href":"https:\/\/www.zerdab.com\/index.php?rest_route=\/wp\/v2\/types\/post"}],"author":[{"embeddable":true,"href":"https:\/\/www.zerdab.com\/index.php?rest_route=\/wp\/v2\/users\/1"}],"replies":[{"embeddable":true,"href":"https:\/\/www.zerdab.com\/index.php?rest_route=%2Fwp%2Fv2%2Fcomments&post=30492"}],"version-history":[{"count":3,"href":"https:\/\/www.zerdab.com\/index.php?rest_route=\/wp\/v2\/posts\/30492\/revisions"}],"predecessor-version":[{"id":30496,"href":"https:\/\/www.zerdab.com\/index.php?rest_route=\/wp\/v2\/posts\/30492\/revisions\/30496"}],"wp:featuredmedia":[{"embeddable":true,"href":"https:\/\/www.zerdab.com\/index.php?rest_route=\/wp\/v2\/media\/30493"}],"wp:attachment":[{"href":"https:\/\/www.zerdab.com\/index.php?rest_route=%2Fwp%2Fv2%2Fmedia&parent=30492"}],"wp:term":[{"taxonomy":"category","embeddable":true,"href":"https:\/\/www.zerdab.com\/index.php?rest_route=%2Fwp%2Fv2%2Fcategories&post=30492"},{"taxonomy":"post_tag","embeddable":true,"href":"https:\/\/www.zerdab.com\/index.php?rest_route=%2Fwp%2Fv2%2Ftags&post=30492"}],"curies":[{"name":"wp","href":"https:\/\/api.w.org\/{rel}","templated":true}]}}