{"id":30550,"date":"2023-12-07T13:02:21","date_gmt":"2023-12-07T09:02:21","guid":{"rendered":"https:\/\/www.zerdab.com\/?p=30550"},"modified":"2023-12-07T13:04:06","modified_gmt":"2023-12-07T09:04:06","slug":"az%c9%99rbaycanda-novb%c9%99d%c9%99nk%c9%99nar-prezident-seckil%c9%99ri-keciril%c9%99c%c9%99k","status":"publish","type":"post","link":"https:\/\/www.zerdab.com\/?p=30550","title":{"rendered":"Az\u0259rbaycanda n\u00f6vb\u0259d\u0259nk\u0259nar Prezident se\u00e7kil\u0259ri ke\u00e7iril\u0259c\u0259k"},"content":{"rendered":"<p><strong>Az\u0259rbaycan Respublikas\u0131n\u0131n Prezidenti\u00a0\u0130lham \u018fliyev\u00a0n\u00f6vb\u0259d\u0259nk\u0259nar prezident se\u00e7kil\u0259rinin ke\u00e7irilm\u0259si bar\u0259d\u0259 s\u0259r\u0259ncam imzalay\u0131b.<\/strong><\/p>\n<p><strong>Zerdab.com<\/strong>\u00a0x\u0259b\u0259r verir ki, bu bar\u0259d\u0259 President.az\u00a0m\u0259lumat yay\u0131b.<\/p>\n<p>S\u0259r\u0259ncamda deyilir:<\/p>\n<p>\u201c1. N\u00f6vb\u0259d\u0259nk\u0259nar Az\u0259rbaycan Respublikas\u0131 Prezidenti se\u00e7kil\u0259ri elan edilsin.<\/p>\n<p>2. Az\u0259rbaycan Respublikas\u0131n\u0131n M\u0259rk\u0259zi Se\u00e7ki Komissiyas\u0131 n\u00f6vb\u0259d\u0259nk\u0259nar Az\u0259rbaycan Respublikas\u0131 Prezidenti se\u00e7kil\u0259rinin 2024-c\u00fc il fevral\u0131n 7-n\u0259 t\u0259yin olunmas\u0131n\u0131 v\u0259 Az\u0259rbaycan Respublikas\u0131n\u0131n Se\u00e7ki M\u0259c\u0259ll\u0259sind\u0259 m\u00fc\u0259yy\u0259n edilmi\u015f qaydada ke\u00e7irilm\u0259sini t\u0259min etsin\u201d.<\/p>\n","protected":false},"excerpt":{"rendered":"<p>Az\u0259rbaycan Respublikas\u0131n\u0131n Prezidenti\u00a0\u0130lham \u018fliyev\u00a0n\u00f6vb\u0259d\u0259nk\u0259nar prezident se\u00e7kil\u0259rinin ke\u00e7irilm\u0259si bar\u0259d\u0259 s\u0259r\u0259ncam imzalay\u0131b. Zerdab.com\u00a0x\u0259b\u0259r verir ki, bu bar\u0259d\u0259 President.az\u00a0m\u0259lumat yay\u0131b. S\u0259r\u0259ncamda deyilir: \u201c1. N\u00f6vb\u0259d\u0259nk\u0259nar Az\u0259rbaycan Respublikas\u0131 Prezidenti se\u00e7kil\u0259ri elan edilsin. 2. Az\u0259rbaycan Respublikas\u0131n\u0131n M\u0259rk\u0259zi Se\u00e7ki Komissiyas\u0131 n\u00f6vb\u0259d\u0259nk\u0259nar Az\u0259rbaycan Respublikas\u0131 Prezidenti se\u00e7kil\u0259rinin 2024-c\u00fc il fevral\u0131n 7-n\u0259 t\u0259yin olunmas\u0131n\u0131 v\u0259 Az\u0259rbaycan Respublikas\u0131n\u0131n Se\u00e7ki M\u0259c\u0259ll\u0259sind\u0259 m\u00fc\u0259yy\u0259n edilmi\u015f qaydada ke\u00e7irilm\u0259sini t\u0259min etsin\u201d.<\/p>\n","protected":false},"author":1,"featured_media":30551,"comment_status":"closed","ping_status":"closed","sticky":false,"template":"","format":"standard","meta":{"footnotes":""},"categories":[63,5],"tags":[],"class_list":{"0":"post-30550","1":"post","2":"type-post","3":"status-publish","4":"format-standard","5":"has-post-thumbnail","7":"category-manset","8":"category-knd"},"yoast_head":"<!-- This site is optimized with the Yoast SEO plugin v27.0 - https:\/\/yoast.com\/product\/yoast-seo-wordpress\/ -->\n<title>Az\u0259rbaycanda n\u00f6vb\u0259d\u0259nk\u0259nar Prezident se\u00e7kil\u0259ri ke\u00e7iril\u0259c\u0259k - Z\u0259rdab.com<\/title>\n<meta name=\"robots\" content=\"index, follow, max-snippet:-1, max-image-preview:large, max-video-preview:-1\" \/>\n<link rel=\"canonical\" href=\"https:\/\/www.zerdab.com\/?p=30550\" \/>\n<meta property=\"og:locale\" content=\"az_AZ\" \/>\n<meta property=\"og:type\" content=\"article\" \/>\n<meta property=\"og:title\" content=\"Az\u0259rbaycanda n\u00f6vb\u0259d\u0259nk\u0259nar Prezident se\u00e7kil\u0259ri ke\u00e7iril\u0259c\u0259k - Z\u0259rdab.com\" \/>\n<meta property=\"og:description\" content=\"Az\u0259rbaycan Respublikas\u0131n\u0131n Prezidenti\u00a0\u0130lham \u018fliyev\u00a0n\u00f6vb\u0259d\u0259nk\u0259nar prezident se\u00e7kil\u0259rinin ke\u00e7irilm\u0259si bar\u0259d\u0259 s\u0259r\u0259ncam imzalay\u0131b. Zerdab.com\u00a0x\u0259b\u0259r verir ki, bu bar\u0259d\u0259 President.az\u00a0m\u0259lumat yay\u0131b. S\u0259r\u0259ncamda deyilir: \u201c1. N\u00f6vb\u0259d\u0259nk\u0259nar Az\u0259rbaycan Respublikas\u0131 Prezidenti se\u00e7kil\u0259ri elan edilsin. 2. Az\u0259rbaycan Respublikas\u0131n\u0131n M\u0259rk\u0259zi Se\u00e7ki Komissiyas\u0131 n\u00f6vb\u0259d\u0259nk\u0259nar Az\u0259rbaycan Respublikas\u0131 Prezidenti se\u00e7kil\u0259rinin 2024-c\u00fc il fevral\u0131n 7-n\u0259 t\u0259yin olunmas\u0131n\u0131 v\u0259 Az\u0259rbaycan Respublikas\u0131n\u0131n Se\u00e7ki M\u0259c\u0259ll\u0259sind\u0259 m\u00fc\u0259yy\u0259n edilmi\u015f qaydada ke\u00e7irilm\u0259sini t\u0259min etsin\u201d.\" \/>\n<meta property=\"og:url\" content=\"https:\/\/www.zerdab.com\/?p=30550\" \/>\n<meta property=\"og:site_name\" content=\"Z\u0259rdab.com\" \/>\n<meta property=\"article:published_time\" content=\"2023-12-07T09:02:21+00:00\" \/>\n<meta property=\"article:modified_time\" content=\"2023-12-07T09:04:06+00:00\" \/>\n<meta property=\"og:image\" content=\"http:\/\/www.zerdab.com\/wp-content\/uploads\/2023\/12\/secki-png.jpg\" \/>\n\t<meta property=\"og:image:width\" content=\"637\" \/>\n\t<meta property=\"og:image:height\" content=\"400\" \/>\n\t<meta property=\"og:image:type\" content=\"image\/jpeg\" \/>\n<meta name=\"author\" content=\"admin\" \/>\n<meta name=\"twitter:card\" content=\"summary_large_image\" \/>\n<meta name=\"twitter:label1\" content=\"Written by\" \/>\n\t<meta name=\"twitter:data1\" content=\"admin\" \/>\n\t<meta name=\"twitter:label2\" content=\"Est. reading time\" \/>\n\t<meta name=\"twitter:data2\" content=\"1 minute\" \/>\n<script type=\"application\/ld+json\" class=\"yoast-schema-graph\">{\"@context\":\"https:\/\/schema.org\",\"@graph\":[{\"@type\":\"Article\",\"@id\":\"https:\/\/www.zerdab.com\/?p=30550#article\",\"isPartOf\":{\"@id\":\"https:\/\/www.zerdab.com\/?p=30550\"},\"author\":{\"name\":\"admin\",\"@id\":\"https:\/\/www.zerdab.com\/#\/schema\/person\/97079b7570c1e89ec0d9e138c3672136\"},\"headline\":\"Az\u0259rbaycanda n\u00f6vb\u0259d\u0259nk\u0259nar Prezident se\u00e7kil\u0259ri ke\u00e7iril\u0259c\u0259k\",\"datePublished\":\"2023-12-07T09:02:21+00:00\",\"dateModified\":\"2023-12-07T09:04:06+00:00\",\"mainEntityOfPage\":{\"@id\":\"https:\/\/www.zerdab.com\/?p=30550\"},\"wordCount\":131,\"image\":{\"@id\":\"https:\/\/www.zerdab.com\/?p=30550#primaryimage\"},\"thumbnailUrl\":\"https:\/\/www.zerdab.com\/wp-content\/uploads\/2023\/12\/secki-png.jpg\",\"articleSection\":[\"MAN\u015eET\",\"X\u018fB\u018fRL\u018fR\"],\"inLanguage\":\"az\"},{\"@type\":\"WebPage\",\"@id\":\"https:\/\/www.zerdab.com\/?p=30550\",\"url\":\"https:\/\/www.zerdab.com\/?p=30550\",\"name\":\"Az\u0259rbaycanda n\u00f6vb\u0259d\u0259nk\u0259nar Prezident se\u00e7kil\u0259ri ke\u00e7iril\u0259c\u0259k - Z\u0259rdab.com\",\"isPartOf\":{\"@id\":\"https:\/\/www.zerdab.com\/#website\"},\"primaryImageOfPage\":{\"@id\":\"https:\/\/www.zerdab.com\/?p=30550#primaryimage\"},\"image\":{\"@id\":\"https:\/\/www.zerdab.com\/?p=30550#primaryimage\"},\"thumbnailUrl\":\"https:\/\/www.zerdab.com\/wp-content\/uploads\/2023\/12\/secki-png.jpg\",\"datePublished\":\"2023-12-07T09:02:21+00:00\",\"dateModified\":\"2023-12-07T09:04:06+00:00\",\"author\":{\"@id\":\"https:\/\/www.zerdab.com\/#\/schema\/person\/97079b7570c1e89ec0d9e138c3672136\"},\"breadcrumb\":{\"@id\":\"https:\/\/www.zerdab.com\/?p=30550#breadcrumb\"},\"inLanguage\":\"az\",\"potentialAction\":[{\"@type\":\"ReadAction\",\"target\":[\"https:\/\/www.zerdab.com\/?p=30550\"]}]},{\"@type\":\"ImageObject\",\"inLanguage\":\"az\",\"@id\":\"https:\/\/www.zerdab.com\/?p=30550#primaryimage\",\"url\":\"https:\/\/www.zerdab.com\/wp-content\/uploads\/2023\/12\/secki-png.jpg\",\"contentUrl\":\"https:\/\/www.zerdab.com\/wp-content\/uploads\/2023\/12\/secki-png.jpg\",\"width\":637,\"height\":400},{\"@type\":\"BreadcrumbList\",\"@id\":\"https:\/\/www.zerdab.com\/?p=30550#breadcrumb\",\"itemListElement\":[{\"@type\":\"ListItem\",\"position\":1,\"name\":\"Home\",\"item\":\"https:\/\/www.zerdab.com\/\"},{\"@type\":\"ListItem\",\"position\":2,\"name\":\"Az\u0259rbaycanda n\u00f6vb\u0259d\u0259nk\u0259nar Prezident se\u00e7kil\u0259ri ke\u00e7iril\u0259c\u0259k\"}]},{\"@type\":\"WebSite\",\"@id\":\"https:\/\/www.zerdab.com\/#website\",\"url\":\"https:\/\/www.zerdab.com\/\",\"name\":\"Z\u0259rdab.com\",\"description\":\"\",\"potentialAction\":[{\"@type\":\"SearchAction\",\"target\":{\"@type\":\"EntryPoint\",\"urlTemplate\":\"https:\/\/www.zerdab.com\/?s={search_term_string}\"},\"query-input\":{\"@type\":\"PropertyValueSpecification\",\"valueRequired\":true,\"valueName\":\"search_term_string\"}}],\"inLanguage\":\"az\"},{\"@type\":\"Person\",\"@id\":\"https:\/\/www.zerdab.com\/#\/schema\/person\/97079b7570c1e89ec0d9e138c3672136\",\"name\":\"admin\",\"image\":{\"@type\":\"ImageObject\",\"inLanguage\":\"az\",\"@id\":\"https:\/\/www.zerdab.com\/#\/schema\/person\/image\/\",\"url\":\"https:\/\/secure.gravatar.com\/avatar\/d9c52a9a27c32119cb6679a077fa3e2779e5f822c451cbf01098004361d466ec?s=96&d=mm&r=g\",\"contentUrl\":\"https:\/\/secure.gravatar.com\/avatar\/d9c52a9a27c32119cb6679a077fa3e2779e5f822c451cbf01098004361d466ec?s=96&d=mm&r=g\",\"caption\":\"admin\"},\"url\":\"https:\/\/www.zerdab.com\/?author=1\"}]}<\/script>\n<!-- \/ Yoast SEO plugin. -->","yoast_head_json":{"title":"Az\u0259rbaycanda n\u00f6vb\u0259d\u0259nk\u0259nar Prezident se\u00e7kil\u0259ri ke\u00e7iril\u0259c\u0259k - Z\u0259rdab.com","robots":{"index":"index","follow":"follow","max-snippet":"max-snippet:-1","max-image-preview":"max-image-preview:large","max-video-preview":"max-video-preview:-1"},"canonical":"https:\/\/www.zerdab.com\/?p=30550","og_locale":"az_AZ","og_type":"article","og_title":"Az\u0259rbaycanda n\u00f6vb\u0259d\u0259nk\u0259nar Prezident se\u00e7kil\u0259ri ke\u00e7iril\u0259c\u0259k - Z\u0259rdab.com","og_description":"Az\u0259rbaycan Respublikas\u0131n\u0131n Prezidenti\u00a0\u0130lham \u018fliyev\u00a0n\u00f6vb\u0259d\u0259nk\u0259nar prezident se\u00e7kil\u0259rinin ke\u00e7irilm\u0259si bar\u0259d\u0259 s\u0259r\u0259ncam imzalay\u0131b. Zerdab.com\u00a0x\u0259b\u0259r verir ki, bu bar\u0259d\u0259 President.az\u00a0m\u0259lumat yay\u0131b. S\u0259r\u0259ncamda deyilir: \u201c1. N\u00f6vb\u0259d\u0259nk\u0259nar Az\u0259rbaycan Respublikas\u0131 Prezidenti se\u00e7kil\u0259ri elan edilsin. 2. Az\u0259rbaycan Respublikas\u0131n\u0131n M\u0259rk\u0259zi Se\u00e7ki Komissiyas\u0131 n\u00f6vb\u0259d\u0259nk\u0259nar Az\u0259rbaycan Respublikas\u0131 Prezidenti se\u00e7kil\u0259rinin 2024-c\u00fc il fevral\u0131n 7-n\u0259 t\u0259yin olunmas\u0131n\u0131 v\u0259 Az\u0259rbaycan Respublikas\u0131n\u0131n Se\u00e7ki M\u0259c\u0259ll\u0259sind\u0259 m\u00fc\u0259yy\u0259n edilmi\u015f qaydada ke\u00e7irilm\u0259sini t\u0259min etsin\u201d.","og_url":"https:\/\/www.zerdab.com\/?p=30550","og_site_name":"Z\u0259rdab.com","article_published_time":"2023-12-07T09:02:21+00:00","article_modified_time":"2023-12-07T09:04:06+00:00","og_image":[{"width":637,"height":400,"url":"http:\/\/www.zerdab.com\/wp-content\/uploads\/2023\/12\/secki-png.jpg","type":"image\/jpeg"}],"author":"admin","twitter_card":"summary_large_image","twitter_misc":{"Written by":"admin","Est. reading time":"1 minute"},"schema":{"@context":"https:\/\/schema.org","@graph":[{"@type":"Article","@id":"https:\/\/www.zerdab.com\/?p=30550#article","isPartOf":{"@id":"https:\/\/www.zerdab.com\/?p=30550"},"author":{"name":"admin","@id":"https:\/\/www.zerdab.com\/#\/schema\/person\/97079b7570c1e89ec0d9e138c3672136"},"headline":"Az\u0259rbaycanda n\u00f6vb\u0259d\u0259nk\u0259nar Prezident se\u00e7kil\u0259ri ke\u00e7iril\u0259c\u0259k","datePublished":"2023-12-07T09:02:21+00:00","dateModified":"2023-12-07T09:04:06+00:00","mainEntityOfPage":{"@id":"https:\/\/www.zerdab.com\/?p=30550"},"wordCount":131,"image":{"@id":"https:\/\/www.zerdab.com\/?p=30550#primaryimage"},"thumbnailUrl":"https:\/\/www.zerdab.com\/wp-content\/uploads\/2023\/12\/secki-png.jpg","articleSection":["MAN\u015eET","X\u018fB\u018fRL\u018fR"],"inLanguage":"az"},{"@type":"WebPage","@id":"https:\/\/www.zerdab.com\/?p=30550","url":"https:\/\/www.zerdab.com\/?p=30550","name":"Az\u0259rbaycanda n\u00f6vb\u0259d\u0259nk\u0259nar Prezident se\u00e7kil\u0259ri ke\u00e7iril\u0259c\u0259k - Z\u0259rdab.com","isPartOf":{"@id":"https:\/\/www.zerdab.com\/#website"},"primaryImageOfPage":{"@id":"https:\/\/www.zerdab.com\/?p=30550#primaryimage"},"image":{"@id":"https:\/\/www.zerdab.com\/?p=30550#primaryimage"},"thumbnailUrl":"https:\/\/www.zerdab.com\/wp-content\/uploads\/2023\/12\/secki-png.jpg","datePublished":"2023-12-07T09:02:21+00:00","dateModified":"2023-12-07T09:04:06+00:00","author":{"@id":"https:\/\/www.zerdab.com\/#\/schema\/person\/97079b7570c1e89ec0d9e138c3672136"},"breadcrumb":{"@id":"https:\/\/www.zerdab.com\/?p=30550#breadcrumb"},"inLanguage":"az","potentialAction":[{"@type":"ReadAction","target":["https:\/\/www.zerdab.com\/?p=30550"]}]},{"@type":"ImageObject","inLanguage":"az","@id":"https:\/\/www.zerdab.com\/?p=30550#primaryimage","url":"https:\/\/www.zerdab.com\/wp-content\/uploads\/2023\/12\/secki-png.jpg","contentUrl":"https:\/\/www.zerdab.com\/wp-content\/uploads\/2023\/12\/secki-png.jpg","width":637,"height":400},{"@type":"BreadcrumbList","@id":"https:\/\/www.zerdab.com\/?p=30550#breadcrumb","itemListElement":[{"@type":"ListItem","position":1,"name":"Home","item":"https:\/\/www.zerdab.com\/"},{"@type":"ListItem","position":2,"name":"Az\u0259rbaycanda n\u00f6vb\u0259d\u0259nk\u0259nar Prezident se\u00e7kil\u0259ri ke\u00e7iril\u0259c\u0259k"}]},{"@type":"WebSite","@id":"https:\/\/www.zerdab.com\/#website","url":"https:\/\/www.zerdab.com\/","name":"Z\u0259rdab.com","description":"","potentialAction":[{"@type":"SearchAction","target":{"@type":"EntryPoint","urlTemplate":"https:\/\/www.zerdab.com\/?s={search_term_string}"},"query-input":{"@type":"PropertyValueSpecification","valueRequired":true,"valueName":"search_term_string"}}],"inLanguage":"az"},{"@type":"Person","@id":"https:\/\/www.zerdab.com\/#\/schema\/person\/97079b7570c1e89ec0d9e138c3672136","name":"admin","image":{"@type":"ImageObject","inLanguage":"az","@id":"https:\/\/www.zerdab.com\/#\/schema\/person\/image\/","url":"https:\/\/secure.gravatar.com\/avatar\/d9c52a9a27c32119cb6679a077fa3e2779e5f822c451cbf01098004361d466ec?s=96&d=mm&r=g","contentUrl":"https:\/\/secure.gravatar.com\/avatar\/d9c52a9a27c32119cb6679a077fa3e2779e5f822c451cbf01098004361d466ec?s=96&d=mm&r=g","caption":"admin"},"url":"https:\/\/www.zerdab.com\/?author=1"}]}},"_links":{"self":[{"href":"https:\/\/www.zerdab.com\/index.php?rest_route=\/wp\/v2\/posts\/30550","targetHints":{"allow":["GET"]}}],"collection":[{"href":"https:\/\/www.zerdab.com\/index.php?rest_route=\/wp\/v2\/posts"}],"about":[{"href":"https:\/\/www.zerdab.com\/index.php?rest_route=\/wp\/v2\/types\/post"}],"author":[{"embeddable":true,"href":"https:\/\/www.zerdab.com\/index.php?rest_route=\/wp\/v2\/users\/1"}],"replies":[{"embeddable":true,"href":"https:\/\/www.zerdab.com\/index.php?rest_route=%2Fwp%2Fv2%2Fcomments&post=30550"}],"version-history":[{"count":1,"href":"https:\/\/www.zerdab.com\/index.php?rest_route=\/wp\/v2\/posts\/30550\/revisions"}],"predecessor-version":[{"id":30552,"href":"https:\/\/www.zerdab.com\/index.php?rest_route=\/wp\/v2\/posts\/30550\/revisions\/30552"}],"wp:featuredmedia":[{"embeddable":true,"href":"https:\/\/www.zerdab.com\/index.php?rest_route=\/wp\/v2\/media\/30551"}],"wp:attachment":[{"href":"https:\/\/www.zerdab.com\/index.php?rest_route=%2Fwp%2Fv2%2Fmedia&parent=30550"}],"wp:term":[{"taxonomy":"category","embeddable":true,"href":"https:\/\/www.zerdab.com\/index.php?rest_route=%2Fwp%2Fv2%2Fcategories&post=30550"},{"taxonomy":"post_tag","embeddable":true,"href":"https:\/\/www.zerdab.com\/index.php?rest_route=%2Fwp%2Fv2%2Ftags&post=30550"}],"curies":[{"name":"wp","href":"https:\/\/api.w.org\/{rel}","templated":true}]}}