{"id":30565,"date":"2023-12-12T15:16:11","date_gmt":"2023-12-12T11:16:11","guid":{"rendered":"https:\/\/www.zerdab.com\/?p=30565"},"modified":"2023-12-12T15:18:40","modified_gmt":"2023-12-12T11:18:40","slug":"z%c9%99rdabda-umummilli-lider-heyd%c9%99r-eliyevin-xatir%c9%99si-ehtiramla-yad-edilib-fotolar","status":"publish","type":"post","link":"https:\/\/www.zerdab.com\/?p=30565","title":{"rendered":"Z\u0259rdabda \u00dcmummilli Lider Heyd\u0259r \u018fliyevin xatir\u0259si ehtiramla yad edilib &#8211; FOTOLAR"},"content":{"rendered":"<p>\u00dcmummilli Lider Heyd\u0259r \u018fliyevin an\u0131m g\u00fcn\u00fc il\u0259 ba\u011fl\u0131 Z\u0259rdabda \u00fcmumrayon an\u0131m m\u0259rasimi ke\u00e7irilib.<\/p>\n<p><strong>Zerdab.com<\/strong> sayt\u0131na veril\u0259n m\u0259lumata g\u00f6r\u0259, an\u0131m m\u0259rasimind\u0259 Z\u0259rdab Rayon \u0130cra Hakimiyy\u0259tinin ba\u015f\u00e7\u0131s\u0131, h\u00fcquq m\u00fchafiz\u0259 orqanlar\u0131n\u0131n, idar\u0259, m\u00fc\u0259ssis\u0259, t\u0259\u015fkilatlar\u0131n r\u0259hb\u0259rl\u0259ri v\u0259 ictimaiyy\u0259t n\u00fcmay\u0259nd\u0259l\u0259ri i\u015ftirak edibl\u0259r.<\/p>\n<p>M\u0259rasim i\u015ftirak\u00e7\u0131lar\u0131 \u00f6nc\u0259 \u00dcmummilli Liderin abid\u0259sini ziyar\u0259t ed\u0259r\u0259k \u00f6n\u00fcn\u0259 g\u00fcl d\u0259st\u0259l\u0259ri qoyub, xatir\u0259sini bir d\u0259qiq\u0259lik s\u00fckutla yad edibl\u0259r.<\/p>\n<p>Daha sonra Heyd\u0259r \u018fliyev M\u0259rk\u0259zind\u0259 an\u0131m g\u00fcn\u00fcn\u0259 h\u0259sr olunmu\u015f foto v\u0259 kitablardan ibar\u0259t s\u0259rgiy\u0259 bax\u0131\u015f ke\u00e7irilib.<\/p>\n<p>An\u0131m m\u0259rasimind\u0259 \u00e7\u0131x\u0131\u015f ed\u0259n Z\u0259rdab Rayon \u0130cra Hakimiyy\u0259tinin ba\u015f\u00e7\u0131s\u0131 M\u0259rdan Camalzad\u0259 bildirib ki, Ulu \u00d6nd\u0259r Heyd\u0259r \u018fliyev Az\u0259rbaycana r\u0259hb\u0259rlik etdiyi b\u00fct\u00fcn d\u00f6vrl\u0259rd\u0259 yorulmaz f\u0259aliyy\u0259t g\u00f6st\u0259r\u0259r\u0259k q\u0259lbl\u0259rd\u0259 daimi sevgi, xatir\u0259l\u0259rd\u0259 \u0259b\u0259diya\u015farl\u0131q qazan\u0131b. Q\u0131sa zaman \u0259rzind\u0259 Ulu \u00d6nd\u0259r xalq\u0131m\u0131z\u0131n \u0259srl\u0259r boyunca u\u011frunda \u00e7arp\u0131\u015fd\u0131\u011f\u0131 \u0259n \u00fcmd\u0259 arzusunu reall\u0131\u011fa \u00e7evirmi\u015f, bizl\u0259ri \u0259n y\u00fcks\u0259k m\u0259qama &#8211; m\u00fcst\u0259qilliy\u0259 qovu\u015fdurub.<\/p>\n<p>Ulu \u00d6nd\u0259r Heyd\u0259r \u018fliyevin m\u00fc\u0259yy\u0259nl\u0259\u015fdirdiyi siyas\u0259ti layiqinc\u0259 davam etdir\u0259n Prezident, Ali Ba\u015f Komandan c\u0259nab \u0130lham \u018fliyevin b\u00fct\u00fcn m\u00fcst\u0259vil\u0259rd\u0259, o c\u00fcml\u0259d\u0259n iqtisadi inki\u015faf, ordu quruculu\u011fu, diplomatiya v\u0259 dig\u0259r sah\u0259l\u0259rd\u0259 \u0259ld\u0259 etdiyi u\u011furlar onun r\u0259hb\u0259rliyi il\u0259 Az\u0259rbaycan Silahl\u0131 Q\u00fcvv\u0259l\u0259rinin yazd\u0131\u011f\u0131 Q\u0259l\u0259b\u0259 salnam\u0259sinin \u0259sas\u0131n\u0131 qoydu.<\/p>\n<p>30 il\u0259 yax\u0131n i\u015f\u011fal alt\u0131nda olan torpaqlar\u0131m\u0131z 44 g\u00fcnl\u00fck V\u0259t\u0259n m\u00fcharib\u0259sind\u0259 azad edildi. 2023-c\u00fc ilin sentyabr ay\u0131nda is\u0259 Az\u0259rbaycan\u0131n Qaraba\u011f b\u00f6lg\u0259sind\u0259ki Erm\u0259nistan qanunsuz silahl\u0131 q\u00fcvv\u0259l\u0259rin\u0259 qar\u015f\u0131 ke\u00e7irilmi\u015f lokal xarakterli antiterror t\u0259dbirl\u0259ri n\u0259tic\u0259sind\u0259 \u0259razi b\u00fct\u00f6vl\u00fcy\u00fcm\u00fcz tam b\u0259rpa olundu.<\/p>\n<p>Ulu \u00d6nd\u0259r Heyd\u0259r \u018fliyev siyas\u0259tinin m\u00fcv\u0259ff\u0259qiyy\u0259tl\u0259 h\u0259yata ke\u00e7irilm\u0259si m\u00fcst\u0259qilliyimizi m\u00f6hk\u0259ml\u0259ndirir, beyn\u0259lxalq al\u0259md\u0259 Az\u0259rbaycan\u0131n rolunu v\u0259 n\u00fcfuzunu art\u0131r\u0131r.<\/p>\n<p>Sonda Ulu \u00d6nd\u0259rin h\u0259yat v\u0259 f\u0259aliyy\u0259tind\u0259n b\u0259hs ed\u0259n video \u00e7arx n\u00fcmayi\u015f olunub.<\/p>\n<p><strong>Zerdab.com<\/strong><\/p>\n<p><img loading=\"lazy\" decoding=\"async\" class=\"alignleft size-full wp-image-30567\" src=\"http:\/\/www.zerdab.com\/wp-content\/uploads\/2023\/12\/heyder-eliyev-anim-zerdab1.jpg\" alt=\"heyder-eliyev-anim-zerdab1\" width=\"1024\" height=\"683\" srcset=\"https:\/\/www.zerdab.com\/wp-content\/uploads\/2023\/12\/heyder-eliyev-anim-zerdab1.jpg 1024w, https:\/\/www.zerdab.com\/wp-content\/uploads\/2023\/12\/heyder-eliyev-anim-zerdab1-400x267.jpg 400w, https:\/\/www.zerdab.com\/wp-content\/uploads\/2023\/12\/heyder-eliyev-anim-zerdab1-550x367.jpg 550w, https:\/\/www.zerdab.com\/wp-content\/uploads\/2023\/12\/heyder-eliyev-anim-zerdab1-768x512.jpg 768w, https:\/\/www.zerdab.com\/wp-content\/uploads\/2023\/12\/heyder-eliyev-anim-zerdab1-696x464.jpg 696w, https:\/\/www.zerdab.com\/wp-content\/uploads\/2023\/12\/heyder-eliyev-anim-zerdab1-630x420.jpg 630w\" sizes=\"auto, (max-width: 1024px) 100vw, 1024px\" \/><\/p>\n<p><img loading=\"lazy\" decoding=\"async\" class=\"alignleft size-full wp-image-30568\" src=\"http:\/\/www.zerdab.com\/wp-content\/uploads\/2023\/12\/heyder-eliyev-anim-zerdab11.jpg\" alt=\"heyder-eliyev-anim-zerdab11\" width=\"1024\" height=\"683\" srcset=\"https:\/\/www.zerdab.com\/wp-content\/uploads\/2023\/12\/heyder-eliyev-anim-zerdab11.jpg 1024w, https:\/\/www.zerdab.com\/wp-content\/uploads\/2023\/12\/heyder-eliyev-anim-zerdab11-400x267.jpg 400w, https:\/\/www.zerdab.com\/wp-content\/uploads\/2023\/12\/heyder-eliyev-anim-zerdab11-550x367.jpg 550w, https:\/\/www.zerdab.com\/wp-content\/uploads\/2023\/12\/heyder-eliyev-anim-zerdab11-768x512.jpg 768w, https:\/\/www.zerdab.com\/wp-content\/uploads\/2023\/12\/heyder-eliyev-anim-zerdab11-696x464.jpg 696w, https:\/\/www.zerdab.com\/wp-content\/uploads\/2023\/12\/heyder-eliyev-anim-zerdab11-630x420.jpg 630w\" sizes=\"auto, (max-width: 1024px) 100vw, 1024px\" \/><\/p>\n<p>&nbsp;<\/p>\n","protected":false},"excerpt":{"rendered":"<p>\u00dcmummilli Lider Heyd\u0259r \u018fliyevin an\u0131m g\u00fcn\u00fc il\u0259 ba\u011fl\u0131 Z\u0259rdabda \u00fcmumrayon an\u0131m m\u0259rasimi ke\u00e7irilib. Zerdab.com sayt\u0131na veril\u0259n m\u0259lumata g\u00f6r\u0259, an\u0131m m\u0259rasimind\u0259 Z\u0259rdab Rayon \u0130cra Hakimiyy\u0259tinin ba\u015f\u00e7\u0131s\u0131, h\u00fcquq m\u00fchafiz\u0259 orqanlar\u0131n\u0131n, idar\u0259, m\u00fc\u0259ssis\u0259, t\u0259\u015fkilatlar\u0131n r\u0259hb\u0259rl\u0259ri v\u0259 ictimaiyy\u0259t n\u00fcmay\u0259nd\u0259l\u0259ri i\u015ftirak edibl\u0259r. M\u0259rasim i\u015ftirak\u00e7\u0131lar\u0131 \u00f6nc\u0259 \u00dcmummilli Liderin abid\u0259sini ziyar\u0259t ed\u0259r\u0259k \u00f6n\u00fcn\u0259 g\u00fcl d\u0259st\u0259l\u0259ri qoyub, xatir\u0259sini bir d\u0259qiq\u0259lik s\u00fckutla yad edibl\u0259r. [&hellip;]<\/p>\n","protected":false},"author":1,"featured_media":30566,"comment_status":"closed","ping_status":"closed","sticky":false,"template":"","format":"standard","meta":{"footnotes":""},"categories":[63,5],"tags":[],"class_list":{"0":"post-30565","1":"post","2":"type-post","3":"status-publish","4":"format-standard","5":"has-post-thumbnail","7":"category-manset","8":"category-knd"},"yoast_head":"<!-- This site is optimized with the Yoast SEO plugin v27.0 - https:\/\/yoast.com\/product\/yoast-seo-wordpress\/ -->\n<title>Z\u0259rdabda \u00dcmummilli Lider Heyd\u0259r \u018fliyevin xatir\u0259si ehtiramla yad edilib - FOTOLAR - Z\u0259rdab.com<\/title>\n<meta name=\"robots\" content=\"index, follow, max-snippet:-1, max-image-preview:large, max-video-preview:-1\" \/>\n<link rel=\"canonical\" href=\"https:\/\/www.zerdab.com\/?p=30565\" \/>\n<meta property=\"og:locale\" content=\"az_AZ\" \/>\n<meta property=\"og:type\" content=\"article\" \/>\n<meta property=\"og:title\" content=\"Z\u0259rdabda \u00dcmummilli Lider Heyd\u0259r \u018fliyevin xatir\u0259si ehtiramla yad edilib - FOTOLAR - Z\u0259rdab.com\" \/>\n<meta property=\"og:description\" content=\"\u00dcmummilli Lider Heyd\u0259r \u018fliyevin an\u0131m g\u00fcn\u00fc il\u0259 ba\u011fl\u0131 Z\u0259rdabda \u00fcmumrayon an\u0131m m\u0259rasimi ke\u00e7irilib. Zerdab.com sayt\u0131na veril\u0259n m\u0259lumata g\u00f6r\u0259, an\u0131m m\u0259rasimind\u0259 Z\u0259rdab Rayon \u0130cra Hakimiyy\u0259tinin ba\u015f\u00e7\u0131s\u0131, h\u00fcquq m\u00fchafiz\u0259 orqanlar\u0131n\u0131n, idar\u0259, m\u00fc\u0259ssis\u0259, t\u0259\u015fkilatlar\u0131n r\u0259hb\u0259rl\u0259ri v\u0259 ictimaiyy\u0259t n\u00fcmay\u0259nd\u0259l\u0259ri i\u015ftirak edibl\u0259r. M\u0259rasim i\u015ftirak\u00e7\u0131lar\u0131 \u00f6nc\u0259 \u00dcmummilli Liderin abid\u0259sini ziyar\u0259t ed\u0259r\u0259k \u00f6n\u00fcn\u0259 g\u00fcl d\u0259st\u0259l\u0259ri qoyub, xatir\u0259sini bir d\u0259qiq\u0259lik s\u00fckutla yad edibl\u0259r. [&hellip;]\" \/>\n<meta property=\"og:url\" content=\"https:\/\/www.zerdab.com\/?p=30565\" \/>\n<meta property=\"og:site_name\" content=\"Z\u0259rdab.com\" \/>\n<meta property=\"article:published_time\" content=\"2023-12-12T11:16:11+00:00\" \/>\n<meta property=\"article:modified_time\" content=\"2023-12-12T11:18:40+00:00\" \/>\n<meta property=\"og:image\" content=\"http:\/\/www.zerdab.com\/wp-content\/uploads\/2023\/12\/heyder-eliyev-anim-zerdab.jpg\" \/>\n\t<meta property=\"og:image:width\" content=\"1024\" \/>\n\t<meta property=\"og:image:height\" content=\"683\" \/>\n\t<meta property=\"og:image:type\" content=\"image\/jpeg\" \/>\n<meta name=\"author\" content=\"admin\" \/>\n<meta name=\"twitter:card\" content=\"summary_large_image\" \/>\n<meta name=\"twitter:label1\" content=\"Written by\" \/>\n\t<meta name=\"twitter:data1\" content=\"admin\" \/>\n\t<meta name=\"twitter:label2\" content=\"Est. reading time\" \/>\n\t<meta name=\"twitter:data2\" content=\"2 minutes\" \/>\n<script type=\"application\/ld+json\" class=\"yoast-schema-graph\">{\"@context\":\"https:\/\/schema.org\",\"@graph\":[{\"@type\":\"Article\",\"@id\":\"https:\/\/www.zerdab.com\/?p=30565#article\",\"isPartOf\":{\"@id\":\"https:\/\/www.zerdab.com\/?p=30565\"},\"author\":{\"name\":\"admin\",\"@id\":\"https:\/\/www.zerdab.com\/#\/schema\/person\/97079b7570c1e89ec0d9e138c3672136\"},\"headline\":\"Z\u0259rdabda \u00dcmummilli Lider Heyd\u0259r \u018fliyevin xatir\u0259si ehtiramla yad edilib &#8211; FOTOLAR\",\"datePublished\":\"2023-12-12T11:16:11+00:00\",\"dateModified\":\"2023-12-12T11:18:40+00:00\",\"mainEntityOfPage\":{\"@id\":\"https:\/\/www.zerdab.com\/?p=30565\"},\"wordCount\":449,\"image\":{\"@id\":\"https:\/\/www.zerdab.com\/?p=30565#primaryimage\"},\"thumbnailUrl\":\"https:\/\/www.zerdab.com\/wp-content\/uploads\/2023\/12\/heyder-eliyev-anim-zerdab.jpg\",\"articleSection\":[\"MAN\u015eET\",\"X\u018fB\u018fRL\u018fR\"],\"inLanguage\":\"az\"},{\"@type\":\"WebPage\",\"@id\":\"https:\/\/www.zerdab.com\/?p=30565\",\"url\":\"https:\/\/www.zerdab.com\/?p=30565\",\"name\":\"Z\u0259rdabda \u00dcmummilli Lider Heyd\u0259r \u018fliyevin xatir\u0259si ehtiramla yad edilib - FOTOLAR - Z\u0259rdab.com\",\"isPartOf\":{\"@id\":\"https:\/\/www.zerdab.com\/#website\"},\"primaryImageOfPage\":{\"@id\":\"https:\/\/www.zerdab.com\/?p=30565#primaryimage\"},\"image\":{\"@id\":\"https:\/\/www.zerdab.com\/?p=30565#primaryimage\"},\"thumbnailUrl\":\"https:\/\/www.zerdab.com\/wp-content\/uploads\/2023\/12\/heyder-eliyev-anim-zerdab.jpg\",\"datePublished\":\"2023-12-12T11:16:11+00:00\",\"dateModified\":\"2023-12-12T11:18:40+00:00\",\"author\":{\"@id\":\"https:\/\/www.zerdab.com\/#\/schema\/person\/97079b7570c1e89ec0d9e138c3672136\"},\"breadcrumb\":{\"@id\":\"https:\/\/www.zerdab.com\/?p=30565#breadcrumb\"},\"inLanguage\":\"az\",\"potentialAction\":[{\"@type\":\"ReadAction\",\"target\":[\"https:\/\/www.zerdab.com\/?p=30565\"]}]},{\"@type\":\"ImageObject\",\"inLanguage\":\"az\",\"@id\":\"https:\/\/www.zerdab.com\/?p=30565#primaryimage\",\"url\":\"https:\/\/www.zerdab.com\/wp-content\/uploads\/2023\/12\/heyder-eliyev-anim-zerdab.jpg\",\"contentUrl\":\"https:\/\/www.zerdab.com\/wp-content\/uploads\/2023\/12\/heyder-eliyev-anim-zerdab.jpg\",\"width\":1024,\"height\":683,\"caption\":\"\u00dcmummilli Lider Heyd\u0259r \u018fliyevin an\u0131m g\u00fcn\u00fc il\u0259 ba\u011fl\u0131 \u00fcmumrayon an\u0131m m\u0259rasimi ke\u00e7irilib\"},{\"@type\":\"BreadcrumbList\",\"@id\":\"https:\/\/www.zerdab.com\/?p=30565#breadcrumb\",\"itemListElement\":[{\"@type\":\"ListItem\",\"position\":1,\"name\":\"Home\",\"item\":\"https:\/\/www.zerdab.com\/\"},{\"@type\":\"ListItem\",\"position\":2,\"name\":\"Z\u0259rdabda \u00dcmummilli Lider Heyd\u0259r \u018fliyevin xatir\u0259si ehtiramla yad edilib &#8211; FOTOLAR\"}]},{\"@type\":\"WebSite\",\"@id\":\"https:\/\/www.zerdab.com\/#website\",\"url\":\"https:\/\/www.zerdab.com\/\",\"name\":\"Z\u0259rdab.com\",\"description\":\"\",\"potentialAction\":[{\"@type\":\"SearchAction\",\"target\":{\"@type\":\"EntryPoint\",\"urlTemplate\":\"https:\/\/www.zerdab.com\/?s={search_term_string}\"},\"query-input\":{\"@type\":\"PropertyValueSpecification\",\"valueRequired\":true,\"valueName\":\"search_term_string\"}}],\"inLanguage\":\"az\"},{\"@type\":\"Person\",\"@id\":\"https:\/\/www.zerdab.com\/#\/schema\/person\/97079b7570c1e89ec0d9e138c3672136\",\"name\":\"admin\",\"image\":{\"@type\":\"ImageObject\",\"inLanguage\":\"az\",\"@id\":\"https:\/\/www.zerdab.com\/#\/schema\/person\/image\/\",\"url\":\"https:\/\/secure.gravatar.com\/avatar\/d9c52a9a27c32119cb6679a077fa3e2779e5f822c451cbf01098004361d466ec?s=96&d=mm&r=g\",\"contentUrl\":\"https:\/\/secure.gravatar.com\/avatar\/d9c52a9a27c32119cb6679a077fa3e2779e5f822c451cbf01098004361d466ec?s=96&d=mm&r=g\",\"caption\":\"admin\"},\"url\":\"https:\/\/www.zerdab.com\/?author=1\"}]}<\/script>\n<!-- \/ Yoast SEO plugin. -->","yoast_head_json":{"title":"Z\u0259rdabda \u00dcmummilli Lider Heyd\u0259r \u018fliyevin xatir\u0259si ehtiramla yad edilib - FOTOLAR - Z\u0259rdab.com","robots":{"index":"index","follow":"follow","max-snippet":"max-snippet:-1","max-image-preview":"max-image-preview:large","max-video-preview":"max-video-preview:-1"},"canonical":"https:\/\/www.zerdab.com\/?p=30565","og_locale":"az_AZ","og_type":"article","og_title":"Z\u0259rdabda \u00dcmummilli Lider Heyd\u0259r \u018fliyevin xatir\u0259si ehtiramla yad edilib - FOTOLAR - Z\u0259rdab.com","og_description":"\u00dcmummilli Lider Heyd\u0259r \u018fliyevin an\u0131m g\u00fcn\u00fc il\u0259 ba\u011fl\u0131 Z\u0259rdabda \u00fcmumrayon an\u0131m m\u0259rasimi ke\u00e7irilib. Zerdab.com sayt\u0131na veril\u0259n m\u0259lumata g\u00f6r\u0259, an\u0131m m\u0259rasimind\u0259 Z\u0259rdab Rayon \u0130cra Hakimiyy\u0259tinin ba\u015f\u00e7\u0131s\u0131, h\u00fcquq m\u00fchafiz\u0259 orqanlar\u0131n\u0131n, idar\u0259, m\u00fc\u0259ssis\u0259, t\u0259\u015fkilatlar\u0131n r\u0259hb\u0259rl\u0259ri v\u0259 ictimaiyy\u0259t n\u00fcmay\u0259nd\u0259l\u0259ri i\u015ftirak edibl\u0259r. M\u0259rasim i\u015ftirak\u00e7\u0131lar\u0131 \u00f6nc\u0259 \u00dcmummilli Liderin abid\u0259sini ziyar\u0259t ed\u0259r\u0259k \u00f6n\u00fcn\u0259 g\u00fcl d\u0259st\u0259l\u0259ri qoyub, xatir\u0259sini bir d\u0259qiq\u0259lik s\u00fckutla yad edibl\u0259r. [&hellip;]","og_url":"https:\/\/www.zerdab.com\/?p=30565","og_site_name":"Z\u0259rdab.com","article_published_time":"2023-12-12T11:16:11+00:00","article_modified_time":"2023-12-12T11:18:40+00:00","og_image":[{"width":1024,"height":683,"url":"http:\/\/www.zerdab.com\/wp-content\/uploads\/2023\/12\/heyder-eliyev-anim-zerdab.jpg","type":"image\/jpeg"}],"author":"admin","twitter_card":"summary_large_image","twitter_misc":{"Written by":"admin","Est. reading time":"2 minutes"},"schema":{"@context":"https:\/\/schema.org","@graph":[{"@type":"Article","@id":"https:\/\/www.zerdab.com\/?p=30565#article","isPartOf":{"@id":"https:\/\/www.zerdab.com\/?p=30565"},"author":{"name":"admin","@id":"https:\/\/www.zerdab.com\/#\/schema\/person\/97079b7570c1e89ec0d9e138c3672136"},"headline":"Z\u0259rdabda \u00dcmummilli Lider Heyd\u0259r \u018fliyevin xatir\u0259si ehtiramla yad edilib &#8211; FOTOLAR","datePublished":"2023-12-12T11:16:11+00:00","dateModified":"2023-12-12T11:18:40+00:00","mainEntityOfPage":{"@id":"https:\/\/www.zerdab.com\/?p=30565"},"wordCount":449,"image":{"@id":"https:\/\/www.zerdab.com\/?p=30565#primaryimage"},"thumbnailUrl":"https:\/\/www.zerdab.com\/wp-content\/uploads\/2023\/12\/heyder-eliyev-anim-zerdab.jpg","articleSection":["MAN\u015eET","X\u018fB\u018fRL\u018fR"],"inLanguage":"az"},{"@type":"WebPage","@id":"https:\/\/www.zerdab.com\/?p=30565","url":"https:\/\/www.zerdab.com\/?p=30565","name":"Z\u0259rdabda \u00dcmummilli Lider Heyd\u0259r \u018fliyevin xatir\u0259si ehtiramla yad edilib - FOTOLAR - Z\u0259rdab.com","isPartOf":{"@id":"https:\/\/www.zerdab.com\/#website"},"primaryImageOfPage":{"@id":"https:\/\/www.zerdab.com\/?p=30565#primaryimage"},"image":{"@id":"https:\/\/www.zerdab.com\/?p=30565#primaryimage"},"thumbnailUrl":"https:\/\/www.zerdab.com\/wp-content\/uploads\/2023\/12\/heyder-eliyev-anim-zerdab.jpg","datePublished":"2023-12-12T11:16:11+00:00","dateModified":"2023-12-12T11:18:40+00:00","author":{"@id":"https:\/\/www.zerdab.com\/#\/schema\/person\/97079b7570c1e89ec0d9e138c3672136"},"breadcrumb":{"@id":"https:\/\/www.zerdab.com\/?p=30565#breadcrumb"},"inLanguage":"az","potentialAction":[{"@type":"ReadAction","target":["https:\/\/www.zerdab.com\/?p=30565"]}]},{"@type":"ImageObject","inLanguage":"az","@id":"https:\/\/www.zerdab.com\/?p=30565#primaryimage","url":"https:\/\/www.zerdab.com\/wp-content\/uploads\/2023\/12\/heyder-eliyev-anim-zerdab.jpg","contentUrl":"https:\/\/www.zerdab.com\/wp-content\/uploads\/2023\/12\/heyder-eliyev-anim-zerdab.jpg","width":1024,"height":683,"caption":"\u00dcmummilli Lider Heyd\u0259r \u018fliyevin an\u0131m g\u00fcn\u00fc il\u0259 ba\u011fl\u0131 \u00fcmumrayon an\u0131m m\u0259rasimi ke\u00e7irilib"},{"@type":"BreadcrumbList","@id":"https:\/\/www.zerdab.com\/?p=30565#breadcrumb","itemListElement":[{"@type":"ListItem","position":1,"name":"Home","item":"https:\/\/www.zerdab.com\/"},{"@type":"ListItem","position":2,"name":"Z\u0259rdabda \u00dcmummilli Lider Heyd\u0259r \u018fliyevin xatir\u0259si ehtiramla yad edilib &#8211; FOTOLAR"}]},{"@type":"WebSite","@id":"https:\/\/www.zerdab.com\/#website","url":"https:\/\/www.zerdab.com\/","name":"Z\u0259rdab.com","description":"","potentialAction":[{"@type":"SearchAction","target":{"@type":"EntryPoint","urlTemplate":"https:\/\/www.zerdab.com\/?s={search_term_string}"},"query-input":{"@type":"PropertyValueSpecification","valueRequired":true,"valueName":"search_term_string"}}],"inLanguage":"az"},{"@type":"Person","@id":"https:\/\/www.zerdab.com\/#\/schema\/person\/97079b7570c1e89ec0d9e138c3672136","name":"admin","image":{"@type":"ImageObject","inLanguage":"az","@id":"https:\/\/www.zerdab.com\/#\/schema\/person\/image\/","url":"https:\/\/secure.gravatar.com\/avatar\/d9c52a9a27c32119cb6679a077fa3e2779e5f822c451cbf01098004361d466ec?s=96&d=mm&r=g","contentUrl":"https:\/\/secure.gravatar.com\/avatar\/d9c52a9a27c32119cb6679a077fa3e2779e5f822c451cbf01098004361d466ec?s=96&d=mm&r=g","caption":"admin"},"url":"https:\/\/www.zerdab.com\/?author=1"}]}},"_links":{"self":[{"href":"https:\/\/www.zerdab.com\/index.php?rest_route=\/wp\/v2\/posts\/30565","targetHints":{"allow":["GET"]}}],"collection":[{"href":"https:\/\/www.zerdab.com\/index.php?rest_route=\/wp\/v2\/posts"}],"about":[{"href":"https:\/\/www.zerdab.com\/index.php?rest_route=\/wp\/v2\/types\/post"}],"author":[{"embeddable":true,"href":"https:\/\/www.zerdab.com\/index.php?rest_route=\/wp\/v2\/users\/1"}],"replies":[{"embeddable":true,"href":"https:\/\/www.zerdab.com\/index.php?rest_route=%2Fwp%2Fv2%2Fcomments&post=30565"}],"version-history":[{"count":3,"href":"https:\/\/www.zerdab.com\/index.php?rest_route=\/wp\/v2\/posts\/30565\/revisions"}],"predecessor-version":[{"id":30571,"href":"https:\/\/www.zerdab.com\/index.php?rest_route=\/wp\/v2\/posts\/30565\/revisions\/30571"}],"wp:featuredmedia":[{"embeddable":true,"href":"https:\/\/www.zerdab.com\/index.php?rest_route=\/wp\/v2\/media\/30566"}],"wp:attachment":[{"href":"https:\/\/www.zerdab.com\/index.php?rest_route=%2Fwp%2Fv2%2Fmedia&parent=30565"}],"wp:term":[{"taxonomy":"category","embeddable":true,"href":"https:\/\/www.zerdab.com\/index.php?rest_route=%2Fwp%2Fv2%2Fcategories&post=30565"},{"taxonomy":"post_tag","embeddable":true,"href":"https:\/\/www.zerdab.com\/index.php?rest_route=%2Fwp%2Fv2%2Ftags&post=30565"}],"curies":[{"name":"wp","href":"https:\/\/api.w.org\/{rel}","templated":true}]}}