{"id":30575,"date":"2023-12-14T15:29:43","date_gmt":"2023-12-14T11:29:43","guid":{"rendered":"https:\/\/www.zerdab.com\/?p=30575"},"modified":"2023-12-14T15:30:28","modified_gmt":"2023-12-14T11:30:28","slug":"ukraynadan-az%c9%99rbaycana-g%c9%99l%c9%99r%c9%99k-konullu-d%c9%99st%c9%99l%c9%99r%c9%99-yazilib-agir-doyusl%c9%99rd%c9%99-istirak-edib","status":"publish","type":"post","link":"https:\/\/www.zerdab.com\/?p=30575","title":{"rendered":"Ukraynadan Az\u0259rbaycana g\u0259l\u0259r\u0259k k\u00f6n\u00fcll\u00fc d\u0259st\u0259l\u0259r\u0259 yaz\u0131l\u0131b, a\u011f\u0131r d\u00f6y\u00fc\u015fl\u0259rd\u0259 i\u015ftirak edib&#8230;"},"content":{"rendered":"<p>Seyfi H\u0259s\u0259novu rayonumuzda tan\u0131mayan az adam tap\u0131lar des\u0259k, y\u0259qin ki, yan\u0131lmar\u0131q. Birinci Qaraba\u011f m\u00fcharib\u0259si veteran\u0131, Az\u0259rbaycan V\u0259t\u0259n M\u00fcharib\u0259si Veteranlar\u0131 \u0130ctimai Birliyinin Z\u0259rdab rayon \u015f\u00f6b\u0259sinin s\u0259dridir.<\/p>\n<p>Seyfi H\u0259s\u0259nov 1958-ci ild\u0259 Ucar rayonunun L\u0259k k\u0259ndind\u0259 anadan olub.<\/p>\n<p>Orta t\u0259hsilini Ucar rayonunda al\u0131b.<\/p>\n<p>1977-1979-cu ill\u0259rd\u0259 Sovet ordusunda xidm\u0259t edib. Uzun ill\u0259r Rusiyada v\u0259 Ukraynan\u0131n Xarkov \u015f\u0259h\u0259rind\u0259 ya\u015fay\u0131b.<\/p>\n<p>1989-cu ild\u0259 Qaraba\u011f m\u00fcnaqi\u015f\u0259si alovlanark\u0259n k\u00f6n\u00fcll\u00fc olaraq Az\u0259rbaycana g\u0259lib.<\/p>\n<p>M\u0259lum oldu\u011fu kimi, h\u0259min d\u00f6vrd\u0259 d\u00f6y\u00fc\u015fl\u0259rd\u0259 i\u015ftirak etm\u0259k \u00fc\u00e7\u00fcn k\u00f6n\u00fcll\u00fc d\u0259st\u0259l\u0259r yarad\u0131l\u0131rd\u0131.<\/p>\n<p>Seyfi H\u0259s\u0259nov da h\u0259min k\u00f6n\u00fcll\u00fcl\u0259rd\u0259n ibar\u0259t d\u0259st\u0259l\u0259rd\u0259n birin\u0259 yaz\u0131l\u0131r v\u0259 d\u00f6y\u00fc\u015fl\u0259r\u0259 yollan\u0131r.<\/p>\n<p>Seyfi H\u0259s\u0259nov 1990-c\u0131 ilin \u0259vv\u0259ll\u0259rind\u0259 ke\u00e7mi\u015f Xanlar rayonunun (indiki G\u00f6yg\u00f6l) \u00c7ayk\u0259nd, Azad v\u0259 Kamo k\u0259ndl\u0259rinin d\u00fc\u015fm\u0259nd\u0259n azad edilm\u0259sind\u0259 yax\u0131ndan i\u015ftirak edir.<\/p>\n<p>1991-ci ild\u0259 qanunsuz erm\u0259ni h\u0259rbi birl\u0259\u015fm\u0259l\u0259ri Erk\u0259c, M\u0259n\u0259\u015fid v\u0259 Buzluq k\u0259ndl\u0259ri istiqam\u0259tind\u0259n Goranboy rayonunun Todan k\u0259ndin\u0259 h\u00fccum edirl\u0259r. D\u00fc\u015fm\u0259nl\u0259r\u0259 qar\u015f\u0131 d\u00f6y\u00fc\u015fl\u0259rd\u0259 Seyfi H\u0259s\u0259nov da i\u015ftirak edir. Onun d\u00f6y\u00fc\u015f yolda\u015flar\u0131ndan biri d\u0259 Milli Q\u0259hr\u0259man Nof\u0259l Quliyev idi. H\u0259min d\u00f6y\u00fc\u015fl\u0259rin birind\u0259 Nof\u0259l Quliyev q\u0259hr\u0259mancas\u0131na \u015f\u0259hid olur.<\/p>\n<p>1992-ci ild\u0259n is\u0259 Seyfi H\u0259s\u0259novun d\u00f6y\u00fc\u015f istiqam\u0259ti d\u0259yi\u015fir. Bel\u0259 ki, o, T\u0259rt\u0259r istiqam\u0259tin\u0259 g\u00f6nd\u0259rilir. Bir ne\u00e7\u0259 u\u011furlu \u0259m\u0259liyyatlarda i\u015ftirak edir, d\u00fc\u015fm\u0259n xeyli sayda itki ver\u0259r\u0259k geri \u00e7\u0259kilir. O, Marqu\u015favanda da d\u00f6y\u00fc\u015fl\u0259rd\u0259 i\u015ftirak edir.<\/p>\n<p>Sonradan Seyfi H\u0259s\u0259nov Daxili \u0130\u015fl\u0259r Nazirliyinin t\u0259qdimat\u0131 il\u0259 X\u00fcsusi T\u0259yinatl\u0131 Polis d\u0259st\u0259sin\u0259, daha sonra is\u0259 Ucar rayon Polis \u015e\u00f6b\u0259sinin Post Patrul Xidm\u0259ti rotas\u0131na komandir t\u0259yin edilir. Bir m\u00fcdd\u0259t sonra is\u0259 Qaraba\u011f d\u00f6y\u00fc\u015fl\u0259rind\u0259 f\u0259al i\u015ftirak\u0131na g\u00f6r\u0259 ona zabit r\u00fctb\u0259si verilir.<\/p>\n<p>Lakin Seyfi H\u0259s\u0259nov yenid\u0259n ordu s\u0131ralar\u0131na qay\u0131d\u0131r. O, at\u0259\u015fk\u0259s elan olunana q\u0259d\u0259r, y\u0259ni 1994-c\u00fc il\u0259d\u0259k d\u00f6y\u00fc\u015fl\u0259rd\u0259 i\u015ftirak etdir. Seyfi H\u0259s\u0259novun d\u00f6y\u00fc\u015f yolu \u015eu\u015fa, La\u00e7\u0131n, F\u00fczuli v\u0259 C\u0259bray\u0131l istiqam\u0259tind\u0259n d\u0259 ke\u00e7ib.<\/p>\n<p>Seyfi H\u0259s\u0259nov \u201cM\u00fcharib\u0259 veteran\u0131\u201d, \u201cMilli Ordunun yaranmas\u0131n\u0131n 100 illiyi\u201d, \u201cC\u0259m\u015fid Nax\u00e7\u0131vanski ad\u0131na\u201d medallar\u0131 il\u0259 t\u0259ltif edilib.<\/p>\n<p><strong>Zerdab.com<\/strong><\/p>\n","protected":false},"excerpt":{"rendered":"<p>Seyfi H\u0259s\u0259novu rayonumuzda tan\u0131mayan az adam tap\u0131lar des\u0259k, y\u0259qin ki, yan\u0131lmar\u0131q. Birinci Qaraba\u011f m\u00fcharib\u0259si veteran\u0131, Az\u0259rbaycan V\u0259t\u0259n M\u00fcharib\u0259si Veteranlar\u0131 \u0130ctimai Birliyinin Z\u0259rdab rayon \u015f\u00f6b\u0259sinin s\u0259dridir. Seyfi H\u0259s\u0259nov 1958-ci ild\u0259 Ucar rayonunun L\u0259k k\u0259ndind\u0259 anadan olub. Orta t\u0259hsilini Ucar rayonunda al\u0131b. 1977-1979-cu ill\u0259rd\u0259 Sovet ordusunda xidm\u0259t edib. Uzun ill\u0259r Rusiyada v\u0259 Ukraynan\u0131n Xarkov \u015f\u0259h\u0259rind\u0259 ya\u015fay\u0131b. 1989-cu [&hellip;]<\/p>\n","protected":false},"author":1,"featured_media":30576,"comment_status":"closed","ping_status":"closed","sticky":false,"template":"","format":"standard","meta":{"footnotes":""},"categories":[63,5],"tags":[],"class_list":{"0":"post-30575","1":"post","2":"type-post","3":"status-publish","4":"format-standard","5":"has-post-thumbnail","7":"category-manset","8":"category-knd"},"yoast_head":"<!-- This site is optimized with the Yoast SEO plugin v27.0 - https:\/\/yoast.com\/product\/yoast-seo-wordpress\/ -->\n<title>Ukraynadan Az\u0259rbaycana g\u0259l\u0259r\u0259k k\u00f6n\u00fcll\u00fc d\u0259st\u0259l\u0259r\u0259 yaz\u0131l\u0131b, a\u011f\u0131r d\u00f6y\u00fc\u015fl\u0259rd\u0259 i\u015ftirak edib... - Z\u0259rdab.com<\/title>\n<meta name=\"robots\" content=\"index, follow, max-snippet:-1, max-image-preview:large, max-video-preview:-1\" \/>\n<link rel=\"canonical\" href=\"https:\/\/www.zerdab.com\/?p=30575\" \/>\n<meta property=\"og:locale\" content=\"az_AZ\" \/>\n<meta property=\"og:type\" content=\"article\" \/>\n<meta property=\"og:title\" content=\"Ukraynadan Az\u0259rbaycana g\u0259l\u0259r\u0259k k\u00f6n\u00fcll\u00fc d\u0259st\u0259l\u0259r\u0259 yaz\u0131l\u0131b, a\u011f\u0131r d\u00f6y\u00fc\u015fl\u0259rd\u0259 i\u015ftirak edib... - Z\u0259rdab.com\" \/>\n<meta property=\"og:description\" content=\"Seyfi H\u0259s\u0259novu rayonumuzda tan\u0131mayan az adam tap\u0131lar des\u0259k, y\u0259qin ki, yan\u0131lmar\u0131q. Birinci Qaraba\u011f m\u00fcharib\u0259si veteran\u0131, Az\u0259rbaycan V\u0259t\u0259n M\u00fcharib\u0259si Veteranlar\u0131 \u0130ctimai Birliyinin Z\u0259rdab rayon \u015f\u00f6b\u0259sinin s\u0259dridir. Seyfi H\u0259s\u0259nov 1958-ci ild\u0259 Ucar rayonunun L\u0259k k\u0259ndind\u0259 anadan olub. Orta t\u0259hsilini Ucar rayonunda al\u0131b. 1977-1979-cu ill\u0259rd\u0259 Sovet ordusunda xidm\u0259t edib. Uzun ill\u0259r Rusiyada v\u0259 Ukraynan\u0131n Xarkov \u015f\u0259h\u0259rind\u0259 ya\u015fay\u0131b. 1989-cu [&hellip;]\" \/>\n<meta property=\"og:url\" content=\"https:\/\/www.zerdab.com\/?p=30575\" \/>\n<meta property=\"og:site_name\" content=\"Z\u0259rdab.com\" \/>\n<meta property=\"article:published_time\" content=\"2023-12-14T11:29:43+00:00\" \/>\n<meta property=\"article:modified_time\" content=\"2023-12-14T11:30:28+00:00\" \/>\n<meta property=\"og:image\" content=\"http:\/\/www.zerdab.com\/wp-content\/uploads\/2023\/12\/seyfi-hesenov-zerdab-veteran.png\" \/>\n\t<meta property=\"og:image:width\" content=\"989\" \/>\n\t<meta property=\"og:image:height\" content=\"728\" \/>\n\t<meta property=\"og:image:type\" content=\"image\/png\" \/>\n<meta name=\"author\" content=\"admin\" \/>\n<meta name=\"twitter:card\" content=\"summary_large_image\" \/>\n<meta name=\"twitter:label1\" content=\"Written by\" \/>\n\t<meta name=\"twitter:data1\" content=\"admin\" \/>\n\t<meta name=\"twitter:label2\" content=\"Est. reading time\" \/>\n\t<meta name=\"twitter:data2\" content=\"2 minutes\" \/>\n<script type=\"application\/ld+json\" class=\"yoast-schema-graph\">{\"@context\":\"https:\/\/schema.org\",\"@graph\":[{\"@type\":\"Article\",\"@id\":\"https:\/\/www.zerdab.com\/?p=30575#article\",\"isPartOf\":{\"@id\":\"https:\/\/www.zerdab.com\/?p=30575\"},\"author\":{\"name\":\"admin\",\"@id\":\"https:\/\/www.zerdab.com\/#\/schema\/person\/97079b7570c1e89ec0d9e138c3672136\"},\"headline\":\"Ukraynadan Az\u0259rbaycana g\u0259l\u0259r\u0259k k\u00f6n\u00fcll\u00fc d\u0259st\u0259l\u0259r\u0259 yaz\u0131l\u0131b, a\u011f\u0131r d\u00f6y\u00fc\u015fl\u0259rd\u0259 i\u015ftirak edib&#8230;\",\"datePublished\":\"2023-12-14T11:29:43+00:00\",\"dateModified\":\"2023-12-14T11:30:28+00:00\",\"mainEntityOfPage\":{\"@id\":\"https:\/\/www.zerdab.com\/?p=30575\"},\"wordCount\":511,\"image\":{\"@id\":\"https:\/\/www.zerdab.com\/?p=30575#primaryimage\"},\"thumbnailUrl\":\"https:\/\/www.zerdab.com\/wp-content\/uploads\/2023\/12\/seyfi-hesenov-zerdab-veteran.png\",\"articleSection\":[\"MAN\u015eET\",\"X\u018fB\u018fRL\u018fR\"],\"inLanguage\":\"az\"},{\"@type\":\"WebPage\",\"@id\":\"https:\/\/www.zerdab.com\/?p=30575\",\"url\":\"https:\/\/www.zerdab.com\/?p=30575\",\"name\":\"Ukraynadan Az\u0259rbaycana g\u0259l\u0259r\u0259k k\u00f6n\u00fcll\u00fc d\u0259st\u0259l\u0259r\u0259 yaz\u0131l\u0131b, a\u011f\u0131r d\u00f6y\u00fc\u015fl\u0259rd\u0259 i\u015ftirak edib... - Z\u0259rdab.com\",\"isPartOf\":{\"@id\":\"https:\/\/www.zerdab.com\/#website\"},\"primaryImageOfPage\":{\"@id\":\"https:\/\/www.zerdab.com\/?p=30575#primaryimage\"},\"image\":{\"@id\":\"https:\/\/www.zerdab.com\/?p=30575#primaryimage\"},\"thumbnailUrl\":\"https:\/\/www.zerdab.com\/wp-content\/uploads\/2023\/12\/seyfi-hesenov-zerdab-veteran.png\",\"datePublished\":\"2023-12-14T11:29:43+00:00\",\"dateModified\":\"2023-12-14T11:30:28+00:00\",\"author\":{\"@id\":\"https:\/\/www.zerdab.com\/#\/schema\/person\/97079b7570c1e89ec0d9e138c3672136\"},\"breadcrumb\":{\"@id\":\"https:\/\/www.zerdab.com\/?p=30575#breadcrumb\"},\"inLanguage\":\"az\",\"potentialAction\":[{\"@type\":\"ReadAction\",\"target\":[\"https:\/\/www.zerdab.com\/?p=30575\"]}]},{\"@type\":\"ImageObject\",\"inLanguage\":\"az\",\"@id\":\"https:\/\/www.zerdab.com\/?p=30575#primaryimage\",\"url\":\"https:\/\/www.zerdab.com\/wp-content\/uploads\/2023\/12\/seyfi-hesenov-zerdab-veteran.png\",\"contentUrl\":\"https:\/\/www.zerdab.com\/wp-content\/uploads\/2023\/12\/seyfi-hesenov-zerdab-veteran.png\",\"width\":989,\"height\":728,\"caption\":\"seyfi-hesenov-zerdab-veteran.png\"},{\"@type\":\"BreadcrumbList\",\"@id\":\"https:\/\/www.zerdab.com\/?p=30575#breadcrumb\",\"itemListElement\":[{\"@type\":\"ListItem\",\"position\":1,\"name\":\"Home\",\"item\":\"https:\/\/www.zerdab.com\/\"},{\"@type\":\"ListItem\",\"position\":2,\"name\":\"Ukraynadan Az\u0259rbaycana g\u0259l\u0259r\u0259k k\u00f6n\u00fcll\u00fc d\u0259st\u0259l\u0259r\u0259 yaz\u0131l\u0131b, a\u011f\u0131r d\u00f6y\u00fc\u015fl\u0259rd\u0259 i\u015ftirak edib&#8230;\"}]},{\"@type\":\"WebSite\",\"@id\":\"https:\/\/www.zerdab.com\/#website\",\"url\":\"https:\/\/www.zerdab.com\/\",\"name\":\"Z\u0259rdab.com\",\"description\":\"\",\"potentialAction\":[{\"@type\":\"SearchAction\",\"target\":{\"@type\":\"EntryPoint\",\"urlTemplate\":\"https:\/\/www.zerdab.com\/?s={search_term_string}\"},\"query-input\":{\"@type\":\"PropertyValueSpecification\",\"valueRequired\":true,\"valueName\":\"search_term_string\"}}],\"inLanguage\":\"az\"},{\"@type\":\"Person\",\"@id\":\"https:\/\/www.zerdab.com\/#\/schema\/person\/97079b7570c1e89ec0d9e138c3672136\",\"name\":\"admin\",\"image\":{\"@type\":\"ImageObject\",\"inLanguage\":\"az\",\"@id\":\"https:\/\/www.zerdab.com\/#\/schema\/person\/image\/\",\"url\":\"https:\/\/secure.gravatar.com\/avatar\/d9c52a9a27c32119cb6679a077fa3e2779e5f822c451cbf01098004361d466ec?s=96&d=mm&r=g\",\"contentUrl\":\"https:\/\/secure.gravatar.com\/avatar\/d9c52a9a27c32119cb6679a077fa3e2779e5f822c451cbf01098004361d466ec?s=96&d=mm&r=g\",\"caption\":\"admin\"},\"url\":\"https:\/\/www.zerdab.com\/?author=1\"}]}<\/script>\n<!-- \/ Yoast SEO plugin. -->","yoast_head_json":{"title":"Ukraynadan Az\u0259rbaycana g\u0259l\u0259r\u0259k k\u00f6n\u00fcll\u00fc d\u0259st\u0259l\u0259r\u0259 yaz\u0131l\u0131b, a\u011f\u0131r d\u00f6y\u00fc\u015fl\u0259rd\u0259 i\u015ftirak edib... - Z\u0259rdab.com","robots":{"index":"index","follow":"follow","max-snippet":"max-snippet:-1","max-image-preview":"max-image-preview:large","max-video-preview":"max-video-preview:-1"},"canonical":"https:\/\/www.zerdab.com\/?p=30575","og_locale":"az_AZ","og_type":"article","og_title":"Ukraynadan Az\u0259rbaycana g\u0259l\u0259r\u0259k k\u00f6n\u00fcll\u00fc d\u0259st\u0259l\u0259r\u0259 yaz\u0131l\u0131b, a\u011f\u0131r d\u00f6y\u00fc\u015fl\u0259rd\u0259 i\u015ftirak edib... - Z\u0259rdab.com","og_description":"Seyfi H\u0259s\u0259novu rayonumuzda tan\u0131mayan az adam tap\u0131lar des\u0259k, y\u0259qin ki, yan\u0131lmar\u0131q. Birinci Qaraba\u011f m\u00fcharib\u0259si veteran\u0131, Az\u0259rbaycan V\u0259t\u0259n M\u00fcharib\u0259si Veteranlar\u0131 \u0130ctimai Birliyinin Z\u0259rdab rayon \u015f\u00f6b\u0259sinin s\u0259dridir. Seyfi H\u0259s\u0259nov 1958-ci ild\u0259 Ucar rayonunun L\u0259k k\u0259ndind\u0259 anadan olub. Orta t\u0259hsilini Ucar rayonunda al\u0131b. 1977-1979-cu ill\u0259rd\u0259 Sovet ordusunda xidm\u0259t edib. Uzun ill\u0259r Rusiyada v\u0259 Ukraynan\u0131n Xarkov \u015f\u0259h\u0259rind\u0259 ya\u015fay\u0131b. 1989-cu [&hellip;]","og_url":"https:\/\/www.zerdab.com\/?p=30575","og_site_name":"Z\u0259rdab.com","article_published_time":"2023-12-14T11:29:43+00:00","article_modified_time":"2023-12-14T11:30:28+00:00","og_image":[{"width":989,"height":728,"url":"http:\/\/www.zerdab.com\/wp-content\/uploads\/2023\/12\/seyfi-hesenov-zerdab-veteran.png","type":"image\/png"}],"author":"admin","twitter_card":"summary_large_image","twitter_misc":{"Written by":"admin","Est. reading time":"2 minutes"},"schema":{"@context":"https:\/\/schema.org","@graph":[{"@type":"Article","@id":"https:\/\/www.zerdab.com\/?p=30575#article","isPartOf":{"@id":"https:\/\/www.zerdab.com\/?p=30575"},"author":{"name":"admin","@id":"https:\/\/www.zerdab.com\/#\/schema\/person\/97079b7570c1e89ec0d9e138c3672136"},"headline":"Ukraynadan Az\u0259rbaycana g\u0259l\u0259r\u0259k k\u00f6n\u00fcll\u00fc d\u0259st\u0259l\u0259r\u0259 yaz\u0131l\u0131b, a\u011f\u0131r d\u00f6y\u00fc\u015fl\u0259rd\u0259 i\u015ftirak edib&#8230;","datePublished":"2023-12-14T11:29:43+00:00","dateModified":"2023-12-14T11:30:28+00:00","mainEntityOfPage":{"@id":"https:\/\/www.zerdab.com\/?p=30575"},"wordCount":511,"image":{"@id":"https:\/\/www.zerdab.com\/?p=30575#primaryimage"},"thumbnailUrl":"https:\/\/www.zerdab.com\/wp-content\/uploads\/2023\/12\/seyfi-hesenov-zerdab-veteran.png","articleSection":["MAN\u015eET","X\u018fB\u018fRL\u018fR"],"inLanguage":"az"},{"@type":"WebPage","@id":"https:\/\/www.zerdab.com\/?p=30575","url":"https:\/\/www.zerdab.com\/?p=30575","name":"Ukraynadan Az\u0259rbaycana g\u0259l\u0259r\u0259k k\u00f6n\u00fcll\u00fc d\u0259st\u0259l\u0259r\u0259 yaz\u0131l\u0131b, a\u011f\u0131r d\u00f6y\u00fc\u015fl\u0259rd\u0259 i\u015ftirak edib... - Z\u0259rdab.com","isPartOf":{"@id":"https:\/\/www.zerdab.com\/#website"},"primaryImageOfPage":{"@id":"https:\/\/www.zerdab.com\/?p=30575#primaryimage"},"image":{"@id":"https:\/\/www.zerdab.com\/?p=30575#primaryimage"},"thumbnailUrl":"https:\/\/www.zerdab.com\/wp-content\/uploads\/2023\/12\/seyfi-hesenov-zerdab-veteran.png","datePublished":"2023-12-14T11:29:43+00:00","dateModified":"2023-12-14T11:30:28+00:00","author":{"@id":"https:\/\/www.zerdab.com\/#\/schema\/person\/97079b7570c1e89ec0d9e138c3672136"},"breadcrumb":{"@id":"https:\/\/www.zerdab.com\/?p=30575#breadcrumb"},"inLanguage":"az","potentialAction":[{"@type":"ReadAction","target":["https:\/\/www.zerdab.com\/?p=30575"]}]},{"@type":"ImageObject","inLanguage":"az","@id":"https:\/\/www.zerdab.com\/?p=30575#primaryimage","url":"https:\/\/www.zerdab.com\/wp-content\/uploads\/2023\/12\/seyfi-hesenov-zerdab-veteran.png","contentUrl":"https:\/\/www.zerdab.com\/wp-content\/uploads\/2023\/12\/seyfi-hesenov-zerdab-veteran.png","width":989,"height":728,"caption":"seyfi-hesenov-zerdab-veteran.png"},{"@type":"BreadcrumbList","@id":"https:\/\/www.zerdab.com\/?p=30575#breadcrumb","itemListElement":[{"@type":"ListItem","position":1,"name":"Home","item":"https:\/\/www.zerdab.com\/"},{"@type":"ListItem","position":2,"name":"Ukraynadan Az\u0259rbaycana g\u0259l\u0259r\u0259k k\u00f6n\u00fcll\u00fc d\u0259st\u0259l\u0259r\u0259 yaz\u0131l\u0131b, a\u011f\u0131r d\u00f6y\u00fc\u015fl\u0259rd\u0259 i\u015ftirak edib&#8230;"}]},{"@type":"WebSite","@id":"https:\/\/www.zerdab.com\/#website","url":"https:\/\/www.zerdab.com\/","name":"Z\u0259rdab.com","description":"","potentialAction":[{"@type":"SearchAction","target":{"@type":"EntryPoint","urlTemplate":"https:\/\/www.zerdab.com\/?s={search_term_string}"},"query-input":{"@type":"PropertyValueSpecification","valueRequired":true,"valueName":"search_term_string"}}],"inLanguage":"az"},{"@type":"Person","@id":"https:\/\/www.zerdab.com\/#\/schema\/person\/97079b7570c1e89ec0d9e138c3672136","name":"admin","image":{"@type":"ImageObject","inLanguage":"az","@id":"https:\/\/www.zerdab.com\/#\/schema\/person\/image\/","url":"https:\/\/secure.gravatar.com\/avatar\/d9c52a9a27c32119cb6679a077fa3e2779e5f822c451cbf01098004361d466ec?s=96&d=mm&r=g","contentUrl":"https:\/\/secure.gravatar.com\/avatar\/d9c52a9a27c32119cb6679a077fa3e2779e5f822c451cbf01098004361d466ec?s=96&d=mm&r=g","caption":"admin"},"url":"https:\/\/www.zerdab.com\/?author=1"}]}},"_links":{"self":[{"href":"https:\/\/www.zerdab.com\/index.php?rest_route=\/wp\/v2\/posts\/30575","targetHints":{"allow":["GET"]}}],"collection":[{"href":"https:\/\/www.zerdab.com\/index.php?rest_route=\/wp\/v2\/posts"}],"about":[{"href":"https:\/\/www.zerdab.com\/index.php?rest_route=\/wp\/v2\/types\/post"}],"author":[{"embeddable":true,"href":"https:\/\/www.zerdab.com\/index.php?rest_route=\/wp\/v2\/users\/1"}],"replies":[{"embeddable":true,"href":"https:\/\/www.zerdab.com\/index.php?rest_route=%2Fwp%2Fv2%2Fcomments&post=30575"}],"version-history":[{"count":1,"href":"https:\/\/www.zerdab.com\/index.php?rest_route=\/wp\/v2\/posts\/30575\/revisions"}],"predecessor-version":[{"id":30577,"href":"https:\/\/www.zerdab.com\/index.php?rest_route=\/wp\/v2\/posts\/30575\/revisions\/30577"}],"wp:featuredmedia":[{"embeddable":true,"href":"https:\/\/www.zerdab.com\/index.php?rest_route=\/wp\/v2\/media\/30576"}],"wp:attachment":[{"href":"https:\/\/www.zerdab.com\/index.php?rest_route=%2Fwp%2Fv2%2Fmedia&parent=30575"}],"wp:term":[{"taxonomy":"category","embeddable":true,"href":"https:\/\/www.zerdab.com\/index.php?rest_route=%2Fwp%2Fv2%2Fcategories&post=30575"},{"taxonomy":"post_tag","embeddable":true,"href":"https:\/\/www.zerdab.com\/index.php?rest_route=%2Fwp%2Fv2%2Ftags&post=30575"}],"curies":[{"name":"wp","href":"https:\/\/api.w.org\/{rel}","templated":true}]}}