{"id":30580,"date":"2023-12-18T15:27:40","date_gmt":"2023-12-18T11:27:40","guid":{"rendered":"https:\/\/www.zerdab.com\/?p=30580"},"modified":"2023-12-18T15:30:15","modified_gmt":"2023-12-18T11:30:15","slug":"jal%c9%99-eliyeva-az%c9%99rbaycan-xalqinin-bir-secimi-var","status":"publish","type":"post","link":"https:\/\/www.zerdab.com\/?p=30580","title":{"rendered":"Jal\u0259 \u018fliyeva: &#8220;Az\u0259rbaycan xalq\u0131n\u0131n bir se\u00e7imi var&#8221;"},"content":{"rendered":"<p>Yeni Az\u0259rbaycan Partiyas\u0131 \u00f6lk\u0259 Prezidenti \u0130lham \u018fliyevin n\u00f6vb\u0259d\u0259nk\u0259nar prezident se\u00e7kil\u0259rind\u0259 namiz\u0259dliyini ir\u0259li s\u00fcrd\u00fc. D\u00fc\u015f\u00fcn\u00fcr\u00fck ki, bu a\u00e7\u0131qlama sad\u0259c\u0259 YAP \u00fczvl\u0259rinin deyil, eyni zamanda b\u00fct\u00fcn Az\u0259rbaycan xalq\u0131n\u0131n ist\u0259k, arzu v\u0259 r\u0259yini ifad\u0259 edirdi. Az\u0259rbaycan xalq\u0131 Prezident \u0130lham \u018fliyevin simas\u0131nda \u00f6z\u00fcn\u0259 b\u00f6y\u00fck bir dayaq v\u0259 lider qazan\u0131b. M\u0259hz c\u0259nab Prezidentin h\u0259yata ke\u00e7irdiyi d\u00f6nm\u0259z irad\u0259li D\u0259mir Yumruq siyas\u0259ti say\u0259sind\u0259 Az\u0259rbaycan m\u00fcmk\u00fcn olmayanlar\u0131 m\u00fcmk\u00fcn etdi. Bu g\u00fcn Az\u0259rbaycana d\u00fcnya tamamil\u0259 ba\u015fqa bir prizmadan yana\u015f\u0131r. Bu g\u00fcn Az\u0259rbaycan 30 il \u0259vv\u0259l Az\u0259rbaycan deyil. Az\u0259rbaycan \u0259vv\u0259la \u00f6z torpaqlar\u0131n\u0131 geri qaytar\u0131b v\u0259 bu torpaqlarda s\u00fclh, \u0259min-amanl\u0131q yaradaraq \u00fc\u00e7r\u0259ngli bayra\u011f\u0131n\u0131 torpaqlar\u0131n\u0131n ba\u015f\u0131 \u00fcz\u0259rind\u0259 dal\u011faland\u0131rm\u0131\u015fd\u0131r. Az\u0259rbaycan h\u0259min torpaqlarda a\u011flag\u0259lm\u0259z s\u00fcr\u0259td\u0259 n\u0259h\u0259ng quruculuq i\u015fl\u0259ri apar\u0131b. B\u00fct\u00fcn \u00f6lk\u0259 boyu durmadan inki\u015fafa istiqam\u0259tl\u0259n\u0259n layih\u0259l\u0259r h\u0259yata ke\u00e7irilir. Biz Az\u0259rbaycanda h\u0259r bir insan\u0131n h\u0259yat \u015f\u0259raitinin yax\u015f\u0131la\u015fd\u0131r\u0131lmas\u0131 \u00fc\u00e7\u00fcn sosial layih\u0259l\u0259r haz\u0131rlayan, Az\u0259rbaycan\u0131n qon\u015fu \u00f6lk\u0259l\u0259rl\u0259 tarazla\u015fd\u0131r\u0131lm\u0131\u015f siyas\u0259t h\u0259yata ke\u00e7irilm\u0259si \u00fc\u00e7\u00fcn geni\u015f f\u0259aliyy\u0259tini durmadan davam etdir\u0259n, Az\u0259rbaycan\u0131 sad\u0259c\u0259 siyas\u0259t, ordu quruculu\u011fu say\u0259sind\u0259 deyil, eyni zamanda sosial, s\u0259hiyy\u0259, m\u0259d\u0259niyy\u0259t, t\u0259hsil sah\u0259sind\u0259 d\u00fcnyan\u0131n apar\u0131c\u0131 \u00f6lk\u0259l\u0259rd\u0259n birin\u0259 \u00e7evir\u0259n liderd\u0259n dan\u0131\u015f\u0131r\u0131q. B\u00fct\u00fcn sadalad\u0131\u011f\u0131m\u0131z v\u0259 \u0259slind\u0259 tam olaraq sadalanarsa s\u0259hif\u0259l\u0259r\u0259 bel\u0259 yerl\u0259\u015fm\u0259y\u0259c\u0259k q\u0259d\u0259r m\u00fck\u0259mm\u0259l v\u0259 says\u0131z-hesabs\u0131z olan i\u015fl\u0259rin h\u0259r birinin arxas\u0131nda Prezident \u0130lham \u018fliyevin imzas\u0131 v\u0259 D\u0259mir Yumruq dayan\u0131r.<\/p>\n<section>Bu g\u00fcn Az\u0259rbaycan dedikd\u0259 44 g\u00fcnl\u00fck m\u00fcharib\u0259d\u0259 inan\u0131lmaz z\u0259f\u0259r \u00e7alm\u0131\u015f, h\u0259min g\u00fcn\u0259 q\u0259d\u0259r d\u00fcnyan\u0131n he\u00e7 bir \u00f6lk\u0259sind\u0259 m\u00f6vcud olmayan strategiya il\u0259 torpaqlar\u0131n\u0131 geri qaytarm\u0131\u015f olan v\u0259 \u00f6t\u0259n \u00fc\u00e7 il \u0259rzind\u0259 inki\u015faf\u0131n\u0131n \u0259n y\u00fcks\u0259k zirv\u0259sin\u0259 \u00e7atan Az\u0259rbaycan g\u00f6z \u00f6n\u00fcn\u0259 g\u0259lir.7 fevral tarixind\u0259 ke\u00e7iril\u0259c\u0259k se\u00e7ki bir daha Az\u0259rbaycan xalq\u0131n\u0131n arzusunun, etimad\u0131n\u0131n, irad\u0259sinin n\u00fcmayi\u015fi v\u0259 t\u0259sdiqin\u0259 \u00e7evril\u0259c\u0259k. Xalq\u0131m\u0131z birm\u0259nal\u0131 olaraq \u00f6z liderin\u0259, xilaskar prezidentin\u0259 v\u0259 yenilm\u0259z s\u0259rk\u0259rd\u0259sin\u0259 s\u0259s ver\u0259c\u0259k. Bu se\u00e7ki n\u0259tic\u0259sind\u0259 Az\u0259rbaycan daha parlaq v\u0259 daha inki\u015faf etmi\u015f g\u00fcnl\u0259rini ya\u015fayacaq. Biz se\u00e7kil\u0259rd\u0259 xalq\u0131m\u0131za, Az\u0259rbaycan sev\u0259rl\u0259r\u0259, damar\u0131nda Az\u0259rbaycanl\u0131 qan\u0131 axan h\u0259r bir insan\u0131m\u0131za u\u011furlar arzu edirik. Se\u00e7kil\u0259r\u0259 ay yar\u0131m zaman qalma\u011f\u0131na baxmayaraq se\u00e7kinin Az\u0259rbaycanda ba\u015f tutdu\u011funu s\u00f6yl\u0259y\u0259 bil\u0259rik. Bunu m\u0259n tam c\u0259sar\u0259timl\u0259 deyir\u0259m. \u00c7\u00fcnki biz davaml\u0131 olaraq se\u00e7icil\u0259rin yan\u0131nday\u0131q. Se\u00e7icil\u0259rl\u0259 davaml\u0131 olaraq ke\u00e7irdiyimiz g\u00f6r\u00fc\u015fl\u0259rd\u0259 ill\u0259rdir g\u0259ldiyimiz q\u0259na\u0259t bundan ibar\u0259tdir ki, Az\u0259rbaycan xalq\u0131n\u0131n bir se\u00e7imi var v\u0259 o da \u0130lham Heyd\u0259r o\u011flu \u018fliyevdir.<\/section>\n<p><strong>Jal\u0259 \u018fliyeva, Mill\u0259t v\u0259kili, Milli M\u0259clisin Ail\u0259, qad\u0131n, u\u015faq m\u0259s\u0259l\u0259l\u0259ri komit\u0259sinin s\u0259dr m\u00fcavini<\/strong><\/p>\n","protected":false},"excerpt":{"rendered":"<p>Yeni Az\u0259rbaycan Partiyas\u0131 \u00f6lk\u0259 Prezidenti \u0130lham \u018fliyevin n\u00f6vb\u0259d\u0259nk\u0259nar prezident se\u00e7kil\u0259rind\u0259 namiz\u0259dliyini ir\u0259li s\u00fcrd\u00fc. D\u00fc\u015f\u00fcn\u00fcr\u00fck ki, bu a\u00e7\u0131qlama sad\u0259c\u0259 YAP \u00fczvl\u0259rinin deyil, eyni zamanda b\u00fct\u00fcn Az\u0259rbaycan xalq\u0131n\u0131n ist\u0259k, arzu v\u0259 r\u0259yini ifad\u0259 edirdi. Az\u0259rbaycan xalq\u0131 Prezident \u0130lham \u018fliyevin simas\u0131nda \u00f6z\u00fcn\u0259 b\u00f6y\u00fck bir dayaq v\u0259 lider qazan\u0131b. M\u0259hz c\u0259nab Prezidentin h\u0259yata ke\u00e7irdiyi d\u00f6nm\u0259z irad\u0259li D\u0259mir Yumruq siyas\u0259ti [&hellip;]<\/p>\n","protected":false},"author":1,"featured_media":30582,"comment_status":"closed","ping_status":"closed","sticky":false,"template":"","format":"standard","meta":{"footnotes":""},"categories":[63,5],"tags":[],"class_list":{"0":"post-30580","1":"post","2":"type-post","3":"status-publish","4":"format-standard","5":"has-post-thumbnail","7":"category-manset","8":"category-knd"},"yoast_head":"<!-- This site is optimized with the Yoast SEO plugin v27.0 - https:\/\/yoast.com\/product\/yoast-seo-wordpress\/ -->\n<title>Jal\u0259 \u018fliyeva: &quot;Az\u0259rbaycan xalq\u0131n\u0131n bir se\u00e7imi var&quot; - Z\u0259rdab.com<\/title>\n<meta name=\"robots\" content=\"index, follow, max-snippet:-1, max-image-preview:large, max-video-preview:-1\" \/>\n<link rel=\"canonical\" href=\"https:\/\/www.zerdab.com\/?p=30580\" \/>\n<meta property=\"og:locale\" content=\"az_AZ\" \/>\n<meta property=\"og:type\" content=\"article\" \/>\n<meta property=\"og:title\" content=\"Jal\u0259 \u018fliyeva: &quot;Az\u0259rbaycan xalq\u0131n\u0131n bir se\u00e7imi var&quot; - Z\u0259rdab.com\" \/>\n<meta property=\"og:description\" content=\"Yeni Az\u0259rbaycan Partiyas\u0131 \u00f6lk\u0259 Prezidenti \u0130lham \u018fliyevin n\u00f6vb\u0259d\u0259nk\u0259nar prezident se\u00e7kil\u0259rind\u0259 namiz\u0259dliyini ir\u0259li s\u00fcrd\u00fc. D\u00fc\u015f\u00fcn\u00fcr\u00fck ki, bu a\u00e7\u0131qlama sad\u0259c\u0259 YAP \u00fczvl\u0259rinin deyil, eyni zamanda b\u00fct\u00fcn Az\u0259rbaycan xalq\u0131n\u0131n ist\u0259k, arzu v\u0259 r\u0259yini ifad\u0259 edirdi. Az\u0259rbaycan xalq\u0131 Prezident \u0130lham \u018fliyevin simas\u0131nda \u00f6z\u00fcn\u0259 b\u00f6y\u00fck bir dayaq v\u0259 lider qazan\u0131b. M\u0259hz c\u0259nab Prezidentin h\u0259yata ke\u00e7irdiyi d\u00f6nm\u0259z irad\u0259li D\u0259mir Yumruq siyas\u0259ti [&hellip;]\" \/>\n<meta property=\"og:url\" content=\"https:\/\/www.zerdab.com\/?p=30580\" \/>\n<meta property=\"og:site_name\" content=\"Z\u0259rdab.com\" \/>\n<meta property=\"article:published_time\" content=\"2023-12-18T11:27:40+00:00\" \/>\n<meta property=\"article:modified_time\" content=\"2023-12-18T11:30:15+00:00\" \/>\n<meta property=\"og:image\" content=\"http:\/\/www.zerdab.com\/wp-content\/uploads\/2023\/12\/ilham-aliyev.jpg\" \/>\n\t<meta property=\"og:image:width\" content=\"960\" \/>\n\t<meta property=\"og:image:height\" content=\"562\" \/>\n\t<meta property=\"og:image:type\" content=\"image\/jpeg\" \/>\n<meta name=\"author\" content=\"admin\" \/>\n<meta name=\"twitter:card\" content=\"summary_large_image\" \/>\n<meta name=\"twitter:label1\" content=\"Written by\" \/>\n\t<meta name=\"twitter:data1\" content=\"admin\" \/>\n\t<meta name=\"twitter:label2\" content=\"Est. reading time\" \/>\n\t<meta name=\"twitter:data2\" content=\"2 minutes\" \/>\n<script type=\"application\/ld+json\" class=\"yoast-schema-graph\">{\"@context\":\"https:\/\/schema.org\",\"@graph\":[{\"@type\":\"Article\",\"@id\":\"https:\/\/www.zerdab.com\/?p=30580#article\",\"isPartOf\":{\"@id\":\"https:\/\/www.zerdab.com\/?p=30580\"},\"author\":{\"name\":\"admin\",\"@id\":\"https:\/\/www.zerdab.com\/#\/schema\/person\/97079b7570c1e89ec0d9e138c3672136\"},\"headline\":\"Jal\u0259 \u018fliyeva: &#8220;Az\u0259rbaycan xalq\u0131n\u0131n bir se\u00e7imi var&#8221;\",\"datePublished\":\"2023-12-18T11:27:40+00:00\",\"dateModified\":\"2023-12-18T11:30:15+00:00\",\"mainEntityOfPage\":{\"@id\":\"https:\/\/www.zerdab.com\/?p=30580\"},\"wordCount\":630,\"image\":{\"@id\":\"https:\/\/www.zerdab.com\/?p=30580#primaryimage\"},\"thumbnailUrl\":\"https:\/\/www.zerdab.com\/wp-content\/uploads\/2023\/12\/ilham-aliyev.jpg\",\"articleSection\":[\"MAN\u015eET\",\"X\u018fB\u018fRL\u018fR\"],\"inLanguage\":\"az\"},{\"@type\":\"WebPage\",\"@id\":\"https:\/\/www.zerdab.com\/?p=30580\",\"url\":\"https:\/\/www.zerdab.com\/?p=30580\",\"name\":\"Jal\u0259 \u018fliyeva: \\\"Az\u0259rbaycan xalq\u0131n\u0131n bir se\u00e7imi var\\\" - Z\u0259rdab.com\",\"isPartOf\":{\"@id\":\"https:\/\/www.zerdab.com\/#website\"},\"primaryImageOfPage\":{\"@id\":\"https:\/\/www.zerdab.com\/?p=30580#primaryimage\"},\"image\":{\"@id\":\"https:\/\/www.zerdab.com\/?p=30580#primaryimage\"},\"thumbnailUrl\":\"https:\/\/www.zerdab.com\/wp-content\/uploads\/2023\/12\/ilham-aliyev.jpg\",\"datePublished\":\"2023-12-18T11:27:40+00:00\",\"dateModified\":\"2023-12-18T11:30:15+00:00\",\"author\":{\"@id\":\"https:\/\/www.zerdab.com\/#\/schema\/person\/97079b7570c1e89ec0d9e138c3672136\"},\"breadcrumb\":{\"@id\":\"https:\/\/www.zerdab.com\/?p=30580#breadcrumb\"},\"inLanguage\":\"az\",\"potentialAction\":[{\"@type\":\"ReadAction\",\"target\":[\"https:\/\/www.zerdab.com\/?p=30580\"]}]},{\"@type\":\"ImageObject\",\"inLanguage\":\"az\",\"@id\":\"https:\/\/www.zerdab.com\/?p=30580#primaryimage\",\"url\":\"https:\/\/www.zerdab.com\/wp-content\/uploads\/2023\/12\/ilham-aliyev.jpg\",\"contentUrl\":\"https:\/\/www.zerdab.com\/wp-content\/uploads\/2023\/12\/ilham-aliyev.jpg\",\"width\":960,\"height\":562,\"caption\":\"ilham-aliyev.jpg\"},{\"@type\":\"BreadcrumbList\",\"@id\":\"https:\/\/www.zerdab.com\/?p=30580#breadcrumb\",\"itemListElement\":[{\"@type\":\"ListItem\",\"position\":1,\"name\":\"Home\",\"item\":\"https:\/\/www.zerdab.com\/\"},{\"@type\":\"ListItem\",\"position\":2,\"name\":\"Jal\u0259 \u018fliyeva: &#8220;Az\u0259rbaycan xalq\u0131n\u0131n bir se\u00e7imi var&#8221;\"}]},{\"@type\":\"WebSite\",\"@id\":\"https:\/\/www.zerdab.com\/#website\",\"url\":\"https:\/\/www.zerdab.com\/\",\"name\":\"Z\u0259rdab.com\",\"description\":\"\",\"potentialAction\":[{\"@type\":\"SearchAction\",\"target\":{\"@type\":\"EntryPoint\",\"urlTemplate\":\"https:\/\/www.zerdab.com\/?s={search_term_string}\"},\"query-input\":{\"@type\":\"PropertyValueSpecification\",\"valueRequired\":true,\"valueName\":\"search_term_string\"}}],\"inLanguage\":\"az\"},{\"@type\":\"Person\",\"@id\":\"https:\/\/www.zerdab.com\/#\/schema\/person\/97079b7570c1e89ec0d9e138c3672136\",\"name\":\"admin\",\"image\":{\"@type\":\"ImageObject\",\"inLanguage\":\"az\",\"@id\":\"https:\/\/www.zerdab.com\/#\/schema\/person\/image\/\",\"url\":\"https:\/\/secure.gravatar.com\/avatar\/d9c52a9a27c32119cb6679a077fa3e2779e5f822c451cbf01098004361d466ec?s=96&d=mm&r=g\",\"contentUrl\":\"https:\/\/secure.gravatar.com\/avatar\/d9c52a9a27c32119cb6679a077fa3e2779e5f822c451cbf01098004361d466ec?s=96&d=mm&r=g\",\"caption\":\"admin\"},\"url\":\"https:\/\/www.zerdab.com\/?author=1\"}]}<\/script>\n<!-- \/ Yoast SEO plugin. -->","yoast_head_json":{"title":"Jal\u0259 \u018fliyeva: \"Az\u0259rbaycan xalq\u0131n\u0131n bir se\u00e7imi var\" - Z\u0259rdab.com","robots":{"index":"index","follow":"follow","max-snippet":"max-snippet:-1","max-image-preview":"max-image-preview:large","max-video-preview":"max-video-preview:-1"},"canonical":"https:\/\/www.zerdab.com\/?p=30580","og_locale":"az_AZ","og_type":"article","og_title":"Jal\u0259 \u018fliyeva: \"Az\u0259rbaycan xalq\u0131n\u0131n bir se\u00e7imi var\" - Z\u0259rdab.com","og_description":"Yeni Az\u0259rbaycan Partiyas\u0131 \u00f6lk\u0259 Prezidenti \u0130lham \u018fliyevin n\u00f6vb\u0259d\u0259nk\u0259nar prezident se\u00e7kil\u0259rind\u0259 namiz\u0259dliyini ir\u0259li s\u00fcrd\u00fc. D\u00fc\u015f\u00fcn\u00fcr\u00fck ki, bu a\u00e7\u0131qlama sad\u0259c\u0259 YAP \u00fczvl\u0259rinin deyil, eyni zamanda b\u00fct\u00fcn Az\u0259rbaycan xalq\u0131n\u0131n ist\u0259k, arzu v\u0259 r\u0259yini ifad\u0259 edirdi. Az\u0259rbaycan xalq\u0131 Prezident \u0130lham \u018fliyevin simas\u0131nda \u00f6z\u00fcn\u0259 b\u00f6y\u00fck bir dayaq v\u0259 lider qazan\u0131b. M\u0259hz c\u0259nab Prezidentin h\u0259yata ke\u00e7irdiyi d\u00f6nm\u0259z irad\u0259li D\u0259mir Yumruq siyas\u0259ti [&hellip;]","og_url":"https:\/\/www.zerdab.com\/?p=30580","og_site_name":"Z\u0259rdab.com","article_published_time":"2023-12-18T11:27:40+00:00","article_modified_time":"2023-12-18T11:30:15+00:00","og_image":[{"width":960,"height":562,"url":"http:\/\/www.zerdab.com\/wp-content\/uploads\/2023\/12\/ilham-aliyev.jpg","type":"image\/jpeg"}],"author":"admin","twitter_card":"summary_large_image","twitter_misc":{"Written by":"admin","Est. reading time":"2 minutes"},"schema":{"@context":"https:\/\/schema.org","@graph":[{"@type":"Article","@id":"https:\/\/www.zerdab.com\/?p=30580#article","isPartOf":{"@id":"https:\/\/www.zerdab.com\/?p=30580"},"author":{"name":"admin","@id":"https:\/\/www.zerdab.com\/#\/schema\/person\/97079b7570c1e89ec0d9e138c3672136"},"headline":"Jal\u0259 \u018fliyeva: &#8220;Az\u0259rbaycan xalq\u0131n\u0131n bir se\u00e7imi var&#8221;","datePublished":"2023-12-18T11:27:40+00:00","dateModified":"2023-12-18T11:30:15+00:00","mainEntityOfPage":{"@id":"https:\/\/www.zerdab.com\/?p=30580"},"wordCount":630,"image":{"@id":"https:\/\/www.zerdab.com\/?p=30580#primaryimage"},"thumbnailUrl":"https:\/\/www.zerdab.com\/wp-content\/uploads\/2023\/12\/ilham-aliyev.jpg","articleSection":["MAN\u015eET","X\u018fB\u018fRL\u018fR"],"inLanguage":"az"},{"@type":"WebPage","@id":"https:\/\/www.zerdab.com\/?p=30580","url":"https:\/\/www.zerdab.com\/?p=30580","name":"Jal\u0259 \u018fliyeva: \"Az\u0259rbaycan xalq\u0131n\u0131n bir se\u00e7imi var\" - Z\u0259rdab.com","isPartOf":{"@id":"https:\/\/www.zerdab.com\/#website"},"primaryImageOfPage":{"@id":"https:\/\/www.zerdab.com\/?p=30580#primaryimage"},"image":{"@id":"https:\/\/www.zerdab.com\/?p=30580#primaryimage"},"thumbnailUrl":"https:\/\/www.zerdab.com\/wp-content\/uploads\/2023\/12\/ilham-aliyev.jpg","datePublished":"2023-12-18T11:27:40+00:00","dateModified":"2023-12-18T11:30:15+00:00","author":{"@id":"https:\/\/www.zerdab.com\/#\/schema\/person\/97079b7570c1e89ec0d9e138c3672136"},"breadcrumb":{"@id":"https:\/\/www.zerdab.com\/?p=30580#breadcrumb"},"inLanguage":"az","potentialAction":[{"@type":"ReadAction","target":["https:\/\/www.zerdab.com\/?p=30580"]}]},{"@type":"ImageObject","inLanguage":"az","@id":"https:\/\/www.zerdab.com\/?p=30580#primaryimage","url":"https:\/\/www.zerdab.com\/wp-content\/uploads\/2023\/12\/ilham-aliyev.jpg","contentUrl":"https:\/\/www.zerdab.com\/wp-content\/uploads\/2023\/12\/ilham-aliyev.jpg","width":960,"height":562,"caption":"ilham-aliyev.jpg"},{"@type":"BreadcrumbList","@id":"https:\/\/www.zerdab.com\/?p=30580#breadcrumb","itemListElement":[{"@type":"ListItem","position":1,"name":"Home","item":"https:\/\/www.zerdab.com\/"},{"@type":"ListItem","position":2,"name":"Jal\u0259 \u018fliyeva: &#8220;Az\u0259rbaycan xalq\u0131n\u0131n bir se\u00e7imi var&#8221;"}]},{"@type":"WebSite","@id":"https:\/\/www.zerdab.com\/#website","url":"https:\/\/www.zerdab.com\/","name":"Z\u0259rdab.com","description":"","potentialAction":[{"@type":"SearchAction","target":{"@type":"EntryPoint","urlTemplate":"https:\/\/www.zerdab.com\/?s={search_term_string}"},"query-input":{"@type":"PropertyValueSpecification","valueRequired":true,"valueName":"search_term_string"}}],"inLanguage":"az"},{"@type":"Person","@id":"https:\/\/www.zerdab.com\/#\/schema\/person\/97079b7570c1e89ec0d9e138c3672136","name":"admin","image":{"@type":"ImageObject","inLanguage":"az","@id":"https:\/\/www.zerdab.com\/#\/schema\/person\/image\/","url":"https:\/\/secure.gravatar.com\/avatar\/d9c52a9a27c32119cb6679a077fa3e2779e5f822c451cbf01098004361d466ec?s=96&d=mm&r=g","contentUrl":"https:\/\/secure.gravatar.com\/avatar\/d9c52a9a27c32119cb6679a077fa3e2779e5f822c451cbf01098004361d466ec?s=96&d=mm&r=g","caption":"admin"},"url":"https:\/\/www.zerdab.com\/?author=1"}]}},"_links":{"self":[{"href":"https:\/\/www.zerdab.com\/index.php?rest_route=\/wp\/v2\/posts\/30580","targetHints":{"allow":["GET"]}}],"collection":[{"href":"https:\/\/www.zerdab.com\/index.php?rest_route=\/wp\/v2\/posts"}],"about":[{"href":"https:\/\/www.zerdab.com\/index.php?rest_route=\/wp\/v2\/types\/post"}],"author":[{"embeddable":true,"href":"https:\/\/www.zerdab.com\/index.php?rest_route=\/wp\/v2\/users\/1"}],"replies":[{"embeddable":true,"href":"https:\/\/www.zerdab.com\/index.php?rest_route=%2Fwp%2Fv2%2Fcomments&post=30580"}],"version-history":[{"count":3,"href":"https:\/\/www.zerdab.com\/index.php?rest_route=\/wp\/v2\/posts\/30580\/revisions"}],"predecessor-version":[{"id":30584,"href":"https:\/\/www.zerdab.com\/index.php?rest_route=\/wp\/v2\/posts\/30580\/revisions\/30584"}],"wp:featuredmedia":[{"embeddable":true,"href":"https:\/\/www.zerdab.com\/index.php?rest_route=\/wp\/v2\/media\/30582"}],"wp:attachment":[{"href":"https:\/\/www.zerdab.com\/index.php?rest_route=%2Fwp%2Fv2%2Fmedia&parent=30580"}],"wp:term":[{"taxonomy":"category","embeddable":true,"href":"https:\/\/www.zerdab.com\/index.php?rest_route=%2Fwp%2Fv2%2Fcategories&post=30580"},{"taxonomy":"post_tag","embeddable":true,"href":"https:\/\/www.zerdab.com\/index.php?rest_route=%2Fwp%2Fv2%2Ftags&post=30580"}],"curies":[{"name":"wp","href":"https:\/\/api.w.org\/{rel}","templated":true}]}}