{"id":30661,"date":"2024-01-07T12:20:09","date_gmt":"2024-01-07T08:20:09","guid":{"rendered":"https:\/\/www.zerdab.com\/?p=30661"},"modified":"2024-01-07T12:21:11","modified_gmt":"2024-01-07T08:21:11","slug":"ictimai-f%c9%99al-ramil-mehdiyevin-z%c9%99rdabdaki-seckiqabagi-t%c9%99%c9%99ssuratlari","status":"publish","type":"post","link":"https:\/\/www.zerdab.com\/?p=30661","title":{"rendered":"\u0130ctimai f\u0259al Ramil Mehdiyevin Z\u0259rdabdak\u0131 se\u00e7kiqaba\u011f\u0131 t\u0259\u0259ss\u00fcratlar\u0131"},"content":{"rendered":"<p><strong>\u201cYa\u015fad\u0131\u011f\u0131m Bak\u0131 \u015f\u0259h\u0259rind\u0259n do\u011fulub boya-ba\u015fa \u00e7atd\u0131\u011f\u0131m Z\u0259rdab rayonuna h\u0259r gedi\u015fimd\u0259 n\u0259z\u0259r\u0259\u00e7arpan intensiv inki\u015faf son ill\u0259rd\u0259\u00a0diqq\u0259timi c\u0259lb edir\u201d.\u00a0<\/strong><\/p>\n<p><strong>Zerdab.com<\/strong> sayt\u0131 x\u0259b\u0259r verir ki, bu s\u00f6zl\u0259ri ictimai f\u0259al Ramil Mehdiyev deyib.<\/p>\n<p><strong>O bildirib ki, son ill\u0259rd\u0259 rayonda b\u00f6y\u00fck i\u015fl\u0259r g\u00f6r\u00fcl\u00fcb:\u00a0<\/strong>\u201cPrezidentin kadr islahatlar\u0131, x\u00fcsus\u0259n d\u0259, Prezident Administrasiyas\u0131n\u0131n r\u0259hb\u0259rliyin\u0259 Samir Nuriyevin t\u0259yinat\u0131, daha sonra M\u0259rdan Camalzad\u0259nin Z\u0259rdab rayonuna icra ba\u015f\u00e7\u0131s\u0131 t\u0259yin olunmas\u0131 rayonumuzun inki\u015faf\u0131nda yeni s\u0259hif\u0259 a\u00e7d\u0131. Respublikam\u0131z\u0131n b\u00fct\u00fcn b\u00f6lg\u0259l\u0259rind\u0259ki s\u00fcr\u0259tli inki\u015faf Z\u0259rdab rayonundan da yan ke\u00e7mir. Sistematik v\u0259 n\u00f6vb\u0259li olaraq yeni asfalt \u00f6rt\u00fckl\u0259ri, s\u0259kil\u0259r\u0259 metlax, \u00e7il\u00e7\u0131raql\u0131 k\u00fc\u00e7\u0259l\u0259r, mini futbol meydan\u00e7as\u0131 istifad\u0259y\u0259 verilib. X\u00fcsusil\u0259 Qumlu ya\u015fay\u0131\u015f massivind\u0259, Qo\u015faoba k\u0259nd inzibati \u0259razi vahidliyind\u0259 ill\u0259rl\u0259 asfalt g\u00f6rm\u0259y\u0259n yollar abadla\u015f\u0131r, qaranl\u0131\u011fa q\u0259rq olan k\u00fc\u00e7\u0259l\u0259r i\u015f\u0131qlan\u0131r.<\/p>\n<p>K\u0259nd t\u0259s\u0259rr\u00fcfat\u0131 sah\u0259sind\u0259 u\u011furlar, ip\u0259k qurdu b\u0259sl\u0259nm\u0259sind\u0259 h\u0259yata ke\u00e7iril\u0259n barama istehsal\u0131nda respublika liderliyinin qorunub saxlan\u0131lmas\u0131, ayr\u0131lan subsidiyalara n\u0259zar\u0259tin g\u00fccl\u0259ndirilm\u0259si, suvarma problemlerinin h\u0259lli m\u0259hsuldarl\u0131\u011f\u0131n bol olmas\u0131 il\u0259 n\u0259tic\u0259l\u0259nir\u201d.<\/p>\n<p><strong>Ramil Mehdiyevin s\u00f6zl\u0259rin\u0259 g\u00f6r\u0259, M\u0259rdan Camalzad\u0259nin t\u0259yinat\u0131n\u0131n ilk ill\u0259ri pandemiya v\u0259 daha sonra V\u0259t\u0259n m\u00fcharib\u0259si d\u00f6vr\u00fcn\u0259 t\u0259sad\u00fcf etm\u0259sin\u0259 baxmayaraq ill\u0259rin t\u0259cr\u00fcb\u0259si, onun s\u0259m\u0259r\u0259li f\u0259aliyy\u0259tin\u0259 \u00f6z t\u00f6hf\u0259sini verib:<\/strong>\u00a0\u201cPandemiya d\u00f6vr\u00fcnd\u0259 rayon \u0259razisind\u0259ki Z\u0259rdabi park\u0131n\u0131n yenid\u0259n qurulmas\u0131, \u015f\u0259hid ail\u0259l\u0259rinin v\u0259 qazil\u0259rin diqq\u0259t v\u0259 qay\u011f\u0131dan k\u0259narda qalmamas\u0131, \u015f\u0259xsi v\u0259sait hesab\u0131na imtiyazl\u0131 be\u015f y\u00fcz ail\u0259y\u0259 \u0259rzaq yard\u0131m\u0131 yuxar\u0131da sadalananlara bariz n\u00fcmun\u0259dir.<\/p>\n<p>B\u00fct\u00fcn \u00f6lk\u0259 \u0259razisind\u0259 oldu\u011fu kimi rayonumuzda da n\u00f6vb\u0259d\u0259nk\u0259nar prezident se\u00e7kil\u0259rin\u0259 y\u00fcks\u0259k \u0259hval &#8211; ruhiyy\u0259 il\u0259 haz\u0131rl\u0131q n\u0259z\u0259r\u0259 \u00e7arp\u0131r. Sadalanan \u0259ld\u0259 edilmi\u015f u\u011furlar g\u00f6st\u0259rir ki, \u0259sas\u0131 ulu \u00f6nd\u0259r Heyd\u0259r \u018fliyev t\u0259r\u0259find\u0259n qoyulmu\u015f siyasi v\u0259 iqtisadi kurs Prezident \u0130lham \u018fliyev t\u0259r\u0259find\u0259n u\u011furla davam edilir. Bu siyas\u0259tin davam\u0131 is\u0259 b\u00fct\u00fcn Az\u0259rbaycan xalq\u0131n\u0131n ist\u0259yidir. Az\u0259rbaycan v\u0259t\u0259nda\u015flar\u0131n\u0131n se\u00e7imi m\u0259hz \u00fcmummilli liderin ideyalar\u0131n\u0131n davam etdirilm\u0259si \u00fcz\u0259rind\u0259 k\u00f6kl\u0259nib. F\u0259xar\u0259t hissi do\u011furan dig\u0259r m\u00fch\u00fcm m\u0259qam ondan ibar\u0259tdir ki, Ulu \u00f6nd\u0259r Heyd\u0259r \u018fliyevin layiqli davam\u00e7\u0131s\u0131 oldu\u011funu \u0259m\u0259li add\u0131mlar\u0131 il\u0259 s\u00fcbuta yetir\u0259n \u0130lham \u018fliyev h\u0259m d\u0259 geopolitik m\u0259kanda siyasi &#8211; iqtisadi prosesl\u0259rin istiqam\u0259tini m\u00fc\u0259yy\u0259nl\u0259\u015fdir\u0259n, ona t\u0259sir g\u00f6st\u0259r\u0259n lider\u0259 \u00e7evrilib.<\/p>\n<p>B\u00fct\u00fcn sah\u0259l\u0259rd\u0259 qazan\u0131lan m\u00f6ht\u0259\u015f\u0259m nailiyy\u0259tl\u0259r d\u00f6vl\u0259t ba\u015f\u00e7\u0131s\u0131n\u0131n siyasi prioritetin\u0259 yeni \u015ftrixl\u0259r \u0259lav\u0259 edib. \u0130lham \u018fliyevin y\u00fcr\u00fctd\u00fcy\u00fc u\u011furlu daxili v\u0259 xarici siyas\u0259t bir-birini tamamlayaraq Az\u0259rbaycan\u0131n milli maraqlar\u0131n\u0131n maksimum d\u0259r\u0259c\u0259d\u0259 t\u0259min olunmas\u0131na y\u00f6n\u0259lib.<\/p>\n<p>Z\u0259hm\u0259tke\u015f v\u0259 q\u0259hr\u0259man Z\u0259rdab sakinl\u0259ri yenid\u0259n 7 fevral n\u00f6vb\u0259d\u0259nk\u0259nar prezident se\u00e7kil\u0259rind\u0259 x\u00fcsusi se\u00e7ki f\u0259all\u0131\u011f\u0131 g\u00f6st\u0259r\u0259r\u0259k se\u00e7ki m\u0259nt\u0259q\u0259l\u0259rin\u0259 \u00fcz tutacaq v\u0259 bu u\u011furlu siyasi x\u0259ttin n\u00f6vb\u0259ti ill\u0259rd\u0259 d\u0259 davam etm\u0259si \u00fc\u00e7\u00fcn s\u0259sini M\u00fcz\u0259ff\u0259r Ali Ba\u015f Komandan c\u0259nab \u0130lham \u018fliyev\u0259 ver\u0259c\u0259k\u201d.<\/p>\n","protected":false},"excerpt":{"rendered":"<p>\u201cYa\u015fad\u0131\u011f\u0131m Bak\u0131 \u015f\u0259h\u0259rind\u0259n do\u011fulub boya-ba\u015fa \u00e7atd\u0131\u011f\u0131m Z\u0259rdab rayonuna h\u0259r gedi\u015fimd\u0259 n\u0259z\u0259r\u0259\u00e7arpan intensiv inki\u015faf son ill\u0259rd\u0259\u00a0diqq\u0259timi c\u0259lb edir\u201d.\u00a0 Zerdab.com sayt\u0131 x\u0259b\u0259r verir ki, bu s\u00f6zl\u0259ri ictimai f\u0259al Ramil Mehdiyev deyib. O bildirib ki, son ill\u0259rd\u0259 rayonda b\u00f6y\u00fck i\u015fl\u0259r g\u00f6r\u00fcl\u00fcb:\u00a0\u201cPrezidentin kadr islahatlar\u0131, x\u00fcsus\u0259n d\u0259, Prezident Administrasiyas\u0131n\u0131n r\u0259hb\u0259rliyin\u0259 Samir Nuriyevin t\u0259yinat\u0131, daha sonra M\u0259rdan Camalzad\u0259nin Z\u0259rdab rayonuna icra [&hellip;]<\/p>\n","protected":false},"author":1,"featured_media":30448,"comment_status":"closed","ping_status":"closed","sticky":false,"template":"","format":"standard","meta":{"footnotes":""},"categories":[63,5],"tags":[],"class_list":{"0":"post-30661","1":"post","2":"type-post","3":"status-publish","4":"format-standard","5":"has-post-thumbnail","7":"category-manset","8":"category-knd"},"yoast_head":"<!-- This site is optimized with the Yoast SEO plugin v27.0 - https:\/\/yoast.com\/product\/yoast-seo-wordpress\/ -->\n<title>\u0130ctimai f\u0259al Ramil Mehdiyevin Z\u0259rdabdak\u0131 se\u00e7kiqaba\u011f\u0131 t\u0259\u0259ss\u00fcratlar\u0131 - Z\u0259rdab.com<\/title>\n<meta name=\"robots\" content=\"index, follow, max-snippet:-1, max-image-preview:large, max-video-preview:-1\" \/>\n<link rel=\"canonical\" href=\"https:\/\/www.zerdab.com\/?p=30661\" \/>\n<meta property=\"og:locale\" content=\"az_AZ\" \/>\n<meta property=\"og:type\" content=\"article\" \/>\n<meta property=\"og:title\" content=\"\u0130ctimai f\u0259al Ramil Mehdiyevin Z\u0259rdabdak\u0131 se\u00e7kiqaba\u011f\u0131 t\u0259\u0259ss\u00fcratlar\u0131 - Z\u0259rdab.com\" \/>\n<meta property=\"og:description\" content=\"\u201cYa\u015fad\u0131\u011f\u0131m Bak\u0131 \u015f\u0259h\u0259rind\u0259n do\u011fulub boya-ba\u015fa \u00e7atd\u0131\u011f\u0131m Z\u0259rdab rayonuna h\u0259r gedi\u015fimd\u0259 n\u0259z\u0259r\u0259\u00e7arpan intensiv inki\u015faf son ill\u0259rd\u0259\u00a0diqq\u0259timi c\u0259lb edir\u201d.\u00a0 Zerdab.com sayt\u0131 x\u0259b\u0259r verir ki, bu s\u00f6zl\u0259ri ictimai f\u0259al Ramil Mehdiyev deyib. O bildirib ki, son ill\u0259rd\u0259 rayonda b\u00f6y\u00fck i\u015fl\u0259r g\u00f6r\u00fcl\u00fcb:\u00a0\u201cPrezidentin kadr islahatlar\u0131, x\u00fcsus\u0259n d\u0259, Prezident Administrasiyas\u0131n\u0131n r\u0259hb\u0259rliyin\u0259 Samir Nuriyevin t\u0259yinat\u0131, daha sonra M\u0259rdan Camalzad\u0259nin Z\u0259rdab rayonuna icra [&hellip;]\" \/>\n<meta property=\"og:url\" content=\"https:\/\/www.zerdab.com\/?p=30661\" \/>\n<meta property=\"og:site_name\" content=\"Z\u0259rdab.com\" \/>\n<meta property=\"article:published_time\" content=\"2024-01-07T08:20:09+00:00\" \/>\n<meta property=\"article:modified_time\" content=\"2024-01-07T08:21:11+00:00\" \/>\n<meta property=\"og:image\" content=\"http:\/\/www.zerdab.com\/wp-content\/uploads\/2023\/11\/ramil-mehdiyev-zerdabi.jpg\" \/>\n\t<meta property=\"og:image:width\" content=\"637\" \/>\n\t<meta property=\"og:image:height\" content=\"400\" \/>\n\t<meta property=\"og:image:type\" content=\"image\/jpeg\" \/>\n<meta name=\"author\" content=\"admin\" \/>\n<meta name=\"twitter:card\" content=\"summary_large_image\" \/>\n<meta name=\"twitter:label1\" content=\"Written by\" \/>\n\t<meta name=\"twitter:data1\" content=\"admin\" \/>\n\t<meta name=\"twitter:label2\" content=\"Est. reading time\" \/>\n\t<meta name=\"twitter:data2\" content=\"2 minutes\" \/>\n<script type=\"application\/ld+json\" class=\"yoast-schema-graph\">{\"@context\":\"https:\/\/schema.org\",\"@graph\":[{\"@type\":\"Article\",\"@id\":\"https:\/\/www.zerdab.com\/?p=30661#article\",\"isPartOf\":{\"@id\":\"https:\/\/www.zerdab.com\/?p=30661\"},\"author\":{\"name\":\"admin\",\"@id\":\"https:\/\/www.zerdab.com\/#\/schema\/person\/97079b7570c1e89ec0d9e138c3672136\"},\"headline\":\"\u0130ctimai f\u0259al Ramil Mehdiyevin Z\u0259rdabdak\u0131 se\u00e7kiqaba\u011f\u0131 t\u0259\u0259ss\u00fcratlar\u0131\",\"datePublished\":\"2024-01-07T08:20:09+00:00\",\"dateModified\":\"2024-01-07T08:21:11+00:00\",\"mainEntityOfPage\":{\"@id\":\"https:\/\/www.zerdab.com\/?p=30661\"},\"wordCount\":683,\"image\":{\"@id\":\"https:\/\/www.zerdab.com\/?p=30661#primaryimage\"},\"thumbnailUrl\":\"https:\/\/www.zerdab.com\/wp-content\/uploads\/2023\/11\/ramil-mehdiyev-zerdabi.jpg\",\"articleSection\":[\"MAN\u015eET\",\"X\u018fB\u018fRL\u018fR\"],\"inLanguage\":\"az\"},{\"@type\":\"WebPage\",\"@id\":\"https:\/\/www.zerdab.com\/?p=30661\",\"url\":\"https:\/\/www.zerdab.com\/?p=30661\",\"name\":\"\u0130ctimai f\u0259al Ramil Mehdiyevin Z\u0259rdabdak\u0131 se\u00e7kiqaba\u011f\u0131 t\u0259\u0259ss\u00fcratlar\u0131 - Z\u0259rdab.com\",\"isPartOf\":{\"@id\":\"https:\/\/www.zerdab.com\/#website\"},\"primaryImageOfPage\":{\"@id\":\"https:\/\/www.zerdab.com\/?p=30661#primaryimage\"},\"image\":{\"@id\":\"https:\/\/www.zerdab.com\/?p=30661#primaryimage\"},\"thumbnailUrl\":\"https:\/\/www.zerdab.com\/wp-content\/uploads\/2023\/11\/ramil-mehdiyev-zerdabi.jpg\",\"datePublished\":\"2024-01-07T08:20:09+00:00\",\"dateModified\":\"2024-01-07T08:21:11+00:00\",\"author\":{\"@id\":\"https:\/\/www.zerdab.com\/#\/schema\/person\/97079b7570c1e89ec0d9e138c3672136\"},\"breadcrumb\":{\"@id\":\"https:\/\/www.zerdab.com\/?p=30661#breadcrumb\"},\"inLanguage\":\"az\",\"potentialAction\":[{\"@type\":\"ReadAction\",\"target\":[\"https:\/\/www.zerdab.com\/?p=30661\"]}]},{\"@type\":\"ImageObject\",\"inLanguage\":\"az\",\"@id\":\"https:\/\/www.zerdab.com\/?p=30661#primaryimage\",\"url\":\"https:\/\/www.zerdab.com\/wp-content\/uploads\/2023\/11\/ramil-mehdiyev-zerdabi.jpg\",\"contentUrl\":\"https:\/\/www.zerdab.com\/wp-content\/uploads\/2023\/11\/ramil-mehdiyev-zerdabi.jpg\",\"width\":637,\"height\":400,\"caption\":\"ramil-mehdiyev-zerdabi.png\"},{\"@type\":\"BreadcrumbList\",\"@id\":\"https:\/\/www.zerdab.com\/?p=30661#breadcrumb\",\"itemListElement\":[{\"@type\":\"ListItem\",\"position\":1,\"name\":\"Home\",\"item\":\"https:\/\/www.zerdab.com\/\"},{\"@type\":\"ListItem\",\"position\":2,\"name\":\"\u0130ctimai f\u0259al Ramil Mehdiyevin Z\u0259rdabdak\u0131 se\u00e7kiqaba\u011f\u0131 t\u0259\u0259ss\u00fcratlar\u0131\"}]},{\"@type\":\"WebSite\",\"@id\":\"https:\/\/www.zerdab.com\/#website\",\"url\":\"https:\/\/www.zerdab.com\/\",\"name\":\"Z\u0259rdab.com\",\"description\":\"\",\"potentialAction\":[{\"@type\":\"SearchAction\",\"target\":{\"@type\":\"EntryPoint\",\"urlTemplate\":\"https:\/\/www.zerdab.com\/?s={search_term_string}\"},\"query-input\":{\"@type\":\"PropertyValueSpecification\",\"valueRequired\":true,\"valueName\":\"search_term_string\"}}],\"inLanguage\":\"az\"},{\"@type\":\"Person\",\"@id\":\"https:\/\/www.zerdab.com\/#\/schema\/person\/97079b7570c1e89ec0d9e138c3672136\",\"name\":\"admin\",\"image\":{\"@type\":\"ImageObject\",\"inLanguage\":\"az\",\"@id\":\"https:\/\/www.zerdab.com\/#\/schema\/person\/image\/\",\"url\":\"https:\/\/secure.gravatar.com\/avatar\/d9c52a9a27c32119cb6679a077fa3e2779e5f822c451cbf01098004361d466ec?s=96&d=mm&r=g\",\"contentUrl\":\"https:\/\/secure.gravatar.com\/avatar\/d9c52a9a27c32119cb6679a077fa3e2779e5f822c451cbf01098004361d466ec?s=96&d=mm&r=g\",\"caption\":\"admin\"},\"url\":\"https:\/\/www.zerdab.com\/?author=1\"}]}<\/script>\n<!-- \/ Yoast SEO plugin. -->","yoast_head_json":{"title":"\u0130ctimai f\u0259al Ramil Mehdiyevin Z\u0259rdabdak\u0131 se\u00e7kiqaba\u011f\u0131 t\u0259\u0259ss\u00fcratlar\u0131 - Z\u0259rdab.com","robots":{"index":"index","follow":"follow","max-snippet":"max-snippet:-1","max-image-preview":"max-image-preview:large","max-video-preview":"max-video-preview:-1"},"canonical":"https:\/\/www.zerdab.com\/?p=30661","og_locale":"az_AZ","og_type":"article","og_title":"\u0130ctimai f\u0259al Ramil Mehdiyevin Z\u0259rdabdak\u0131 se\u00e7kiqaba\u011f\u0131 t\u0259\u0259ss\u00fcratlar\u0131 - Z\u0259rdab.com","og_description":"\u201cYa\u015fad\u0131\u011f\u0131m Bak\u0131 \u015f\u0259h\u0259rind\u0259n do\u011fulub boya-ba\u015fa \u00e7atd\u0131\u011f\u0131m Z\u0259rdab rayonuna h\u0259r gedi\u015fimd\u0259 n\u0259z\u0259r\u0259\u00e7arpan intensiv inki\u015faf son ill\u0259rd\u0259\u00a0diqq\u0259timi c\u0259lb edir\u201d.\u00a0 Zerdab.com sayt\u0131 x\u0259b\u0259r verir ki, bu s\u00f6zl\u0259ri ictimai f\u0259al Ramil Mehdiyev deyib. O bildirib ki, son ill\u0259rd\u0259 rayonda b\u00f6y\u00fck i\u015fl\u0259r g\u00f6r\u00fcl\u00fcb:\u00a0\u201cPrezidentin kadr islahatlar\u0131, x\u00fcsus\u0259n d\u0259, Prezident Administrasiyas\u0131n\u0131n r\u0259hb\u0259rliyin\u0259 Samir Nuriyevin t\u0259yinat\u0131, daha sonra M\u0259rdan Camalzad\u0259nin Z\u0259rdab rayonuna icra [&hellip;]","og_url":"https:\/\/www.zerdab.com\/?p=30661","og_site_name":"Z\u0259rdab.com","article_published_time":"2024-01-07T08:20:09+00:00","article_modified_time":"2024-01-07T08:21:11+00:00","og_image":[{"width":637,"height":400,"url":"http:\/\/www.zerdab.com\/wp-content\/uploads\/2023\/11\/ramil-mehdiyev-zerdabi.jpg","type":"image\/jpeg"}],"author":"admin","twitter_card":"summary_large_image","twitter_misc":{"Written by":"admin","Est. reading time":"2 minutes"},"schema":{"@context":"https:\/\/schema.org","@graph":[{"@type":"Article","@id":"https:\/\/www.zerdab.com\/?p=30661#article","isPartOf":{"@id":"https:\/\/www.zerdab.com\/?p=30661"},"author":{"name":"admin","@id":"https:\/\/www.zerdab.com\/#\/schema\/person\/97079b7570c1e89ec0d9e138c3672136"},"headline":"\u0130ctimai f\u0259al Ramil Mehdiyevin Z\u0259rdabdak\u0131 se\u00e7kiqaba\u011f\u0131 t\u0259\u0259ss\u00fcratlar\u0131","datePublished":"2024-01-07T08:20:09+00:00","dateModified":"2024-01-07T08:21:11+00:00","mainEntityOfPage":{"@id":"https:\/\/www.zerdab.com\/?p=30661"},"wordCount":683,"image":{"@id":"https:\/\/www.zerdab.com\/?p=30661#primaryimage"},"thumbnailUrl":"https:\/\/www.zerdab.com\/wp-content\/uploads\/2023\/11\/ramil-mehdiyev-zerdabi.jpg","articleSection":["MAN\u015eET","X\u018fB\u018fRL\u018fR"],"inLanguage":"az"},{"@type":"WebPage","@id":"https:\/\/www.zerdab.com\/?p=30661","url":"https:\/\/www.zerdab.com\/?p=30661","name":"\u0130ctimai f\u0259al Ramil Mehdiyevin Z\u0259rdabdak\u0131 se\u00e7kiqaba\u011f\u0131 t\u0259\u0259ss\u00fcratlar\u0131 - Z\u0259rdab.com","isPartOf":{"@id":"https:\/\/www.zerdab.com\/#website"},"primaryImageOfPage":{"@id":"https:\/\/www.zerdab.com\/?p=30661#primaryimage"},"image":{"@id":"https:\/\/www.zerdab.com\/?p=30661#primaryimage"},"thumbnailUrl":"https:\/\/www.zerdab.com\/wp-content\/uploads\/2023\/11\/ramil-mehdiyev-zerdabi.jpg","datePublished":"2024-01-07T08:20:09+00:00","dateModified":"2024-01-07T08:21:11+00:00","author":{"@id":"https:\/\/www.zerdab.com\/#\/schema\/person\/97079b7570c1e89ec0d9e138c3672136"},"breadcrumb":{"@id":"https:\/\/www.zerdab.com\/?p=30661#breadcrumb"},"inLanguage":"az","potentialAction":[{"@type":"ReadAction","target":["https:\/\/www.zerdab.com\/?p=30661"]}]},{"@type":"ImageObject","inLanguage":"az","@id":"https:\/\/www.zerdab.com\/?p=30661#primaryimage","url":"https:\/\/www.zerdab.com\/wp-content\/uploads\/2023\/11\/ramil-mehdiyev-zerdabi.jpg","contentUrl":"https:\/\/www.zerdab.com\/wp-content\/uploads\/2023\/11\/ramil-mehdiyev-zerdabi.jpg","width":637,"height":400,"caption":"ramil-mehdiyev-zerdabi.png"},{"@type":"BreadcrumbList","@id":"https:\/\/www.zerdab.com\/?p=30661#breadcrumb","itemListElement":[{"@type":"ListItem","position":1,"name":"Home","item":"https:\/\/www.zerdab.com\/"},{"@type":"ListItem","position":2,"name":"\u0130ctimai f\u0259al Ramil Mehdiyevin Z\u0259rdabdak\u0131 se\u00e7kiqaba\u011f\u0131 t\u0259\u0259ss\u00fcratlar\u0131"}]},{"@type":"WebSite","@id":"https:\/\/www.zerdab.com\/#website","url":"https:\/\/www.zerdab.com\/","name":"Z\u0259rdab.com","description":"","potentialAction":[{"@type":"SearchAction","target":{"@type":"EntryPoint","urlTemplate":"https:\/\/www.zerdab.com\/?s={search_term_string}"},"query-input":{"@type":"PropertyValueSpecification","valueRequired":true,"valueName":"search_term_string"}}],"inLanguage":"az"},{"@type":"Person","@id":"https:\/\/www.zerdab.com\/#\/schema\/person\/97079b7570c1e89ec0d9e138c3672136","name":"admin","image":{"@type":"ImageObject","inLanguage":"az","@id":"https:\/\/www.zerdab.com\/#\/schema\/person\/image\/","url":"https:\/\/secure.gravatar.com\/avatar\/d9c52a9a27c32119cb6679a077fa3e2779e5f822c451cbf01098004361d466ec?s=96&d=mm&r=g","contentUrl":"https:\/\/secure.gravatar.com\/avatar\/d9c52a9a27c32119cb6679a077fa3e2779e5f822c451cbf01098004361d466ec?s=96&d=mm&r=g","caption":"admin"},"url":"https:\/\/www.zerdab.com\/?author=1"}]}},"_links":{"self":[{"href":"https:\/\/www.zerdab.com\/index.php?rest_route=\/wp\/v2\/posts\/30661","targetHints":{"allow":["GET"]}}],"collection":[{"href":"https:\/\/www.zerdab.com\/index.php?rest_route=\/wp\/v2\/posts"}],"about":[{"href":"https:\/\/www.zerdab.com\/index.php?rest_route=\/wp\/v2\/types\/post"}],"author":[{"embeddable":true,"href":"https:\/\/www.zerdab.com\/index.php?rest_route=\/wp\/v2\/users\/1"}],"replies":[{"embeddable":true,"href":"https:\/\/www.zerdab.com\/index.php?rest_route=%2Fwp%2Fv2%2Fcomments&post=30661"}],"version-history":[{"count":1,"href":"https:\/\/www.zerdab.com\/index.php?rest_route=\/wp\/v2\/posts\/30661\/revisions"}],"predecessor-version":[{"id":30662,"href":"https:\/\/www.zerdab.com\/index.php?rest_route=\/wp\/v2\/posts\/30661\/revisions\/30662"}],"wp:featuredmedia":[{"embeddable":true,"href":"https:\/\/www.zerdab.com\/index.php?rest_route=\/wp\/v2\/media\/30448"}],"wp:attachment":[{"href":"https:\/\/www.zerdab.com\/index.php?rest_route=%2Fwp%2Fv2%2Fmedia&parent=30661"}],"wp:term":[{"taxonomy":"category","embeddable":true,"href":"https:\/\/www.zerdab.com\/index.php?rest_route=%2Fwp%2Fv2%2Fcategories&post=30661"},{"taxonomy":"post_tag","embeddable":true,"href":"https:\/\/www.zerdab.com\/index.php?rest_route=%2Fwp%2Fv2%2Ftags&post=30661"}],"curies":[{"name":"wp","href":"https:\/\/api.w.org\/{rel}","templated":true}]}}