{"id":30663,"date":"2024-01-08T13:56:36","date_gmt":"2024-01-08T09:56:36","guid":{"rendered":"https:\/\/www.zerdab.com\/?p=30663"},"modified":"2024-01-08T13:58:21","modified_gmt":"2024-01-08T09:58:21","slug":"z%c9%99rdab-%c9%99razisinin-arxeoloji-c%c9%99h%c9%99td%c9%99n-oyr%c9%99nilm%c9%99sin%c9%99-ehtiyac-var","status":"publish","type":"post","link":"https:\/\/www.zerdab.com\/?p=30663","title":{"rendered":"Z\u0259rdab \u0259razisinin arxeoloji c\u0259h\u0259td\u0259n \u00f6yr\u0259nilm\u0259sin\u0259 ehtiyac var"},"content":{"rendered":"<p>Z\u0259rdab rayonunun \u0259razisi arxeoloji c\u0259h\u0259td\u0259n dem\u0259k olar ki, \u00f6yr\u0259nilm\u0259yib. H\u0259l\u0259 q\u0259dim d\u00f6vrl\u0259rd\u0259 rayonun \u0259razisi insanlar\u0131n ya\u015famas\u0131 \u00fc\u00e7\u00fcn vacib olan b\u00fct\u00fcn \u015f\u0259rtl\u0259r\u0259 malik idi. Bu \u015f\u0259rtl\u0259r i\u00e7\u0259risind\u0259 \u015firin su qaynaqlar\u0131n\u0131n olmas\u0131, bitki v\u0259 heyvanat al\u0259minin z\u0259nginliyi x\u00fcsusi yer tuturdu. Z\u0259rdab \u0259razisind\u0259 tap\u0131lm\u0131\u015f (t\u0259s\u0259rr\u00fcfat i\u015fl\u0259ri zaman\u0131 \u015fum apar\u0131lark\u0259n) \u015firli v\u0259 \u015firsiz m\u0259i\u015f\u0259t \u0259\u015fyalar\u0131n\u0131n, qab-qacaqlar\u0131n qal\u0131qlar\u0131 bu \u0259razinin arxeoloji c\u0259h\u0259td\u0259n geni\u015f t\u0259dqiq edilm\u0259si z\u0259rur\u0259tini yarad\u0131r. \u0130btidai icma qurulu\u015funun Tunc d\u00f6vr\u00fc m\u0259rh\u0259l\u0259sind\u0259 insanlar\u0131n daha geni\u015f \u0259razil\u0259r\u0259 yay\u0131lmas\u0131, ya\u015fay\u0131\u015f yerl\u0259rinin \u00e7ox zaman \u00e7ay k\u0259narlar\u0131nda sal\u0131nmas\u0131 bunu dem\u0259y\u0259 \u0259sas verir ki, Z\u0259rdab \u0259razisind\u0259 insanlar h\u0259l\u0259 tunc d\u00f6vr\u00fcnd\u0259n ba\u015flayaraq ya\u015fam\u0131\u015flar. Qeyd ed\u0259k ki, Erk\u0259n Tunc d\u00f6vr\u00fc (e. \u0259. IV minilliyin ikinci yar\u0131s\u0131ndan ba\u015flayaraq \u2013 e.\u0259. III minilliyin sonuna q\u0259d\u0259r davam etmi\u015fdir) Az\u0259rbaycanda K\u00fcr-Araz m\u0259d\u0259niyy\u0259ti adlan\u0131r. Bu d\u00f6vr\u0259 aid arxeoloji n\u00fcmun\u0259l\u0259r daha \u00e7ox bu \u0259razil\u0259rd\u0259 a\u015fkar edilib. XIV \u0259srin Az\u0259rbaycan tarix\u00e7isi \u018fbu B\u0259kr \u0259l-Q\u00fctbi \u0259l-\u018fh\u0259ri \u201cTarix-e \u015eeyx Uveys\u201d \u0259s\u0259rind\u0259 monqol h\u00f6kmdarlar\u0131 H\u00fclakular\u0131n tarixind\u0259n b\u0259hs ed\u0259r\u0259k yaz\u0131r ki, Abaqa xan\u0131n hakimiyy\u0259ti d\u00f6vr\u00fcnd\u0259 (1265-1282) H\u00fclakular d\u00f6vl\u0259ti laz\u0131mi q\u0259d\u0259r m\u00f6hk\u0259m idil\u0259r, 1266-c\u0131 ild\u0259 \u201cAbaqa xan buyurdu ki, K\u00fcr \u00e7ay\u0131 sahilind\u0259n v\u0259 Delan Naurdan G\u0259rdmun s\u0259hras\u0131na kimi \u0259razini \u015fahzad\u0259l\u0259rd\u0259n S\u0259ma\u011far, Menku-Temur v\u0259 Ulcay xatun tutsunlar. Bu yer onlar\u0131n q\u0131\u015flaq yurdu oldu\u201d\u2026 \u018fs\u0259rd\u0259 haqq\u0131nda dan\u0131\u015f\u0131lan Delan Naur monqol dilind\u0259 \u201cYetmi\u015f g\u00f6l\u201d dem\u0259kdir, monqollar K\u00fcr\u00fcn \u015fimal\u0131nda Z\u0259rdab-Hac\u0131qabul-K\u00fcrd\u0259mir \u0259razil\u0259rind\u0259 m\u00f6vcud olmu\u015f g\u00f6ll\u0259ri bu c\u00fcr adland\u0131r\u0131blar. R\u0259vay\u0259t\u0259 g\u00f6r\u0259, \u00e7ox-\u00e7ox q\u0259diml\u0259rd\u0259 Z\u0259rdab \u0259razisind\u0259 \u2013 B\u0131\u00e7aq\u00e7\u0131 k\u0259ndi yax\u0131nl\u0131\u011f\u0131ndan ba\u015flanan Yeray\u0131z adl\u0131 b\u00f6y\u00fck v\u0259 z\u0259ngin \u015f\u0259h\u0259r varm\u0131\u015f. Bu \u015f\u0259h\u0259r hans\u0131 s\u0259b\u0259bd\u0259ns\u0259 m\u0259hv olub yer alt\u0131nda qal\u0131b. H\u0259tta indi d\u0259 o \u0259trafdak\u0131 k\u0259ndl\u0259rd\u0259 adamlar bir-birl\u0259rin\u0259, \u201c\u0130ndi ki Yeray\u0131z \u015f\u0259h\u0259ri yoxdur ki, qa\u00e7\u0131b orda gizl\u0259n\u0259s\u0259n, s\u0259ni d\u0259 tapmaq m\u00fcmk\u00fcn olmaya\u201d deyirl\u0259r. Z\u0259rdab\u0131n Yuxar\u0131 Seyidl\u0259r k\u0259ndi yax\u0131nl\u0131\u011f\u0131nda Qanl\u0131ca adlanan g\u00f6l var.<\/p>\n<p>IX-X \u0259sr \u0259r\u0259b co\u011frafiya\u015f\u00fcnaslar\u0131 v\u0259 s\u0259yyahlar\u0131 yaz\u0131blar ki, orta \u0259srl\u0259rd\u0259 T\u0259briz-\u018frd\u0259bil-Beyl\u0259qan-B\u0259rd\u0259-\u015eamax\u0131-D\u0259rb\u0259nd ticar\u0259t yolunda \u2013 K\u00fcr vadisind\u0259 m\u00fch\u00fcm ticar\u0259t m\u0259rk\u0259zi B\u0259rz\u0259nd (b\u0259zi m\u0259nb\u0259l\u0259rd\u0259 B\u0259rz\u0259nc) \u015f\u0259h\u0259ri vard\u0131r, karvanlar bu \u015f\u0259h\u0259rd\u0259n kecib gedirdi. \u0130bn H\u0259vq\u0259l X \u0259srd\u0259 \u201cYollar v\u0259 m\u0259ml\u0259k\u0259tl\u0259r\u201d \u0259s\u0259rind\u0259 yaz\u0131rd\u0131 ki, \u201cB\u0259rd\u0259d\u0259n B\u0259rz\u0259nc\u0259 18 f\u0259rs\u0259x (h\u0259r f\u0259rs\u0259x 6-8 km-dir) yoldur. B\u0259rz\u0259ncd\u0259n K\u00fcr\u00fc ke\u00e7\u0259r\u0259k \u015e\u0259maxiyy\u0259y\u0259 14 f\u0259rs\u0259x yol var\u2026\u201d Minorski s\u00fcbut edib ki, bu \u015f\u0259h\u0259r Z\u0259rdab\u0131n K\u00f6rp\u00fck\u0259nd adlanan k\u0259ndinin lap yax\u0131nl\u0131\u011f\u0131nda \u2013 B\u0259rd\u0259d\u0259n t\u0259qrib\u0259n 35 km. \u015f\u0259rqd\u0259 m\u00f6vcud olub. G\u00f6rk\u0259mli aliml\u0259rin B\u0259rz\u0259ncin ya\u015f\u0131d\u0131 hesab etdikl\u0259ri, bu g\u00fcn d\u0259 q\u0259dim ad\u0131n\u0131 ya\u015fadan K\u00f6rp\u00fck\u0259nd bar\u0259d\u0259 qeydl\u0259r orta \u0259srl\u0259rin sonuna aid s\u0259n\u0259dl\u0259rd\u0259 yaz\u0131l\u0131b. H\u0259min tarixi m\u0259nb\u0259l\u0259rd\u0259 deyilir ki, K\u00f6rp\u00fck\u0259ndd\u0259 b\u0259r\u0259 vard\u0131, \u015eamax\u0131dan g\u0259lib Qaraba\u011fa, G\u00fcrc\u00fcstana, \u0130rana, \u0130r\u0259vana ged\u0259n karvanlar bu k\u00f6rp\u00fcd\u0259n ke\u00e7irdi.<\/p>\n","protected":false},"excerpt":{"rendered":"<p>Z\u0259rdab rayonunun \u0259razisi arxeoloji c\u0259h\u0259td\u0259n dem\u0259k olar ki, \u00f6yr\u0259nilm\u0259yib. H\u0259l\u0259 q\u0259dim d\u00f6vrl\u0259rd\u0259 rayonun \u0259razisi insanlar\u0131n ya\u015famas\u0131 \u00fc\u00e7\u00fcn vacib olan b\u00fct\u00fcn \u015f\u0259rtl\u0259r\u0259 malik idi. Bu \u015f\u0259rtl\u0259r i\u00e7\u0259risind\u0259 \u015firin su qaynaqlar\u0131n\u0131n olmas\u0131, bitki v\u0259 heyvanat al\u0259minin z\u0259nginliyi x\u00fcsusi yer tuturdu. Z\u0259rdab \u0259razisind\u0259 tap\u0131lm\u0131\u015f (t\u0259s\u0259rr\u00fcfat i\u015fl\u0259ri zaman\u0131 \u015fum apar\u0131lark\u0259n) \u015firli v\u0259 \u015firsiz m\u0259i\u015f\u0259t \u0259\u015fyalar\u0131n\u0131n, qab-qacaqlar\u0131n qal\u0131qlar\u0131 bu \u0259razinin [&hellip;]<\/p>\n","protected":false},"author":1,"featured_media":29199,"comment_status":"closed","ping_status":"closed","sticky":false,"template":"","format":"standard","meta":{"footnotes":""},"categories":[63,1],"tags":[],"class_list":{"0":"post-30663","1":"post","2":"type-post","3":"status-publish","4":"format-standard","5":"has-post-thumbnail","7":"category-manset","8":"category-tarix"},"yoast_head":"<!-- This site is optimized with the Yoast SEO plugin v27.0 - https:\/\/yoast.com\/product\/yoast-seo-wordpress\/ -->\n<title>Z\u0259rdab \u0259razisinin arxeoloji c\u0259h\u0259td\u0259n \u00f6yr\u0259nilm\u0259sin\u0259 ehtiyac var - Z\u0259rdab.com<\/title>\n<meta name=\"robots\" content=\"index, follow, max-snippet:-1, max-image-preview:large, max-video-preview:-1\" \/>\n<link rel=\"canonical\" href=\"https:\/\/www.zerdab.com\/?p=30663\" \/>\n<meta property=\"og:locale\" content=\"az_AZ\" \/>\n<meta property=\"og:type\" content=\"article\" \/>\n<meta property=\"og:title\" content=\"Z\u0259rdab \u0259razisinin arxeoloji c\u0259h\u0259td\u0259n \u00f6yr\u0259nilm\u0259sin\u0259 ehtiyac var - Z\u0259rdab.com\" \/>\n<meta property=\"og:description\" content=\"Z\u0259rdab rayonunun \u0259razisi arxeoloji c\u0259h\u0259td\u0259n dem\u0259k olar ki, \u00f6yr\u0259nilm\u0259yib. H\u0259l\u0259 q\u0259dim d\u00f6vrl\u0259rd\u0259 rayonun \u0259razisi insanlar\u0131n ya\u015famas\u0131 \u00fc\u00e7\u00fcn vacib olan b\u00fct\u00fcn \u015f\u0259rtl\u0259r\u0259 malik idi. Bu \u015f\u0259rtl\u0259r i\u00e7\u0259risind\u0259 \u015firin su qaynaqlar\u0131n\u0131n olmas\u0131, bitki v\u0259 heyvanat al\u0259minin z\u0259nginliyi x\u00fcsusi yer tuturdu. Z\u0259rdab \u0259razisind\u0259 tap\u0131lm\u0131\u015f (t\u0259s\u0259rr\u00fcfat i\u015fl\u0259ri zaman\u0131 \u015fum apar\u0131lark\u0259n) \u015firli v\u0259 \u015firsiz m\u0259i\u015f\u0259t \u0259\u015fyalar\u0131n\u0131n, qab-qacaqlar\u0131n qal\u0131qlar\u0131 bu \u0259razinin [&hellip;]\" \/>\n<meta property=\"og:url\" content=\"https:\/\/www.zerdab.com\/?p=30663\" \/>\n<meta property=\"og:site_name\" content=\"Z\u0259rdab.com\" \/>\n<meta property=\"article:published_time\" content=\"2024-01-08T09:56:36+00:00\" \/>\n<meta property=\"article:modified_time\" content=\"2024-01-08T09:58:21+00:00\" \/>\n<meta property=\"og:image\" content=\"http:\/\/www.zerdab.com\/wp-content\/uploads\/2021\/10\/zerdab-yol-temir-tarix.jpg\" \/>\n\t<meta property=\"og:image:width\" content=\"800\" \/>\n\t<meta property=\"og:image:height\" content=\"600\" \/>\n\t<meta property=\"og:image:type\" content=\"image\/jpeg\" \/>\n<meta name=\"author\" content=\"admin\" \/>\n<meta name=\"twitter:card\" content=\"summary_large_image\" \/>\n<meta name=\"twitter:label1\" content=\"Written by\" \/>\n\t<meta name=\"twitter:data1\" content=\"admin\" \/>\n\t<meta name=\"twitter:label2\" content=\"Est. reading time\" \/>\n\t<meta name=\"twitter:data2\" content=\"3 minutes\" \/>\n<script type=\"application\/ld+json\" class=\"yoast-schema-graph\">{\"@context\":\"https:\/\/schema.org\",\"@graph\":[{\"@type\":\"Article\",\"@id\":\"https:\/\/www.zerdab.com\/?p=30663#article\",\"isPartOf\":{\"@id\":\"https:\/\/www.zerdab.com\/?p=30663\"},\"author\":{\"name\":\"admin\",\"@id\":\"https:\/\/www.zerdab.com\/#\/schema\/person\/97079b7570c1e89ec0d9e138c3672136\"},\"headline\":\"Z\u0259rdab \u0259razisinin arxeoloji c\u0259h\u0259td\u0259n \u00f6yr\u0259nilm\u0259sin\u0259 ehtiyac var\",\"datePublished\":\"2024-01-08T09:56:36+00:00\",\"dateModified\":\"2024-01-08T09:58:21+00:00\",\"mainEntityOfPage\":{\"@id\":\"https:\/\/www.zerdab.com\/?p=30663\"},\"wordCount\":704,\"image\":{\"@id\":\"https:\/\/www.zerdab.com\/?p=30663#primaryimage\"},\"thumbnailUrl\":\"https:\/\/www.zerdab.com\/wp-content\/uploads\/2021\/10\/zerdab-yol-temir-tarix.jpg\",\"articleSection\":[\"MAN\u015eET\",\"Z\u018fRDABIN TAR\u0130X\u0130\"],\"inLanguage\":\"az\"},{\"@type\":\"WebPage\",\"@id\":\"https:\/\/www.zerdab.com\/?p=30663\",\"url\":\"https:\/\/www.zerdab.com\/?p=30663\",\"name\":\"Z\u0259rdab \u0259razisinin arxeoloji c\u0259h\u0259td\u0259n \u00f6yr\u0259nilm\u0259sin\u0259 ehtiyac var - Z\u0259rdab.com\",\"isPartOf\":{\"@id\":\"https:\/\/www.zerdab.com\/#website\"},\"primaryImageOfPage\":{\"@id\":\"https:\/\/www.zerdab.com\/?p=30663#primaryimage\"},\"image\":{\"@id\":\"https:\/\/www.zerdab.com\/?p=30663#primaryimage\"},\"thumbnailUrl\":\"https:\/\/www.zerdab.com\/wp-content\/uploads\/2021\/10\/zerdab-yol-temir-tarix.jpg\",\"datePublished\":\"2024-01-08T09:56:36+00:00\",\"dateModified\":\"2024-01-08T09:58:21+00:00\",\"author\":{\"@id\":\"https:\/\/www.zerdab.com\/#\/schema\/person\/97079b7570c1e89ec0d9e138c3672136\"},\"breadcrumb\":{\"@id\":\"https:\/\/www.zerdab.com\/?p=30663#breadcrumb\"},\"inLanguage\":\"az\",\"potentialAction\":[{\"@type\":\"ReadAction\",\"target\":[\"https:\/\/www.zerdab.com\/?p=30663\"]}]},{\"@type\":\"ImageObject\",\"inLanguage\":\"az\",\"@id\":\"https:\/\/www.zerdab.com\/?p=30663#primaryimage\",\"url\":\"https:\/\/www.zerdab.com\/wp-content\/uploads\/2021\/10\/zerdab-yol-temir-tarix.jpg\",\"contentUrl\":\"https:\/\/www.zerdab.com\/wp-content\/uploads\/2021\/10\/zerdab-yol-temir-tarix.jpg\",\"width\":800,\"height\":600,\"caption\":\"zerdab-yol-temir-tarix\"},{\"@type\":\"BreadcrumbList\",\"@id\":\"https:\/\/www.zerdab.com\/?p=30663#breadcrumb\",\"itemListElement\":[{\"@type\":\"ListItem\",\"position\":1,\"name\":\"Home\",\"item\":\"https:\/\/www.zerdab.com\/\"},{\"@type\":\"ListItem\",\"position\":2,\"name\":\"Z\u0259rdab \u0259razisinin arxeoloji c\u0259h\u0259td\u0259n \u00f6yr\u0259nilm\u0259sin\u0259 ehtiyac var\"}]},{\"@type\":\"WebSite\",\"@id\":\"https:\/\/www.zerdab.com\/#website\",\"url\":\"https:\/\/www.zerdab.com\/\",\"name\":\"Z\u0259rdab.com\",\"description\":\"\",\"potentialAction\":[{\"@type\":\"SearchAction\",\"target\":{\"@type\":\"EntryPoint\",\"urlTemplate\":\"https:\/\/www.zerdab.com\/?s={search_term_string}\"},\"query-input\":{\"@type\":\"PropertyValueSpecification\",\"valueRequired\":true,\"valueName\":\"search_term_string\"}}],\"inLanguage\":\"az\"},{\"@type\":\"Person\",\"@id\":\"https:\/\/www.zerdab.com\/#\/schema\/person\/97079b7570c1e89ec0d9e138c3672136\",\"name\":\"admin\",\"image\":{\"@type\":\"ImageObject\",\"inLanguage\":\"az\",\"@id\":\"https:\/\/www.zerdab.com\/#\/schema\/person\/image\/\",\"url\":\"https:\/\/secure.gravatar.com\/avatar\/d9c52a9a27c32119cb6679a077fa3e2779e5f822c451cbf01098004361d466ec?s=96&d=mm&r=g\",\"contentUrl\":\"https:\/\/secure.gravatar.com\/avatar\/d9c52a9a27c32119cb6679a077fa3e2779e5f822c451cbf01098004361d466ec?s=96&d=mm&r=g\",\"caption\":\"admin\"},\"url\":\"https:\/\/www.zerdab.com\/?author=1\"}]}<\/script>\n<!-- \/ Yoast SEO plugin. -->","yoast_head_json":{"title":"Z\u0259rdab \u0259razisinin arxeoloji c\u0259h\u0259td\u0259n \u00f6yr\u0259nilm\u0259sin\u0259 ehtiyac var - Z\u0259rdab.com","robots":{"index":"index","follow":"follow","max-snippet":"max-snippet:-1","max-image-preview":"max-image-preview:large","max-video-preview":"max-video-preview:-1"},"canonical":"https:\/\/www.zerdab.com\/?p=30663","og_locale":"az_AZ","og_type":"article","og_title":"Z\u0259rdab \u0259razisinin arxeoloji c\u0259h\u0259td\u0259n \u00f6yr\u0259nilm\u0259sin\u0259 ehtiyac var - Z\u0259rdab.com","og_description":"Z\u0259rdab rayonunun \u0259razisi arxeoloji c\u0259h\u0259td\u0259n dem\u0259k olar ki, \u00f6yr\u0259nilm\u0259yib. H\u0259l\u0259 q\u0259dim d\u00f6vrl\u0259rd\u0259 rayonun \u0259razisi insanlar\u0131n ya\u015famas\u0131 \u00fc\u00e7\u00fcn vacib olan b\u00fct\u00fcn \u015f\u0259rtl\u0259r\u0259 malik idi. Bu \u015f\u0259rtl\u0259r i\u00e7\u0259risind\u0259 \u015firin su qaynaqlar\u0131n\u0131n olmas\u0131, bitki v\u0259 heyvanat al\u0259minin z\u0259nginliyi x\u00fcsusi yer tuturdu. Z\u0259rdab \u0259razisind\u0259 tap\u0131lm\u0131\u015f (t\u0259s\u0259rr\u00fcfat i\u015fl\u0259ri zaman\u0131 \u015fum apar\u0131lark\u0259n) \u015firli v\u0259 \u015firsiz m\u0259i\u015f\u0259t \u0259\u015fyalar\u0131n\u0131n, qab-qacaqlar\u0131n qal\u0131qlar\u0131 bu \u0259razinin [&hellip;]","og_url":"https:\/\/www.zerdab.com\/?p=30663","og_site_name":"Z\u0259rdab.com","article_published_time":"2024-01-08T09:56:36+00:00","article_modified_time":"2024-01-08T09:58:21+00:00","og_image":[{"width":800,"height":600,"url":"http:\/\/www.zerdab.com\/wp-content\/uploads\/2021\/10\/zerdab-yol-temir-tarix.jpg","type":"image\/jpeg"}],"author":"admin","twitter_card":"summary_large_image","twitter_misc":{"Written by":"admin","Est. reading time":"3 minutes"},"schema":{"@context":"https:\/\/schema.org","@graph":[{"@type":"Article","@id":"https:\/\/www.zerdab.com\/?p=30663#article","isPartOf":{"@id":"https:\/\/www.zerdab.com\/?p=30663"},"author":{"name":"admin","@id":"https:\/\/www.zerdab.com\/#\/schema\/person\/97079b7570c1e89ec0d9e138c3672136"},"headline":"Z\u0259rdab \u0259razisinin arxeoloji c\u0259h\u0259td\u0259n \u00f6yr\u0259nilm\u0259sin\u0259 ehtiyac var","datePublished":"2024-01-08T09:56:36+00:00","dateModified":"2024-01-08T09:58:21+00:00","mainEntityOfPage":{"@id":"https:\/\/www.zerdab.com\/?p=30663"},"wordCount":704,"image":{"@id":"https:\/\/www.zerdab.com\/?p=30663#primaryimage"},"thumbnailUrl":"https:\/\/www.zerdab.com\/wp-content\/uploads\/2021\/10\/zerdab-yol-temir-tarix.jpg","articleSection":["MAN\u015eET","Z\u018fRDABIN TAR\u0130X\u0130"],"inLanguage":"az"},{"@type":"WebPage","@id":"https:\/\/www.zerdab.com\/?p=30663","url":"https:\/\/www.zerdab.com\/?p=30663","name":"Z\u0259rdab \u0259razisinin arxeoloji c\u0259h\u0259td\u0259n \u00f6yr\u0259nilm\u0259sin\u0259 ehtiyac var - Z\u0259rdab.com","isPartOf":{"@id":"https:\/\/www.zerdab.com\/#website"},"primaryImageOfPage":{"@id":"https:\/\/www.zerdab.com\/?p=30663#primaryimage"},"image":{"@id":"https:\/\/www.zerdab.com\/?p=30663#primaryimage"},"thumbnailUrl":"https:\/\/www.zerdab.com\/wp-content\/uploads\/2021\/10\/zerdab-yol-temir-tarix.jpg","datePublished":"2024-01-08T09:56:36+00:00","dateModified":"2024-01-08T09:58:21+00:00","author":{"@id":"https:\/\/www.zerdab.com\/#\/schema\/person\/97079b7570c1e89ec0d9e138c3672136"},"breadcrumb":{"@id":"https:\/\/www.zerdab.com\/?p=30663#breadcrumb"},"inLanguage":"az","potentialAction":[{"@type":"ReadAction","target":["https:\/\/www.zerdab.com\/?p=30663"]}]},{"@type":"ImageObject","inLanguage":"az","@id":"https:\/\/www.zerdab.com\/?p=30663#primaryimage","url":"https:\/\/www.zerdab.com\/wp-content\/uploads\/2021\/10\/zerdab-yol-temir-tarix.jpg","contentUrl":"https:\/\/www.zerdab.com\/wp-content\/uploads\/2021\/10\/zerdab-yol-temir-tarix.jpg","width":800,"height":600,"caption":"zerdab-yol-temir-tarix"},{"@type":"BreadcrumbList","@id":"https:\/\/www.zerdab.com\/?p=30663#breadcrumb","itemListElement":[{"@type":"ListItem","position":1,"name":"Home","item":"https:\/\/www.zerdab.com\/"},{"@type":"ListItem","position":2,"name":"Z\u0259rdab \u0259razisinin arxeoloji c\u0259h\u0259td\u0259n \u00f6yr\u0259nilm\u0259sin\u0259 ehtiyac var"}]},{"@type":"WebSite","@id":"https:\/\/www.zerdab.com\/#website","url":"https:\/\/www.zerdab.com\/","name":"Z\u0259rdab.com","description":"","potentialAction":[{"@type":"SearchAction","target":{"@type":"EntryPoint","urlTemplate":"https:\/\/www.zerdab.com\/?s={search_term_string}"},"query-input":{"@type":"PropertyValueSpecification","valueRequired":true,"valueName":"search_term_string"}}],"inLanguage":"az"},{"@type":"Person","@id":"https:\/\/www.zerdab.com\/#\/schema\/person\/97079b7570c1e89ec0d9e138c3672136","name":"admin","image":{"@type":"ImageObject","inLanguage":"az","@id":"https:\/\/www.zerdab.com\/#\/schema\/person\/image\/","url":"https:\/\/secure.gravatar.com\/avatar\/d9c52a9a27c32119cb6679a077fa3e2779e5f822c451cbf01098004361d466ec?s=96&d=mm&r=g","contentUrl":"https:\/\/secure.gravatar.com\/avatar\/d9c52a9a27c32119cb6679a077fa3e2779e5f822c451cbf01098004361d466ec?s=96&d=mm&r=g","caption":"admin"},"url":"https:\/\/www.zerdab.com\/?author=1"}]}},"_links":{"self":[{"href":"https:\/\/www.zerdab.com\/index.php?rest_route=\/wp\/v2\/posts\/30663","targetHints":{"allow":["GET"]}}],"collection":[{"href":"https:\/\/www.zerdab.com\/index.php?rest_route=\/wp\/v2\/posts"}],"about":[{"href":"https:\/\/www.zerdab.com\/index.php?rest_route=\/wp\/v2\/types\/post"}],"author":[{"embeddable":true,"href":"https:\/\/www.zerdab.com\/index.php?rest_route=\/wp\/v2\/users\/1"}],"replies":[{"embeddable":true,"href":"https:\/\/www.zerdab.com\/index.php?rest_route=%2Fwp%2Fv2%2Fcomments&post=30663"}],"version-history":[{"count":1,"href":"https:\/\/www.zerdab.com\/index.php?rest_route=\/wp\/v2\/posts\/30663\/revisions"}],"predecessor-version":[{"id":30664,"href":"https:\/\/www.zerdab.com\/index.php?rest_route=\/wp\/v2\/posts\/30663\/revisions\/30664"}],"wp:featuredmedia":[{"embeddable":true,"href":"https:\/\/www.zerdab.com\/index.php?rest_route=\/wp\/v2\/media\/29199"}],"wp:attachment":[{"href":"https:\/\/www.zerdab.com\/index.php?rest_route=%2Fwp%2Fv2%2Fmedia&parent=30663"}],"wp:term":[{"taxonomy":"category","embeddable":true,"href":"https:\/\/www.zerdab.com\/index.php?rest_route=%2Fwp%2Fv2%2Fcategories&post=30663"},{"taxonomy":"post_tag","embeddable":true,"href":"https:\/\/www.zerdab.com\/index.php?rest_route=%2Fwp%2Fv2%2Ftags&post=30663"}],"curies":[{"name":"wp","href":"https:\/\/api.w.org\/{rel}","templated":true}]}}