{"id":30711,"date":"2024-01-20T14:18:47","date_gmt":"2024-01-20T10:18:47","guid":{"rendered":"https:\/\/www.zerdab.com\/?p=30711"},"modified":"2024-01-20T14:19:12","modified_gmt":"2024-01-20T10:19:12","slug":"20-yanvar-s%c9%99hidl%c9%99ri-h%c9%99yatlarini-m%c9%99hz-bu-gun%c9%99-gor%c9%99-qurban-edibl%c9%99r","status":"publish","type":"post","link":"https:\/\/www.zerdab.com\/?p=30711","title":{"rendered":"20 yanvar \u015f\u0259hidl\u0259ri h\u0259yatlar\u0131n\u0131 m\u0259hz bu g\u00fcn\u0259 g\u00f6r\u0259 qurban edibl\u0259r&#8230;"},"content":{"rendered":"<p><strong>2024-c\u00fc il m\u00fcasir Az\u0259rbaycan tarixind\u0259 f\u00f6vq\u0259lad\u0259 yer\u0259 v\u0259 \u00f6n\u0259m\u0259 sahib olacaq. \u00d6t\u0259n il xalq\u0131m\u0131z 30 illik \u0259dal\u0259tsizliy\u0259 son qoyaraq \u0259razi b\u00fct\u00f6vl\u00fcy\u00fcn\u00fc v\u0259 suverenliyini b\u0259rpa etm\u0259y\u0259 m\u00fcv\u0259ff\u0259q oldu. Bu g\u00fcn biz m\u00f6ht\u0259\u015f\u0259m q\u0259l\u0259b\u0259 il\u0259 ba\u015fa \u00e7atan bu uzun v\u0259 ac\u0131l\u0131 yolun ilk anlar\u0131nda &#8211; 34 il \u00f6nc\u0259 ba\u015f ver\u0259n, qanl\u0131, ancaq q\u0259hr\u0259manl\u0131q tariximiz bax\u0131m\u0131ndan h\u0259m d\u0259 \u015fanl\u0131 bir tarixin n\u00f6vb\u0259ti ild\u00f6n\u00fcm\u00fcn\u00fc qeyd edirik. 20 yanvar faci\u0259sinin ba\u015f verm\u0259sind\u0259n bu yana ilk d\u0259f\u0259dir ki, bu d\u0259h\u015f\u0259tli g\u00fcn\u00fcn xatir\u0259sini \u0259razi b\u00fct\u00f6vl\u00fcy\u00fcm\u00fcz, torpaqlar\u0131m\u0131z\u0131n b\u00fct\u00fcnl\u00fcy\u00fc reall\u0131\u011f\u0131nda an\u0131r\u0131q.\u00a0<\/strong><\/p>\n<p>20 yanvar \u015f\u0259hidl\u0259ri h\u0259yatlar\u0131n\u0131 m\u0259hz bu g\u00fcn\u0259 g\u00f6r\u0259 qurban edibl\u0259r. G\u00f6r\u0259s\u0259n onlar sin\u0259l\u0259rini g\u00fcll\u0259 qar\u015f\u0131s\u0131na ver\u0259rk\u0259n, m\u00fcst\u0259qillik u\u011frunda \u00f6zl\u0259rini Bak\u0131 k\u00fc\u00e7\u0259l\u0259rin\u0259 soxulan tanklar\u0131n alt\u0131na atark\u0259n bu g\u00fcn\u00fcn g\u0259l\u0259c\u0259yini, \u00fc\u00e7r\u0259ngli bayra\u011f\u0131m\u0131z\u0131n Xank\u0259ndid\u0259 dal\u011falanaca\u011f\u0131n\u0131 bilirdil\u0259rmi? \u015e\u00fcbh\u0259siz! \u0130nsan \u00f6z\u00fcn\u00fc ali amallar u\u011frunda qurban ver\u0259rk\u0259n, \u015f\u0259hidlik zirv\u0259sin\u0259 ucalark\u0259n bunu niy\u0259 etdiyini bilir, hiss edir, inan\u0131r. Allah bug\u00fcnk\u00fc firavan h\u0259yat\u0131m\u0131z namin\u0259 canlar\u0131n\u0131 f\u0259da ed\u0259n b\u00fct\u00fcn \u015f\u0259hidl\u0259rimiz\u0259 r\u0259hm\u0259t etsin!<\/p>\n<p>20 yanvar faci\u0259si Az\u0259rbaycan xalq\u0131n\u0131n \u0259zm v\u0259 irad\u0259sinin, y\u00fcks\u0259k amallar\u0131ndan d\u00f6nm\u0259zliyinin, tarixi \u0259dal\u0259tsizliy\u0259 boyun \u0259ym\u0259y\u0259c\u0259yinin g\u00f6st\u0259ricisi idi. 20 yanvar xalq\u0131m\u0131z\u0131n m\u00fcq\u0259dd\u0259s m\u00fcbariz\u0259d\u0259n usanmayaca\u011f\u0131n\u0131n n\u00fcmayi\u015fi idi. Bu g\u00fcn biz g\u00f6r\u00fcr\u00fck ki, 20 yanvar h\u0259m d\u0259 xalq\u0131m\u0131z\u0131n Z\u0259f\u0259r g\u00fcn\u00fcn\u00fcn ba\u015flan\u011f\u0131c\u0131 idi. Xalq\u0131m\u0131z\u0131n h\u0259yat\u0131nda \u0259lahidd\u0259 \u00e7\u0259ki v\u0259 \u00f6n\u0259m\u0259 malik olan v\u0259 g\u0259l\u0259c\u0259kd\u0259 olacaq Q\u0259l\u0259b\u0259miz t\u0259\u0259ss\u00fcf ki, qurbans\u0131z ba\u015f ver\u0259 bilm\u0259zdi. Bu yolda canlar\u0131n\u0131 ilk f\u0259da ed\u0259nl\u0259r m\u0259hz 20 yanvar \u015f\u0259hidl\u0259rimiz oldu. 20 yanvar faci\u0259si xalq\u0131m\u0131z\u0131n m\u00fcq\u0259dd\u0259s sava\u015fdan imtina etm\u0259y\u0259c\u0259yini b\u00fct\u00fcn d\u00fcnyaya n\u00fcmayi\u015f etdirdi. Bu faci\u0259d\u0259n sonra Az\u0259rbaycan xalq\u0131n\u0131n yorulub, qorxub m\u00fcbariz\u0259sini yar\u0131yolda qoyaca\u011f\u0131n\u0131 d\u00fc\u015f\u00fcn\u0259nl\u0259r h\u0259min d\u00f6vr\u00fcn \u0259n sad\u0259l\u00f6hv adamlar\u0131 olublar&#8230;<\/p>\n<p>Az\u0259rbaycan xalq\u0131n\u0131n ba\u015f\u0131na m\u00fcasir tariximizd\u0259 g\u0259tiril\u0259n faci\u0259l\u0259r, ya\u015fad\u0131\u011f\u0131m\u0131z q\u0259tliamlar 1990-c\u0131 ilin qanl\u0131 yanvar hadis\u0259l\u0259ri il\u0259 bitmir. Bu d\u0259h\u015f\u0259tli g\u00fcnd\u0259n sonra biz Qaraba\u011fda Xocal\u0131 soyq\u0131r\u0131m\u0131n\u0131 ya\u015fad\u0131q, \u015f\u0259h\u0259r v\u0259 k\u0259ndl\u0259rimizin i\u015f\u011fal\u0131n\u0131, talan v\u0259 viran edilm\u0259sini g\u00f6rd\u00fck. Y\u00fczl\u0259rl\u0259 bac\u0131 v\u0259 qarda\u015flar\u0131m\u0131z, ata-analar\u0131m\u0131z, k\u00f6rp\u0259l\u0259rimiz \u0259sirlikd\u0259 z\u00fclm \u00e7\u0259kib, m\u0259\u015f\u0259qq\u0259tl\u0259r ya\u015fad\u0131lar. Biz bir xalq olaraq bunlar\u0131 unuda bil\u0259rdikmi? Biz d\u00fcnyan\u0131n bu v\u0259h\u015filiy\u0259 g\u00f6z yummas\u0131na d\u00f6z\u0259 bil\u0259rdikmi? B\u0259zil\u0259rinin xalq\u0131m\u0131z\u0131n ya\u015fad\u0131qlar\u0131ndan h\u0259tta h\u0259zz ald\u0131qlar\u0131n\u0131 h\u0259zm ed\u0259 bil\u0259rdikmi? Bu g\u00fcn onlar\u0131n g\u00f6zl\u0259ri bizim \u0259razi b\u00fct\u00f6vl\u00fcy\u00fcm\u00fcz\u00fc b\u0259rpa etm\u0259yimizi, yurdumuzda bayra\u011f\u0131m\u0131z\u0131 ucaltd\u0131\u011f\u0131m\u0131z\u0131 g\u00f6t\u00fcrm\u00fcr. \u0130ll\u0259r \u00f6nc\u0259 is\u0259 ba\u015f\u0131m\u0131za g\u0259tiril\u0259n cinay\u0259tl\u0259ri sad\u0259c\u0259 tarixin gedi\u015fat\u0131 hesab edirdil\u0259r. Nec\u0259 ki, bu \u0259dal\u0259tsizliy\u0259 t\u0259slim olmay\u0131b m\u00fcbariz\u0259 apard\u0131q, torpaqlar\u0131m\u0131z\u0131 azad etdik, el\u0259 d\u0259 d\u0259d\u0259-baba el-obam\u0131z\u0131 dir\u00e7\u0259ld\u0259c\u0259yik, \u0259kdiyimiz a\u011faclar\u0131m\u0131z tezlikl\u0259 bar ver\u0259c\u0259k, \u015f\u0259h\u0259r v\u0259 k\u0259ndl\u0259rimizi ucaldaca\u011f\u0131q, \u00e7oxalaca\u011f\u0131q, bayra\u011f\u0131m\u0131z daima dal\u011falanacaq, \u00fcz\u00fcm\u00fcz g\u00fcl\u0259c\u0259k. Tarix bel\u0259 yaz\u0131l\u0131r. Ruhunuz \u015fad olsun, \u015f\u0259hidl\u0259r!<\/p>\n<p><strong>Elnur Allahverdiyev,<\/strong><\/p>\n<p><strong>Milli M\u0259clisin deputat\u0131<\/strong><\/p>\n","protected":false},"excerpt":{"rendered":"<p>2024-c\u00fc il m\u00fcasir Az\u0259rbaycan tarixind\u0259 f\u00f6vq\u0259lad\u0259 yer\u0259 v\u0259 \u00f6n\u0259m\u0259 sahib olacaq. \u00d6t\u0259n il xalq\u0131m\u0131z 30 illik \u0259dal\u0259tsizliy\u0259 son qoyaraq \u0259razi b\u00fct\u00f6vl\u00fcy\u00fcn\u00fc v\u0259 suverenliyini b\u0259rpa etm\u0259y\u0259 m\u00fcv\u0259ff\u0259q oldu. Bu g\u00fcn biz m\u00f6ht\u0259\u015f\u0259m q\u0259l\u0259b\u0259 il\u0259 ba\u015fa \u00e7atan bu uzun v\u0259 ac\u0131l\u0131 yolun ilk anlar\u0131nda &#8211; 34 il \u00f6nc\u0259 ba\u015f ver\u0259n, qanl\u0131, ancaq q\u0259hr\u0259manl\u0131q tariximiz bax\u0131m\u0131ndan h\u0259m d\u0259 [&hellip;]<\/p>\n","protected":false},"author":1,"featured_media":30712,"comment_status":"closed","ping_status":"closed","sticky":false,"template":"","format":"standard","meta":{"footnotes":""},"categories":[63,5],"tags":[],"class_list":{"0":"post-30711","1":"post","2":"type-post","3":"status-publish","4":"format-standard","5":"has-post-thumbnail","7":"category-manset","8":"category-knd"},"yoast_head":"<!-- This site is optimized with the Yoast SEO plugin v27.0 - https:\/\/yoast.com\/product\/yoast-seo-wordpress\/ -->\n<title>20 yanvar \u015f\u0259hidl\u0259ri h\u0259yatlar\u0131n\u0131 m\u0259hz bu g\u00fcn\u0259 g\u00f6r\u0259 qurban edibl\u0259r... - Z\u0259rdab.com<\/title>\n<meta name=\"robots\" content=\"index, follow, max-snippet:-1, max-image-preview:large, max-video-preview:-1\" \/>\n<link rel=\"canonical\" href=\"https:\/\/www.zerdab.com\/?p=30711\" \/>\n<meta property=\"og:locale\" content=\"az_AZ\" \/>\n<meta property=\"og:type\" content=\"article\" \/>\n<meta property=\"og:title\" content=\"20 yanvar \u015f\u0259hidl\u0259ri h\u0259yatlar\u0131n\u0131 m\u0259hz bu g\u00fcn\u0259 g\u00f6r\u0259 qurban edibl\u0259r... - Z\u0259rdab.com\" \/>\n<meta property=\"og:description\" content=\"2024-c\u00fc il m\u00fcasir Az\u0259rbaycan tarixind\u0259 f\u00f6vq\u0259lad\u0259 yer\u0259 v\u0259 \u00f6n\u0259m\u0259 sahib olacaq. \u00d6t\u0259n il xalq\u0131m\u0131z 30 illik \u0259dal\u0259tsizliy\u0259 son qoyaraq \u0259razi b\u00fct\u00f6vl\u00fcy\u00fcn\u00fc v\u0259 suverenliyini b\u0259rpa etm\u0259y\u0259 m\u00fcv\u0259ff\u0259q oldu. Bu g\u00fcn biz m\u00f6ht\u0259\u015f\u0259m q\u0259l\u0259b\u0259 il\u0259 ba\u015fa \u00e7atan bu uzun v\u0259 ac\u0131l\u0131 yolun ilk anlar\u0131nda &#8211; 34 il \u00f6nc\u0259 ba\u015f ver\u0259n, qanl\u0131, ancaq q\u0259hr\u0259manl\u0131q tariximiz bax\u0131m\u0131ndan h\u0259m d\u0259 [&hellip;]\" \/>\n<meta property=\"og:url\" content=\"https:\/\/www.zerdab.com\/?p=30711\" \/>\n<meta property=\"og:site_name\" content=\"Z\u0259rdab.com\" \/>\n<meta property=\"article:published_time\" content=\"2024-01-20T10:18:47+00:00\" \/>\n<meta property=\"article:modified_time\" content=\"2024-01-20T10:19:12+00:00\" \/>\n<meta property=\"og:image\" content=\"http:\/\/www.zerdab.com\/wp-content\/uploads\/2024\/01\/elnur-allahverdiyev.jpg\" \/>\n\t<meta property=\"og:image:width\" content=\"637\" \/>\n\t<meta property=\"og:image:height\" content=\"400\" \/>\n\t<meta property=\"og:image:type\" content=\"image\/jpeg\" \/>\n<meta name=\"author\" content=\"admin\" \/>\n<meta name=\"twitter:card\" content=\"summary_large_image\" \/>\n<meta name=\"twitter:label1\" content=\"Written by\" \/>\n\t<meta name=\"twitter:data1\" content=\"admin\" \/>\n\t<meta name=\"twitter:label2\" content=\"Est. reading time\" \/>\n\t<meta name=\"twitter:data2\" content=\"3 minutes\" \/>\n<script type=\"application\/ld+json\" class=\"yoast-schema-graph\">{\"@context\":\"https:\/\/schema.org\",\"@graph\":[{\"@type\":\"Article\",\"@id\":\"https:\/\/www.zerdab.com\/?p=30711#article\",\"isPartOf\":{\"@id\":\"https:\/\/www.zerdab.com\/?p=30711\"},\"author\":{\"name\":\"admin\",\"@id\":\"https:\/\/www.zerdab.com\/#\/schema\/person\/97079b7570c1e89ec0d9e138c3672136\"},\"headline\":\"20 yanvar \u015f\u0259hidl\u0259ri h\u0259yatlar\u0131n\u0131 m\u0259hz bu g\u00fcn\u0259 g\u00f6r\u0259 qurban edibl\u0259r&#8230;\",\"datePublished\":\"2024-01-20T10:18:47+00:00\",\"dateModified\":\"2024-01-20T10:19:12+00:00\",\"mainEntityOfPage\":{\"@id\":\"https:\/\/www.zerdab.com\/?p=30711\"},\"wordCount\":739,\"image\":{\"@id\":\"https:\/\/www.zerdab.com\/?p=30711#primaryimage\"},\"thumbnailUrl\":\"https:\/\/www.zerdab.com\/wp-content\/uploads\/2024\/01\/elnur-allahverdiyev.jpg\",\"articleSection\":[\"MAN\u015eET\",\"X\u018fB\u018fRL\u018fR\"],\"inLanguage\":\"az\"},{\"@type\":\"WebPage\",\"@id\":\"https:\/\/www.zerdab.com\/?p=30711\",\"url\":\"https:\/\/www.zerdab.com\/?p=30711\",\"name\":\"20 yanvar \u015f\u0259hidl\u0259ri h\u0259yatlar\u0131n\u0131 m\u0259hz bu g\u00fcn\u0259 g\u00f6r\u0259 qurban edibl\u0259r... - Z\u0259rdab.com\",\"isPartOf\":{\"@id\":\"https:\/\/www.zerdab.com\/#website\"},\"primaryImageOfPage\":{\"@id\":\"https:\/\/www.zerdab.com\/?p=30711#primaryimage\"},\"image\":{\"@id\":\"https:\/\/www.zerdab.com\/?p=30711#primaryimage\"},\"thumbnailUrl\":\"https:\/\/www.zerdab.com\/wp-content\/uploads\/2024\/01\/elnur-allahverdiyev.jpg\",\"datePublished\":\"2024-01-20T10:18:47+00:00\",\"dateModified\":\"2024-01-20T10:19:12+00:00\",\"author\":{\"@id\":\"https:\/\/www.zerdab.com\/#\/schema\/person\/97079b7570c1e89ec0d9e138c3672136\"},\"breadcrumb\":{\"@id\":\"https:\/\/www.zerdab.com\/?p=30711#breadcrumb\"},\"inLanguage\":\"az\",\"potentialAction\":[{\"@type\":\"ReadAction\",\"target\":[\"https:\/\/www.zerdab.com\/?p=30711\"]}]},{\"@type\":\"ImageObject\",\"inLanguage\":\"az\",\"@id\":\"https:\/\/www.zerdab.com\/?p=30711#primaryimage\",\"url\":\"https:\/\/www.zerdab.com\/wp-content\/uploads\/2024\/01\/elnur-allahverdiyev.jpg\",\"contentUrl\":\"https:\/\/www.zerdab.com\/wp-content\/uploads\/2024\/01\/elnur-allahverdiyev.jpg\",\"width\":637,\"height\":400,\"caption\":\"elnur-allahverdiyev.png\"},{\"@type\":\"BreadcrumbList\",\"@id\":\"https:\/\/www.zerdab.com\/?p=30711#breadcrumb\",\"itemListElement\":[{\"@type\":\"ListItem\",\"position\":1,\"name\":\"Home\",\"item\":\"https:\/\/www.zerdab.com\/\"},{\"@type\":\"ListItem\",\"position\":2,\"name\":\"20 yanvar \u015f\u0259hidl\u0259ri h\u0259yatlar\u0131n\u0131 m\u0259hz bu g\u00fcn\u0259 g\u00f6r\u0259 qurban edibl\u0259r&#8230;\"}]},{\"@type\":\"WebSite\",\"@id\":\"https:\/\/www.zerdab.com\/#website\",\"url\":\"https:\/\/www.zerdab.com\/\",\"name\":\"Z\u0259rdab.com\",\"description\":\"\",\"potentialAction\":[{\"@type\":\"SearchAction\",\"target\":{\"@type\":\"EntryPoint\",\"urlTemplate\":\"https:\/\/www.zerdab.com\/?s={search_term_string}\"},\"query-input\":{\"@type\":\"PropertyValueSpecification\",\"valueRequired\":true,\"valueName\":\"search_term_string\"}}],\"inLanguage\":\"az\"},{\"@type\":\"Person\",\"@id\":\"https:\/\/www.zerdab.com\/#\/schema\/person\/97079b7570c1e89ec0d9e138c3672136\",\"name\":\"admin\",\"image\":{\"@type\":\"ImageObject\",\"inLanguage\":\"az\",\"@id\":\"https:\/\/www.zerdab.com\/#\/schema\/person\/image\/\",\"url\":\"https:\/\/secure.gravatar.com\/avatar\/d9c52a9a27c32119cb6679a077fa3e2779e5f822c451cbf01098004361d466ec?s=96&d=mm&r=g\",\"contentUrl\":\"https:\/\/secure.gravatar.com\/avatar\/d9c52a9a27c32119cb6679a077fa3e2779e5f822c451cbf01098004361d466ec?s=96&d=mm&r=g\",\"caption\":\"admin\"},\"url\":\"https:\/\/www.zerdab.com\/?author=1\"}]}<\/script>\n<!-- \/ Yoast SEO plugin. -->","yoast_head_json":{"title":"20 yanvar \u015f\u0259hidl\u0259ri h\u0259yatlar\u0131n\u0131 m\u0259hz bu g\u00fcn\u0259 g\u00f6r\u0259 qurban edibl\u0259r... - Z\u0259rdab.com","robots":{"index":"index","follow":"follow","max-snippet":"max-snippet:-1","max-image-preview":"max-image-preview:large","max-video-preview":"max-video-preview:-1"},"canonical":"https:\/\/www.zerdab.com\/?p=30711","og_locale":"az_AZ","og_type":"article","og_title":"20 yanvar \u015f\u0259hidl\u0259ri h\u0259yatlar\u0131n\u0131 m\u0259hz bu g\u00fcn\u0259 g\u00f6r\u0259 qurban edibl\u0259r... - Z\u0259rdab.com","og_description":"2024-c\u00fc il m\u00fcasir Az\u0259rbaycan tarixind\u0259 f\u00f6vq\u0259lad\u0259 yer\u0259 v\u0259 \u00f6n\u0259m\u0259 sahib olacaq. \u00d6t\u0259n il xalq\u0131m\u0131z 30 illik \u0259dal\u0259tsizliy\u0259 son qoyaraq \u0259razi b\u00fct\u00f6vl\u00fcy\u00fcn\u00fc v\u0259 suverenliyini b\u0259rpa etm\u0259y\u0259 m\u00fcv\u0259ff\u0259q oldu. Bu g\u00fcn biz m\u00f6ht\u0259\u015f\u0259m q\u0259l\u0259b\u0259 il\u0259 ba\u015fa \u00e7atan bu uzun v\u0259 ac\u0131l\u0131 yolun ilk anlar\u0131nda &#8211; 34 il \u00f6nc\u0259 ba\u015f ver\u0259n, qanl\u0131, ancaq q\u0259hr\u0259manl\u0131q tariximiz bax\u0131m\u0131ndan h\u0259m d\u0259 [&hellip;]","og_url":"https:\/\/www.zerdab.com\/?p=30711","og_site_name":"Z\u0259rdab.com","article_published_time":"2024-01-20T10:18:47+00:00","article_modified_time":"2024-01-20T10:19:12+00:00","og_image":[{"width":637,"height":400,"url":"http:\/\/www.zerdab.com\/wp-content\/uploads\/2024\/01\/elnur-allahverdiyev.jpg","type":"image\/jpeg"}],"author":"admin","twitter_card":"summary_large_image","twitter_misc":{"Written by":"admin","Est. reading time":"3 minutes"},"schema":{"@context":"https:\/\/schema.org","@graph":[{"@type":"Article","@id":"https:\/\/www.zerdab.com\/?p=30711#article","isPartOf":{"@id":"https:\/\/www.zerdab.com\/?p=30711"},"author":{"name":"admin","@id":"https:\/\/www.zerdab.com\/#\/schema\/person\/97079b7570c1e89ec0d9e138c3672136"},"headline":"20 yanvar \u015f\u0259hidl\u0259ri h\u0259yatlar\u0131n\u0131 m\u0259hz bu g\u00fcn\u0259 g\u00f6r\u0259 qurban edibl\u0259r&#8230;","datePublished":"2024-01-20T10:18:47+00:00","dateModified":"2024-01-20T10:19:12+00:00","mainEntityOfPage":{"@id":"https:\/\/www.zerdab.com\/?p=30711"},"wordCount":739,"image":{"@id":"https:\/\/www.zerdab.com\/?p=30711#primaryimage"},"thumbnailUrl":"https:\/\/www.zerdab.com\/wp-content\/uploads\/2024\/01\/elnur-allahverdiyev.jpg","articleSection":["MAN\u015eET","X\u018fB\u018fRL\u018fR"],"inLanguage":"az"},{"@type":"WebPage","@id":"https:\/\/www.zerdab.com\/?p=30711","url":"https:\/\/www.zerdab.com\/?p=30711","name":"20 yanvar \u015f\u0259hidl\u0259ri h\u0259yatlar\u0131n\u0131 m\u0259hz bu g\u00fcn\u0259 g\u00f6r\u0259 qurban edibl\u0259r... - Z\u0259rdab.com","isPartOf":{"@id":"https:\/\/www.zerdab.com\/#website"},"primaryImageOfPage":{"@id":"https:\/\/www.zerdab.com\/?p=30711#primaryimage"},"image":{"@id":"https:\/\/www.zerdab.com\/?p=30711#primaryimage"},"thumbnailUrl":"https:\/\/www.zerdab.com\/wp-content\/uploads\/2024\/01\/elnur-allahverdiyev.jpg","datePublished":"2024-01-20T10:18:47+00:00","dateModified":"2024-01-20T10:19:12+00:00","author":{"@id":"https:\/\/www.zerdab.com\/#\/schema\/person\/97079b7570c1e89ec0d9e138c3672136"},"breadcrumb":{"@id":"https:\/\/www.zerdab.com\/?p=30711#breadcrumb"},"inLanguage":"az","potentialAction":[{"@type":"ReadAction","target":["https:\/\/www.zerdab.com\/?p=30711"]}]},{"@type":"ImageObject","inLanguage":"az","@id":"https:\/\/www.zerdab.com\/?p=30711#primaryimage","url":"https:\/\/www.zerdab.com\/wp-content\/uploads\/2024\/01\/elnur-allahverdiyev.jpg","contentUrl":"https:\/\/www.zerdab.com\/wp-content\/uploads\/2024\/01\/elnur-allahverdiyev.jpg","width":637,"height":400,"caption":"elnur-allahverdiyev.png"},{"@type":"BreadcrumbList","@id":"https:\/\/www.zerdab.com\/?p=30711#breadcrumb","itemListElement":[{"@type":"ListItem","position":1,"name":"Home","item":"https:\/\/www.zerdab.com\/"},{"@type":"ListItem","position":2,"name":"20 yanvar \u015f\u0259hidl\u0259ri h\u0259yatlar\u0131n\u0131 m\u0259hz bu g\u00fcn\u0259 g\u00f6r\u0259 qurban edibl\u0259r&#8230;"}]},{"@type":"WebSite","@id":"https:\/\/www.zerdab.com\/#website","url":"https:\/\/www.zerdab.com\/","name":"Z\u0259rdab.com","description":"","potentialAction":[{"@type":"SearchAction","target":{"@type":"EntryPoint","urlTemplate":"https:\/\/www.zerdab.com\/?s={search_term_string}"},"query-input":{"@type":"PropertyValueSpecification","valueRequired":true,"valueName":"search_term_string"}}],"inLanguage":"az"},{"@type":"Person","@id":"https:\/\/www.zerdab.com\/#\/schema\/person\/97079b7570c1e89ec0d9e138c3672136","name":"admin","image":{"@type":"ImageObject","inLanguage":"az","@id":"https:\/\/www.zerdab.com\/#\/schema\/person\/image\/","url":"https:\/\/secure.gravatar.com\/avatar\/d9c52a9a27c32119cb6679a077fa3e2779e5f822c451cbf01098004361d466ec?s=96&d=mm&r=g","contentUrl":"https:\/\/secure.gravatar.com\/avatar\/d9c52a9a27c32119cb6679a077fa3e2779e5f822c451cbf01098004361d466ec?s=96&d=mm&r=g","caption":"admin"},"url":"https:\/\/www.zerdab.com\/?author=1"}]}},"_links":{"self":[{"href":"https:\/\/www.zerdab.com\/index.php?rest_route=\/wp\/v2\/posts\/30711","targetHints":{"allow":["GET"]}}],"collection":[{"href":"https:\/\/www.zerdab.com\/index.php?rest_route=\/wp\/v2\/posts"}],"about":[{"href":"https:\/\/www.zerdab.com\/index.php?rest_route=\/wp\/v2\/types\/post"}],"author":[{"embeddable":true,"href":"https:\/\/www.zerdab.com\/index.php?rest_route=\/wp\/v2\/users\/1"}],"replies":[{"embeddable":true,"href":"https:\/\/www.zerdab.com\/index.php?rest_route=%2Fwp%2Fv2%2Fcomments&post=30711"}],"version-history":[{"count":1,"href":"https:\/\/www.zerdab.com\/index.php?rest_route=\/wp\/v2\/posts\/30711\/revisions"}],"predecessor-version":[{"id":30713,"href":"https:\/\/www.zerdab.com\/index.php?rest_route=\/wp\/v2\/posts\/30711\/revisions\/30713"}],"wp:featuredmedia":[{"embeddable":true,"href":"https:\/\/www.zerdab.com\/index.php?rest_route=\/wp\/v2\/media\/30712"}],"wp:attachment":[{"href":"https:\/\/www.zerdab.com\/index.php?rest_route=%2Fwp%2Fv2%2Fmedia&parent=30711"}],"wp:term":[{"taxonomy":"category","embeddable":true,"href":"https:\/\/www.zerdab.com\/index.php?rest_route=%2Fwp%2Fv2%2Fcategories&post=30711"},{"taxonomy":"post_tag","embeddable":true,"href":"https:\/\/www.zerdab.com\/index.php?rest_route=%2Fwp%2Fv2%2Ftags&post=30711"}],"curies":[{"name":"wp","href":"https:\/\/api.w.org\/{rel}","templated":true}]}}