{"id":30740,"date":"2024-01-30T18:33:49","date_gmt":"2024-01-30T14:33:49","guid":{"rendered":"https:\/\/www.zerdab.com\/?p=30740"},"modified":"2024-01-31T12:46:09","modified_gmt":"2024-01-31T08:46:09","slug":"z%c9%99rdabi-yurdunun-d%c9%99y%c9%99rli-ziyalilarindan-olan-el%c9%99ddin-h%c9%99s%c9%99novun-v%c9%99fatindan-12-il-otur","status":"publish","type":"post","link":"https:\/\/www.zerdab.com\/?p=30740","title":{"rendered":"Z\u0259rdabi yurdunun d\u0259y\u0259rli ziyal\u0131lar\u0131ndan olan \u018fl\u0259ddin H\u0259s\u0259novun v\u0259fat\u0131ndan 12 il \u00f6t\u00fcr"},"content":{"rendered":"<p>H\u0259s\u0259n b\u0259y Z\u0259rdabi yurdunun d\u0259y\u0259rli ziyal\u0131lar\u0131ndan biri olan H\u0259s\u0259nov \u018fl\u0259ddin Tapd\u0131q o\u011flunun v\u0259fat\u0131ndan 12 il \u00f6t\u00fcr. H\u0259myerlimiz, Beyn\u0259lxalq Ekoenergetika Akademiyas\u0131n\u0131n professoru, Az\u0259rbaycan Yaz\u0131\u00e7\u0131lar v\u0259 Jurnalistl\u0259r Birliyinin \u00fczv\u00fc, \u201cQ\u0131z\u0131l Q\u0259l\u0259m\u201d v\u0259 \u201cAli Media\u201d m\u00fckafat\u0131 laureat\u0131, Z\u0259rdabi\u015f\u00fcnas t\u0259dqiqat\u00e7\u0131 alim, Bak\u0131 D\u00f6vl\u0259t Universitetinin m\u00fc\u0259llimi Eld\u0259niz H\u0259s\u0259novun Z\u0259rdabi yurdunun d\u0259y\u0259rli ziyal\u0131lar\u0131ndan biri olan \u018fl\u0259ddin Tapd\u0131q o\u011flu H\u0259s\u0259novun tarixin s\u0259hif\u0259l\u0259rind\u0259 humanist, qay\u011f\u0131ke\u015f, yarad\u0131c\u0131-qurucu, r\u0259hb\u0259r bir \u015f\u0259xs olaraq tarixin yadda\u015flar\u0131nda n\u00fcmun\u0259 simvolu kimi iz qoymas\u0131 faktlar\u0131 il\u0259 ba\u011fl\u0131 1993-c\u00fc ild\u0259 \u201cMasall\u0131 x\u0259b\u0259rl\u0259ri\u201d q\u0259zetind\u0259 \u00e7ap olunan m\u0259qal\u0259ni (m\u00fcsahib\u0259ni) <strong>Zerdab.com<\/strong> sayt\u0131na \u00fcnvanlay\u0131b.<\/p>\n<p>H\u0259min m\u00fcsahib\u0259ni oxucular\u0131m\u0131z\u0131n diqq\u0259tin\u0259 t\u0259qdim etm\u0259yi \u00f6z\u00fcm\u00fcz\u0259 borc bilirik.<\/p>\n<p>Onu da diqq\u0259t\u0259 \u00e7atd\u0131r\u0131r\u0131q ki, H\u0259s\u0259n b\u0259y Z\u0259rdabi irsinin c\u0259fake\u015f t\u0259dqiqat\u00e7\u0131s\u0131 Eld\u0259niz m\u00fc\u0259llim Z\u0259rdabi yurdunun h\u0259r bir tarixi \u015f\u0259xsiyy\u0259tl\u0259ri haqq\u0131nda yazm\u0131\u015f oldu\u011fu bir \u00e7ox m\u0259qal\u0259l\u0259rd\u0259, kitablarda geni\u015f m\u0259lumatlar verib v\u0259 onlar\u0131n ke\u00e7mi\u015f olduqlar\u0131 m\u0259nal\u0131 v\u0259 ke\u015fm\u0259ke\u015fli h\u0259yat yollar\u0131n\u0131 i\u015f\u0131qland\u0131r\u0131b v\u0259 t\u0259bii ki, h\u0259r zaman onlar\u0131n an\u0131m g\u00fcnl\u0259ri yad edilir.<\/p>\n<p>S\u00f6z\u00fcged\u0259n m\u00fcsahib\u0259ni t\u0259qdim etm\u0259mi\u015fd\u0259n \u00f6nc\u0259 \u018fl\u0259ddin m\u00fc\u0259llimin ke\u00e7mi\u015f oldu\u011fu h\u0259yat yolu, abadl\u0131q-quruculuq i\u015fl\u0259ri, unudulmaz xatir\u0259sinin yad edilm\u0259si m\u00fcnasib\u0259til\u0259 <strong>Zerdab.com<\/strong> sayt\u0131 t\u0259r\u0259find\u0259n 20.02.2012-ci il tarixind\u0259 \u201cRayonumuza a\u011f\u0131r itki \u00fcz verib\u201d ba\u015fl\u0131ql\u0131 yaz\u0131n\u0131 \u2013 ba\u015fsa\u011fl\u0131\u011f\u0131n\u0131 da xat\u0131rlad\u0131r\u0131q.<\/p>\n<p>&#8220;Rayonumuza a\u011f\u0131r itki v\u0259 k\u0259d\u0259r \u00fcz vermi\u015fdir. H\u0259myerlimiz H\u0259s\u0259nov \u018fl\u0259ddin Tapd\u0131q o\u011flu v\u0259fat etmi\u015fdir.<br \/>\n\u018fl\u0259ddin H\u0259s\u0259nov 1937-ci ild\u0259 Z\u0259rdab rayonunun D\u0259li Qu\u015f\u00e7u k\u0259ndind\u0259 anadan olmu\u015fdu. 1954-ci ild\u0259 M. Qorki ad\u0131na Z\u0259rdab \u015f\u0259h\u0259r orta m\u0259kt\u0259binin 10-cu sinfini bitirmi\u015f, 1954-1957-ci ill\u0259rd\u0259 h\u0259rbi xidm\u0259td\u0259 olmu\u015fdu. 1957-1960-c\u0131 ill\u0259rd\u0259 Z\u0259rdab rayon Komsomol Komit\u0259sind\u0259 t\u0259limat\u00e7\u0131 v\u0259 \u015f\u00f6b\u0259 m\u00fcdiri i\u015fl\u0259mi\u015fdi, daha sonra Z\u0259rdab rayon ZDS \u0130craiyy\u0259 Komit\u0259sind\u0259 plan \u015f\u00f6b\u0259sind\u0259 iqtisad\u00e7\u0131 v\u0259 \u015f\u00f6b\u0259 m\u00fcdiri v\u0259zif\u0259l\u0259rind\u0259 \u00e7al\u0131\u015fm\u0131\u015fd\u0131. 1963-1965-ci ill\u0259rd\u0259 (Z\u0259rdab v\u0259 Ucar\u00a0 rayonlar\u0131 birl\u0259\u015f\u0259rk\u0259n) Ucar Rayon M\u0259h\u0259lli Statistika \u0130dar\u0259sinin r\u0259isi v\u0259zif\u0259sind\u0259 i\u015fl\u0259mi\u015fdi. 1965-1970-ci ill\u0259rd\u0259 Z\u0259rdab rayon K\u0259nd T\u0259s\u0259rr\u00fcfat\u0131 \u0130dar\u0259sinin r\u0259isi, 1970-1972-ci ill\u0259rd\u0259 Z\u0259rdab XDS icraiyy\u0259 komit\u0259sinin s\u0259dri v\u0259zif\u0259l\u0259rind\u0259 \u00e7al\u0131\u015fm\u0131\u015fd\u0131.<br \/>\n1972-1974-ci ill\u0259rd\u0259 Moskva \u015f\u0259h\u0259rind\u0259 Sov. \u0130KP MK yan\u0131nda Ali Partiya M\u0259kt\u0259bind\u0259 t\u0259hsil alm\u0131\u015fd\u0131. 1974-1975-ci ill\u0259rd\u0259 Az\u0259rbaycan KP MK k\u0259nd t\u0259s\u0259rr\u00fcfat\u0131 \u015f\u00f6b\u0259sinin t\u0259limat\u00e7\u0131s\u0131 olmu\u015fdu.<\/p>\n<p>H\u0259s\u0259nov \u018fl\u0259ddin Tapd\u0131q o\u011flu 1975-1983-c\u00fc ill\u0259rd\u0259 Az\u0259rbaycan KP Masall\u0131 rayon komit\u0259sinin birinci katibi v\u0259zif\u0259sind\u0259 \u00e7al\u0131\u015fm\u0131\u015fd\u0131. Az\u0259rbaycan SSR Ali Sovetin\u0259 deputat, Az\u0259rbaycan KP MK-ya \u00fczv se\u00e7ilmi\u015fdi. Daha sonra Respublika D\u00f6vl\u0259t Plan Komit\u0259sind\u0259 \u015f\u00f6b\u0259 m\u00fcdiri, D\u0259v\u0259\u00e7i v\u0259 Bak\u0131 Broyler-qu\u015f\u00e7uluq fabrikind\u0259 direktor v\u0259zif\u0259sind\u0259 \u00e7al\u0131\u015fm\u0131\u015fd\u0131. Bak\u0131 \u015f\u0259h\u0259rind\u0259 ya\u015fay\u0131rd\u0131.<br \/>\n\u018f. H\u0259s\u0259nov ist\u0259r Z\u0259rdab rayon \u0130K-nin s\u0259dri olark\u0259n, ist\u0259rs\u0259 d\u0259 Masall\u0131 RPK-nin birinci katibi i\u015fl\u0259y\u0259rk\u0259n geni\u015f quruculuq i\u015fl\u0259ri aparm\u0131\u015fd\u0131r.<br \/>\nZ\u0259rdabda R\u0130K-nin s\u0259dri i\u015fl\u0259y\u0259rk\u0259n rayonun gir\u0259c\u0259yind\u0259 quruculuq i\u015fl\u0259ri g\u00f6r\u00fclm\u00fc\u015f, k\u00fc\u00e7\u0259 v\u0259 yollar sal\u0131nm\u0131\u015f, \u201cK\u00f6hn\u0259 bazar\u201d m\u0259h\u0259ll\u0259sind\u0259ki ikim\u0259rt\u0259b\u0259li inzibati binalar tikilmi\u015f, \u015f\u0259h\u0259rdaxili a\u00e7\u0131q kanalizasiya x\u0259tl\u0259ri \u00e7\u0259kilmi\u015f, \u201cSu-19\u2033 massivind\u0259ki ya\u015fay\u0131\u015f v\u0259 inzibati binalar in\u015fa edilmi\u015fdir. Bel\u0259 ki, rayon m\u0259rk\u0259zind\u0259ki 3 m\u0259rt\u0259b\u0259li inzibati bina, meliorasiya i\u015f\u00e7il\u0259ri \u00fc\u00e7\u00fcn q\u0259s\u0259b\u0259, s\u0259hiyy\u0259 v\u0259 m\u0259d\u0259ni-maarif m\u00fc\u0259ssis\u0259l\u0259ri \u00fc\u00e7\u00fcn m\u00fcasir tipli binalar\u0131n tikilm\u0259sind\u0259, K\u00fcr sahili park\u0131n sal\u0131nmas\u0131nda v\u0259 b\u0259nd b\u0259rkitm\u0259 i\u015fl\u0259rinin g\u00f6r\u00fclm\u0259sind\u0259 \u018fl\u0259ddin m\u00fc\u0259llimin \u00e7ox b\u00f6y\u00fck xidm\u0259tl\u0259ri olmu\u015fdur.<br \/>\nMasall\u0131 rayonunda birinci katib i\u015fl\u0259y\u0259rk\u0259n is\u0259 \u015f\u0259h\u0259r bazar\u0131 kompleksi yarad\u0131lm\u0131\u015f, L\u0259nk\u0259rana \u00e7\u0131x\u0131\u015f yolu \u00fcst\u00fcnd\u0259ki dair\u0259vi x\u0259tt tiktirmi\u015f,\u201d\u0130deoloji M\u0259rk\u0259z\u201d, yeni rabit\u0259 evi, \u015f\u0259h\u0259r m\u0259d\u0259niyy\u0259t v\u0259 istirah\u0259t park\u0131, park \u0259traf\u0131ndak\u0131 be\u015fm\u0259rt\u0259b\u0259li binalardan ibar\u0259t \u015f\u0259h\u0259rcik tikilib istifad\u0259y\u0259 verilmi\u015fdir. \u201c\u0130stisu\u201d istirah\u0259t zonas\u0131n\u0131n t\u0259\u015fkili v\u0259 tikili\u015fi, yeni be\u015fm\u0259rt\u0259b\u0259li mehmanxana binas\u0131, m\u0259hk\u0259m\u0259, polis, prokurorluq binalar\u0131, R\u0130H-nin inzibati binas\u0131, parkdak\u0131 idman qur\u011fular\u0131, rayonun su t\u0259chizat\u0131 v\u0259 sair i\u015fl\u0259r onun ad\u0131 il\u0259 ba\u011fl\u0131d\u0131r. \u018f. H\u0259s\u0259nov Masall\u0131da birinci katib i\u015fl\u0259y\u0259rk\u0259n rayonun k\u0259ndl\u0259rind\u0259 d\u0259 bir \u00e7ox quruculuq i\u015fl\u0259ri aparm\u0131\u015fd\u0131r.<br \/>\nVil\u0259\u015f\u00e7ay\u0131n \u015f\u0259h\u0259r hiss\u0259sind\u0259ki abadl\u0131q i\u015fl\u0259ri d\u0259 onun ad\u0131 il\u0259 ba\u011fl\u0131d\u0131r.<br \/>\n\u018fl\u0259ddin H\u0259s\u0259novun \u0259m\u0259yi \u201cXalqlar dostlu\u011fu\u201d v\u0259 \u201cQ\u0131rm\u0131z\u0131 \u018fm\u0259k Bayra\u011f\u0131\u201d ordenl\u0259ri il\u0259, medallarla v\u0259 \u00e7oxsayl\u0131 f\u0259xri f\u0259rmanlarla qiym\u0259tl\u0259ndirilib.<br \/>\nH\u0259s\u0259nov \u018fl\u0259ddin Tapd\u0131q o\u011flunun \u0259ziz v\u0259 unudulmaz xatir\u0259si onu tan\u0131yanlar\u0131n q\u0259lbind\u0259 daim ya\u015fayacaq.<br \/>\nAllah r\u0259hm\u0259t el\u0259sin&#8221;.<\/p>\n<ul>\n<li><strong>Bu g\u00fcn on ill\u0259rin uzaql\u0131\u011f\u0131nda Masall\u0131 siz\u0259 nec\u0259 g\u00f6r\u00fcn\u00fcb?<\/strong><\/li>\n<\/ul>\n<p>&#8211; Masall\u0131 on ilin uzaql\u0131\u011f\u0131nda m\u0259n\u0259 yen\u0259 d\u0259 \u0259vv\u0259lki kimi do\u011fma v\u0259 unudulmaz \u0259n \u00e7ox sevdiyim, uzun ill\u0259r ba\u011fl\u0131 oldu\u011fum yer-yurd kimi g\u00f6r\u00fcn\u00fcr. Bu ill\u0259rd\u0259 \u00f6z\u00fcm\u00fc h\u0259mi\u015f\u0259 Masall\u0131 il\u0259, masall\u0131larla ba\u011fl\u0131 hesab edir, \u00f6z\u00fcm\u00fc masall\u0131l\u0131 saym\u0131\u015fam. H\u0259m\u00e7inin on ilin uzaql\u0131\u011f\u0131nda \u00e7ox \u015fey m\u0259n\u0259 az qala d\u00fcn\u0259n kimi g\u00f6r\u00fcn\u00fcr. El\u0259 bilir\u0259m, orda i\u015fl\u0259diyim d\u00f6vrd\u0259 tikil\u0259n onlarla bina indi daha da g\u00f6z\u0259ll\u0259\u015fib, abadla\u015f\u0131b. B\u0259lk\u0259 bizd\u0259n sonra el\u0259 ya\u015fay\u0131\u015f el\u0259l\u0259ri tikilib ki, biz tikdikl\u0259rimiz, \u00f6y\u00fcnd\u00fckl\u0259rimiz onlar\u0131n yan\u0131nda sol\u011fun g\u00f6r\u00fcn\u00fcr.<\/p>\n<ul>\n<li><strong>Masall\u0131da i\u015fl\u0259diyiniz 8 ild\u0259 hans\u0131 i\u015fl\u0259riniz\u0259 h\u0259mi\u015f\u0259 sevinir, hans\u0131 i\u015fl\u0259riniz \u00fc\u00e7\u00fcn h\u0259mi\u015f\u0259 t\u0259\u0259ss\u00fcfl\u0259nirsiniz?\u00a0<\/strong><\/li>\n<\/ul>\n<p>&#8211; Sevinir\u0259m ki, o d\u00f6vrd\u0259 \u0259halinin g\u00fcz\u0259ran\u0131 daha da yax\u015f\u0131la\u015fd\u0131. Q\u0131sa m\u00fcdd\u0259td\u0259 xalqla s\u0259mimi dil tapa bildim. Onlar\u0131n inam\u0131n\u0131 qazand\u0131m. H\u0259min d\u00f6vrd\u0259 tikilil\u0259rin h\u0259dsiz d\u0259r\u0259c\u0259d\u0259 \u00e7oxalmas\u0131 respublika s\u0259viyy\u0259li t\u0259dbirl\u0259rin ke\u00e7irilm\u0259si, ba\u015fl\u0131cas\u0131 is\u0259 <strong>camaat\u0131n m\u0259ni, m\u0259nim is\u0259 onlar\u0131 ist\u0259m\u0259yim\u0259 daha \u00e7ox sevinir\u0259m.<\/strong><\/p>\n<p>Qald\u0131 sual\u0131n ikinci t\u0259r\u0259fin\u0259, y\u0259ni hans\u0131 i\u015fl\u0259r\u0259 t\u0259\u0259ss\u00fcfl\u0259nm\u0259y\u0259. Ba\u015flad\u0131\u011f\u0131m, ancaq ba\u015fa \u00e7atd\u0131ra bilm\u0259diyim, daha do\u011frusu, \u00e7atd\u0131rma\u011fa imkan\u0131m olmad\u0131\u011f\u0131 i\u015fl\u0259r\u0259 t\u0259\u0259ss\u00fcfl\u0259nir\u0259m.<\/p>\n<ul>\n<li><strong>Masall\u0131da kiml\u0259rins\u0259 qar\u015f\u0131s\u0131nda \u00f6z\u00fcn\u00fcz\u00fc g\u00fcnahkar hesab edirsinizmi?<\/strong><\/li>\n<\/ul>\n<p>&#8211; M\u0259n Masall\u0131da he\u00e7 kimin qar\u015f\u0131s\u0131nda ba\u015f\u0131 a\u015fa\u011f\u0131 deyil\u0259m.\u00a0<strong>Ev y\u0131xmam\u0131\u015fam, kimins\u0259 b\u0259db\u0259xtliyin\u0259 r\u0259vac he\u00e7 verm\u0259mi\u015f\u0259m, kimins\u0259 \u00e7\u00f6r\u0259yin\u0259 bais olmam\u0131\u015fam. Lakin, n\u0259 ed\u0259s\u0259n ki, ham\u0131 \u00fc\u00e7\u00fcn yax\u015f\u0131 olmaq qeyri-m\u00fcmk\u00fcnd\u00fcr.\u00a0<\/strong>Ham\u0131n\u0131n m\u00f6h\u00fcb\u00fcn\u00fc d\u00fczm\u0259k olmur. M\u0259nd\u0259n incik d\u00fc\u015f\u0259nl\u0259r varsa, qoy \u00f6z vicdanlar\u0131 qar\u015f\u0131s\u0131nda cavab versinl\u0259r. Bir d\u0259 deyir\u0259m, orada i\u015fl\u0259diyim d\u00f6vrd\u0259 el\u0259 q\u0259bah\u0259tli, \u00fcz qarald\u0131c\u0131 pis i\u015fl\u0259r\u0259 yol verm\u0259mi\u015f\u0259m ki, onlar \u00fc\u00e7\u00fcn t\u0259\u0259ss\u00fcf edim. G\u00f6rd\u00fcy\u00fcm i\u015fl\u0259r g\u00f6z qaba\u011f\u0131ndad\u0131r. Onlar \u00fc\u00e7\u00fcn iftixar hissi ke\u00e7irir\u0259m v\u0259 ke\u00e7ir\u0259c\u0259y\u0259m d\u0259.<\/p>\n<p><strong>&#8211; B\u00fct\u00fcn bunlarla yana\u015f\u0131 rayonda h\u0259l\u0259 d\u0259 bel\u0259 s\u00f6hb\u0259tl\u0259r g\u0259zir ki, kiml\u0259rins\u0259 ba\u011fr\u0131n\u0131 \u00e7atlatm\u0131s\u0131n\u0131z, onlar\u0131 x\u0259st\u0259liy\u0259 salm\u0131s\u0131n\u0131z.\u00a0<\/strong><\/p>\n<p>&#8211; Bel\u0259 s\u00f6hb\u0259tl\u0259ri o vaxt da e\u015fitmi\u015f\u0259m, sonralar da. O adam\u0131n s\u00f6zl\u0259ridir ki, onlar\u0131n rayondak\u0131 a\u011fal\u0131qlar\u0131na, h\u0259dsiz imtiyazlar\u0131na, uzun ill\u0259r hakimiyy\u0259t p\u0259rd\u0259si alt\u0131nda \u00f6zba\u015f\u0131nal\u0131qlar\u0131na son qoymu\u015fdum. Bir d\u0259 ki, \u00f6l\u00fcm haqd\u0131r, Allah i\u015fidir, m\u0259n is\u0259 Allah olmam\u0131\u015fam, Allahl\u0131q iddias\u0131n\u0131 etm\u0259mi\u015f\u0259m. Bel\u0259 dey\u0259nl\u0259r he\u00e7 \u00f6zl\u0259rind\u0259n soru\u015fmurlar ki, m\u0259nd\u0259n \u0259vv\u0259lki v\u0259 sonrak\u0131 m\u00fcdirl\u0259ri kim olmu\u015fdur? Ax\u0131, o vaxt biz nec\u0259 dey\u0259rl\u0259r, b\u00fct\u00fcn c\u0259bh\u0259 boyu h\u00fccuma ke\u00e7irdik. Kims\u0259 \u00f6z d\u00fc\u015fm\u0259nl\u0259rini y\u0131xmaq \u00fc\u00e7\u00fcn bizd\u0259n istifad\u0259 etm\u0259k ist\u0259yirdi. Ola bilsin ki, haradasa b\u0259lk\u0259 s\u0259hv olub, t\u0259l\u0259smi\u015fik, amma bunlar\u0131 h\u0259dsiz \u015fi\u015firtm\u0259k insafs\u0131zl\u0131q olard\u0131. Bir d\u0259 deyir\u0259m, xalq mal\u0131n\u0131 \u00e7ap\u0131b-talayanlardan kims\u0259 qorxudan, xiff\u0259td\u0259n d\u00fcnyas\u0131n\u0131 d\u0259yi\u015fibs\u0259, Allah onlara r\u0259hm\u0259t el\u0259sin. O d\u00fcnyada h\u0259r k\u0259s \u00f6z \u0259m\u0259ll\u0259ri \u00fc\u00e7\u00fcn cavab ver\u0259c\u0259k.<\/p>\n<p><img loading=\"lazy\" decoding=\"async\" class=\"alignleft size-full wp-image-30743\" src=\"http:\/\/www.zerdab.com\/wp-content\/uploads\/2024\/01\/eleddin-hesenov-zerdab1.jpg\" alt=\"eleddin-hesenov-zerdab1.png\" width=\"450\" height=\"249\" srcset=\"https:\/\/www.zerdab.com\/wp-content\/uploads\/2024\/01\/eleddin-hesenov-zerdab1.jpg 450w, https:\/\/www.zerdab.com\/wp-content\/uploads\/2024\/01\/eleddin-hesenov-zerdab1-400x221.jpg 400w\" sizes=\"auto, (max-width: 450px) 100vw, 450px\" \/><\/p>\n<p>&nbsp;<\/p>\n<p>&nbsp;<\/p>\n<p>&nbsp;<\/p>\n<p>&nbsp;<\/p>\n<p>&nbsp;<\/p>\n<p>&nbsp;<\/p>\n<ul>\n<li><strong>Sizin \u0259linizl\u0259 onlarla adam \u00e7\u00f6r\u0259y\u0259 \u00e7at\u0131b. Onlardan siz\u0259 \u0259n \u00e7ox s\u0259daq\u0259tli, yaxud v\u0259fas\u0131z \u00e7\u0131xanlar haqq\u0131nda n\u0259s\u0259 dem\u0259k ist\u0259mirsiniz?<\/strong><\/li>\n<\/ul>\n<p>&#8211; \u018fliml\u0259 \u00e7\u00f6r\u0259y\u0259 \u00e7atanlara bir m\u0259sl\u0259h\u0259tim var &#8211; insafl\u0131 v\u0259 vicdanl\u0131 insanlar\u0131 he\u00e7 vaxt unutmas\u0131nlar. O ki qald\u0131 h\u0259m\u0259n adamlar\u0131n m\u0259n\u0259 v\u0259fal\u0131 v\u0259 v\u0259fas\u0131z \u00e7\u0131xmalar\u0131na, bunun m\u0259nim \u00fc\u00e7\u00fcn he\u00e7 bir \u0259h\u0259miyy\u0259ti yoxdur. Ax\u0131, onlara v\u0259zif\u0259 ver\u0259nd\u0259 g\u00f6zl\u0259m\u0259mi\u015f\u0259m ki, n\u0259 vaxtsa m\u0259n\u0259 v\u0259fal\u0131 v\u0259 v\u0259fas\u0131z olsunlar. \u015e\u0259xsi yax\u0131nl\u0131\u011fa g\u00f6r\u0259 is\u0259 kim\u0259s\u0259 v\u0259zif\u0259 verm\u0259mi\u015f\u0259m. Meyar\u0131m professionall\u0131q v\u0259 i\u015fg\u00fczarl\u0131q olub. Bir d\u0259 s\u0259daq\u0259tli h\u0259mi\u015f\u0259 s\u0259daq\u0259tlidir. V\u0259fas\u0131zlara is\u0259 n\u0259 deyim? Bel\u0259l\u0259ri d\u0259 olur. S\u0259n\u0259 dey\u0259r\u0259m, ist\u0259s\u0259n dost tan\u0131\u015fa da dey\u0259 bil\u0259rs\u0259n, ancaq q\u0259zet\u0259 yazmaq laz\u0131m deyil, \u00f6zl\u0259ri bilsin, Allahlar\u0131 bilsin.<\/p>\n<ul>\n<li><strong>Sizin Masall\u0131da \u015f\u0259xsi dostunuz varm\u0131?<\/strong><\/li>\n<\/ul>\n<p>&#8211; B\u00fct\u00fcn Masall\u0131 m\u0259nim dostumdur. Orada \u015f\u0259xsi dostlar\u0131m olmad\u0131\u011f\u0131 \u00fc\u00e7\u00fcn onlar\u0131n ad\u0131n\u0131 \u00e7\u0259k\u0259 bilm\u0259y\u0259c\u0259y\u0259m. \u00dcr\u0259yim\u0259 \u0259n yax\u0131n adamlar is\u0259 \u0259li qabarl\u0131 z\u0259hm\u0259tke\u015fl\u0259rdir. Onlar\u0131n da say\u0131-hesab\u0131 yoxdur.<\/p>\n<ul>\n<li><strong>B\u0259lk\u0259 rayonda yad\u0131n\u0131zda qalan on h\u00f6rm\u0259tli adam\u0131n ad\u0131n\u0131 dey\u0259siniz?<\/strong><\/li>\n<\/ul>\n<p>&#8211; Cavan o\u011flan (bu m\u00fcsahib\u0259ni alanda 41 ya\u015f\u0131m var idi &#8211; red), m\u0259ni niy\u0259 d\u0259rin\u0259 \u00e7\u0259kirsiniz? Yadda\u015f\u0131mda Masall\u0131dan y\u00fczl\u0259rl\u0259, minl\u0259rl\u0259 adam\u0131n ad\u0131 h\u0259kk olunub. Onlar\u0131n k\u00f6rp\u0259sind\u0259n tutmu\u015f pirani qocas\u0131nad\u0259k ham\u0131s\u0131n\u0131n q\u0259lbimd\u0259 yeri var.<\/p>\n<ul>\n<li><strong>Siz o vaxt i\u015fd\u0259n \u00e7\u0131xar\u0131lma\u011f\u0131n\u0131z\u0131 qanuni, yaxud haqs\u0131z bir i\u015f kimi qiym\u0259tl\u0259ndirirsiniz. H\u0259min vaxtdan b\u0259ri Masall\u0131da olmusunuz?<\/strong><\/li>\n<\/ul>\n<p>&#8211; \u0130\u015fd\u0259n \u00e7\u0131xar\u0131lma\u011f\u0131m, \u0259lb\u0259tt\u0259, qeyri-qanuni idi. Yuxar\u0131dak\u0131 \u0259liqanl\u0131 mafiozlar \u00e7oxdan idi ki, f\u00fcrs\u0259t axtar\u0131rd\u0131. Bunu h\u0259m d\u0259 o vaxt b\u0259zi r\u0259hb\u0259rl\u0259rin m\u0259n\u0259, bir s\u0131ra hallarda is\u0259 rayonun \u00f6z\u00fcn\u0259 q\u0259r\u0259zli m\u00fcnasib\u0259ti kimi qiym\u0259tl\u0259ndirir\u0259m. H\u0259min d\u00f6vrd\u0259 Masall\u0131n\u0131n sa\u011f\u0131ndak\u0131 v\u0259 solundak\u0131 rayonlara yuxar\u0131lara daha yax\u0131n olan adamlar r\u0259hb\u0259rlik edirdil\u0259r. (<strong>H\u0259min vaxt C\u0259lilabada \u0130brahim Qurbanov, L\u0259nk\u0259rana is\u0259 \u0130sa M\u0259mm\u0259dov r\u0259h\u0259brlik edirdi)<\/strong>. Onlar, el\u0259c\u0259 d\u0259 MK-dak\u0131 b\u0259zi r\u0259hb\u0259rl\u0259r Masall\u0131n\u0131n o vaxtki y\u00fcks\u0259li\u015fini birm\u0259nal\u0131 q\u0259bul etmirdil\u0259r. M\u0259n onlar \u00fc\u00e7\u00fcn s\u0259rf\u0259li adam deyildim. \u00c7ox arzu edirdil\u0259r ki, bir \u00e7ox m\u0259s\u0259l\u0259l\u0259rd\u0259 onlar\u0131n dikt\u0259si il\u0259 i\u015fl\u0259yim. Buna nail olmayanda da m\u0259qs\u0259dli badalaqlar kifay\u0259t q\u0259d\u0259r olurdu. Qald\u0131 ki, sual\u0131n ikinci hiss\u0259sin\u0259, b\u0259li, Masall\u0131da olmu\u015fam. C\u0259mi bir d\u0259f\u0259 \u00f6t\u0259n il (1992-ci il n\u0259z\u0259rd\u0259 tutulur). Bil\u0259suvar rayonundak\u0131 yas m\u0259clisind\u0259n Bak\u0131ya qay\u0131danda bir anl\u0131\u011fa fikrimi d\u0259yi\u015fmi\u015fdim. Masall\u0131ya yolland\u0131q. Rayonda c\u0259mi bir ne\u00e7\u0259 saat oldum. M\u0259nd\u0259n sonra apar\u0131lan abadl\u0131q i\u015fl\u0259ri il\u0259 tan\u0131\u015f olma\u011fa imkan tapmad\u0131m. Sa\u011fl\u0131q olsun.<\/p>\n<ul>\n<li><strong>Sizd\u0259n sonra rayona r\u0259hb\u0259rlik ed\u0259nl\u0259r haqq\u0131nda n\u0259 dey\u0259 bil\u0259rsiniz?<\/strong><\/li>\n<\/ul>\n<p>&#8211; H\u0259r k\u0259s \u00f6z i\u015fin\u0259 cavabdehdir. Daha do\u011frusu, bu sual\u0131n cavab\u0131n\u0131, \u015fair demi\u015fk\u0259n, m\u0259n bilmir\u0259m, eld\u0259n soru\u015f. M\u0259n is\u0259 onlar\u0131n ham\u0131s\u0131na h\u00f6rm\u0259t v\u0259 ehtiram b\u0259sl\u0259yir, i\u015fl\u0259rind\u0259 u\u011furlar arzulayram.<\/p>\n<ul>\n<li><strong>Masall\u0131dan ged\u0259nd\u0259n sonra he\u00e7 d\u0259 z\u0259if adam olmad\u0131\u011f\u0131n\u0131z\u0131 nec\u0259 s\u00fcbut ed\u0259 bildiniz?<\/strong><\/li>\n<\/ul>\n<p>&#8211; Birincisi, z\u0259if adam kimi getm\u0259mi\u015fdim ki, z\u0259ifliyimi d\u0259 s\u00fcbut edim. \u0130kincisi, uzun ill\u0259r r\u0259hb\u0259r i\u015fd\u0259 olma\u011f\u0131ma baxmayaraq, birba\u015fa \u0259n ki\u00e7ik istehsalat sah\u0259sind\u0259 d\u0259 n\u0259y\u0259 qadir oldu\u011fumu s\u00fcbut ed\u0259 bilmi\u015f\u0259m. T\u0259kc\u0259 g\u00f6st\u0259ri\u015f verm\u0259yi yox, icra etm\u0259yi d\u0259 pis bacarm\u0131ram. Hans\u0131 sah\u0259y\u0259 g\u00f6nd\u0259rilmi\u015f\u0259ms\u0259, \u00fcz a\u011fartm\u0131\u015fam. C\u0259sar\u0259tli olmu\u015fam, haqq\u0131 nahaqqa verm\u0259mi\u015f\u0259m. H\u0259yatda da n\u0259 qazanm\u0131\u015famsa, yuxusuz gec\u0259l\u0259rin hesab\u0131na, az qala b\u00fct\u00fcn sutqan\u0131 g\u0259rgin i\u015fl\u0259m\u0259yin hesab\u0131na qazanm\u0131\u015fam.<\/p>\n<ul>\n<li><strong>\u018fg\u0259r bu g\u00fcn yenid\u0259n Masall\u0131ya r\u0259hb\u0259r g\u0259ls\u0259niz, \u0259vv\u0259lki H\u0259s\u0259novla f\u0259rq n\u0259d\u0259 olar?<\/strong><\/li>\n<\/ul>\n<p>&#8211; Sual\u0131n\u0131z m\u0259ni m\u00fct\u0259\u0259ssir edir. D\u00fcz\u00fc bir az da q\u0259rib\u0259 g\u00f6r\u00fcn\u00fcr. \u018fvvala, Masall\u0131n\u0131n g\u0259nc, enerjili, f\u0259ras\u0259tli kadrlar\u0131 var. Qoy, rayona da onlar r\u0259hb\u0259rlik etsinl\u0259r. U\u011furlar\u0131na m\u0259n d\u0259 sevin\u0259r\u0259m. Bir d\u0259 m\u0259ni tan\u0131yanlar yax\u015f\u0131 bilirl\u0259r ki, ikil\u0259\u015fm\u0259kd\u0259n, \u00f6zg\u0259l\u0259\u015fm\u0259kd\u0259n z\u0259hl\u0259m gedir. M\u00fcdrikl\u0259r demi\u015fk\u0259n, ya oldu\u011fun kimi g\u00f6r\u00fcn, ya da g\u00f6r\u00fcnd\u00fcy\u00fcn kimi ol. Bunu y\u0259qin bilin ki, H\u0259s\u0259nov 1976-c\u0131 ild\u0259 Masall\u0131ya g\u0259l\u0259nd\u0259 nec\u0259 i\u015fl\u0259yirdis\u0259, yen\u0259 el\u0259 i\u015fl\u0259yir.<\/p>\n<ul>\n<li><strong>Masall\u0131dan \u00e7\u0131xandan sonra rayondan e\u015fitdiyin \u0259n f\u0259r\u0259hli v\u0259 \u0259n a\u011fr\u0131l\u0131 x\u0259b\u0259r hans\u0131 olub?<\/strong><\/li>\n<\/ul>\n<p>&#8211; \u018fn a\u011fr\u0131l\u0131 x\u0259b\u0259r Masall\u0131da istehsal\u0131n a\u011f\u0131las\u0131\u011fmaz d\u0259r\u0259c\u0259d\u0259 a\u015fa\u011f\u0131 d\u00fc\u015fm\u0259sidir. Bilirsiniz, bu, n\u0259 dem\u0259kdir? \u018fhalinin maddi v\u0259ziyy\u0259tinin pisl\u0259\u015fm\u0259si, tikinti-abaql\u0131q i\u015fl\u0259rinin s\u0259ngim\u0259si, son n\u0259tic\u0259d\u0259 is\u0259 d\u0259rin u\u00e7urum. Bir d\u0259 dostlar\u0131n, yax\u0131ndan tan\u0131d\u0131\u011f\u0131m adamlar\u0131n ba\u015flar\u0131na g\u0259l\u0259n q\u0259za-q\u0259d\u0259rl\u0259r, onlar\u0131n v\u0259fat\u0131, b\u0259z\u0259n is\u0259 haqs\u0131zl\u0131\u011f\u0131n, yersiz intriqalar\u0131n qurban\u0131 olmas\u0131 m\u0259ni h\u0259mi\u015f\u0259 k\u0259d\u0259rl\u0259ndirir.<\/p>\n<p><img loading=\"lazy\" decoding=\"async\" class=\"alignleft size-full wp-image-30744\" src=\"http:\/\/www.zerdab.com\/wp-content\/uploads\/2024\/01\/eleddin-hesenov-zerdab2.jpg\" alt=\"eleddin-hesenov-zerdab2.png\" width=\"450\" height=\"284\" srcset=\"https:\/\/www.zerdab.com\/wp-content\/uploads\/2024\/01\/eleddin-hesenov-zerdab2.jpg 450w, https:\/\/www.zerdab.com\/wp-content\/uploads\/2024\/01\/eleddin-hesenov-zerdab2-400x252.jpg 400w\" sizes=\"auto, (max-width: 450px) 100vw, 450px\" \/><\/p>\n<p>&nbsp;<\/p>\n<p>&nbsp;<\/p>\n<p>&nbsp;<\/p>\n<p>&nbsp;<\/p>\n<p>&nbsp;<\/p>\n<p>&nbsp;<\/p>\n<ul>\n<li><strong>\u018fn f\u0259r\u0259hli x\u0259b\u0259r?\u00a0<\/strong><\/li>\n<\/ul>\n<p>&#8211; N\u0259 deyim. Yax\u015f\u0131 olar, bu bar\u0259d\u0259 susaq.<\/p>\n<ul>\n<li><strong>B\u0259s \u00f6z\u00fcn\u00fcz Masall\u0131da i\u015fl\u0259diyiniz d\u00f6vrd\u0259n \u00fc\u00e7 \u0259n unudulmaz m\u0259qam\u0131 xat\u0131rlaya bil\u0259rsinizmi?<\/strong><\/li>\n<\/ul>\n<p>&#8211; Birincisi, Vil\u0259\u015f\u00e7ay su d\u0259rya\u00e7as\u0131n\u0131n tikintisin\u0259 ba\u015flanmas\u0131n\u0131 \u00e7ox unudulmaz hesab edir\u0259m. \u00c7\u00fcnki bu tikintinin parlaq perspektivini g\u00f6r\u00fcrd\u00fcm.\u00a0<strong>\u0130kincisi, iki ay yar\u0131ma \u015f\u0259h\u0259r m\u0259rk\u0259zind\u0259 1176 yerlik m\u0259kt\u0259b binas\u0131n\u0131 tikdirib ba\u015fa \u00e7atd\u0131rma\u011f\u0131m\u0131z<\/strong>. N\u0259hay\u0259t, \u00fc\u00e7\u00fcnc\u00fcs\u00fc, f\u0259hl\u0259l\u0259rin halal qazanc\u0131 il\u0259 \u0259ld\u0259 etdiyimiz m\u00fckafatlara yer-yurd ed\u0259 bilm\u0259yimiz. Onlara ba\u011f\u0131\u015flanan ma\u015f\u0131nlar\u0131n, dig\u0259r qiym\u0259tli \u015feyl\u0259rin t\u0259qdim olundu\u011fu anlar\u0131n sevinci he\u00e7 vaxt yadda\u015f\u0131mdan \u00e7\u0131xm\u0131r.<\/p>\n<p>\u00dcmumiyy\u0259tl\u0259 is\u0259 Masall\u0131da i\u015fl\u0259diyim b\u00fct\u00fcn m\u0259qamlar m\u0259nim xatir\u0259md\u0259 ya\u015fay\u0131r.<\/p>\n<ul>\n<li><strong>O\u011flunuz Araz, el\u0259c\u0259 d\u0259 dig\u0259r \u00f6vladlar\u0131n\u0131z haqq\u0131nda m\u0259lumatlar oxucular\u0131m\u0131z \u00fc\u00e7\u00fcn maraql\u0131 olar.<\/strong><\/li>\n<\/ul>\n<p><strong>&#8211;<\/strong> O\u011flum Araz Xalq T\u0259s\u0259rr\u00fcfat\u0131 \u0130nstitutunu bitirdikd\u0259n sonra h\u00fcquq sah\u0259sind\u0259 qiyabi t\u0259hsil al\u0131r. M\u0259sul v\u0259zif\u0259d\u0259 \u00e7al\u0131\u015f\u0131r. Ail\u0259 h\u0259yat\u0131 qurub. Q\u0131zlar\u0131m R\u0259mziyy\u0259 v\u0259 Raif\u0259 d\u0259 ali t\u0259hsil al\u0131b, ail\u0259 h\u0259yat\u0131 qurublar. Ba\u015flar\u0131n\u0131 a\u015fa\u011f\u0131 sal\u0131b i\u015fl\u0259yirl\u0259r. Sevinc q\u0131z\u0131m is\u0259\u00a0<strong>ikinci sinifd\u0259<\/strong>\u00a0oxuyur v\u0259 o, Masall\u0131n\u0131 g\u00f6rm\u0259yib.<\/p>\n<ul>\n<li><strong>Masall\u0131lara s\u00f6z\u00fcn\u00fcz?\u00a0<\/strong><\/li>\n<\/ul>\n<p>&#8211; Ham\u0131ya xo\u015fb\u0259xtlik, s\u0259ad\u0259t, xo\u015f g\u00fcz\u0259ran arzulay\u0131ram. \u018fzizl\u0259rim, \u00e7\u0259tinlikl\u0259r m\u00fcv\u0259qq\u0259tidir; d\u00f6z\u00fcn. Lakin masall\u0131lara m\u0259xsus i\u015fg\u00fczarl\u0131\u011f\u0131, zir\u0259kliyi \u0259ld\u0259n verm\u0259yin. Hay-k\u00fcy\u0259 uyub \u0259linizi i\u015fd\u0259n soyutmay\u0131n.<\/p>\n<ul>\n<li><strong>N\u0259s\u0259 deyilm\u0259mi\u015f s\u00f6z\u00fcn\u00fcz qald\u0131m\u0131?<\/strong><\/li>\n<\/ul>\n<p>&#8211; S\u00f6z\u00fcm \u00e7oxdur, o\u011ful. \u00c7ox sa\u011f olun ki, yada salm\u0131s\u0131z. Yan\u0131mda oldu\u011funuz bu saatlarda m\u0259ni on il \u0259vv\u0259l\u0259 qaytard\u0131n\u0131z. Bak\u0131da Masall\u0131 mikro m\u00fchiti yaratd\u0131n\u0131z. H\u0259mi\u015f\u0259ki kimi i\u015f adam\u0131yam. Vaxt imkan vermir ki, daha geni\u015f, daha \u0259trafl\u0131 s\u00f6hb\u0259t ed\u0259k. G\u00f6r\u00fcrs\u00fcn\u00fcz ki, telefonlar dalbadal z\u0259ng vurur. Selektorun lampalar\u0131 arams\u0131z yan\u0131b s\u00f6n\u00fcr. Katib\u0259 q\u0259bulda olanlar\u0131 sakitl\u0259\u015fdirm\u0259y\u0259 \u00e7al\u0131\u015f\u0131r. Bax m\u0259nim i\u015f g\u00fcn\u00fcm bel\u0259 ba\u015flay\u0131r v\u0259 gec\u0259d\u0259n xeyli ke\u00e7\u0259n\u0259d\u0259k davam edir. Kabinetd\u0259 yatd\u0131\u011f\u0131m\u0131z vaxtlar da olub. S\u00f6hb\u0259timizin sonunda b\u00fct\u00fcn masall\u0131lara cansa\u011fl\u0131\u011f\u0131, xo\u015fb\u0259xtlik, \u00e7\u0259tinliy\u0259 d\u00f6z\u00fcm, q\u0259l\u0259b\u0259y\u0259 inam arzulayram.<\/p>\n","protected":false},"excerpt":{"rendered":"<p>H\u0259s\u0259n b\u0259y Z\u0259rdabi yurdunun d\u0259y\u0259rli ziyal\u0131lar\u0131ndan biri olan H\u0259s\u0259nov \u018fl\u0259ddin Tapd\u0131q o\u011flunun v\u0259fat\u0131ndan 12 il \u00f6t\u00fcr. H\u0259myerlimiz, Beyn\u0259lxalq Ekoenergetika Akademiyas\u0131n\u0131n professoru, Az\u0259rbaycan Yaz\u0131\u00e7\u0131lar v\u0259 Jurnalistl\u0259r Birliyinin \u00fczv\u00fc, \u201cQ\u0131z\u0131l Q\u0259l\u0259m\u201d v\u0259 \u201cAli Media\u201d m\u00fckafat\u0131 laureat\u0131, Z\u0259rdabi\u015f\u00fcnas t\u0259dqiqat\u00e7\u0131 alim, Bak\u0131 D\u00f6vl\u0259t Universitetinin m\u00fc\u0259llimi Eld\u0259niz H\u0259s\u0259novun Z\u0259rdabi yurdunun d\u0259y\u0259rli ziyal\u0131lar\u0131ndan biri olan \u018fl\u0259ddin Tapd\u0131q o\u011flu H\u0259s\u0259novun tarixin s\u0259hif\u0259l\u0259rind\u0259 [&hellip;]<\/p>\n","protected":false},"author":1,"featured_media":30742,"comment_status":"closed","ping_status":"closed","sticky":false,"template":"","format":"standard","meta":{"footnotes":""},"categories":[63,5],"tags":[],"class_list":{"0":"post-30740","1":"post","2":"type-post","3":"status-publish","4":"format-standard","5":"has-post-thumbnail","7":"category-manset","8":"category-knd"},"yoast_head":"<!-- This site is optimized with the Yoast SEO plugin v27.0 - https:\/\/yoast.com\/product\/yoast-seo-wordpress\/ -->\n<title>Z\u0259rdabi yurdunun d\u0259y\u0259rli ziyal\u0131lar\u0131ndan olan \u018fl\u0259ddin H\u0259s\u0259novun v\u0259fat\u0131ndan 12 il \u00f6t\u00fcr - Z\u0259rdab.com<\/title>\n<meta name=\"robots\" content=\"index, follow, max-snippet:-1, max-image-preview:large, max-video-preview:-1\" \/>\n<link rel=\"canonical\" href=\"https:\/\/www.zerdab.com\/?p=30740\" \/>\n<meta property=\"og:locale\" content=\"az_AZ\" \/>\n<meta property=\"og:type\" content=\"article\" \/>\n<meta property=\"og:title\" content=\"Z\u0259rdabi yurdunun d\u0259y\u0259rli ziyal\u0131lar\u0131ndan olan \u018fl\u0259ddin H\u0259s\u0259novun v\u0259fat\u0131ndan 12 il \u00f6t\u00fcr - Z\u0259rdab.com\" \/>\n<meta property=\"og:description\" content=\"H\u0259s\u0259n b\u0259y Z\u0259rdabi yurdunun d\u0259y\u0259rli ziyal\u0131lar\u0131ndan biri olan H\u0259s\u0259nov \u018fl\u0259ddin Tapd\u0131q o\u011flunun v\u0259fat\u0131ndan 12 il \u00f6t\u00fcr. H\u0259myerlimiz, Beyn\u0259lxalq Ekoenergetika Akademiyas\u0131n\u0131n professoru, Az\u0259rbaycan Yaz\u0131\u00e7\u0131lar v\u0259 Jurnalistl\u0259r Birliyinin \u00fczv\u00fc, \u201cQ\u0131z\u0131l Q\u0259l\u0259m\u201d v\u0259 \u201cAli Media\u201d m\u00fckafat\u0131 laureat\u0131, Z\u0259rdabi\u015f\u00fcnas t\u0259dqiqat\u00e7\u0131 alim, Bak\u0131 D\u00f6vl\u0259t Universitetinin m\u00fc\u0259llimi Eld\u0259niz H\u0259s\u0259novun Z\u0259rdabi yurdunun d\u0259y\u0259rli ziyal\u0131lar\u0131ndan biri olan \u018fl\u0259ddin Tapd\u0131q o\u011flu H\u0259s\u0259novun tarixin s\u0259hif\u0259l\u0259rind\u0259 [&hellip;]\" \/>\n<meta property=\"og:url\" content=\"https:\/\/www.zerdab.com\/?p=30740\" \/>\n<meta property=\"og:site_name\" content=\"Z\u0259rdab.com\" \/>\n<meta property=\"article:published_time\" content=\"2024-01-30T14:33:49+00:00\" \/>\n<meta property=\"article:modified_time\" content=\"2024-01-31T08:46:09+00:00\" \/>\n<meta property=\"og:image\" content=\"http:\/\/www.zerdab.com\/wp-content\/uploads\/2024\/01\/eleddin-hesenov-zerdab.jpg\" \/>\n\t<meta property=\"og:image:width\" content=\"450\" \/>\n\t<meta property=\"og:image:height\" content=\"326\" \/>\n\t<meta property=\"og:image:type\" content=\"image\/jpeg\" \/>\n<meta name=\"author\" content=\"admin\" \/>\n<meta name=\"twitter:card\" content=\"summary_large_image\" \/>\n<meta name=\"twitter:label1\" content=\"Written by\" \/>\n\t<meta name=\"twitter:data1\" content=\"admin\" \/>\n\t<meta name=\"twitter:label2\" content=\"Est. reading time\" \/>\n\t<meta name=\"twitter:data2\" content=\"10 minutes\" \/>\n<script type=\"application\/ld+json\" class=\"yoast-schema-graph\">{\"@context\":\"https:\/\/schema.org\",\"@graph\":[{\"@type\":\"Article\",\"@id\":\"https:\/\/www.zerdab.com\/?p=30740#article\",\"isPartOf\":{\"@id\":\"https:\/\/www.zerdab.com\/?p=30740\"},\"author\":{\"name\":\"admin\",\"@id\":\"https:\/\/www.zerdab.com\/#\/schema\/person\/97079b7570c1e89ec0d9e138c3672136\"},\"headline\":\"Z\u0259rdabi yurdunun d\u0259y\u0259rli ziyal\u0131lar\u0131ndan olan \u018fl\u0259ddin H\u0259s\u0259novun v\u0259fat\u0131ndan 12 il \u00f6t\u00fcr\",\"datePublished\":\"2024-01-30T14:33:49+00:00\",\"dateModified\":\"2024-01-31T08:46:09+00:00\",\"mainEntityOfPage\":{\"@id\":\"https:\/\/www.zerdab.com\/?p=30740\"},\"wordCount\":3202,\"image\":{\"@id\":\"https:\/\/www.zerdab.com\/?p=30740#primaryimage\"},\"thumbnailUrl\":\"https:\/\/www.zerdab.com\/wp-content\/uploads\/2024\/01\/eleddin-hesenov-zerdab.jpg\",\"articleSection\":[\"MAN\u015eET\",\"X\u018fB\u018fRL\u018fR\"],\"inLanguage\":\"az\"},{\"@type\":\"WebPage\",\"@id\":\"https:\/\/www.zerdab.com\/?p=30740\",\"url\":\"https:\/\/www.zerdab.com\/?p=30740\",\"name\":\"Z\u0259rdabi yurdunun d\u0259y\u0259rli ziyal\u0131lar\u0131ndan olan \u018fl\u0259ddin H\u0259s\u0259novun v\u0259fat\u0131ndan 12 il \u00f6t\u00fcr - Z\u0259rdab.com\",\"isPartOf\":{\"@id\":\"https:\/\/www.zerdab.com\/#website\"},\"primaryImageOfPage\":{\"@id\":\"https:\/\/www.zerdab.com\/?p=30740#primaryimage\"},\"image\":{\"@id\":\"https:\/\/www.zerdab.com\/?p=30740#primaryimage\"},\"thumbnailUrl\":\"https:\/\/www.zerdab.com\/wp-content\/uploads\/2024\/01\/eleddin-hesenov-zerdab.jpg\",\"datePublished\":\"2024-01-30T14:33:49+00:00\",\"dateModified\":\"2024-01-31T08:46:09+00:00\",\"author\":{\"@id\":\"https:\/\/www.zerdab.com\/#\/schema\/person\/97079b7570c1e89ec0d9e138c3672136\"},\"breadcrumb\":{\"@id\":\"https:\/\/www.zerdab.com\/?p=30740#breadcrumb\"},\"inLanguage\":\"az\",\"potentialAction\":[{\"@type\":\"ReadAction\",\"target\":[\"https:\/\/www.zerdab.com\/?p=30740\"]}]},{\"@type\":\"ImageObject\",\"inLanguage\":\"az\",\"@id\":\"https:\/\/www.zerdab.com\/?p=30740#primaryimage\",\"url\":\"https:\/\/www.zerdab.com\/wp-content\/uploads\/2024\/01\/eleddin-hesenov-zerdab.jpg\",\"contentUrl\":\"https:\/\/www.zerdab.com\/wp-content\/uploads\/2024\/01\/eleddin-hesenov-zerdab.jpg\",\"width\":450,\"height\":326,\"caption\":\"eleddin-hesenov-zerdab.png\"},{\"@type\":\"BreadcrumbList\",\"@id\":\"https:\/\/www.zerdab.com\/?p=30740#breadcrumb\",\"itemListElement\":[{\"@type\":\"ListItem\",\"position\":1,\"name\":\"Home\",\"item\":\"https:\/\/www.zerdab.com\/\"},{\"@type\":\"ListItem\",\"position\":2,\"name\":\"Z\u0259rdabi yurdunun d\u0259y\u0259rli ziyal\u0131lar\u0131ndan olan \u018fl\u0259ddin H\u0259s\u0259novun v\u0259fat\u0131ndan 12 il \u00f6t\u00fcr\"}]},{\"@type\":\"WebSite\",\"@id\":\"https:\/\/www.zerdab.com\/#website\",\"url\":\"https:\/\/www.zerdab.com\/\",\"name\":\"Z\u0259rdab.com\",\"description\":\"\",\"potentialAction\":[{\"@type\":\"SearchAction\",\"target\":{\"@type\":\"EntryPoint\",\"urlTemplate\":\"https:\/\/www.zerdab.com\/?s={search_term_string}\"},\"query-input\":{\"@type\":\"PropertyValueSpecification\",\"valueRequired\":true,\"valueName\":\"search_term_string\"}}],\"inLanguage\":\"az\"},{\"@type\":\"Person\",\"@id\":\"https:\/\/www.zerdab.com\/#\/schema\/person\/97079b7570c1e89ec0d9e138c3672136\",\"name\":\"admin\",\"image\":{\"@type\":\"ImageObject\",\"inLanguage\":\"az\",\"@id\":\"https:\/\/www.zerdab.com\/#\/schema\/person\/image\/\",\"url\":\"https:\/\/secure.gravatar.com\/avatar\/d9c52a9a27c32119cb6679a077fa3e2779e5f822c451cbf01098004361d466ec?s=96&d=mm&r=g\",\"contentUrl\":\"https:\/\/secure.gravatar.com\/avatar\/d9c52a9a27c32119cb6679a077fa3e2779e5f822c451cbf01098004361d466ec?s=96&d=mm&r=g\",\"caption\":\"admin\"},\"url\":\"https:\/\/www.zerdab.com\/?author=1\"}]}<\/script>\n<!-- \/ Yoast SEO plugin. -->","yoast_head_json":{"title":"Z\u0259rdabi yurdunun d\u0259y\u0259rli ziyal\u0131lar\u0131ndan olan \u018fl\u0259ddin H\u0259s\u0259novun v\u0259fat\u0131ndan 12 il \u00f6t\u00fcr - Z\u0259rdab.com","robots":{"index":"index","follow":"follow","max-snippet":"max-snippet:-1","max-image-preview":"max-image-preview:large","max-video-preview":"max-video-preview:-1"},"canonical":"https:\/\/www.zerdab.com\/?p=30740","og_locale":"az_AZ","og_type":"article","og_title":"Z\u0259rdabi yurdunun d\u0259y\u0259rli ziyal\u0131lar\u0131ndan olan \u018fl\u0259ddin H\u0259s\u0259novun v\u0259fat\u0131ndan 12 il \u00f6t\u00fcr - Z\u0259rdab.com","og_description":"H\u0259s\u0259n b\u0259y Z\u0259rdabi yurdunun d\u0259y\u0259rli ziyal\u0131lar\u0131ndan biri olan H\u0259s\u0259nov \u018fl\u0259ddin Tapd\u0131q o\u011flunun v\u0259fat\u0131ndan 12 il \u00f6t\u00fcr. H\u0259myerlimiz, Beyn\u0259lxalq Ekoenergetika Akademiyas\u0131n\u0131n professoru, Az\u0259rbaycan Yaz\u0131\u00e7\u0131lar v\u0259 Jurnalistl\u0259r Birliyinin \u00fczv\u00fc, \u201cQ\u0131z\u0131l Q\u0259l\u0259m\u201d v\u0259 \u201cAli Media\u201d m\u00fckafat\u0131 laureat\u0131, Z\u0259rdabi\u015f\u00fcnas t\u0259dqiqat\u00e7\u0131 alim, Bak\u0131 D\u00f6vl\u0259t Universitetinin m\u00fc\u0259llimi Eld\u0259niz H\u0259s\u0259novun Z\u0259rdabi yurdunun d\u0259y\u0259rli ziyal\u0131lar\u0131ndan biri olan \u018fl\u0259ddin Tapd\u0131q o\u011flu H\u0259s\u0259novun tarixin s\u0259hif\u0259l\u0259rind\u0259 [&hellip;]","og_url":"https:\/\/www.zerdab.com\/?p=30740","og_site_name":"Z\u0259rdab.com","article_published_time":"2024-01-30T14:33:49+00:00","article_modified_time":"2024-01-31T08:46:09+00:00","og_image":[{"width":450,"height":326,"url":"http:\/\/www.zerdab.com\/wp-content\/uploads\/2024\/01\/eleddin-hesenov-zerdab.jpg","type":"image\/jpeg"}],"author":"admin","twitter_card":"summary_large_image","twitter_misc":{"Written by":"admin","Est. reading time":"10 minutes"},"schema":{"@context":"https:\/\/schema.org","@graph":[{"@type":"Article","@id":"https:\/\/www.zerdab.com\/?p=30740#article","isPartOf":{"@id":"https:\/\/www.zerdab.com\/?p=30740"},"author":{"name":"admin","@id":"https:\/\/www.zerdab.com\/#\/schema\/person\/97079b7570c1e89ec0d9e138c3672136"},"headline":"Z\u0259rdabi yurdunun d\u0259y\u0259rli ziyal\u0131lar\u0131ndan olan \u018fl\u0259ddin H\u0259s\u0259novun v\u0259fat\u0131ndan 12 il \u00f6t\u00fcr","datePublished":"2024-01-30T14:33:49+00:00","dateModified":"2024-01-31T08:46:09+00:00","mainEntityOfPage":{"@id":"https:\/\/www.zerdab.com\/?p=30740"},"wordCount":3202,"image":{"@id":"https:\/\/www.zerdab.com\/?p=30740#primaryimage"},"thumbnailUrl":"https:\/\/www.zerdab.com\/wp-content\/uploads\/2024\/01\/eleddin-hesenov-zerdab.jpg","articleSection":["MAN\u015eET","X\u018fB\u018fRL\u018fR"],"inLanguage":"az"},{"@type":"WebPage","@id":"https:\/\/www.zerdab.com\/?p=30740","url":"https:\/\/www.zerdab.com\/?p=30740","name":"Z\u0259rdabi yurdunun d\u0259y\u0259rli ziyal\u0131lar\u0131ndan olan \u018fl\u0259ddin H\u0259s\u0259novun v\u0259fat\u0131ndan 12 il \u00f6t\u00fcr - Z\u0259rdab.com","isPartOf":{"@id":"https:\/\/www.zerdab.com\/#website"},"primaryImageOfPage":{"@id":"https:\/\/www.zerdab.com\/?p=30740#primaryimage"},"image":{"@id":"https:\/\/www.zerdab.com\/?p=30740#primaryimage"},"thumbnailUrl":"https:\/\/www.zerdab.com\/wp-content\/uploads\/2024\/01\/eleddin-hesenov-zerdab.jpg","datePublished":"2024-01-30T14:33:49+00:00","dateModified":"2024-01-31T08:46:09+00:00","author":{"@id":"https:\/\/www.zerdab.com\/#\/schema\/person\/97079b7570c1e89ec0d9e138c3672136"},"breadcrumb":{"@id":"https:\/\/www.zerdab.com\/?p=30740#breadcrumb"},"inLanguage":"az","potentialAction":[{"@type":"ReadAction","target":["https:\/\/www.zerdab.com\/?p=30740"]}]},{"@type":"ImageObject","inLanguage":"az","@id":"https:\/\/www.zerdab.com\/?p=30740#primaryimage","url":"https:\/\/www.zerdab.com\/wp-content\/uploads\/2024\/01\/eleddin-hesenov-zerdab.jpg","contentUrl":"https:\/\/www.zerdab.com\/wp-content\/uploads\/2024\/01\/eleddin-hesenov-zerdab.jpg","width":450,"height":326,"caption":"eleddin-hesenov-zerdab.png"},{"@type":"BreadcrumbList","@id":"https:\/\/www.zerdab.com\/?p=30740#breadcrumb","itemListElement":[{"@type":"ListItem","position":1,"name":"Home","item":"https:\/\/www.zerdab.com\/"},{"@type":"ListItem","position":2,"name":"Z\u0259rdabi yurdunun d\u0259y\u0259rli ziyal\u0131lar\u0131ndan olan \u018fl\u0259ddin H\u0259s\u0259novun v\u0259fat\u0131ndan 12 il \u00f6t\u00fcr"}]},{"@type":"WebSite","@id":"https:\/\/www.zerdab.com\/#website","url":"https:\/\/www.zerdab.com\/","name":"Z\u0259rdab.com","description":"","potentialAction":[{"@type":"SearchAction","target":{"@type":"EntryPoint","urlTemplate":"https:\/\/www.zerdab.com\/?s={search_term_string}"},"query-input":{"@type":"PropertyValueSpecification","valueRequired":true,"valueName":"search_term_string"}}],"inLanguage":"az"},{"@type":"Person","@id":"https:\/\/www.zerdab.com\/#\/schema\/person\/97079b7570c1e89ec0d9e138c3672136","name":"admin","image":{"@type":"ImageObject","inLanguage":"az","@id":"https:\/\/www.zerdab.com\/#\/schema\/person\/image\/","url":"https:\/\/secure.gravatar.com\/avatar\/d9c52a9a27c32119cb6679a077fa3e2779e5f822c451cbf01098004361d466ec?s=96&d=mm&r=g","contentUrl":"https:\/\/secure.gravatar.com\/avatar\/d9c52a9a27c32119cb6679a077fa3e2779e5f822c451cbf01098004361d466ec?s=96&d=mm&r=g","caption":"admin"},"url":"https:\/\/www.zerdab.com\/?author=1"}]}},"_links":{"self":[{"href":"https:\/\/www.zerdab.com\/index.php?rest_route=\/wp\/v2\/posts\/30740","targetHints":{"allow":["GET"]}}],"collection":[{"href":"https:\/\/www.zerdab.com\/index.php?rest_route=\/wp\/v2\/posts"}],"about":[{"href":"https:\/\/www.zerdab.com\/index.php?rest_route=\/wp\/v2\/types\/post"}],"author":[{"embeddable":true,"href":"https:\/\/www.zerdab.com\/index.php?rest_route=\/wp\/v2\/users\/1"}],"replies":[{"embeddable":true,"href":"https:\/\/www.zerdab.com\/index.php?rest_route=%2Fwp%2Fv2%2Fcomments&post=30740"}],"version-history":[{"count":12,"href":"https:\/\/www.zerdab.com\/index.php?rest_route=\/wp\/v2\/posts\/30740\/revisions"}],"predecessor-version":[{"id":30768,"href":"https:\/\/www.zerdab.com\/index.php?rest_route=\/wp\/v2\/posts\/30740\/revisions\/30768"}],"wp:featuredmedia":[{"embeddable":true,"href":"https:\/\/www.zerdab.com\/index.php?rest_route=\/wp\/v2\/media\/30742"}],"wp:attachment":[{"href":"https:\/\/www.zerdab.com\/index.php?rest_route=%2Fwp%2Fv2%2Fmedia&parent=30740"}],"wp:term":[{"taxonomy":"category","embeddable":true,"href":"https:\/\/www.zerdab.com\/index.php?rest_route=%2Fwp%2Fv2%2Fcategories&post=30740"},{"taxonomy":"post_tag","embeddable":true,"href":"https:\/\/www.zerdab.com\/index.php?rest_route=%2Fwp%2Fv2%2Ftags&post=30740"}],"curies":[{"name":"wp","href":"https:\/\/api.w.org\/{rel}","templated":true}]}}