{"id":30790,"date":"2024-02-14T10:35:33","date_gmt":"2024-02-14T06:35:33","guid":{"rendered":"https:\/\/www.zerdab.com\/?p=30790"},"modified":"2024-02-14T11:37:40","modified_gmt":"2024-02-14T07:37:40","slug":"az%c9%99rbaycanda-bu-s%c9%99xsl%c9%99rin-pensiya-yasi-azaldildi","status":"publish","type":"post","link":"https:\/\/www.zerdab.com\/?p=30790","title":{"rendered":"Az\u0259rbaycanda bu \u015f\u0259xsl\u0259rin pensiya ya\u015f\u0131 AZALDILDI"},"content":{"rendered":"<p>\u201cNazirl\u0259r Kabineti \u201cG\u00fcz\u0259\u015ftli \u015f\u0259rtl\u0259rl\u0259 ya\u015fa g\u00f6r\u0259 \u0259m\u0259k pensiyas\u0131 h\u00fcququ ver\u0259n istehsalatlar\u0131n, pe\u015f\u0259l\u0259rin, v\u0259zif\u0259l\u0259rin v\u0259 g\u00f6st\u0259ricil\u0259rin Siyah\u0131s\u0131\u201dna d\u0259yi\u015fiklik edib. Yeni d\u0259yi\u015fiklikl\u0259r il\u0259 g\u00fcz\u0259\u015ftli \u015f\u0259rtl\u0259r il\u0259 pensiyaya \u00e7\u0131xma h\u00fcququ olan v\u0259t\u0259nda\u015flar\u0131n siyah\u0131s\u0131 geni\u015fl\u0259ndirilib\u201d.<\/p>\n<p>Bunu iqtisad\u00e7\u0131 deputat V\u00fcqar Bayramov \u00f6z sosial \u015f\u0259b\u0259k\u0259 hesab\u0131nda qeyd edib. O bildirib ki, neft m\u0259d\u0259nl\u0259rind\u0259, neftin saxlan\u0131lmas\u0131 v\u0259 \u00f6t\u00fcr\u00fclm\u0259si sah\u0259sind\u0259 n\u0259zar\u0259t-\u00f6l\u00e7\u00fc cihazlar\u0131 v\u0259 avtomatika qur\u011fular\u0131n\u0131n t\u0259miri v\u0259 xidm\u0259ti i\u015fl\u0259ri il\u0259 m\u0259\u015f\u011ful olan n\u0259zar\u0259t-\u00f6l\u00e7\u00fc cihazlar\u0131 v\u0259 avtomatika \u00fczr\u0259 \u00e7iling\u0259rl\u0259r, \u0259sas istehsalat sah\u0259l\u0259rind\u0259 neft-m\u0259d\u0259n avadanl\u0131qlar\u0131n\u0131n, kompressor qur\u011fular\u0131n\u0131n t\u0259miri il\u0259 bilavasit\u0259 m\u0259\u015f\u011ful olan t\u0259mir\u00e7i \u00e7iling\u0259rl\u0259r, \u0259mt\u0259\u0259 operatorlar\u0131, nasos qur\u011fular\u0131n\u0131n ma\u015finistl\u0259ri, d\u0259niz \u00f6z\u00fcll\u0259rind\u0259, estakadalarda stasionar kranlar\u0131n kran ma\u015finistl\u0259ri, qaz\u0131n y\u0131\u011f\u0131lmas\u0131 \u00fczr\u0259 operatorlar, qazpaylay\u0131c\u0131 stansiyan\u0131n operatorlar\u0131 daha tez pensiyaya \u00e7\u0131xa bil\u0259c\u0259kl\u0259r.<\/p>\n<p>Onun s\u00f6zl\u0259rin\u0259 g\u00f6r\u0259, daha erk\u0259n pensiyaya \u00e7\u0131xmaq h\u00fcququna malik olan v\u0259t\u0259nda\u015flar\u0131m\u0131z\u0131n say\u0131n\u0131n art\u0131r\u0131lmas\u0131 m\u00fcsb\u0259t hald\u0131r: \u201c\u00c7\u00fcnki i\u015f rejimind\u0259n as\u0131l\u0131 olaraq onlar\u0131n sosial m\u00fcdafi\u0259sinin daha g\u00fccl\u0259ndirilm\u0259si vacibdir. \u00a0Bu bax\u0131mdan, Nazirl\u0259r Kabineti t\u0259r\u0259find\u0259n h\u0259min siyah\u0131n\u0131n m\u00fct\u0259madi yenil\u0259\u015fdirilm\u0259si vacibdir. Dig\u0259r t\u0259r\u0259fd\u0259n, u\u015faqlar\u0131n say\u0131na g\u00f6r\u0259 qad\u0131nlar\u0131n pensiya ya\u015f\u0131n\u0131n m\u00fct\u0259nasib azald\u0131lmas\u0131 da m\u0259qs\u0259d\u0259uy\u011fundur. Bel\u0259 h\u00fcququn 5 u\u015fa\u011f\u0131 deyil, 3 v\u0259 daha art\u0131q \u00f6vladlar\u0131 olan qad\u0131nlara \u015famil olunmas\u0131 daha m\u0259qs\u0259d\u0259uy\u011fun olard\u0131. Bu h\u0259min v\u0259t\u0259nda\u015flar\u0131m\u0131z\u0131n sosial t\u0259minat\u0131n\u0131n daha da g\u00fccl\u0259ndirilm\u0259sin\u0259 xidm\u0259t ed\u0259rdi\u201d.milli.az<\/p>\n","protected":false},"excerpt":{"rendered":"<p>\u201cNazirl\u0259r Kabineti \u201cG\u00fcz\u0259\u015ftli \u015f\u0259rtl\u0259rl\u0259 ya\u015fa g\u00f6r\u0259 \u0259m\u0259k pensiyas\u0131 h\u00fcququ ver\u0259n istehsalatlar\u0131n, pe\u015f\u0259l\u0259rin, v\u0259zif\u0259l\u0259rin v\u0259 g\u00f6st\u0259ricil\u0259rin Siyah\u0131s\u0131\u201dna d\u0259yi\u015fiklik edib. Yeni d\u0259yi\u015fiklikl\u0259r il\u0259 g\u00fcz\u0259\u015ftli \u015f\u0259rtl\u0259r il\u0259 pensiyaya \u00e7\u0131xma h\u00fcququ olan v\u0259t\u0259nda\u015flar\u0131n siyah\u0131s\u0131 geni\u015fl\u0259ndirilib\u201d. Bunu iqtisad\u00e7\u0131 deputat V\u00fcqar Bayramov \u00f6z sosial \u015f\u0259b\u0259k\u0259 hesab\u0131nda qeyd edib. O bildirib ki, neft m\u0259d\u0259nl\u0259rind\u0259, neftin saxlan\u0131lmas\u0131 v\u0259 \u00f6t\u00fcr\u00fclm\u0259si sah\u0259sind\u0259 n\u0259zar\u0259t-\u00f6l\u00e7\u00fc cihazlar\u0131 v\u0259 [&hellip;]<\/p>\n","protected":false},"author":1,"featured_media":30771,"comment_status":"closed","ping_status":"closed","sticky":false,"template":"","format":"standard","meta":{"footnotes":""},"categories":[63,5],"tags":[],"class_list":{"0":"post-30790","1":"post","2":"type-post","3":"status-publish","4":"format-standard","5":"has-post-thumbnail","7":"category-manset","8":"category-knd"},"yoast_head":"<!-- This site is optimized with the Yoast SEO plugin v27.0 - https:\/\/yoast.com\/product\/yoast-seo-wordpress\/ -->\n<title>Az\u0259rbaycanda bu \u015f\u0259xsl\u0259rin pensiya ya\u015f\u0131 AZALDILDI - Z\u0259rdab.com<\/title>\n<meta name=\"robots\" content=\"index, follow, max-snippet:-1, max-image-preview:large, max-video-preview:-1\" \/>\n<link rel=\"canonical\" href=\"https:\/\/www.zerdab.com\/?p=30790\" \/>\n<meta property=\"og:locale\" content=\"az_AZ\" \/>\n<meta property=\"og:type\" content=\"article\" \/>\n<meta property=\"og:title\" content=\"Az\u0259rbaycanda bu \u015f\u0259xsl\u0259rin pensiya ya\u015f\u0131 AZALDILDI - Z\u0259rdab.com\" \/>\n<meta property=\"og:description\" content=\"\u201cNazirl\u0259r Kabineti \u201cG\u00fcz\u0259\u015ftli \u015f\u0259rtl\u0259rl\u0259 ya\u015fa g\u00f6r\u0259 \u0259m\u0259k pensiyas\u0131 h\u00fcququ ver\u0259n istehsalatlar\u0131n, pe\u015f\u0259l\u0259rin, v\u0259zif\u0259l\u0259rin v\u0259 g\u00f6st\u0259ricil\u0259rin Siyah\u0131s\u0131\u201dna d\u0259yi\u015fiklik edib. Yeni d\u0259yi\u015fiklikl\u0259r il\u0259 g\u00fcz\u0259\u015ftli \u015f\u0259rtl\u0259r il\u0259 pensiyaya \u00e7\u0131xma h\u00fcququ olan v\u0259t\u0259nda\u015flar\u0131n siyah\u0131s\u0131 geni\u015fl\u0259ndirilib\u201d. Bunu iqtisad\u00e7\u0131 deputat V\u00fcqar Bayramov \u00f6z sosial \u015f\u0259b\u0259k\u0259 hesab\u0131nda qeyd edib. O bildirib ki, neft m\u0259d\u0259nl\u0259rind\u0259, neftin saxlan\u0131lmas\u0131 v\u0259 \u00f6t\u00fcr\u00fclm\u0259si sah\u0259sind\u0259 n\u0259zar\u0259t-\u00f6l\u00e7\u00fc cihazlar\u0131 v\u0259 [&hellip;]\" \/>\n<meta property=\"og:url\" content=\"https:\/\/www.zerdab.com\/?p=30790\" \/>\n<meta property=\"og:site_name\" content=\"Z\u0259rdab.com\" \/>\n<meta property=\"article:published_time\" content=\"2024-02-14T06:35:33+00:00\" \/>\n<meta property=\"article:modified_time\" content=\"2024-02-14T07:37:40+00:00\" \/>\n<meta property=\"og:image\" content=\"http:\/\/www.zerdab.com\/wp-content\/uploads\/2024\/02\/mana-maas-pensiya.jpg\" \/>\n\t<meta property=\"og:image:width\" content=\"637\" \/>\n\t<meta property=\"og:image:height\" content=\"400\" \/>\n\t<meta property=\"og:image:type\" content=\"image\/jpeg\" \/>\n<meta name=\"author\" content=\"admin\" \/>\n<meta name=\"twitter:card\" content=\"summary_large_image\" \/>\n<meta name=\"twitter:label1\" content=\"Written by\" \/>\n\t<meta name=\"twitter:data1\" content=\"admin\" \/>\n\t<meta name=\"twitter:label2\" content=\"Est. reading time\" \/>\n\t<meta name=\"twitter:data2\" content=\"1 minute\" \/>\n<script type=\"application\/ld+json\" class=\"yoast-schema-graph\">{\"@context\":\"https:\/\/schema.org\",\"@graph\":[{\"@type\":\"Article\",\"@id\":\"https:\/\/www.zerdab.com\/?p=30790#article\",\"isPartOf\":{\"@id\":\"https:\/\/www.zerdab.com\/?p=30790\"},\"author\":{\"name\":\"admin\",\"@id\":\"https:\/\/www.zerdab.com\/#\/schema\/person\/97079b7570c1e89ec0d9e138c3672136\"},\"headline\":\"Az\u0259rbaycanda bu \u015f\u0259xsl\u0259rin pensiya ya\u015f\u0131 AZALDILDI\",\"datePublished\":\"2024-02-14T06:35:33+00:00\",\"dateModified\":\"2024-02-14T07:37:40+00:00\",\"mainEntityOfPage\":{\"@id\":\"https:\/\/www.zerdab.com\/?p=30790\"},\"wordCount\":368,\"image\":{\"@id\":\"https:\/\/www.zerdab.com\/?p=30790#primaryimage\"},\"thumbnailUrl\":\"https:\/\/www.zerdab.com\/wp-content\/uploads\/2024\/02\/mana-maas-pensiya.jpg\",\"articleSection\":[\"MAN\u015eET\",\"X\u018fB\u018fRL\u018fR\"],\"inLanguage\":\"az\"},{\"@type\":\"WebPage\",\"@id\":\"https:\/\/www.zerdab.com\/?p=30790\",\"url\":\"https:\/\/www.zerdab.com\/?p=30790\",\"name\":\"Az\u0259rbaycanda bu \u015f\u0259xsl\u0259rin pensiya ya\u015f\u0131 AZALDILDI - Z\u0259rdab.com\",\"isPartOf\":{\"@id\":\"https:\/\/www.zerdab.com\/#website\"},\"primaryImageOfPage\":{\"@id\":\"https:\/\/www.zerdab.com\/?p=30790#primaryimage\"},\"image\":{\"@id\":\"https:\/\/www.zerdab.com\/?p=30790#primaryimage\"},\"thumbnailUrl\":\"https:\/\/www.zerdab.com\/wp-content\/uploads\/2024\/02\/mana-maas-pensiya.jpg\",\"datePublished\":\"2024-02-14T06:35:33+00:00\",\"dateModified\":\"2024-02-14T07:37:40+00:00\",\"author\":{\"@id\":\"https:\/\/www.zerdab.com\/#\/schema\/person\/97079b7570c1e89ec0d9e138c3672136\"},\"breadcrumb\":{\"@id\":\"https:\/\/www.zerdab.com\/?p=30790#breadcrumb\"},\"inLanguage\":\"az\",\"potentialAction\":[{\"@type\":\"ReadAction\",\"target\":[\"https:\/\/www.zerdab.com\/?p=30790\"]}]},{\"@type\":\"ImageObject\",\"inLanguage\":\"az\",\"@id\":\"https:\/\/www.zerdab.com\/?p=30790#primaryimage\",\"url\":\"https:\/\/www.zerdab.com\/wp-content\/uploads\/2024\/02\/mana-maas-pensiya.jpg\",\"contentUrl\":\"https:\/\/www.zerdab.com\/wp-content\/uploads\/2024\/02\/mana-maas-pensiya.jpg\",\"width\":637,\"height\":400,\"caption\":\"mana-maas-pensiya\"},{\"@type\":\"BreadcrumbList\",\"@id\":\"https:\/\/www.zerdab.com\/?p=30790#breadcrumb\",\"itemListElement\":[{\"@type\":\"ListItem\",\"position\":1,\"name\":\"Home\",\"item\":\"https:\/\/www.zerdab.com\/\"},{\"@type\":\"ListItem\",\"position\":2,\"name\":\"Az\u0259rbaycanda bu \u015f\u0259xsl\u0259rin pensiya ya\u015f\u0131 AZALDILDI\"}]},{\"@type\":\"WebSite\",\"@id\":\"https:\/\/www.zerdab.com\/#website\",\"url\":\"https:\/\/www.zerdab.com\/\",\"name\":\"Z\u0259rdab.com\",\"description\":\"\",\"potentialAction\":[{\"@type\":\"SearchAction\",\"target\":{\"@type\":\"EntryPoint\",\"urlTemplate\":\"https:\/\/www.zerdab.com\/?s={search_term_string}\"},\"query-input\":{\"@type\":\"PropertyValueSpecification\",\"valueRequired\":true,\"valueName\":\"search_term_string\"}}],\"inLanguage\":\"az\"},{\"@type\":\"Person\",\"@id\":\"https:\/\/www.zerdab.com\/#\/schema\/person\/97079b7570c1e89ec0d9e138c3672136\",\"name\":\"admin\",\"image\":{\"@type\":\"ImageObject\",\"inLanguage\":\"az\",\"@id\":\"https:\/\/www.zerdab.com\/#\/schema\/person\/image\/\",\"url\":\"https:\/\/secure.gravatar.com\/avatar\/d9c52a9a27c32119cb6679a077fa3e2779e5f822c451cbf01098004361d466ec?s=96&d=mm&r=g\",\"contentUrl\":\"https:\/\/secure.gravatar.com\/avatar\/d9c52a9a27c32119cb6679a077fa3e2779e5f822c451cbf01098004361d466ec?s=96&d=mm&r=g\",\"caption\":\"admin\"},\"url\":\"https:\/\/www.zerdab.com\/?author=1\"}]}<\/script>\n<!-- \/ Yoast SEO plugin. -->","yoast_head_json":{"title":"Az\u0259rbaycanda bu \u015f\u0259xsl\u0259rin pensiya ya\u015f\u0131 AZALDILDI - Z\u0259rdab.com","robots":{"index":"index","follow":"follow","max-snippet":"max-snippet:-1","max-image-preview":"max-image-preview:large","max-video-preview":"max-video-preview:-1"},"canonical":"https:\/\/www.zerdab.com\/?p=30790","og_locale":"az_AZ","og_type":"article","og_title":"Az\u0259rbaycanda bu \u015f\u0259xsl\u0259rin pensiya ya\u015f\u0131 AZALDILDI - Z\u0259rdab.com","og_description":"\u201cNazirl\u0259r Kabineti \u201cG\u00fcz\u0259\u015ftli \u015f\u0259rtl\u0259rl\u0259 ya\u015fa g\u00f6r\u0259 \u0259m\u0259k pensiyas\u0131 h\u00fcququ ver\u0259n istehsalatlar\u0131n, pe\u015f\u0259l\u0259rin, v\u0259zif\u0259l\u0259rin v\u0259 g\u00f6st\u0259ricil\u0259rin Siyah\u0131s\u0131\u201dna d\u0259yi\u015fiklik edib. Yeni d\u0259yi\u015fiklikl\u0259r il\u0259 g\u00fcz\u0259\u015ftli \u015f\u0259rtl\u0259r il\u0259 pensiyaya \u00e7\u0131xma h\u00fcququ olan v\u0259t\u0259nda\u015flar\u0131n siyah\u0131s\u0131 geni\u015fl\u0259ndirilib\u201d. Bunu iqtisad\u00e7\u0131 deputat V\u00fcqar Bayramov \u00f6z sosial \u015f\u0259b\u0259k\u0259 hesab\u0131nda qeyd edib. O bildirib ki, neft m\u0259d\u0259nl\u0259rind\u0259, neftin saxlan\u0131lmas\u0131 v\u0259 \u00f6t\u00fcr\u00fclm\u0259si sah\u0259sind\u0259 n\u0259zar\u0259t-\u00f6l\u00e7\u00fc cihazlar\u0131 v\u0259 [&hellip;]","og_url":"https:\/\/www.zerdab.com\/?p=30790","og_site_name":"Z\u0259rdab.com","article_published_time":"2024-02-14T06:35:33+00:00","article_modified_time":"2024-02-14T07:37:40+00:00","og_image":[{"width":637,"height":400,"url":"http:\/\/www.zerdab.com\/wp-content\/uploads\/2024\/02\/mana-maas-pensiya.jpg","type":"image\/jpeg"}],"author":"admin","twitter_card":"summary_large_image","twitter_misc":{"Written by":"admin","Est. reading time":"1 minute"},"schema":{"@context":"https:\/\/schema.org","@graph":[{"@type":"Article","@id":"https:\/\/www.zerdab.com\/?p=30790#article","isPartOf":{"@id":"https:\/\/www.zerdab.com\/?p=30790"},"author":{"name":"admin","@id":"https:\/\/www.zerdab.com\/#\/schema\/person\/97079b7570c1e89ec0d9e138c3672136"},"headline":"Az\u0259rbaycanda bu \u015f\u0259xsl\u0259rin pensiya ya\u015f\u0131 AZALDILDI","datePublished":"2024-02-14T06:35:33+00:00","dateModified":"2024-02-14T07:37:40+00:00","mainEntityOfPage":{"@id":"https:\/\/www.zerdab.com\/?p=30790"},"wordCount":368,"image":{"@id":"https:\/\/www.zerdab.com\/?p=30790#primaryimage"},"thumbnailUrl":"https:\/\/www.zerdab.com\/wp-content\/uploads\/2024\/02\/mana-maas-pensiya.jpg","articleSection":["MAN\u015eET","X\u018fB\u018fRL\u018fR"],"inLanguage":"az"},{"@type":"WebPage","@id":"https:\/\/www.zerdab.com\/?p=30790","url":"https:\/\/www.zerdab.com\/?p=30790","name":"Az\u0259rbaycanda bu \u015f\u0259xsl\u0259rin pensiya ya\u015f\u0131 AZALDILDI - Z\u0259rdab.com","isPartOf":{"@id":"https:\/\/www.zerdab.com\/#website"},"primaryImageOfPage":{"@id":"https:\/\/www.zerdab.com\/?p=30790#primaryimage"},"image":{"@id":"https:\/\/www.zerdab.com\/?p=30790#primaryimage"},"thumbnailUrl":"https:\/\/www.zerdab.com\/wp-content\/uploads\/2024\/02\/mana-maas-pensiya.jpg","datePublished":"2024-02-14T06:35:33+00:00","dateModified":"2024-02-14T07:37:40+00:00","author":{"@id":"https:\/\/www.zerdab.com\/#\/schema\/person\/97079b7570c1e89ec0d9e138c3672136"},"breadcrumb":{"@id":"https:\/\/www.zerdab.com\/?p=30790#breadcrumb"},"inLanguage":"az","potentialAction":[{"@type":"ReadAction","target":["https:\/\/www.zerdab.com\/?p=30790"]}]},{"@type":"ImageObject","inLanguage":"az","@id":"https:\/\/www.zerdab.com\/?p=30790#primaryimage","url":"https:\/\/www.zerdab.com\/wp-content\/uploads\/2024\/02\/mana-maas-pensiya.jpg","contentUrl":"https:\/\/www.zerdab.com\/wp-content\/uploads\/2024\/02\/mana-maas-pensiya.jpg","width":637,"height":400,"caption":"mana-maas-pensiya"},{"@type":"BreadcrumbList","@id":"https:\/\/www.zerdab.com\/?p=30790#breadcrumb","itemListElement":[{"@type":"ListItem","position":1,"name":"Home","item":"https:\/\/www.zerdab.com\/"},{"@type":"ListItem","position":2,"name":"Az\u0259rbaycanda bu \u015f\u0259xsl\u0259rin pensiya ya\u015f\u0131 AZALDILDI"}]},{"@type":"WebSite","@id":"https:\/\/www.zerdab.com\/#website","url":"https:\/\/www.zerdab.com\/","name":"Z\u0259rdab.com","description":"","potentialAction":[{"@type":"SearchAction","target":{"@type":"EntryPoint","urlTemplate":"https:\/\/www.zerdab.com\/?s={search_term_string}"},"query-input":{"@type":"PropertyValueSpecification","valueRequired":true,"valueName":"search_term_string"}}],"inLanguage":"az"},{"@type":"Person","@id":"https:\/\/www.zerdab.com\/#\/schema\/person\/97079b7570c1e89ec0d9e138c3672136","name":"admin","image":{"@type":"ImageObject","inLanguage":"az","@id":"https:\/\/www.zerdab.com\/#\/schema\/person\/image\/","url":"https:\/\/secure.gravatar.com\/avatar\/d9c52a9a27c32119cb6679a077fa3e2779e5f822c451cbf01098004361d466ec?s=96&d=mm&r=g","contentUrl":"https:\/\/secure.gravatar.com\/avatar\/d9c52a9a27c32119cb6679a077fa3e2779e5f822c451cbf01098004361d466ec?s=96&d=mm&r=g","caption":"admin"},"url":"https:\/\/www.zerdab.com\/?author=1"}]}},"_links":{"self":[{"href":"https:\/\/www.zerdab.com\/index.php?rest_route=\/wp\/v2\/posts\/30790","targetHints":{"allow":["GET"]}}],"collection":[{"href":"https:\/\/www.zerdab.com\/index.php?rest_route=\/wp\/v2\/posts"}],"about":[{"href":"https:\/\/www.zerdab.com\/index.php?rest_route=\/wp\/v2\/types\/post"}],"author":[{"embeddable":true,"href":"https:\/\/www.zerdab.com\/index.php?rest_route=\/wp\/v2\/users\/1"}],"replies":[{"embeddable":true,"href":"https:\/\/www.zerdab.com\/index.php?rest_route=%2Fwp%2Fv2%2Fcomments&post=30790"}],"version-history":[{"count":1,"href":"https:\/\/www.zerdab.com\/index.php?rest_route=\/wp\/v2\/posts\/30790\/revisions"}],"predecessor-version":[{"id":30791,"href":"https:\/\/www.zerdab.com\/index.php?rest_route=\/wp\/v2\/posts\/30790\/revisions\/30791"}],"wp:featuredmedia":[{"embeddable":true,"href":"https:\/\/www.zerdab.com\/index.php?rest_route=\/wp\/v2\/media\/30771"}],"wp:attachment":[{"href":"https:\/\/www.zerdab.com\/index.php?rest_route=%2Fwp%2Fv2%2Fmedia&parent=30790"}],"wp:term":[{"taxonomy":"category","embeddable":true,"href":"https:\/\/www.zerdab.com\/index.php?rest_route=%2Fwp%2Fv2%2Fcategories&post=30790"},{"taxonomy":"post_tag","embeddable":true,"href":"https:\/\/www.zerdab.com\/index.php?rest_route=%2Fwp%2Fv2%2Ftags&post=30790"}],"curies":[{"name":"wp","href":"https:\/\/api.w.org\/{rel}","templated":true}]}}