{"id":30798,"date":"2024-02-15T14:21:31","date_gmt":"2024-02-15T10:21:31","guid":{"rendered":"https:\/\/www.zerdab.com\/?p=30798"},"modified":"2024-02-15T14:23:36","modified_gmt":"2024-02-15T10:23:36","slug":"prezident-s%c9%99hid-ail%c9%99l%c9%99ri-v%c9%99-muharib%c9%99-%c9%99lill%c9%99ri-il%c9%99-bagli-s%c9%99r%c9%99ncam-imzalayib","status":"publish","type":"post","link":"https:\/\/www.zerdab.com\/?p=30798","title":{"rendered":"Prezident \u015f\u0259hid ail\u0259l\u0259ri v\u0259 m\u00fcharib\u0259 \u0259lill\u0259ri il\u0259 ba\u011fl\u0131 s\u0259r\u0259ncam imzalay\u0131b"},"content":{"rendered":"<p><strong>Prezident \u0130lham \u018fliyev \u201cAz\u0259rbaycan Respublikas\u0131n\u0131n \u0259razi b\u00fct\u00f6vl\u00fcy\u00fcn\u00fcn, m\u00fcst\u0259qilliyinin v\u0259 konstitusiya qurulu\u015funun m\u00fcdafi\u0259si il\u0259 \u0259laq\u0259dar \u0259lilliyi m\u00fc\u0259yy\u0259n edilmi\u015f \u015f\u0259xsl\u0259rin v\u0259 \u015f\u0259hid ail\u0259l\u0259rinin sosial-m\u0259i\u015f\u0259t \u015f\u0259raitinin yax\u015f\u0131la\u015fd\u0131r\u0131lmas\u0131 il\u0259 ba\u011fl\u0131 bir s\u0131ra t\u0259dbirl\u0259r haqq\u0131nda\u201d S\u0259r\u0259ncam\u0131nda d\u0259yi\u015fiklik edilm\u0259si bar\u0259d\u0259 S\u0259r\u0259ncam imzalay\u0131b.<\/strong><\/p>\n<p><strong>Zerdab.com<\/strong>\u00a0sayt\u0131 x\u0259b\u0259r verir ki, S\u0259r\u0259ncama d\u0259yi\u015fiklikl\u0259 \u018fm\u0259k v\u0259 \u018fhalinin Sosial M\u00fcdafi\u0259si Nazirliyi yerli icra hakimiyy\u0259ti orqanlar\u0131nda ya\u015fay\u0131\u015f sah\u0259sin\u0259 ehtiyac\u0131 olan qismind\u0259 u\u00e7ota al\u0131nm\u0131\u015f v\u0259 2020\u20132023-c\u00fc ill\u0259rd\u0259 apar\u0131lan h\u0259rbi \u0259m\u0259liyyatlar zaman\u0131 Az\u0259rbaycan Respublikas\u0131n\u0131n \u0259razi b\u00fct\u00f6vl\u00fcy\u00fcn\u00fcn, m\u00fcst\u0259qilliyinin, konstitusiya qurulu\u015funun m\u00fcdafi\u0259si il\u0259 \u0259laq\u0259dar \u0259lilliyi m\u00fc\u0259yy\u0259n edilmi\u015f \u015f\u0259xsl\u0259r v\u0259 \u015f\u0259hid ail\u0259l\u0259rinin 2021\u20132025-ci ill\u0259r \u0259rzind\u0259 m\u0259rh\u0259l\u0259l\u0259rl\u0259 m\u0259nzil v\u0259 ya f\u0259rdi evl\u0259 t\u0259min edilm\u0259si \u00fc\u00e7\u00fcn Az\u0259rbaycan Respublikas\u0131n\u0131n Prezidenti il\u0259 raz\u0131la\u015fd\u0131rmaqla t\u0259dbirl\u0259r plan\u0131n\u0131 t\u0259sdiq edib h\u0259yata ke\u00e7ir\u0259c\u0259k.<\/p>\n<p><strong>\u018flill\u0259rin v\u0259 \u015f\u0259hid ail\u0259l\u0259rinin icbari \u015f\u0259xsi s\u0131\u011forta v\u0259saiti hesab\u0131na sosial m\u00fcdafi\u0259sinin maliyy\u0259l\u0259\u015fdirilm\u0259si m\u00fcdd\u0259ti uzad\u0131l\u0131b.<\/strong><\/p>\n<p>Prezident \u0130lham \u018fliyevin \u201cM\u00fcharib\u0259 il\u0259 \u0259laq\u0259dar \u0259lilliyi m\u00fc\u0259yy\u0259n edilmi\u015f \u015f\u0259xsl\u0259rin v\u0259 \u015f\u0259hid ail\u0259l\u0259rinin sosial m\u00fcdafi\u0259si v\u0259 sosial t\u0259minat\u0131 il\u0259 ba\u011fl\u0131 t\u0259dbirl\u0259rin d\u00f6vl\u0259t icbari \u015f\u0259xsi s\u0131\u011forta v\u0259saiti hesab\u0131na maliyy\u0259l\u0259\u015fdirilm\u0259si haqq\u0131nda\u201d S\u0259r\u0259ncamda etdiyi d\u0259yi\u015fiklikd\u0259 \u00f6z \u0259ksini tap\u0131b.<\/p>\n<p>D\u0259yi\u015fikliy\u0259 \u0259sas\u0259n, \u018fm\u0259k v\u0259 \u018fhalinin Sosial M\u00fcdafi\u0259si Nazirliyi m\u00fcharib\u0259 il\u0259 \u0259laq\u0259dar \u0259lilliyi m\u00fc\u0259yy\u0259n edilmi\u015f \u015f\u0259xsl\u0259rin v\u0259 \u015f\u0259hid ail\u0259l\u0259rinin sosial m\u00fcdafi\u0259si v\u0259 sosial t\u0259minat\u0131 il\u0259 ba\u011fl\u0131 t\u0259dbirl\u0259rin maliyy\u0259l\u0259\u015fdirilm\u0259sini \u0259lav\u0259 olaraq 2022-ci v\u0259 2025-ci ill\u0259rd\u0259 formala\u015fm\u0131\u015f d\u00f6vl\u0259t icbari \u015f\u0259xsi s\u0131\u011forta v\u0259saiti hesab\u0131na h\u0259yata ke\u00e7ir\u0259c\u0259k.<\/p>\n<p>Xat\u0131rladaq ki, indiy\u0259d\u0259k bu m\u00fcdd\u0259t 2022-ci v\u0259 2023-c\u00fc ill\u0259ri \u0259hat\u0259 edirdi.<\/p>\n<p><strong>Az\u0259rbaycanda h\u0259rb\u00e7il\u0259rin pensiya ya\u015f\u0131 art\u0131r\u0131l\u0131b.<\/strong><\/p>\n<p>Prezident \u0130lham \u018fliyev bununla ba\u011fl\u0131 \u201cH\u0259rbi qulluq\u00e7ular\u0131n statusu haqq\u0131nda\u201d, \u201cH\u0259rbi xidm\u0259tke\u00e7m\u0259 haqq\u0131nda\u201d \u018fsasnam\u0259\u201dnin t\u0259sdiq edilm\u0259si bar\u0259d\u0259, \u201c\u018fm\u0259k pensiyalar\u0131 haqq\u0131nda\u201d v\u0259 \u201cH\u0259rbi v\u0259zif\u0259 v\u0259 h\u0259rbi xidm\u0259t haqq\u0131nda\u201d qanunlarda d\u0259yi\u015fiklik edilm\u0259si bar\u0259d\u0259 qanunu imzalay\u0131b.<\/p>\n<p>Qanunlara edilmi\u015f d\u0259yi\u015fiklikl\u0259 haz\u0131rlanmas\u0131na d\u00f6vl\u0259t t\u0259r\u0259find\u0259n zaman v\u0259 resurs s\u0259rf edilmi\u015f h\u0259rbi qulluq\u00e7ular\u0131n formala\u015fm\u0131\u015f t\u0259cr\u00fcb\u0259sind\u0259n daha uzun m\u00fcdd\u0259t istifad\u0259 etm\u0259k m\u0259qs\u0259dil\u0259 h\u0259rbi qulluq\u00e7u kimi pensiyaya \u00e7\u0131xmaq \u00fc\u00e7\u00fcn minimum xidm\u0259tke\u00e7m\u0259 t\u0259l\u0259bi 20 t\u0259qvim ilind\u0259n 25 t\u0259qvim ilin\u0259 \u00e7atd\u0131r\u0131l\u0131b.<\/p>\n","protected":false},"excerpt":{"rendered":"<p>Prezident \u0130lham \u018fliyev \u201cAz\u0259rbaycan Respublikas\u0131n\u0131n \u0259razi b\u00fct\u00f6vl\u00fcy\u00fcn\u00fcn, m\u00fcst\u0259qilliyinin v\u0259 konstitusiya qurulu\u015funun m\u00fcdafi\u0259si il\u0259 \u0259laq\u0259dar \u0259lilliyi m\u00fc\u0259yy\u0259n edilmi\u015f \u015f\u0259xsl\u0259rin v\u0259 \u015f\u0259hid ail\u0259l\u0259rinin sosial-m\u0259i\u015f\u0259t \u015f\u0259raitinin yax\u015f\u0131la\u015fd\u0131r\u0131lmas\u0131 il\u0259 ba\u011fl\u0131 bir s\u0131ra t\u0259dbirl\u0259r haqq\u0131nda\u201d S\u0259r\u0259ncam\u0131nda d\u0259yi\u015fiklik edilm\u0259si bar\u0259d\u0259 S\u0259r\u0259ncam imzalay\u0131b. Zerdab.com\u00a0sayt\u0131 x\u0259b\u0259r verir ki, S\u0259r\u0259ncama d\u0259yi\u015fiklikl\u0259 \u018fm\u0259k v\u0259 \u018fhalinin Sosial M\u00fcdafi\u0259si Nazirliyi yerli icra hakimiyy\u0259ti orqanlar\u0131nda ya\u015fay\u0131\u015f sah\u0259sin\u0259 ehtiyac\u0131 [&hellip;]<\/p>\n","protected":false},"author":1,"featured_media":26772,"comment_status":"closed","ping_status":"closed","sticky":false,"template":"","format":"standard","meta":{"footnotes":""},"categories":[63,5],"tags":[],"class_list":{"0":"post-30798","1":"post","2":"type-post","3":"status-publish","4":"format-standard","5":"has-post-thumbnail","7":"category-manset","8":"category-knd"},"yoast_head":"<!-- This site is optimized with the Yoast SEO plugin v27.0 - https:\/\/yoast.com\/product\/yoast-seo-wordpress\/ -->\n<title>Prezident \u015f\u0259hid ail\u0259l\u0259ri v\u0259 m\u00fcharib\u0259 \u0259lill\u0259ri il\u0259 ba\u011fl\u0131 s\u0259r\u0259ncam imzalay\u0131b - Z\u0259rdab.com<\/title>\n<meta name=\"robots\" content=\"index, follow, max-snippet:-1, max-image-preview:large, max-video-preview:-1\" \/>\n<link rel=\"canonical\" href=\"https:\/\/www.zerdab.com\/?p=30798\" \/>\n<meta property=\"og:locale\" content=\"az_AZ\" \/>\n<meta property=\"og:type\" content=\"article\" \/>\n<meta property=\"og:title\" content=\"Prezident \u015f\u0259hid ail\u0259l\u0259ri v\u0259 m\u00fcharib\u0259 \u0259lill\u0259ri il\u0259 ba\u011fl\u0131 s\u0259r\u0259ncam imzalay\u0131b - Z\u0259rdab.com\" \/>\n<meta property=\"og:description\" content=\"Prezident \u0130lham \u018fliyev \u201cAz\u0259rbaycan Respublikas\u0131n\u0131n \u0259razi b\u00fct\u00f6vl\u00fcy\u00fcn\u00fcn, m\u00fcst\u0259qilliyinin v\u0259 konstitusiya qurulu\u015funun m\u00fcdafi\u0259si il\u0259 \u0259laq\u0259dar \u0259lilliyi m\u00fc\u0259yy\u0259n edilmi\u015f \u015f\u0259xsl\u0259rin v\u0259 \u015f\u0259hid ail\u0259l\u0259rinin sosial-m\u0259i\u015f\u0259t \u015f\u0259raitinin yax\u015f\u0131la\u015fd\u0131r\u0131lmas\u0131 il\u0259 ba\u011fl\u0131 bir s\u0131ra t\u0259dbirl\u0259r haqq\u0131nda\u201d S\u0259r\u0259ncam\u0131nda d\u0259yi\u015fiklik edilm\u0259si bar\u0259d\u0259 S\u0259r\u0259ncam imzalay\u0131b. Zerdab.com\u00a0sayt\u0131 x\u0259b\u0259r verir ki, S\u0259r\u0259ncama d\u0259yi\u015fiklikl\u0259 \u018fm\u0259k v\u0259 \u018fhalinin Sosial M\u00fcdafi\u0259si Nazirliyi yerli icra hakimiyy\u0259ti orqanlar\u0131nda ya\u015fay\u0131\u015f sah\u0259sin\u0259 ehtiyac\u0131 [&hellip;]\" \/>\n<meta property=\"og:url\" content=\"https:\/\/www.zerdab.com\/?p=30798\" \/>\n<meta property=\"og:site_name\" content=\"Z\u0259rdab.com\" \/>\n<meta property=\"article:published_time\" content=\"2024-02-15T10:21:31+00:00\" \/>\n<meta property=\"article:modified_time\" content=\"2024-02-15T10:23:36+00:00\" \/>\n<meta property=\"og:image\" content=\"http:\/\/www.zerdab.com\/wp-content\/uploads\/2019\/04\/prezident-serencam-ilham-eliyev-ferman.jpg\" \/>\n\t<meta property=\"og:image:width\" content=\"1276\" \/>\n\t<meta property=\"og:image:height\" content=\"748\" \/>\n\t<meta property=\"og:image:type\" content=\"image\/jpeg\" \/>\n<meta name=\"author\" content=\"admin\" \/>\n<meta name=\"twitter:card\" content=\"summary_large_image\" \/>\n<meta name=\"twitter:label1\" content=\"Written by\" \/>\n\t<meta name=\"twitter:data1\" content=\"admin\" \/>\n\t<meta name=\"twitter:label2\" content=\"Est. reading time\" \/>\n\t<meta name=\"twitter:data2\" content=\"2 minutes\" \/>\n<script type=\"application\/ld+json\" class=\"yoast-schema-graph\">{\"@context\":\"https:\/\/schema.org\",\"@graph\":[{\"@type\":\"Article\",\"@id\":\"https:\/\/www.zerdab.com\/?p=30798#article\",\"isPartOf\":{\"@id\":\"https:\/\/www.zerdab.com\/?p=30798\"},\"author\":{\"name\":\"admin\",\"@id\":\"https:\/\/www.zerdab.com\/#\/schema\/person\/97079b7570c1e89ec0d9e138c3672136\"},\"headline\":\"Prezident \u015f\u0259hid ail\u0259l\u0259ri v\u0259 m\u00fcharib\u0259 \u0259lill\u0259ri il\u0259 ba\u011fl\u0131 s\u0259r\u0259ncam imzalay\u0131b\",\"datePublished\":\"2024-02-15T10:21:31+00:00\",\"dateModified\":\"2024-02-15T10:23:36+00:00\",\"mainEntityOfPage\":{\"@id\":\"https:\/\/www.zerdab.com\/?p=30798\"},\"wordCount\":549,\"image\":{\"@id\":\"https:\/\/www.zerdab.com\/?p=30798#primaryimage\"},\"thumbnailUrl\":\"https:\/\/www.zerdab.com\/wp-content\/uploads\/2019\/04\/prezident-serencam-ilham-eliyev-ferman.jpg\",\"articleSection\":[\"MAN\u015eET\",\"X\u018fB\u018fRL\u018fR\"],\"inLanguage\":\"az\"},{\"@type\":\"WebPage\",\"@id\":\"https:\/\/www.zerdab.com\/?p=30798\",\"url\":\"https:\/\/www.zerdab.com\/?p=30798\",\"name\":\"Prezident \u015f\u0259hid ail\u0259l\u0259ri v\u0259 m\u00fcharib\u0259 \u0259lill\u0259ri il\u0259 ba\u011fl\u0131 s\u0259r\u0259ncam imzalay\u0131b - Z\u0259rdab.com\",\"isPartOf\":{\"@id\":\"https:\/\/www.zerdab.com\/#website\"},\"primaryImageOfPage\":{\"@id\":\"https:\/\/www.zerdab.com\/?p=30798#primaryimage\"},\"image\":{\"@id\":\"https:\/\/www.zerdab.com\/?p=30798#primaryimage\"},\"thumbnailUrl\":\"https:\/\/www.zerdab.com\/wp-content\/uploads\/2019\/04\/prezident-serencam-ilham-eliyev-ferman.jpg\",\"datePublished\":\"2024-02-15T10:21:31+00:00\",\"dateModified\":\"2024-02-15T10:23:36+00:00\",\"author\":{\"@id\":\"https:\/\/www.zerdab.com\/#\/schema\/person\/97079b7570c1e89ec0d9e138c3672136\"},\"breadcrumb\":{\"@id\":\"https:\/\/www.zerdab.com\/?p=30798#breadcrumb\"},\"inLanguage\":\"az\",\"potentialAction\":[{\"@type\":\"ReadAction\",\"target\":[\"https:\/\/www.zerdab.com\/?p=30798\"]}]},{\"@type\":\"ImageObject\",\"inLanguage\":\"az\",\"@id\":\"https:\/\/www.zerdab.com\/?p=30798#primaryimage\",\"url\":\"https:\/\/www.zerdab.com\/wp-content\/uploads\/2019\/04\/prezident-serencam-ilham-eliyev-ferman.jpg\",\"contentUrl\":\"https:\/\/www.zerdab.com\/wp-content\/uploads\/2019\/04\/prezident-serencam-ilham-eliyev-ferman.jpg\",\"width\":1276,\"height\":748,\"caption\":\"prezident-serencam-ilham-eliyev-ferman\"},{\"@type\":\"BreadcrumbList\",\"@id\":\"https:\/\/www.zerdab.com\/?p=30798#breadcrumb\",\"itemListElement\":[{\"@type\":\"ListItem\",\"position\":1,\"name\":\"Home\",\"item\":\"https:\/\/www.zerdab.com\/\"},{\"@type\":\"ListItem\",\"position\":2,\"name\":\"Prezident \u015f\u0259hid ail\u0259l\u0259ri v\u0259 m\u00fcharib\u0259 \u0259lill\u0259ri il\u0259 ba\u011fl\u0131 s\u0259r\u0259ncam imzalay\u0131b\"}]},{\"@type\":\"WebSite\",\"@id\":\"https:\/\/www.zerdab.com\/#website\",\"url\":\"https:\/\/www.zerdab.com\/\",\"name\":\"Z\u0259rdab.com\",\"description\":\"\",\"potentialAction\":[{\"@type\":\"SearchAction\",\"target\":{\"@type\":\"EntryPoint\",\"urlTemplate\":\"https:\/\/www.zerdab.com\/?s={search_term_string}\"},\"query-input\":{\"@type\":\"PropertyValueSpecification\",\"valueRequired\":true,\"valueName\":\"search_term_string\"}}],\"inLanguage\":\"az\"},{\"@type\":\"Person\",\"@id\":\"https:\/\/www.zerdab.com\/#\/schema\/person\/97079b7570c1e89ec0d9e138c3672136\",\"name\":\"admin\",\"image\":{\"@type\":\"ImageObject\",\"inLanguage\":\"az\",\"@id\":\"https:\/\/www.zerdab.com\/#\/schema\/person\/image\/\",\"url\":\"https:\/\/secure.gravatar.com\/avatar\/d9c52a9a27c32119cb6679a077fa3e2779e5f822c451cbf01098004361d466ec?s=96&d=mm&r=g\",\"contentUrl\":\"https:\/\/secure.gravatar.com\/avatar\/d9c52a9a27c32119cb6679a077fa3e2779e5f822c451cbf01098004361d466ec?s=96&d=mm&r=g\",\"caption\":\"admin\"},\"url\":\"https:\/\/www.zerdab.com\/?author=1\"}]}<\/script>\n<!-- \/ Yoast SEO plugin. -->","yoast_head_json":{"title":"Prezident \u015f\u0259hid ail\u0259l\u0259ri v\u0259 m\u00fcharib\u0259 \u0259lill\u0259ri il\u0259 ba\u011fl\u0131 s\u0259r\u0259ncam imzalay\u0131b - Z\u0259rdab.com","robots":{"index":"index","follow":"follow","max-snippet":"max-snippet:-1","max-image-preview":"max-image-preview:large","max-video-preview":"max-video-preview:-1"},"canonical":"https:\/\/www.zerdab.com\/?p=30798","og_locale":"az_AZ","og_type":"article","og_title":"Prezident \u015f\u0259hid ail\u0259l\u0259ri v\u0259 m\u00fcharib\u0259 \u0259lill\u0259ri il\u0259 ba\u011fl\u0131 s\u0259r\u0259ncam imzalay\u0131b - Z\u0259rdab.com","og_description":"Prezident \u0130lham \u018fliyev \u201cAz\u0259rbaycan Respublikas\u0131n\u0131n \u0259razi b\u00fct\u00f6vl\u00fcy\u00fcn\u00fcn, m\u00fcst\u0259qilliyinin v\u0259 konstitusiya qurulu\u015funun m\u00fcdafi\u0259si il\u0259 \u0259laq\u0259dar \u0259lilliyi m\u00fc\u0259yy\u0259n edilmi\u015f \u015f\u0259xsl\u0259rin v\u0259 \u015f\u0259hid ail\u0259l\u0259rinin sosial-m\u0259i\u015f\u0259t \u015f\u0259raitinin yax\u015f\u0131la\u015fd\u0131r\u0131lmas\u0131 il\u0259 ba\u011fl\u0131 bir s\u0131ra t\u0259dbirl\u0259r haqq\u0131nda\u201d S\u0259r\u0259ncam\u0131nda d\u0259yi\u015fiklik edilm\u0259si bar\u0259d\u0259 S\u0259r\u0259ncam imzalay\u0131b. Zerdab.com\u00a0sayt\u0131 x\u0259b\u0259r verir ki, S\u0259r\u0259ncama d\u0259yi\u015fiklikl\u0259 \u018fm\u0259k v\u0259 \u018fhalinin Sosial M\u00fcdafi\u0259si Nazirliyi yerli icra hakimiyy\u0259ti orqanlar\u0131nda ya\u015fay\u0131\u015f sah\u0259sin\u0259 ehtiyac\u0131 [&hellip;]","og_url":"https:\/\/www.zerdab.com\/?p=30798","og_site_name":"Z\u0259rdab.com","article_published_time":"2024-02-15T10:21:31+00:00","article_modified_time":"2024-02-15T10:23:36+00:00","og_image":[{"width":1276,"height":748,"url":"http:\/\/www.zerdab.com\/wp-content\/uploads\/2019\/04\/prezident-serencam-ilham-eliyev-ferman.jpg","type":"image\/jpeg"}],"author":"admin","twitter_card":"summary_large_image","twitter_misc":{"Written by":"admin","Est. reading time":"2 minutes"},"schema":{"@context":"https:\/\/schema.org","@graph":[{"@type":"Article","@id":"https:\/\/www.zerdab.com\/?p=30798#article","isPartOf":{"@id":"https:\/\/www.zerdab.com\/?p=30798"},"author":{"name":"admin","@id":"https:\/\/www.zerdab.com\/#\/schema\/person\/97079b7570c1e89ec0d9e138c3672136"},"headline":"Prezident \u015f\u0259hid ail\u0259l\u0259ri v\u0259 m\u00fcharib\u0259 \u0259lill\u0259ri il\u0259 ba\u011fl\u0131 s\u0259r\u0259ncam imzalay\u0131b","datePublished":"2024-02-15T10:21:31+00:00","dateModified":"2024-02-15T10:23:36+00:00","mainEntityOfPage":{"@id":"https:\/\/www.zerdab.com\/?p=30798"},"wordCount":549,"image":{"@id":"https:\/\/www.zerdab.com\/?p=30798#primaryimage"},"thumbnailUrl":"https:\/\/www.zerdab.com\/wp-content\/uploads\/2019\/04\/prezident-serencam-ilham-eliyev-ferman.jpg","articleSection":["MAN\u015eET","X\u018fB\u018fRL\u018fR"],"inLanguage":"az"},{"@type":"WebPage","@id":"https:\/\/www.zerdab.com\/?p=30798","url":"https:\/\/www.zerdab.com\/?p=30798","name":"Prezident \u015f\u0259hid ail\u0259l\u0259ri v\u0259 m\u00fcharib\u0259 \u0259lill\u0259ri il\u0259 ba\u011fl\u0131 s\u0259r\u0259ncam imzalay\u0131b - Z\u0259rdab.com","isPartOf":{"@id":"https:\/\/www.zerdab.com\/#website"},"primaryImageOfPage":{"@id":"https:\/\/www.zerdab.com\/?p=30798#primaryimage"},"image":{"@id":"https:\/\/www.zerdab.com\/?p=30798#primaryimage"},"thumbnailUrl":"https:\/\/www.zerdab.com\/wp-content\/uploads\/2019\/04\/prezident-serencam-ilham-eliyev-ferman.jpg","datePublished":"2024-02-15T10:21:31+00:00","dateModified":"2024-02-15T10:23:36+00:00","author":{"@id":"https:\/\/www.zerdab.com\/#\/schema\/person\/97079b7570c1e89ec0d9e138c3672136"},"breadcrumb":{"@id":"https:\/\/www.zerdab.com\/?p=30798#breadcrumb"},"inLanguage":"az","potentialAction":[{"@type":"ReadAction","target":["https:\/\/www.zerdab.com\/?p=30798"]}]},{"@type":"ImageObject","inLanguage":"az","@id":"https:\/\/www.zerdab.com\/?p=30798#primaryimage","url":"https:\/\/www.zerdab.com\/wp-content\/uploads\/2019\/04\/prezident-serencam-ilham-eliyev-ferman.jpg","contentUrl":"https:\/\/www.zerdab.com\/wp-content\/uploads\/2019\/04\/prezident-serencam-ilham-eliyev-ferman.jpg","width":1276,"height":748,"caption":"prezident-serencam-ilham-eliyev-ferman"},{"@type":"BreadcrumbList","@id":"https:\/\/www.zerdab.com\/?p=30798#breadcrumb","itemListElement":[{"@type":"ListItem","position":1,"name":"Home","item":"https:\/\/www.zerdab.com\/"},{"@type":"ListItem","position":2,"name":"Prezident \u015f\u0259hid ail\u0259l\u0259ri v\u0259 m\u00fcharib\u0259 \u0259lill\u0259ri il\u0259 ba\u011fl\u0131 s\u0259r\u0259ncam imzalay\u0131b"}]},{"@type":"WebSite","@id":"https:\/\/www.zerdab.com\/#website","url":"https:\/\/www.zerdab.com\/","name":"Z\u0259rdab.com","description":"","potentialAction":[{"@type":"SearchAction","target":{"@type":"EntryPoint","urlTemplate":"https:\/\/www.zerdab.com\/?s={search_term_string}"},"query-input":{"@type":"PropertyValueSpecification","valueRequired":true,"valueName":"search_term_string"}}],"inLanguage":"az"},{"@type":"Person","@id":"https:\/\/www.zerdab.com\/#\/schema\/person\/97079b7570c1e89ec0d9e138c3672136","name":"admin","image":{"@type":"ImageObject","inLanguage":"az","@id":"https:\/\/www.zerdab.com\/#\/schema\/person\/image\/","url":"https:\/\/secure.gravatar.com\/avatar\/d9c52a9a27c32119cb6679a077fa3e2779e5f822c451cbf01098004361d466ec?s=96&d=mm&r=g","contentUrl":"https:\/\/secure.gravatar.com\/avatar\/d9c52a9a27c32119cb6679a077fa3e2779e5f822c451cbf01098004361d466ec?s=96&d=mm&r=g","caption":"admin"},"url":"https:\/\/www.zerdab.com\/?author=1"}]}},"_links":{"self":[{"href":"https:\/\/www.zerdab.com\/index.php?rest_route=\/wp\/v2\/posts\/30798","targetHints":{"allow":["GET"]}}],"collection":[{"href":"https:\/\/www.zerdab.com\/index.php?rest_route=\/wp\/v2\/posts"}],"about":[{"href":"https:\/\/www.zerdab.com\/index.php?rest_route=\/wp\/v2\/types\/post"}],"author":[{"embeddable":true,"href":"https:\/\/www.zerdab.com\/index.php?rest_route=\/wp\/v2\/users\/1"}],"replies":[{"embeddable":true,"href":"https:\/\/www.zerdab.com\/index.php?rest_route=%2Fwp%2Fv2%2Fcomments&post=30798"}],"version-history":[{"count":1,"href":"https:\/\/www.zerdab.com\/index.php?rest_route=\/wp\/v2\/posts\/30798\/revisions"}],"predecessor-version":[{"id":30799,"href":"https:\/\/www.zerdab.com\/index.php?rest_route=\/wp\/v2\/posts\/30798\/revisions\/30799"}],"wp:featuredmedia":[{"embeddable":true,"href":"https:\/\/www.zerdab.com\/index.php?rest_route=\/wp\/v2\/media\/26772"}],"wp:attachment":[{"href":"https:\/\/www.zerdab.com\/index.php?rest_route=%2Fwp%2Fv2%2Fmedia&parent=30798"}],"wp:term":[{"taxonomy":"category","embeddable":true,"href":"https:\/\/www.zerdab.com\/index.php?rest_route=%2Fwp%2Fv2%2Fcategories&post=30798"},{"taxonomy":"post_tag","embeddable":true,"href":"https:\/\/www.zerdab.com\/index.php?rest_route=%2Fwp%2Fv2%2Ftags&post=30798"}],"curies":[{"name":"wp","href":"https:\/\/api.w.org\/{rel}","templated":true}]}}