{"id":30811,"date":"2024-02-20T19:28:51","date_gmt":"2024-02-20T15:28:51","guid":{"rendered":"https:\/\/www.zerdab.com\/?p=30811"},"modified":"2024-05-14T13:00:43","modified_gmt":"2024-05-14T09:00:43","slug":"h%c9%99myerlimiz-ictimai-f%c9%99al-ramil-mehdiyev-t%c9%99ltif-olunub-fotolar","status":"publish","type":"post","link":"https:\/\/www.zerdab.com\/?p=30811","title":{"rendered":"H\u0259myerlimiz, ictimai f\u0259al Ramil Mehdiyev t\u0259ltif olunub &#8211; FOTOLAR"},"content":{"rendered":"<div class=\"xdj266r x11i5rnm xat24cr x1mh8g0r x1vvkbs x126k92a\">\n<div dir=\"auto\">H\u0259myerlimiz, ictimai f\u0259al Ramil Mehdiyev Yeni Az\u0259rbaycan Partiyas\u0131 Nizami rayon t\u0259\u015fkilat\u0131 t\u0259r\u0259find\u0259n t\u0259ltif olunub. <a class=\"x1i10hfl xjbqb8w x1ejq31n xd10rxx x1sy0etr x17r0tee x972fbf xcfux6l x1qhh985 xm0m39n x9f619 x1ypdohk xt0psk2 xe8uvvx xdj266r x11i5rnm xat24cr x1mh8g0r xexx8yu x4uap5 x18d9i69 xkhd6sd x16tdsg8 x1hl2dhg xggy1nq x1a2a7pz xt0b8zv x1fey0fg\" tabindex=\"0\" role=\"link\" href=\"https:\/\/l.facebook.com\/l.php?u=http%3A%2F%2FZerdab.com%2F%3Ffbclid%3DIwAR1cctKp78W12X27CnVvFLo4aJnmbwCavdNztmVUXQvYih55vErQeeU7TmM&amp;h=AT2hJoboLb0QxLAc8jkR7T7Sz37nAUe06yZJH47K9fQqejthn2Dd4pubfEzsgZuCbhiCmef9h9QYB1GRRiM7yBstq03q_Vi6BalUU_FEuyqS_lrsv0VGCEohSUDGwlevXQ&amp;__tn__=-UK-R&amp;c[0]=AT1GrYZ31tvtPNoCA6-3B4Fdh9glDEIaGvI2xDpuBxhjJ5pd-CeyHOSm_0v-VuDHR78_gPONL9dzrB9jFGGMkR9968TAa587yNgSvbHSprFCLYpzU9B2YT7OETHmqkiLTjuL7maLYffYLms6ww1pLbglDB6F4Q\" target=\"_blank\" rel=\"nofollow noopener noreferrer\">Zerdab.com<\/a> sayt\u0131 x\u0259b\u0259r verir ki, Ramil Mehdiyev bu t\u0259ltif\u0259 7 fevral tarixind\u0259 ke\u00e7iril\u0259n n\u00f6vb\u0259d\u0259nk\u0259nar Prezident se\u00e7kil\u0259rind\u0259 Yeni Az\u0259rbaycan Partiyas\u0131 Nizami rayon t\u0259\u015fkilat\u0131n\u0131n t\u0259bli\u011fat-t\u0259\u015fviqat qrupunun \u00fczv\u00fc olaraq layiq g\u00f6r\u00fcl\u00fcb.<\/div>\n<div dir=\"auto\"><\/div>\n<\/div>\n<div class=\"x11i5rnm xat24cr x1mh8g0r x1vvkbs xtlvy1s x126k92a\">\n<div dir=\"auto\">Qeyd olunub ki, Ramil Mehdiyev 2024-c\u00fc il fevral\u0131n 7-d\u0259 ke\u00e7irilmi\u015f Prezident se\u00e7kil\u0259rind\u0259 Yeni Az\u0259rbaycan Partiyas\u0131 Nizami rayon t\u0259\u015fkilat\u0131n\u0131n t\u0259bli\u011fat-t\u0259\u015fviqat qrupunun \u00fczv\u00fc kimi se\u00e7icil\u0259rl\u0259 i\u015fin t\u0259\u015fkilind\u0259 m\u00fch\u00fcm aktivlik n\u00fcmayi\u015f etdirib, y\u00fcks\u0259k v\u0259t\u0259nda\u015fl\u0131q, v\u0259t\u0259np\u0259rv\u0259rlik n\u00fcmun\u0259si, f\u0259dakarl\u0131q g\u00f6st\u0259rib.<\/div>\n<div dir=\"auto\">T\u0259ltifnam\u0259 h\u0259myerlimiz\u0259 YAP Nizami rayon t\u0259\u015fkilat\u0131nda ke\u00e7iril\u0259n t\u0259dbird\u0259 t\u0259qdim olunub.<\/div>\n<div dir=\"auto\">\u201cYeni Az\u0259rbaycan Partiyas\u0131 Nizami rayon t\u0259\u015fkilat\u0131n\u0131n s\u0259dri Ramil V\u0259lib\u0259yova g\u00f6st\u0259rdiyi diqq\u0259t \u00fc\u00e7\u00fcn t\u0259\u015f\u0259kk\u00fcr edir, M\u00fcz\u0259ff\u0259r Ali Ba\u015f Komandan c\u0259nab \u0130lham \u018fliyevin t\u0259bli\u011fat kampaniyas\u0131nda i\u015ftirak\u0131mdan b\u00f6y\u00fck q\u00fcrur hissi duyuram\u201d,-dey\u0259 Ramil Mehdiyev vur\u011fulay\u0131b.<\/div>\n<div dir=\"auto\">H\u0259myerlimizi t\u0259brik edir, u\u011furlar\u0131n\u0131n davaml\u0131 olmas\u0131n\u0131 dil\u0259yirik.<\/div>\n<\/div>\n<div dir=\"auto\"><\/div>\n<div dir=\"auto\"><img loading=\"lazy\" decoding=\"async\" class=\"alignleft size-full wp-image-30814\" src=\"http:\/\/www.zerdab.com\/wp-content\/uploads\/2024\/02\/ramil-mehdiyev1.jpg\" alt=\"ramil-mehdiyev1\" width=\"1600\" height=\"1184\" srcset=\"https:\/\/www.zerdab.com\/wp-content\/uploads\/2024\/02\/ramil-mehdiyev1.jpg 1600w, https:\/\/www.zerdab.com\/wp-content\/uploads\/2024\/02\/ramil-mehdiyev1-400x296.jpg 400w, https:\/\/www.zerdab.com\/wp-content\/uploads\/2024\/02\/ramil-mehdiyev1-550x407.jpg 550w, https:\/\/www.zerdab.com\/wp-content\/uploads\/2024\/02\/ramil-mehdiyev1-768x568.jpg 768w, https:\/\/www.zerdab.com\/wp-content\/uploads\/2024\/02\/ramil-mehdiyev1-1536x1137.jpg 1536w, https:\/\/www.zerdab.com\/wp-content\/uploads\/2024\/02\/ramil-mehdiyev1-696x515.jpg 696w, https:\/\/www.zerdab.com\/wp-content\/uploads\/2024\/02\/ramil-mehdiyev1-1068x790.jpg 1068w, https:\/\/www.zerdab.com\/wp-content\/uploads\/2024\/02\/ramil-mehdiyev1-568x420.jpg 568w, https:\/\/www.zerdab.com\/wp-content\/uploads\/2024\/02\/ramil-mehdiyev1-80x60.jpg 80w\" sizes=\"auto, (max-width: 1600px) 100vw, 1600px\" \/><\/div>\n","protected":false},"excerpt":{"rendered":"<p>H\u0259myerlimiz, ictimai f\u0259al Ramil Mehdiyev Yeni Az\u0259rbaycan Partiyas\u0131 Nizami rayon t\u0259\u015fkilat\u0131 t\u0259r\u0259find\u0259n t\u0259ltif olunub. Zerdab.com sayt\u0131 x\u0259b\u0259r verir ki, Ramil Mehdiyev bu t\u0259ltif\u0259 7 fevral tarixind\u0259 ke\u00e7iril\u0259n n\u00f6vb\u0259d\u0259nk\u0259nar Prezident se\u00e7kil\u0259rind\u0259 Yeni Az\u0259rbaycan Partiyas\u0131 Nizami rayon t\u0259\u015fkilat\u0131n\u0131n t\u0259bli\u011fat-t\u0259\u015fviqat qrupunun \u00fczv\u00fc olaraq layiq g\u00f6r\u00fcl\u00fcb. Qeyd olunub ki, Ramil Mehdiyev 2024-c\u00fc il fevral\u0131n 7-d\u0259 ke\u00e7irilmi\u015f Prezident se\u00e7kil\u0259rind\u0259 Yeni [&hellip;]<\/p>\n","protected":false},"author":1,"featured_media":30812,"comment_status":"closed","ping_status":"closed","sticky":false,"template":"","format":"standard","meta":{"footnotes":""},"categories":[63,5],"tags":[],"class_list":{"0":"post-30811","1":"post","2":"type-post","3":"status-publish","4":"format-standard","5":"has-post-thumbnail","7":"category-manset","8":"category-knd"},"yoast_head":"<!-- This site is optimized with the Yoast SEO plugin v27.0 - https:\/\/yoast.com\/product\/yoast-seo-wordpress\/ -->\n<title>H\u0259myerlimiz, ictimai f\u0259al Ramil Mehdiyev t\u0259ltif olunub - FOTOLAR - Z\u0259rdab.com<\/title>\n<meta name=\"robots\" content=\"index, follow, max-snippet:-1, max-image-preview:large, max-video-preview:-1\" \/>\n<link rel=\"canonical\" href=\"https:\/\/www.zerdab.com\/?p=30811\" \/>\n<meta property=\"og:locale\" content=\"az_AZ\" \/>\n<meta property=\"og:type\" content=\"article\" \/>\n<meta property=\"og:title\" content=\"H\u0259myerlimiz, ictimai f\u0259al Ramil Mehdiyev t\u0259ltif olunub - FOTOLAR - Z\u0259rdab.com\" \/>\n<meta property=\"og:description\" content=\"H\u0259myerlimiz, ictimai f\u0259al Ramil Mehdiyev Yeni Az\u0259rbaycan Partiyas\u0131 Nizami rayon t\u0259\u015fkilat\u0131 t\u0259r\u0259find\u0259n t\u0259ltif olunub. Zerdab.com sayt\u0131 x\u0259b\u0259r verir ki, Ramil Mehdiyev bu t\u0259ltif\u0259 7 fevral tarixind\u0259 ke\u00e7iril\u0259n n\u00f6vb\u0259d\u0259nk\u0259nar Prezident se\u00e7kil\u0259rind\u0259 Yeni Az\u0259rbaycan Partiyas\u0131 Nizami rayon t\u0259\u015fkilat\u0131n\u0131n t\u0259bli\u011fat-t\u0259\u015fviqat qrupunun \u00fczv\u00fc olaraq layiq g\u00f6r\u00fcl\u00fcb. Qeyd olunub ki, Ramil Mehdiyev 2024-c\u00fc il fevral\u0131n 7-d\u0259 ke\u00e7irilmi\u015f Prezident se\u00e7kil\u0259rind\u0259 Yeni [&hellip;]\" \/>\n<meta property=\"og:url\" content=\"https:\/\/www.zerdab.com\/?p=30811\" \/>\n<meta property=\"og:site_name\" content=\"Z\u0259rdab.com\" \/>\n<meta property=\"article:published_time\" content=\"2024-02-20T15:28:51+00:00\" \/>\n<meta property=\"article:modified_time\" content=\"2024-05-14T09:00:43+00:00\" \/>\n<meta property=\"og:image\" content=\"http:\/\/www.zerdab.com\/wp-content\/uploads\/2024\/02\/ramil-mehdiyev2.jpg\" \/>\n\t<meta property=\"og:image:width\" content=\"1140\" \/>\n\t<meta property=\"og:image:height\" content=\"728\" \/>\n\t<meta property=\"og:image:type\" content=\"image\/jpeg\" \/>\n<meta name=\"author\" content=\"admin\" \/>\n<meta name=\"twitter:card\" content=\"summary_large_image\" \/>\n<meta name=\"twitter:label1\" content=\"Written by\" \/>\n\t<meta name=\"twitter:data1\" content=\"admin\" \/>\n\t<meta name=\"twitter:label2\" content=\"Est. reading time\" \/>\n\t<meta name=\"twitter:data2\" content=\"1 minute\" \/>\n<script type=\"application\/ld+json\" class=\"yoast-schema-graph\">{\"@context\":\"https:\/\/schema.org\",\"@graph\":[{\"@type\":\"Article\",\"@id\":\"https:\/\/www.zerdab.com\/?p=30811#article\",\"isPartOf\":{\"@id\":\"https:\/\/www.zerdab.com\/?p=30811\"},\"author\":{\"name\":\"admin\",\"@id\":\"https:\/\/www.zerdab.com\/#\/schema\/person\/97079b7570c1e89ec0d9e138c3672136\"},\"headline\":\"H\u0259myerlimiz, ictimai f\u0259al Ramil Mehdiyev t\u0259ltif olunub &#8211; FOTOLAR\",\"datePublished\":\"2024-02-20T15:28:51+00:00\",\"dateModified\":\"2024-05-14T09:00:43+00:00\",\"mainEntityOfPage\":{\"@id\":\"https:\/\/www.zerdab.com\/?p=30811\"},\"wordCount\":242,\"image\":{\"@id\":\"https:\/\/www.zerdab.com\/?p=30811#primaryimage\"},\"thumbnailUrl\":\"https:\/\/www.zerdab.com\/wp-content\/uploads\/2024\/02\/ramil-mehdiyev2.jpg\",\"articleSection\":[\"MAN\u015eET\",\"X\u018fB\u018fRL\u018fR\"],\"inLanguage\":\"az\"},{\"@type\":\"WebPage\",\"@id\":\"https:\/\/www.zerdab.com\/?p=30811\",\"url\":\"https:\/\/www.zerdab.com\/?p=30811\",\"name\":\"H\u0259myerlimiz, ictimai f\u0259al Ramil Mehdiyev t\u0259ltif olunub - FOTOLAR - Z\u0259rdab.com\",\"isPartOf\":{\"@id\":\"https:\/\/www.zerdab.com\/#website\"},\"primaryImageOfPage\":{\"@id\":\"https:\/\/www.zerdab.com\/?p=30811#primaryimage\"},\"image\":{\"@id\":\"https:\/\/www.zerdab.com\/?p=30811#primaryimage\"},\"thumbnailUrl\":\"https:\/\/www.zerdab.com\/wp-content\/uploads\/2024\/02\/ramil-mehdiyev2.jpg\",\"datePublished\":\"2024-02-20T15:28:51+00:00\",\"dateModified\":\"2024-05-14T09:00:43+00:00\",\"author\":{\"@id\":\"https:\/\/www.zerdab.com\/#\/schema\/person\/97079b7570c1e89ec0d9e138c3672136\"},\"breadcrumb\":{\"@id\":\"https:\/\/www.zerdab.com\/?p=30811#breadcrumb\"},\"inLanguage\":\"az\",\"potentialAction\":[{\"@type\":\"ReadAction\",\"target\":[\"https:\/\/www.zerdab.com\/?p=30811\"]}]},{\"@type\":\"ImageObject\",\"inLanguage\":\"az\",\"@id\":\"https:\/\/www.zerdab.com\/?p=30811#primaryimage\",\"url\":\"https:\/\/www.zerdab.com\/wp-content\/uploads\/2024\/02\/ramil-mehdiyev2.jpg\",\"contentUrl\":\"https:\/\/www.zerdab.com\/wp-content\/uploads\/2024\/02\/ramil-mehdiyev2.jpg\",\"width\":1140,\"height\":728,\"caption\":\"ramil-mehdiyev2.jpg\"},{\"@type\":\"BreadcrumbList\",\"@id\":\"https:\/\/www.zerdab.com\/?p=30811#breadcrumb\",\"itemListElement\":[{\"@type\":\"ListItem\",\"position\":1,\"name\":\"Home\",\"item\":\"https:\/\/www.zerdab.com\/\"},{\"@type\":\"ListItem\",\"position\":2,\"name\":\"H\u0259myerlimiz, ictimai f\u0259al Ramil Mehdiyev t\u0259ltif olunub &#8211; FOTOLAR\"}]},{\"@type\":\"WebSite\",\"@id\":\"https:\/\/www.zerdab.com\/#website\",\"url\":\"https:\/\/www.zerdab.com\/\",\"name\":\"Z\u0259rdab.com\",\"description\":\"\",\"potentialAction\":[{\"@type\":\"SearchAction\",\"target\":{\"@type\":\"EntryPoint\",\"urlTemplate\":\"https:\/\/www.zerdab.com\/?s={search_term_string}\"},\"query-input\":{\"@type\":\"PropertyValueSpecification\",\"valueRequired\":true,\"valueName\":\"search_term_string\"}}],\"inLanguage\":\"az\"},{\"@type\":\"Person\",\"@id\":\"https:\/\/www.zerdab.com\/#\/schema\/person\/97079b7570c1e89ec0d9e138c3672136\",\"name\":\"admin\",\"image\":{\"@type\":\"ImageObject\",\"inLanguage\":\"az\",\"@id\":\"https:\/\/www.zerdab.com\/#\/schema\/person\/image\/\",\"url\":\"https:\/\/secure.gravatar.com\/avatar\/d9c52a9a27c32119cb6679a077fa3e2779e5f822c451cbf01098004361d466ec?s=96&d=mm&r=g\",\"contentUrl\":\"https:\/\/secure.gravatar.com\/avatar\/d9c52a9a27c32119cb6679a077fa3e2779e5f822c451cbf01098004361d466ec?s=96&d=mm&r=g\",\"caption\":\"admin\"},\"url\":\"https:\/\/www.zerdab.com\/?author=1\"}]}<\/script>\n<!-- \/ Yoast SEO plugin. -->","yoast_head_json":{"title":"H\u0259myerlimiz, ictimai f\u0259al Ramil Mehdiyev t\u0259ltif olunub - FOTOLAR - Z\u0259rdab.com","robots":{"index":"index","follow":"follow","max-snippet":"max-snippet:-1","max-image-preview":"max-image-preview:large","max-video-preview":"max-video-preview:-1"},"canonical":"https:\/\/www.zerdab.com\/?p=30811","og_locale":"az_AZ","og_type":"article","og_title":"H\u0259myerlimiz, ictimai f\u0259al Ramil Mehdiyev t\u0259ltif olunub - FOTOLAR - Z\u0259rdab.com","og_description":"H\u0259myerlimiz, ictimai f\u0259al Ramil Mehdiyev Yeni Az\u0259rbaycan Partiyas\u0131 Nizami rayon t\u0259\u015fkilat\u0131 t\u0259r\u0259find\u0259n t\u0259ltif olunub. Zerdab.com sayt\u0131 x\u0259b\u0259r verir ki, Ramil Mehdiyev bu t\u0259ltif\u0259 7 fevral tarixind\u0259 ke\u00e7iril\u0259n n\u00f6vb\u0259d\u0259nk\u0259nar Prezident se\u00e7kil\u0259rind\u0259 Yeni Az\u0259rbaycan Partiyas\u0131 Nizami rayon t\u0259\u015fkilat\u0131n\u0131n t\u0259bli\u011fat-t\u0259\u015fviqat qrupunun \u00fczv\u00fc olaraq layiq g\u00f6r\u00fcl\u00fcb. Qeyd olunub ki, Ramil Mehdiyev 2024-c\u00fc il fevral\u0131n 7-d\u0259 ke\u00e7irilmi\u015f Prezident se\u00e7kil\u0259rind\u0259 Yeni [&hellip;]","og_url":"https:\/\/www.zerdab.com\/?p=30811","og_site_name":"Z\u0259rdab.com","article_published_time":"2024-02-20T15:28:51+00:00","article_modified_time":"2024-05-14T09:00:43+00:00","og_image":[{"width":1140,"height":728,"url":"http:\/\/www.zerdab.com\/wp-content\/uploads\/2024\/02\/ramil-mehdiyev2.jpg","type":"image\/jpeg"}],"author":"admin","twitter_card":"summary_large_image","twitter_misc":{"Written by":"admin","Est. reading time":"1 minute"},"schema":{"@context":"https:\/\/schema.org","@graph":[{"@type":"Article","@id":"https:\/\/www.zerdab.com\/?p=30811#article","isPartOf":{"@id":"https:\/\/www.zerdab.com\/?p=30811"},"author":{"name":"admin","@id":"https:\/\/www.zerdab.com\/#\/schema\/person\/97079b7570c1e89ec0d9e138c3672136"},"headline":"H\u0259myerlimiz, ictimai f\u0259al Ramil Mehdiyev t\u0259ltif olunub &#8211; FOTOLAR","datePublished":"2024-02-20T15:28:51+00:00","dateModified":"2024-05-14T09:00:43+00:00","mainEntityOfPage":{"@id":"https:\/\/www.zerdab.com\/?p=30811"},"wordCount":242,"image":{"@id":"https:\/\/www.zerdab.com\/?p=30811#primaryimage"},"thumbnailUrl":"https:\/\/www.zerdab.com\/wp-content\/uploads\/2024\/02\/ramil-mehdiyev2.jpg","articleSection":["MAN\u015eET","X\u018fB\u018fRL\u018fR"],"inLanguage":"az"},{"@type":"WebPage","@id":"https:\/\/www.zerdab.com\/?p=30811","url":"https:\/\/www.zerdab.com\/?p=30811","name":"H\u0259myerlimiz, ictimai f\u0259al Ramil Mehdiyev t\u0259ltif olunub - FOTOLAR - Z\u0259rdab.com","isPartOf":{"@id":"https:\/\/www.zerdab.com\/#website"},"primaryImageOfPage":{"@id":"https:\/\/www.zerdab.com\/?p=30811#primaryimage"},"image":{"@id":"https:\/\/www.zerdab.com\/?p=30811#primaryimage"},"thumbnailUrl":"https:\/\/www.zerdab.com\/wp-content\/uploads\/2024\/02\/ramil-mehdiyev2.jpg","datePublished":"2024-02-20T15:28:51+00:00","dateModified":"2024-05-14T09:00:43+00:00","author":{"@id":"https:\/\/www.zerdab.com\/#\/schema\/person\/97079b7570c1e89ec0d9e138c3672136"},"breadcrumb":{"@id":"https:\/\/www.zerdab.com\/?p=30811#breadcrumb"},"inLanguage":"az","potentialAction":[{"@type":"ReadAction","target":["https:\/\/www.zerdab.com\/?p=30811"]}]},{"@type":"ImageObject","inLanguage":"az","@id":"https:\/\/www.zerdab.com\/?p=30811#primaryimage","url":"https:\/\/www.zerdab.com\/wp-content\/uploads\/2024\/02\/ramil-mehdiyev2.jpg","contentUrl":"https:\/\/www.zerdab.com\/wp-content\/uploads\/2024\/02\/ramil-mehdiyev2.jpg","width":1140,"height":728,"caption":"ramil-mehdiyev2.jpg"},{"@type":"BreadcrumbList","@id":"https:\/\/www.zerdab.com\/?p=30811#breadcrumb","itemListElement":[{"@type":"ListItem","position":1,"name":"Home","item":"https:\/\/www.zerdab.com\/"},{"@type":"ListItem","position":2,"name":"H\u0259myerlimiz, ictimai f\u0259al Ramil Mehdiyev t\u0259ltif olunub &#8211; FOTOLAR"}]},{"@type":"WebSite","@id":"https:\/\/www.zerdab.com\/#website","url":"https:\/\/www.zerdab.com\/","name":"Z\u0259rdab.com","description":"","potentialAction":[{"@type":"SearchAction","target":{"@type":"EntryPoint","urlTemplate":"https:\/\/www.zerdab.com\/?s={search_term_string}"},"query-input":{"@type":"PropertyValueSpecification","valueRequired":true,"valueName":"search_term_string"}}],"inLanguage":"az"},{"@type":"Person","@id":"https:\/\/www.zerdab.com\/#\/schema\/person\/97079b7570c1e89ec0d9e138c3672136","name":"admin","image":{"@type":"ImageObject","inLanguage":"az","@id":"https:\/\/www.zerdab.com\/#\/schema\/person\/image\/","url":"https:\/\/secure.gravatar.com\/avatar\/d9c52a9a27c32119cb6679a077fa3e2779e5f822c451cbf01098004361d466ec?s=96&d=mm&r=g","contentUrl":"https:\/\/secure.gravatar.com\/avatar\/d9c52a9a27c32119cb6679a077fa3e2779e5f822c451cbf01098004361d466ec?s=96&d=mm&r=g","caption":"admin"},"url":"https:\/\/www.zerdab.com\/?author=1"}]}},"_links":{"self":[{"href":"https:\/\/www.zerdab.com\/index.php?rest_route=\/wp\/v2\/posts\/30811","targetHints":{"allow":["GET"]}}],"collection":[{"href":"https:\/\/www.zerdab.com\/index.php?rest_route=\/wp\/v2\/posts"}],"about":[{"href":"https:\/\/www.zerdab.com\/index.php?rest_route=\/wp\/v2\/types\/post"}],"author":[{"embeddable":true,"href":"https:\/\/www.zerdab.com\/index.php?rest_route=\/wp\/v2\/users\/1"}],"replies":[{"embeddable":true,"href":"https:\/\/www.zerdab.com\/index.php?rest_route=%2Fwp%2Fv2%2Fcomments&post=30811"}],"version-history":[{"count":2,"href":"https:\/\/www.zerdab.com\/index.php?rest_route=\/wp\/v2\/posts\/30811\/revisions"}],"predecessor-version":[{"id":31009,"href":"https:\/\/www.zerdab.com\/index.php?rest_route=\/wp\/v2\/posts\/30811\/revisions\/31009"}],"wp:featuredmedia":[{"embeddable":true,"href":"https:\/\/www.zerdab.com\/index.php?rest_route=\/wp\/v2\/media\/30812"}],"wp:attachment":[{"href":"https:\/\/www.zerdab.com\/index.php?rest_route=%2Fwp%2Fv2%2Fmedia&parent=30811"}],"wp:term":[{"taxonomy":"category","embeddable":true,"href":"https:\/\/www.zerdab.com\/index.php?rest_route=%2Fwp%2Fv2%2Fcategories&post=30811"},{"taxonomy":"post_tag","embeddable":true,"href":"https:\/\/www.zerdab.com\/index.php?rest_route=%2Fwp%2Fv2%2Ftags&post=30811"}],"curies":[{"name":"wp","href":"https:\/\/api.w.org\/{rel}","templated":true}]}}