{"id":30827,"date":"2024-02-29T20:19:35","date_gmt":"2024-02-29T16:19:35","guid":{"rendered":"https:\/\/www.zerdab.com\/?p=30827"},"modified":"2024-02-29T20:31:43","modified_gmt":"2024-02-29T16:31:43","slug":"z%c9%99rdabda-yasil-dunya-namin%c9%99-h%c9%99mr%c9%99ylik-ili-movzusunda-aksiya-fotolar","status":"publish","type":"post","link":"https:\/\/www.zerdab.com\/?p=30827","title":{"rendered":"Z\u0259rdabda \u201cYa\u015f\u0131l d\u00fcnya namin\u0259 h\u0259mr\u0259ylik ili\u201d m\u00f6vzusunda aksiya &#8211; Fotolar"},"content":{"rendered":"<p><strong>Az\u0259rbaycan Respublikas\u0131nda 2024-c\u00fc ilin \u201cYa\u015f\u0131l d\u00fcnya namin\u0259 h\u0259mr\u0259ylik ili\u201d elan edilm\u0259si haqq\u0131nda Az\u0259rbaycan Respublikas\u0131 Prezidentinin S\u0259r\u0259ncam\u0131n\u0131n icras\u0131 istiqam\u0259tind\u0259 Z\u0259rdab Rayon \u0130cra Hakimiyy\u0259ti ba\u015f\u00e7\u0131s\u0131n\u0131n 35 n\u00f6mr\u0259li, 23 fevral 2024-c\u00fc il tarixli S\u0259r\u0259ncam\u0131 il\u0259 t\u0259sdiq olunmu\u015f \u201cT\u0259dbirl\u0259r Plan\u0131\u201dna uy\u011fun olaraq rayonun Heyd\u0259r \u018fliyev M\u0259rk\u0259zind\u0259 t\u0259dbir ke\u00e7irilib.<\/strong><br \/>\n<strong>Zerdab.com<\/strong> sayt\u0131 x\u0259b\u0259r verir ki, toplant\u0131da Z\u0259rdab Rayon \u0130cra Hakimiyy\u0259tinin ba\u015f\u00e7\u0131s\u0131 M\u0259rdan Camalzad\u0259, YAP Z\u0259rdab rayon t\u0259\u015fkilat\u0131n\u0131n s\u0259dri \u0130lkin \u018fliyev, rayonda f\u0259aliyy\u0259t g\u00f6st\u0259r\u0259n idar\u0259, m\u00fc\u0259ssis\u0259, t\u0259\u015fkilat r\u0259hb\u0259rl\u0259ri, ictimai f\u0259allar v\u0259 ictimaiyy\u0259t n\u00fcmay\u0259nd\u0259l\u0259ri i\u015ftirak edibl\u0259r.<br \/>\nT\u0259dbird\u0259 \u00e7\u0131x\u0131\u015f ed\u0259n Rayon \u0130cra Hakimiyy\u0259tinin ba\u015f\u00e7\u0131s\u0131 M\u0259rdan Camalzad\u0259 bildirib ki, Az\u0259rbaycan beyn\u0259lxalq ictimaiyy\u0259tin etibarl\u0131 t\u0259r\u0259fda\u015f\u0131 kimi qlobal probleml\u0259rin h\u0259llind\u0259 daim aktiv rol oynay\u0131r, o c\u00fcml\u0259d\u0259n iqlim d\u0259yi\u015fm\u0259l\u0259rinin f\u0259sadlar\u0131na qar\u015f\u0131 m\u00fcbariz\u0259y\u0259 d\u0259 \u00f6z t\u00f6hf\u0259sini verir. BMT-nin \u0130qlim D\u0259yi\u015fikliyi \u00fczr\u0259 \u00c7\u0259r\u00e7iv\u0259 Konvensiyas\u0131n\u0131n T\u0259r\u0259fl\u0259r Konfrans\u0131n\u0131n 29-cu sessiyas\u0131n\u0131n &#8211; &#8220;COP 29&#8221;-un 2024-c\u00fc ild\u0259 Az\u0259rbaycanda ke\u00e7irilm\u0259si haqq\u0131nda q\u0259bul edil\u0259n q\u0259rar \u00e7ox m\u00fch\u00fcm hadis\u0259dir. Bu m\u00f6t\u0259b\u0259r t\u0259dbir\u0259 Az\u0259rbaycan\u0131n ev sahibliyi etm\u0259si c\u0259nab Prezident \u0130lham \u018fliyevin \u0259n b\u00f6y\u00fck q\u0259l\u0259b\u0259l\u0259rind\u0259ndir. B\u00fct\u00fcn d\u00fcnya \u00f6lk\u0259l\u0259ri t\u0259r\u0259find\u0259n q\u0259bul edil\u0259n bu q\u0259rar \u00f6lk\u0259miz\u0259 g\u00f6st\u0259ril\u0259n b\u00f6y\u00fck etimad v\u0259 h\u00f6rm\u0259tin bariz n\u00fcmun\u0259sidir.<br \/>\n\u00c7\u0131x\u0131\u015f ed\u0259n ictimai f\u0259al Ramil Mehdiyev 2024-c\u00fc ilin Az\u0259rbaycanda &#8220;Ya\u015f\u0131l d\u00fcnya namin\u0259 h\u0259mr\u0259ylik ili&#8221;nin elan olunmas\u0131n\u0131n \u00f6lk\u0259mizin bu istiqam\u0259td\u0259 apard\u0131\u011f\u0131 i\u015fl\u0259r\u0259 daha da t\u0259kan ver\u0259c\u0259yini bildirmi\u015fdir.<br \/>\nToplant\u0131dan sonra Heyd\u0259r \u018fliyev park\u0131nda a\u011fac\u0259km\u0259 aksiyas\u0131 ke\u00e7irilib, 150 \u0259d\u0259d limonlu \u015fam a\u011fac\u0131 \u0259kilib.<\/p>\n<p><strong>Zerdab.com<\/strong><\/p>\n<div class=\"panel-body news_text\">\n<div><\/div>\n<div><img decoding=\"async\" class=\"img-responsive\" title=\"\" src=\"https:\/\/qafqazinfo.az\/uploads\/1709199577\/WhatsApp_Image_2024-02-29_at_13.27.34__2_.jpeg\" alt=\"\" \/><br \/>\n<img decoding=\"async\" class=\"img-responsive\" title=\"\" src=\"https:\/\/qafqazinfo.az\/uploads\/1709199577\/1.jpeg\" alt=\"\" \/><br \/>\n<img decoding=\"async\" class=\"img-responsive\" title=\"\" src=\"https:\/\/qafqazinfo.az\/uploads\/1709199577\/WhatsApp_Image_2024-02-29_at_13.27.33__1_.jpeg\" alt=\"\" \/><br \/>\n<img decoding=\"async\" class=\"img-responsive\" title=\"\" src=\"https:\/\/qafqazinfo.az\/uploads\/1709199577\/WhatsApp_Image_2024-02-29_at_13.27.33.jpeg\" alt=\"\" \/><img loading=\"lazy\" decoding=\"async\" class=\"alignleft size-full wp-image-30831\" src=\"http:\/\/www.zerdab.com\/wp-content\/uploads\/2024\/02\/IMG-20240229-WA0033.jpg\" alt=\"Zerdab - tedbir-png\" width=\"1024\" height=\"766\" srcset=\"https:\/\/www.zerdab.com\/wp-content\/uploads\/2024\/02\/IMG-20240229-WA0033.jpg 1024w, https:\/\/www.zerdab.com\/wp-content\/uploads\/2024\/02\/IMG-20240229-WA0033-400x299.jpg 400w, https:\/\/www.zerdab.com\/wp-content\/uploads\/2024\/02\/IMG-20240229-WA0033-550x411.jpg 550w, https:\/\/www.zerdab.com\/wp-content\/uploads\/2024\/02\/IMG-20240229-WA0033-768x575.jpg 768w, https:\/\/www.zerdab.com\/wp-content\/uploads\/2024\/02\/IMG-20240229-WA0033-696x521.jpg 696w, https:\/\/www.zerdab.com\/wp-content\/uploads\/2024\/02\/IMG-20240229-WA0033-561x420.jpg 561w, https:\/\/www.zerdab.com\/wp-content\/uploads\/2024\/02\/IMG-20240229-WA0033-80x60.jpg 80w, https:\/\/www.zerdab.com\/wp-content\/uploads\/2024\/02\/IMG-20240229-WA0033-265x198.jpg 265w\" sizes=\"auto, (max-width: 1024px) 100vw, 1024px\" \/><br \/>\n<img decoding=\"async\" class=\"img-responsive\" title=\"\" src=\"https:\/\/qafqazinfo.az\/uploads\/1709199577\/WhatsApp_Image_2024-02-29_at_13.27.34.jpeg\" alt=\"\" \/><br \/>\n<img decoding=\"async\" class=\"img-responsive\" title=\"\" src=\"https:\/\/qafqazinfo.az\/uploads\/1709199577\/WhatsApp_Image_2024-02-29_at_13.27.34__1_.jpeg\" alt=\"\" \/><br \/>\n<img decoding=\"async\" class=\"img-responsive\" title=\"\" src=\"https:\/\/qafqazinfo.az\/uploads\/1709200305\/1.jpg\" alt=\"\" \/><\/div>\n<div><\/div>\n<\/div>\n<div class=\"social-buttons\">\n<hr \/>\n<p><a class=\"fb\" href=\"https:\/\/www.facebook.com\/qafqazinfo\" target=\"_blank\" rel=\"noopener\"><i class=\"fa fa-facebook\"><\/i>\u00a0<\/a><\/p>\n<\/div>\n","protected":false},"excerpt":{"rendered":"<p>Az\u0259rbaycan Respublikas\u0131nda 2024-c\u00fc ilin \u201cYa\u015f\u0131l d\u00fcnya namin\u0259 h\u0259mr\u0259ylik ili\u201d elan edilm\u0259si haqq\u0131nda Az\u0259rbaycan Respublikas\u0131 Prezidentinin S\u0259r\u0259ncam\u0131n\u0131n icras\u0131 istiqam\u0259tind\u0259 Z\u0259rdab Rayon \u0130cra Hakimiyy\u0259ti ba\u015f\u00e7\u0131s\u0131n\u0131n 35 n\u00f6mr\u0259li, 23 fevral 2024-c\u00fc il tarixli S\u0259r\u0259ncam\u0131 il\u0259 t\u0259sdiq olunmu\u015f \u201cT\u0259dbirl\u0259r Plan\u0131\u201dna uy\u011fun olaraq rayonun Heyd\u0259r \u018fliyev M\u0259rk\u0259zind\u0259 t\u0259dbir ke\u00e7irilib. Zerdab.com sayt\u0131 x\u0259b\u0259r verir ki, toplant\u0131da Z\u0259rdab Rayon \u0130cra Hakimiyy\u0259tinin ba\u015f\u00e7\u0131s\u0131 [&hellip;]<\/p>\n","protected":false},"author":1,"featured_media":30828,"comment_status":"closed","ping_status":"closed","sticky":false,"template":"","format":"standard","meta":{"footnotes":""},"categories":[63,5],"tags":[],"class_list":{"0":"post-30827","1":"post","2":"type-post","3":"status-publish","4":"format-standard","5":"has-post-thumbnail","7":"category-manset","8":"category-knd"},"yoast_head":"<!-- This site is optimized with the Yoast SEO plugin v27.0 - https:\/\/yoast.com\/product\/yoast-seo-wordpress\/ -->\n<title>Z\u0259rdabda \u201cYa\u015f\u0131l d\u00fcnya namin\u0259 h\u0259mr\u0259ylik ili\u201d m\u00f6vzusunda aksiya - Fotolar - Z\u0259rdab.com<\/title>\n<meta name=\"robots\" content=\"index, follow, max-snippet:-1, max-image-preview:large, max-video-preview:-1\" \/>\n<link rel=\"canonical\" href=\"https:\/\/www.zerdab.com\/?p=30827\" \/>\n<meta property=\"og:locale\" content=\"az_AZ\" \/>\n<meta property=\"og:type\" content=\"article\" \/>\n<meta property=\"og:title\" content=\"Z\u0259rdabda \u201cYa\u015f\u0131l d\u00fcnya namin\u0259 h\u0259mr\u0259ylik ili\u201d m\u00f6vzusunda aksiya - Fotolar - Z\u0259rdab.com\" \/>\n<meta property=\"og:description\" content=\"Az\u0259rbaycan Respublikas\u0131nda 2024-c\u00fc ilin \u201cYa\u015f\u0131l d\u00fcnya namin\u0259 h\u0259mr\u0259ylik ili\u201d elan edilm\u0259si haqq\u0131nda Az\u0259rbaycan Respublikas\u0131 Prezidentinin S\u0259r\u0259ncam\u0131n\u0131n icras\u0131 istiqam\u0259tind\u0259 Z\u0259rdab Rayon \u0130cra Hakimiyy\u0259ti ba\u015f\u00e7\u0131s\u0131n\u0131n 35 n\u00f6mr\u0259li, 23 fevral 2024-c\u00fc il tarixli S\u0259r\u0259ncam\u0131 il\u0259 t\u0259sdiq olunmu\u015f \u201cT\u0259dbirl\u0259r Plan\u0131\u201dna uy\u011fun olaraq rayonun Heyd\u0259r \u018fliyev M\u0259rk\u0259zind\u0259 t\u0259dbir ke\u00e7irilib. Zerdab.com sayt\u0131 x\u0259b\u0259r verir ki, toplant\u0131da Z\u0259rdab Rayon \u0130cra Hakimiyy\u0259tinin ba\u015f\u00e7\u0131s\u0131 [&hellip;]\" \/>\n<meta property=\"og:url\" content=\"https:\/\/www.zerdab.com\/?p=30827\" \/>\n<meta property=\"og:site_name\" content=\"Z\u0259rdab.com\" \/>\n<meta property=\"article:published_time\" content=\"2024-02-29T16:19:35+00:00\" \/>\n<meta property=\"article:modified_time\" content=\"2024-02-29T16:31:43+00:00\" \/>\n<meta property=\"og:image\" content=\"http:\/\/www.zerdab.com\/wp-content\/uploads\/2024\/02\/zerdab-tedbir-1-png.jpg\" \/>\n\t<meta property=\"og:image:width\" content=\"637\" \/>\n\t<meta property=\"og:image:height\" content=\"400\" \/>\n\t<meta property=\"og:image:type\" content=\"image\/jpeg\" \/>\n<meta name=\"author\" content=\"admin\" \/>\n<meta name=\"twitter:card\" content=\"summary_large_image\" \/>\n<meta name=\"twitter:label1\" content=\"Written by\" \/>\n\t<meta name=\"twitter:data1\" content=\"admin\" \/>\n\t<meta name=\"twitter:label2\" content=\"Est. reading time\" \/>\n\t<meta name=\"twitter:data2\" content=\"3 minutes\" \/>\n<script type=\"application\/ld+json\" class=\"yoast-schema-graph\">{\"@context\":\"https:\/\/schema.org\",\"@graph\":[{\"@type\":\"Article\",\"@id\":\"https:\/\/www.zerdab.com\/?p=30827#article\",\"isPartOf\":{\"@id\":\"https:\/\/www.zerdab.com\/?p=30827\"},\"author\":{\"name\":\"admin\",\"@id\":\"https:\/\/www.zerdab.com\/#\/schema\/person\/97079b7570c1e89ec0d9e138c3672136\"},\"headline\":\"Z\u0259rdabda \u201cYa\u015f\u0131l d\u00fcnya namin\u0259 h\u0259mr\u0259ylik ili\u201d m\u00f6vzusunda aksiya &#8211; Fotolar\",\"datePublished\":\"2024-02-29T16:19:35+00:00\",\"dateModified\":\"2024-02-29T16:31:43+00:00\",\"mainEntityOfPage\":{\"@id\":\"https:\/\/www.zerdab.com\/?p=30827\"},\"wordCount\":396,\"image\":{\"@id\":\"https:\/\/www.zerdab.com\/?p=30827#primaryimage\"},\"thumbnailUrl\":\"https:\/\/www.zerdab.com\/wp-content\/uploads\/2024\/02\/zerdab-tedbir-1-png.jpg\",\"articleSection\":[\"MAN\u015eET\",\"X\u018fB\u018fRL\u018fR\"],\"inLanguage\":\"az\"},{\"@type\":\"WebPage\",\"@id\":\"https:\/\/www.zerdab.com\/?p=30827\",\"url\":\"https:\/\/www.zerdab.com\/?p=30827\",\"name\":\"Z\u0259rdabda \u201cYa\u015f\u0131l d\u00fcnya namin\u0259 h\u0259mr\u0259ylik ili\u201d m\u00f6vzusunda aksiya - Fotolar - Z\u0259rdab.com\",\"isPartOf\":{\"@id\":\"https:\/\/www.zerdab.com\/#website\"},\"primaryImageOfPage\":{\"@id\":\"https:\/\/www.zerdab.com\/?p=30827#primaryimage\"},\"image\":{\"@id\":\"https:\/\/www.zerdab.com\/?p=30827#primaryimage\"},\"thumbnailUrl\":\"https:\/\/www.zerdab.com\/wp-content\/uploads\/2024\/02\/zerdab-tedbir-1-png.jpg\",\"datePublished\":\"2024-02-29T16:19:35+00:00\",\"dateModified\":\"2024-02-29T16:31:43+00:00\",\"author\":{\"@id\":\"https:\/\/www.zerdab.com\/#\/schema\/person\/97079b7570c1e89ec0d9e138c3672136\"},\"breadcrumb\":{\"@id\":\"https:\/\/www.zerdab.com\/?p=30827#breadcrumb\"},\"inLanguage\":\"az\",\"potentialAction\":[{\"@type\":\"ReadAction\",\"target\":[\"https:\/\/www.zerdab.com\/?p=30827\"]}]},{\"@type\":\"ImageObject\",\"inLanguage\":\"az\",\"@id\":\"https:\/\/www.zerdab.com\/?p=30827#primaryimage\",\"url\":\"https:\/\/www.zerdab.com\/wp-content\/uploads\/2024\/02\/zerdab-tedbir-1-png.jpg\",\"contentUrl\":\"https:\/\/www.zerdab.com\/wp-content\/uploads\/2024\/02\/zerdab-tedbir-1-png.jpg\",\"width\":637,\"height\":400},{\"@type\":\"BreadcrumbList\",\"@id\":\"https:\/\/www.zerdab.com\/?p=30827#breadcrumb\",\"itemListElement\":[{\"@type\":\"ListItem\",\"position\":1,\"name\":\"Home\",\"item\":\"https:\/\/www.zerdab.com\/\"},{\"@type\":\"ListItem\",\"position\":2,\"name\":\"Z\u0259rdabda \u201cYa\u015f\u0131l d\u00fcnya namin\u0259 h\u0259mr\u0259ylik ili\u201d m\u00f6vzusunda aksiya &#8211; Fotolar\"}]},{\"@type\":\"WebSite\",\"@id\":\"https:\/\/www.zerdab.com\/#website\",\"url\":\"https:\/\/www.zerdab.com\/\",\"name\":\"Z\u0259rdab.com\",\"description\":\"\",\"potentialAction\":[{\"@type\":\"SearchAction\",\"target\":{\"@type\":\"EntryPoint\",\"urlTemplate\":\"https:\/\/www.zerdab.com\/?s={search_term_string}\"},\"query-input\":{\"@type\":\"PropertyValueSpecification\",\"valueRequired\":true,\"valueName\":\"search_term_string\"}}],\"inLanguage\":\"az\"},{\"@type\":\"Person\",\"@id\":\"https:\/\/www.zerdab.com\/#\/schema\/person\/97079b7570c1e89ec0d9e138c3672136\",\"name\":\"admin\",\"image\":{\"@type\":\"ImageObject\",\"inLanguage\":\"az\",\"@id\":\"https:\/\/www.zerdab.com\/#\/schema\/person\/image\/\",\"url\":\"https:\/\/secure.gravatar.com\/avatar\/d9c52a9a27c32119cb6679a077fa3e2779e5f822c451cbf01098004361d466ec?s=96&d=mm&r=g\",\"contentUrl\":\"https:\/\/secure.gravatar.com\/avatar\/d9c52a9a27c32119cb6679a077fa3e2779e5f822c451cbf01098004361d466ec?s=96&d=mm&r=g\",\"caption\":\"admin\"},\"url\":\"https:\/\/www.zerdab.com\/?author=1\"}]}<\/script>\n<!-- \/ Yoast SEO plugin. -->","yoast_head_json":{"title":"Z\u0259rdabda \u201cYa\u015f\u0131l d\u00fcnya namin\u0259 h\u0259mr\u0259ylik ili\u201d m\u00f6vzusunda aksiya - Fotolar - Z\u0259rdab.com","robots":{"index":"index","follow":"follow","max-snippet":"max-snippet:-1","max-image-preview":"max-image-preview:large","max-video-preview":"max-video-preview:-1"},"canonical":"https:\/\/www.zerdab.com\/?p=30827","og_locale":"az_AZ","og_type":"article","og_title":"Z\u0259rdabda \u201cYa\u015f\u0131l d\u00fcnya namin\u0259 h\u0259mr\u0259ylik ili\u201d m\u00f6vzusunda aksiya - Fotolar - Z\u0259rdab.com","og_description":"Az\u0259rbaycan Respublikas\u0131nda 2024-c\u00fc ilin \u201cYa\u015f\u0131l d\u00fcnya namin\u0259 h\u0259mr\u0259ylik ili\u201d elan edilm\u0259si haqq\u0131nda Az\u0259rbaycan Respublikas\u0131 Prezidentinin S\u0259r\u0259ncam\u0131n\u0131n icras\u0131 istiqam\u0259tind\u0259 Z\u0259rdab Rayon \u0130cra Hakimiyy\u0259ti ba\u015f\u00e7\u0131s\u0131n\u0131n 35 n\u00f6mr\u0259li, 23 fevral 2024-c\u00fc il tarixli S\u0259r\u0259ncam\u0131 il\u0259 t\u0259sdiq olunmu\u015f \u201cT\u0259dbirl\u0259r Plan\u0131\u201dna uy\u011fun olaraq rayonun Heyd\u0259r \u018fliyev M\u0259rk\u0259zind\u0259 t\u0259dbir ke\u00e7irilib. Zerdab.com sayt\u0131 x\u0259b\u0259r verir ki, toplant\u0131da Z\u0259rdab Rayon \u0130cra Hakimiyy\u0259tinin ba\u015f\u00e7\u0131s\u0131 [&hellip;]","og_url":"https:\/\/www.zerdab.com\/?p=30827","og_site_name":"Z\u0259rdab.com","article_published_time":"2024-02-29T16:19:35+00:00","article_modified_time":"2024-02-29T16:31:43+00:00","og_image":[{"width":637,"height":400,"url":"http:\/\/www.zerdab.com\/wp-content\/uploads\/2024\/02\/zerdab-tedbir-1-png.jpg","type":"image\/jpeg"}],"author":"admin","twitter_card":"summary_large_image","twitter_misc":{"Written by":"admin","Est. reading time":"3 minutes"},"schema":{"@context":"https:\/\/schema.org","@graph":[{"@type":"Article","@id":"https:\/\/www.zerdab.com\/?p=30827#article","isPartOf":{"@id":"https:\/\/www.zerdab.com\/?p=30827"},"author":{"name":"admin","@id":"https:\/\/www.zerdab.com\/#\/schema\/person\/97079b7570c1e89ec0d9e138c3672136"},"headline":"Z\u0259rdabda \u201cYa\u015f\u0131l d\u00fcnya namin\u0259 h\u0259mr\u0259ylik ili\u201d m\u00f6vzusunda aksiya &#8211; Fotolar","datePublished":"2024-02-29T16:19:35+00:00","dateModified":"2024-02-29T16:31:43+00:00","mainEntityOfPage":{"@id":"https:\/\/www.zerdab.com\/?p=30827"},"wordCount":396,"image":{"@id":"https:\/\/www.zerdab.com\/?p=30827#primaryimage"},"thumbnailUrl":"https:\/\/www.zerdab.com\/wp-content\/uploads\/2024\/02\/zerdab-tedbir-1-png.jpg","articleSection":["MAN\u015eET","X\u018fB\u018fRL\u018fR"],"inLanguage":"az"},{"@type":"WebPage","@id":"https:\/\/www.zerdab.com\/?p=30827","url":"https:\/\/www.zerdab.com\/?p=30827","name":"Z\u0259rdabda \u201cYa\u015f\u0131l d\u00fcnya namin\u0259 h\u0259mr\u0259ylik ili\u201d m\u00f6vzusunda aksiya - Fotolar - Z\u0259rdab.com","isPartOf":{"@id":"https:\/\/www.zerdab.com\/#website"},"primaryImageOfPage":{"@id":"https:\/\/www.zerdab.com\/?p=30827#primaryimage"},"image":{"@id":"https:\/\/www.zerdab.com\/?p=30827#primaryimage"},"thumbnailUrl":"https:\/\/www.zerdab.com\/wp-content\/uploads\/2024\/02\/zerdab-tedbir-1-png.jpg","datePublished":"2024-02-29T16:19:35+00:00","dateModified":"2024-02-29T16:31:43+00:00","author":{"@id":"https:\/\/www.zerdab.com\/#\/schema\/person\/97079b7570c1e89ec0d9e138c3672136"},"breadcrumb":{"@id":"https:\/\/www.zerdab.com\/?p=30827#breadcrumb"},"inLanguage":"az","potentialAction":[{"@type":"ReadAction","target":["https:\/\/www.zerdab.com\/?p=30827"]}]},{"@type":"ImageObject","inLanguage":"az","@id":"https:\/\/www.zerdab.com\/?p=30827#primaryimage","url":"https:\/\/www.zerdab.com\/wp-content\/uploads\/2024\/02\/zerdab-tedbir-1-png.jpg","contentUrl":"https:\/\/www.zerdab.com\/wp-content\/uploads\/2024\/02\/zerdab-tedbir-1-png.jpg","width":637,"height":400},{"@type":"BreadcrumbList","@id":"https:\/\/www.zerdab.com\/?p=30827#breadcrumb","itemListElement":[{"@type":"ListItem","position":1,"name":"Home","item":"https:\/\/www.zerdab.com\/"},{"@type":"ListItem","position":2,"name":"Z\u0259rdabda \u201cYa\u015f\u0131l d\u00fcnya namin\u0259 h\u0259mr\u0259ylik ili\u201d m\u00f6vzusunda aksiya &#8211; Fotolar"}]},{"@type":"WebSite","@id":"https:\/\/www.zerdab.com\/#website","url":"https:\/\/www.zerdab.com\/","name":"Z\u0259rdab.com","description":"","potentialAction":[{"@type":"SearchAction","target":{"@type":"EntryPoint","urlTemplate":"https:\/\/www.zerdab.com\/?s={search_term_string}"},"query-input":{"@type":"PropertyValueSpecification","valueRequired":true,"valueName":"search_term_string"}}],"inLanguage":"az"},{"@type":"Person","@id":"https:\/\/www.zerdab.com\/#\/schema\/person\/97079b7570c1e89ec0d9e138c3672136","name":"admin","image":{"@type":"ImageObject","inLanguage":"az","@id":"https:\/\/www.zerdab.com\/#\/schema\/person\/image\/","url":"https:\/\/secure.gravatar.com\/avatar\/d9c52a9a27c32119cb6679a077fa3e2779e5f822c451cbf01098004361d466ec?s=96&d=mm&r=g","contentUrl":"https:\/\/secure.gravatar.com\/avatar\/d9c52a9a27c32119cb6679a077fa3e2779e5f822c451cbf01098004361d466ec?s=96&d=mm&r=g","caption":"admin"},"url":"https:\/\/www.zerdab.com\/?author=1"}]}},"_links":{"self":[{"href":"https:\/\/www.zerdab.com\/index.php?rest_route=\/wp\/v2\/posts\/30827","targetHints":{"allow":["GET"]}}],"collection":[{"href":"https:\/\/www.zerdab.com\/index.php?rest_route=\/wp\/v2\/posts"}],"about":[{"href":"https:\/\/www.zerdab.com\/index.php?rest_route=\/wp\/v2\/types\/post"}],"author":[{"embeddable":true,"href":"https:\/\/www.zerdab.com\/index.php?rest_route=\/wp\/v2\/users\/1"}],"replies":[{"embeddable":true,"href":"https:\/\/www.zerdab.com\/index.php?rest_route=%2Fwp%2Fv2%2Fcomments&post=30827"}],"version-history":[{"count":4,"href":"https:\/\/www.zerdab.com\/index.php?rest_route=\/wp\/v2\/posts\/30827\/revisions"}],"predecessor-version":[{"id":30833,"href":"https:\/\/www.zerdab.com\/index.php?rest_route=\/wp\/v2\/posts\/30827\/revisions\/30833"}],"wp:featuredmedia":[{"embeddable":true,"href":"https:\/\/www.zerdab.com\/index.php?rest_route=\/wp\/v2\/media\/30828"}],"wp:attachment":[{"href":"https:\/\/www.zerdab.com\/index.php?rest_route=%2Fwp%2Fv2%2Fmedia&parent=30827"}],"wp:term":[{"taxonomy":"category","embeddable":true,"href":"https:\/\/www.zerdab.com\/index.php?rest_route=%2Fwp%2Fv2%2Fcategories&post=30827"},{"taxonomy":"post_tag","embeddable":true,"href":"https:\/\/www.zerdab.com\/index.php?rest_route=%2Fwp%2Fv2%2Ftags&post=30827"}],"curies":[{"name":"wp","href":"https:\/\/api.w.org\/{rel}","templated":true}]}}