{"id":30855,"date":"2024-03-14T16:15:24","date_gmt":"2024-03-14T12:15:24","guid":{"rendered":"https:\/\/www.zerdab.com\/?p=30855"},"modified":"2024-03-14T16:15:50","modified_gmt":"2024-03-14T12:15:50","slug":"z%c9%99rdabin-tarixi-kup-q%c9%99birl%c9%99rd%c9%99n-baslanir-2","status":"publish","type":"post","link":"https:\/\/www.zerdab.com\/?p=30855","title":{"rendered":"Z\u0259rdab\u0131n tarixi k\u00fcp q\u0259birl\u0259rd\u0259n ba\u015flan\u0131r"},"content":{"rendered":"<div class=\"xdj266r x11i5rnm xat24cr x1mh8g0r x1vvkbs x126k92a\">\n<div dir=\"auto\">T\u00fcrk d\u00fcnyas\u0131n\u0131n bir par\u00e7as\u0131 olan Az\u0259rbaycan \u0259razisind\u0259 insanlar\u0131n n\u0259 vaxtdan ya\u015famas\u0131 h\u0259l\u0259 d\u0259 d\u0259qiq m\u00fc\u0259yy\u0259n edilm\u0259mi\u015fdir. \u018fn q\u0259dim d\u00f6vr Az\u0259rbaycan tarixinin \u00f6yr\u0259nilm\u0259si yeni arxeoloji materiallar\u0131n a\u015fkar olunmas\u0131n\u0131 z\u0259ruri edir. Z\u0259rdab rayonunun \u0259razisi arxeoloji c\u0259h\u0259td\u0259n dem\u0259k olar ki, \u00f6yr\u0259nilm\u0259mi\u015fdir. Rayonun \u0259razisi q\u0259dim insanlar\u0131n ya\u015famas\u0131 \u00fc\u00e7\u00fcn vacib olan b\u00fct\u00fcn \u015f\u0259rtl\u0259r\u0259 malik idi. Bu \u015f\u0259rtl\u0259r i\u00e7\u0259risind\u0259 \u015firin su qaynaqlar\u0131n\u0131n olmas\u0131, bitki v\u0259 heyvanat al\u0259minin z\u0259nginliyi x\u00fcsusi yer tuturdu. \u018frazi bu c\u0259h\u0259tl\u0259r\u0259 malik idi. Z\u0259rdab \u0259razisind\u0259 tap\u0131lm\u0131\u015f (t\u0259s\u0259rr\u00fcfat i\u015fl\u0259ri il\u0259 \u0259laq\u0259dar \u015fum apar\u0131lark\u0259n) \u015firli v\u0259 \u015firsiz m\u0259i\u015f\u0259t \u0259\u015fyalar\u0131n\u0131n, qab-qacaqlar\u0131n qal\u0131qlar\u0131 bu \u0259razinin arxeoloji c\u0259h\u0259td\u0259n geni\u015f t\u0259dqiq edilm\u0259si z\u0259rur\u0259tini yarad\u0131r.<\/div>\n<\/div>\n<div class=\"x11i5rnm xat24cr x1mh8g0r x1vvkbs xtlvy1s x126k92a\">\n<div dir=\"auto\">\u0130btidai icma qurulu\u015funun Tunc d\u00f6vr\u00fc m\u0259rh\u0259l\u0259sind\u0259 insanlar\u0131n daha geni\u015f \u0259razil\u0259r\u0259 yay\u0131lmas\u0131, ya\u015fay\u0131\u015f yerl\u0259rinin \u00e7ox zaman \u00e7ay k\u0259narlar\u0131nda sal\u0131nmas\u0131 bunu dem\u0259y\u0259 \u0259sas verir ki, Z\u0259rdab \u0259razisind\u0259 insanlar tunc d\u00f6vr\u00fcnd\u0259n ba\u015flayaraq ya\u015fam\u0131\u015flar.<\/div>\n<\/div>\n<div class=\"x11i5rnm xat24cr x1mh8g0r x1vvkbs xtlvy1s x126k92a\">\n<div dir=\"auto\">T\u0259sad\u00fcfi deyil ki, Erk\u0259n Tunc d\u00f6vr\u00fc (e.\u0259.IV minilliyin ikinci yar\u0131s\u0131ndan ba\u015flayaraq \u2013e.\u0259. III minilliyin sonuna q\u0259d\u0259r davam etmi\u015fdir) Az\u0259rbaycanda K\u00fcr-Araz m\u0259d\u0259niyy\u0259ti adlan\u0131r. Bu d\u00f6vr\u0259 aid arxeoloji n\u00fcmun\u0259l\u0259r daha \u00e7ox bu \u0259razil\u0259rd\u0259 a\u015fkar edilmi\u015fdir.<\/div>\n<\/div>\n<div class=\"x11i5rnm xat24cr x1mh8g0r x1vvkbs xtlvy1s x126k92a\">\n<div dir=\"auto\">D\u0259li Qu\u015f\u00e7u k\u0259ndi \u0259razisind\u0259 k\u00fctl\u0259vi q\u0259bristanl\u0131qlar \u2013 A\u011ft\u0259p\u0259 adlanan kurqan bu g\u00fcn d\u0259 m\u00f6vcuddur.<\/div>\n<\/div>\n<div class=\"x11i5rnm xat24cr x1mh8g0r x1vvkbs xtlvy1s x126k92a\">\n<div dir=\"auto\">Az\u0259rbaycan SSR D\u00f6vl\u0259t Tikinti Komit\u0259sinin 1977-ci ild\u0259 t\u0259sdiq edilmi\u015f \u201cZ\u0259rdab \u015f\u0259h\u0259rinin ba\u015f plan\u0131\u201dnda yaz\u0131lm\u0131\u015fd\u0131r: \u201cZ\u0259rdab rayonu \u00f6lk\u0259nin \u0259n q\u0259dim rayonlar\u0131ndan biridir. Bizim eradan \u0259vv\u0259l birinci minillikd\u0259 \u0259kin\u00e7ilik burada ya\u015fayan sakinl\u0259rin sosial-iqtisadi h\u0259yat\u0131nda m\u00fch\u00fcm rol oynam\u0131\u015fd\u0131r. Arxeoloji qaz\u0131nt\u0131lar v\u0259 tarixi s\u0259n\u0259dl\u0259r t\u0259sdiq edir ki, burada m\u00fcr\u0259kk\u0259b m\u00fch\u0259ndis qur\u011fular\u0131ndan ibar\u0259t irriqasiya sistemi olmu\u015fdur. \u018fhali burada \u0259kin\u00e7ilikl\u0259, heyvandarl\u0131qla m\u0259\u015f\u011ful olmu\u015fdur.\u201d<\/div>\n<\/div>\n<div class=\"x11i5rnm xat24cr x1mh8g0r x1vvkbs xtlvy1s x126k92a\">\n<div dir=\"auto\">\u201cAz\u0259rbaycan Respublikas\u0131 \u0259razisind\u0259 d\u00f6vl\u0259t m\u00fchafiz\u0259sin\u0259 g\u00f6t\u00fcr\u00fclm\u00fc\u015f da\u015f\u0131nmaz tarix v\u0259 m\u0259d\u0259niyy\u0259t abid\u0259l\u0259rinin \u0259h\u0259miyy\u0259t d\u0259r\u0259c\u0259l\u0259rin\u0259 g\u00f6r\u0259 b\u00f6lg\u00fcs\u00fcn\u00fcn t\u0259sdiq edilm\u0259si haqq\u0131nda\u201d Az\u0259rbaycan Respublikas\u0131 Nazirl\u0259r Kabinetinin 2 avqust 2001-ci il tarixli (N-132) q\u0259rar\u0131 il\u0259 Xanm\u0259mm\u0259dli k\u0259ndind\u0259 a\u015fkar edilmi\u015f k\u00fcp q\u0259birl\u0259ri nekropolu I \u0259sr\u0259 aid edil\u0259r\u0259k \u00f6lk\u0259 \u0259h\u0259miyy\u0259tli da\u015f\u0131nmaz tarix v\u0259 m\u0259d\u0259niyy\u0259t abid\u0259l\u0259rinin siyah\u0131s\u0131na daxil edilmi\u015fdir. Qeyd etm\u0259k yerin\u0259 d\u00fc\u015f\u0259r ki, \u201cnekropol\u201d yunan s\u00f6z\u00fc olub \u201c\u00f6l\u00fc \u015f\u0259h\u0259r\u201d v\u0259 ya \u201c\u015f\u0259h\u0259r-q\u0259bristanl\u0131q\u201d m\u0259nas\u0131n\u0131 verir.<\/div>\n<\/div>\n<div class=\"x11i5rnm xat24cr x1mh8g0r x1vvkbs xtlvy1s x126k92a\">\n<div dir=\"auto\">Bu k\u00fcp q\u0259birinin tap\u0131lmas\u0131n\u0131 H\u00fcseyinxanl\u0131 k\u0259nd \u0259sas m\u0259kt\u0259binin m\u00fc\u0259llimi C\u0259lil B\u0259\u015firov bel\u0259 xat\u0131rlay\u0131r: \u201c1973-cu ilid\u0259 Xanm\u0259mm\u0259dli k\u0259ndinin c\u0259nub-q\u0259rbind\u0259 meliorasiya i\u015fl\u0259ri zaman\u0131 4-5 metr d\u0259rinlikd\u0259 k\u00fcp-q\u0259bir a\u015fkara \u00e7\u0131xd\u0131. M\u0259n k\u00fcp-q\u0259birin i\u00e7\u0259risind\u0259ki qal\u0131qlar\u0131 m\u0259kt\u0259b\u0259 g\u0259tir\u0259r\u0259k ilkin t\u0259dqiqatla m\u0259\u015f\u011ful oldum. \u201cPamb\u0131q\u00e7\u0131\u201d (indiki \u201c\u018fkin\u00e7\u201d q\u0259zetind\u0259 m\u0259qal\u0259il\u0259 \u00e7\u0131x\u0131\u015f etdim, AEA-nin Tarix institutuna m\u00fcraci\u0259t etdim. M\u00fcraci\u0259tim\u0259 cavab olaraq institutun \u0259m\u0259kda\u015f\u0131 \u2013 tarix elml\u0259ri doktoru Fazil Osmanov k\u0259ndimiz\u0259 g\u0259ldi. Tap\u0131nt\u0131lar\u0131n \u0259n \u00f6n\u0259mlil\u0259ri akademiyaya apar\u0131ld\u0131, bir hiss\u0259si is\u0259 bu g\u00fcn d\u0259 m\u0259kt\u0259bd\u0259 saxlan\u0131l\u0131r. Q\u0259brin \u0259n qiym\u0259tli \u0259\u015fyas\u0131 c\u0259s\u0259din aln\u0131na qoyilmu\u015f bir \u0259d\u0259d sikk\u0259 idi. O d\u00f6v\u00fcrl\u0259rd\u0259 respublikam\u0131zda numizmitika \u00fczr\u0259 yegan\u0259 m\u00fct\u0259x\u0259sis \u018fli R\u0259c\u0259bli pulun Ar\u015fuvi h\u00f6kmdar\u0131 I Orodun ad\u0131na z\u0259rb olundu\u011funu m\u00fc\u0259yy\u0259n etdi . Moskvada d\u0259rc edil\u0259n \u201cArxeologi\u00e7eski otkrite\u201d jurnal\u0131nda tap\u0131nt\u0131 haqq\u0131nda m\u0259lumat verildi. Yekun r\u0259y\u0259 g\u00f6r\u0259 q\u0259bir miladdan \u00f6nc\u0259 II \u0259sr\u0259 aiddir.<\/div>\n<\/div>\n<div class=\"x11i5rnm xat24cr x1mh8g0r x1vvkbs xtlvy1s x126k92a\">\n<div dir=\"auto\">\u201cK\u00fcp-q\u0259bir\u201d Fazil Osmanovun k\u00f6m\u0259kliyi il\u0259 Az\u0259rbaycan Sovet Ensiklopediyas\u0131n\u0131n IV cildind\u0259 Z\u0259rdab\u0131n x\u0259rit\u0259sind\u0259 yegan\u0259 arxeoloji tap\u0131nt\u0131 kimi qeyd olundu\u201d.<\/div>\n<\/div>\n<div class=\"x11i5rnm xat24cr x1mh8g0r x1vvkbs xtlvy1s x126k92a\">\n<div dir=\"auto\">B\u00fct\u00fcn bunlar bir daha s\u00fcbut edir ki, Z\u0259rdab rayonu \u0259razisind\u0259 ya\u015fam\u0131\u015f insanlar daha q\u0259dim d\u00f6vrd\u0259n bu \u0259razil\u0259rd\u0259 m\u0259skunla\u015fm\u0131\u015f v\u0259 m\u0259d\u0259ni c\u0259h\u0259td\u0259n y\u00fcks\u0259k s\u0259viyy\u0259d\u0259 inki\u015faf etmi\u015fl\u0259r.<\/div>\n<div dir=\"auto\"><\/div>\n<\/div>\n<div class=\"x11i5rnm xat24cr x1mh8g0r x1vvkbs xtlvy1s x126k92a\">\n<div dir=\"auto\"><strong>Mira\u011fa Ba\u011f\u0131rov (2018-ci il)<\/strong><\/div>\n<\/div>\n","protected":false},"excerpt":{"rendered":"<p>T\u00fcrk d\u00fcnyas\u0131n\u0131n bir par\u00e7as\u0131 olan Az\u0259rbaycan \u0259razisind\u0259 insanlar\u0131n n\u0259 vaxtdan ya\u015famas\u0131 h\u0259l\u0259 d\u0259 d\u0259qiq m\u00fc\u0259yy\u0259n edilm\u0259mi\u015fdir. \u018fn q\u0259dim d\u00f6vr Az\u0259rbaycan tarixinin \u00f6yr\u0259nilm\u0259si yeni arxeoloji materiallar\u0131n a\u015fkar olunmas\u0131n\u0131 z\u0259ruri edir. Z\u0259rdab rayonunun \u0259razisi arxeoloji c\u0259h\u0259td\u0259n dem\u0259k olar ki, \u00f6yr\u0259nilm\u0259mi\u015fdir. Rayonun \u0259razisi q\u0259dim insanlar\u0131n ya\u015famas\u0131 \u00fc\u00e7\u00fcn vacib olan b\u00fct\u00fcn \u015f\u0259rtl\u0259r\u0259 malik idi. Bu \u015f\u0259rtl\u0259r i\u00e7\u0259risind\u0259 \u015firin su [&hellip;]<\/p>\n","protected":false},"author":1,"featured_media":30856,"comment_status":"closed","ping_status":"closed","sticky":false,"template":"","format":"standard","meta":{"footnotes":""},"categories":[63,1],"tags":[],"class_list":{"0":"post-30855","1":"post","2":"type-post","3":"status-publish","4":"format-standard","5":"has-post-thumbnail","7":"category-manset","8":"category-tarix"},"yoast_head":"<!-- This site is optimized with the Yoast SEO plugin v27.0 - https:\/\/yoast.com\/product\/yoast-seo-wordpress\/ -->\n<title>Z\u0259rdab\u0131n tarixi k\u00fcp q\u0259birl\u0259rd\u0259n ba\u015flan\u0131r - Z\u0259rdab.com<\/title>\n<meta name=\"robots\" content=\"index, follow, max-snippet:-1, max-image-preview:large, max-video-preview:-1\" \/>\n<link rel=\"canonical\" href=\"https:\/\/www.zerdab.com\/?p=30855\" \/>\n<meta property=\"og:locale\" content=\"az_AZ\" \/>\n<meta property=\"og:type\" content=\"article\" \/>\n<meta property=\"og:title\" content=\"Z\u0259rdab\u0131n tarixi k\u00fcp q\u0259birl\u0259rd\u0259n ba\u015flan\u0131r - Z\u0259rdab.com\" \/>\n<meta property=\"og:description\" content=\"T\u00fcrk d\u00fcnyas\u0131n\u0131n bir par\u00e7as\u0131 olan Az\u0259rbaycan \u0259razisind\u0259 insanlar\u0131n n\u0259 vaxtdan ya\u015famas\u0131 h\u0259l\u0259 d\u0259 d\u0259qiq m\u00fc\u0259yy\u0259n edilm\u0259mi\u015fdir. \u018fn q\u0259dim d\u00f6vr Az\u0259rbaycan tarixinin \u00f6yr\u0259nilm\u0259si yeni arxeoloji materiallar\u0131n a\u015fkar olunmas\u0131n\u0131 z\u0259ruri edir. Z\u0259rdab rayonunun \u0259razisi arxeoloji c\u0259h\u0259td\u0259n dem\u0259k olar ki, \u00f6yr\u0259nilm\u0259mi\u015fdir. Rayonun \u0259razisi q\u0259dim insanlar\u0131n ya\u015famas\u0131 \u00fc\u00e7\u00fcn vacib olan b\u00fct\u00fcn \u015f\u0259rtl\u0259r\u0259 malik idi. Bu \u015f\u0259rtl\u0259r i\u00e7\u0259risind\u0259 \u015firin su [&hellip;]\" \/>\n<meta property=\"og:url\" content=\"https:\/\/www.zerdab.com\/?p=30855\" \/>\n<meta property=\"og:site_name\" content=\"Z\u0259rdab.com\" \/>\n<meta property=\"article:published_time\" content=\"2024-03-14T12:15:24+00:00\" \/>\n<meta property=\"article:modified_time\" content=\"2024-03-14T12:15:50+00:00\" \/>\n<meta property=\"og:image\" content=\"http:\/\/www.zerdab.com\/wp-content\/uploads\/2024\/03\/zerdab-tarix-diyarsunasliq.jpg\" \/>\n\t<meta property=\"og:image:width\" content=\"768\" \/>\n\t<meta property=\"og:image:height\" content=\"512\" \/>\n\t<meta property=\"og:image:type\" content=\"image\/jpeg\" \/>\n<meta name=\"author\" content=\"admin\" \/>\n<meta name=\"twitter:card\" content=\"summary_large_image\" \/>\n<meta name=\"twitter:label1\" content=\"Written by\" \/>\n\t<meta name=\"twitter:data1\" content=\"admin\" \/>\n\t<meta name=\"twitter:label2\" content=\"Est. reading time\" \/>\n\t<meta name=\"twitter:data2\" content=\"3 minutes\" \/>\n<script type=\"application\/ld+json\" class=\"yoast-schema-graph\">{\"@context\":\"https:\/\/schema.org\",\"@graph\":[{\"@type\":\"Article\",\"@id\":\"https:\/\/www.zerdab.com\/?p=30855#article\",\"isPartOf\":{\"@id\":\"https:\/\/www.zerdab.com\/?p=30855\"},\"author\":{\"name\":\"admin\",\"@id\":\"https:\/\/www.zerdab.com\/#\/schema\/person\/97079b7570c1e89ec0d9e138c3672136\"},\"headline\":\"Z\u0259rdab\u0131n tarixi k\u00fcp q\u0259birl\u0259rd\u0259n ba\u015flan\u0131r\",\"datePublished\":\"2024-03-14T12:15:24+00:00\",\"dateModified\":\"2024-03-14T12:15:50+00:00\",\"mainEntityOfPage\":{\"@id\":\"https:\/\/www.zerdab.com\/?p=30855\"},\"wordCount\":838,\"image\":{\"@id\":\"https:\/\/www.zerdab.com\/?p=30855#primaryimage\"},\"thumbnailUrl\":\"https:\/\/www.zerdab.com\/wp-content\/uploads\/2024\/03\/zerdab-tarix-diyarsunasliq.jpg\",\"articleSection\":[\"MAN\u015eET\",\"Z\u018fRDABIN TAR\u0130X\u0130\"],\"inLanguage\":\"az\"},{\"@type\":\"WebPage\",\"@id\":\"https:\/\/www.zerdab.com\/?p=30855\",\"url\":\"https:\/\/www.zerdab.com\/?p=30855\",\"name\":\"Z\u0259rdab\u0131n tarixi k\u00fcp q\u0259birl\u0259rd\u0259n ba\u015flan\u0131r - Z\u0259rdab.com\",\"isPartOf\":{\"@id\":\"https:\/\/www.zerdab.com\/#website\"},\"primaryImageOfPage\":{\"@id\":\"https:\/\/www.zerdab.com\/?p=30855#primaryimage\"},\"image\":{\"@id\":\"https:\/\/www.zerdab.com\/?p=30855#primaryimage\"},\"thumbnailUrl\":\"https:\/\/www.zerdab.com\/wp-content\/uploads\/2024\/03\/zerdab-tarix-diyarsunasliq.jpg\",\"datePublished\":\"2024-03-14T12:15:24+00:00\",\"dateModified\":\"2024-03-14T12:15:50+00:00\",\"author\":{\"@id\":\"https:\/\/www.zerdab.com\/#\/schema\/person\/97079b7570c1e89ec0d9e138c3672136\"},\"breadcrumb\":{\"@id\":\"https:\/\/www.zerdab.com\/?p=30855#breadcrumb\"},\"inLanguage\":\"az\",\"potentialAction\":[{\"@type\":\"ReadAction\",\"target\":[\"https:\/\/www.zerdab.com\/?p=30855\"]}]},{\"@type\":\"ImageObject\",\"inLanguage\":\"az\",\"@id\":\"https:\/\/www.zerdab.com\/?p=30855#primaryimage\",\"url\":\"https:\/\/www.zerdab.com\/wp-content\/uploads\/2024\/03\/zerdab-tarix-diyarsunasliq.jpg\",\"contentUrl\":\"https:\/\/www.zerdab.com\/wp-content\/uploads\/2024\/03\/zerdab-tarix-diyarsunasliq.jpg\",\"width\":768,\"height\":512,\"caption\":\"zerdab-tarix-diyarsunasliq.png\"},{\"@type\":\"BreadcrumbList\",\"@id\":\"https:\/\/www.zerdab.com\/?p=30855#breadcrumb\",\"itemListElement\":[{\"@type\":\"ListItem\",\"position\":1,\"name\":\"Home\",\"item\":\"https:\/\/www.zerdab.com\/\"},{\"@type\":\"ListItem\",\"position\":2,\"name\":\"Z\u0259rdab\u0131n tarixi k\u00fcp q\u0259birl\u0259rd\u0259n ba\u015flan\u0131r\"}]},{\"@type\":\"WebSite\",\"@id\":\"https:\/\/www.zerdab.com\/#website\",\"url\":\"https:\/\/www.zerdab.com\/\",\"name\":\"Z\u0259rdab.com\",\"description\":\"\",\"potentialAction\":[{\"@type\":\"SearchAction\",\"target\":{\"@type\":\"EntryPoint\",\"urlTemplate\":\"https:\/\/www.zerdab.com\/?s={search_term_string}\"},\"query-input\":{\"@type\":\"PropertyValueSpecification\",\"valueRequired\":true,\"valueName\":\"search_term_string\"}}],\"inLanguage\":\"az\"},{\"@type\":\"Person\",\"@id\":\"https:\/\/www.zerdab.com\/#\/schema\/person\/97079b7570c1e89ec0d9e138c3672136\",\"name\":\"admin\",\"image\":{\"@type\":\"ImageObject\",\"inLanguage\":\"az\",\"@id\":\"https:\/\/www.zerdab.com\/#\/schema\/person\/image\/\",\"url\":\"https:\/\/secure.gravatar.com\/avatar\/d9c52a9a27c32119cb6679a077fa3e2779e5f822c451cbf01098004361d466ec?s=96&d=mm&r=g\",\"contentUrl\":\"https:\/\/secure.gravatar.com\/avatar\/d9c52a9a27c32119cb6679a077fa3e2779e5f822c451cbf01098004361d466ec?s=96&d=mm&r=g\",\"caption\":\"admin\"},\"url\":\"https:\/\/www.zerdab.com\/?author=1\"}]}<\/script>\n<!-- \/ Yoast SEO plugin. -->","yoast_head_json":{"title":"Z\u0259rdab\u0131n tarixi k\u00fcp q\u0259birl\u0259rd\u0259n ba\u015flan\u0131r - Z\u0259rdab.com","robots":{"index":"index","follow":"follow","max-snippet":"max-snippet:-1","max-image-preview":"max-image-preview:large","max-video-preview":"max-video-preview:-1"},"canonical":"https:\/\/www.zerdab.com\/?p=30855","og_locale":"az_AZ","og_type":"article","og_title":"Z\u0259rdab\u0131n tarixi k\u00fcp q\u0259birl\u0259rd\u0259n ba\u015flan\u0131r - Z\u0259rdab.com","og_description":"T\u00fcrk d\u00fcnyas\u0131n\u0131n bir par\u00e7as\u0131 olan Az\u0259rbaycan \u0259razisind\u0259 insanlar\u0131n n\u0259 vaxtdan ya\u015famas\u0131 h\u0259l\u0259 d\u0259 d\u0259qiq m\u00fc\u0259yy\u0259n edilm\u0259mi\u015fdir. \u018fn q\u0259dim d\u00f6vr Az\u0259rbaycan tarixinin \u00f6yr\u0259nilm\u0259si yeni arxeoloji materiallar\u0131n a\u015fkar olunmas\u0131n\u0131 z\u0259ruri edir. Z\u0259rdab rayonunun \u0259razisi arxeoloji c\u0259h\u0259td\u0259n dem\u0259k olar ki, \u00f6yr\u0259nilm\u0259mi\u015fdir. Rayonun \u0259razisi q\u0259dim insanlar\u0131n ya\u015famas\u0131 \u00fc\u00e7\u00fcn vacib olan b\u00fct\u00fcn \u015f\u0259rtl\u0259r\u0259 malik idi. Bu \u015f\u0259rtl\u0259r i\u00e7\u0259risind\u0259 \u015firin su [&hellip;]","og_url":"https:\/\/www.zerdab.com\/?p=30855","og_site_name":"Z\u0259rdab.com","article_published_time":"2024-03-14T12:15:24+00:00","article_modified_time":"2024-03-14T12:15:50+00:00","og_image":[{"width":768,"height":512,"url":"http:\/\/www.zerdab.com\/wp-content\/uploads\/2024\/03\/zerdab-tarix-diyarsunasliq.jpg","type":"image\/jpeg"}],"author":"admin","twitter_card":"summary_large_image","twitter_misc":{"Written by":"admin","Est. reading time":"3 minutes"},"schema":{"@context":"https:\/\/schema.org","@graph":[{"@type":"Article","@id":"https:\/\/www.zerdab.com\/?p=30855#article","isPartOf":{"@id":"https:\/\/www.zerdab.com\/?p=30855"},"author":{"name":"admin","@id":"https:\/\/www.zerdab.com\/#\/schema\/person\/97079b7570c1e89ec0d9e138c3672136"},"headline":"Z\u0259rdab\u0131n tarixi k\u00fcp q\u0259birl\u0259rd\u0259n ba\u015flan\u0131r","datePublished":"2024-03-14T12:15:24+00:00","dateModified":"2024-03-14T12:15:50+00:00","mainEntityOfPage":{"@id":"https:\/\/www.zerdab.com\/?p=30855"},"wordCount":838,"image":{"@id":"https:\/\/www.zerdab.com\/?p=30855#primaryimage"},"thumbnailUrl":"https:\/\/www.zerdab.com\/wp-content\/uploads\/2024\/03\/zerdab-tarix-diyarsunasliq.jpg","articleSection":["MAN\u015eET","Z\u018fRDABIN TAR\u0130X\u0130"],"inLanguage":"az"},{"@type":"WebPage","@id":"https:\/\/www.zerdab.com\/?p=30855","url":"https:\/\/www.zerdab.com\/?p=30855","name":"Z\u0259rdab\u0131n tarixi k\u00fcp q\u0259birl\u0259rd\u0259n ba\u015flan\u0131r - Z\u0259rdab.com","isPartOf":{"@id":"https:\/\/www.zerdab.com\/#website"},"primaryImageOfPage":{"@id":"https:\/\/www.zerdab.com\/?p=30855#primaryimage"},"image":{"@id":"https:\/\/www.zerdab.com\/?p=30855#primaryimage"},"thumbnailUrl":"https:\/\/www.zerdab.com\/wp-content\/uploads\/2024\/03\/zerdab-tarix-diyarsunasliq.jpg","datePublished":"2024-03-14T12:15:24+00:00","dateModified":"2024-03-14T12:15:50+00:00","author":{"@id":"https:\/\/www.zerdab.com\/#\/schema\/person\/97079b7570c1e89ec0d9e138c3672136"},"breadcrumb":{"@id":"https:\/\/www.zerdab.com\/?p=30855#breadcrumb"},"inLanguage":"az","potentialAction":[{"@type":"ReadAction","target":["https:\/\/www.zerdab.com\/?p=30855"]}]},{"@type":"ImageObject","inLanguage":"az","@id":"https:\/\/www.zerdab.com\/?p=30855#primaryimage","url":"https:\/\/www.zerdab.com\/wp-content\/uploads\/2024\/03\/zerdab-tarix-diyarsunasliq.jpg","contentUrl":"https:\/\/www.zerdab.com\/wp-content\/uploads\/2024\/03\/zerdab-tarix-diyarsunasliq.jpg","width":768,"height":512,"caption":"zerdab-tarix-diyarsunasliq.png"},{"@type":"BreadcrumbList","@id":"https:\/\/www.zerdab.com\/?p=30855#breadcrumb","itemListElement":[{"@type":"ListItem","position":1,"name":"Home","item":"https:\/\/www.zerdab.com\/"},{"@type":"ListItem","position":2,"name":"Z\u0259rdab\u0131n tarixi k\u00fcp q\u0259birl\u0259rd\u0259n ba\u015flan\u0131r"}]},{"@type":"WebSite","@id":"https:\/\/www.zerdab.com\/#website","url":"https:\/\/www.zerdab.com\/","name":"Z\u0259rdab.com","description":"","potentialAction":[{"@type":"SearchAction","target":{"@type":"EntryPoint","urlTemplate":"https:\/\/www.zerdab.com\/?s={search_term_string}"},"query-input":{"@type":"PropertyValueSpecification","valueRequired":true,"valueName":"search_term_string"}}],"inLanguage":"az"},{"@type":"Person","@id":"https:\/\/www.zerdab.com\/#\/schema\/person\/97079b7570c1e89ec0d9e138c3672136","name":"admin","image":{"@type":"ImageObject","inLanguage":"az","@id":"https:\/\/www.zerdab.com\/#\/schema\/person\/image\/","url":"https:\/\/secure.gravatar.com\/avatar\/d9c52a9a27c32119cb6679a077fa3e2779e5f822c451cbf01098004361d466ec?s=96&d=mm&r=g","contentUrl":"https:\/\/secure.gravatar.com\/avatar\/d9c52a9a27c32119cb6679a077fa3e2779e5f822c451cbf01098004361d466ec?s=96&d=mm&r=g","caption":"admin"},"url":"https:\/\/www.zerdab.com\/?author=1"}]}},"_links":{"self":[{"href":"https:\/\/www.zerdab.com\/index.php?rest_route=\/wp\/v2\/posts\/30855","targetHints":{"allow":["GET"]}}],"collection":[{"href":"https:\/\/www.zerdab.com\/index.php?rest_route=\/wp\/v2\/posts"}],"about":[{"href":"https:\/\/www.zerdab.com\/index.php?rest_route=\/wp\/v2\/types\/post"}],"author":[{"embeddable":true,"href":"https:\/\/www.zerdab.com\/index.php?rest_route=\/wp\/v2\/users\/1"}],"replies":[{"embeddable":true,"href":"https:\/\/www.zerdab.com\/index.php?rest_route=%2Fwp%2Fv2%2Fcomments&post=30855"}],"version-history":[{"count":1,"href":"https:\/\/www.zerdab.com\/index.php?rest_route=\/wp\/v2\/posts\/30855\/revisions"}],"predecessor-version":[{"id":30857,"href":"https:\/\/www.zerdab.com\/index.php?rest_route=\/wp\/v2\/posts\/30855\/revisions\/30857"}],"wp:featuredmedia":[{"embeddable":true,"href":"https:\/\/www.zerdab.com\/index.php?rest_route=\/wp\/v2\/media\/30856"}],"wp:attachment":[{"href":"https:\/\/www.zerdab.com\/index.php?rest_route=%2Fwp%2Fv2%2Fmedia&parent=30855"}],"wp:term":[{"taxonomy":"category","embeddable":true,"href":"https:\/\/www.zerdab.com\/index.php?rest_route=%2Fwp%2Fv2%2Fcategories&post=30855"},{"taxonomy":"post_tag","embeddable":true,"href":"https:\/\/www.zerdab.com\/index.php?rest_route=%2Fwp%2Fv2%2Ftags&post=30855"}],"curies":[{"name":"wp","href":"https:\/\/api.w.org\/{rel}","templated":true}]}}