{"id":3092,"date":"2012-06-28T09:49:13","date_gmt":"2012-06-28T04:49:13","guid":{"rendered":"http:\/\/www.zerdab.com\/?p=3092"},"modified":"2012-06-28T09:55:25","modified_gmt":"2012-06-28T04:55:25","slug":"xatir%c9%99l%c9%99rd%c9%99-yasayan-h%c9%99myerlimiz-sad%c9%99-s%c9%99mimi-vaqif-agayev","status":"publish","type":"post","link":"https:\/\/www.zerdab.com\/?p=3092","title":{"rendered":"Xatir\u0259l\u0259rd\u0259 ya\u015fayan h\u0259myerlimiz &#8211; sad\u0259, s\u0259mimi Vaqif A\u011fayev"},"content":{"rendered":"<p style=\"text-align: justify;\"><strong><\/strong><a href=\"http:\/\/www.zerdab.com\/?attachment_id=3095\" rel=\"attachment wp-att-3095\"><img loading=\"lazy\" decoding=\"async\" class=\"alignleft  wp-image-3095\" title=\"Vaqif Agayev\" src=\"http:\/\/www.zerdab.com\/wp-content\/uploads\/2012\/06\/Vaqif-Agayev-270x350.jpg\" alt=\"\" width=\"203\" height=\"364\" \/><\/a>Haqq\u0131nda dan\u0131\u015faca\u011f\u0131m insan \u00f6z\u00fcn\u00fcn davran\u0131\u015f\u0131, sad\u0259liyi, s\u0259mimiliyi v\u0259 \u015firin\u00a0 zarafatlar\u0131 il\u0259 ba\u015fqalar\u0131ndan se\u00e7il\u0259rdi. El\u0259 i\u015f\u0259 m\u00fcnasib\u0259td\u0259 d\u0259\u00a0 \u00e7oxlar\u0131ndan s\u00f6z\u00fcn yax\u015f\u0131 m\u0259nas\u0131nda f\u0259rql\u0259n\u0259rdi\u2026<\/p>\n<p style=\"text-align: justify;\"><strong>O, 1951-ci il fevral\u0131n 7-d\u0259 Z\u0259rdab rayonunda ziyal\u0131 ail\u0259sind\u0259 anadan olmu\u015fdu.<\/strong> Orta m\u0259kt\u0259bi bitirdikd\u0259n sonra D.B\u00fcnyadzad\u0259 ad\u0131na Az\u0259rbaycan D\u00f6vl\u0259t Xalq T\u0259s\u0259rr\u00fcfat\u0131 \u0130nstitutuna daxil olmu\u015f, 1977-ci ild\u0259 h\u0259min \u0130nstitutun maliyy\u0259-kredit fak\u00fclt\u0259sini m\u00fcv\u0259ff\u0259qiyy\u0259tl\u0259 bitirib t\u0259hsilini aspiranturada \u00a0davam etdirmi\u015fdir.<\/p>\n<p style=\"text-align: justify;\">\u018fm\u0259k f\u0259aliyy\u0259tin\u0259 h\u0259l\u0259 \u0130nstitutda oxudu\u011fu ill\u0259rd\u0259n ba\u015flam\u0131\u015fd\u0131. Ali t\u0259hsil ald\u0131\u011f\u0131 d\u00f6vrd\u0259 Yerli S\u0259naye Nazirliyind\u0259 m\u00fch\u0259ndis, institutu\u00a0 bitirdikd\u0259n sonra Az\u0259rbaycan Tikinti Bank\u0131n\u0131n (Stroybank) N.N\u0259rimanov rayon filial\u0131nda ba\u015f kredit m\u00fcf\u0259tti\u015fi, Az\u0259rbaycan D\u00f6vl\u0259t Kinomatoqrafiya Komit\u0259sind\u0259 Ba\u015f N\u0259zar\u0259t T\u0259fti\u015f \u0130dar\u0259sinin r\u0259isi, K\u00f6k\u0259-Maya Kombinat\u0131n\u0131n ba\u015f m\u00fchasibi, \u201cXal-Xal\u201d firmas\u0131n\u0131n \u0130cra\u00e7\u0131 Direktoru v\u0259zif\u0259l\u0259rind\u0259 \u00e7al\u0131\u015fm\u0131\u015fd\u0131.<\/p>\n<p style=\"text-align: justify;\">Az\u0259rbaycanda art\u0131q yeni bir iqtisadi infrastruktur sah\u0259si olaraq formala\u015fm\u0131\u015f auditor xidm\u0259tinin t\u0259\u015f\u0259kk\u00fcl tapd\u0131\u011f\u0131 d\u00f6vrd\u0259 Az\u0259rbaycan Respublikas\u0131 Auditorlar Palatas\u0131ndan auditor f\u0259aliyy\u0259ti il\u0259 m\u0259\u015f\u011ful olmaq h\u00fcququ ver\u0259n lisenziyan\u0131 alm\u0131\u015f ilk auditorlardan\u00a0 biri m\u0259hz o, olmu\u015fdu. Audit sah\u0259sin\u0259 g\u0259ldiyi g\u00fcnd\u0259n \u00f6z f\u0259aliyy\u0259ti il\u0259 bu pe\u015f\u0259nin n\u00fcfuzunu y\u00fcks\u0259ltm\u0259k \u00fc\u00e7\u00fcn b\u00fct\u00fcn s\u0259y v\u0259 bacar\u0131\u011f\u0131n\u0131 \u0259sirg\u0259m\u0259zdi. \u00d6z\u00fcn\u0259 v\u0259 \u0259traf\u0131na qar\u015f\u0131 i\u015fl\u0259 ba\u011fl\u0131 g\u00fcz\u0259\u015ft\u0259 getm\u0259yi xo\u015flamazd\u0131. Arxada\u00a0 dan\u0131\u015fan, yaltaq adamlar\u0131 g\u00f6r\u0259n g\u00f6z\u00fc yox idi. S\u00f6z\u00fc \u00fcz\u0259 dem\u0259yi sev\u0259rdi. \u00d6z\u00fc demi\u015fk\u0259n:<\/p>\n<p style=\"text-align: center;\" align=\"center\">\u00a0<strong>He\u00e7 v\u0259d\u0259 s\u0259hv etmir, bilin atalar,<\/strong><\/p>\n<p style=\"text-align: center;\" align=\"center\"><strong>B\u00f6y\u00fcy\u00fcn s\u00f6z\u00fcn\u00fc yadda saxlarlar,<\/strong><\/p>\n<p style=\"text-align: center;\" align=\"center\"><strong>Vaqifin sizl\u0259rd\u0259n bir xahi\u015fi var,<\/strong><\/p>\n<p style=\"text-align: center;\" align=\"center\"><strong>Kims\u0259nin dal\u0131nca s\u00f6hb\u0259t etm\u0259yin.<\/strong><\/p>\n<p style=\"text-align: justify;\">Auditorlar Palatas\u0131n\u0131n b\u00fct\u00fcn t\u0259dbirl\u0259rind\u0259 f\u0259all\u0131\u011f\u0131 il\u0259 se\u00e7il\u0259r, t\u0259klifl\u0259rl\u0259 \u00e7\u0131x\u0131\u015f ed\u0259r v\u0259 n\u00f6qsanlar\u0131 t\u0259nqid etm\u0259kd\u0259n \u00e7\u0259kinm\u0259zdi. Audit sah\u0259sin\u0259 g\u0259li\u015fini \u00f6z\u00fcn\u00fcn dediyi kimi k\u00f6hn\u0259 dostlar\u0131n\u0131n yan\u0131na yeni formatda qay\u0131d\u0131\u015f\u0131 hesab edirdi. Bu d\u00f6vrd\u0259 sanki o, \u00f6z\u00fcn\u00fc yenid\u0259n v\u0259 yeni keyfiyy\u0259tl\u0259rl\u0259 k\u0259\u015ff etmi\u015fdi. 1997-ci il dekabr\u0131n 25-d\u0259\u00a0 t\u0259s\u0259rr\u00fcfat subyektl\u0259rind\u0259 qanunvericilik aktlar\u0131n\u0131n t\u0259l\u0259bl\u0259rin\u0259 riay\u0259t olunmas\u0131, maliyy\u0259 v\u0259 m\u00fchasibat u\u00e7otunun qurulmas\u0131, \u015f\u0259ffafl\u0131\u011f\u0131n t\u0259min olunmas\u0131 i\u015fin\u0259 \u00f6z t\u00f6hf\u0259sini verm\u0259k m\u0259qs\u0259dil\u0259 h\u0259mfikirl\u0259ri il\u0259 birlikd\u0259\u00a0 \u201cRR &amp;VAM-Beyn\u0259lxalq\u201d M\u00fcst\u0259qil Auditor Firmas\u0131n\u0131 yarad\u0131r v\u0259 onun prezidenti olur. Bu\u00a0\u00a0 ill\u0259r \u0259rzind\u0259\u00a0 r\u0259hb\u0259rlik etdiyi firman\u0131 respublikada qabaqc\u0131l auditor firmalar\u0131ndan birin\u0259 \u00e7evir\u0259 bilmi\u015fdi.<\/p>\n<p style=\"text-align: justify;\">\u00a0\u0130qtisad y\u00f6n\u00fcmd\u0259\u00a0 t\u0259hsil alan t\u0259l\u0259b\u0259l\u0259r \u00fc\u00e7\u00fcn n\u0259z\u0259rd\u0259 tutulmu\u015f v\u0259 2001-ci ild\u0259 n\u0259\u015fr olunmu\u015f \u201cAudit\u201d kitab\u0131n\u0131n, 2008-ci ild\u0259 is\u0259 n\u0259\u015fr olunmu\u015f \u201cDaxili audit\u201d kitab\u0131n\u0131n h\u0259mm\u00fc\u0259llifl\u0259rind\u0259n biri olmu\u015fdu. \u00a0\u00a0Onun haqq\u0131nda 2008-ci ild\u0259 n\u0259\u015fr olunmu\u015f &#8220;Az\u0259rbaycan iqtisad\u00e7\u0131lar\u0131&#8221; kitab\u0131nda m\u0259lumat verilmi\u015fdi. O,\u00a0 kollektiv aras\u0131nda b\u00f6y\u00fck n\u00fcfuz sahibi idi. Palata r\u0259hb\u0259rliyi t\u0259r\u0259find\u0259n xidm\u0259tl\u0259ri y\u00fcks\u0259k qiym\u0259tl\u0259ndiril\u0259r\u0259k\u00a0 2007-ci ild\u0259 o, Az\u0259rbaycan Respublikas\u0131n\u0131n \u0130lk F\u0259xri Auditoru medal\u0131 il\u0259 t\u0259ltif edilmi\u015fdir. H\u0259m\u00e7inin o, b\u0259dii yarad\u0131c\u0131l\u0131qla da m\u0259\u015f\u011ful olurdu. \u00d6z\u00fcn\u00fcn dediyi kimi \u0259d\u0259bi yarad\u0131c\u0131l\u0131qla m\u0259\u015f\u011ful olmaq onun \u201chobbisi\u201d idi. Bu \u201chobbi\u201dsi il\u0259 o q\u0131sa zaman k\u0259siyind\u0259 silsil\u0259 kitablarla yadda\u015f\u0131m\u0131za yeni t\u0259rzd\u0259 h\u0259kk olundu. \u018fks\u0259r povest v\u0259 romanlar\u0131n\u0131n s\u00fcjet x\u0259ttini \u00f6z\u00fcn\u00fcn \u015fahidi oldu\u011fu, m\u00fc\u015fahid\u0259 etdiyi, b\u0259z\u0259n is\u0259 birba\u015fa i\u015ftirak\u00e7\u0131s\u0131 oldu\u011fu real h\u0259yat hadis\u0259l\u0259ri t\u0259\u015fkil edir. \u0130lk kitab\u0131n\u0131 \u00e7ap etdir\u0259nd\u0259n sonra c\u0259mi yeddi il ya\u015fad\u0131. Amma yeddi ild\u0259 12 kitab\u0131 \u00fc\u015f\u0131q \u00fcz\u00fc g\u00f6rd\u00fc. El\u0259 bil ki, harasa t\u0259l\u0259sdiyind\u0259n idi. 2003-c\u00fc ild\u0259 \u201cBa\u011fban\u201d, 2004-c\u00fc ild\u0259 \u201cOx\u015far talel\u0259r\u201d, 2005-ci ild\u0259 \u201cH\u0259sr\u0259t\u201d, \u201cDo\u011fmalar\u201d, \u201c\u00d6mr\u00fcn h\u0259zin p\u0131\u00e7\u0131lt\u0131lar\u0131\u201d, 2006-c\u0131 ild\u0259 \u201cAc\u0131 h\u0259qiq\u0259t\u201d, \u201cQara g\u00f6z ya\u015flar\u0131\u201d, 2007-ci ild\u0259 \u201cTale yollar\u0131\u201d v\u0259 \u201cF\u0131nd\u0131ql\u0131 k\u0259ndinin \u0259hvalatlar\u0131\u201d, 2008-ci ild\u0259 \u201cS\u0259n m\u0259nim h\u0259yat\u0131msan\u201d, 2009-cu ild\u0259 \u201cE\u015fq k\u0259p\u0259n\u0259kl\u0259ri\u201d, 2010-cu ild\u0259 \u201cOnun \u015firin yuxular\u0131\u201d adl\u0131 kitablar\u0131 i\u015f\u0131q \u00fcz\u00fc g\u00f6rd\u00fc, \u00f6z\u00fcn\u0259\u00a0 kifay\u0259t q\u0259d\u0259r oxucu k\u00fctl\u0259si tapd\u0131,\u00a0 sevildi v\u0259 r\u0259\u011fb\u0259tl\u0259 qar\u015f\u0131land\u0131. Sa\u011fl\u0131\u011f\u0131nda \u00e7ap etdirm\u0259y\u0259 macal tapmad\u0131\u011f\u0131 \u201cYar\u0131m\u00e7\u0131q qalm\u0131\u015f \u00f6m\u00fcr\u201d adl\u0131 13-c\u00fc\u00a0 kitab\u0131 is\u0259 onun ruhunu \u0259ziz tutanlar\u0131n s\u0259yl\u0259ri n\u0259tic\u0259sind\u0259 bu g\u00fcnl\u0259rd\u0259 i\u015f\u0131q \u00fcz\u00fc g\u00f6rd\u00fc. Ail\u0259li idi. \u0130ki \u00f6vlad\u0131n atas\u0131, iki n\u0259v\u0259nin babas\u0131 idi o&#8230;<\/p>\n<p style=\"text-align: center;\" align=\"center\">\u00a0<strong>Vaqifin d\u00fcnyas\u0131 s\u0259nin boydad\u0131,<\/strong><\/p>\n<p style=\"text-align: center;\" align=\"center\"><strong>Bu d\u00fcnyada n\u0259v\u0259 sevm\u0259k qaydad\u0131,<\/strong><\/p>\n<p style=\"text-align: center;\" align=\"center\"><strong>Ayt\u0259nin sevinci cana faydad\u0131,<\/strong><\/p>\n<p style=\"text-align: center;\" align=\"center\"><strong>Ba\u011f\u0131mda \u0259n dadl\u0131 b\u0259h\u0259r balamsan!<\/strong><\/p>\n<p style=\"text-align: center;\" align=\"center\"><strong>B\u0259h\u0259rd\u0259n d\u0259 \u015firin \u015f\u0259k\u0259r balamsan!<\/strong><\/p>\n<p style=\"text-align: justify;\">\u0130ndi biz\u0259 k\u0259d\u0259rl\u0259 dolu anlar ya\u015fadan, bar\u0259sind\u0259 ke\u00e7mi\u015f zamanda dan\u0131\u015fmal\u0131 oldu\u011fumuz insan son i\u015f yeri kimi \u00f6z taleyini auditor xidm\u0259ti il\u0259 ba\u011flam\u0131\u015f, ta d\u00fcnyas\u0131n\u0131 d\u0259yi\u015f\u0259n\u0259d\u0259k Az\u0259rbaycan Respublikas\u0131n\u0131n Auditorlar Palatas\u0131\u00a0 \u015euras\u0131n\u0131n \u00fczv\u00fc v\u0259 \u201cRR &amp;VAM-Beyn\u0259lxalq\u201d M\u00fcst\u0259qil Auditor Firmas\u0131n\u0131n prezidenti kimi f\u0259aliyy\u0259t g\u00f6st\u0259rmi\u015f Vaqif A\u011fah\u00fcseyn\u00a0 o\u011flu A\u011fayevdir.<\/p>\n<p style=\"text-align: justify;\"><strong>\u00a0 &#8230; S\u0259n\u0259 nec\u0259 m\u00fcraci\u0259t etm\u0259yi he\u00e7 c\u00fcr\u0259 k\u0259sdir\u0259 bilmir\u0259m. S\u0259nin yoxlu\u011funla bar\u0131\u015fmaq ist\u0259s\u0259n d\u0259 al\u0131nm\u0131r. D\u00fcnyas\u0131n\u0131 son ill\u0259rd\u0259 d\u0259yi\u015fmi\u015fl\u0259rin ruhu m\u0259ni ba\u011f\u0131\u015flas\u0131n. S\u0259nd\u0259n dan\u0131\u015fanda birc\u0259 andaca q\u0259h\u0259r hissi q\u0259lbimiz\u0259 hakim k\u0259silir. N\u0259d\u0259n ba\u015flamal\u0131. Vaxts\u0131z \u00f6l\u00fcm h\u0259r \u015feyi yar\u0131m\u00e7\u0131q qoydu. B\u00fct\u00fcn qap\u0131lar\u0131 vaxtl\u0131-vaxts\u0131z d\u00f6y\u0259n amans\u0131z \u00f6l\u00fcm.<\/strong><\/p>\n<p style=\"text-align: justify;\">S\u0259nin bar\u0259nd\u0259 ke\u00e7mi\u015f zamanda dan\u0131\u015fma\u011f\u0131n bizl\u0259r\u00a0 \u00fc\u00e7\u00fcn n\u0259 q\u0259d\u0259r a\u011f\u0131r v\u0259 k\u0259d\u0259rli oldu\u011funu s\u00f6zl\u0259 ifad\u0259 etm\u0259k \u00e7\u0259tind\u0259n d\u0259 \u00e7\u0259tindir. \u00d6z\u00fcn\u00fcn dediyin kimi:<\/p>\n<p style=\"text-align: center;\" align=\"center\">\u00a0<strong>\u00c7arx\u0131 f\u0131rland\u0131qca \u00f6z i\u015fin g\u00f6r\u00fcr,<\/strong><\/p>\n<p style=\"text-align: center;\" align=\"center\"><strong>D\u0259rd\u0259-d\u0259rd g\u0259tirir, amans\u0131z f\u0259l\u0259k.<\/strong><\/p>\n<p style=\"text-align: center;\" align=\"center\"><strong>H\u0259rd\u0259n bir kor at\u0131n da\u015fl\u0131\u011fa s\u00fcr\u00fcr,<\/strong><\/p>\n<p style=\"text-align: center;\" align=\"center\"><strong>Da\u015f k\u0259s\u0259k ya\u011fd\u0131r\u0131r, amans\u0131z f\u0259l\u0259k.<\/strong><\/p>\n<p style=\"text-align: justify;\">S\u0259n\u0259 m\u00fc\u0259llimmi,\u00a0 qarda\u015fm\u0131, dostmu, sirda\u015fm\u0131, \u0259m\u0259kda\u015fm\u0131 deyim, ya sad\u0259c\u0259 i\u015f yolda\u015f\u0131mm\u0131. Yox bunlar\u0131n aras\u0131nda se\u00e7im etm\u0259k s\u0259ni tan\u0131yan bizl\u0259r \u00fc\u00e7\u00fcn deyil. H\u0259r \u015feyd\u0259n \u0259vv\u0259l yax\u015f\u0131 bir insan, l\u0259yaq\u0259tli v\u0259t\u0259nda\u015f idin. S\u0131rf pedaqoji f\u0259aliyy\u0259tl\u0259 m\u0259\u015f\u011ful olmasan da, Palatada auditorlar, auditor t\u0259\u015fkilatlar\u0131n\u0131n m\u00fct\u0259x\u0259ssisl\u0259ri, h\u0259m\u00e7inin d\u00f6vl\u0259t v\u0259 qeyri-d\u00f6vl\u0259t sektorunun n\u00fcmay\u0259nd\u0259l\u0259ri \u00fc\u00e7\u00fcn t\u0259\u015fkil olunan t\u0259dris kurslar\u0131nda d\u0259rs dey\u0259rk\u0259n y\u00fcks\u0259k pedaqoji d\u0259y\u0259rl\u0259ri g\u00f6zl\u0259y\u0259n m\u00fc\u0259llim t\u0259\u0259ss\u00fcrat\u0131 yarada bilirdin. Ham\u0131 s\u0259ni maraqla dinl\u0259y\u0259rdi. Do\u011fma qarda\u015f olmasan da bizi \u00f6z\u00fcn\u0259 do\u011fmala\u015fd\u0131rma\u011f\u0131 bacar\u0131rd\u0131n. Dostlu\u011fa s\u0259daq\u0259td\u0259 s\u0259ninl\u0259 r\u0259qab\u0259t aparmaq \u0259l\u00e7atmaz idi. \u018fm\u0259kda\u015fl\u0131\u011fa g\u0259linc\u0259 ist\u0259r beyn\u0259lxalq s\u0259viyy\u0259li, ist\u0259rs\u0259 d\u0259 yerli s\u0259viyy\u0259li t\u0259dbirl\u0259r olsun, biz s\u0259nin Palata \u015euras\u0131n\u0131n \u00fczv\u00fc olaraq b\u00fct\u00fcn aspektl\u0259rd\u0259 d\u0259st\u0259yini h\u0259mi\u015f\u0259 hiss ed\u0259r v\u0259\u00a0 h\u0259mi\u015f\u0259 d\u0259 yan\u0131m\u0131zda g\u00f6r\u0259rdik. Palata \u015euras\u0131nda auditor t\u0259\u015fkilatlar\u0131n\u0131n t\u0259msil\u00e7isi olaraq uzun m\u00fcdd\u0259t ta bizi t\u0259rk edib haqq d\u00fcnyas\u0131na qovu\u015fanad\u0259k\u00a0 l\u0259yaq\u0259tl\u0259 t\u0259msil etdin. Az\u0259rbaycan auditinin t\u0259\u015f\u0259kk\u00fcl\u00fc, formala\u015fmas\u0131 v\u0259 inki\u015faf\u0131 yolunda g\u00f6st\u0259rdiyin s\u0259yl\u0259r h\u0259mi\u015f\u0259 geni\u015f \u015fax\u0259li olmu\u015f, auditor f\u0259aliyy\u0259tini t\u0259nziml\u0259y\u0259n bir s\u0131ra normativ s\u0259n\u0259dl\u0259rin, metodiki g\u00f6st\u0259ri\u015fl\u0259rin layih\u0259l\u0259rinin m\u00fc\u0259llifi m\u0259hz s\u0259n olmusan. H\u0259min s\u0259n\u0259dl\u0259rd\u0259n s\u0259rb\u0259st auditorlar v\u0259 auditor t\u0259\u015fkilatlar\u0131 indi d\u0259 faydalan\u0131rlar. S\u0259nin g\u00f6z\u0259l keyfiyy\u0259tl\u0259rini el\u0259, obaya, v\u0259t\u0259n\u0259 ba\u011fl\u0131l\u0131\u011f\u0131n tamamlay\u0131rd\u0131. Bu hissl\u0259ri, duy\u011fular\u0131 yazm\u0131\u015f oldu\u011fun \u0259s\u0259rl\u0259rind\u0259 d\u00f6n\u0259-d\u00f6n\u0259 izl\u0259mi\u015fdik.\u00a0\u00a0 D\u00fcnyadan niskilli getdin v\u0259 bu nisgilin zirv\u0259sind\u0259 Qaraba\u011f f\u0259ryad\u0131 dururdu. Bir \u015feirind\u0259 dediyin kimi:<\/p>\n<p style=\"text-align: center;\" align=\"center\">\u00a0<strong>Ey bu yurdun igidl\u0259ri,<\/strong><\/p>\n<p style=\"text-align: center;\" align=\"center\"><strong>Atlar\u0131n getm\u0259k vaxt\u0131d\u0131r!<\/strong><\/p>\n<p style=\"text-align: center;\" align=\"center\"><strong>Bu torpa\u011fa g\u00f6z dik\u0259nin,<\/strong><\/p>\n<p style=\"text-align: center;\" align=\"center\"><strong>G\u00f6z\u00fcn\u00fc t\u00f6km\u0259k vaxt\u0131d\u0131r.<\/strong><\/p>\n<p style=\"text-align: center;\" align=\"center\"><strong>Daha b\u0259sdir s\u0259br eyl\u0259dik,<\/strong><\/p>\n<p style=\"text-align: center;\" align=\"center\"><strong>\u0130lhama! G\u0259lm\u0259k vaxt\u0131d\u0131r.<\/strong><\/p>\n<p style=\"text-align: center;\" align=\"center\"><strong>\u201cV\u0259t\u0259n sa\u011f olsun\u201d dey\u0259r\u0259k,<\/strong><\/p>\n<p style=\"text-align: center;\" align=\"center\"><strong>Vaqif\u0259 \u00f6lm\u0259k vaxt\u0131d\u0131r.<\/strong><\/p>\n<p style=\"text-align: center;\" align=\"center\"><strong>\u00d6vlad h\u0259sr\u0259ti il\u0259 yan\u0131b,<\/strong><\/p>\n<p style=\"text-align: center;\" align=\"center\"><strong>G\u00f6zl\u0259ri dolan \u015eu\u015fad\u0131r&#8230;<\/strong><\/p>\n<p style=\"text-align: justify;\">S\u0259nin sin\u0259nd\u0259 V\u0259t\u0259n\u0259, el-obaya, ail\u0259y\u0259, \u00f6vladlar\u0131na v\u0259 n\u0259hay\u0259t n\u0259v\u0259l\u0259rin\u0259 d\u0259rin m\u0259h\u0259bb\u0259ti olan \u015fair t\u0259bi\u0259tli bir \u00fcr\u0259k d\u00f6y\u00fcn\u00fcrd\u00fc. Bu m\u0259h\u0259bb\u0259ti \u00fcr\u0259yind\u0259n s\u00fczd\u00fcr\u0259r\u0259k yazd\u0131\u011f\u0131n \u015feirl\u0259rin\u0259, povest v\u0259 romanlar\u0131na\u00a0 hopdurdun qarda\u015f. S\u0259n\u0259 ke\u00e7mi\u015f zamanla m\u00fcraci\u0259t etm\u0259k a\u011f\u0131rdan-a\u011f\u0131rd\u0131r Vaqif.<\/p>\n<p style=\"text-align: center;\" align=\"center\">\u00a0<strong>Q\u0259brin t\u0259kdir ziyar\u0259t\u0259 g\u0259l\u0259n yox,<\/strong><\/p>\n<p style=\"text-align: center;\" align=\"center\"><strong>El k\u00f6\u00e7\u00fcbd\u00fcr yurd-yuvada qalan yox,<\/strong><\/p>\n<p style=\"text-align: center;\" align=\"center\"><strong>Saz\u0131n susub el havas\u0131n \u00e7alan yox,<\/strong><\/p>\n<p style=\"text-align: center;\" align=\"center\"><strong>G\u0259l, ay D\u0259d\u0259, s\u0259n\u0259 yaman m\u00f6htacam.<\/strong><\/p>\n<p style=\"text-align: justify;\">\u00a0Deyirl\u0259r q\u0259l\u0259m \u0259hli Allaha \u0259n yax\u0131n insanlardand\u0131r. S\u0259n q\u0259l\u0259mini h\u0259m \u015feird\u0259, h\u0259m d\u0259 n\u0259srd\u0259 s\u0131nad\u0131n. \u00d6z\u00fc d\u0259 u\u011furla he\u00e7 k\u0259si t\u0259lqin v\u0259 t\u0259krar etm\u0259d\u0259n \u00f6z\u00fcn duydu\u011fun kimi yazd\u0131n. Yazd\u0131\u011f\u0131n \u015feirl\u0259rinin h\u0259r misras\u0131nda \u00fcr\u0259yinin s\u0259sini duymamaq m\u00fcmk\u00fcn deyil. H\u0259mi\u015f\u0259 d\u0259 s\u0259mimiyy\u0259tl\u0259 dolu t\u0259vaz\u00f6karl\u0131qla dey\u0259rdin, m\u0259n n\u0259 \u015fair\u0259m, n\u0259 d\u0259 yaz\u0131\u00e7\u0131, sad\u0259c\u0259 h\u0259v\u0259skaram. S\u0259nin bu \u201ch\u0259v\u0259skar\u201dl\u0131\u011f\u0131n \u015feir, povest v\u0259 romanlar\u0131n\u0131n c\u0259ml\u0259\u015fdiyi 12\u00a0 qal\u0131n cildli kitablara \u00e7evrildi. Sev\u0259nl\u0259rin bu\u00a0 istedad\u0131n\u0131n, yaz\u0131b-yaratmaq e\u015fqi il\u0259 dolu\u00a0 \u00fcr\u0259yinin vur\u011funu idi v\u0259 h\u0259r kitab\u0131n i\u015f\u0131q \u00fcz\u00fc g\u00f6r\u0259nd\u0259 s\u0259ninl\u0259 b\u0259rab\u0259r \u00fcr\u0259kdolusu sevin\u0259rdik. \u0130ndi kitablar\u0131n\u0131n ham\u0131s\u0131 r\u0259fimizin \u00f6n s\u0131ras\u0131ndad\u0131r. Sanki i\u00e7imizd\u0259ki Vaqif yoxlu\u011funun k\u0259d\u0259rini bir q\u0259d\u0259r yum\u015faltmaq \u00fc\u00e7\u00fcn.\u00a0 Ya\u015fasayd\u0131n h\u0259l\u0259 ne\u00e7\u0259 kitablar \u0259rs\u0259y\u0259 g\u0259tir\u0259c\u0259kdin&#8230;<\/p>\n<p style=\"text-align: justify;\">Heyifl\u0259r olsun ki, layiq oldu\u011fun \u0259n \u00fclvi s\u00f6zl\u0259ri s\u0259n\u0259 n\u0259 \u0259vv\u0259ll\u0259r sa\u011fl\u0131\u011f\u0131nda, n\u0259 d\u0259 indi yoxlu\u011funda tap\u0131b dey\u0259 bilir\u0259m. V\u0259 y\u0259qin ki, bu da s\u0259nin b\u00f6y\u00fck m\u0259n\u0259vi d\u00fcnyanla ba\u011fl\u0131d\u0131r. S\u0259nin ham\u0131ya xas olmayan bir c\u0259h\u0259t\u0259, x\u00fcsusiyy\u0259t\u0259, d\u0259rin duyma qabiliyy\u0259tin\u0259\u00a0 malik olma\u011f\u0131n\u0131 etiraf etm\u0259yi \u00f6z\u00fcm\u00fcz\u0259 borc bilir\u0259m.\u00a0 Bu da sirda\u015f sand\u0131\u011f\u0131n insanlara s\u00f6yl\u0259diyin \u201ctez bir zamanda haqqa qovu\u015faca\u011fam\u201d dem\u0259yin idi. \u00c7ap etdirm\u0259y\u0259 macal tapmad\u0131\u011f\u0131n sonuncu kitab\u0131n\u0131n ad\u0131n\u0131 da b\u0259lk\u0259 el\u0259 bu s\u0259b\u0259bd\u0259n \u201cYar\u0131m\u00e7\u0131q qalm\u0131\u015f \u00f6m\u00fcr\u201d qoymu\u015fdun. Sanki uca Tanr\u0131n\u0131n s\u0259ni tezlikl\u0259 \u00f6z\u00fcn\u00fcn haqq d\u0259rgah\u0131na aparaca\u011f\u0131n\u0131 hiss etmi\u015fdin.<\/p>\n<p style=\"text-align: justify;\"><strong>Yana\u015f\u0131 oturdu\u011fun Palata \u015euras\u0131n\u0131n \u00fczvl\u0259ri v\u0259 Palata Aparat\u0131n\u0131n \u0259m\u0259kda\u015flar\u0131 il\u0259 birlikd\u0259 s\u0259nin arxivd\u0259 saxlan\u0131lan \u015f\u0259xsi i\u015fini v\u0259 Az\u0259rbaycan Auditi sistemind\u0259 \u00f6z yeri olan RR&amp;VAM Beyn\u0259lxalq m\u00fcst\u0259qil auditor firmas\u0131n\u0131n \u015f\u0259xsi i\u015fini varaqlay\u0131r\u0131q. Kimi g\u00f6z ya\u015flar\u0131 i\u00e7ind\u0259, kimi k\u0259d\u0259r dolu bax\u0131\u015flarla. Ham\u0131 h\u00fczn i\u00e7ind\u0259.\u00a0\u00a0<\/strong><\/p>\n<p style=\"text-align: justify;\"><strong>S\u0259nin \u015eura iclaslar\u0131nda, t\u0259dbirl\u0259rd\u0259 \u00e7\u0131x\u0131\u015flar\u0131n\u0131n yeri g\u00f6r\u00fcn\u00fcr Vaqif!<\/strong><\/p>\n<p style=\"text-align: justify;\">Ke\u00e7iril\u0259n m\u00fcxt\u0259lif s\u0259pkili t\u0259dbirl\u0259rd\u0259 \u00fcr\u0259kd\u0259n deyil\u0259n, \u00e7ox zaman b\u0259dii ifad\u0259l\u0259rl\u0259 z\u0259ngin, \u00fcmumi i\u015fimiz\u0259 canyan\u011f\u0131s\u0131ndan ir\u0259li g\u0259l\u0259n, b\u0259z\u0259n pafoslu, b\u0259z\u0259n is\u0259 \u00e7\u0131l\u011f\u0131n xarakterin\u0259 uy\u011fun emosional \u00e7\u0131x\u0131\u015flar\u0131n indi d\u0259 g\u00f6z\u00fcm\u00fcz \u00f6n\u00fcnd\u0259dir. <strong>Palatada yerin do\u011frudan do\u011fruya g\u00f6r\u00fcn\u00fcr Vaqif! Oturdu\u011fun \u015eura \u00fczv\u00fc stulun uzun m\u00fcdd\u0259t bo\u015f qald\u0131. He\u00e7 k\u0259s oturma\u011fa \u00fcr\u0259k etmirdi. Sanki ham\u0131 s\u0259nin indic\u0259 qap\u0131n\u0131 a\u00e7araq ota\u011fa daxil olaca\u011f\u0131n\u0131 g\u00f6zl\u0259yirdi.<\/strong><\/p>\n<p style=\"text-align: justify;\">Ancaq bu m\u00fcmk\u00fcns\u00fczd\u00fc, s\u0259n art\u0131q \u0259b\u0259diyy\u0259t\u0259 qovu\u015fmu\u015fdun\u2026<\/p>\n<p style=\"text-align: justify;\"><strong>60 illik yubileyini 2011-ci ilin 7 fevral tarixind\u0259 s\u0259ninl\u0259 birlikd\u0259 t\u0259m-t\u0259raqla qeyd etm\u0259yi planla\u015fd\u0131r\u0131rd\u0131q. F\u0259q\u0259t amans\u0131z \u00f6l\u00fcm h\u0259r \u015feyi alt-\u00fcst etdi. \u0130ndi s\u0259n ham\u0131n\u0131 ha\u00e7ansa, haradasa haqlayan v\u0259 ham\u0131n\u0131 b\u0259rab\u0259rl\u0259\u015fdir\u0259n haqq d\u00fcnyas\u0131ndasan Vaqif m\u00fc\u0259llim. Biz\u0259 is\u0259 s\u0259nd\u0259n yadigar qalan \u015firin xatir\u0259l\u0259rin, yadigar qoydu\u011fun qalaq-qalaq kitablar\u0131n, s\u0259ni sev\u0259n yax\u0131nl\u0131-uzaql\u0131 insanlar v\u0259 t\u00fck\u0259nm\u0259z nisgilin. S\u0259n \u00f6l\u00fcm\u00fcnl\u0259 sanki \u00f6l\u00fcml\u0259 aram\u0131zdak\u0131\u00a0 \u00e7\u0259p\u0259ri g\u00f6t\u00fcrd\u00fcn. Bu da y\u0259qin s\u0259nin ruh adam\u0131 olma\u011f\u0131ndand\u0131r. T\u0259s\u0259llimiz budur ki, Vaqif L\u0259l\u0259hm\u0259dli oca\u011f\u0131nda ki\u00e7ik 3 ya\u015fl\u0131 Vaqif A\u011fayev b\u00f6y\u00fcy\u00fcr.<\/strong><\/p>\n<p style=\"text-align: justify;\">Qurdu\u011fun ocaq \u0259b\u0259diya\u015far olsun. Rahat yat qarda\u015f\u0131m, ruhun \u015fad olsun, q\u0259brin nurla dolsun.<\/p>\n<p style=\"text-align: justify;\"><strong>Vaqif A\u011fayevin xatir\u0259sini \u0259ziz tutan dostlar\u0131 v\u0259 i\u015f yolda\u015flar\u0131 ad\u0131ndan &#8211; Az\u0259rbaycan Respublikas\u0131 Auditorlar Palatas\u0131n\u0131n\u00a0 Auditin t\u0259nziml\u0259nm\u0259si, t\u0259\u015fkili v\u0259 \u015f\u0259ffafl\u0131\u011f\u0131 t\u0259minat\u0131 idar\u0259sinin r\u0259isi\u00a0 Maarif Abbasov<br \/>\n<\/strong><\/p>\n","protected":false},"excerpt":{"rendered":"<p>Haqq\u0131nda dan\u0131\u015faca\u011f\u0131m insan \u00f6z\u00fcn\u00fcn davran\u0131\u015f\u0131, sad\u0259liyi, s\u0259mimiliyi v\u0259 \u015firin\u00a0 zarafatlar\u0131 il\u0259 ba\u015fqalar\u0131ndan se\u00e7il\u0259rdi. El\u0259 i\u015f\u0259 m\u00fcnasib\u0259td\u0259 d\u0259\u00a0 \u00e7oxlar\u0131ndan s\u00f6z\u00fcn yax\u015f\u0131 m\u0259nas\u0131nda f\u0259rql\u0259n\u0259rdi\u2026 O, 1951-ci il fevral\u0131n 7-d\u0259 Z\u0259rdab rayonunda ziyal\u0131 ail\u0259sind\u0259 anadan olmu\u015fdu. Orta m\u0259kt\u0259bi bitirdikd\u0259n sonra D.B\u00fcnyadzad\u0259 ad\u0131na Az\u0259rbaycan D\u00f6vl\u0259t Xalq T\u0259s\u0259rr\u00fcfat\u0131 \u0130nstitutuna daxil olmu\u015f, 1977-ci ild\u0259 h\u0259min \u0130nstitutun maliyy\u0259-kredit fak\u00fclt\u0259sini m\u00fcv\u0259ff\u0259qiyy\u0259tl\u0259 bitirib t\u0259hsilini [&hellip;]<\/p>\n","protected":false},"author":1,"featured_media":0,"comment_status":"open","ping_status":"open","sticky":false,"template":"","format":"standard","meta":{"footnotes":""},"categories":[7],"tags":[],"class_list":{"0":"post-3092","1":"post","2":"type-post","3":"status-publish","4":"format-standard","6":"category-ziyalilar"},"yoast_head":"<!-- This site is optimized with the Yoast SEO plugin v27.0 - https:\/\/yoast.com\/product\/yoast-seo-wordpress\/ -->\n<title>Xatir\u0259l\u0259rd\u0259 ya\u015fayan h\u0259myerlimiz - sad\u0259, s\u0259mimi Vaqif A\u011fayev - Z\u0259rdab.com<\/title>\n<meta name=\"robots\" content=\"index, follow, max-snippet:-1, max-image-preview:large, max-video-preview:-1\" \/>\n<link rel=\"canonical\" href=\"https:\/\/www.zerdab.com\/?p=3092\" \/>\n<meta property=\"og:locale\" content=\"az_AZ\" \/>\n<meta property=\"og:type\" content=\"article\" \/>\n<meta property=\"og:title\" content=\"Xatir\u0259l\u0259rd\u0259 ya\u015fayan h\u0259myerlimiz - sad\u0259, s\u0259mimi Vaqif A\u011fayev - Z\u0259rdab.com\" \/>\n<meta property=\"og:description\" content=\"Haqq\u0131nda dan\u0131\u015faca\u011f\u0131m insan \u00f6z\u00fcn\u00fcn davran\u0131\u015f\u0131, sad\u0259liyi, s\u0259mimiliyi v\u0259 \u015firin\u00a0 zarafatlar\u0131 il\u0259 ba\u015fqalar\u0131ndan se\u00e7il\u0259rdi. El\u0259 i\u015f\u0259 m\u00fcnasib\u0259td\u0259 d\u0259\u00a0 \u00e7oxlar\u0131ndan s\u00f6z\u00fcn yax\u015f\u0131 m\u0259nas\u0131nda f\u0259rql\u0259n\u0259rdi\u2026 O, 1951-ci il fevral\u0131n 7-d\u0259 Z\u0259rdab rayonunda ziyal\u0131 ail\u0259sind\u0259 anadan olmu\u015fdu. Orta m\u0259kt\u0259bi bitirdikd\u0259n sonra D.B\u00fcnyadzad\u0259 ad\u0131na Az\u0259rbaycan D\u00f6vl\u0259t Xalq T\u0259s\u0259rr\u00fcfat\u0131 \u0130nstitutuna daxil olmu\u015f, 1977-ci ild\u0259 h\u0259min \u0130nstitutun maliyy\u0259-kredit fak\u00fclt\u0259sini m\u00fcv\u0259ff\u0259qiyy\u0259tl\u0259 bitirib t\u0259hsilini [&hellip;]\" \/>\n<meta property=\"og:url\" content=\"https:\/\/www.zerdab.com\/?p=3092\" \/>\n<meta property=\"og:site_name\" content=\"Z\u0259rdab.com\" \/>\n<meta property=\"article:published_time\" content=\"2012-06-28T04:49:13+00:00\" \/>\n<meta property=\"article:modified_time\" content=\"2012-06-28T04:55:25+00:00\" \/>\n<meta property=\"og:image\" content=\"http:\/\/www.zerdab.com\/wp-content\/uploads\/2012\/06\/Vaqif-Agayev-270x350.jpg\" \/>\n<meta name=\"author\" content=\"admin\" \/>\n<meta name=\"twitter:card\" content=\"summary_large_image\" \/>\n<meta name=\"twitter:label1\" content=\"Written by\" \/>\n\t<meta name=\"twitter:data1\" content=\"admin\" \/>\n\t<meta name=\"twitter:label2\" content=\"Est. reading time\" \/>\n\t<meta name=\"twitter:data2\" content=\"13 minutes\" \/>\n<script type=\"application\/ld+json\" class=\"yoast-schema-graph\">{\"@context\":\"https:\/\/schema.org\",\"@graph\":[{\"@type\":\"Article\",\"@id\":\"https:\/\/www.zerdab.com\/?p=3092#article\",\"isPartOf\":{\"@id\":\"https:\/\/www.zerdab.com\/?p=3092\"},\"author\":{\"name\":\"admin\",\"@id\":\"https:\/\/www.zerdab.com\/#\/schema\/person\/97079b7570c1e89ec0d9e138c3672136\"},\"headline\":\"Xatir\u0259l\u0259rd\u0259 ya\u015fayan h\u0259myerlimiz &#8211; sad\u0259, s\u0259mimi Vaqif A\u011fayev\",\"datePublished\":\"2012-06-28T04:49:13+00:00\",\"dateModified\":\"2012-06-28T04:55:25+00:00\",\"mainEntityOfPage\":{\"@id\":\"https:\/\/www.zerdab.com\/?p=3092\"},\"wordCount\":2516,\"commentCount\":1,\"image\":{\"@id\":\"https:\/\/www.zerdab.com\/?p=3092#primaryimage\"},\"thumbnailUrl\":\"http:\/\/www.zerdab.com\/wp-content\/uploads\/2012\/06\/Vaqif-Agayev-270x350.jpg\",\"articleSection\":[\"F\u018fXRL\u018fR\u0130M\u0130Z\"],\"inLanguage\":\"az\",\"potentialAction\":[{\"@type\":\"CommentAction\",\"name\":\"Comment\",\"target\":[\"https:\/\/www.zerdab.com\/?p=3092#respond\"]}]},{\"@type\":\"WebPage\",\"@id\":\"https:\/\/www.zerdab.com\/?p=3092\",\"url\":\"https:\/\/www.zerdab.com\/?p=3092\",\"name\":\"Xatir\u0259l\u0259rd\u0259 ya\u015fayan h\u0259myerlimiz - sad\u0259, s\u0259mimi Vaqif A\u011fayev - Z\u0259rdab.com\",\"isPartOf\":{\"@id\":\"https:\/\/www.zerdab.com\/#website\"},\"primaryImageOfPage\":{\"@id\":\"https:\/\/www.zerdab.com\/?p=3092#primaryimage\"},\"image\":{\"@id\":\"https:\/\/www.zerdab.com\/?p=3092#primaryimage\"},\"thumbnailUrl\":\"http:\/\/www.zerdab.com\/wp-content\/uploads\/2012\/06\/Vaqif-Agayev-270x350.jpg\",\"datePublished\":\"2012-06-28T04:49:13+00:00\",\"dateModified\":\"2012-06-28T04:55:25+00:00\",\"author\":{\"@id\":\"https:\/\/www.zerdab.com\/#\/schema\/person\/97079b7570c1e89ec0d9e138c3672136\"},\"breadcrumb\":{\"@id\":\"https:\/\/www.zerdab.com\/?p=3092#breadcrumb\"},\"inLanguage\":\"az\",\"potentialAction\":[{\"@type\":\"ReadAction\",\"target\":[\"https:\/\/www.zerdab.com\/?p=3092\"]}]},{\"@type\":\"ImageObject\",\"inLanguage\":\"az\",\"@id\":\"https:\/\/www.zerdab.com\/?p=3092#primaryimage\",\"url\":\"\",\"contentUrl\":\"\"},{\"@type\":\"BreadcrumbList\",\"@id\":\"https:\/\/www.zerdab.com\/?p=3092#breadcrumb\",\"itemListElement\":[{\"@type\":\"ListItem\",\"position\":1,\"name\":\"Home\",\"item\":\"https:\/\/www.zerdab.com\/\"},{\"@type\":\"ListItem\",\"position\":2,\"name\":\"Xatir\u0259l\u0259rd\u0259 ya\u015fayan h\u0259myerlimiz &#8211; sad\u0259, s\u0259mimi Vaqif A\u011fayev\"}]},{\"@type\":\"WebSite\",\"@id\":\"https:\/\/www.zerdab.com\/#website\",\"url\":\"https:\/\/www.zerdab.com\/\",\"name\":\"Z\u0259rdab.com\",\"description\":\"\",\"potentialAction\":[{\"@type\":\"SearchAction\",\"target\":{\"@type\":\"EntryPoint\",\"urlTemplate\":\"https:\/\/www.zerdab.com\/?s={search_term_string}\"},\"query-input\":{\"@type\":\"PropertyValueSpecification\",\"valueRequired\":true,\"valueName\":\"search_term_string\"}}],\"inLanguage\":\"az\"},{\"@type\":\"Person\",\"@id\":\"https:\/\/www.zerdab.com\/#\/schema\/person\/97079b7570c1e89ec0d9e138c3672136\",\"name\":\"admin\",\"image\":{\"@type\":\"ImageObject\",\"inLanguage\":\"az\",\"@id\":\"https:\/\/www.zerdab.com\/#\/schema\/person\/image\/\",\"url\":\"https:\/\/secure.gravatar.com\/avatar\/d9c52a9a27c32119cb6679a077fa3e2779e5f822c451cbf01098004361d466ec?s=96&d=mm&r=g\",\"contentUrl\":\"https:\/\/secure.gravatar.com\/avatar\/d9c52a9a27c32119cb6679a077fa3e2779e5f822c451cbf01098004361d466ec?s=96&d=mm&r=g\",\"caption\":\"admin\"},\"url\":\"https:\/\/www.zerdab.com\/?author=1\"}]}<\/script>\n<!-- \/ Yoast SEO plugin. -->","yoast_head_json":{"title":"Xatir\u0259l\u0259rd\u0259 ya\u015fayan h\u0259myerlimiz - sad\u0259, s\u0259mimi Vaqif A\u011fayev - Z\u0259rdab.com","robots":{"index":"index","follow":"follow","max-snippet":"max-snippet:-1","max-image-preview":"max-image-preview:large","max-video-preview":"max-video-preview:-1"},"canonical":"https:\/\/www.zerdab.com\/?p=3092","og_locale":"az_AZ","og_type":"article","og_title":"Xatir\u0259l\u0259rd\u0259 ya\u015fayan h\u0259myerlimiz - sad\u0259, s\u0259mimi Vaqif A\u011fayev - Z\u0259rdab.com","og_description":"Haqq\u0131nda dan\u0131\u015faca\u011f\u0131m insan \u00f6z\u00fcn\u00fcn davran\u0131\u015f\u0131, sad\u0259liyi, s\u0259mimiliyi v\u0259 \u015firin\u00a0 zarafatlar\u0131 il\u0259 ba\u015fqalar\u0131ndan se\u00e7il\u0259rdi. El\u0259 i\u015f\u0259 m\u00fcnasib\u0259td\u0259 d\u0259\u00a0 \u00e7oxlar\u0131ndan s\u00f6z\u00fcn yax\u015f\u0131 m\u0259nas\u0131nda f\u0259rql\u0259n\u0259rdi\u2026 O, 1951-ci il fevral\u0131n 7-d\u0259 Z\u0259rdab rayonunda ziyal\u0131 ail\u0259sind\u0259 anadan olmu\u015fdu. Orta m\u0259kt\u0259bi bitirdikd\u0259n sonra D.B\u00fcnyadzad\u0259 ad\u0131na Az\u0259rbaycan D\u00f6vl\u0259t Xalq T\u0259s\u0259rr\u00fcfat\u0131 \u0130nstitutuna daxil olmu\u015f, 1977-ci ild\u0259 h\u0259min \u0130nstitutun maliyy\u0259-kredit fak\u00fclt\u0259sini m\u00fcv\u0259ff\u0259qiyy\u0259tl\u0259 bitirib t\u0259hsilini [&hellip;]","og_url":"https:\/\/www.zerdab.com\/?p=3092","og_site_name":"Z\u0259rdab.com","article_published_time":"2012-06-28T04:49:13+00:00","article_modified_time":"2012-06-28T04:55:25+00:00","og_image":[{"url":"http:\/\/www.zerdab.com\/wp-content\/uploads\/2012\/06\/Vaqif-Agayev-270x350.jpg","type":"","width":"","height":""}],"author":"admin","twitter_card":"summary_large_image","twitter_misc":{"Written by":"admin","Est. reading time":"13 minutes"},"schema":{"@context":"https:\/\/schema.org","@graph":[{"@type":"Article","@id":"https:\/\/www.zerdab.com\/?p=3092#article","isPartOf":{"@id":"https:\/\/www.zerdab.com\/?p=3092"},"author":{"name":"admin","@id":"https:\/\/www.zerdab.com\/#\/schema\/person\/97079b7570c1e89ec0d9e138c3672136"},"headline":"Xatir\u0259l\u0259rd\u0259 ya\u015fayan h\u0259myerlimiz &#8211; sad\u0259, s\u0259mimi Vaqif A\u011fayev","datePublished":"2012-06-28T04:49:13+00:00","dateModified":"2012-06-28T04:55:25+00:00","mainEntityOfPage":{"@id":"https:\/\/www.zerdab.com\/?p=3092"},"wordCount":2516,"commentCount":1,"image":{"@id":"https:\/\/www.zerdab.com\/?p=3092#primaryimage"},"thumbnailUrl":"http:\/\/www.zerdab.com\/wp-content\/uploads\/2012\/06\/Vaqif-Agayev-270x350.jpg","articleSection":["F\u018fXRL\u018fR\u0130M\u0130Z"],"inLanguage":"az","potentialAction":[{"@type":"CommentAction","name":"Comment","target":["https:\/\/www.zerdab.com\/?p=3092#respond"]}]},{"@type":"WebPage","@id":"https:\/\/www.zerdab.com\/?p=3092","url":"https:\/\/www.zerdab.com\/?p=3092","name":"Xatir\u0259l\u0259rd\u0259 ya\u015fayan h\u0259myerlimiz - sad\u0259, s\u0259mimi Vaqif A\u011fayev - Z\u0259rdab.com","isPartOf":{"@id":"https:\/\/www.zerdab.com\/#website"},"primaryImageOfPage":{"@id":"https:\/\/www.zerdab.com\/?p=3092#primaryimage"},"image":{"@id":"https:\/\/www.zerdab.com\/?p=3092#primaryimage"},"thumbnailUrl":"http:\/\/www.zerdab.com\/wp-content\/uploads\/2012\/06\/Vaqif-Agayev-270x350.jpg","datePublished":"2012-06-28T04:49:13+00:00","dateModified":"2012-06-28T04:55:25+00:00","author":{"@id":"https:\/\/www.zerdab.com\/#\/schema\/person\/97079b7570c1e89ec0d9e138c3672136"},"breadcrumb":{"@id":"https:\/\/www.zerdab.com\/?p=3092#breadcrumb"},"inLanguage":"az","potentialAction":[{"@type":"ReadAction","target":["https:\/\/www.zerdab.com\/?p=3092"]}]},{"@type":"ImageObject","inLanguage":"az","@id":"https:\/\/www.zerdab.com\/?p=3092#primaryimage","url":"","contentUrl":""},{"@type":"BreadcrumbList","@id":"https:\/\/www.zerdab.com\/?p=3092#breadcrumb","itemListElement":[{"@type":"ListItem","position":1,"name":"Home","item":"https:\/\/www.zerdab.com\/"},{"@type":"ListItem","position":2,"name":"Xatir\u0259l\u0259rd\u0259 ya\u015fayan h\u0259myerlimiz &#8211; sad\u0259, s\u0259mimi Vaqif A\u011fayev"}]},{"@type":"WebSite","@id":"https:\/\/www.zerdab.com\/#website","url":"https:\/\/www.zerdab.com\/","name":"Z\u0259rdab.com","description":"","potentialAction":[{"@type":"SearchAction","target":{"@type":"EntryPoint","urlTemplate":"https:\/\/www.zerdab.com\/?s={search_term_string}"},"query-input":{"@type":"PropertyValueSpecification","valueRequired":true,"valueName":"search_term_string"}}],"inLanguage":"az"},{"@type":"Person","@id":"https:\/\/www.zerdab.com\/#\/schema\/person\/97079b7570c1e89ec0d9e138c3672136","name":"admin","image":{"@type":"ImageObject","inLanguage":"az","@id":"https:\/\/www.zerdab.com\/#\/schema\/person\/image\/","url":"https:\/\/secure.gravatar.com\/avatar\/d9c52a9a27c32119cb6679a077fa3e2779e5f822c451cbf01098004361d466ec?s=96&d=mm&r=g","contentUrl":"https:\/\/secure.gravatar.com\/avatar\/d9c52a9a27c32119cb6679a077fa3e2779e5f822c451cbf01098004361d466ec?s=96&d=mm&r=g","caption":"admin"},"url":"https:\/\/www.zerdab.com\/?author=1"}]}},"_links":{"self":[{"href":"https:\/\/www.zerdab.com\/index.php?rest_route=\/wp\/v2\/posts\/3092","targetHints":{"allow":["GET"]}}],"collection":[{"href":"https:\/\/www.zerdab.com\/index.php?rest_route=\/wp\/v2\/posts"}],"about":[{"href":"https:\/\/www.zerdab.com\/index.php?rest_route=\/wp\/v2\/types\/post"}],"author":[{"embeddable":true,"href":"https:\/\/www.zerdab.com\/index.php?rest_route=\/wp\/v2\/users\/1"}],"replies":[{"embeddable":true,"href":"https:\/\/www.zerdab.com\/index.php?rest_route=%2Fwp%2Fv2%2Fcomments&post=3092"}],"version-history":[{"count":4,"href":"https:\/\/www.zerdab.com\/index.php?rest_route=\/wp\/v2\/posts\/3092\/revisions"}],"predecessor-version":[{"id":3094,"href":"https:\/\/www.zerdab.com\/index.php?rest_route=\/wp\/v2\/posts\/3092\/revisions\/3094"}],"wp:attachment":[{"href":"https:\/\/www.zerdab.com\/index.php?rest_route=%2Fwp%2Fv2%2Fmedia&parent=3092"}],"wp:term":[{"taxonomy":"category","embeddable":true,"href":"https:\/\/www.zerdab.com\/index.php?rest_route=%2Fwp%2Fv2%2Fcategories&post=3092"},{"taxonomy":"post_tag","embeddable":true,"href":"https:\/\/www.zerdab.com\/index.php?rest_route=%2Fwp%2Fv2%2Ftags&post=3092"}],"curies":[{"name":"wp","href":"https:\/\/api.w.org\/{rel}","templated":true}]}}