{"id":30970,"date":"2024-04-30T14:51:17","date_gmt":"2024-04-30T10:51:17","guid":{"rendered":"https:\/\/www.zerdab.com\/?p=30970"},"modified":"2024-04-30T14:52:36","modified_gmt":"2024-04-30T10:52:36","slug":"avropa-cempionu-titulunu-qazanan-ilk-az%c9%99rbaycan-sahmatcisi-ulviyy%c9%99-f%c9%99t%c9%99liyevani-z%c9%99rdab-rayonu-il%c9%99-n%c9%99-baglayir-video","status":"publish","type":"post","link":"https:\/\/www.zerdab.com\/?p=30970","title":{"rendered":"Avropa \u00e7empionu titulunu qazanan ilk Az\u0259rbaycan \u015fahmat\u00e7\u0131s\u0131 \u00dclviyy\u0259 F\u0259t\u0259liyevan\u0131 Z\u0259rdab rayonu il\u0259 n\u0259 ba\u011flay\u0131r? &#8211; V\u0130DEO"},"content":{"rendered":"<p>X\u0259b\u0259r verdiyimiz kimi, Yunan\u0131stan\u0131n Rodos adas\u0131nda t\u0259\u015fkil edil\u0259n qad\u0131n \u015fahmat\u00e7\u0131lar\u0131n Avropa \u00e7empionat\u0131nda Az\u0259rbaycanl\u0131 \u015fahmat\u00e7\u0131 \u00dclviyy\u0259 F\u0259t\u0259liyeva q\u0131z\u0131l medal qazan\u0131b. 10 oyunda 8,5 xal toplayan \u00dclviyy\u0259 Avropa \u00e7empionu titulunu qazanan ilk Az\u0259rbaycan \u015fahmat\u00e7\u0131s\u0131 kimi tarix\u0259 d\u00fc\u015f\u00fcb. T\u00fcrkiy\u0259d\u0259 ya\u015fayan jurnalist, h\u0259myerlimiz Aynur \u0130mran\u0131n <strong>Zerdab.com<\/strong> sayt\u0131na bildirib ki, \u00dclviyy\u0259 F\u0259t\u0259liyeva \u0259sl\u0259n Z\u0259rdab rayonundand\u0131r. \u00dclviyy\u0259 F\u0259t\u0259liyevan\u0131 d\u00fcn\u0259n birinci vitse-prezident Mehriban \u018fliyeva da t\u0259brik edib. T\u0259brikd\u0259 deyilir: \u201c\u018fziz \u00dclviyy\u0259! Parlaq q\u0259l\u0259b\u0259 m\u00fcnasib\u0259til\u0259 s\u0259ni \u00fcr\u0259kd\u0259n t\u0259brik edir\u0259m! \u018fm\u0259yin\u0259 v\u0259 irad\u0259n\u0259 g\u00f6r\u0259 \u00e7ox sa\u011f ol! S\u0259ninl\u0259 f\u0259xr edir\u0259m! Az\u0259rbaycana Q\u0259l\u0259b\u0259l\u0259r yara\u015f\u0131r!\u201d.<\/p>\n<p><img loading=\"lazy\" decoding=\"async\" class=\"aligncenter size-full wp-image-30973\" src=\"http:\/\/www.zerdab.com\/wp-content\/uploads\/2024\/04\/IMG-20240430-WA0013.jpg\" alt=\"Zerdab-ulviye-png\" width=\"1000\" height=\"500\" srcset=\"https:\/\/www.zerdab.com\/wp-content\/uploads\/2024\/04\/IMG-20240430-WA0013.jpg 1000w, https:\/\/www.zerdab.com\/wp-content\/uploads\/2024\/04\/IMG-20240430-WA0013-400x200.jpg 400w, https:\/\/www.zerdab.com\/wp-content\/uploads\/2024\/04\/IMG-20240430-WA0013-550x275.jpg 550w, https:\/\/www.zerdab.com\/wp-content\/uploads\/2024\/04\/IMG-20240430-WA0013-768x384.jpg 768w, https:\/\/www.zerdab.com\/wp-content\/uploads\/2024\/04\/IMG-20240430-WA0013-696x348.jpg 696w, https:\/\/www.zerdab.com\/wp-content\/uploads\/2024\/04\/IMG-20240430-WA0013-840x420.jpg 840w\" sizes=\"auto, (max-width: 1000px) 100vw, 1000px\" \/><br \/>\n<strong>Zerdab.com<\/strong> sayt\u0131 \u00dclviyy\u0259 F\u0259t\u0259liyeva il\u0259 ba\u011fl\u0131 b\u0259zi m\u0259lumatlar\u0131 d\u0259qiql\u0259\u015fdirib. Bildir\u0259k ki, \u00dclviyy\u0259 F\u0259t\u0259liyeva Z\u0259rdab rayonunun \u0130saqba\u011f\u0131 k\u0259ndind\u0259n olan v\u0259 G\u0259nc\u0259 \u015f\u0259h\u0259rind\u0259 ya\u015fayan Fasil F\u0259t\u0259liyevin q\u0131z\u0131d\u0131r. F\u0259t\u0259liyev Hasil Kamal\u0259ddin o\u011flu Az\u0259rbaycan \u015f\u0259rab\u00e7\u0131l\u0131\u011f\u0131 tarixind\u0259 ilk doktor v\u0259 professordur. Hasil F\u0259t\u0259liyev 1959-cu ild\u0259 Z\u0259rdab rayonunda anadan olub. 1981-ci ild\u0259 Az\u0259rbaycan K\u0259nd T\u0259s\u0259rr\u00fcfat\u0131 \u0130nstitutunun (indiki Az\u0259rbaycan D\u00f6vl\u0259t Aqrar Universiteti &#8211; ADAU) \u201cMeyv\u0259-t\u0259r\u0259v\u0259z\u00e7ilik v\u0259 \u00fcz\u00fcm\u00e7\u00fcl\u00fck\u201d fak\u00fclt\u0259sinin \u201c\u00dcz\u00fcm\u00e7\u00fcl\u00fck v\u0259 \u00fcz\u00fcm\u00fcn ilkin emal\u0131\u201d ixtisasla\u015fmas\u0131n\u0131 f\u0259rql\u0259nm\u0259 diplomu il\u0259 bitirib v\u0259 SSR\u0130 K\u0259nd T\u0259s\u0259rr\u00fcfat\u0131 Nazirliyinin g\u00f6nd\u0259ri\u015fin\u0259 \u0259sas\u0259n h\u0259min institutda assistent v\u0259zif\u0259sin\u0259 t\u0259yin edilib. 1987-ci ild\u0259 h\u0259min \u0130nstitutda dissertasiya i\u015fini m\u00fcdafi\u0259 ed\u0259r\u0259k texnika elml\u0259ri namiz\u0259di alimlik d\u0259r\u0259c\u0259si al\u0131b. 2005-c\u0131 ild\u0259 doktorluq dissertasiya i\u015fini m\u00fcdafi\u0259 ed\u0259r\u0259k texnika elml\u0259ri doktoru elmi d\u0259r\u0259c\u0259si, sonra is\u0259 professor elmi ad\u0131 al\u0131b.<br \/>\nProfessor Hasil F\u0259t\u0259liyevin \u0259m\u0259yi y\u00fcks\u0259k qiym\u0259tl\u0259ndirilib v\u0259 o, t\u0259hsild\u0259 \u0259ld\u0259 etdiyi u\u011furlara g\u00f6r\u0259 Prezidentin 2010-cu il 18 may tarixli s\u0259r\u0259ncam\u0131 il\u0259 \u201cT\u0259r\u0259qqi\u201d medal\u0131 il\u0259 t\u0259ltif olunub.<br \/>\nHasil m\u00fc\u0259llim do\u011fma Z\u0259rdab rayonuna ba\u011fl\u0131 insand\u0131r. O, uzun ill\u0259rdir ki, G\u0259nc\u0259 \u015f\u0259h\u0259rind\u0259 ya\u015fasa da, qohum-\u0259qraba, do\u011fma k\u0259ndi il\u0259 \u0259laq\u0259sini k\u0259smir.<br \/>\nHasil m\u00fc\u0259llimin q\u0131z\u0131 \u00dclviyy\u0259 F\u0259t\u0259liyeva 3 avqust 1996-c\u0131 ild\u0259 G\u0259nc\u0259d\u0259 anadan olub.<br \/>\nO, 2010-cu ild\u0259 Batumid\u0259 ke\u00e7iril\u0259n 14 ya\u015fad\u0259k \u015fahmat\u00e7\u0131lar aras\u0131nda Avropa \u00e7empionat\u0131nda b\u00fct\u00fcn r\u0259qibl\u0259rini \u00fcst\u0259l\u0259y\u0259r\u0259k birinci olub. 2011-ci ild\u0259 20 ya\u015fl\u0131 q\u0131zlar aras\u0131nda Az\u0259rbaycan \u00e7empionu olub.<br \/>\n2014-c\u00fc ild\u0259 Batumid\u0259 t\u0259\u015fkil olunmu\u015f 18 ya\u015fad\u0259k \u015fahmat\u00e7\u0131lar aras\u0131nda Avropa \u00e7empionat\u0131nda q\u0131z\u0131l medal qazan\u0131b.<br \/>\n2017-ci ild\u0259 qad\u0131nlar aras\u0131nda Az\u0259rbaycan \u00e7empionat\u0131nda g\u00fcm\u00fc\u015f medal qazan\u0131b. Eyni ild\u0259 Az\u0259rbaycan\u0131n \u201cOdlar Yurdu\u201d komandas\u0131n\u0131n hey\u0259tind\u0259 T\u00fcrkiy\u0259nin Antalya \u015f\u0259h\u0259rind\u0259 ke\u00e7irilmi\u015f klub komandalar\u0131 aras\u0131nda Avropa Kubokunda g\u00fcm\u00fc\u015f medal qazan\u0131b.<br \/>\n2022-ci ild\u0259 \u00c7exiyan\u0131n paytaxt\u0131 Praqada ke\u00e7iril\u0259n qad\u0131nlar\u0131n Avropa \u00e7empionat\u0131nda b\u00fcr\u00fcnc medala layiq g\u00f6r\u00fcl\u00fcb.<br \/>\n2024-c\u00fc ild\u0259 Yunan\u0131standa ba\u015f tutmu\u015f Avropa \u00e7empionat\u0131nda 8,5 xalla qalib olub. Bel\u0259likl\u0259, Avropa \u00e7empionat\u0131nda q\u0131z\u0131l medal qazanm\u0131\u015f ilk Az\u0259rbaycan qad\u0131n \u015fahmat\u00e7\u0131s\u0131 kimi tarix\u0259 d\u00fc\u015f\u00fcb.<br \/>\n<strong>Zerdab.com<\/strong> sayt\u0131 \u00dclviyy\u0259 F\u0259t\u0259liyevaya h\u0259sr olunmu\u015f videonu t\u0259qdim edir. \u00dclviyy\u0259ni, onun atas\u0131 Hasil m\u00fc\u0259llimi bel\u0259 m\u00f6ht\u0259\u015f\u0259m u\u011fur m\u00fcnasib\u0259til\u0259 t\u0259brik edir, q\u00fcrur duyuruq.<br \/>\n<strong>Zerdab.com<\/strong><\/p>\n<div class=\"youtube-embed\" data-video_id=\"-9PyCAxZiuc\"><iframe loading=\"lazy\" title=\"T\u0259hsil TV-nin filmi: \u00dclviyy\u0259 F\u0259t\u0259liyeva\" width=\"696\" height=\"392\" src=\"https:\/\/www.youtube.com\/embed\/-9PyCAxZiuc?feature=oembed&#038;enablejsapi=1\" frameborder=\"0\" allow=\"accelerometer; autoplay; clipboard-write; encrypted-media; gyroscope; picture-in-picture; web-share\" referrerpolicy=\"strict-origin-when-cross-origin\" allowfullscreen><\/iframe><\/div>\n","protected":false},"excerpt":{"rendered":"<p>X\u0259b\u0259r verdiyimiz kimi, Yunan\u0131stan\u0131n Rodos adas\u0131nda t\u0259\u015fkil edil\u0259n qad\u0131n \u015fahmat\u00e7\u0131lar\u0131n Avropa \u00e7empionat\u0131nda Az\u0259rbaycanl\u0131 \u015fahmat\u00e7\u0131 \u00dclviyy\u0259 F\u0259t\u0259liyeva q\u0131z\u0131l medal qazan\u0131b. 10 oyunda 8,5 xal toplayan \u00dclviyy\u0259 Avropa \u00e7empionu titulunu qazanan ilk Az\u0259rbaycan \u015fahmat\u00e7\u0131s\u0131 kimi tarix\u0259 d\u00fc\u015f\u00fcb. T\u00fcrkiy\u0259d\u0259 ya\u015fayan jurnalist, h\u0259myerlimiz Aynur \u0130mran\u0131n Zerdab.com sayt\u0131na bildirib ki, \u00dclviyy\u0259 F\u0259t\u0259liyeva \u0259sl\u0259n Z\u0259rdab rayonundand\u0131r. \u00dclviyy\u0259 F\u0259t\u0259liyevan\u0131 d\u00fcn\u0259n birinci vitse-prezident [&hellip;]<\/p>\n","protected":false},"author":1,"featured_media":30971,"comment_status":"closed","ping_status":"closed","sticky":false,"template":"","format":"standard","meta":{"footnotes":""},"categories":[63,5],"tags":[],"class_list":{"0":"post-30970","1":"post","2":"type-post","3":"status-publish","4":"format-standard","5":"has-post-thumbnail","7":"category-manset","8":"category-knd"},"yoast_head":"<!-- This site is optimized with the Yoast SEO plugin v27.0 - https:\/\/yoast.com\/product\/yoast-seo-wordpress\/ -->\n<title>Avropa \u00e7empionu titulunu qazanan ilk Az\u0259rbaycan \u015fahmat\u00e7\u0131s\u0131 \u00dclviyy\u0259 F\u0259t\u0259liyevan\u0131 Z\u0259rdab rayonu il\u0259 n\u0259 ba\u011flay\u0131r? - V\u0130DEO - Z\u0259rdab.com<\/title>\n<meta name=\"robots\" content=\"index, follow, max-snippet:-1, max-image-preview:large, max-video-preview:-1\" \/>\n<link rel=\"canonical\" href=\"https:\/\/www.zerdab.com\/?p=30970\" \/>\n<meta property=\"og:locale\" content=\"az_AZ\" \/>\n<meta property=\"og:type\" content=\"article\" \/>\n<meta property=\"og:title\" content=\"Avropa \u00e7empionu titulunu qazanan ilk Az\u0259rbaycan \u015fahmat\u00e7\u0131s\u0131 \u00dclviyy\u0259 F\u0259t\u0259liyevan\u0131 Z\u0259rdab rayonu il\u0259 n\u0259 ba\u011flay\u0131r? - V\u0130DEO - Z\u0259rdab.com\" \/>\n<meta property=\"og:description\" content=\"X\u0259b\u0259r verdiyimiz kimi, Yunan\u0131stan\u0131n Rodos adas\u0131nda t\u0259\u015fkil edil\u0259n qad\u0131n \u015fahmat\u00e7\u0131lar\u0131n Avropa \u00e7empionat\u0131nda Az\u0259rbaycanl\u0131 \u015fahmat\u00e7\u0131 \u00dclviyy\u0259 F\u0259t\u0259liyeva q\u0131z\u0131l medal qazan\u0131b. 10 oyunda 8,5 xal toplayan \u00dclviyy\u0259 Avropa \u00e7empionu titulunu qazanan ilk Az\u0259rbaycan \u015fahmat\u00e7\u0131s\u0131 kimi tarix\u0259 d\u00fc\u015f\u00fcb. T\u00fcrkiy\u0259d\u0259 ya\u015fayan jurnalist, h\u0259myerlimiz Aynur \u0130mran\u0131n Zerdab.com sayt\u0131na bildirib ki, \u00dclviyy\u0259 F\u0259t\u0259liyeva \u0259sl\u0259n Z\u0259rdab rayonundand\u0131r. \u00dclviyy\u0259 F\u0259t\u0259liyevan\u0131 d\u00fcn\u0259n birinci vitse-prezident [&hellip;]\" \/>\n<meta property=\"og:url\" content=\"https:\/\/www.zerdab.com\/?p=30970\" \/>\n<meta property=\"og:site_name\" content=\"Z\u0259rdab.com\" \/>\n<meta property=\"article:published_time\" content=\"2024-04-30T10:51:17+00:00\" \/>\n<meta property=\"article:modified_time\" content=\"2024-04-30T10:52:36+00:00\" \/>\n<meta property=\"og:image\" content=\"http:\/\/www.zerdab.com\/wp-content\/uploads\/2024\/04\/IMG-20240430-WA0014.jpg\" \/>\n\t<meta property=\"og:image:width\" content=\"1000\" \/>\n\t<meta property=\"og:image:height\" content=\"500\" \/>\n\t<meta property=\"og:image:type\" content=\"image\/jpeg\" \/>\n<meta name=\"author\" content=\"admin\" \/>\n<meta name=\"twitter:card\" content=\"summary_large_image\" \/>\n<meta name=\"twitter:label1\" content=\"Written by\" \/>\n\t<meta name=\"twitter:data1\" content=\"admin\" \/>\n\t<meta name=\"twitter:label2\" content=\"Est. reading time\" \/>\n\t<meta name=\"twitter:data2\" content=\"3 minutes\" \/>\n<script type=\"application\/ld+json\" class=\"yoast-schema-graph\">{\"@context\":\"https:\/\/schema.org\",\"@graph\":[{\"@type\":\"Article\",\"@id\":\"https:\/\/www.zerdab.com\/?p=30970#article\",\"isPartOf\":{\"@id\":\"https:\/\/www.zerdab.com\/?p=30970\"},\"author\":{\"name\":\"admin\",\"@id\":\"https:\/\/www.zerdab.com\/#\/schema\/person\/97079b7570c1e89ec0d9e138c3672136\"},\"headline\":\"Avropa \u00e7empionu titulunu qazanan ilk Az\u0259rbaycan \u015fahmat\u00e7\u0131s\u0131 \u00dclviyy\u0259 F\u0259t\u0259liyevan\u0131 Z\u0259rdab rayonu il\u0259 n\u0259 ba\u011flay\u0131r? &#8211; V\u0130DEO\",\"datePublished\":\"2024-04-30T10:51:17+00:00\",\"dateModified\":\"2024-04-30T10:52:36+00:00\",\"mainEntityOfPage\":{\"@id\":\"https:\/\/www.zerdab.com\/?p=30970\"},\"wordCount\":679,\"image\":{\"@id\":\"https:\/\/www.zerdab.com\/?p=30970#primaryimage\"},\"thumbnailUrl\":\"https:\/\/www.zerdab.com\/wp-content\/uploads\/2024\/04\/IMG-20240430-WA0014.jpg\",\"articleSection\":[\"MAN\u015eET\",\"X\u018fB\u018fRL\u018fR\"],\"inLanguage\":\"az\"},{\"@type\":\"WebPage\",\"@id\":\"https:\/\/www.zerdab.com\/?p=30970\",\"url\":\"https:\/\/www.zerdab.com\/?p=30970\",\"name\":\"Avropa \u00e7empionu titulunu qazanan ilk Az\u0259rbaycan \u015fahmat\u00e7\u0131s\u0131 \u00dclviyy\u0259 F\u0259t\u0259liyevan\u0131 Z\u0259rdab rayonu il\u0259 n\u0259 ba\u011flay\u0131r? - V\u0130DEO - Z\u0259rdab.com\",\"isPartOf\":{\"@id\":\"https:\/\/www.zerdab.com\/#website\"},\"primaryImageOfPage\":{\"@id\":\"https:\/\/www.zerdab.com\/?p=30970#primaryimage\"},\"image\":{\"@id\":\"https:\/\/www.zerdab.com\/?p=30970#primaryimage\"},\"thumbnailUrl\":\"https:\/\/www.zerdab.com\/wp-content\/uploads\/2024\/04\/IMG-20240430-WA0014.jpg\",\"datePublished\":\"2024-04-30T10:51:17+00:00\",\"dateModified\":\"2024-04-30T10:52:36+00:00\",\"author\":{\"@id\":\"https:\/\/www.zerdab.com\/#\/schema\/person\/97079b7570c1e89ec0d9e138c3672136\"},\"breadcrumb\":{\"@id\":\"https:\/\/www.zerdab.com\/?p=30970#breadcrumb\"},\"inLanguage\":\"az\",\"potentialAction\":[{\"@type\":\"ReadAction\",\"target\":[\"https:\/\/www.zerdab.com\/?p=30970\"]}]},{\"@type\":\"ImageObject\",\"inLanguage\":\"az\",\"@id\":\"https:\/\/www.zerdab.com\/?p=30970#primaryimage\",\"url\":\"https:\/\/www.zerdab.com\/wp-content\/uploads\/2024\/04\/IMG-20240430-WA0014.jpg\",\"contentUrl\":\"https:\/\/www.zerdab.com\/wp-content\/uploads\/2024\/04\/IMG-20240430-WA0014.jpg\",\"width\":1000,\"height\":500},{\"@type\":\"BreadcrumbList\",\"@id\":\"https:\/\/www.zerdab.com\/?p=30970#breadcrumb\",\"itemListElement\":[{\"@type\":\"ListItem\",\"position\":1,\"name\":\"Home\",\"item\":\"https:\/\/www.zerdab.com\/\"},{\"@type\":\"ListItem\",\"position\":2,\"name\":\"Avropa \u00e7empionu titulunu qazanan ilk Az\u0259rbaycan \u015fahmat\u00e7\u0131s\u0131 \u00dclviyy\u0259 F\u0259t\u0259liyevan\u0131 Z\u0259rdab rayonu il\u0259 n\u0259 ba\u011flay\u0131r? &#8211; V\u0130DEO\"}]},{\"@type\":\"WebSite\",\"@id\":\"https:\/\/www.zerdab.com\/#website\",\"url\":\"https:\/\/www.zerdab.com\/\",\"name\":\"Z\u0259rdab.com\",\"description\":\"\",\"potentialAction\":[{\"@type\":\"SearchAction\",\"target\":{\"@type\":\"EntryPoint\",\"urlTemplate\":\"https:\/\/www.zerdab.com\/?s={search_term_string}\"},\"query-input\":{\"@type\":\"PropertyValueSpecification\",\"valueRequired\":true,\"valueName\":\"search_term_string\"}}],\"inLanguage\":\"az\"},{\"@type\":\"Person\",\"@id\":\"https:\/\/www.zerdab.com\/#\/schema\/person\/97079b7570c1e89ec0d9e138c3672136\",\"name\":\"admin\",\"image\":{\"@type\":\"ImageObject\",\"inLanguage\":\"az\",\"@id\":\"https:\/\/www.zerdab.com\/#\/schema\/person\/image\/\",\"url\":\"https:\/\/secure.gravatar.com\/avatar\/d9c52a9a27c32119cb6679a077fa3e2779e5f822c451cbf01098004361d466ec?s=96&d=mm&r=g\",\"contentUrl\":\"https:\/\/secure.gravatar.com\/avatar\/d9c52a9a27c32119cb6679a077fa3e2779e5f822c451cbf01098004361d466ec?s=96&d=mm&r=g\",\"caption\":\"admin\"},\"url\":\"https:\/\/www.zerdab.com\/?author=1\"}]}<\/script>\n<!-- \/ Yoast SEO plugin. -->","yoast_head_json":{"title":"Avropa \u00e7empionu titulunu qazanan ilk Az\u0259rbaycan \u015fahmat\u00e7\u0131s\u0131 \u00dclviyy\u0259 F\u0259t\u0259liyevan\u0131 Z\u0259rdab rayonu il\u0259 n\u0259 ba\u011flay\u0131r? - V\u0130DEO - Z\u0259rdab.com","robots":{"index":"index","follow":"follow","max-snippet":"max-snippet:-1","max-image-preview":"max-image-preview:large","max-video-preview":"max-video-preview:-1"},"canonical":"https:\/\/www.zerdab.com\/?p=30970","og_locale":"az_AZ","og_type":"article","og_title":"Avropa \u00e7empionu titulunu qazanan ilk Az\u0259rbaycan \u015fahmat\u00e7\u0131s\u0131 \u00dclviyy\u0259 F\u0259t\u0259liyevan\u0131 Z\u0259rdab rayonu il\u0259 n\u0259 ba\u011flay\u0131r? - V\u0130DEO - Z\u0259rdab.com","og_description":"X\u0259b\u0259r verdiyimiz kimi, Yunan\u0131stan\u0131n Rodos adas\u0131nda t\u0259\u015fkil edil\u0259n qad\u0131n \u015fahmat\u00e7\u0131lar\u0131n Avropa \u00e7empionat\u0131nda Az\u0259rbaycanl\u0131 \u015fahmat\u00e7\u0131 \u00dclviyy\u0259 F\u0259t\u0259liyeva q\u0131z\u0131l medal qazan\u0131b. 10 oyunda 8,5 xal toplayan \u00dclviyy\u0259 Avropa \u00e7empionu titulunu qazanan ilk Az\u0259rbaycan \u015fahmat\u00e7\u0131s\u0131 kimi tarix\u0259 d\u00fc\u015f\u00fcb. T\u00fcrkiy\u0259d\u0259 ya\u015fayan jurnalist, h\u0259myerlimiz Aynur \u0130mran\u0131n Zerdab.com sayt\u0131na bildirib ki, \u00dclviyy\u0259 F\u0259t\u0259liyeva \u0259sl\u0259n Z\u0259rdab rayonundand\u0131r. \u00dclviyy\u0259 F\u0259t\u0259liyevan\u0131 d\u00fcn\u0259n birinci vitse-prezident [&hellip;]","og_url":"https:\/\/www.zerdab.com\/?p=30970","og_site_name":"Z\u0259rdab.com","article_published_time":"2024-04-30T10:51:17+00:00","article_modified_time":"2024-04-30T10:52:36+00:00","og_image":[{"width":1000,"height":500,"url":"http:\/\/www.zerdab.com\/wp-content\/uploads\/2024\/04\/IMG-20240430-WA0014.jpg","type":"image\/jpeg"}],"author":"admin","twitter_card":"summary_large_image","twitter_misc":{"Written by":"admin","Est. reading time":"3 minutes"},"schema":{"@context":"https:\/\/schema.org","@graph":[{"@type":"Article","@id":"https:\/\/www.zerdab.com\/?p=30970#article","isPartOf":{"@id":"https:\/\/www.zerdab.com\/?p=30970"},"author":{"name":"admin","@id":"https:\/\/www.zerdab.com\/#\/schema\/person\/97079b7570c1e89ec0d9e138c3672136"},"headline":"Avropa \u00e7empionu titulunu qazanan ilk Az\u0259rbaycan \u015fahmat\u00e7\u0131s\u0131 \u00dclviyy\u0259 F\u0259t\u0259liyevan\u0131 Z\u0259rdab rayonu il\u0259 n\u0259 ba\u011flay\u0131r? &#8211; V\u0130DEO","datePublished":"2024-04-30T10:51:17+00:00","dateModified":"2024-04-30T10:52:36+00:00","mainEntityOfPage":{"@id":"https:\/\/www.zerdab.com\/?p=30970"},"wordCount":679,"image":{"@id":"https:\/\/www.zerdab.com\/?p=30970#primaryimage"},"thumbnailUrl":"https:\/\/www.zerdab.com\/wp-content\/uploads\/2024\/04\/IMG-20240430-WA0014.jpg","articleSection":["MAN\u015eET","X\u018fB\u018fRL\u018fR"],"inLanguage":"az"},{"@type":"WebPage","@id":"https:\/\/www.zerdab.com\/?p=30970","url":"https:\/\/www.zerdab.com\/?p=30970","name":"Avropa \u00e7empionu titulunu qazanan ilk Az\u0259rbaycan \u015fahmat\u00e7\u0131s\u0131 \u00dclviyy\u0259 F\u0259t\u0259liyevan\u0131 Z\u0259rdab rayonu il\u0259 n\u0259 ba\u011flay\u0131r? - V\u0130DEO - Z\u0259rdab.com","isPartOf":{"@id":"https:\/\/www.zerdab.com\/#website"},"primaryImageOfPage":{"@id":"https:\/\/www.zerdab.com\/?p=30970#primaryimage"},"image":{"@id":"https:\/\/www.zerdab.com\/?p=30970#primaryimage"},"thumbnailUrl":"https:\/\/www.zerdab.com\/wp-content\/uploads\/2024\/04\/IMG-20240430-WA0014.jpg","datePublished":"2024-04-30T10:51:17+00:00","dateModified":"2024-04-30T10:52:36+00:00","author":{"@id":"https:\/\/www.zerdab.com\/#\/schema\/person\/97079b7570c1e89ec0d9e138c3672136"},"breadcrumb":{"@id":"https:\/\/www.zerdab.com\/?p=30970#breadcrumb"},"inLanguage":"az","potentialAction":[{"@type":"ReadAction","target":["https:\/\/www.zerdab.com\/?p=30970"]}]},{"@type":"ImageObject","inLanguage":"az","@id":"https:\/\/www.zerdab.com\/?p=30970#primaryimage","url":"https:\/\/www.zerdab.com\/wp-content\/uploads\/2024\/04\/IMG-20240430-WA0014.jpg","contentUrl":"https:\/\/www.zerdab.com\/wp-content\/uploads\/2024\/04\/IMG-20240430-WA0014.jpg","width":1000,"height":500},{"@type":"BreadcrumbList","@id":"https:\/\/www.zerdab.com\/?p=30970#breadcrumb","itemListElement":[{"@type":"ListItem","position":1,"name":"Home","item":"https:\/\/www.zerdab.com\/"},{"@type":"ListItem","position":2,"name":"Avropa \u00e7empionu titulunu qazanan ilk Az\u0259rbaycan \u015fahmat\u00e7\u0131s\u0131 \u00dclviyy\u0259 F\u0259t\u0259liyevan\u0131 Z\u0259rdab rayonu il\u0259 n\u0259 ba\u011flay\u0131r? &#8211; V\u0130DEO"}]},{"@type":"WebSite","@id":"https:\/\/www.zerdab.com\/#website","url":"https:\/\/www.zerdab.com\/","name":"Z\u0259rdab.com","description":"","potentialAction":[{"@type":"SearchAction","target":{"@type":"EntryPoint","urlTemplate":"https:\/\/www.zerdab.com\/?s={search_term_string}"},"query-input":{"@type":"PropertyValueSpecification","valueRequired":true,"valueName":"search_term_string"}}],"inLanguage":"az"},{"@type":"Person","@id":"https:\/\/www.zerdab.com\/#\/schema\/person\/97079b7570c1e89ec0d9e138c3672136","name":"admin","image":{"@type":"ImageObject","inLanguage":"az","@id":"https:\/\/www.zerdab.com\/#\/schema\/person\/image\/","url":"https:\/\/secure.gravatar.com\/avatar\/d9c52a9a27c32119cb6679a077fa3e2779e5f822c451cbf01098004361d466ec?s=96&d=mm&r=g","contentUrl":"https:\/\/secure.gravatar.com\/avatar\/d9c52a9a27c32119cb6679a077fa3e2779e5f822c451cbf01098004361d466ec?s=96&d=mm&r=g","caption":"admin"},"url":"https:\/\/www.zerdab.com\/?author=1"}]}},"_links":{"self":[{"href":"https:\/\/www.zerdab.com\/index.php?rest_route=\/wp\/v2\/posts\/30970","targetHints":{"allow":["GET"]}}],"collection":[{"href":"https:\/\/www.zerdab.com\/index.php?rest_route=\/wp\/v2\/posts"}],"about":[{"href":"https:\/\/www.zerdab.com\/index.php?rest_route=\/wp\/v2\/types\/post"}],"author":[{"embeddable":true,"href":"https:\/\/www.zerdab.com\/index.php?rest_route=\/wp\/v2\/users\/1"}],"replies":[{"embeddable":true,"href":"https:\/\/www.zerdab.com\/index.php?rest_route=%2Fwp%2Fv2%2Fcomments&post=30970"}],"version-history":[{"count":1,"href":"https:\/\/www.zerdab.com\/index.php?rest_route=\/wp\/v2\/posts\/30970\/revisions"}],"predecessor-version":[{"id":30974,"href":"https:\/\/www.zerdab.com\/index.php?rest_route=\/wp\/v2\/posts\/30970\/revisions\/30974"}],"wp:featuredmedia":[{"embeddable":true,"href":"https:\/\/www.zerdab.com\/index.php?rest_route=\/wp\/v2\/media\/30971"}],"wp:attachment":[{"href":"https:\/\/www.zerdab.com\/index.php?rest_route=%2Fwp%2Fv2%2Fmedia&parent=30970"}],"wp:term":[{"taxonomy":"category","embeddable":true,"href":"https:\/\/www.zerdab.com\/index.php?rest_route=%2Fwp%2Fv2%2Fcategories&post=30970"},{"taxonomy":"post_tag","embeddable":true,"href":"https:\/\/www.zerdab.com\/index.php?rest_route=%2Fwp%2Fv2%2Ftags&post=30970"}],"curies":[{"name":"wp","href":"https:\/\/api.w.org\/{rel}","templated":true}]}}