{"id":30982,"date":"2024-05-02T17:43:41","date_gmt":"2024-05-02T13:43:41","guid":{"rendered":"https:\/\/www.zerdab.com\/?p=30982"},"modified":"2024-05-02T18:04:59","modified_gmt":"2024-05-02T14:04:59","slug":"ulviyy%c9%99-f%c9%99t%c9%99liyeva-v%c9%99t%c9%99nim%c9%99-qizil-medalla-qayitmaq-qururvericidir","status":"publish","type":"post","link":"https:\/\/www.zerdab.com\/?p=30982","title":{"rendered":"\u00dclviyy\u0259 F\u0259t\u0259liyeva: V\u0259t\u0259nim\u0259 q\u0131z\u0131l medalla qay\u0131tmaq q\u00fcrurvericidir"},"content":{"rendered":"<p><strong>&#8220;Yar\u0131\u015f m\u0259nim \u00fc\u00e7\u00fcn g\u0259rgin ke\u00e7di&#8221;.<\/strong><\/p>\n<p><strong>Zerdab.com<\/strong> sayt\u0131 x\u0259b\u0259r verir ki, bu s\u00f6zl\u0259ri az\u0259rtac-a a\u00e7\u0131qlamas\u0131nda Yunan\u0131stan\u0131n Rodos adas\u0131nda t\u0259\u015fkil edil\u0259n Avropa \u00e7empionat\u0131nda q\u0131z\u0131l medal qazanan Az\u0259rbaycan\u0131n ilk qad\u0131n \u015fahmat\u00e7\u0131s\u0131 \u00dclviyy\u0259 F\u0259t\u0259liyeva deyib.<\/p>\n<p>O, yar\u0131\u015f\u0131n g\u0259rgin ke\u00e7diyini bildirib: &#8220;\u015e\u0259xsi yar\u0131\u015flarda ist\u0259diyimi \u0259ld\u0259 ed\u0259 bilmirdim. Lakin bu d\u0259f\u0259 al\u0131nd\u0131. \u00c7ox m\u00f6ht\u0259\u015f\u0259m hissl\u0259rdir. V\u0259t\u0259nim\u0259 q\u0131z\u0131l medalla qay\u0131tmaq q\u00fcrurvericidir. Birinci vitse-prezident Mehriban \u018fliyevan\u0131n t\u0259briki m\u0259ni xo\u015fb\u0259xt etdi. O, h\u0259r zaman z\u0259rif cinsin n\u00fcmay\u0259nd\u0259l\u0259rin\u0259 qay\u011f\u0131 g\u00f6st\u0259rir. Buradan ona d\u0259rin minn\u0259tdarl\u0131\u011f\u0131m\u0131 bildirir\u0259m&#8221;.<\/p>\n<p>Onun s\u00f6zl\u0259rin\u0259 g\u00f6r\u0259, bu n\u0259tic\u0259ni daha \u0259vv\u0259l d\u0259 g\u00f6zl\u0259yirmi\u015f: &#8220;Bu, f\u0259rdi yar\u0131\u015f oldu\u011fu \u00fc\u00e7\u00fcn b\u00fct\u00fcn g\u00f6zl\u0259ntil\u0259rimi k\u0259nara qoymu\u015fdum. \u015e\u00fck\u00fcr ki, m\u0259qs\u0259dim\u0259 \u00e7atd\u0131m&#8221;.<\/p>\n<p>\u0130ti z\u0259ka sahibi q\u0259l\u0259b\u0259d\u0259n sonra Az\u0259rbaycan \u015eahmat Federasiyas\u0131n\u0131n prezidenti Mahir M\u0259mm\u0259dovun ona z\u0259ng etdiyini s\u00f6yl\u0259yib: &#8220;\u0130lk olaraq q\u0259l\u0259b\u0259mi onunla qeyd etdim. Onun biz\u0259 olan d\u0259st\u0259yi b\u00f6y\u00fckd\u00fcr&#8221;.<\/p>\n<p>\u00dclviyy\u0259 F\u0259t\u0259liyeva X turda G\u00fcrc\u00fcstan t\u0259msil\u00e7isi Nina Batsia\u015fvili il\u0259 he\u00e7-he\u00e7\u0259 ed\u0259r\u0259k qit\u0259 \u00e7empionlu\u011funu qazan\u0131b. Bu n\u0259tic\u0259d\u0259n sonra xallar\u0131n\u0131 8,5-\u0259 \u00e7atd\u0131ran \u015fahmat\u00e7\u0131m\u0131z r\u0259qibl\u0259ri \u00fc\u00e7\u00fcn \u0259l\u00e7atmaz olub.<\/p>\n<p><strong>Yunan\u0131stan\u0131n Rodos adas\u0131nda t\u0259\u015fkil edil\u0259n \u015fahmat \u00fczr\u0259 \u015f\u0259xsi Avropa \u00e7empionat\u0131nda q\u0131z\u0131l medal qazanan ilk az\u0259rbaycanl\u0131 xan\u0131m \u00dclviyy\u0259 F\u0259t\u0259liyeva V\u0259t\u0259n\u0259 d\u00f6n\u00fcb.<\/strong><\/p>\n<p>\u0130dman\u00e7\u0131n\u0131 Heyd\u0259r \u018fliyev Beyn\u0259lxalq Aeroportunda Az\u0259rbaycan \u015eahmat Federasiyas\u0131n\u0131n n\u00fcmay\u0259nd\u0259l\u0259ri, media m\u0259nsublar\u0131, azarke\u015fl\u0259r, idman\u00e7\u0131lar\u0131n yax\u0131nlar\u0131, ictimaiyy\u0259t n\u00fcmay\u0259nd\u0259l\u0259ri qar\u015f\u0131lay\u0131blar.<\/p>\n<p><img loading=\"lazy\" decoding=\"async\" class=\"aligncenter size-full wp-image-30983\" src=\"http:\/\/www.zerdab.com\/wp-content\/uploads\/2024\/05\/17145337603355351344_1200x630.jpg\" alt=\"Zerdab-ulviye-idman-png\" width=\"945\" height=\"630\" srcset=\"https:\/\/www.zerdab.com\/wp-content\/uploads\/2024\/05\/17145337603355351344_1200x630.jpg 945w, https:\/\/www.zerdab.com\/wp-content\/uploads\/2024\/05\/17145337603355351344_1200x630-400x267.jpg 400w, https:\/\/www.zerdab.com\/wp-content\/uploads\/2024\/05\/17145337603355351344_1200x630-550x367.jpg 550w, https:\/\/www.zerdab.com\/wp-content\/uploads\/2024\/05\/17145337603355351344_1200x630-768x512.jpg 768w, https:\/\/www.zerdab.com\/wp-content\/uploads\/2024\/05\/17145337603355351344_1200x630-696x464.jpg 696w, https:\/\/www.zerdab.com\/wp-content\/uploads\/2024\/05\/17145337603355351344_1200x630-630x420.jpg 630w\" sizes=\"auto, (max-width: 945px) 100vw, 945px\" \/><\/p>\n<p>\u00dclviyy\u0259 F\u0259t\u0259liyeva X turda G\u00fcrc\u00fcstan t\u0259msil\u00e7isi Nina Batsia\u015fvili il\u0259 he\u00e7-he\u00e7\u0259 ed\u0259r\u0259k qit\u0259 \u00e7empionlu\u011funu qazan\u0131b.<\/p>\n<p>Qeyd ed\u0259k ki, Avropa \u015eahmat \u0130ttifaq\u0131 t\u0259r\u0259find\u0259n qad\u0131nlar aras\u0131nda \u015f\u0259xsi Avropa \u00e7empionat\u0131 2000-ci ild\u0259n t\u0259\u015fkil olunur. \u00dclviyy\u0259 F\u0259t\u0259liyeva \u015f\u0259xsi qit\u0259 \u00e7empionat\u0131nda q\u0131z\u0131l medal qazanan ilk az\u0259rbaycanl\u0131 xan\u0131m \u015fahmat\u00e7\u0131 kimi tarix\u0259 d\u00fc\u015f\u00fcb.<\/p>\n","protected":false},"excerpt":{"rendered":"<p>&#8220;Yar\u0131\u015f m\u0259nim \u00fc\u00e7\u00fcn g\u0259rgin ke\u00e7di&#8221;. Zerdab.com sayt\u0131 x\u0259b\u0259r verir ki, bu s\u00f6zl\u0259ri az\u0259rtac-a a\u00e7\u0131qlamas\u0131nda Yunan\u0131stan\u0131n Rodos adas\u0131nda t\u0259\u015fkil edil\u0259n Avropa \u00e7empionat\u0131nda q\u0131z\u0131l medal qazanan Az\u0259rbaycan\u0131n ilk qad\u0131n \u015fahmat\u00e7\u0131s\u0131 \u00dclviyy\u0259 F\u0259t\u0259liyeva deyib. O, yar\u0131\u015f\u0131n g\u0259rgin ke\u00e7diyini bildirib: &#8220;\u015e\u0259xsi yar\u0131\u015flarda ist\u0259diyimi \u0259ld\u0259 ed\u0259 bilmirdim. Lakin bu d\u0259f\u0259 al\u0131nd\u0131. \u00c7ox m\u00f6ht\u0259\u015f\u0259m hissl\u0259rdir. V\u0259t\u0259nim\u0259 q\u0131z\u0131l medalla qay\u0131tmaq q\u00fcrurvericidir. Birinci [&hellip;]<\/p>\n","protected":false},"author":1,"featured_media":30973,"comment_status":"closed","ping_status":"closed","sticky":false,"template":"","format":"standard","meta":{"footnotes":""},"categories":[63,5],"tags":[],"class_list":{"0":"post-30982","1":"post","2":"type-post","3":"status-publish","4":"format-standard","5":"has-post-thumbnail","7":"category-manset","8":"category-knd"},"yoast_head":"<!-- This site is optimized with the Yoast SEO plugin v27.0 - https:\/\/yoast.com\/product\/yoast-seo-wordpress\/ -->\n<title>\u00dclviyy\u0259 F\u0259t\u0259liyeva: V\u0259t\u0259nim\u0259 q\u0131z\u0131l medalla qay\u0131tmaq q\u00fcrurvericidir - Z\u0259rdab.com<\/title>\n<meta name=\"robots\" content=\"index, follow, max-snippet:-1, max-image-preview:large, max-video-preview:-1\" \/>\n<link rel=\"canonical\" href=\"https:\/\/www.zerdab.com\/?p=30982\" \/>\n<meta property=\"og:locale\" content=\"az_AZ\" \/>\n<meta property=\"og:type\" content=\"article\" \/>\n<meta property=\"og:title\" content=\"\u00dclviyy\u0259 F\u0259t\u0259liyeva: V\u0259t\u0259nim\u0259 q\u0131z\u0131l medalla qay\u0131tmaq q\u00fcrurvericidir - Z\u0259rdab.com\" \/>\n<meta property=\"og:description\" content=\"&#8220;Yar\u0131\u015f m\u0259nim \u00fc\u00e7\u00fcn g\u0259rgin ke\u00e7di&#8221;. Zerdab.com sayt\u0131 x\u0259b\u0259r verir ki, bu s\u00f6zl\u0259ri az\u0259rtac-a a\u00e7\u0131qlamas\u0131nda Yunan\u0131stan\u0131n Rodos adas\u0131nda t\u0259\u015fkil edil\u0259n Avropa \u00e7empionat\u0131nda q\u0131z\u0131l medal qazanan Az\u0259rbaycan\u0131n ilk qad\u0131n \u015fahmat\u00e7\u0131s\u0131 \u00dclviyy\u0259 F\u0259t\u0259liyeva deyib. O, yar\u0131\u015f\u0131n g\u0259rgin ke\u00e7diyini bildirib: &#8220;\u015e\u0259xsi yar\u0131\u015flarda ist\u0259diyimi \u0259ld\u0259 ed\u0259 bilmirdim. Lakin bu d\u0259f\u0259 al\u0131nd\u0131. \u00c7ox m\u00f6ht\u0259\u015f\u0259m hissl\u0259rdir. V\u0259t\u0259nim\u0259 q\u0131z\u0131l medalla qay\u0131tmaq q\u00fcrurvericidir. Birinci [&hellip;]\" \/>\n<meta property=\"og:url\" content=\"https:\/\/www.zerdab.com\/?p=30982\" \/>\n<meta property=\"og:site_name\" content=\"Z\u0259rdab.com\" \/>\n<meta property=\"article:published_time\" content=\"2024-05-02T13:43:41+00:00\" \/>\n<meta property=\"article:modified_time\" content=\"2024-05-02T14:04:59+00:00\" \/>\n<meta property=\"og:image\" content=\"http:\/\/www.zerdab.com\/wp-content\/uploads\/2024\/04\/IMG-20240430-WA0013.jpg\" \/>\n\t<meta property=\"og:image:width\" content=\"1000\" \/>\n\t<meta property=\"og:image:height\" content=\"500\" \/>\n\t<meta property=\"og:image:type\" content=\"image\/jpeg\" \/>\n<meta name=\"author\" content=\"admin\" \/>\n<meta name=\"twitter:card\" content=\"summary_large_image\" \/>\n<meta name=\"twitter:label1\" content=\"Written by\" \/>\n\t<meta name=\"twitter:data1\" content=\"admin\" \/>\n\t<meta name=\"twitter:label2\" content=\"Est. reading time\" \/>\n\t<meta name=\"twitter:data2\" content=\"2 minutes\" \/>\n<script type=\"application\/ld+json\" class=\"yoast-schema-graph\">{\"@context\":\"https:\/\/schema.org\",\"@graph\":[{\"@type\":\"Article\",\"@id\":\"https:\/\/www.zerdab.com\/?p=30982#article\",\"isPartOf\":{\"@id\":\"https:\/\/www.zerdab.com\/?p=30982\"},\"author\":{\"name\":\"admin\",\"@id\":\"https:\/\/www.zerdab.com\/#\/schema\/person\/97079b7570c1e89ec0d9e138c3672136\"},\"headline\":\"\u00dclviyy\u0259 F\u0259t\u0259liyeva: V\u0259t\u0259nim\u0259 q\u0131z\u0131l medalla qay\u0131tmaq q\u00fcrurvericidir\",\"datePublished\":\"2024-05-02T13:43:41+00:00\",\"dateModified\":\"2024-05-02T14:04:59+00:00\",\"mainEntityOfPage\":{\"@id\":\"https:\/\/www.zerdab.com\/?p=30982\"},\"wordCount\":434,\"image\":{\"@id\":\"https:\/\/www.zerdab.com\/?p=30982#primaryimage\"},\"thumbnailUrl\":\"https:\/\/www.zerdab.com\/wp-content\/uploads\/2024\/04\/IMG-20240430-WA0013.jpg\",\"articleSection\":[\"MAN\u015eET\",\"X\u018fB\u018fRL\u018fR\"],\"inLanguage\":\"az\"},{\"@type\":\"WebPage\",\"@id\":\"https:\/\/www.zerdab.com\/?p=30982\",\"url\":\"https:\/\/www.zerdab.com\/?p=30982\",\"name\":\"\u00dclviyy\u0259 F\u0259t\u0259liyeva: V\u0259t\u0259nim\u0259 q\u0131z\u0131l medalla qay\u0131tmaq q\u00fcrurvericidir - Z\u0259rdab.com\",\"isPartOf\":{\"@id\":\"https:\/\/www.zerdab.com\/#website\"},\"primaryImageOfPage\":{\"@id\":\"https:\/\/www.zerdab.com\/?p=30982#primaryimage\"},\"image\":{\"@id\":\"https:\/\/www.zerdab.com\/?p=30982#primaryimage\"},\"thumbnailUrl\":\"https:\/\/www.zerdab.com\/wp-content\/uploads\/2024\/04\/IMG-20240430-WA0013.jpg\",\"datePublished\":\"2024-05-02T13:43:41+00:00\",\"dateModified\":\"2024-05-02T14:04:59+00:00\",\"author\":{\"@id\":\"https:\/\/www.zerdab.com\/#\/schema\/person\/97079b7570c1e89ec0d9e138c3672136\"},\"breadcrumb\":{\"@id\":\"https:\/\/www.zerdab.com\/?p=30982#breadcrumb\"},\"inLanguage\":\"az\",\"potentialAction\":[{\"@type\":\"ReadAction\",\"target\":[\"https:\/\/www.zerdab.com\/?p=30982\"]}]},{\"@type\":\"ImageObject\",\"inLanguage\":\"az\",\"@id\":\"https:\/\/www.zerdab.com\/?p=30982#primaryimage\",\"url\":\"https:\/\/www.zerdab.com\/wp-content\/uploads\/2024\/04\/IMG-20240430-WA0013.jpg\",\"contentUrl\":\"https:\/\/www.zerdab.com\/wp-content\/uploads\/2024\/04\/IMG-20240430-WA0013.jpg\",\"width\":1000,\"height\":500,\"caption\":\"Zerdab-ulviye-png\"},{\"@type\":\"BreadcrumbList\",\"@id\":\"https:\/\/www.zerdab.com\/?p=30982#breadcrumb\",\"itemListElement\":[{\"@type\":\"ListItem\",\"position\":1,\"name\":\"Home\",\"item\":\"https:\/\/www.zerdab.com\/\"},{\"@type\":\"ListItem\",\"position\":2,\"name\":\"\u00dclviyy\u0259 F\u0259t\u0259liyeva: V\u0259t\u0259nim\u0259 q\u0131z\u0131l medalla qay\u0131tmaq q\u00fcrurvericidir\"}]},{\"@type\":\"WebSite\",\"@id\":\"https:\/\/www.zerdab.com\/#website\",\"url\":\"https:\/\/www.zerdab.com\/\",\"name\":\"Z\u0259rdab.com\",\"description\":\"\",\"potentialAction\":[{\"@type\":\"SearchAction\",\"target\":{\"@type\":\"EntryPoint\",\"urlTemplate\":\"https:\/\/www.zerdab.com\/?s={search_term_string}\"},\"query-input\":{\"@type\":\"PropertyValueSpecification\",\"valueRequired\":true,\"valueName\":\"search_term_string\"}}],\"inLanguage\":\"az\"},{\"@type\":\"Person\",\"@id\":\"https:\/\/www.zerdab.com\/#\/schema\/person\/97079b7570c1e89ec0d9e138c3672136\",\"name\":\"admin\",\"image\":{\"@type\":\"ImageObject\",\"inLanguage\":\"az\",\"@id\":\"https:\/\/www.zerdab.com\/#\/schema\/person\/image\/\",\"url\":\"https:\/\/secure.gravatar.com\/avatar\/d9c52a9a27c32119cb6679a077fa3e2779e5f822c451cbf01098004361d466ec?s=96&d=mm&r=g\",\"contentUrl\":\"https:\/\/secure.gravatar.com\/avatar\/d9c52a9a27c32119cb6679a077fa3e2779e5f822c451cbf01098004361d466ec?s=96&d=mm&r=g\",\"caption\":\"admin\"},\"url\":\"https:\/\/www.zerdab.com\/?author=1\"}]}<\/script>\n<!-- \/ Yoast SEO plugin. -->","yoast_head_json":{"title":"\u00dclviyy\u0259 F\u0259t\u0259liyeva: V\u0259t\u0259nim\u0259 q\u0131z\u0131l medalla qay\u0131tmaq q\u00fcrurvericidir - Z\u0259rdab.com","robots":{"index":"index","follow":"follow","max-snippet":"max-snippet:-1","max-image-preview":"max-image-preview:large","max-video-preview":"max-video-preview:-1"},"canonical":"https:\/\/www.zerdab.com\/?p=30982","og_locale":"az_AZ","og_type":"article","og_title":"\u00dclviyy\u0259 F\u0259t\u0259liyeva: V\u0259t\u0259nim\u0259 q\u0131z\u0131l medalla qay\u0131tmaq q\u00fcrurvericidir - Z\u0259rdab.com","og_description":"&#8220;Yar\u0131\u015f m\u0259nim \u00fc\u00e7\u00fcn g\u0259rgin ke\u00e7di&#8221;. Zerdab.com sayt\u0131 x\u0259b\u0259r verir ki, bu s\u00f6zl\u0259ri az\u0259rtac-a a\u00e7\u0131qlamas\u0131nda Yunan\u0131stan\u0131n Rodos adas\u0131nda t\u0259\u015fkil edil\u0259n Avropa \u00e7empionat\u0131nda q\u0131z\u0131l medal qazanan Az\u0259rbaycan\u0131n ilk qad\u0131n \u015fahmat\u00e7\u0131s\u0131 \u00dclviyy\u0259 F\u0259t\u0259liyeva deyib. O, yar\u0131\u015f\u0131n g\u0259rgin ke\u00e7diyini bildirib: &#8220;\u015e\u0259xsi yar\u0131\u015flarda ist\u0259diyimi \u0259ld\u0259 ed\u0259 bilmirdim. Lakin bu d\u0259f\u0259 al\u0131nd\u0131. \u00c7ox m\u00f6ht\u0259\u015f\u0259m hissl\u0259rdir. V\u0259t\u0259nim\u0259 q\u0131z\u0131l medalla qay\u0131tmaq q\u00fcrurvericidir. Birinci [&hellip;]","og_url":"https:\/\/www.zerdab.com\/?p=30982","og_site_name":"Z\u0259rdab.com","article_published_time":"2024-05-02T13:43:41+00:00","article_modified_time":"2024-05-02T14:04:59+00:00","og_image":[{"width":1000,"height":500,"url":"http:\/\/www.zerdab.com\/wp-content\/uploads\/2024\/04\/IMG-20240430-WA0013.jpg","type":"image\/jpeg"}],"author":"admin","twitter_card":"summary_large_image","twitter_misc":{"Written by":"admin","Est. reading time":"2 minutes"},"schema":{"@context":"https:\/\/schema.org","@graph":[{"@type":"Article","@id":"https:\/\/www.zerdab.com\/?p=30982#article","isPartOf":{"@id":"https:\/\/www.zerdab.com\/?p=30982"},"author":{"name":"admin","@id":"https:\/\/www.zerdab.com\/#\/schema\/person\/97079b7570c1e89ec0d9e138c3672136"},"headline":"\u00dclviyy\u0259 F\u0259t\u0259liyeva: V\u0259t\u0259nim\u0259 q\u0131z\u0131l medalla qay\u0131tmaq q\u00fcrurvericidir","datePublished":"2024-05-02T13:43:41+00:00","dateModified":"2024-05-02T14:04:59+00:00","mainEntityOfPage":{"@id":"https:\/\/www.zerdab.com\/?p=30982"},"wordCount":434,"image":{"@id":"https:\/\/www.zerdab.com\/?p=30982#primaryimage"},"thumbnailUrl":"https:\/\/www.zerdab.com\/wp-content\/uploads\/2024\/04\/IMG-20240430-WA0013.jpg","articleSection":["MAN\u015eET","X\u018fB\u018fRL\u018fR"],"inLanguage":"az"},{"@type":"WebPage","@id":"https:\/\/www.zerdab.com\/?p=30982","url":"https:\/\/www.zerdab.com\/?p=30982","name":"\u00dclviyy\u0259 F\u0259t\u0259liyeva: V\u0259t\u0259nim\u0259 q\u0131z\u0131l medalla qay\u0131tmaq q\u00fcrurvericidir - Z\u0259rdab.com","isPartOf":{"@id":"https:\/\/www.zerdab.com\/#website"},"primaryImageOfPage":{"@id":"https:\/\/www.zerdab.com\/?p=30982#primaryimage"},"image":{"@id":"https:\/\/www.zerdab.com\/?p=30982#primaryimage"},"thumbnailUrl":"https:\/\/www.zerdab.com\/wp-content\/uploads\/2024\/04\/IMG-20240430-WA0013.jpg","datePublished":"2024-05-02T13:43:41+00:00","dateModified":"2024-05-02T14:04:59+00:00","author":{"@id":"https:\/\/www.zerdab.com\/#\/schema\/person\/97079b7570c1e89ec0d9e138c3672136"},"breadcrumb":{"@id":"https:\/\/www.zerdab.com\/?p=30982#breadcrumb"},"inLanguage":"az","potentialAction":[{"@type":"ReadAction","target":["https:\/\/www.zerdab.com\/?p=30982"]}]},{"@type":"ImageObject","inLanguage":"az","@id":"https:\/\/www.zerdab.com\/?p=30982#primaryimage","url":"https:\/\/www.zerdab.com\/wp-content\/uploads\/2024\/04\/IMG-20240430-WA0013.jpg","contentUrl":"https:\/\/www.zerdab.com\/wp-content\/uploads\/2024\/04\/IMG-20240430-WA0013.jpg","width":1000,"height":500,"caption":"Zerdab-ulviye-png"},{"@type":"BreadcrumbList","@id":"https:\/\/www.zerdab.com\/?p=30982#breadcrumb","itemListElement":[{"@type":"ListItem","position":1,"name":"Home","item":"https:\/\/www.zerdab.com\/"},{"@type":"ListItem","position":2,"name":"\u00dclviyy\u0259 F\u0259t\u0259liyeva: V\u0259t\u0259nim\u0259 q\u0131z\u0131l medalla qay\u0131tmaq q\u00fcrurvericidir"}]},{"@type":"WebSite","@id":"https:\/\/www.zerdab.com\/#website","url":"https:\/\/www.zerdab.com\/","name":"Z\u0259rdab.com","description":"","potentialAction":[{"@type":"SearchAction","target":{"@type":"EntryPoint","urlTemplate":"https:\/\/www.zerdab.com\/?s={search_term_string}"},"query-input":{"@type":"PropertyValueSpecification","valueRequired":true,"valueName":"search_term_string"}}],"inLanguage":"az"},{"@type":"Person","@id":"https:\/\/www.zerdab.com\/#\/schema\/person\/97079b7570c1e89ec0d9e138c3672136","name":"admin","image":{"@type":"ImageObject","inLanguage":"az","@id":"https:\/\/www.zerdab.com\/#\/schema\/person\/image\/","url":"https:\/\/secure.gravatar.com\/avatar\/d9c52a9a27c32119cb6679a077fa3e2779e5f822c451cbf01098004361d466ec?s=96&d=mm&r=g","contentUrl":"https:\/\/secure.gravatar.com\/avatar\/d9c52a9a27c32119cb6679a077fa3e2779e5f822c451cbf01098004361d466ec?s=96&d=mm&r=g","caption":"admin"},"url":"https:\/\/www.zerdab.com\/?author=1"}]}},"_links":{"self":[{"href":"https:\/\/www.zerdab.com\/index.php?rest_route=\/wp\/v2\/posts\/30982","targetHints":{"allow":["GET"]}}],"collection":[{"href":"https:\/\/www.zerdab.com\/index.php?rest_route=\/wp\/v2\/posts"}],"about":[{"href":"https:\/\/www.zerdab.com\/index.php?rest_route=\/wp\/v2\/types\/post"}],"author":[{"embeddable":true,"href":"https:\/\/www.zerdab.com\/index.php?rest_route=\/wp\/v2\/users\/1"}],"replies":[{"embeddable":true,"href":"https:\/\/www.zerdab.com\/index.php?rest_route=%2Fwp%2Fv2%2Fcomments&post=30982"}],"version-history":[{"count":3,"href":"https:\/\/www.zerdab.com\/index.php?rest_route=\/wp\/v2\/posts\/30982\/revisions"}],"predecessor-version":[{"id":30986,"href":"https:\/\/www.zerdab.com\/index.php?rest_route=\/wp\/v2\/posts\/30982\/revisions\/30986"}],"wp:featuredmedia":[{"embeddable":true,"href":"https:\/\/www.zerdab.com\/index.php?rest_route=\/wp\/v2\/media\/30973"}],"wp:attachment":[{"href":"https:\/\/www.zerdab.com\/index.php?rest_route=%2Fwp%2Fv2%2Fmedia&parent=30982"}],"wp:term":[{"taxonomy":"category","embeddable":true,"href":"https:\/\/www.zerdab.com\/index.php?rest_route=%2Fwp%2Fv2%2Fcategories&post=30982"},{"taxonomy":"post_tag","embeddable":true,"href":"https:\/\/www.zerdab.com\/index.php?rest_route=%2Fwp%2Fv2%2Ftags&post=30982"}],"curies":[{"name":"wp","href":"https:\/\/api.w.org\/{rel}","templated":true}]}}