{"id":31103,"date":"2024-06-21T12:30:51","date_gmt":"2024-06-21T08:30:51","guid":{"rendered":"https:\/\/www.zerdab.com\/?p=31103"},"modified":"2024-06-21T12:31:42","modified_gmt":"2024-06-21T08:31:42","slug":"milli-m%c9%99clis-novb%c9%99d%c9%99nk%c9%99nar-seckil%c9%99rin-t%c9%99yin-edilm%c9%99si-ucun-prezident%c9%99-muraci%c9%99t-etdi","status":"publish","type":"post","link":"https:\/\/www.zerdab.com\/?p=31103","title":{"rendered":"Milli M\u0259clis n\u00f6vb\u0259d\u0259nk\u0259nar se\u00e7kil\u0259rin t\u0259yin edilm\u0259si \u00fc\u00e7\u00fcn Prezident\u0259 m\u00fcraci\u0259t etdi"},"content":{"rendered":"<p>&#8220;Az\u0259rbaycan Respublikas\u0131 Milli M\u0259clisin\u0259 n\u00f6vb\u0259d\u0259nk\u0259nar se\u00e7kil\u0259rin t\u0259yin edilm\u0259si haqq\u0131nda Az\u0259rbaycan Respublikas\u0131n\u0131n Prezidentin\u0259 m\u00fcraci\u0259t edilm\u0259si bar\u0259d\u0259&#8221; Milli M\u0259clisin q\u0259rar layih\u0259si haz\u0131rlan\u0131b.<\/p>\n<p>Q\u0259rar layih\u0259sinin m\u0259tnini deputat Tahir Rzayev oxuyub.<\/p>\n<p>Q\u0259rar layih\u0259sind\u0259 deyilir:<\/p>\n<p>\u201cMilli M\u0259clisd\u0259 \u00e7oxluq t\u0259\u015fkil ed\u0259n YAP \u00fczvl\u0259ri parlament s\u0259drin\u0259 m\u00fcraci\u0259t ed\u0259r\u0259k, h\u0259m parlament se\u00e7kil\u0259rinin, h\u0259m d\u0259 m\u00f6t\u0259b\u0259r beyn\u0259lxalq t\u0259dbirl\u0259rin b\u00f6y\u00fck \u0259h\u0259miyy\u0259t k\u0259sb etdiyini qeyd edib v\u0259 n\u00f6vb\u0259d\u0259nk\u0259nar parlament se\u00e7kil\u0259rinin ke\u00e7irilm\u0259si \u00fc\u00e7\u00fcn m\u00fcraci\u0259t edib. YAP-\u0131n m\u00fcraci\u0259ti Milli M\u0259clisd\u0259 dig\u0259r partiyalar\u0131 t\u0259msil ed\u0259n deputatlar, habel\u0259 bit\u0259r\u0259f deputatlar t\u0259r\u0259find\u0259n d\u0259st\u0259kl\u0259nib. Parlament se\u00e7kil\u0259rinin qanunvericiliy\u0259 uy\u011fun ke\u00e7irilm\u0259si \u00fc\u00e7\u00fcn n\u00f6vb\u0259d\u0259nk\u0259nar parlament se\u00e7kil\u0259rinin ke\u00e7irilm\u0259si z\u0259ruridir\u201d.<\/p>\n<p>Milli M\u0259clis Konstitusiyan\u0131n 95-ci madd\u0259sinin 2-ci hiss\u0259ni r\u0259hb\u0259r tutaraq q\u0259rara al\u0131b ki, Milli M\u0259clisin burax\u0131lmas\u0131 v\u0259 n\u00f6vb\u0259d\u0259nk\u0259nar se\u00e7kil\u0259rin t\u0259yin edilm\u0259si bar\u0259d\u0259 Prezident\u0259 m\u00fcraci\u0259t edilsin.<\/p>\n<p>Q\u0259rar layih\u0259si s\u0259sverm\u0259y\u0259 \u00e7\u0131xar\u0131laraq q\u0259bul edilib.<\/p>\n","protected":false},"excerpt":{"rendered":"<p>&#8220;Az\u0259rbaycan Respublikas\u0131 Milli M\u0259clisin\u0259 n\u00f6vb\u0259d\u0259nk\u0259nar se\u00e7kil\u0259rin t\u0259yin edilm\u0259si haqq\u0131nda Az\u0259rbaycan Respublikas\u0131n\u0131n Prezidentin\u0259 m\u00fcraci\u0259t edilm\u0259si bar\u0259d\u0259&#8221; Milli M\u0259clisin q\u0259rar layih\u0259si haz\u0131rlan\u0131b. Q\u0259rar layih\u0259sinin m\u0259tnini deputat Tahir Rzayev oxuyub. Q\u0259rar layih\u0259sind\u0259 deyilir: \u201cMilli M\u0259clisd\u0259 \u00e7oxluq t\u0259\u015fkil ed\u0259n YAP \u00fczvl\u0259ri parlament s\u0259drin\u0259 m\u00fcraci\u0259t ed\u0259r\u0259k, h\u0259m parlament se\u00e7kil\u0259rinin, h\u0259m d\u0259 m\u00f6t\u0259b\u0259r beyn\u0259lxalq t\u0259dbirl\u0259rin b\u00f6y\u00fck \u0259h\u0259miyy\u0259t k\u0259sb etdiyini qeyd edib [&hellip;]<\/p>\n","protected":false},"author":1,"featured_media":31104,"comment_status":"closed","ping_status":"closed","sticky":false,"template":"","format":"standard","meta":{"footnotes":""},"categories":[63,5],"tags":[],"class_list":{"0":"post-31103","1":"post","2":"type-post","3":"status-publish","4":"format-standard","5":"has-post-thumbnail","7":"category-manset","8":"category-knd"},"yoast_head":"<!-- This site is optimized with the Yoast SEO plugin v27.0 - https:\/\/yoast.com\/product\/yoast-seo-wordpress\/ -->\n<title>Milli M\u0259clis n\u00f6vb\u0259d\u0259nk\u0259nar se\u00e7kil\u0259rin t\u0259yin edilm\u0259si \u00fc\u00e7\u00fcn Prezident\u0259 m\u00fcraci\u0259t etdi - Z\u0259rdab.com<\/title>\n<meta name=\"robots\" content=\"index, follow, max-snippet:-1, max-image-preview:large, max-video-preview:-1\" \/>\n<link rel=\"canonical\" href=\"https:\/\/www.zerdab.com\/?p=31103\" \/>\n<meta property=\"og:locale\" content=\"az_AZ\" \/>\n<meta property=\"og:type\" content=\"article\" \/>\n<meta property=\"og:title\" content=\"Milli M\u0259clis n\u00f6vb\u0259d\u0259nk\u0259nar se\u00e7kil\u0259rin t\u0259yin edilm\u0259si \u00fc\u00e7\u00fcn Prezident\u0259 m\u00fcraci\u0259t etdi - Z\u0259rdab.com\" \/>\n<meta property=\"og:description\" content=\"&#8220;Az\u0259rbaycan Respublikas\u0131 Milli M\u0259clisin\u0259 n\u00f6vb\u0259d\u0259nk\u0259nar se\u00e7kil\u0259rin t\u0259yin edilm\u0259si haqq\u0131nda Az\u0259rbaycan Respublikas\u0131n\u0131n Prezidentin\u0259 m\u00fcraci\u0259t edilm\u0259si bar\u0259d\u0259&#8221; Milli M\u0259clisin q\u0259rar layih\u0259si haz\u0131rlan\u0131b. Q\u0259rar layih\u0259sinin m\u0259tnini deputat Tahir Rzayev oxuyub. Q\u0259rar layih\u0259sind\u0259 deyilir: \u201cMilli M\u0259clisd\u0259 \u00e7oxluq t\u0259\u015fkil ed\u0259n YAP \u00fczvl\u0259ri parlament s\u0259drin\u0259 m\u00fcraci\u0259t ed\u0259r\u0259k, h\u0259m parlament se\u00e7kil\u0259rinin, h\u0259m d\u0259 m\u00f6t\u0259b\u0259r beyn\u0259lxalq t\u0259dbirl\u0259rin b\u00f6y\u00fck \u0259h\u0259miyy\u0259t k\u0259sb etdiyini qeyd edib [&hellip;]\" \/>\n<meta property=\"og:url\" content=\"https:\/\/www.zerdab.com\/?p=31103\" \/>\n<meta property=\"og:site_name\" content=\"Z\u0259rdab.com\" \/>\n<meta property=\"article:published_time\" content=\"2024-06-21T08:30:51+00:00\" \/>\n<meta property=\"article:modified_time\" content=\"2024-06-21T08:31:42+00:00\" \/>\n<meta property=\"og:image\" content=\"http:\/\/www.zerdab.com\/wp-content\/uploads\/2024\/06\/milli-meclis.jpeg\" \/>\n\t<meta property=\"og:image:width\" content=\"637\" \/>\n\t<meta property=\"og:image:height\" content=\"400\" \/>\n\t<meta property=\"og:image:type\" content=\"image\/jpeg\" \/>\n<meta name=\"author\" content=\"admin\" \/>\n<meta name=\"twitter:card\" content=\"summary_large_image\" \/>\n<meta name=\"twitter:label1\" content=\"Written by\" \/>\n\t<meta name=\"twitter:data1\" content=\"admin\" \/>\n\t<meta name=\"twitter:label2\" content=\"Est. reading time\" \/>\n\t<meta name=\"twitter:data2\" content=\"1 minute\" \/>\n<script type=\"application\/ld+json\" class=\"yoast-schema-graph\">{\"@context\":\"https:\/\/schema.org\",\"@graph\":[{\"@type\":\"Article\",\"@id\":\"https:\/\/www.zerdab.com\/?p=31103#article\",\"isPartOf\":{\"@id\":\"https:\/\/www.zerdab.com\/?p=31103\"},\"author\":{\"name\":\"admin\",\"@id\":\"https:\/\/www.zerdab.com\/#\/schema\/person\/97079b7570c1e89ec0d9e138c3672136\"},\"headline\":\"Milli M\u0259clis n\u00f6vb\u0259d\u0259nk\u0259nar se\u00e7kil\u0259rin t\u0259yin edilm\u0259si \u00fc\u00e7\u00fcn Prezident\u0259 m\u00fcraci\u0259t etdi\",\"datePublished\":\"2024-06-21T08:30:51+00:00\",\"dateModified\":\"2024-06-21T08:31:42+00:00\",\"mainEntityOfPage\":{\"@id\":\"https:\/\/www.zerdab.com\/?p=31103\"},\"wordCount\":257,\"image\":{\"@id\":\"https:\/\/www.zerdab.com\/?p=31103#primaryimage\"},\"thumbnailUrl\":\"https:\/\/www.zerdab.com\/wp-content\/uploads\/2024\/06\/milli-meclis.jpeg\",\"articleSection\":[\"MAN\u015eET\",\"X\u018fB\u018fRL\u018fR\"],\"inLanguage\":\"az\"},{\"@type\":\"WebPage\",\"@id\":\"https:\/\/www.zerdab.com\/?p=31103\",\"url\":\"https:\/\/www.zerdab.com\/?p=31103\",\"name\":\"Milli M\u0259clis n\u00f6vb\u0259d\u0259nk\u0259nar se\u00e7kil\u0259rin t\u0259yin edilm\u0259si \u00fc\u00e7\u00fcn Prezident\u0259 m\u00fcraci\u0259t etdi - Z\u0259rdab.com\",\"isPartOf\":{\"@id\":\"https:\/\/www.zerdab.com\/#website\"},\"primaryImageOfPage\":{\"@id\":\"https:\/\/www.zerdab.com\/?p=31103#primaryimage\"},\"image\":{\"@id\":\"https:\/\/www.zerdab.com\/?p=31103#primaryimage\"},\"thumbnailUrl\":\"https:\/\/www.zerdab.com\/wp-content\/uploads\/2024\/06\/milli-meclis.jpeg\",\"datePublished\":\"2024-06-21T08:30:51+00:00\",\"dateModified\":\"2024-06-21T08:31:42+00:00\",\"author\":{\"@id\":\"https:\/\/www.zerdab.com\/#\/schema\/person\/97079b7570c1e89ec0d9e138c3672136\"},\"breadcrumb\":{\"@id\":\"https:\/\/www.zerdab.com\/?p=31103#breadcrumb\"},\"inLanguage\":\"az\",\"potentialAction\":[{\"@type\":\"ReadAction\",\"target\":[\"https:\/\/www.zerdab.com\/?p=31103\"]}]},{\"@type\":\"ImageObject\",\"inLanguage\":\"az\",\"@id\":\"https:\/\/www.zerdab.com\/?p=31103#primaryimage\",\"url\":\"https:\/\/www.zerdab.com\/wp-content\/uploads\/2024\/06\/milli-meclis.jpeg\",\"contentUrl\":\"https:\/\/www.zerdab.com\/wp-content\/uploads\/2024\/06\/milli-meclis.jpeg\",\"width\":637,\"height\":400,\"caption\":\"milli-meclis\"},{\"@type\":\"BreadcrumbList\",\"@id\":\"https:\/\/www.zerdab.com\/?p=31103#breadcrumb\",\"itemListElement\":[{\"@type\":\"ListItem\",\"position\":1,\"name\":\"Home\",\"item\":\"https:\/\/www.zerdab.com\/\"},{\"@type\":\"ListItem\",\"position\":2,\"name\":\"Milli M\u0259clis n\u00f6vb\u0259d\u0259nk\u0259nar se\u00e7kil\u0259rin t\u0259yin edilm\u0259si \u00fc\u00e7\u00fcn Prezident\u0259 m\u00fcraci\u0259t etdi\"}]},{\"@type\":\"WebSite\",\"@id\":\"https:\/\/www.zerdab.com\/#website\",\"url\":\"https:\/\/www.zerdab.com\/\",\"name\":\"Z\u0259rdab.com\",\"description\":\"\",\"potentialAction\":[{\"@type\":\"SearchAction\",\"target\":{\"@type\":\"EntryPoint\",\"urlTemplate\":\"https:\/\/www.zerdab.com\/?s={search_term_string}\"},\"query-input\":{\"@type\":\"PropertyValueSpecification\",\"valueRequired\":true,\"valueName\":\"search_term_string\"}}],\"inLanguage\":\"az\"},{\"@type\":\"Person\",\"@id\":\"https:\/\/www.zerdab.com\/#\/schema\/person\/97079b7570c1e89ec0d9e138c3672136\",\"name\":\"admin\",\"image\":{\"@type\":\"ImageObject\",\"inLanguage\":\"az\",\"@id\":\"https:\/\/www.zerdab.com\/#\/schema\/person\/image\/\",\"url\":\"https:\/\/secure.gravatar.com\/avatar\/d9c52a9a27c32119cb6679a077fa3e2779e5f822c451cbf01098004361d466ec?s=96&d=mm&r=g\",\"contentUrl\":\"https:\/\/secure.gravatar.com\/avatar\/d9c52a9a27c32119cb6679a077fa3e2779e5f822c451cbf01098004361d466ec?s=96&d=mm&r=g\",\"caption\":\"admin\"},\"url\":\"https:\/\/www.zerdab.com\/?author=1\"}]}<\/script>\n<!-- \/ Yoast SEO plugin. -->","yoast_head_json":{"title":"Milli M\u0259clis n\u00f6vb\u0259d\u0259nk\u0259nar se\u00e7kil\u0259rin t\u0259yin edilm\u0259si \u00fc\u00e7\u00fcn Prezident\u0259 m\u00fcraci\u0259t etdi - Z\u0259rdab.com","robots":{"index":"index","follow":"follow","max-snippet":"max-snippet:-1","max-image-preview":"max-image-preview:large","max-video-preview":"max-video-preview:-1"},"canonical":"https:\/\/www.zerdab.com\/?p=31103","og_locale":"az_AZ","og_type":"article","og_title":"Milli M\u0259clis n\u00f6vb\u0259d\u0259nk\u0259nar se\u00e7kil\u0259rin t\u0259yin edilm\u0259si \u00fc\u00e7\u00fcn Prezident\u0259 m\u00fcraci\u0259t etdi - Z\u0259rdab.com","og_description":"&#8220;Az\u0259rbaycan Respublikas\u0131 Milli M\u0259clisin\u0259 n\u00f6vb\u0259d\u0259nk\u0259nar se\u00e7kil\u0259rin t\u0259yin edilm\u0259si haqq\u0131nda Az\u0259rbaycan Respublikas\u0131n\u0131n Prezidentin\u0259 m\u00fcraci\u0259t edilm\u0259si bar\u0259d\u0259&#8221; Milli M\u0259clisin q\u0259rar layih\u0259si haz\u0131rlan\u0131b. Q\u0259rar layih\u0259sinin m\u0259tnini deputat Tahir Rzayev oxuyub. Q\u0259rar layih\u0259sind\u0259 deyilir: \u201cMilli M\u0259clisd\u0259 \u00e7oxluq t\u0259\u015fkil ed\u0259n YAP \u00fczvl\u0259ri parlament s\u0259drin\u0259 m\u00fcraci\u0259t ed\u0259r\u0259k, h\u0259m parlament se\u00e7kil\u0259rinin, h\u0259m d\u0259 m\u00f6t\u0259b\u0259r beyn\u0259lxalq t\u0259dbirl\u0259rin b\u00f6y\u00fck \u0259h\u0259miyy\u0259t k\u0259sb etdiyini qeyd edib [&hellip;]","og_url":"https:\/\/www.zerdab.com\/?p=31103","og_site_name":"Z\u0259rdab.com","article_published_time":"2024-06-21T08:30:51+00:00","article_modified_time":"2024-06-21T08:31:42+00:00","og_image":[{"width":637,"height":400,"url":"http:\/\/www.zerdab.com\/wp-content\/uploads\/2024\/06\/milli-meclis.jpeg","type":"image\/jpeg"}],"author":"admin","twitter_card":"summary_large_image","twitter_misc":{"Written by":"admin","Est. reading time":"1 minute"},"schema":{"@context":"https:\/\/schema.org","@graph":[{"@type":"Article","@id":"https:\/\/www.zerdab.com\/?p=31103#article","isPartOf":{"@id":"https:\/\/www.zerdab.com\/?p=31103"},"author":{"name":"admin","@id":"https:\/\/www.zerdab.com\/#\/schema\/person\/97079b7570c1e89ec0d9e138c3672136"},"headline":"Milli M\u0259clis n\u00f6vb\u0259d\u0259nk\u0259nar se\u00e7kil\u0259rin t\u0259yin edilm\u0259si \u00fc\u00e7\u00fcn Prezident\u0259 m\u00fcraci\u0259t etdi","datePublished":"2024-06-21T08:30:51+00:00","dateModified":"2024-06-21T08:31:42+00:00","mainEntityOfPage":{"@id":"https:\/\/www.zerdab.com\/?p=31103"},"wordCount":257,"image":{"@id":"https:\/\/www.zerdab.com\/?p=31103#primaryimage"},"thumbnailUrl":"https:\/\/www.zerdab.com\/wp-content\/uploads\/2024\/06\/milli-meclis.jpeg","articleSection":["MAN\u015eET","X\u018fB\u018fRL\u018fR"],"inLanguage":"az"},{"@type":"WebPage","@id":"https:\/\/www.zerdab.com\/?p=31103","url":"https:\/\/www.zerdab.com\/?p=31103","name":"Milli M\u0259clis n\u00f6vb\u0259d\u0259nk\u0259nar se\u00e7kil\u0259rin t\u0259yin edilm\u0259si \u00fc\u00e7\u00fcn Prezident\u0259 m\u00fcraci\u0259t etdi - Z\u0259rdab.com","isPartOf":{"@id":"https:\/\/www.zerdab.com\/#website"},"primaryImageOfPage":{"@id":"https:\/\/www.zerdab.com\/?p=31103#primaryimage"},"image":{"@id":"https:\/\/www.zerdab.com\/?p=31103#primaryimage"},"thumbnailUrl":"https:\/\/www.zerdab.com\/wp-content\/uploads\/2024\/06\/milli-meclis.jpeg","datePublished":"2024-06-21T08:30:51+00:00","dateModified":"2024-06-21T08:31:42+00:00","author":{"@id":"https:\/\/www.zerdab.com\/#\/schema\/person\/97079b7570c1e89ec0d9e138c3672136"},"breadcrumb":{"@id":"https:\/\/www.zerdab.com\/?p=31103#breadcrumb"},"inLanguage":"az","potentialAction":[{"@type":"ReadAction","target":["https:\/\/www.zerdab.com\/?p=31103"]}]},{"@type":"ImageObject","inLanguage":"az","@id":"https:\/\/www.zerdab.com\/?p=31103#primaryimage","url":"https:\/\/www.zerdab.com\/wp-content\/uploads\/2024\/06\/milli-meclis.jpeg","contentUrl":"https:\/\/www.zerdab.com\/wp-content\/uploads\/2024\/06\/milli-meclis.jpeg","width":637,"height":400,"caption":"milli-meclis"},{"@type":"BreadcrumbList","@id":"https:\/\/www.zerdab.com\/?p=31103#breadcrumb","itemListElement":[{"@type":"ListItem","position":1,"name":"Home","item":"https:\/\/www.zerdab.com\/"},{"@type":"ListItem","position":2,"name":"Milli M\u0259clis n\u00f6vb\u0259d\u0259nk\u0259nar se\u00e7kil\u0259rin t\u0259yin edilm\u0259si \u00fc\u00e7\u00fcn Prezident\u0259 m\u00fcraci\u0259t etdi"}]},{"@type":"WebSite","@id":"https:\/\/www.zerdab.com\/#website","url":"https:\/\/www.zerdab.com\/","name":"Z\u0259rdab.com","description":"","potentialAction":[{"@type":"SearchAction","target":{"@type":"EntryPoint","urlTemplate":"https:\/\/www.zerdab.com\/?s={search_term_string}"},"query-input":{"@type":"PropertyValueSpecification","valueRequired":true,"valueName":"search_term_string"}}],"inLanguage":"az"},{"@type":"Person","@id":"https:\/\/www.zerdab.com\/#\/schema\/person\/97079b7570c1e89ec0d9e138c3672136","name":"admin","image":{"@type":"ImageObject","inLanguage":"az","@id":"https:\/\/www.zerdab.com\/#\/schema\/person\/image\/","url":"https:\/\/secure.gravatar.com\/avatar\/d9c52a9a27c32119cb6679a077fa3e2779e5f822c451cbf01098004361d466ec?s=96&d=mm&r=g","contentUrl":"https:\/\/secure.gravatar.com\/avatar\/d9c52a9a27c32119cb6679a077fa3e2779e5f822c451cbf01098004361d466ec?s=96&d=mm&r=g","caption":"admin"},"url":"https:\/\/www.zerdab.com\/?author=1"}]}},"_links":{"self":[{"href":"https:\/\/www.zerdab.com\/index.php?rest_route=\/wp\/v2\/posts\/31103","targetHints":{"allow":["GET"]}}],"collection":[{"href":"https:\/\/www.zerdab.com\/index.php?rest_route=\/wp\/v2\/posts"}],"about":[{"href":"https:\/\/www.zerdab.com\/index.php?rest_route=\/wp\/v2\/types\/post"}],"author":[{"embeddable":true,"href":"https:\/\/www.zerdab.com\/index.php?rest_route=\/wp\/v2\/users\/1"}],"replies":[{"embeddable":true,"href":"https:\/\/www.zerdab.com\/index.php?rest_route=%2Fwp%2Fv2%2Fcomments&post=31103"}],"version-history":[{"count":1,"href":"https:\/\/www.zerdab.com\/index.php?rest_route=\/wp\/v2\/posts\/31103\/revisions"}],"predecessor-version":[{"id":31105,"href":"https:\/\/www.zerdab.com\/index.php?rest_route=\/wp\/v2\/posts\/31103\/revisions\/31105"}],"wp:featuredmedia":[{"embeddable":true,"href":"https:\/\/www.zerdab.com\/index.php?rest_route=\/wp\/v2\/media\/31104"}],"wp:attachment":[{"href":"https:\/\/www.zerdab.com\/index.php?rest_route=%2Fwp%2Fv2%2Fmedia&parent=31103"}],"wp:term":[{"taxonomy":"category","embeddable":true,"href":"https:\/\/www.zerdab.com\/index.php?rest_route=%2Fwp%2Fv2%2Fcategories&post=31103"},{"taxonomy":"post_tag","embeddable":true,"href":"https:\/\/www.zerdab.com\/index.php?rest_route=%2Fwp%2Fv2%2Ftags&post=31103"}],"curies":[{"name":"wp","href":"https:\/\/api.w.org\/{rel}","templated":true}]}}