{"id":31109,"date":"2024-06-23T13:56:13","date_gmt":"2024-06-23T09:56:13","guid":{"rendered":"https:\/\/www.zerdab.com\/?p=31109"},"modified":"2024-06-24T14:00:34","modified_gmt":"2024-06-24T10:00:34","slug":"z%c9%99rdabda-da-dovl%c9%99t-qulluqcularinin-pes%c9%99-bayrami-gunu-il%c9%99-bagli-toplanti-kecirildi","status":"publish","type":"post","link":"https:\/\/www.zerdab.com\/?p=31109","title":{"rendered":"Z\u0259rdabda da D\u00f6vl\u0259t Qulluq\u00e7ular\u0131n\u0131n Pe\u015f\u0259 Bayram\u0131 G\u00fcn\u00fc il\u0259 ba\u011fl\u0131 toplant\u0131 ke\u00e7irildi"},"content":{"rendered":"<p><strong>Z\u0259rdab rayonunda D\u00f6vl\u0259t Qulluq\u00e7ular\u0131n\u0131n Pe\u015f\u0259 Bayram\u0131 G\u00fcn\u00fc qeyd edilib.\u00a0<\/strong><\/p>\n<p><strong>Zerdab.com sayt\u0131 <\/strong>x\u0259b\u0259r verir ki, \u0259vv\u0259lc\u0259 rayonun idar\u0259, m\u00fc\u0259ssis\u0259 v\u0259 t\u0259\u015fkilatlar\u0131nda \u00e7al\u0131\u015fan d\u00f6vl\u0259t qulluq\u00e7ular\u0131 \u00fcmummilli lider Heyd\u0259r \u018fliyevin abid\u0259si \u00f6n\u00fcn\u0259 g\u00fcl-\u00e7i\u00e7\u0259k d\u0259st\u0259l\u0259ri qoyublar. D\u00f6vl\u0259t Qulluq\u00e7ular\u0131n\u0131n Pe\u015f\u0259 Bayram\u0131 g\u00fcn\u00fc m\u00fcnasib\u0259til\u0259 t\u0259\u015fkil olunan toplant\u0131da Z\u0259rdab Rayon \u0130cra Hakimiyy\u0259tinin ba\u015f\u00e7\u0131s\u0131 M\u0259rdan Camalzad\u0259 \u00e7\u0131x\u0131\u015f ed\u0259r\u0259k i\u015ftirak\u00e7\u0131lar\u0131 bu m\u00fcnasib\u0259tl\u0259 t\u0259brik edib.<\/p>\n<p>Qeyd olunub ki, bu g\u00fcn s\u00fcr\u0259tl\u0259 inki\u015faf ed\u0259n Az\u0259rbaycan\u0131n beyn\u0259lxalq al\u0259md\u0259 \u00f6z n\u00fcfuzunu m\u00f6hk\u0259ml\u0259ndirm\u0259si \u00fcmummilli lider Heyd\u0259r \u018fliyevin d\u00f6vl\u0259t idar\u0259etm\u0259 sistemind\u0259 h\u0259yata ke\u00e7irdiyi islahatlardan ba\u015flay\u0131b. Prezident \u0130lham \u018fliyevin bu islahatlar\u0131 q\u0259tiyy\u0259tl\u0259 davam etdirm\u0259si say\u0259sind\u0259 \u00f6lk\u0259mizin q\u00fcdr\u0259ti g\u00fcnd\u0259n-g\u00fcn\u0259 artmaqdad\u0131r. Tam \u0259minlikl\u0259 dem\u0259k olar ki, respublikam\u0131zda m\u00fcasir t\u0259l\u0259bl\u0259r\u0259 cavab ver\u0259n d\u00f6vl\u0259t idar\u0259etm\u0259 sistemi qurulub, hakimiyy\u0259tin b\u00fct\u00fcn qollar\u0131n\u0131n funksiyalar\u0131 d\u0259qiq m\u00fc\u0259yy\u0259nl\u0259\u015fdirilib, v\u0259t\u0259nda\u015flar\u0131n h\u00fcquq v\u0259 azadl\u0131qlar\u0131n\u0131n qorunmas\u0131 v\u0259 h\u0259yata ke\u00e7irilm\u0259si \u00fc\u00e7\u00fcn z\u0259ruri t\u0259sisatlar yarad\u0131l\u0131b. \u0130cra ba\u015f\u00e7\u0131s\u0131 \u00e7\u0131x\u0131\u015f\u0131nda m\u00fc\u0259ssis\u0259l\u0259rd\u0259 \u00e7al\u0131\u015fan d\u00f6vl\u0259t qulluq\u00e7ular\u0131n\u0131n rayonun sosial-iqtisadi\u00a0 v\u0259 m\u0259d\u0259ni inki\u015faf\u0131na \u00e7ox b\u00f6y\u00fck t\u00f6hf\u0259l\u0259r verdikl\u0259rini qeyd etmi\u015fdir.<\/p>\n<p>T\u0259dbird\u0259 Rayon \u0130cra Hakimiyy\u0259ti Ba\u015f\u00e7\u0131s\u0131n\u0131n M\u0259mm\u0259dqas\u0131ml\u0131 k\u0259nd \u0130\u018fD \u00fczr\u0259 n\u00fcmay\u0259nd\u0259si M\u0259tl\u0259b M\u00fcz\u0259ff\u0259rov v\u0259 Qoruqba\u011f\u0131 k\u0259nd \u0130\u018fD \u00fczr\u0259 n\u00fcmay\u0259nd\u0259sinin m\u00fcavini\u00a0 Vahid X\u0259lilov rayonun ictimai h\u0259yat\u0131nda f\u0259al i\u015ftirak etdikl\u0259rin\u0259 g\u00f6r\u0259 F\u0259xri F\u0259rmanla t\u0259ltif olunmu\u015flar. \u00c7\u0131x\u0131\u015f ed\u0259n d\u00f6vl\u0259t qulluq\u00e7ular\u0131 onlar\u0131n \u0259m\u0259yin\u0259 veril\u0259n y\u00fcks\u0259k qiym\u0259t\u0259 g\u00f6r\u0259 \u00f6lk\u0259 r\u0259hb\u0259rliyin\u0259 minn\u0259tdarl\u0131qlar\u0131n\u0131 bildiribl\u0259r.<\/p>\n<p>T\u0259dbird\u0259 h\u0259m\u00e7inin barama m\u00f6vs\u00fcm\u00fcnd\u0259 \u0259n y\u00fcks\u0259k m\u0259hsuldarl\u0131q \u0259ld\u0259 ed\u0259n k\u00fcm\u00e7\u00fcl\u0259r d\u0259 m\u00fckafatland\u0131r\u0131l\u0131b.<\/p>\n<p>Bel\u0259 ki, barama m\u00f6vs\u00fcm\u00fcn\u00fcn \u0259vv\u0259lind\u0259 \u0259sl\u0259n Z\u0259rdab rayonundan olan ictimai f\u0259al Ramil Mehdiyevin v\u0259d etdiyi pul m\u00fckafatlar\u0131 Z\u0259rdab Rayon \u0130cra Hakimiyy\u0259tinin ba\u015f\u00e7\u0131s\u0131 t\u0259r\u0259find\u0259n ip\u0259kqurdunun b\u0259sl\u0259nm\u0259si v\u0259 y\u00fcks\u0259k m\u0259hsuldarl\u0131\u011f\u0131 il\u0259 se\u00e7il\u0259n k\u00fcm\u00e7\u00fcl\u0259r\u0259 t\u0259qdim olunub. Onlara bu sah\u0259d\u0259 g\u0259l\u0259c\u0259k f\u0259aliyy\u0259tl\u0259rind\u0259 daha b\u00f6y\u00fck u\u011furlar arzulan\u0131b.<\/p>\n<p>Qeyd ed\u0259k ki, H\u0259r il oldu\u011fu kimi, Z\u0259rdab rayonu bu il d\u0259 barama t\u0259dar\u00fck\u00fc sah\u0259sind\u0259 Respublikada birinci olub.Bel\u0259 ki, 2024-c\u00fc ilin m\u0259hsulu \u00fc\u00e7\u00fcn 820 qutu ip\u0259kqurdu toxumu k\u00fcm\u00e7\u00fcl\u0259r\u0259 paylan\u0131l\u0131b, 40 tondan \u00e7ox ya\u015f barama emal m\u00fc\u0259ssis\u0259sin\u0259 t\u0259hvil verilib. \u0130p\u0259kqurdunun b\u0259sl\u0259nm\u0259si v\u0259 y\u00fcks\u0259k m\u0259hsuldarl\u0131\u011f\u0131 il\u0259 se\u00e7il\u0259n k\u00fcm\u00e7\u00fcl\u0259r\u0259 Rayon \u0130cra Hakimiyy\u0259tinin ba\u015f\u00e7\u0131s\u0131 t\u0259r\u0259find\u0259n pul m\u00fckafatlar\u0131 t\u0259qdim olunub. Onlara bu sah\u0259d\u0259 g\u0259l\u0259c\u0259k f\u0259aliyy\u0259tl\u0259rind\u0259 daha b\u00f6y\u00fck u\u011furlar arzulan\u0131b.<\/p>\n<div><img decoding=\"async\" class=\"img-responsive\" title=\"\" src=\"https:\/\/qafqazinfo.az\/uploads\/1719050171\/1.jpg\" alt=\"\" \/><br \/>\n<img decoding=\"async\" class=\"img-responsive\" title=\"\" src=\"https:\/\/qafqazinfo.az\/uploads\/1719050171\/2.jpg\" alt=\"\" \/><br \/>\n<img decoding=\"async\" class=\"img-responsive\" title=\"\" src=\"https:\/\/qafqazinfo.az\/uploads\/1719050171\/3.jpg\" alt=\"\" \/><br \/>\n<img decoding=\"async\" class=\"img-responsive\" title=\"\" src=\"https:\/\/qafqazinfo.az\/uploads\/1719050171\/7.jpg\" alt=\"\" \/><br \/>\n<img decoding=\"async\" class=\"img-responsive\" title=\"\" src=\"https:\/\/qafqazinfo.az\/uploads\/1719050171\/6.jpg\" alt=\"\" \/><br \/>\n<img decoding=\"async\" class=\"img-responsive\" title=\"\" src=\"https:\/\/qafqazinfo.az\/uploads\/1719050171\/5.jpg\" alt=\"\" \/><br \/>\n<img decoding=\"async\" class=\"img-responsive\" title=\"\" src=\"https:\/\/qafqazinfo.az\/uploads\/1719050171\/4.jpg\" alt=\"\" \/><\/div>\n","protected":false},"excerpt":{"rendered":"<p>Z\u0259rdab rayonunda D\u00f6vl\u0259t Qulluq\u00e7ular\u0131n\u0131n Pe\u015f\u0259 Bayram\u0131 G\u00fcn\u00fc qeyd edilib.\u00a0 Zerdab.com sayt\u0131 x\u0259b\u0259r verir ki, \u0259vv\u0259lc\u0259 rayonun idar\u0259, m\u00fc\u0259ssis\u0259 v\u0259 t\u0259\u015fkilatlar\u0131nda \u00e7al\u0131\u015fan d\u00f6vl\u0259t qulluq\u00e7ular\u0131 \u00fcmummilli lider Heyd\u0259r \u018fliyevin abid\u0259si \u00f6n\u00fcn\u0259 g\u00fcl-\u00e7i\u00e7\u0259k d\u0259st\u0259l\u0259ri qoyublar. D\u00f6vl\u0259t Qulluq\u00e7ular\u0131n\u0131n Pe\u015f\u0259 Bayram\u0131 g\u00fcn\u00fc m\u00fcnasib\u0259til\u0259 t\u0259\u015fkil olunan toplant\u0131da Z\u0259rdab Rayon \u0130cra Hakimiyy\u0259tinin ba\u015f\u00e7\u0131s\u0131 M\u0259rdan Camalzad\u0259 \u00e7\u0131x\u0131\u015f ed\u0259r\u0259k i\u015ftirak\u00e7\u0131lar\u0131 bu m\u00fcnasib\u0259tl\u0259 t\u0259brik edib. [&hellip;]<\/p>\n","protected":false},"author":1,"featured_media":31110,"comment_status":"closed","ping_status":"closed","sticky":false,"template":"","format":"standard","meta":{"footnotes":""},"categories":[63,5],"tags":[],"class_list":{"0":"post-31109","1":"post","2":"type-post","3":"status-publish","4":"format-standard","5":"has-post-thumbnail","7":"category-manset","8":"category-knd"},"yoast_head":"<!-- This site is optimized with the Yoast SEO plugin v27.0 - https:\/\/yoast.com\/product\/yoast-seo-wordpress\/ -->\n<title>Z\u0259rdabda da D\u00f6vl\u0259t Qulluq\u00e7ular\u0131n\u0131n Pe\u015f\u0259 Bayram\u0131 G\u00fcn\u00fc il\u0259 ba\u011fl\u0131 toplant\u0131 ke\u00e7irildi - Z\u0259rdab.com<\/title>\n<meta name=\"robots\" content=\"index, follow, max-snippet:-1, max-image-preview:large, max-video-preview:-1\" \/>\n<link rel=\"canonical\" href=\"https:\/\/www.zerdab.com\/?p=31109\" \/>\n<meta property=\"og:locale\" content=\"az_AZ\" \/>\n<meta property=\"og:type\" content=\"article\" \/>\n<meta property=\"og:title\" content=\"Z\u0259rdabda da D\u00f6vl\u0259t Qulluq\u00e7ular\u0131n\u0131n Pe\u015f\u0259 Bayram\u0131 G\u00fcn\u00fc il\u0259 ba\u011fl\u0131 toplant\u0131 ke\u00e7irildi - Z\u0259rdab.com\" \/>\n<meta property=\"og:description\" content=\"Z\u0259rdab rayonunda D\u00f6vl\u0259t Qulluq\u00e7ular\u0131n\u0131n Pe\u015f\u0259 Bayram\u0131 G\u00fcn\u00fc qeyd edilib.\u00a0 Zerdab.com sayt\u0131 x\u0259b\u0259r verir ki, \u0259vv\u0259lc\u0259 rayonun idar\u0259, m\u00fc\u0259ssis\u0259 v\u0259 t\u0259\u015fkilatlar\u0131nda \u00e7al\u0131\u015fan d\u00f6vl\u0259t qulluq\u00e7ular\u0131 \u00fcmummilli lider Heyd\u0259r \u018fliyevin abid\u0259si \u00f6n\u00fcn\u0259 g\u00fcl-\u00e7i\u00e7\u0259k d\u0259st\u0259l\u0259ri qoyublar. D\u00f6vl\u0259t Qulluq\u00e7ular\u0131n\u0131n Pe\u015f\u0259 Bayram\u0131 g\u00fcn\u00fc m\u00fcnasib\u0259til\u0259 t\u0259\u015fkil olunan toplant\u0131da Z\u0259rdab Rayon \u0130cra Hakimiyy\u0259tinin ba\u015f\u00e7\u0131s\u0131 M\u0259rdan Camalzad\u0259 \u00e7\u0131x\u0131\u015f ed\u0259r\u0259k i\u015ftirak\u00e7\u0131lar\u0131 bu m\u00fcnasib\u0259tl\u0259 t\u0259brik edib. [&hellip;]\" \/>\n<meta property=\"og:url\" content=\"https:\/\/www.zerdab.com\/?p=31109\" \/>\n<meta property=\"og:site_name\" content=\"Z\u0259rdab.com\" \/>\n<meta property=\"article:published_time\" content=\"2024-06-23T09:56:13+00:00\" \/>\n<meta property=\"article:modified_time\" content=\"2024-06-24T10:00:34+00:00\" \/>\n<meta property=\"og:image\" content=\"http:\/\/www.zerdab.com\/wp-content\/uploads\/2024\/06\/zerdab-tedbir.jpg\" \/>\n\t<meta property=\"og:image:width\" content=\"946\" \/>\n\t<meta property=\"og:image:height\" content=\"625\" \/>\n\t<meta property=\"og:image:type\" content=\"image\/jpeg\" \/>\n<meta name=\"author\" content=\"admin\" \/>\n<meta name=\"twitter:card\" content=\"summary_large_image\" \/>\n<meta name=\"twitter:label1\" content=\"Written by\" \/>\n\t<meta name=\"twitter:data1\" content=\"admin\" \/>\n\t<meta name=\"twitter:label2\" content=\"Est. reading time\" \/>\n\t<meta name=\"twitter:data2\" content=\"4 minutes\" \/>\n<script type=\"application\/ld+json\" class=\"yoast-schema-graph\">{\"@context\":\"https:\/\/schema.org\",\"@graph\":[{\"@type\":\"Article\",\"@id\":\"https:\/\/www.zerdab.com\/?p=31109#article\",\"isPartOf\":{\"@id\":\"https:\/\/www.zerdab.com\/?p=31109\"},\"author\":{\"name\":\"admin\",\"@id\":\"https:\/\/www.zerdab.com\/#\/schema\/person\/97079b7570c1e89ec0d9e138c3672136\"},\"headline\":\"Z\u0259rdabda da D\u00f6vl\u0259t Qulluq\u00e7ular\u0131n\u0131n Pe\u015f\u0259 Bayram\u0131 G\u00fcn\u00fc il\u0259 ba\u011fl\u0131 toplant\u0131 ke\u00e7irildi\",\"datePublished\":\"2024-06-23T09:56:13+00:00\",\"dateModified\":\"2024-06-24T10:00:34+00:00\",\"mainEntityOfPage\":{\"@id\":\"https:\/\/www.zerdab.com\/?p=31109\"},\"wordCount\":618,\"image\":{\"@id\":\"https:\/\/www.zerdab.com\/?p=31109#primaryimage\"},\"thumbnailUrl\":\"https:\/\/www.zerdab.com\/wp-content\/uploads\/2024\/06\/zerdab-tedbir.jpg\",\"articleSection\":[\"MAN\u015eET\",\"X\u018fB\u018fRL\u018fR\"],\"inLanguage\":\"az\"},{\"@type\":\"WebPage\",\"@id\":\"https:\/\/www.zerdab.com\/?p=31109\",\"url\":\"https:\/\/www.zerdab.com\/?p=31109\",\"name\":\"Z\u0259rdabda da D\u00f6vl\u0259t Qulluq\u00e7ular\u0131n\u0131n Pe\u015f\u0259 Bayram\u0131 G\u00fcn\u00fc il\u0259 ba\u011fl\u0131 toplant\u0131 ke\u00e7irildi - Z\u0259rdab.com\",\"isPartOf\":{\"@id\":\"https:\/\/www.zerdab.com\/#website\"},\"primaryImageOfPage\":{\"@id\":\"https:\/\/www.zerdab.com\/?p=31109#primaryimage\"},\"image\":{\"@id\":\"https:\/\/www.zerdab.com\/?p=31109#primaryimage\"},\"thumbnailUrl\":\"https:\/\/www.zerdab.com\/wp-content\/uploads\/2024\/06\/zerdab-tedbir.jpg\",\"datePublished\":\"2024-06-23T09:56:13+00:00\",\"dateModified\":\"2024-06-24T10:00:34+00:00\",\"author\":{\"@id\":\"https:\/\/www.zerdab.com\/#\/schema\/person\/97079b7570c1e89ec0d9e138c3672136\"},\"breadcrumb\":{\"@id\":\"https:\/\/www.zerdab.com\/?p=31109#breadcrumb\"},\"inLanguage\":\"az\",\"potentialAction\":[{\"@type\":\"ReadAction\",\"target\":[\"https:\/\/www.zerdab.com\/?p=31109\"]}]},{\"@type\":\"ImageObject\",\"inLanguage\":\"az\",\"@id\":\"https:\/\/www.zerdab.com\/?p=31109#primaryimage\",\"url\":\"https:\/\/www.zerdab.com\/wp-content\/uploads\/2024\/06\/zerdab-tedbir.jpg\",\"contentUrl\":\"https:\/\/www.zerdab.com\/wp-content\/uploads\/2024\/06\/zerdab-tedbir.jpg\",\"width\":946,\"height\":625,\"caption\":\"zerdab-tedbir.png\"},{\"@type\":\"BreadcrumbList\",\"@id\":\"https:\/\/www.zerdab.com\/?p=31109#breadcrumb\",\"itemListElement\":[{\"@type\":\"ListItem\",\"position\":1,\"name\":\"Home\",\"item\":\"https:\/\/www.zerdab.com\/\"},{\"@type\":\"ListItem\",\"position\":2,\"name\":\"Z\u0259rdabda da D\u00f6vl\u0259t Qulluq\u00e7ular\u0131n\u0131n Pe\u015f\u0259 Bayram\u0131 G\u00fcn\u00fc il\u0259 ba\u011fl\u0131 toplant\u0131 ke\u00e7irildi\"}]},{\"@type\":\"WebSite\",\"@id\":\"https:\/\/www.zerdab.com\/#website\",\"url\":\"https:\/\/www.zerdab.com\/\",\"name\":\"Z\u0259rdab.com\",\"description\":\"\",\"potentialAction\":[{\"@type\":\"SearchAction\",\"target\":{\"@type\":\"EntryPoint\",\"urlTemplate\":\"https:\/\/www.zerdab.com\/?s={search_term_string}\"},\"query-input\":{\"@type\":\"PropertyValueSpecification\",\"valueRequired\":true,\"valueName\":\"search_term_string\"}}],\"inLanguage\":\"az\"},{\"@type\":\"Person\",\"@id\":\"https:\/\/www.zerdab.com\/#\/schema\/person\/97079b7570c1e89ec0d9e138c3672136\",\"name\":\"admin\",\"image\":{\"@type\":\"ImageObject\",\"inLanguage\":\"az\",\"@id\":\"https:\/\/www.zerdab.com\/#\/schema\/person\/image\/\",\"url\":\"https:\/\/secure.gravatar.com\/avatar\/d9c52a9a27c32119cb6679a077fa3e2779e5f822c451cbf01098004361d466ec?s=96&d=mm&r=g\",\"contentUrl\":\"https:\/\/secure.gravatar.com\/avatar\/d9c52a9a27c32119cb6679a077fa3e2779e5f822c451cbf01098004361d466ec?s=96&d=mm&r=g\",\"caption\":\"admin\"},\"url\":\"https:\/\/www.zerdab.com\/?author=1\"}]}<\/script>\n<!-- \/ Yoast SEO plugin. -->","yoast_head_json":{"title":"Z\u0259rdabda da D\u00f6vl\u0259t Qulluq\u00e7ular\u0131n\u0131n Pe\u015f\u0259 Bayram\u0131 G\u00fcn\u00fc il\u0259 ba\u011fl\u0131 toplant\u0131 ke\u00e7irildi - Z\u0259rdab.com","robots":{"index":"index","follow":"follow","max-snippet":"max-snippet:-1","max-image-preview":"max-image-preview:large","max-video-preview":"max-video-preview:-1"},"canonical":"https:\/\/www.zerdab.com\/?p=31109","og_locale":"az_AZ","og_type":"article","og_title":"Z\u0259rdabda da D\u00f6vl\u0259t Qulluq\u00e7ular\u0131n\u0131n Pe\u015f\u0259 Bayram\u0131 G\u00fcn\u00fc il\u0259 ba\u011fl\u0131 toplant\u0131 ke\u00e7irildi - Z\u0259rdab.com","og_description":"Z\u0259rdab rayonunda D\u00f6vl\u0259t Qulluq\u00e7ular\u0131n\u0131n Pe\u015f\u0259 Bayram\u0131 G\u00fcn\u00fc qeyd edilib.\u00a0 Zerdab.com sayt\u0131 x\u0259b\u0259r verir ki, \u0259vv\u0259lc\u0259 rayonun idar\u0259, m\u00fc\u0259ssis\u0259 v\u0259 t\u0259\u015fkilatlar\u0131nda \u00e7al\u0131\u015fan d\u00f6vl\u0259t qulluq\u00e7ular\u0131 \u00fcmummilli lider Heyd\u0259r \u018fliyevin abid\u0259si \u00f6n\u00fcn\u0259 g\u00fcl-\u00e7i\u00e7\u0259k d\u0259st\u0259l\u0259ri qoyublar. D\u00f6vl\u0259t Qulluq\u00e7ular\u0131n\u0131n Pe\u015f\u0259 Bayram\u0131 g\u00fcn\u00fc m\u00fcnasib\u0259til\u0259 t\u0259\u015fkil olunan toplant\u0131da Z\u0259rdab Rayon \u0130cra Hakimiyy\u0259tinin ba\u015f\u00e7\u0131s\u0131 M\u0259rdan Camalzad\u0259 \u00e7\u0131x\u0131\u015f ed\u0259r\u0259k i\u015ftirak\u00e7\u0131lar\u0131 bu m\u00fcnasib\u0259tl\u0259 t\u0259brik edib. [&hellip;]","og_url":"https:\/\/www.zerdab.com\/?p=31109","og_site_name":"Z\u0259rdab.com","article_published_time":"2024-06-23T09:56:13+00:00","article_modified_time":"2024-06-24T10:00:34+00:00","og_image":[{"width":946,"height":625,"url":"http:\/\/www.zerdab.com\/wp-content\/uploads\/2024\/06\/zerdab-tedbir.jpg","type":"image\/jpeg"}],"author":"admin","twitter_card":"summary_large_image","twitter_misc":{"Written by":"admin","Est. reading time":"4 minutes"},"schema":{"@context":"https:\/\/schema.org","@graph":[{"@type":"Article","@id":"https:\/\/www.zerdab.com\/?p=31109#article","isPartOf":{"@id":"https:\/\/www.zerdab.com\/?p=31109"},"author":{"name":"admin","@id":"https:\/\/www.zerdab.com\/#\/schema\/person\/97079b7570c1e89ec0d9e138c3672136"},"headline":"Z\u0259rdabda da D\u00f6vl\u0259t Qulluq\u00e7ular\u0131n\u0131n Pe\u015f\u0259 Bayram\u0131 G\u00fcn\u00fc il\u0259 ba\u011fl\u0131 toplant\u0131 ke\u00e7irildi","datePublished":"2024-06-23T09:56:13+00:00","dateModified":"2024-06-24T10:00:34+00:00","mainEntityOfPage":{"@id":"https:\/\/www.zerdab.com\/?p=31109"},"wordCount":618,"image":{"@id":"https:\/\/www.zerdab.com\/?p=31109#primaryimage"},"thumbnailUrl":"https:\/\/www.zerdab.com\/wp-content\/uploads\/2024\/06\/zerdab-tedbir.jpg","articleSection":["MAN\u015eET","X\u018fB\u018fRL\u018fR"],"inLanguage":"az"},{"@type":"WebPage","@id":"https:\/\/www.zerdab.com\/?p=31109","url":"https:\/\/www.zerdab.com\/?p=31109","name":"Z\u0259rdabda da D\u00f6vl\u0259t Qulluq\u00e7ular\u0131n\u0131n Pe\u015f\u0259 Bayram\u0131 G\u00fcn\u00fc il\u0259 ba\u011fl\u0131 toplant\u0131 ke\u00e7irildi - Z\u0259rdab.com","isPartOf":{"@id":"https:\/\/www.zerdab.com\/#website"},"primaryImageOfPage":{"@id":"https:\/\/www.zerdab.com\/?p=31109#primaryimage"},"image":{"@id":"https:\/\/www.zerdab.com\/?p=31109#primaryimage"},"thumbnailUrl":"https:\/\/www.zerdab.com\/wp-content\/uploads\/2024\/06\/zerdab-tedbir.jpg","datePublished":"2024-06-23T09:56:13+00:00","dateModified":"2024-06-24T10:00:34+00:00","author":{"@id":"https:\/\/www.zerdab.com\/#\/schema\/person\/97079b7570c1e89ec0d9e138c3672136"},"breadcrumb":{"@id":"https:\/\/www.zerdab.com\/?p=31109#breadcrumb"},"inLanguage":"az","potentialAction":[{"@type":"ReadAction","target":["https:\/\/www.zerdab.com\/?p=31109"]}]},{"@type":"ImageObject","inLanguage":"az","@id":"https:\/\/www.zerdab.com\/?p=31109#primaryimage","url":"https:\/\/www.zerdab.com\/wp-content\/uploads\/2024\/06\/zerdab-tedbir.jpg","contentUrl":"https:\/\/www.zerdab.com\/wp-content\/uploads\/2024\/06\/zerdab-tedbir.jpg","width":946,"height":625,"caption":"zerdab-tedbir.png"},{"@type":"BreadcrumbList","@id":"https:\/\/www.zerdab.com\/?p=31109#breadcrumb","itemListElement":[{"@type":"ListItem","position":1,"name":"Home","item":"https:\/\/www.zerdab.com\/"},{"@type":"ListItem","position":2,"name":"Z\u0259rdabda da D\u00f6vl\u0259t Qulluq\u00e7ular\u0131n\u0131n Pe\u015f\u0259 Bayram\u0131 G\u00fcn\u00fc il\u0259 ba\u011fl\u0131 toplant\u0131 ke\u00e7irildi"}]},{"@type":"WebSite","@id":"https:\/\/www.zerdab.com\/#website","url":"https:\/\/www.zerdab.com\/","name":"Z\u0259rdab.com","description":"","potentialAction":[{"@type":"SearchAction","target":{"@type":"EntryPoint","urlTemplate":"https:\/\/www.zerdab.com\/?s={search_term_string}"},"query-input":{"@type":"PropertyValueSpecification","valueRequired":true,"valueName":"search_term_string"}}],"inLanguage":"az"},{"@type":"Person","@id":"https:\/\/www.zerdab.com\/#\/schema\/person\/97079b7570c1e89ec0d9e138c3672136","name":"admin","image":{"@type":"ImageObject","inLanguage":"az","@id":"https:\/\/www.zerdab.com\/#\/schema\/person\/image\/","url":"https:\/\/secure.gravatar.com\/avatar\/d9c52a9a27c32119cb6679a077fa3e2779e5f822c451cbf01098004361d466ec?s=96&d=mm&r=g","contentUrl":"https:\/\/secure.gravatar.com\/avatar\/d9c52a9a27c32119cb6679a077fa3e2779e5f822c451cbf01098004361d466ec?s=96&d=mm&r=g","caption":"admin"},"url":"https:\/\/www.zerdab.com\/?author=1"}]}},"_links":{"self":[{"href":"https:\/\/www.zerdab.com\/index.php?rest_route=\/wp\/v2\/posts\/31109","targetHints":{"allow":["GET"]}}],"collection":[{"href":"https:\/\/www.zerdab.com\/index.php?rest_route=\/wp\/v2\/posts"}],"about":[{"href":"https:\/\/www.zerdab.com\/index.php?rest_route=\/wp\/v2\/types\/post"}],"author":[{"embeddable":true,"href":"https:\/\/www.zerdab.com\/index.php?rest_route=\/wp\/v2\/users\/1"}],"replies":[{"embeddable":true,"href":"https:\/\/www.zerdab.com\/index.php?rest_route=%2Fwp%2Fv2%2Fcomments&post=31109"}],"version-history":[{"count":3,"href":"https:\/\/www.zerdab.com\/index.php?rest_route=\/wp\/v2\/posts\/31109\/revisions"}],"predecessor-version":[{"id":31112,"href":"https:\/\/www.zerdab.com\/index.php?rest_route=\/wp\/v2\/posts\/31109\/revisions\/31112"}],"wp:featuredmedia":[{"embeddable":true,"href":"https:\/\/www.zerdab.com\/index.php?rest_route=\/wp\/v2\/media\/31110"}],"wp:attachment":[{"href":"https:\/\/www.zerdab.com\/index.php?rest_route=%2Fwp%2Fv2%2Fmedia&parent=31109"}],"wp:term":[{"taxonomy":"category","embeddable":true,"href":"https:\/\/www.zerdab.com\/index.php?rest_route=%2Fwp%2Fv2%2Fcategories&post=31109"},{"taxonomy":"post_tag","embeddable":true,"href":"https:\/\/www.zerdab.com\/index.php?rest_route=%2Fwp%2Fv2%2Ftags&post=31109"}],"curies":[{"name":"wp","href":"https:\/\/api.w.org\/{rel}","templated":true}]}}