{"id":31123,"date":"2024-06-27T12:31:37","date_gmt":"2024-06-27T08:31:37","guid":{"rendered":"https:\/\/www.zerdab.com\/?p=31123"},"modified":"2024-06-27T12:33:28","modified_gmt":"2024-06-27T08:33:28","slug":"nazir-muavini-z%c9%99rdabda-q%c9%99bul-kecirdi-fotolar","status":"publish","type":"post","link":"https:\/\/www.zerdab.com\/?p=31123","title":{"rendered":"Nazir m\u00fcavini Z\u0259rdabda q\u0259bul ke\u00e7irdi &#8211; Fotolar"},"content":{"rendered":"<p><strong>K\u0259nd t\u0259s\u0259rr\u00fcfat\u0131 naziri M\u0259cnun M\u0259mm\u0259dovun imzalad\u0131\u011f\u0131 \u0259mr\u0259 \u0259sas\u0259n, k\u0259nd t\u0259s\u0259rr\u00fcfat\u0131 nazirinin m\u00fcavini El\u00e7in Zeynalov bu g\u00fcn Z\u0259rdab D\u00f6vl\u0259t Aqrar \u0130nki\u015faf M\u0259rk\u0259zinin (DA\u0130M) inzibati binas\u0131nda Z\u0259rdab v\u0259 Beyl\u0259qan rayonlar\u0131ndan olan v\u0259t\u0259nda\u015flar\u0131 q\u0259bul edib.<\/strong><\/p>\n<p><strong>Zerdab.com<\/strong> sayt\u0131 x\u0259b\u0259r verir ki, Nazirlikd\u0259n veril\u0259n m\u0259lumata g\u00f6r\u0259, q\u0259bulda v\u0259t\u0259nda\u015flar\u0131n m\u00fcraci\u0259tl\u0259ri \u0259sas\u0259n t\u0259s\u0259rr\u00fcfatlar\u0131n azad olunmu\u015f \u0259razil\u0259rd\u0259ki yaylaqlara k\u00f6\u00e7\u00fcr\u00fclm\u0259si, t\u0259s\u0259rr\u00fcfat suyu il\u0259 t\u0259minat, barama t\u0259dar\u00fck\u00fc v\u0259 dig\u0259r m\u0259s\u0259l\u0259l\u0259rl\u0259 ba\u011fl\u0131 olub.<\/p>\n<p>Nazir m\u00fcavini El\u00e7in Zeynalov h\u0259r bir v\u0259t\u0259nda\u015f\u0131n m\u00fcraci\u0259tini diqq\u0259tl\u0259 dinl\u0259yib, qald\u0131r\u0131lan m\u0259s\u0259l\u0259l\u0259rin h\u0259rt\u0259r\u0259fli \u00f6yr\u0259nilm\u0259si v\u0259 qanunvericiliyin t\u0259l\u0259bl\u0259rin\u0259 uy\u011fun q\u0131sa m\u00fcdd\u0259td\u0259 h\u0259ll edilm\u0259si \u00fc\u00e7\u00fcn m\u00fcvafiq tap\u015f\u0131r\u0131qlar verib. V\u0259t\u0259nda\u015flar\u0131n m\u00fcraci\u0259tl\u0259rinin bir qismi yerind\u0259c\u0259 h\u0259llini tap\u0131b, qald\u0131r\u0131lan b\u0259zi m\u0259s\u0259l\u0259l\u0259r is\u0259 ara\u015fd\u0131r\u0131lmas\u0131 \u00fc\u00e7\u00fcn n\u0259zar\u0259t\u0259 g\u00f6t\u00fcr\u00fcl\u00fcb.<\/p>\n<p>Nazir m\u00fcavini v\u0259t\u0259nda\u015flarla g\u00f6r\u00fc\u015f zaman\u0131 d\u00f6vl\u0259t ba\u015f\u00e7\u0131s\u0131n\u0131n k\u0259nd t\u0259s\u0259rr\u00fcfat\u0131n\u0131n inki\u015faf\u0131 il\u0259 ba\u011fl\u0131 imzalad\u0131\u011f\u0131 s\u0259r\u0259ncamlar\u0131n k\u0259nd t\u0259s\u0259rr\u00fcfat\u0131 istehsal\u00e7\u0131lar\u0131n\u0131n rifah hal\u0131n\u0131n yax\u015f\u0131la\u015fd\u0131r\u0131lmas\u0131na v\u0259 \u00f6lk\u0259mizd\u0259 bu sah\u0259nin inki\u015faf\u0131na t\u0259kan ver\u0259c\u0259yini vur\u011fulay\u0131b. Q\u0259buldan sonra nazir m\u00fcavini Z\u0259rdab DA\u0130M-in kollektivi il\u0259 g\u00f6r\u00fc\u015f\u00fcb, yazl\u0131q \u0259kinl\u0259rin b\u0259yan prosesi il\u0259 maraqlan\u0131b.<\/p>\n<p>Q\u0259buldan sonra nazir m\u00fcavini pamb\u0131q sah\u0259l\u0259rin\u0259 ba\u015f \u00e7\u0259kib, \u0259kinl\u0259rin v\u0259ziyy\u0259ti, aqrotexniki qulluq t\u0259dbirl\u0259ri, g\u00fcbr\u0259 v\u0259 pestisid t\u0259minat\u0131 il\u0259 maraqlan\u0131b, fermerl\u0259rl\u0259 pamb\u0131q\u00e7\u0131l\u0131\u011f\u0131n inki\u015faf\u0131, d\u00f6vl\u0259t d\u0259st\u0259yi mexanizml\u0259ri bar\u0259d\u0259 s\u00f6hb\u0259t apar\u0131b. Fermerl\u0259rin t\u0259klifl\u0259ri qeyd\u0259 al\u0131n\u0131b, qald\u0131r\u0131lan m\u0259s\u0259l\u0259l\u0259rin h\u0259lli \u00fc\u00e7\u00fcn tap\u015f\u0131r\u0131qlar verilib.<\/p>\n<div><img decoding=\"async\" class=\"img-responsive\" title=\"\" src=\"https:\/\/qafqazinfo.az\/uploads\/1719476749\/5.JPG\" alt=\"\" \/><br \/>\n<img decoding=\"async\" class=\"img-responsive\" title=\"\" src=\"https:\/\/qafqazinfo.az\/uploads\/1719476749\/6.JPG\" alt=\"\" \/><br \/>\n<img decoding=\"async\" class=\"img-responsive\" title=\"\" src=\"https:\/\/qafqazinfo.az\/uploads\/1719476749\/7.JPG\" alt=\"\" \/><br \/>\n<img decoding=\"async\" class=\"img-responsive\" title=\"\" src=\"https:\/\/qafqazinfo.az\/uploads\/1719476749\/1.JPG\" alt=\"\" \/><\/div>\n","protected":false},"excerpt":{"rendered":"<p>K\u0259nd t\u0259s\u0259rr\u00fcfat\u0131 naziri M\u0259cnun M\u0259mm\u0259dovun imzalad\u0131\u011f\u0131 \u0259mr\u0259 \u0259sas\u0259n, k\u0259nd t\u0259s\u0259rr\u00fcfat\u0131 nazirinin m\u00fcavini El\u00e7in Zeynalov bu g\u00fcn Z\u0259rdab D\u00f6vl\u0259t Aqrar \u0130nki\u015faf M\u0259rk\u0259zinin (DA\u0130M) inzibati binas\u0131nda Z\u0259rdab v\u0259 Beyl\u0259qan rayonlar\u0131ndan olan v\u0259t\u0259nda\u015flar\u0131 q\u0259bul edib. Zerdab.com sayt\u0131 x\u0259b\u0259r verir ki, Nazirlikd\u0259n veril\u0259n m\u0259lumata g\u00f6r\u0259, q\u0259bulda v\u0259t\u0259nda\u015flar\u0131n m\u00fcraci\u0259tl\u0259ri \u0259sas\u0259n t\u0259s\u0259rr\u00fcfatlar\u0131n azad olunmu\u015f \u0259razil\u0259rd\u0259ki yaylaqlara k\u00f6\u00e7\u00fcr\u00fclm\u0259si, t\u0259s\u0259rr\u00fcfat suyu il\u0259 t\u0259minat, [&hellip;]<\/p>\n","protected":false},"author":1,"featured_media":31124,"comment_status":"closed","ping_status":"closed","sticky":false,"template":"","format":"standard","meta":{"footnotes":""},"categories":[63,5],"tags":[],"class_list":{"0":"post-31123","1":"post","2":"type-post","3":"status-publish","4":"format-standard","5":"has-post-thumbnail","7":"category-manset","8":"category-knd"},"yoast_head":"<!-- This site is optimized with the Yoast SEO plugin v27.0 - https:\/\/yoast.com\/product\/yoast-seo-wordpress\/ -->\n<title>Nazir m\u00fcavini Z\u0259rdabda q\u0259bul ke\u00e7irdi - Fotolar - Z\u0259rdab.com<\/title>\n<meta name=\"robots\" content=\"index, follow, max-snippet:-1, max-image-preview:large, max-video-preview:-1\" \/>\n<link rel=\"canonical\" href=\"https:\/\/www.zerdab.com\/?p=31123\" \/>\n<meta property=\"og:locale\" content=\"az_AZ\" \/>\n<meta property=\"og:type\" content=\"article\" \/>\n<meta property=\"og:title\" content=\"Nazir m\u00fcavini Z\u0259rdabda q\u0259bul ke\u00e7irdi - Fotolar - Z\u0259rdab.com\" \/>\n<meta property=\"og:description\" content=\"K\u0259nd t\u0259s\u0259rr\u00fcfat\u0131 naziri M\u0259cnun M\u0259mm\u0259dovun imzalad\u0131\u011f\u0131 \u0259mr\u0259 \u0259sas\u0259n, k\u0259nd t\u0259s\u0259rr\u00fcfat\u0131 nazirinin m\u00fcavini El\u00e7in Zeynalov bu g\u00fcn Z\u0259rdab D\u00f6vl\u0259t Aqrar \u0130nki\u015faf M\u0259rk\u0259zinin (DA\u0130M) inzibati binas\u0131nda Z\u0259rdab v\u0259 Beyl\u0259qan rayonlar\u0131ndan olan v\u0259t\u0259nda\u015flar\u0131 q\u0259bul edib. Zerdab.com sayt\u0131 x\u0259b\u0259r verir ki, Nazirlikd\u0259n veril\u0259n m\u0259lumata g\u00f6r\u0259, q\u0259bulda v\u0259t\u0259nda\u015flar\u0131n m\u00fcraci\u0259tl\u0259ri \u0259sas\u0259n t\u0259s\u0259rr\u00fcfatlar\u0131n azad olunmu\u015f \u0259razil\u0259rd\u0259ki yaylaqlara k\u00f6\u00e7\u00fcr\u00fclm\u0259si, t\u0259s\u0259rr\u00fcfat suyu il\u0259 t\u0259minat, [&hellip;]\" \/>\n<meta property=\"og:url\" content=\"https:\/\/www.zerdab.com\/?p=31123\" \/>\n<meta property=\"og:site_name\" content=\"Z\u0259rdab.com\" \/>\n<meta property=\"article:published_time\" content=\"2024-06-27T08:31:37+00:00\" \/>\n<meta property=\"article:modified_time\" content=\"2024-06-27T08:33:28+00:00\" \/>\n<meta property=\"og:image\" content=\"http:\/\/www.zerdab.com\/wp-content\/uploads\/2024\/06\/esas.jpg\" \/>\n\t<meta property=\"og:image:width\" content=\"637\" \/>\n\t<meta property=\"og:image:height\" content=\"400\" \/>\n\t<meta property=\"og:image:type\" content=\"image\/jpeg\" \/>\n<meta name=\"author\" content=\"admin\" \/>\n<meta name=\"twitter:card\" content=\"summary_large_image\" \/>\n<meta name=\"twitter:label1\" content=\"Written by\" \/>\n\t<meta name=\"twitter:data1\" content=\"admin\" \/>\n\t<meta name=\"twitter:label2\" content=\"Est. reading time\" \/>\n\t<meta name=\"twitter:data2\" content=\"2 minutes\" \/>\n<script type=\"application\/ld+json\" class=\"yoast-schema-graph\">{\"@context\":\"https:\/\/schema.org\",\"@graph\":[{\"@type\":\"Article\",\"@id\":\"https:\/\/www.zerdab.com\/?p=31123#article\",\"isPartOf\":{\"@id\":\"https:\/\/www.zerdab.com\/?p=31123\"},\"author\":{\"name\":\"admin\",\"@id\":\"https:\/\/www.zerdab.com\/#\/schema\/person\/97079b7570c1e89ec0d9e138c3672136\"},\"headline\":\"Nazir m\u00fcavini Z\u0259rdabda q\u0259bul ke\u00e7irdi &#8211; Fotolar\",\"datePublished\":\"2024-06-27T08:31:37+00:00\",\"dateModified\":\"2024-06-27T08:33:28+00:00\",\"mainEntityOfPage\":{\"@id\":\"https:\/\/www.zerdab.com\/?p=31123\"},\"wordCount\":416,\"image\":{\"@id\":\"https:\/\/www.zerdab.com\/?p=31123#primaryimage\"},\"thumbnailUrl\":\"https:\/\/www.zerdab.com\/wp-content\/uploads\/2024\/06\/esas.jpg\",\"articleSection\":[\"MAN\u015eET\",\"X\u018fB\u018fRL\u018fR\"],\"inLanguage\":\"az\"},{\"@type\":\"WebPage\",\"@id\":\"https:\/\/www.zerdab.com\/?p=31123\",\"url\":\"https:\/\/www.zerdab.com\/?p=31123\",\"name\":\"Nazir m\u00fcavini Z\u0259rdabda q\u0259bul ke\u00e7irdi - Fotolar - Z\u0259rdab.com\",\"isPartOf\":{\"@id\":\"https:\/\/www.zerdab.com\/#website\"},\"primaryImageOfPage\":{\"@id\":\"https:\/\/www.zerdab.com\/?p=31123#primaryimage\"},\"image\":{\"@id\":\"https:\/\/www.zerdab.com\/?p=31123#primaryimage\"},\"thumbnailUrl\":\"https:\/\/www.zerdab.com\/wp-content\/uploads\/2024\/06\/esas.jpg\",\"datePublished\":\"2024-06-27T08:31:37+00:00\",\"dateModified\":\"2024-06-27T08:33:28+00:00\",\"author\":{\"@id\":\"https:\/\/www.zerdab.com\/#\/schema\/person\/97079b7570c1e89ec0d9e138c3672136\"},\"breadcrumb\":{\"@id\":\"https:\/\/www.zerdab.com\/?p=31123#breadcrumb\"},\"inLanguage\":\"az\",\"potentialAction\":[{\"@type\":\"ReadAction\",\"target\":[\"https:\/\/www.zerdab.com\/?p=31123\"]}]},{\"@type\":\"ImageObject\",\"inLanguage\":\"az\",\"@id\":\"https:\/\/www.zerdab.com\/?p=31123#primaryimage\",\"url\":\"https:\/\/www.zerdab.com\/wp-content\/uploads\/2024\/06\/esas.jpg\",\"contentUrl\":\"https:\/\/www.zerdab.com\/wp-content\/uploads\/2024\/06\/esas.jpg\",\"width\":637,\"height\":400},{\"@type\":\"BreadcrumbList\",\"@id\":\"https:\/\/www.zerdab.com\/?p=31123#breadcrumb\",\"itemListElement\":[{\"@type\":\"ListItem\",\"position\":1,\"name\":\"Home\",\"item\":\"https:\/\/www.zerdab.com\/\"},{\"@type\":\"ListItem\",\"position\":2,\"name\":\"Nazir m\u00fcavini Z\u0259rdabda q\u0259bul ke\u00e7irdi &#8211; Fotolar\"}]},{\"@type\":\"WebSite\",\"@id\":\"https:\/\/www.zerdab.com\/#website\",\"url\":\"https:\/\/www.zerdab.com\/\",\"name\":\"Z\u0259rdab.com\",\"description\":\"\",\"potentialAction\":[{\"@type\":\"SearchAction\",\"target\":{\"@type\":\"EntryPoint\",\"urlTemplate\":\"https:\/\/www.zerdab.com\/?s={search_term_string}\"},\"query-input\":{\"@type\":\"PropertyValueSpecification\",\"valueRequired\":true,\"valueName\":\"search_term_string\"}}],\"inLanguage\":\"az\"},{\"@type\":\"Person\",\"@id\":\"https:\/\/www.zerdab.com\/#\/schema\/person\/97079b7570c1e89ec0d9e138c3672136\",\"name\":\"admin\",\"image\":{\"@type\":\"ImageObject\",\"inLanguage\":\"az\",\"@id\":\"https:\/\/www.zerdab.com\/#\/schema\/person\/image\/\",\"url\":\"https:\/\/secure.gravatar.com\/avatar\/d9c52a9a27c32119cb6679a077fa3e2779e5f822c451cbf01098004361d466ec?s=96&d=mm&r=g\",\"contentUrl\":\"https:\/\/secure.gravatar.com\/avatar\/d9c52a9a27c32119cb6679a077fa3e2779e5f822c451cbf01098004361d466ec?s=96&d=mm&r=g\",\"caption\":\"admin\"},\"url\":\"https:\/\/www.zerdab.com\/?author=1\"}]}<\/script>\n<!-- \/ Yoast SEO plugin. -->","yoast_head_json":{"title":"Nazir m\u00fcavini Z\u0259rdabda q\u0259bul ke\u00e7irdi - Fotolar - Z\u0259rdab.com","robots":{"index":"index","follow":"follow","max-snippet":"max-snippet:-1","max-image-preview":"max-image-preview:large","max-video-preview":"max-video-preview:-1"},"canonical":"https:\/\/www.zerdab.com\/?p=31123","og_locale":"az_AZ","og_type":"article","og_title":"Nazir m\u00fcavini Z\u0259rdabda q\u0259bul ke\u00e7irdi - Fotolar - Z\u0259rdab.com","og_description":"K\u0259nd t\u0259s\u0259rr\u00fcfat\u0131 naziri M\u0259cnun M\u0259mm\u0259dovun imzalad\u0131\u011f\u0131 \u0259mr\u0259 \u0259sas\u0259n, k\u0259nd t\u0259s\u0259rr\u00fcfat\u0131 nazirinin m\u00fcavini El\u00e7in Zeynalov bu g\u00fcn Z\u0259rdab D\u00f6vl\u0259t Aqrar \u0130nki\u015faf M\u0259rk\u0259zinin (DA\u0130M) inzibati binas\u0131nda Z\u0259rdab v\u0259 Beyl\u0259qan rayonlar\u0131ndan olan v\u0259t\u0259nda\u015flar\u0131 q\u0259bul edib. Zerdab.com sayt\u0131 x\u0259b\u0259r verir ki, Nazirlikd\u0259n veril\u0259n m\u0259lumata g\u00f6r\u0259, q\u0259bulda v\u0259t\u0259nda\u015flar\u0131n m\u00fcraci\u0259tl\u0259ri \u0259sas\u0259n t\u0259s\u0259rr\u00fcfatlar\u0131n azad olunmu\u015f \u0259razil\u0259rd\u0259ki yaylaqlara k\u00f6\u00e7\u00fcr\u00fclm\u0259si, t\u0259s\u0259rr\u00fcfat suyu il\u0259 t\u0259minat, [&hellip;]","og_url":"https:\/\/www.zerdab.com\/?p=31123","og_site_name":"Z\u0259rdab.com","article_published_time":"2024-06-27T08:31:37+00:00","article_modified_time":"2024-06-27T08:33:28+00:00","og_image":[{"width":637,"height":400,"url":"http:\/\/www.zerdab.com\/wp-content\/uploads\/2024\/06\/esas.jpg","type":"image\/jpeg"}],"author":"admin","twitter_card":"summary_large_image","twitter_misc":{"Written by":"admin","Est. reading time":"2 minutes"},"schema":{"@context":"https:\/\/schema.org","@graph":[{"@type":"Article","@id":"https:\/\/www.zerdab.com\/?p=31123#article","isPartOf":{"@id":"https:\/\/www.zerdab.com\/?p=31123"},"author":{"name":"admin","@id":"https:\/\/www.zerdab.com\/#\/schema\/person\/97079b7570c1e89ec0d9e138c3672136"},"headline":"Nazir m\u00fcavini Z\u0259rdabda q\u0259bul ke\u00e7irdi &#8211; Fotolar","datePublished":"2024-06-27T08:31:37+00:00","dateModified":"2024-06-27T08:33:28+00:00","mainEntityOfPage":{"@id":"https:\/\/www.zerdab.com\/?p=31123"},"wordCount":416,"image":{"@id":"https:\/\/www.zerdab.com\/?p=31123#primaryimage"},"thumbnailUrl":"https:\/\/www.zerdab.com\/wp-content\/uploads\/2024\/06\/esas.jpg","articleSection":["MAN\u015eET","X\u018fB\u018fRL\u018fR"],"inLanguage":"az"},{"@type":"WebPage","@id":"https:\/\/www.zerdab.com\/?p=31123","url":"https:\/\/www.zerdab.com\/?p=31123","name":"Nazir m\u00fcavini Z\u0259rdabda q\u0259bul ke\u00e7irdi - Fotolar - Z\u0259rdab.com","isPartOf":{"@id":"https:\/\/www.zerdab.com\/#website"},"primaryImageOfPage":{"@id":"https:\/\/www.zerdab.com\/?p=31123#primaryimage"},"image":{"@id":"https:\/\/www.zerdab.com\/?p=31123#primaryimage"},"thumbnailUrl":"https:\/\/www.zerdab.com\/wp-content\/uploads\/2024\/06\/esas.jpg","datePublished":"2024-06-27T08:31:37+00:00","dateModified":"2024-06-27T08:33:28+00:00","author":{"@id":"https:\/\/www.zerdab.com\/#\/schema\/person\/97079b7570c1e89ec0d9e138c3672136"},"breadcrumb":{"@id":"https:\/\/www.zerdab.com\/?p=31123#breadcrumb"},"inLanguage":"az","potentialAction":[{"@type":"ReadAction","target":["https:\/\/www.zerdab.com\/?p=31123"]}]},{"@type":"ImageObject","inLanguage":"az","@id":"https:\/\/www.zerdab.com\/?p=31123#primaryimage","url":"https:\/\/www.zerdab.com\/wp-content\/uploads\/2024\/06\/esas.jpg","contentUrl":"https:\/\/www.zerdab.com\/wp-content\/uploads\/2024\/06\/esas.jpg","width":637,"height":400},{"@type":"BreadcrumbList","@id":"https:\/\/www.zerdab.com\/?p=31123#breadcrumb","itemListElement":[{"@type":"ListItem","position":1,"name":"Home","item":"https:\/\/www.zerdab.com\/"},{"@type":"ListItem","position":2,"name":"Nazir m\u00fcavini Z\u0259rdabda q\u0259bul ke\u00e7irdi &#8211; Fotolar"}]},{"@type":"WebSite","@id":"https:\/\/www.zerdab.com\/#website","url":"https:\/\/www.zerdab.com\/","name":"Z\u0259rdab.com","description":"","potentialAction":[{"@type":"SearchAction","target":{"@type":"EntryPoint","urlTemplate":"https:\/\/www.zerdab.com\/?s={search_term_string}"},"query-input":{"@type":"PropertyValueSpecification","valueRequired":true,"valueName":"search_term_string"}}],"inLanguage":"az"},{"@type":"Person","@id":"https:\/\/www.zerdab.com\/#\/schema\/person\/97079b7570c1e89ec0d9e138c3672136","name":"admin","image":{"@type":"ImageObject","inLanguage":"az","@id":"https:\/\/www.zerdab.com\/#\/schema\/person\/image\/","url":"https:\/\/secure.gravatar.com\/avatar\/d9c52a9a27c32119cb6679a077fa3e2779e5f822c451cbf01098004361d466ec?s=96&d=mm&r=g","contentUrl":"https:\/\/secure.gravatar.com\/avatar\/d9c52a9a27c32119cb6679a077fa3e2779e5f822c451cbf01098004361d466ec?s=96&d=mm&r=g","caption":"admin"},"url":"https:\/\/www.zerdab.com\/?author=1"}]}},"_links":{"self":[{"href":"https:\/\/www.zerdab.com\/index.php?rest_route=\/wp\/v2\/posts\/31123","targetHints":{"allow":["GET"]}}],"collection":[{"href":"https:\/\/www.zerdab.com\/index.php?rest_route=\/wp\/v2\/posts"}],"about":[{"href":"https:\/\/www.zerdab.com\/index.php?rest_route=\/wp\/v2\/types\/post"}],"author":[{"embeddable":true,"href":"https:\/\/www.zerdab.com\/index.php?rest_route=\/wp\/v2\/users\/1"}],"replies":[{"embeddable":true,"href":"https:\/\/www.zerdab.com\/index.php?rest_route=%2Fwp%2Fv2%2Fcomments&post=31123"}],"version-history":[{"count":1,"href":"https:\/\/www.zerdab.com\/index.php?rest_route=\/wp\/v2\/posts\/31123\/revisions"}],"predecessor-version":[{"id":31125,"href":"https:\/\/www.zerdab.com\/index.php?rest_route=\/wp\/v2\/posts\/31123\/revisions\/31125"}],"wp:featuredmedia":[{"embeddable":true,"href":"https:\/\/www.zerdab.com\/index.php?rest_route=\/wp\/v2\/media\/31124"}],"wp:attachment":[{"href":"https:\/\/www.zerdab.com\/index.php?rest_route=%2Fwp%2Fv2%2Fmedia&parent=31123"}],"wp:term":[{"taxonomy":"category","embeddable":true,"href":"https:\/\/www.zerdab.com\/index.php?rest_route=%2Fwp%2Fv2%2Fcategories&post=31123"},{"taxonomy":"post_tag","embeddable":true,"href":"https:\/\/www.zerdab.com\/index.php?rest_route=%2Fwp%2Fv2%2Ftags&post=31123"}],"curies":[{"name":"wp","href":"https:\/\/api.w.org\/{rel}","templated":true}]}}