{"id":31135,"date":"2024-06-28T15:05:04","date_gmt":"2024-06-28T11:05:04","guid":{"rendered":"https:\/\/www.zerdab.com\/?p=31135"},"modified":"2024-06-28T15:05:37","modified_gmt":"2024-06-28T11:05:37","slug":"milli-m%c9%99clis-buraxildi-novb%c9%99d%c9%99nk%c9%99nar-seckil%c9%99r-sentyabrin-1-n%c9%99-t%c9%99yin-edildi-serencam","status":"publish","type":"post","link":"https:\/\/www.zerdab.com\/?p=31135","title":{"rendered":"Milli M\u0259clis burax\u0131ld\u0131, n\u00f6vb\u0259d\u0259nk\u0259nar se\u00e7kil\u0259r sentyabr\u0131n 1-n\u0259 t\u0259yin edildi &#8211; S\u018fR\u018fNCAM"},"content":{"rendered":"<div class=\"texts mb-site\">\n<p>Prezident \u0130lham \u018fliyev Alt\u0131nc\u0131 \u00e7a\u011f\u0131r\u0131\u015f Az\u0259rbaycan Respublikas\u0131 Milli M\u0259clisinin burax\u0131lmas\u0131 v\u0259 Az\u0259rbaycan Respublikas\u0131n\u0131n Milli M\u0259clisin\u0259 n\u00f6vb\u0259d\u0259nk\u0259nar se\u00e7kil\u0259rin t\u0259yin edilm\u0259si haqq\u0131nda S\u0259r\u0259ncam imzalay\u0131b. Zerdab.com sayt\u0131 x\u0259b\u0259r verir ki, s\u0259r\u0259ncamda deyilir:<br \/>\n\u201cAz\u0259rbaycan Respublikas\u0131 Milli M\u0259clisin\u0259 n\u00f6vb\u0259d\u0259nk\u0259nar se\u00e7kil\u0259rin t\u0259yin edilm\u0259si haqq\u0131nda Az\u0259rbaycan Respublikas\u0131n\u0131n Prezidentin\u0259 m\u00fcraci\u0259t edilm\u0259si bar\u0259d\u0259\u201d Az\u0259rbaycan Respublikas\u0131 Milli M\u0259clisinin 2024-c\u00fc il 21 iyun tarixli 1174-VIQR n\u00f6mr\u0259li Q\u0259rar\u0131n\u0131 v\u0259 \u201cAz\u0259rbaycan Respublikas\u0131 Milli M\u0259clisin\u0259 n\u00f6vb\u0259d\u0259nk\u0259nar se\u00e7kil\u0259rin t\u0259yin edilm\u0259si haqq\u0131nda Az\u0259rbaycan Respublikas\u0131n\u0131n Prezidentin\u0259 m\u00fcraci\u0259t edilm\u0259si bar\u0259d\u0259\u201d Az\u0259rbaycan Respublikas\u0131 Milli M\u0259clisinin 2024-c\u00fc il 21 iyun tarixli Q\u0259rar\u0131n\u0131n Az\u0259rbaycan Respublikas\u0131n\u0131n Konstitusiyas\u0131na uy\u011funlu\u011funun yoxlan\u0131lmas\u0131na dair\u201d Az\u0259rbaycan Respublikas\u0131n\u0131n Konstitusiya M\u0259hk\u0259m\u0259si Plenumunun 2024-c\u00fc il 27 iyun tarixli Q\u0259rar\u0131n\u0131 n\u0259z\u0259r\u0259 alaraq, Az\u0259rbaycan Respublikas\u0131 Konstitusiyas\u0131n\u0131n 981\u2011ci madd\u0259sinin I hiss\u0259sini v\u0259 109-cu madd\u0259sinin 1-ci b\u0259ndini r\u0259hb\u0259r tutaraq q\u0259rara al\u0131ram:<\/p>\n<p>1. Alt\u0131nc\u0131 \u00e7a\u011f\u0131r\u0131\u015f Az\u0259rbaycan Respublikas\u0131n\u0131n Milli M\u0259clisi burax\u0131ls\u0131n.<\/p>\n<p>2. Az\u0259rbaycan Respublikas\u0131n\u0131n Milli M\u0259clisin\u0259 n\u00f6vb\u0259d\u0259nk\u0259nar se\u00e7kil\u0259r 2024-c\u00fc il sentyabr\u0131n 1-n\u0259 t\u0259yin edilsin.<\/p>\n<p><strong>Zerdab.com<\/strong><\/p>\n<\/div>\n<div class=\"tabs_container\">\n<div id=\"photos\" class=\"tab active_tab\">\n<div id=\"news_in_gallery\" class=\"news_in_gallery\"><\/div>\n<\/div>\n<\/div>\n<div class=\"tags mt-site\">\n<div class=\"logo\"><\/div>\n<\/div>\n","protected":false},"excerpt":{"rendered":"<p>Prezident \u0130lham \u018fliyev Alt\u0131nc\u0131 \u00e7a\u011f\u0131r\u0131\u015f Az\u0259rbaycan Respublikas\u0131 Milli M\u0259clisinin burax\u0131lmas\u0131 v\u0259 Az\u0259rbaycan Respublikas\u0131n\u0131n Milli M\u0259clisin\u0259 n\u00f6vb\u0259d\u0259nk\u0259nar se\u00e7kil\u0259rin t\u0259yin edilm\u0259si haqq\u0131nda S\u0259r\u0259ncam imzalay\u0131b. Zerdab.com sayt\u0131 x\u0259b\u0259r verir ki, s\u0259r\u0259ncamda deyilir: \u201cAz\u0259rbaycan Respublikas\u0131 Milli M\u0259clisin\u0259 n\u00f6vb\u0259d\u0259nk\u0259nar se\u00e7kil\u0259rin t\u0259yin edilm\u0259si haqq\u0131nda Az\u0259rbaycan Respublikas\u0131n\u0131n Prezidentin\u0259 m\u00fcraci\u0259t edilm\u0259si bar\u0259d\u0259\u201d Az\u0259rbaycan Respublikas\u0131 Milli M\u0259clisinin 2024-c\u00fc il 21 iyun tarixli 1174-VIQR n\u00f6mr\u0259li [&hellip;]<\/p>\n","protected":false},"author":1,"featured_media":26772,"comment_status":"closed","ping_status":"closed","sticky":false,"template":"","format":"standard","meta":{"footnotes":""},"categories":[63,5],"tags":[],"class_list":{"0":"post-31135","1":"post","2":"type-post","3":"status-publish","4":"format-standard","5":"has-post-thumbnail","7":"category-manset","8":"category-knd"},"yoast_head":"<!-- This site is optimized with the Yoast SEO plugin v27.0 - https:\/\/yoast.com\/product\/yoast-seo-wordpress\/ -->\n<title>Milli M\u0259clis burax\u0131ld\u0131, n\u00f6vb\u0259d\u0259nk\u0259nar se\u00e7kil\u0259r sentyabr\u0131n 1-n\u0259 t\u0259yin edildi - S\u018fR\u018fNCAM - Z\u0259rdab.com<\/title>\n<meta name=\"robots\" content=\"index, follow, max-snippet:-1, max-image-preview:large, max-video-preview:-1\" \/>\n<link rel=\"canonical\" href=\"https:\/\/www.zerdab.com\/?p=31135\" \/>\n<meta property=\"og:locale\" content=\"az_AZ\" \/>\n<meta property=\"og:type\" content=\"article\" \/>\n<meta property=\"og:title\" content=\"Milli M\u0259clis burax\u0131ld\u0131, n\u00f6vb\u0259d\u0259nk\u0259nar se\u00e7kil\u0259r sentyabr\u0131n 1-n\u0259 t\u0259yin edildi - S\u018fR\u018fNCAM - Z\u0259rdab.com\" \/>\n<meta property=\"og:description\" content=\"Prezident \u0130lham \u018fliyev Alt\u0131nc\u0131 \u00e7a\u011f\u0131r\u0131\u015f Az\u0259rbaycan Respublikas\u0131 Milli M\u0259clisinin burax\u0131lmas\u0131 v\u0259 Az\u0259rbaycan Respublikas\u0131n\u0131n Milli M\u0259clisin\u0259 n\u00f6vb\u0259d\u0259nk\u0259nar se\u00e7kil\u0259rin t\u0259yin edilm\u0259si haqq\u0131nda S\u0259r\u0259ncam imzalay\u0131b. Zerdab.com sayt\u0131 x\u0259b\u0259r verir ki, s\u0259r\u0259ncamda deyilir: \u201cAz\u0259rbaycan Respublikas\u0131 Milli M\u0259clisin\u0259 n\u00f6vb\u0259d\u0259nk\u0259nar se\u00e7kil\u0259rin t\u0259yin edilm\u0259si haqq\u0131nda Az\u0259rbaycan Respublikas\u0131n\u0131n Prezidentin\u0259 m\u00fcraci\u0259t edilm\u0259si bar\u0259d\u0259\u201d Az\u0259rbaycan Respublikas\u0131 Milli M\u0259clisinin 2024-c\u00fc il 21 iyun tarixli 1174-VIQR n\u00f6mr\u0259li [&hellip;]\" \/>\n<meta property=\"og:url\" content=\"https:\/\/www.zerdab.com\/?p=31135\" \/>\n<meta property=\"og:site_name\" content=\"Z\u0259rdab.com\" \/>\n<meta property=\"article:published_time\" content=\"2024-06-28T11:05:04+00:00\" \/>\n<meta property=\"article:modified_time\" content=\"2024-06-28T11:05:37+00:00\" \/>\n<meta property=\"og:image\" content=\"http:\/\/www.zerdab.com\/wp-content\/uploads\/2019\/04\/prezident-serencam-ilham-eliyev-ferman.jpg\" \/>\n\t<meta property=\"og:image:width\" content=\"1276\" \/>\n\t<meta property=\"og:image:height\" content=\"748\" \/>\n\t<meta property=\"og:image:type\" content=\"image\/jpeg\" \/>\n<meta name=\"author\" content=\"admin\" \/>\n<meta name=\"twitter:card\" content=\"summary_large_image\" \/>\n<meta name=\"twitter:label1\" content=\"Written by\" \/>\n\t<meta name=\"twitter:data1\" content=\"admin\" \/>\n\t<meta name=\"twitter:label2\" content=\"Est. reading time\" \/>\n\t<meta name=\"twitter:data2\" content=\"1 minute\" \/>\n<script type=\"application\/ld+json\" class=\"yoast-schema-graph\">{\"@context\":\"https:\/\/schema.org\",\"@graph\":[{\"@type\":\"Article\",\"@id\":\"https:\/\/www.zerdab.com\/?p=31135#article\",\"isPartOf\":{\"@id\":\"https:\/\/www.zerdab.com\/?p=31135\"},\"author\":{\"name\":\"admin\",\"@id\":\"https:\/\/www.zerdab.com\/#\/schema\/person\/97079b7570c1e89ec0d9e138c3672136\"},\"headline\":\"Milli M\u0259clis burax\u0131ld\u0131, n\u00f6vb\u0259d\u0259nk\u0259nar se\u00e7kil\u0259r sentyabr\u0131n 1-n\u0259 t\u0259yin edildi &#8211; S\u018fR\u018fNCAM\",\"datePublished\":\"2024-06-28T11:05:04+00:00\",\"dateModified\":\"2024-06-28T11:05:37+00:00\",\"mainEntityOfPage\":{\"@id\":\"https:\/\/www.zerdab.com\/?p=31135\"},\"wordCount\":280,\"image\":{\"@id\":\"https:\/\/www.zerdab.com\/?p=31135#primaryimage\"},\"thumbnailUrl\":\"https:\/\/www.zerdab.com\/wp-content\/uploads\/2019\/04\/prezident-serencam-ilham-eliyev-ferman.jpg\",\"articleSection\":[\"MAN\u015eET\",\"X\u018fB\u018fRL\u018fR\"],\"inLanguage\":\"az\"},{\"@type\":\"WebPage\",\"@id\":\"https:\/\/www.zerdab.com\/?p=31135\",\"url\":\"https:\/\/www.zerdab.com\/?p=31135\",\"name\":\"Milli M\u0259clis burax\u0131ld\u0131, n\u00f6vb\u0259d\u0259nk\u0259nar se\u00e7kil\u0259r sentyabr\u0131n 1-n\u0259 t\u0259yin edildi - S\u018fR\u018fNCAM - Z\u0259rdab.com\",\"isPartOf\":{\"@id\":\"https:\/\/www.zerdab.com\/#website\"},\"primaryImageOfPage\":{\"@id\":\"https:\/\/www.zerdab.com\/?p=31135#primaryimage\"},\"image\":{\"@id\":\"https:\/\/www.zerdab.com\/?p=31135#primaryimage\"},\"thumbnailUrl\":\"https:\/\/www.zerdab.com\/wp-content\/uploads\/2019\/04\/prezident-serencam-ilham-eliyev-ferman.jpg\",\"datePublished\":\"2024-06-28T11:05:04+00:00\",\"dateModified\":\"2024-06-28T11:05:37+00:00\",\"author\":{\"@id\":\"https:\/\/www.zerdab.com\/#\/schema\/person\/97079b7570c1e89ec0d9e138c3672136\"},\"breadcrumb\":{\"@id\":\"https:\/\/www.zerdab.com\/?p=31135#breadcrumb\"},\"inLanguage\":\"az\",\"potentialAction\":[{\"@type\":\"ReadAction\",\"target\":[\"https:\/\/www.zerdab.com\/?p=31135\"]}]},{\"@type\":\"ImageObject\",\"inLanguage\":\"az\",\"@id\":\"https:\/\/www.zerdab.com\/?p=31135#primaryimage\",\"url\":\"https:\/\/www.zerdab.com\/wp-content\/uploads\/2019\/04\/prezident-serencam-ilham-eliyev-ferman.jpg\",\"contentUrl\":\"https:\/\/www.zerdab.com\/wp-content\/uploads\/2019\/04\/prezident-serencam-ilham-eliyev-ferman.jpg\",\"width\":1276,\"height\":748,\"caption\":\"prezident-serencam-ilham-eliyev-ferman\"},{\"@type\":\"BreadcrumbList\",\"@id\":\"https:\/\/www.zerdab.com\/?p=31135#breadcrumb\",\"itemListElement\":[{\"@type\":\"ListItem\",\"position\":1,\"name\":\"Home\",\"item\":\"https:\/\/www.zerdab.com\/\"},{\"@type\":\"ListItem\",\"position\":2,\"name\":\"Milli M\u0259clis burax\u0131ld\u0131, n\u00f6vb\u0259d\u0259nk\u0259nar se\u00e7kil\u0259r sentyabr\u0131n 1-n\u0259 t\u0259yin edildi &#8211; S\u018fR\u018fNCAM\"}]},{\"@type\":\"WebSite\",\"@id\":\"https:\/\/www.zerdab.com\/#website\",\"url\":\"https:\/\/www.zerdab.com\/\",\"name\":\"Z\u0259rdab.com\",\"description\":\"\",\"potentialAction\":[{\"@type\":\"SearchAction\",\"target\":{\"@type\":\"EntryPoint\",\"urlTemplate\":\"https:\/\/www.zerdab.com\/?s={search_term_string}\"},\"query-input\":{\"@type\":\"PropertyValueSpecification\",\"valueRequired\":true,\"valueName\":\"search_term_string\"}}],\"inLanguage\":\"az\"},{\"@type\":\"Person\",\"@id\":\"https:\/\/www.zerdab.com\/#\/schema\/person\/97079b7570c1e89ec0d9e138c3672136\",\"name\":\"admin\",\"image\":{\"@type\":\"ImageObject\",\"inLanguage\":\"az\",\"@id\":\"https:\/\/www.zerdab.com\/#\/schema\/person\/image\/\",\"url\":\"https:\/\/secure.gravatar.com\/avatar\/d9c52a9a27c32119cb6679a077fa3e2779e5f822c451cbf01098004361d466ec?s=96&d=mm&r=g\",\"contentUrl\":\"https:\/\/secure.gravatar.com\/avatar\/d9c52a9a27c32119cb6679a077fa3e2779e5f822c451cbf01098004361d466ec?s=96&d=mm&r=g\",\"caption\":\"admin\"},\"url\":\"https:\/\/www.zerdab.com\/?author=1\"}]}<\/script>\n<!-- \/ Yoast SEO plugin. -->","yoast_head_json":{"title":"Milli M\u0259clis burax\u0131ld\u0131, n\u00f6vb\u0259d\u0259nk\u0259nar se\u00e7kil\u0259r sentyabr\u0131n 1-n\u0259 t\u0259yin edildi - S\u018fR\u018fNCAM - Z\u0259rdab.com","robots":{"index":"index","follow":"follow","max-snippet":"max-snippet:-1","max-image-preview":"max-image-preview:large","max-video-preview":"max-video-preview:-1"},"canonical":"https:\/\/www.zerdab.com\/?p=31135","og_locale":"az_AZ","og_type":"article","og_title":"Milli M\u0259clis burax\u0131ld\u0131, n\u00f6vb\u0259d\u0259nk\u0259nar se\u00e7kil\u0259r sentyabr\u0131n 1-n\u0259 t\u0259yin edildi - S\u018fR\u018fNCAM - Z\u0259rdab.com","og_description":"Prezident \u0130lham \u018fliyev Alt\u0131nc\u0131 \u00e7a\u011f\u0131r\u0131\u015f Az\u0259rbaycan Respublikas\u0131 Milli M\u0259clisinin burax\u0131lmas\u0131 v\u0259 Az\u0259rbaycan Respublikas\u0131n\u0131n Milli M\u0259clisin\u0259 n\u00f6vb\u0259d\u0259nk\u0259nar se\u00e7kil\u0259rin t\u0259yin edilm\u0259si haqq\u0131nda S\u0259r\u0259ncam imzalay\u0131b. Zerdab.com sayt\u0131 x\u0259b\u0259r verir ki, s\u0259r\u0259ncamda deyilir: \u201cAz\u0259rbaycan Respublikas\u0131 Milli M\u0259clisin\u0259 n\u00f6vb\u0259d\u0259nk\u0259nar se\u00e7kil\u0259rin t\u0259yin edilm\u0259si haqq\u0131nda Az\u0259rbaycan Respublikas\u0131n\u0131n Prezidentin\u0259 m\u00fcraci\u0259t edilm\u0259si bar\u0259d\u0259\u201d Az\u0259rbaycan Respublikas\u0131 Milli M\u0259clisinin 2024-c\u00fc il 21 iyun tarixli 1174-VIQR n\u00f6mr\u0259li [&hellip;]","og_url":"https:\/\/www.zerdab.com\/?p=31135","og_site_name":"Z\u0259rdab.com","article_published_time":"2024-06-28T11:05:04+00:00","article_modified_time":"2024-06-28T11:05:37+00:00","og_image":[{"width":1276,"height":748,"url":"http:\/\/www.zerdab.com\/wp-content\/uploads\/2019\/04\/prezident-serencam-ilham-eliyev-ferman.jpg","type":"image\/jpeg"}],"author":"admin","twitter_card":"summary_large_image","twitter_misc":{"Written by":"admin","Est. reading time":"1 minute"},"schema":{"@context":"https:\/\/schema.org","@graph":[{"@type":"Article","@id":"https:\/\/www.zerdab.com\/?p=31135#article","isPartOf":{"@id":"https:\/\/www.zerdab.com\/?p=31135"},"author":{"name":"admin","@id":"https:\/\/www.zerdab.com\/#\/schema\/person\/97079b7570c1e89ec0d9e138c3672136"},"headline":"Milli M\u0259clis burax\u0131ld\u0131, n\u00f6vb\u0259d\u0259nk\u0259nar se\u00e7kil\u0259r sentyabr\u0131n 1-n\u0259 t\u0259yin edildi &#8211; S\u018fR\u018fNCAM","datePublished":"2024-06-28T11:05:04+00:00","dateModified":"2024-06-28T11:05:37+00:00","mainEntityOfPage":{"@id":"https:\/\/www.zerdab.com\/?p=31135"},"wordCount":280,"image":{"@id":"https:\/\/www.zerdab.com\/?p=31135#primaryimage"},"thumbnailUrl":"https:\/\/www.zerdab.com\/wp-content\/uploads\/2019\/04\/prezident-serencam-ilham-eliyev-ferman.jpg","articleSection":["MAN\u015eET","X\u018fB\u018fRL\u018fR"],"inLanguage":"az"},{"@type":"WebPage","@id":"https:\/\/www.zerdab.com\/?p=31135","url":"https:\/\/www.zerdab.com\/?p=31135","name":"Milli M\u0259clis burax\u0131ld\u0131, n\u00f6vb\u0259d\u0259nk\u0259nar se\u00e7kil\u0259r sentyabr\u0131n 1-n\u0259 t\u0259yin edildi - S\u018fR\u018fNCAM - Z\u0259rdab.com","isPartOf":{"@id":"https:\/\/www.zerdab.com\/#website"},"primaryImageOfPage":{"@id":"https:\/\/www.zerdab.com\/?p=31135#primaryimage"},"image":{"@id":"https:\/\/www.zerdab.com\/?p=31135#primaryimage"},"thumbnailUrl":"https:\/\/www.zerdab.com\/wp-content\/uploads\/2019\/04\/prezident-serencam-ilham-eliyev-ferman.jpg","datePublished":"2024-06-28T11:05:04+00:00","dateModified":"2024-06-28T11:05:37+00:00","author":{"@id":"https:\/\/www.zerdab.com\/#\/schema\/person\/97079b7570c1e89ec0d9e138c3672136"},"breadcrumb":{"@id":"https:\/\/www.zerdab.com\/?p=31135#breadcrumb"},"inLanguage":"az","potentialAction":[{"@type":"ReadAction","target":["https:\/\/www.zerdab.com\/?p=31135"]}]},{"@type":"ImageObject","inLanguage":"az","@id":"https:\/\/www.zerdab.com\/?p=31135#primaryimage","url":"https:\/\/www.zerdab.com\/wp-content\/uploads\/2019\/04\/prezident-serencam-ilham-eliyev-ferman.jpg","contentUrl":"https:\/\/www.zerdab.com\/wp-content\/uploads\/2019\/04\/prezident-serencam-ilham-eliyev-ferman.jpg","width":1276,"height":748,"caption":"prezident-serencam-ilham-eliyev-ferman"},{"@type":"BreadcrumbList","@id":"https:\/\/www.zerdab.com\/?p=31135#breadcrumb","itemListElement":[{"@type":"ListItem","position":1,"name":"Home","item":"https:\/\/www.zerdab.com\/"},{"@type":"ListItem","position":2,"name":"Milli M\u0259clis burax\u0131ld\u0131, n\u00f6vb\u0259d\u0259nk\u0259nar se\u00e7kil\u0259r sentyabr\u0131n 1-n\u0259 t\u0259yin edildi &#8211; S\u018fR\u018fNCAM"}]},{"@type":"WebSite","@id":"https:\/\/www.zerdab.com\/#website","url":"https:\/\/www.zerdab.com\/","name":"Z\u0259rdab.com","description":"","potentialAction":[{"@type":"SearchAction","target":{"@type":"EntryPoint","urlTemplate":"https:\/\/www.zerdab.com\/?s={search_term_string}"},"query-input":{"@type":"PropertyValueSpecification","valueRequired":true,"valueName":"search_term_string"}}],"inLanguage":"az"},{"@type":"Person","@id":"https:\/\/www.zerdab.com\/#\/schema\/person\/97079b7570c1e89ec0d9e138c3672136","name":"admin","image":{"@type":"ImageObject","inLanguage":"az","@id":"https:\/\/www.zerdab.com\/#\/schema\/person\/image\/","url":"https:\/\/secure.gravatar.com\/avatar\/d9c52a9a27c32119cb6679a077fa3e2779e5f822c451cbf01098004361d466ec?s=96&d=mm&r=g","contentUrl":"https:\/\/secure.gravatar.com\/avatar\/d9c52a9a27c32119cb6679a077fa3e2779e5f822c451cbf01098004361d466ec?s=96&d=mm&r=g","caption":"admin"},"url":"https:\/\/www.zerdab.com\/?author=1"}]}},"_links":{"self":[{"href":"https:\/\/www.zerdab.com\/index.php?rest_route=\/wp\/v2\/posts\/31135","targetHints":{"allow":["GET"]}}],"collection":[{"href":"https:\/\/www.zerdab.com\/index.php?rest_route=\/wp\/v2\/posts"}],"about":[{"href":"https:\/\/www.zerdab.com\/index.php?rest_route=\/wp\/v2\/types\/post"}],"author":[{"embeddable":true,"href":"https:\/\/www.zerdab.com\/index.php?rest_route=\/wp\/v2\/users\/1"}],"replies":[{"embeddable":true,"href":"https:\/\/www.zerdab.com\/index.php?rest_route=%2Fwp%2Fv2%2Fcomments&post=31135"}],"version-history":[{"count":1,"href":"https:\/\/www.zerdab.com\/index.php?rest_route=\/wp\/v2\/posts\/31135\/revisions"}],"predecessor-version":[{"id":31136,"href":"https:\/\/www.zerdab.com\/index.php?rest_route=\/wp\/v2\/posts\/31135\/revisions\/31136"}],"wp:featuredmedia":[{"embeddable":true,"href":"https:\/\/www.zerdab.com\/index.php?rest_route=\/wp\/v2\/media\/26772"}],"wp:attachment":[{"href":"https:\/\/www.zerdab.com\/index.php?rest_route=%2Fwp%2Fv2%2Fmedia&parent=31135"}],"wp:term":[{"taxonomy":"category","embeddable":true,"href":"https:\/\/www.zerdab.com\/index.php?rest_route=%2Fwp%2Fv2%2Fcategories&post=31135"},{"taxonomy":"post_tag","embeddable":true,"href":"https:\/\/www.zerdab.com\/index.php?rest_route=%2Fwp%2Fv2%2Ftags&post=31135"}],"curies":[{"name":"wp","href":"https:\/\/api.w.org\/{rel}","templated":true}]}}