{"id":31153,"date":"2024-07-13T23:14:34","date_gmt":"2024-07-13T19:14:34","guid":{"rendered":"https:\/\/www.zerdab.com\/?p=31153"},"modified":"2024-07-13T23:16:18","modified_gmt":"2024-07-13T19:16:18","slug":"14-iyul-1969-cu-il-qudr%c9%99tli-dovrun-baslangici","status":"publish","type":"post","link":"https:\/\/www.zerdab.com\/?p=31153","title":{"rendered":"14 iyul 1969-cu il &#8211; Q\u00fcdr\u0259tli d\u00f6vr\u00fcn ba\u015flan\u011f\u0131c\u0131"},"content":{"rendered":"<p><strong>1969-cu il 14 iyul tarixinin Az\u0259rbaycan\u0131n yeni tarixind\u0259 x\u00fcsusi v\u0259 dan\u0131lmaz yeri var. H\u0259min tarixd\u0259n ba\u015flayaraq \u00f6lk\u0259mizin\u00a0 h\u0259yat\u0131n\u0131n b\u00fct\u00fcn sah\u0259l\u0259ri k\u00f6kl\u00fc islahat v\u0259 s\u00fcr\u0259tli inki\u015faf yoluna q\u0259d\u0259m qoyub.<\/strong><\/p>\n<p>Ulu \u00d6nd\u0259r Heyd\u0259r \u018fliyevin Az\u0259rbaycana r\u0259hb\u0259rlik etdiyi ill\u0259rd\u0259 g\u0259l\u0259c\u0259k m\u00fcst\u0259qil d\u00f6vl\u0259tin iqtisadi q\u00fcdr\u0259tinin t\u0259m\u0259li qoyulub, respublika inki\u015faf tempin\u0259 g\u00f6r\u0259 ke\u00e7mi\u015f ittifaq miqyas\u0131nda \u00f6n s\u0131ralara \u00e7\u0131x\u0131b. Bu bax\u0131mdan Ulu \u00d6nd\u0259rin Az\u0259rbaycanda birinci d\u0259f\u0259 siyasi hakimiyy\u0259t\u0259 g\u0259ldiyi 1969-cu ilin 14 iyul g\u00fcn\u00fc xalq\u0131m\u0131z\u0131n taleyind\u0259 oynad\u0131\u011f\u0131 \u0259v\u0259zsiz rolu il\u0259 daim xat\u0131rlan\u0131r. Bu tarix Az\u0259rbaycan\u0131n xilas\u0131n\u0131n birinci m\u0259rh\u0259l\u0259si, xalq\u0131n \u00f6z\u00fcn\u0259 qay\u0131d\u0131\u015f tarixidir. D\u00fcnya \u015f\u00f6hr\u0259tli siyasi xadim \u00f6z m\u00fcdrik f\u0259aliyy\u0259ti il\u0259 m\u00fcasir tariximizin \u0259n \u015fanl\u0131 v\u0259 parlaq salnam\u0259sini yarad\u0131b. Ulu \u00d6nd\u0259r siyasi f\u0259aliyy\u0259tinin b\u00fct\u00fcn m\u0259rh\u0259l\u0259l\u0259rind\u0259 V\u0259t\u0259n\u0259, xalqa, torpa\u011fa sonsuz m\u0259h\u0259bb\u0259t v\u0259 s\u0259daq\u0259t hissi il\u0259, qurub-yaratmaq amal\u0131 il\u0259 ya\u015fam\u0131\u015f, h\u0259r zaman milli d\u0259y\u0259rl\u0259r\u0259 ba\u011fl\u0131 olub.<\/p>\n<p>1969-cu ilin 14 iyulunda ulu \u00f6nd\u0259r Heyd\u0259r \u018fliyev Az\u0259rbaycan KP MK-n\u0131n I katibi se\u00e7ildikd\u0259n\u00a0 sonrak\u0131 d\u00f6vr milli \u00f6z\u00fcn\u00fcd\u0259rkin, milli \u00f6z\u00fcn\u0259qay\u0131d\u0131\u015f\u0131n ba\u015flan\u011f\u0131c\u0131 kimi q\u0259bul olunur. Ulu \u00f6nd\u0259r Heyd\u0259r \u018fliyevin Az\u0259rbaycan KP MK-n\u0131n I katibi t\u0259yin olundu\u011fu il tarixind\u0259 yeni d\u00f6vr\u00fcn, Az\u0259rbaycan\u0131n sosial-iqtisadi h\u0259yat\u0131nda inki\u015faf\u0131n b\u00fcn\u00f6vr\u0259si qoyuldu. 1969-cu il avqustun 5-d\u0259 Az\u0259rbaycan KP MK-n\u0131n plenumunda etdiyi tarixi \u00e7\u0131x\u0131\u015f imperiya r\u0259hb\u0259rliyini t\u0259\u015fvi\u015f\u0259 salm\u0131\u015fd\u0131.<\/p>\n<p>Az\u0259rbaycan KP MK-n\u0131n 5 avqust 1969-cu il plenumunda Az\u0259rbaycan\u0131n g\u0259l\u0259c\u0259k inki\u015faf\u0131n\u0131n strateji istiqam\u0259tl\u0259ri m\u00fc\u0259yy\u0259nl\u0259\u015fdirildi. B\u00fct\u00fcnl\u00fckl\u0259 sovet c\u0259miyy\u0259tini b\u00fcr\u00fcy\u0259n r\u00fc\u015fv\u0259txorluq, korrupsiya hallar\u0131n\u0131n etiraf olunmas\u0131, ittifaq \u00f6lk\u0259sind\u0259 b\u00f6y\u00fck hadis\u0259y\u0259 \u00e7evrildi. \u00d6lk\u0259d\u0259ki ac\u0131nacaql\u0131 v\u0259ziyy\u0259t, \u0259halinin m\u0259murlar t\u0259r\u0259find\u0259n \u0259sass\u0131z olaraq incidilm\u0259 hallar\u0131n\u0131n, r\u00fc\u015fv\u0259t v\u0259 korrupsiyan\u0131n qar\u015f\u0131s\u0131n\u0131n al\u0131nmas\u0131 \u00fc\u00e7\u00fcn m\u00fch\u00fcm t\u0259dbirl\u0259r haz\u0131rland\u0131.<\/p>\n<p>O d\u00f6vrl\u0259rd\u0259 \u015f\u0259h\u0259rl\u0259rd\u0259, q\u0259s\u0259b\u0259 v\u0259 k\u0259ndl\u0259rd\u0259 \u0259halinin m\u0259nzil-m\u0259i\u015f\u0259t \u015f\u0259raiti k\u00f6k\u00fcnd\u0259n yax\u015f\u0131la\u015fd\u0131r\u0131ld\u0131. Haz\u0131rlanan strateji proqrama \u0259sas\u0259n, 1970-ci ill\u0259rd\u0259 b\u00fct\u00fcn Az\u0259rbaycan \u0259z\u0259m\u0259tli tikinti meydan\u0131na \u00e7evrildi. \u00dcmumiyy\u0259tl\u0259, \u00f6lk\u0259nin h\u0259r yerind\u0259 infrastruktur yarad\u0131ld\u0131, yeni xidm\u0259t sah\u0259l\u0259ri a\u00e7\u0131ld\u0131. \u00dcmummilli lider h\u0259l\u0259 o ill\u0259rd\u0259 Az\u0259rbaycan\u0131n g\u0259l\u0259c\u0259yini hesablay\u0131r, bug\u00fcn\u00fcn\u00fc qururdu. Heyd\u0259r \u018fliyevin r\u0259hb\u0259rliyi d\u00f6vr\u00fcnd\u0259 Az\u0259rbaycan\u0131n h\u0259r bir yerind\u0259 n\u0259h\u0259ng layih\u0259l\u0259r h\u0259yata ke\u00e7irilirdi.<\/p>\n<p>M\u00fcz\u0259ff\u0259r Ali Ba\u015f komandan \u0130lham \u018fliyev, Heyd\u0259r \u018fliyev ideyalar\u0131n\u0131 s\u0259brl\u0259 h\u0259yata ke\u00e7ir\u0259r\u0259k V\u0259t\u0259n M\u00fcharib\u0259sind\u0259 d\u0259 qalib g\u0259ldikd\u0259n sonra d\u00fcnyadak\u0131\u00a0 neokolonializm siyas\u0259tinin iflasa u\u011framas\u0131nda\u00a0 aktiv, beyn\u0259lxalq h\u00fcquqa s\u00f6yk\u0259n\u0259n \u0259dal\u0259tli m\u00f6vqey n\u00fcmayi\u015f etdirir. Bu is\u0259 imperialist \u00f6lk\u0259l\u0259ri\u00a0 narahat edir. Bu s\u0259b\u0259bd\u0259n d\u0259 Az\u0259rbaycana t\u0259zyiql\u0259ri art\u0131rmaq ist\u0259yirl\u0259r. Biz is\u0259 \u00f6lk\u0259 ba\u015f\u00e7\u0131s\u0131na v\u0259 onun s\u00f6yk\u0259ndiyi Heyd\u0259r \u018fliyev ideyalar\u0131na g\u00fcv\u0259nirik.<\/p>\n<p><strong>Ramil Mehdiyev<\/strong><\/p>\n<p><strong>Nizami Rayon Sosial-\u0130ctimai Maarifl\u0259ndirm\u0259 \u0130ctimai Birliyinin \u0130nnovativ ideyalar\u0131n realla\u015fd\u0131r\u0131lmas\u0131 v\u0259 kommunikasiya \u015f\u00f6b\u0259sinin m\u00fcdiri\u00a0<\/strong><\/p>\n","protected":false},"excerpt":{"rendered":"<p>1969-cu il 14 iyul tarixinin Az\u0259rbaycan\u0131n yeni tarixind\u0259 x\u00fcsusi v\u0259 dan\u0131lmaz yeri var. H\u0259min tarixd\u0259n ba\u015flayaraq \u00f6lk\u0259mizin\u00a0 h\u0259yat\u0131n\u0131n b\u00fct\u00fcn sah\u0259l\u0259ri k\u00f6kl\u00fc islahat v\u0259 s\u00fcr\u0259tli inki\u015faf yoluna q\u0259d\u0259m qoyub. Ulu \u00d6nd\u0259r Heyd\u0259r \u018fliyevin Az\u0259rbaycana r\u0259hb\u0259rlik etdiyi ill\u0259rd\u0259 g\u0259l\u0259c\u0259k m\u00fcst\u0259qil d\u00f6vl\u0259tin iqtisadi q\u00fcdr\u0259tinin t\u0259m\u0259li qoyulub, respublika inki\u015faf tempin\u0259 g\u00f6r\u0259 ke\u00e7mi\u015f ittifaq miqyas\u0131nda \u00f6n s\u0131ralara \u00e7\u0131x\u0131b. Bu bax\u0131mdan [&hellip;]<\/p>\n","protected":false},"author":1,"featured_media":31154,"comment_status":"closed","ping_status":"closed","sticky":false,"template":"","format":"standard","meta":{"footnotes":""},"categories":[63,5],"tags":[],"class_list":{"0":"post-31153","1":"post","2":"type-post","3":"status-publish","4":"format-standard","5":"has-post-thumbnail","7":"category-manset","8":"category-knd"},"yoast_head":"<!-- This site is optimized with the Yoast SEO plugin v27.0 - https:\/\/yoast.com\/product\/yoast-seo-wordpress\/ -->\n<title>14 iyul 1969-cu il - Q\u00fcdr\u0259tli d\u00f6vr\u00fcn ba\u015flan\u011f\u0131c\u0131 - Z\u0259rdab.com<\/title>\n<meta name=\"robots\" content=\"index, follow, max-snippet:-1, max-image-preview:large, max-video-preview:-1\" \/>\n<link rel=\"canonical\" href=\"https:\/\/www.zerdab.com\/?p=31153\" \/>\n<meta property=\"og:locale\" content=\"az_AZ\" \/>\n<meta property=\"og:type\" content=\"article\" \/>\n<meta property=\"og:title\" content=\"14 iyul 1969-cu il - Q\u00fcdr\u0259tli d\u00f6vr\u00fcn ba\u015flan\u011f\u0131c\u0131 - Z\u0259rdab.com\" \/>\n<meta property=\"og:description\" content=\"1969-cu il 14 iyul tarixinin Az\u0259rbaycan\u0131n yeni tarixind\u0259 x\u00fcsusi v\u0259 dan\u0131lmaz yeri var. H\u0259min tarixd\u0259n ba\u015flayaraq \u00f6lk\u0259mizin\u00a0 h\u0259yat\u0131n\u0131n b\u00fct\u00fcn sah\u0259l\u0259ri k\u00f6kl\u00fc islahat v\u0259 s\u00fcr\u0259tli inki\u015faf yoluna q\u0259d\u0259m qoyub. Ulu \u00d6nd\u0259r Heyd\u0259r \u018fliyevin Az\u0259rbaycana r\u0259hb\u0259rlik etdiyi ill\u0259rd\u0259 g\u0259l\u0259c\u0259k m\u00fcst\u0259qil d\u00f6vl\u0259tin iqtisadi q\u00fcdr\u0259tinin t\u0259m\u0259li qoyulub, respublika inki\u015faf tempin\u0259 g\u00f6r\u0259 ke\u00e7mi\u015f ittifaq miqyas\u0131nda \u00f6n s\u0131ralara \u00e7\u0131x\u0131b. Bu bax\u0131mdan [&hellip;]\" \/>\n<meta property=\"og:url\" content=\"https:\/\/www.zerdab.com\/?p=31153\" \/>\n<meta property=\"og:site_name\" content=\"Z\u0259rdab.com\" \/>\n<meta property=\"article:published_time\" content=\"2024-07-13T19:14:34+00:00\" \/>\n<meta property=\"article:modified_time\" content=\"2024-07-13T19:16:18+00:00\" \/>\n<meta property=\"og:image\" content=\"http:\/\/www.zerdab.com\/wp-content\/uploads\/2024\/07\/foto1.jpg\" \/>\n\t<meta property=\"og:image:width\" content=\"637\" \/>\n\t<meta property=\"og:image:height\" content=\"400\" \/>\n\t<meta property=\"og:image:type\" content=\"image\/jpeg\" \/>\n<meta name=\"author\" content=\"admin\" \/>\n<meta name=\"twitter:card\" content=\"summary_large_image\" \/>\n<meta name=\"twitter:label1\" content=\"Written by\" \/>\n\t<meta name=\"twitter:data1\" content=\"admin\" \/>\n\t<meta name=\"twitter:label2\" content=\"Est. reading time\" \/>\n\t<meta name=\"twitter:data2\" content=\"2 minutes\" \/>\n<script type=\"application\/ld+json\" class=\"yoast-schema-graph\">{\"@context\":\"https:\/\/schema.org\",\"@graph\":[{\"@type\":\"Article\",\"@id\":\"https:\/\/www.zerdab.com\/?p=31153#article\",\"isPartOf\":{\"@id\":\"https:\/\/www.zerdab.com\/?p=31153\"},\"author\":{\"name\":\"admin\",\"@id\":\"https:\/\/www.zerdab.com\/#\/schema\/person\/97079b7570c1e89ec0d9e138c3672136\"},\"headline\":\"14 iyul 1969-cu il &#8211; Q\u00fcdr\u0259tli d\u00f6vr\u00fcn ba\u015flan\u011f\u0131c\u0131\",\"datePublished\":\"2024-07-13T19:14:34+00:00\",\"dateModified\":\"2024-07-13T19:16:18+00:00\",\"mainEntityOfPage\":{\"@id\":\"https:\/\/www.zerdab.com\/?p=31153\"},\"wordCount\":675,\"image\":{\"@id\":\"https:\/\/www.zerdab.com\/?p=31153#primaryimage\"},\"thumbnailUrl\":\"https:\/\/www.zerdab.com\/wp-content\/uploads\/2024\/07\/foto1.jpg\",\"articleSection\":[\"MAN\u015eET\",\"X\u018fB\u018fRL\u018fR\"],\"inLanguage\":\"az\"},{\"@type\":\"WebPage\",\"@id\":\"https:\/\/www.zerdab.com\/?p=31153\",\"url\":\"https:\/\/www.zerdab.com\/?p=31153\",\"name\":\"14 iyul 1969-cu il - Q\u00fcdr\u0259tli d\u00f6vr\u00fcn ba\u015flan\u011f\u0131c\u0131 - Z\u0259rdab.com\",\"isPartOf\":{\"@id\":\"https:\/\/www.zerdab.com\/#website\"},\"primaryImageOfPage\":{\"@id\":\"https:\/\/www.zerdab.com\/?p=31153#primaryimage\"},\"image\":{\"@id\":\"https:\/\/www.zerdab.com\/?p=31153#primaryimage\"},\"thumbnailUrl\":\"https:\/\/www.zerdab.com\/wp-content\/uploads\/2024\/07\/foto1.jpg\",\"datePublished\":\"2024-07-13T19:14:34+00:00\",\"dateModified\":\"2024-07-13T19:16:18+00:00\",\"author\":{\"@id\":\"https:\/\/www.zerdab.com\/#\/schema\/person\/97079b7570c1e89ec0d9e138c3672136\"},\"breadcrumb\":{\"@id\":\"https:\/\/www.zerdab.com\/?p=31153#breadcrumb\"},\"inLanguage\":\"az\",\"potentialAction\":[{\"@type\":\"ReadAction\",\"target\":[\"https:\/\/www.zerdab.com\/?p=31153\"]}]},{\"@type\":\"ImageObject\",\"inLanguage\":\"az\",\"@id\":\"https:\/\/www.zerdab.com\/?p=31153#primaryimage\",\"url\":\"https:\/\/www.zerdab.com\/wp-content\/uploads\/2024\/07\/foto1.jpg\",\"contentUrl\":\"https:\/\/www.zerdab.com\/wp-content\/uploads\/2024\/07\/foto1.jpg\",\"width\":637,\"height\":400},{\"@type\":\"BreadcrumbList\",\"@id\":\"https:\/\/www.zerdab.com\/?p=31153#breadcrumb\",\"itemListElement\":[{\"@type\":\"ListItem\",\"position\":1,\"name\":\"Home\",\"item\":\"https:\/\/www.zerdab.com\/\"},{\"@type\":\"ListItem\",\"position\":2,\"name\":\"14 iyul 1969-cu il &#8211; Q\u00fcdr\u0259tli d\u00f6vr\u00fcn ba\u015flan\u011f\u0131c\u0131\"}]},{\"@type\":\"WebSite\",\"@id\":\"https:\/\/www.zerdab.com\/#website\",\"url\":\"https:\/\/www.zerdab.com\/\",\"name\":\"Z\u0259rdab.com\",\"description\":\"\",\"potentialAction\":[{\"@type\":\"SearchAction\",\"target\":{\"@type\":\"EntryPoint\",\"urlTemplate\":\"https:\/\/www.zerdab.com\/?s={search_term_string}\"},\"query-input\":{\"@type\":\"PropertyValueSpecification\",\"valueRequired\":true,\"valueName\":\"search_term_string\"}}],\"inLanguage\":\"az\"},{\"@type\":\"Person\",\"@id\":\"https:\/\/www.zerdab.com\/#\/schema\/person\/97079b7570c1e89ec0d9e138c3672136\",\"name\":\"admin\",\"image\":{\"@type\":\"ImageObject\",\"inLanguage\":\"az\",\"@id\":\"https:\/\/www.zerdab.com\/#\/schema\/person\/image\/\",\"url\":\"https:\/\/secure.gravatar.com\/avatar\/d9c52a9a27c32119cb6679a077fa3e2779e5f822c451cbf01098004361d466ec?s=96&d=mm&r=g\",\"contentUrl\":\"https:\/\/secure.gravatar.com\/avatar\/d9c52a9a27c32119cb6679a077fa3e2779e5f822c451cbf01098004361d466ec?s=96&d=mm&r=g\",\"caption\":\"admin\"},\"url\":\"https:\/\/www.zerdab.com\/?author=1\"}]}<\/script>\n<!-- \/ Yoast SEO plugin. -->","yoast_head_json":{"title":"14 iyul 1969-cu il - Q\u00fcdr\u0259tli d\u00f6vr\u00fcn ba\u015flan\u011f\u0131c\u0131 - Z\u0259rdab.com","robots":{"index":"index","follow":"follow","max-snippet":"max-snippet:-1","max-image-preview":"max-image-preview:large","max-video-preview":"max-video-preview:-1"},"canonical":"https:\/\/www.zerdab.com\/?p=31153","og_locale":"az_AZ","og_type":"article","og_title":"14 iyul 1969-cu il - Q\u00fcdr\u0259tli d\u00f6vr\u00fcn ba\u015flan\u011f\u0131c\u0131 - Z\u0259rdab.com","og_description":"1969-cu il 14 iyul tarixinin Az\u0259rbaycan\u0131n yeni tarixind\u0259 x\u00fcsusi v\u0259 dan\u0131lmaz yeri var. H\u0259min tarixd\u0259n ba\u015flayaraq \u00f6lk\u0259mizin\u00a0 h\u0259yat\u0131n\u0131n b\u00fct\u00fcn sah\u0259l\u0259ri k\u00f6kl\u00fc islahat v\u0259 s\u00fcr\u0259tli inki\u015faf yoluna q\u0259d\u0259m qoyub. Ulu \u00d6nd\u0259r Heyd\u0259r \u018fliyevin Az\u0259rbaycana r\u0259hb\u0259rlik etdiyi ill\u0259rd\u0259 g\u0259l\u0259c\u0259k m\u00fcst\u0259qil d\u00f6vl\u0259tin iqtisadi q\u00fcdr\u0259tinin t\u0259m\u0259li qoyulub, respublika inki\u015faf tempin\u0259 g\u00f6r\u0259 ke\u00e7mi\u015f ittifaq miqyas\u0131nda \u00f6n s\u0131ralara \u00e7\u0131x\u0131b. Bu bax\u0131mdan [&hellip;]","og_url":"https:\/\/www.zerdab.com\/?p=31153","og_site_name":"Z\u0259rdab.com","article_published_time":"2024-07-13T19:14:34+00:00","article_modified_time":"2024-07-13T19:16:18+00:00","og_image":[{"width":637,"height":400,"url":"http:\/\/www.zerdab.com\/wp-content\/uploads\/2024\/07\/foto1.jpg","type":"image\/jpeg"}],"author":"admin","twitter_card":"summary_large_image","twitter_misc":{"Written by":"admin","Est. reading time":"2 minutes"},"schema":{"@context":"https:\/\/schema.org","@graph":[{"@type":"Article","@id":"https:\/\/www.zerdab.com\/?p=31153#article","isPartOf":{"@id":"https:\/\/www.zerdab.com\/?p=31153"},"author":{"name":"admin","@id":"https:\/\/www.zerdab.com\/#\/schema\/person\/97079b7570c1e89ec0d9e138c3672136"},"headline":"14 iyul 1969-cu il &#8211; Q\u00fcdr\u0259tli d\u00f6vr\u00fcn ba\u015flan\u011f\u0131c\u0131","datePublished":"2024-07-13T19:14:34+00:00","dateModified":"2024-07-13T19:16:18+00:00","mainEntityOfPage":{"@id":"https:\/\/www.zerdab.com\/?p=31153"},"wordCount":675,"image":{"@id":"https:\/\/www.zerdab.com\/?p=31153#primaryimage"},"thumbnailUrl":"https:\/\/www.zerdab.com\/wp-content\/uploads\/2024\/07\/foto1.jpg","articleSection":["MAN\u015eET","X\u018fB\u018fRL\u018fR"],"inLanguage":"az"},{"@type":"WebPage","@id":"https:\/\/www.zerdab.com\/?p=31153","url":"https:\/\/www.zerdab.com\/?p=31153","name":"14 iyul 1969-cu il - Q\u00fcdr\u0259tli d\u00f6vr\u00fcn ba\u015flan\u011f\u0131c\u0131 - Z\u0259rdab.com","isPartOf":{"@id":"https:\/\/www.zerdab.com\/#website"},"primaryImageOfPage":{"@id":"https:\/\/www.zerdab.com\/?p=31153#primaryimage"},"image":{"@id":"https:\/\/www.zerdab.com\/?p=31153#primaryimage"},"thumbnailUrl":"https:\/\/www.zerdab.com\/wp-content\/uploads\/2024\/07\/foto1.jpg","datePublished":"2024-07-13T19:14:34+00:00","dateModified":"2024-07-13T19:16:18+00:00","author":{"@id":"https:\/\/www.zerdab.com\/#\/schema\/person\/97079b7570c1e89ec0d9e138c3672136"},"breadcrumb":{"@id":"https:\/\/www.zerdab.com\/?p=31153#breadcrumb"},"inLanguage":"az","potentialAction":[{"@type":"ReadAction","target":["https:\/\/www.zerdab.com\/?p=31153"]}]},{"@type":"ImageObject","inLanguage":"az","@id":"https:\/\/www.zerdab.com\/?p=31153#primaryimage","url":"https:\/\/www.zerdab.com\/wp-content\/uploads\/2024\/07\/foto1.jpg","contentUrl":"https:\/\/www.zerdab.com\/wp-content\/uploads\/2024\/07\/foto1.jpg","width":637,"height":400},{"@type":"BreadcrumbList","@id":"https:\/\/www.zerdab.com\/?p=31153#breadcrumb","itemListElement":[{"@type":"ListItem","position":1,"name":"Home","item":"https:\/\/www.zerdab.com\/"},{"@type":"ListItem","position":2,"name":"14 iyul 1969-cu il &#8211; Q\u00fcdr\u0259tli d\u00f6vr\u00fcn ba\u015flan\u011f\u0131c\u0131"}]},{"@type":"WebSite","@id":"https:\/\/www.zerdab.com\/#website","url":"https:\/\/www.zerdab.com\/","name":"Z\u0259rdab.com","description":"","potentialAction":[{"@type":"SearchAction","target":{"@type":"EntryPoint","urlTemplate":"https:\/\/www.zerdab.com\/?s={search_term_string}"},"query-input":{"@type":"PropertyValueSpecification","valueRequired":true,"valueName":"search_term_string"}}],"inLanguage":"az"},{"@type":"Person","@id":"https:\/\/www.zerdab.com\/#\/schema\/person\/97079b7570c1e89ec0d9e138c3672136","name":"admin","image":{"@type":"ImageObject","inLanguage":"az","@id":"https:\/\/www.zerdab.com\/#\/schema\/person\/image\/","url":"https:\/\/secure.gravatar.com\/avatar\/d9c52a9a27c32119cb6679a077fa3e2779e5f822c451cbf01098004361d466ec?s=96&d=mm&r=g","contentUrl":"https:\/\/secure.gravatar.com\/avatar\/d9c52a9a27c32119cb6679a077fa3e2779e5f822c451cbf01098004361d466ec?s=96&d=mm&r=g","caption":"admin"},"url":"https:\/\/www.zerdab.com\/?author=1"}]}},"_links":{"self":[{"href":"https:\/\/www.zerdab.com\/index.php?rest_route=\/wp\/v2\/posts\/31153","targetHints":{"allow":["GET"]}}],"collection":[{"href":"https:\/\/www.zerdab.com\/index.php?rest_route=\/wp\/v2\/posts"}],"about":[{"href":"https:\/\/www.zerdab.com\/index.php?rest_route=\/wp\/v2\/types\/post"}],"author":[{"embeddable":true,"href":"https:\/\/www.zerdab.com\/index.php?rest_route=\/wp\/v2\/users\/1"}],"replies":[{"embeddable":true,"href":"https:\/\/www.zerdab.com\/index.php?rest_route=%2Fwp%2Fv2%2Fcomments&post=31153"}],"version-history":[{"count":1,"href":"https:\/\/www.zerdab.com\/index.php?rest_route=\/wp\/v2\/posts\/31153\/revisions"}],"predecessor-version":[{"id":31155,"href":"https:\/\/www.zerdab.com\/index.php?rest_route=\/wp\/v2\/posts\/31153\/revisions\/31155"}],"wp:featuredmedia":[{"embeddable":true,"href":"https:\/\/www.zerdab.com\/index.php?rest_route=\/wp\/v2\/media\/31154"}],"wp:attachment":[{"href":"https:\/\/www.zerdab.com\/index.php?rest_route=%2Fwp%2Fv2%2Fmedia&parent=31153"}],"wp:term":[{"taxonomy":"category","embeddable":true,"href":"https:\/\/www.zerdab.com\/index.php?rest_route=%2Fwp%2Fv2%2Fcategories&post=31153"},{"taxonomy":"post_tag","embeddable":true,"href":"https:\/\/www.zerdab.com\/index.php?rest_route=%2Fwp%2Fv2%2Ftags&post=31153"}],"curies":[{"name":"wp","href":"https:\/\/api.w.org\/{rel}","templated":true}]}}