{"id":31315,"date":"2024-11-09T17:11:02","date_gmt":"2024-11-09T13:11:02","guid":{"rendered":"https:\/\/www.zerdab.com\/?p=31315"},"modified":"2024-11-09T17:13:36","modified_gmt":"2024-11-09T13:13:36","slug":"bu-gun-bayraq-gunudur","status":"publish","type":"post","link":"https:\/\/www.zerdab.com\/?p=31315","title":{"rendered":"Bu g\u00fcn Bayraq g\u00fcn\u00fcd\u00fcr"},"content":{"rendered":"<p>Bu g\u00fcn Az\u0259rbaycanda D\u00f6vl\u0259t Bayra\u011f\u0131 G\u00fcn\u00fc qeyd olunur.<\/p>\n<p>2009-cu il noyabr\u0131n 17-d\u0259 Az\u0259rbaycan Prezidenti \u0130lham \u018fliyev D\u00f6vl\u0259t Bayra\u011f\u0131 G\u00fcn\u00fcn\u00fcn t\u0259sis edilm\u0259si haqq\u0131nda s\u0259r\u0259ncam imzalay\u0131b.<\/p>\n<p>S\u0259n\u0259dd\u0259 deyilir ki, Az\u0259rbaycan Xalq C\u00fcmhuriyy\u0259tinin yadigar\u0131 olan bu bayraq &#8211; indiki D\u00f6vl\u0259t bayra\u011f\u0131 1918-ci il noyabr\u0131n 9-da Az\u0259rbaycan Xalq C\u00fcmhuriyy\u0259ti h\u00f6kum\u0259tinin iclas\u0131nda q\u0259bul edilib.<\/p>\n<p>S\u0259r\u0259ncama g\u00f6r\u0259, h\u0259min fakt n\u0259z\u0259r\u0259 al\u0131naraq, h\u0259r il noyabr\u0131n 9-u Az\u0259rbaycan Respublikas\u0131n\u0131n D\u00f6vl\u0259t Bayra\u011f\u0131 G\u00fcn\u00fc elan olunub.<\/p>\n<p>1991-ci il fevral\u0131n 5-d\u0259 Az\u0259rbaycan Respublikas\u0131n\u0131n Ali Soveti indiki \u00fc\u00e7r\u0259ngli v\u0259 ay-ulduzlu bayra\u011f\u0131 Az\u0259rbaycan Respublikas\u0131n\u0131n D\u00f6vl\u0259t bayra\u011f\u0131 elan edib.<\/p>\n<p>2009-cu ilin noyabr\u0131nda D\u00f6vl\u0259t Bayra\u011f\u0131 G\u00fcn\u00fc il\u0259 ba\u011fl\u0131 \u018fm\u0259k M\u0259c\u0259ll\u0259sinin 105-ci madd\u0259sin\u0259 \u0259lav\u0259 edilib.<\/p>\n<p>\u018flav\u0259y\u0259 \u0259sas\u0259n, 9 noyabr Az\u0259rbaycanda D\u00f6vl\u0259t Bayra\u011f\u0131 G\u00fcn\u00fc elan olunub v\u0259 bu bayram \u00f6lk\u0259d\u0259 qeyri-i\u015f g\u00fcn\u00fc olan bayramlar\u0131n siyah\u0131s\u0131na daxil edilib.<\/p>\n<p>&#8220;Az\u0259rbaycan Respublikas\u0131n\u0131n D\u00f6vl\u0259t bayra\u011f\u0131 haqq\u0131nda&#8221; Az\u0259rbaycan Respublikas\u0131n\u0131n Qanununda qeyd edilir:<\/p>\n<p>&#8220;D\u00f6vl\u0259t bayra\u011f\u0131 Az\u0259rbaycan d\u00f6vl\u0259tinin suverenliyinin r\u0259mzidir.<\/p>\n<p>D\u00f6vl\u0259t bayra\u011f\u0131 eni v\u0259 uzunlu\u011fu b\u0259rab\u0259r olan r\u0259ngli \u00fc\u00e7 \u00fcf\u00fcqi zolaqdan ibar\u0259t d\u00fczbucaql\u0131 par\u00e7a \u015f\u0259klind\u0259dir: \u00fcst zolaq mavi r\u0259ngd\u0259, orta zolaq q\u0131rm\u0131z\u0131 r\u0259ngd\u0259, a\u015fa\u011f\u0131 zolaq ya\u015f\u0131l r\u0259ngd\u0259dir&#8221;.<\/p>\n<p>Prezident \u0130lham \u018fliyev 2007-ci il noyabr\u0131n 17-d\u0259 Bak\u0131da D\u00f6vl\u0259t Bayra\u011f\u0131 Meydan\u0131n\u0131n yarad\u0131lmas\u0131 bar\u0259d\u0259 s\u0259r\u0259ncam imzalay\u0131b.<\/p>\n<p>2010-cu il sentyabr\u0131n 1-d\u0259 Az\u0259rbaycan Prezidenti \u0130lham \u018fliyevin i\u015ftirak\u0131 il\u0259 Bak\u0131da D\u00f6vl\u0259t Bayra\u011f\u0131 Meydan\u0131n\u0131n a\u00e7\u0131l\u0131\u015f m\u0259rasimi ke\u00e7irilib.<\/p>\n<p>Bayra\u011f\u0131n \u00fcmumi \u00e7\u0259kisi 500 kiloqramdan art\u0131q, eni 36 metr, uzunlu\u011fu 72 metrdir.<\/p>\n<p>Meydanda qurulmu\u015f Az\u0259rbaycan Respublikas\u0131n\u0131n gerbi, D\u00f6vl\u0259t himninin m\u0259tni v\u0259 \u00f6lk\u0259 x\u0259rit\u0259si q\u0131z\u0131l suyuna sal\u0131nm\u0131\u015f b\u00fcr\u00fcncd\u0259n haz\u0131rlan\u0131b.<\/p>\n<p>Bundan \u0259lav\u0259, meydanda D\u00f6vl\u0259t Bayra\u011f\u0131 Muzeyi d\u0259 yarad\u0131l\u0131b.<\/p>\n","protected":false},"excerpt":{"rendered":"<p>Bu g\u00fcn Az\u0259rbaycanda D\u00f6vl\u0259t Bayra\u011f\u0131 G\u00fcn\u00fc qeyd olunur. 2009-cu il noyabr\u0131n 17-d\u0259 Az\u0259rbaycan Prezidenti \u0130lham \u018fliyev D\u00f6vl\u0259t Bayra\u011f\u0131 G\u00fcn\u00fcn\u00fcn t\u0259sis edilm\u0259si haqq\u0131nda s\u0259r\u0259ncam imzalay\u0131b. S\u0259n\u0259dd\u0259 deyilir ki, Az\u0259rbaycan Xalq C\u00fcmhuriyy\u0259tinin yadigar\u0131 olan bu bayraq &#8211; indiki D\u00f6vl\u0259t bayra\u011f\u0131 1918-ci il noyabr\u0131n 9-da Az\u0259rbaycan Xalq C\u00fcmhuriyy\u0259ti h\u00f6kum\u0259tinin iclas\u0131nda q\u0259bul edilib. S\u0259r\u0259ncama g\u00f6r\u0259, h\u0259min fakt n\u0259z\u0259r\u0259 al\u0131naraq, [&hellip;]<\/p>\n","protected":false},"author":1,"featured_media":31316,"comment_status":"closed","ping_status":"closed","sticky":false,"template":"","format":"standard","meta":{"footnotes":""},"categories":[63,5],"tags":[],"class_list":{"0":"post-31315","1":"post","2":"type-post","3":"status-publish","4":"format-standard","5":"has-post-thumbnail","7":"category-manset","8":"category-knd"},"yoast_head":"<!-- This site is optimized with the Yoast SEO plugin v27.0 - https:\/\/yoast.com\/product\/yoast-seo-wordpress\/ -->\n<title>Bu g\u00fcn Bayraq g\u00fcn\u00fcd\u00fcr - Z\u0259rdab.com<\/title>\n<meta name=\"robots\" content=\"index, follow, max-snippet:-1, max-image-preview:large, max-video-preview:-1\" \/>\n<link rel=\"canonical\" href=\"https:\/\/www.zerdab.com\/?p=31315\" \/>\n<meta property=\"og:locale\" content=\"az_AZ\" \/>\n<meta property=\"og:type\" content=\"article\" \/>\n<meta property=\"og:title\" content=\"Bu g\u00fcn Bayraq g\u00fcn\u00fcd\u00fcr - Z\u0259rdab.com\" \/>\n<meta property=\"og:description\" content=\"Bu g\u00fcn Az\u0259rbaycanda D\u00f6vl\u0259t Bayra\u011f\u0131 G\u00fcn\u00fc qeyd olunur. 2009-cu il noyabr\u0131n 17-d\u0259 Az\u0259rbaycan Prezidenti \u0130lham \u018fliyev D\u00f6vl\u0259t Bayra\u011f\u0131 G\u00fcn\u00fcn\u00fcn t\u0259sis edilm\u0259si haqq\u0131nda s\u0259r\u0259ncam imzalay\u0131b. S\u0259n\u0259dd\u0259 deyilir ki, Az\u0259rbaycan Xalq C\u00fcmhuriyy\u0259tinin yadigar\u0131 olan bu bayraq &#8211; indiki D\u00f6vl\u0259t bayra\u011f\u0131 1918-ci il noyabr\u0131n 9-da Az\u0259rbaycan Xalq C\u00fcmhuriyy\u0259ti h\u00f6kum\u0259tinin iclas\u0131nda q\u0259bul edilib. S\u0259r\u0259ncama g\u00f6r\u0259, h\u0259min fakt n\u0259z\u0259r\u0259 al\u0131naraq, [&hellip;]\" \/>\n<meta property=\"og:url\" content=\"https:\/\/www.zerdab.com\/?p=31315\" \/>\n<meta property=\"og:site_name\" content=\"Z\u0259rdab.com\" \/>\n<meta property=\"article:published_time\" content=\"2024-11-09T13:11:02+00:00\" \/>\n<meta property=\"article:modified_time\" content=\"2024-11-09T13:13:36+00:00\" \/>\n<meta property=\"og:image\" content=\"http:\/\/www.zerdab.com\/wp-content\/uploads\/2024\/11\/bayraq-png.jpg\" \/>\n\t<meta property=\"og:image:width\" content=\"1280\" \/>\n\t<meta property=\"og:image:height\" content=\"959\" \/>\n\t<meta property=\"og:image:type\" content=\"image\/jpeg\" \/>\n<meta name=\"author\" content=\"admin\" \/>\n<meta name=\"twitter:card\" content=\"summary_large_image\" \/>\n<meta name=\"twitter:label1\" content=\"Written by\" \/>\n\t<meta name=\"twitter:data1\" content=\"admin\" \/>\n\t<meta name=\"twitter:label2\" content=\"Est. reading time\" \/>\n\t<meta name=\"twitter:data2\" content=\"2 minutes\" \/>\n<script type=\"application\/ld+json\" class=\"yoast-schema-graph\">{\"@context\":\"https:\/\/schema.org\",\"@graph\":[{\"@type\":\"Article\",\"@id\":\"https:\/\/www.zerdab.com\/?p=31315#article\",\"isPartOf\":{\"@id\":\"https:\/\/www.zerdab.com\/?p=31315\"},\"author\":{\"name\":\"admin\",\"@id\":\"https:\/\/www.zerdab.com\/#\/schema\/person\/97079b7570c1e89ec0d9e138c3672136\"},\"headline\":\"Bu g\u00fcn Bayraq g\u00fcn\u00fcd\u00fcr\",\"datePublished\":\"2024-11-09T13:11:02+00:00\",\"dateModified\":\"2024-11-09T13:13:36+00:00\",\"mainEntityOfPage\":{\"@id\":\"https:\/\/www.zerdab.com\/?p=31315\"},\"wordCount\":392,\"image\":{\"@id\":\"https:\/\/www.zerdab.com\/?p=31315#primaryimage\"},\"thumbnailUrl\":\"https:\/\/www.zerdab.com\/wp-content\/uploads\/2024\/11\/bayraq-png.jpg\",\"articleSection\":[\"MAN\u015eET\",\"X\u018fB\u018fRL\u018fR\"],\"inLanguage\":\"az\"},{\"@type\":\"WebPage\",\"@id\":\"https:\/\/www.zerdab.com\/?p=31315\",\"url\":\"https:\/\/www.zerdab.com\/?p=31315\",\"name\":\"Bu g\u00fcn Bayraq g\u00fcn\u00fcd\u00fcr - Z\u0259rdab.com\",\"isPartOf\":{\"@id\":\"https:\/\/www.zerdab.com\/#website\"},\"primaryImageOfPage\":{\"@id\":\"https:\/\/www.zerdab.com\/?p=31315#primaryimage\"},\"image\":{\"@id\":\"https:\/\/www.zerdab.com\/?p=31315#primaryimage\"},\"thumbnailUrl\":\"https:\/\/www.zerdab.com\/wp-content\/uploads\/2024\/11\/bayraq-png.jpg\",\"datePublished\":\"2024-11-09T13:11:02+00:00\",\"dateModified\":\"2024-11-09T13:13:36+00:00\",\"author\":{\"@id\":\"https:\/\/www.zerdab.com\/#\/schema\/person\/97079b7570c1e89ec0d9e138c3672136\"},\"breadcrumb\":{\"@id\":\"https:\/\/www.zerdab.com\/?p=31315#breadcrumb\"},\"inLanguage\":\"az\",\"potentialAction\":[{\"@type\":\"ReadAction\",\"target\":[\"https:\/\/www.zerdab.com\/?p=31315\"]}]},{\"@type\":\"ImageObject\",\"inLanguage\":\"az\",\"@id\":\"https:\/\/www.zerdab.com\/?p=31315#primaryimage\",\"url\":\"https:\/\/www.zerdab.com\/wp-content\/uploads\/2024\/11\/bayraq-png.jpg\",\"contentUrl\":\"https:\/\/www.zerdab.com\/wp-content\/uploads\/2024\/11\/bayraq-png.jpg\",\"width\":1280,\"height\":959},{\"@type\":\"BreadcrumbList\",\"@id\":\"https:\/\/www.zerdab.com\/?p=31315#breadcrumb\",\"itemListElement\":[{\"@type\":\"ListItem\",\"position\":1,\"name\":\"Home\",\"item\":\"https:\/\/www.zerdab.com\/\"},{\"@type\":\"ListItem\",\"position\":2,\"name\":\"Bu g\u00fcn Bayraq g\u00fcn\u00fcd\u00fcr\"}]},{\"@type\":\"WebSite\",\"@id\":\"https:\/\/www.zerdab.com\/#website\",\"url\":\"https:\/\/www.zerdab.com\/\",\"name\":\"Z\u0259rdab.com\",\"description\":\"\",\"potentialAction\":[{\"@type\":\"SearchAction\",\"target\":{\"@type\":\"EntryPoint\",\"urlTemplate\":\"https:\/\/www.zerdab.com\/?s={search_term_string}\"},\"query-input\":{\"@type\":\"PropertyValueSpecification\",\"valueRequired\":true,\"valueName\":\"search_term_string\"}}],\"inLanguage\":\"az\"},{\"@type\":\"Person\",\"@id\":\"https:\/\/www.zerdab.com\/#\/schema\/person\/97079b7570c1e89ec0d9e138c3672136\",\"name\":\"admin\",\"image\":{\"@type\":\"ImageObject\",\"inLanguage\":\"az\",\"@id\":\"https:\/\/www.zerdab.com\/#\/schema\/person\/image\/\",\"url\":\"https:\/\/secure.gravatar.com\/avatar\/d9c52a9a27c32119cb6679a077fa3e2779e5f822c451cbf01098004361d466ec?s=96&d=mm&r=g\",\"contentUrl\":\"https:\/\/secure.gravatar.com\/avatar\/d9c52a9a27c32119cb6679a077fa3e2779e5f822c451cbf01098004361d466ec?s=96&d=mm&r=g\",\"caption\":\"admin\"},\"url\":\"https:\/\/www.zerdab.com\/?author=1\"}]}<\/script>\n<!-- \/ Yoast SEO plugin. -->","yoast_head_json":{"title":"Bu g\u00fcn Bayraq g\u00fcn\u00fcd\u00fcr - Z\u0259rdab.com","robots":{"index":"index","follow":"follow","max-snippet":"max-snippet:-1","max-image-preview":"max-image-preview:large","max-video-preview":"max-video-preview:-1"},"canonical":"https:\/\/www.zerdab.com\/?p=31315","og_locale":"az_AZ","og_type":"article","og_title":"Bu g\u00fcn Bayraq g\u00fcn\u00fcd\u00fcr - Z\u0259rdab.com","og_description":"Bu g\u00fcn Az\u0259rbaycanda D\u00f6vl\u0259t Bayra\u011f\u0131 G\u00fcn\u00fc qeyd olunur. 2009-cu il noyabr\u0131n 17-d\u0259 Az\u0259rbaycan Prezidenti \u0130lham \u018fliyev D\u00f6vl\u0259t Bayra\u011f\u0131 G\u00fcn\u00fcn\u00fcn t\u0259sis edilm\u0259si haqq\u0131nda s\u0259r\u0259ncam imzalay\u0131b. S\u0259n\u0259dd\u0259 deyilir ki, Az\u0259rbaycan Xalq C\u00fcmhuriyy\u0259tinin yadigar\u0131 olan bu bayraq &#8211; indiki D\u00f6vl\u0259t bayra\u011f\u0131 1918-ci il noyabr\u0131n 9-da Az\u0259rbaycan Xalq C\u00fcmhuriyy\u0259ti h\u00f6kum\u0259tinin iclas\u0131nda q\u0259bul edilib. S\u0259r\u0259ncama g\u00f6r\u0259, h\u0259min fakt n\u0259z\u0259r\u0259 al\u0131naraq, [&hellip;]","og_url":"https:\/\/www.zerdab.com\/?p=31315","og_site_name":"Z\u0259rdab.com","article_published_time":"2024-11-09T13:11:02+00:00","article_modified_time":"2024-11-09T13:13:36+00:00","og_image":[{"width":1280,"height":959,"url":"http:\/\/www.zerdab.com\/wp-content\/uploads\/2024\/11\/bayraq-png.jpg","type":"image\/jpeg"}],"author":"admin","twitter_card":"summary_large_image","twitter_misc":{"Written by":"admin","Est. reading time":"2 minutes"},"schema":{"@context":"https:\/\/schema.org","@graph":[{"@type":"Article","@id":"https:\/\/www.zerdab.com\/?p=31315#article","isPartOf":{"@id":"https:\/\/www.zerdab.com\/?p=31315"},"author":{"name":"admin","@id":"https:\/\/www.zerdab.com\/#\/schema\/person\/97079b7570c1e89ec0d9e138c3672136"},"headline":"Bu g\u00fcn Bayraq g\u00fcn\u00fcd\u00fcr","datePublished":"2024-11-09T13:11:02+00:00","dateModified":"2024-11-09T13:13:36+00:00","mainEntityOfPage":{"@id":"https:\/\/www.zerdab.com\/?p=31315"},"wordCount":392,"image":{"@id":"https:\/\/www.zerdab.com\/?p=31315#primaryimage"},"thumbnailUrl":"https:\/\/www.zerdab.com\/wp-content\/uploads\/2024\/11\/bayraq-png.jpg","articleSection":["MAN\u015eET","X\u018fB\u018fRL\u018fR"],"inLanguage":"az"},{"@type":"WebPage","@id":"https:\/\/www.zerdab.com\/?p=31315","url":"https:\/\/www.zerdab.com\/?p=31315","name":"Bu g\u00fcn Bayraq g\u00fcn\u00fcd\u00fcr - Z\u0259rdab.com","isPartOf":{"@id":"https:\/\/www.zerdab.com\/#website"},"primaryImageOfPage":{"@id":"https:\/\/www.zerdab.com\/?p=31315#primaryimage"},"image":{"@id":"https:\/\/www.zerdab.com\/?p=31315#primaryimage"},"thumbnailUrl":"https:\/\/www.zerdab.com\/wp-content\/uploads\/2024\/11\/bayraq-png.jpg","datePublished":"2024-11-09T13:11:02+00:00","dateModified":"2024-11-09T13:13:36+00:00","author":{"@id":"https:\/\/www.zerdab.com\/#\/schema\/person\/97079b7570c1e89ec0d9e138c3672136"},"breadcrumb":{"@id":"https:\/\/www.zerdab.com\/?p=31315#breadcrumb"},"inLanguage":"az","potentialAction":[{"@type":"ReadAction","target":["https:\/\/www.zerdab.com\/?p=31315"]}]},{"@type":"ImageObject","inLanguage":"az","@id":"https:\/\/www.zerdab.com\/?p=31315#primaryimage","url":"https:\/\/www.zerdab.com\/wp-content\/uploads\/2024\/11\/bayraq-png.jpg","contentUrl":"https:\/\/www.zerdab.com\/wp-content\/uploads\/2024\/11\/bayraq-png.jpg","width":1280,"height":959},{"@type":"BreadcrumbList","@id":"https:\/\/www.zerdab.com\/?p=31315#breadcrumb","itemListElement":[{"@type":"ListItem","position":1,"name":"Home","item":"https:\/\/www.zerdab.com\/"},{"@type":"ListItem","position":2,"name":"Bu g\u00fcn Bayraq g\u00fcn\u00fcd\u00fcr"}]},{"@type":"WebSite","@id":"https:\/\/www.zerdab.com\/#website","url":"https:\/\/www.zerdab.com\/","name":"Z\u0259rdab.com","description":"","potentialAction":[{"@type":"SearchAction","target":{"@type":"EntryPoint","urlTemplate":"https:\/\/www.zerdab.com\/?s={search_term_string}"},"query-input":{"@type":"PropertyValueSpecification","valueRequired":true,"valueName":"search_term_string"}}],"inLanguage":"az"},{"@type":"Person","@id":"https:\/\/www.zerdab.com\/#\/schema\/person\/97079b7570c1e89ec0d9e138c3672136","name":"admin","image":{"@type":"ImageObject","inLanguage":"az","@id":"https:\/\/www.zerdab.com\/#\/schema\/person\/image\/","url":"https:\/\/secure.gravatar.com\/avatar\/d9c52a9a27c32119cb6679a077fa3e2779e5f822c451cbf01098004361d466ec?s=96&d=mm&r=g","contentUrl":"https:\/\/secure.gravatar.com\/avatar\/d9c52a9a27c32119cb6679a077fa3e2779e5f822c451cbf01098004361d466ec?s=96&d=mm&r=g","caption":"admin"},"url":"https:\/\/www.zerdab.com\/?author=1"}]}},"_links":{"self":[{"href":"https:\/\/www.zerdab.com\/index.php?rest_route=\/wp\/v2\/posts\/31315","targetHints":{"allow":["GET"]}}],"collection":[{"href":"https:\/\/www.zerdab.com\/index.php?rest_route=\/wp\/v2\/posts"}],"about":[{"href":"https:\/\/www.zerdab.com\/index.php?rest_route=\/wp\/v2\/types\/post"}],"author":[{"embeddable":true,"href":"https:\/\/www.zerdab.com\/index.php?rest_route=\/wp\/v2\/users\/1"}],"replies":[{"embeddable":true,"href":"https:\/\/www.zerdab.com\/index.php?rest_route=%2Fwp%2Fv2%2Fcomments&post=31315"}],"version-history":[{"count":1,"href":"https:\/\/www.zerdab.com\/index.php?rest_route=\/wp\/v2\/posts\/31315\/revisions"}],"predecessor-version":[{"id":31317,"href":"https:\/\/www.zerdab.com\/index.php?rest_route=\/wp\/v2\/posts\/31315\/revisions\/31317"}],"wp:featuredmedia":[{"embeddable":true,"href":"https:\/\/www.zerdab.com\/index.php?rest_route=\/wp\/v2\/media\/31316"}],"wp:attachment":[{"href":"https:\/\/www.zerdab.com\/index.php?rest_route=%2Fwp%2Fv2%2Fmedia&parent=31315"}],"wp:term":[{"taxonomy":"category","embeddable":true,"href":"https:\/\/www.zerdab.com\/index.php?rest_route=%2Fwp%2Fv2%2Fcategories&post=31315"},{"taxonomy":"post_tag","embeddable":true,"href":"https:\/\/www.zerdab.com\/index.php?rest_route=%2Fwp%2Fv2%2Ftags&post=31315"}],"curies":[{"name":"wp","href":"https:\/\/api.w.org\/{rel}","templated":true}]}}