{"id":31403,"date":"2025-01-03T17:18:35","date_gmt":"2025-01-03T13:18:35","guid":{"rendered":"https:\/\/www.zerdab.com\/?p=31403"},"modified":"2025-01-03T17:20:09","modified_gmt":"2025-01-03T13:20:09","slug":"z%c9%99rdabda-sayca-3-cu-abad-m%c9%99h%c9%99ll%c9%99-istifad%c9%99y%c9%99-verildi-foto","status":"publish","type":"post","link":"https:\/\/www.zerdab.com\/?p=31403","title":{"rendered":"Z\u0259rdabda sayca 3-c\u00fc \u201cAbad m\u0259h\u0259ll\u0259\u201d istifad\u0259y\u0259 verildi &#8211; Foto"},"content":{"rendered":"<p><strong>Z\u0259rdab \u015f\u0259h\u0259rinin Az\u0259rbaycan k\u00fc\u00e7\u0259si istiqam\u0259tind\u0259 yerl\u0259\u015f\u0259n 10-cu m\u0259h\u0259ll\u0259d\u0259, 5 kommunal ya\u015fay\u0131\u015f binas\u0131n\u0131n \u0259hat\u0259 etdiyi \u0259razid\u0259, \u00fcmumi sah\u0259si 1500 kv.metr olan \u0259razid\u0259 sal\u0131nan \u201cAbad m\u0259h\u0259ll\u0259\u201dnin a\u00e7\u0131l\u0131\u015f\u0131 olub.\u00a0<\/strong><\/p>\n<p><strong>Zerdab.com<\/strong> x\u0259b\u0259r verir ki, a\u00e7\u0131l\u0131\u015f m\u0259rasimind\u0259 rayon icra hakimiyy\u0259tinin ba\u015f\u00e7\u0131s\u0131, rayonun h\u00fcquq-m\u00fchafiz\u0259 orqanlar\u0131n\u0131n r\u0259hb\u0259rl\u0259ri, \u0259razid\u0259ki binalarda ya\u015fayan sakinl\u0259r, ictimaiyy\u0259t n\u00fcmay\u0259nd\u0259l\u0259ri i\u015ftirak edibl\u0259r.<\/p>\n<p>Rayon \u0130cra Hakimiyy\u0259tinin ba\u015f\u00e7\u0131s\u0131 M\u0259rdan Camalzad\u0259 Prezident \u0130lham \u018fliyevin regionlar\u0131n sosial-iqtisadi inki\u015faf\u0131 il\u0259 ba\u011fl\u0131 verdiyi tap\u015f\u0131r\u0131qlar\u0131n Z\u0259rdab rayonunda da u\u011furla icra olundu\u011funu vur\u011fulay\u0131b.<\/p>\n<p>\u0130cra ba\u015f\u00e7\u0131s\u0131 \u201cAbad m\u0259h\u0259ll\u0259\u201dnin a\u00e7\u0131l\u0131\u015f\u0131 m\u00fcnasib\u0259til\u0259 m\u0259h\u0259ll\u0259 sakinl\u0259rini t\u0259brik ed\u0259r\u0259k g\u00f6r\u00fcl\u0259n i\u015fl\u0259r bar\u0259d\u0259 m\u0259lumat verib. Bildirib ki, a\u00e7\u0131l\u0131\u015f\u0131na topla\u015f\u0131lan sayca 3-c\u00fc olan \u201cAbad m\u0259h\u0259ll\u0259\u201dnin tikintisin\u0259 2024-c\u00fc ilin noyabr ay\u0131nda ba\u015flan\u0131l\u0131b v\u0259 q\u0131sa m\u00fcdd\u0259t \u0259rzind\u0259 tikinti-qura\u015fd\u0131rma i\u015fl\u0259ri keyfiyy\u0259tl\u0259 ba\u015fa \u00e7atd\u0131r\u0131l\u0131b. Bax\u0131ms\u0131z v\u0259 yarars\u0131z v\u0259ziyy\u0259td\u0259 olan \u0259razid\u0259 1100 kv.metr sah\u0259y\u0259 beton pilt\u0259, 350 metr bort da\u015flar\u0131 (bardy\u00fcr) d\u00fcz\u00fcl\u00fcb, \u201caqlay\u201d \u00fczl\u00fck da\u015f\u0131 v\u0259 taxta il\u0259\u00a0 \u00fczl\u0259nmi\u015f 1 \u0259d\u0259d dair\u0259vi oturacaq in\u015fa edilib. M\u0259h\u0259ll\u0259d\u0259\u00a0 2 \u0259d\u0259d s\u00f6hb\u0259tgah, 1 d\u0259st u\u015faq \u0259yl\u0259nc\u0259 qur\u011fusu v\u0259 10 \u0259d\u0259d oturacaq v\u0259 zibil qablar\u0131 qura\u015fd\u0131r\u0131l\u0131b. \u018frazid\u0259 ya\u015f\u0131lla\u015fd\u0131rma i\u015fl\u0259ri apar\u0131l\u0131b.<\/p>\n<p>\u00dcmumiyy\u0259tl\u0259 son d\u00f6vrl\u0259rd\u0259 Z\u0259rdab \u015f\u0259h\u0259ri \u0259razisind\u0259 geni\u015fmiqyasl\u0131 tikinti quruculuq i\u015fl\u0259ri apar\u0131l\u0131b. Heyd\u0259r \u018fliyev prospektind\u0259, Z\u0259rdabi, 20 Yanvar k\u00fc\u00e7\u0259l\u0259rind\u0259 s\u0259kil\u0259r yenid\u0259n qurulub, 3800 kv.metr beton pilt\u0259 v\u0259 1800 metr beton bort da\u015flar\u0131 d\u00fcz\u00fcl\u00fcb. \u015e\u0259h\u0259rin \u201cD\u00f6rd yol\u201d adlanan \u0259razisind\u0259 hasar in\u015fa edilib. Heyd\u0259r \u018fliyev park\u0131nda piyada yollar\u0131na 800 kv.metr sah\u0259y\u0259 beton pilt\u0259, 1200 metr bort da\u015flar\u0131 d\u00fcz\u00fcl\u00fcb, \u201caqlay\u201d \u00fczl\u00fck da\u015f\u0131 v\u0259 taxta il\u0259\u00a0 \u00fczl\u0259nmi\u015f 1 \u0259d\u0259d dair\u0259vi oturacaq in\u015fa edilib. 1 d\u0259st u\u015faq \u0259yl\u0259nc\u0259 qur\u011fusu, 24 \u0259d\u0259d oturacaq, zibil qablar\u0131 qura\u015fd\u0131r\u0131l\u0131b. 1200 kv.metr sah\u0259y\u0259 asfalt \u00f6rt\u00fcy\u00fc vurulub. Park\u0131n hasar\u0131 \u201caqlay\u201d n\u00f6vl\u00fc \u00fczl\u00fck material\u0131 il\u0259 t\u0259mir edilib.<\/p>\n<p>\u015e\u0259h\u0259rin Heyd\u0259r \u018fliyev prospekti, El\u015fad \u015eahmurov, Vahid R\u0259himov, B\u0259\u015fir Allahverdiyev, Qara Qarayev, Mehdi H\u00fcseynzad\u0259, \u015e\u00f6vk\u0259t \u018fl\u0259kb\u0259rova, R\u0259him b\u0259y M\u0259likov, M\u0259h\u0259mm\u0259d \u0130sr\u0259filov, M\u00fcsl\u00fcm Maqomayev, Mikay\u0131l M\u00fc\u015ffiq, H\u00fcseyn Arif, M\u00fc\u015ffiq Hac\u0131yev, 20 Yanvar, X\u0259tai\u00a0 k\u00fc\u00e7\u0259l\u0259ri asfaltlan\u0131b, Ceyhun \u015eamilov, Vahid R\u0259himov, \u00c7ingiz Qas\u0131mov, B\u0259d\u0259l M\u0259mm\u0259dov, Neft\u00e7i,\u00a0 \u015eaiq Bayramov, Cavadxan k\u00fc\u00e7\u0259l\u0259ri i\u015f\u0131qland\u0131r\u0131l\u0131b.<\/p>\n<div><\/div>\n<div><img decoding=\"async\" class=\"img-responsive\" title=\"\" src=\"https:\/\/qafqazinfo.az\/uploads\/1735471538\/1.jpg\" alt=\"\" \/><br \/>\n<img decoding=\"async\" class=\"img-responsive\" title=\"\" src=\"https:\/\/qafqazinfo.az\/uploads\/1735471538\/3.jpg\" alt=\"\" \/><br \/>\n<img decoding=\"async\" class=\"img-responsive\" title=\"\" src=\"https:\/\/qafqazinfo.az\/uploads\/1735471538\/4.jpg\" alt=\"\" \/><br \/>\n<img decoding=\"async\" class=\"img-responsive\" title=\"\" src=\"https:\/\/qafqazinfo.az\/uploads\/1735471538\/5.jpg\" alt=\"\" \/><br \/>\n<img decoding=\"async\" class=\"img-responsive\" title=\"\" src=\"https:\/\/qafqazinfo.az\/uploads\/1735471538\/6.jpg\" alt=\"\" \/><br \/>\n<img decoding=\"async\" class=\"img-responsive\" title=\"\" src=\"https:\/\/qafqazinfo.az\/uploads\/1735471538\/7.jpg\" alt=\"\" \/><\/div>\n","protected":false},"excerpt":{"rendered":"<p>Z\u0259rdab \u015f\u0259h\u0259rinin Az\u0259rbaycan k\u00fc\u00e7\u0259si istiqam\u0259tind\u0259 yerl\u0259\u015f\u0259n 10-cu m\u0259h\u0259ll\u0259d\u0259, 5 kommunal ya\u015fay\u0131\u015f binas\u0131n\u0131n \u0259hat\u0259 etdiyi \u0259razid\u0259, \u00fcmumi sah\u0259si 1500 kv.metr olan \u0259razid\u0259 sal\u0131nan \u201cAbad m\u0259h\u0259ll\u0259\u201dnin a\u00e7\u0131l\u0131\u015f\u0131 olub.\u00a0 Zerdab.com x\u0259b\u0259r verir ki, a\u00e7\u0131l\u0131\u015f m\u0259rasimind\u0259 rayon icra hakimiyy\u0259tinin ba\u015f\u00e7\u0131s\u0131, rayonun h\u00fcquq-m\u00fchafiz\u0259 orqanlar\u0131n\u0131n r\u0259hb\u0259rl\u0259ri, \u0259razid\u0259ki binalarda ya\u015fayan sakinl\u0259r, ictimaiyy\u0259t n\u00fcmay\u0259nd\u0259l\u0259ri i\u015ftirak edibl\u0259r. Rayon \u0130cra Hakimiyy\u0259tinin ba\u015f\u00e7\u0131s\u0131 M\u0259rdan Camalzad\u0259 Prezident [&hellip;]<\/p>\n","protected":false},"author":1,"featured_media":31404,"comment_status":"closed","ping_status":"closed","sticky":false,"template":"","format":"standard","meta":{"footnotes":""},"categories":[63,5],"tags":[],"class_list":{"0":"post-31403","1":"post","2":"type-post","3":"status-publish","4":"format-standard","5":"has-post-thumbnail","7":"category-manset","8":"category-knd"},"yoast_head":"<!-- This site is optimized with the Yoast SEO plugin v27.0 - https:\/\/yoast.com\/product\/yoast-seo-wordpress\/ -->\n<title>Z\u0259rdabda sayca 3-c\u00fc \u201cAbad m\u0259h\u0259ll\u0259\u201d istifad\u0259y\u0259 verildi - Foto - Z\u0259rdab.com<\/title>\n<meta name=\"robots\" content=\"index, follow, max-snippet:-1, max-image-preview:large, max-video-preview:-1\" \/>\n<link rel=\"canonical\" href=\"https:\/\/www.zerdab.com\/?p=31403\" \/>\n<meta property=\"og:locale\" content=\"az_AZ\" \/>\n<meta property=\"og:type\" content=\"article\" \/>\n<meta property=\"og:title\" content=\"Z\u0259rdabda sayca 3-c\u00fc \u201cAbad m\u0259h\u0259ll\u0259\u201d istifad\u0259y\u0259 verildi - Foto - Z\u0259rdab.com\" \/>\n<meta property=\"og:description\" content=\"Z\u0259rdab \u015f\u0259h\u0259rinin Az\u0259rbaycan k\u00fc\u00e7\u0259si istiqam\u0259tind\u0259 yerl\u0259\u015f\u0259n 10-cu m\u0259h\u0259ll\u0259d\u0259, 5 kommunal ya\u015fay\u0131\u015f binas\u0131n\u0131n \u0259hat\u0259 etdiyi \u0259razid\u0259, \u00fcmumi sah\u0259si 1500 kv.metr olan \u0259razid\u0259 sal\u0131nan \u201cAbad m\u0259h\u0259ll\u0259\u201dnin a\u00e7\u0131l\u0131\u015f\u0131 olub.\u00a0 Zerdab.com x\u0259b\u0259r verir ki, a\u00e7\u0131l\u0131\u015f m\u0259rasimind\u0259 rayon icra hakimiyy\u0259tinin ba\u015f\u00e7\u0131s\u0131, rayonun h\u00fcquq-m\u00fchafiz\u0259 orqanlar\u0131n\u0131n r\u0259hb\u0259rl\u0259ri, \u0259razid\u0259ki binalarda ya\u015fayan sakinl\u0259r, ictimaiyy\u0259t n\u00fcmay\u0259nd\u0259l\u0259ri i\u015ftirak edibl\u0259r. Rayon \u0130cra Hakimiyy\u0259tinin ba\u015f\u00e7\u0131s\u0131 M\u0259rdan Camalzad\u0259 Prezident [&hellip;]\" \/>\n<meta property=\"og:url\" content=\"https:\/\/www.zerdab.com\/?p=31403\" \/>\n<meta property=\"og:site_name\" content=\"Z\u0259rdab.com\" \/>\n<meta property=\"article:published_time\" content=\"2025-01-03T13:18:35+00:00\" \/>\n<meta property=\"article:modified_time\" content=\"2025-01-03T13:20:09+00:00\" \/>\n<meta property=\"og:image\" content=\"http:\/\/www.zerdab.com\/wp-content\/uploads\/2025\/01\/zerdab-abad-mehle-png.jpg\" \/>\n\t<meta property=\"og:image:width\" content=\"637\" \/>\n\t<meta property=\"og:image:height\" content=\"400\" \/>\n\t<meta property=\"og:image:type\" content=\"image\/jpeg\" \/>\n<meta name=\"author\" content=\"admin\" \/>\n<meta name=\"twitter:card\" content=\"summary_large_image\" \/>\n<meta name=\"twitter:label1\" content=\"Written by\" \/>\n\t<meta name=\"twitter:data1\" content=\"admin\" \/>\n\t<meta name=\"twitter:label2\" content=\"Est. reading time\" \/>\n\t<meta name=\"twitter:data2\" content=\"3 minutes\" \/>\n<script type=\"application\/ld+json\" class=\"yoast-schema-graph\">{\"@context\":\"https:\/\/schema.org\",\"@graph\":[{\"@type\":\"Article\",\"@id\":\"https:\/\/www.zerdab.com\/?p=31403#article\",\"isPartOf\":{\"@id\":\"https:\/\/www.zerdab.com\/?p=31403\"},\"author\":{\"name\":\"admin\",\"@id\":\"https:\/\/www.zerdab.com\/#\/schema\/person\/97079b7570c1e89ec0d9e138c3672136\"},\"headline\":\"Z\u0259rdabda sayca 3-c\u00fc \u201cAbad m\u0259h\u0259ll\u0259\u201d istifad\u0259y\u0259 verildi &#8211; Foto\",\"datePublished\":\"2025-01-03T13:18:35+00:00\",\"dateModified\":\"2025-01-03T13:20:09+00:00\",\"mainEntityOfPage\":{\"@id\":\"https:\/\/www.zerdab.com\/?p=31403\"},\"wordCount\":531,\"image\":{\"@id\":\"https:\/\/www.zerdab.com\/?p=31403#primaryimage\"},\"thumbnailUrl\":\"https:\/\/www.zerdab.com\/wp-content\/uploads\/2025\/01\/zerdab-abad-mehle-png.jpg\",\"articleSection\":[\"MAN\u015eET\",\"X\u018fB\u018fRL\u018fR\"],\"inLanguage\":\"az\"},{\"@type\":\"WebPage\",\"@id\":\"https:\/\/www.zerdab.com\/?p=31403\",\"url\":\"https:\/\/www.zerdab.com\/?p=31403\",\"name\":\"Z\u0259rdabda sayca 3-c\u00fc \u201cAbad m\u0259h\u0259ll\u0259\u201d istifad\u0259y\u0259 verildi - Foto - Z\u0259rdab.com\",\"isPartOf\":{\"@id\":\"https:\/\/www.zerdab.com\/#website\"},\"primaryImageOfPage\":{\"@id\":\"https:\/\/www.zerdab.com\/?p=31403#primaryimage\"},\"image\":{\"@id\":\"https:\/\/www.zerdab.com\/?p=31403#primaryimage\"},\"thumbnailUrl\":\"https:\/\/www.zerdab.com\/wp-content\/uploads\/2025\/01\/zerdab-abad-mehle-png.jpg\",\"datePublished\":\"2025-01-03T13:18:35+00:00\",\"dateModified\":\"2025-01-03T13:20:09+00:00\",\"author\":{\"@id\":\"https:\/\/www.zerdab.com\/#\/schema\/person\/97079b7570c1e89ec0d9e138c3672136\"},\"breadcrumb\":{\"@id\":\"https:\/\/www.zerdab.com\/?p=31403#breadcrumb\"},\"inLanguage\":\"az\",\"potentialAction\":[{\"@type\":\"ReadAction\",\"target\":[\"https:\/\/www.zerdab.com\/?p=31403\"]}]},{\"@type\":\"ImageObject\",\"inLanguage\":\"az\",\"@id\":\"https:\/\/www.zerdab.com\/?p=31403#primaryimage\",\"url\":\"https:\/\/www.zerdab.com\/wp-content\/uploads\/2025\/01\/zerdab-abad-mehle-png.jpg\",\"contentUrl\":\"https:\/\/www.zerdab.com\/wp-content\/uploads\/2025\/01\/zerdab-abad-mehle-png.jpg\",\"width\":637,\"height\":400},{\"@type\":\"BreadcrumbList\",\"@id\":\"https:\/\/www.zerdab.com\/?p=31403#breadcrumb\",\"itemListElement\":[{\"@type\":\"ListItem\",\"position\":1,\"name\":\"Home\",\"item\":\"https:\/\/www.zerdab.com\/\"},{\"@type\":\"ListItem\",\"position\":2,\"name\":\"Z\u0259rdabda sayca 3-c\u00fc \u201cAbad m\u0259h\u0259ll\u0259\u201d istifad\u0259y\u0259 verildi &#8211; Foto\"}]},{\"@type\":\"WebSite\",\"@id\":\"https:\/\/www.zerdab.com\/#website\",\"url\":\"https:\/\/www.zerdab.com\/\",\"name\":\"Z\u0259rdab.com\",\"description\":\"\",\"potentialAction\":[{\"@type\":\"SearchAction\",\"target\":{\"@type\":\"EntryPoint\",\"urlTemplate\":\"https:\/\/www.zerdab.com\/?s={search_term_string}\"},\"query-input\":{\"@type\":\"PropertyValueSpecification\",\"valueRequired\":true,\"valueName\":\"search_term_string\"}}],\"inLanguage\":\"az\"},{\"@type\":\"Person\",\"@id\":\"https:\/\/www.zerdab.com\/#\/schema\/person\/97079b7570c1e89ec0d9e138c3672136\",\"name\":\"admin\",\"image\":{\"@type\":\"ImageObject\",\"inLanguage\":\"az\",\"@id\":\"https:\/\/www.zerdab.com\/#\/schema\/person\/image\/\",\"url\":\"https:\/\/secure.gravatar.com\/avatar\/d9c52a9a27c32119cb6679a077fa3e2779e5f822c451cbf01098004361d466ec?s=96&d=mm&r=g\",\"contentUrl\":\"https:\/\/secure.gravatar.com\/avatar\/d9c52a9a27c32119cb6679a077fa3e2779e5f822c451cbf01098004361d466ec?s=96&d=mm&r=g\",\"caption\":\"admin\"},\"url\":\"https:\/\/www.zerdab.com\/?author=1\"}]}<\/script>\n<!-- \/ Yoast SEO plugin. -->","yoast_head_json":{"title":"Z\u0259rdabda sayca 3-c\u00fc \u201cAbad m\u0259h\u0259ll\u0259\u201d istifad\u0259y\u0259 verildi - Foto - Z\u0259rdab.com","robots":{"index":"index","follow":"follow","max-snippet":"max-snippet:-1","max-image-preview":"max-image-preview:large","max-video-preview":"max-video-preview:-1"},"canonical":"https:\/\/www.zerdab.com\/?p=31403","og_locale":"az_AZ","og_type":"article","og_title":"Z\u0259rdabda sayca 3-c\u00fc \u201cAbad m\u0259h\u0259ll\u0259\u201d istifad\u0259y\u0259 verildi - Foto - Z\u0259rdab.com","og_description":"Z\u0259rdab \u015f\u0259h\u0259rinin Az\u0259rbaycan k\u00fc\u00e7\u0259si istiqam\u0259tind\u0259 yerl\u0259\u015f\u0259n 10-cu m\u0259h\u0259ll\u0259d\u0259, 5 kommunal ya\u015fay\u0131\u015f binas\u0131n\u0131n \u0259hat\u0259 etdiyi \u0259razid\u0259, \u00fcmumi sah\u0259si 1500 kv.metr olan \u0259razid\u0259 sal\u0131nan \u201cAbad m\u0259h\u0259ll\u0259\u201dnin a\u00e7\u0131l\u0131\u015f\u0131 olub.\u00a0 Zerdab.com x\u0259b\u0259r verir ki, a\u00e7\u0131l\u0131\u015f m\u0259rasimind\u0259 rayon icra hakimiyy\u0259tinin ba\u015f\u00e7\u0131s\u0131, rayonun h\u00fcquq-m\u00fchafiz\u0259 orqanlar\u0131n\u0131n r\u0259hb\u0259rl\u0259ri, \u0259razid\u0259ki binalarda ya\u015fayan sakinl\u0259r, ictimaiyy\u0259t n\u00fcmay\u0259nd\u0259l\u0259ri i\u015ftirak edibl\u0259r. Rayon \u0130cra Hakimiyy\u0259tinin ba\u015f\u00e7\u0131s\u0131 M\u0259rdan Camalzad\u0259 Prezident [&hellip;]","og_url":"https:\/\/www.zerdab.com\/?p=31403","og_site_name":"Z\u0259rdab.com","article_published_time":"2025-01-03T13:18:35+00:00","article_modified_time":"2025-01-03T13:20:09+00:00","og_image":[{"width":637,"height":400,"url":"http:\/\/www.zerdab.com\/wp-content\/uploads\/2025\/01\/zerdab-abad-mehle-png.jpg","type":"image\/jpeg"}],"author":"admin","twitter_card":"summary_large_image","twitter_misc":{"Written by":"admin","Est. reading time":"3 minutes"},"schema":{"@context":"https:\/\/schema.org","@graph":[{"@type":"Article","@id":"https:\/\/www.zerdab.com\/?p=31403#article","isPartOf":{"@id":"https:\/\/www.zerdab.com\/?p=31403"},"author":{"name":"admin","@id":"https:\/\/www.zerdab.com\/#\/schema\/person\/97079b7570c1e89ec0d9e138c3672136"},"headline":"Z\u0259rdabda sayca 3-c\u00fc \u201cAbad m\u0259h\u0259ll\u0259\u201d istifad\u0259y\u0259 verildi &#8211; Foto","datePublished":"2025-01-03T13:18:35+00:00","dateModified":"2025-01-03T13:20:09+00:00","mainEntityOfPage":{"@id":"https:\/\/www.zerdab.com\/?p=31403"},"wordCount":531,"image":{"@id":"https:\/\/www.zerdab.com\/?p=31403#primaryimage"},"thumbnailUrl":"https:\/\/www.zerdab.com\/wp-content\/uploads\/2025\/01\/zerdab-abad-mehle-png.jpg","articleSection":["MAN\u015eET","X\u018fB\u018fRL\u018fR"],"inLanguage":"az"},{"@type":"WebPage","@id":"https:\/\/www.zerdab.com\/?p=31403","url":"https:\/\/www.zerdab.com\/?p=31403","name":"Z\u0259rdabda sayca 3-c\u00fc \u201cAbad m\u0259h\u0259ll\u0259\u201d istifad\u0259y\u0259 verildi - Foto - Z\u0259rdab.com","isPartOf":{"@id":"https:\/\/www.zerdab.com\/#website"},"primaryImageOfPage":{"@id":"https:\/\/www.zerdab.com\/?p=31403#primaryimage"},"image":{"@id":"https:\/\/www.zerdab.com\/?p=31403#primaryimage"},"thumbnailUrl":"https:\/\/www.zerdab.com\/wp-content\/uploads\/2025\/01\/zerdab-abad-mehle-png.jpg","datePublished":"2025-01-03T13:18:35+00:00","dateModified":"2025-01-03T13:20:09+00:00","author":{"@id":"https:\/\/www.zerdab.com\/#\/schema\/person\/97079b7570c1e89ec0d9e138c3672136"},"breadcrumb":{"@id":"https:\/\/www.zerdab.com\/?p=31403#breadcrumb"},"inLanguage":"az","potentialAction":[{"@type":"ReadAction","target":["https:\/\/www.zerdab.com\/?p=31403"]}]},{"@type":"ImageObject","inLanguage":"az","@id":"https:\/\/www.zerdab.com\/?p=31403#primaryimage","url":"https:\/\/www.zerdab.com\/wp-content\/uploads\/2025\/01\/zerdab-abad-mehle-png.jpg","contentUrl":"https:\/\/www.zerdab.com\/wp-content\/uploads\/2025\/01\/zerdab-abad-mehle-png.jpg","width":637,"height":400},{"@type":"BreadcrumbList","@id":"https:\/\/www.zerdab.com\/?p=31403#breadcrumb","itemListElement":[{"@type":"ListItem","position":1,"name":"Home","item":"https:\/\/www.zerdab.com\/"},{"@type":"ListItem","position":2,"name":"Z\u0259rdabda sayca 3-c\u00fc \u201cAbad m\u0259h\u0259ll\u0259\u201d istifad\u0259y\u0259 verildi &#8211; Foto"}]},{"@type":"WebSite","@id":"https:\/\/www.zerdab.com\/#website","url":"https:\/\/www.zerdab.com\/","name":"Z\u0259rdab.com","description":"","potentialAction":[{"@type":"SearchAction","target":{"@type":"EntryPoint","urlTemplate":"https:\/\/www.zerdab.com\/?s={search_term_string}"},"query-input":{"@type":"PropertyValueSpecification","valueRequired":true,"valueName":"search_term_string"}}],"inLanguage":"az"},{"@type":"Person","@id":"https:\/\/www.zerdab.com\/#\/schema\/person\/97079b7570c1e89ec0d9e138c3672136","name":"admin","image":{"@type":"ImageObject","inLanguage":"az","@id":"https:\/\/www.zerdab.com\/#\/schema\/person\/image\/","url":"https:\/\/secure.gravatar.com\/avatar\/d9c52a9a27c32119cb6679a077fa3e2779e5f822c451cbf01098004361d466ec?s=96&d=mm&r=g","contentUrl":"https:\/\/secure.gravatar.com\/avatar\/d9c52a9a27c32119cb6679a077fa3e2779e5f822c451cbf01098004361d466ec?s=96&d=mm&r=g","caption":"admin"},"url":"https:\/\/www.zerdab.com\/?author=1"}]}},"_links":{"self":[{"href":"https:\/\/www.zerdab.com\/index.php?rest_route=\/wp\/v2\/posts\/31403","targetHints":{"allow":["GET"]}}],"collection":[{"href":"https:\/\/www.zerdab.com\/index.php?rest_route=\/wp\/v2\/posts"}],"about":[{"href":"https:\/\/www.zerdab.com\/index.php?rest_route=\/wp\/v2\/types\/post"}],"author":[{"embeddable":true,"href":"https:\/\/www.zerdab.com\/index.php?rest_route=\/wp\/v2\/users\/1"}],"replies":[{"embeddable":true,"href":"https:\/\/www.zerdab.com\/index.php?rest_route=%2Fwp%2Fv2%2Fcomments&post=31403"}],"version-history":[{"count":1,"href":"https:\/\/www.zerdab.com\/index.php?rest_route=\/wp\/v2\/posts\/31403\/revisions"}],"predecessor-version":[{"id":31405,"href":"https:\/\/www.zerdab.com\/index.php?rest_route=\/wp\/v2\/posts\/31403\/revisions\/31405"}],"wp:featuredmedia":[{"embeddable":true,"href":"https:\/\/www.zerdab.com\/index.php?rest_route=\/wp\/v2\/media\/31404"}],"wp:attachment":[{"href":"https:\/\/www.zerdab.com\/index.php?rest_route=%2Fwp%2Fv2%2Fmedia&parent=31403"}],"wp:term":[{"taxonomy":"category","embeddable":true,"href":"https:\/\/www.zerdab.com\/index.php?rest_route=%2Fwp%2Fv2%2Fcategories&post=31403"},{"taxonomy":"post_tag","embeddable":true,"href":"https:\/\/www.zerdab.com\/index.php?rest_route=%2Fwp%2Fv2%2Ftags&post=31403"}],"curies":[{"name":"wp","href":"https:\/\/api.w.org\/{rel}","templated":true}]}}