{"id":31546,"date":"2025-04-14T05:42:47","date_gmt":"2025-04-14T01:42:47","guid":{"rendered":"https:\/\/www.zerdab.com\/?p=31546"},"modified":"2025-04-14T15:53:13","modified_gmt":"2025-04-14T11:53:13","slug":"dovl%c9%99t-komit%c9%99sinin-s%c9%99dri-z%c9%99rdab-rayonunda-v%c9%99t%c9%99ndaslarin-muraci%c9%99tl%c9%99rini-dinl%c9%99yib","status":"publish","type":"post","link":"https:\/\/www.zerdab.com\/?p=31546","title":{"rendered":"D\u00f6vl\u0259t Komit\u0259sinin s\u0259dri Z\u0259rdab rayonunda v\u0259t\u0259nda\u015flar\u0131n m\u00fcraci\u0259tl\u0259rini dinl\u0259yib"},"content":{"rendered":"<p>M\u0259rk\u0259zi icra hakimiyy\u0259ti orqanlar\u0131 v\u0259 dig\u0259r idar\u0259etm\u0259 qurumlar\u0131n\u0131n r\u0259hb\u0259rl\u0259rinin \u015f\u0259h\u0259r v\u0259 rayonlarda v\u0259t\u0259nda\u015flar\u0131n q\u0259bulu c\u0259dv\u0259lin\u0259 uy\u011fun olaraq, Dini Qurumlarla \u0130\u015f \u00fczr\u0259 D\u00f6vl\u0259t Komit\u0259sinin s\u0259dri Ramin M\u0259mm\u0259dov Z\u0259rdab rayonunda v\u0259t\u0259nda\u015flar\u0131 q\u0259bul edib.<\/p>\n<p><strong>Zerdab.com<\/strong> x\u0259b\u0259r verir ki, q\u0259buldan \u00f6nc\u0259 \u00dcmummilli Lider Heyd\u0259r \u018fliyevin Z\u0259rdab \u015f\u0259h\u0259rinin m\u0259rk\u0259zind\u0259 ucald\u0131lan abid\u0259si ziyar\u0259t edilib, xatir\u0259si ehtiramla yad olunub.<\/p>\n<p>Q\u0259bul zaman\u0131 G\u00f6y\u00e7ay, Ucar, Z\u0259rdab v\u0259 K\u00fcrd\u0259mir rayonlar\u0131ndan olan v\u0259t\u0259nda\u015flar m\u00fcq\u0259dd\u0259s kitablar\u0131 \u00f6yr\u0259nm\u0259 (Quran) kurslar\u0131n\u0131n yarad\u0131lmas\u0131, \u0130slam dinin\u0259 aid ibad\u0259t yerl\u0259rin\u0259 v\u0259 ziyar\u0259tgahlara din xadiminin t\u0259yinat\u0131, dini icman\u0131n d\u00f6vl\u0259t qeydiyyat\u0131na al\u0131nmas\u0131, m\u0259scidin dini \u0259d\u0259biyyatla t\u0259min olunmas\u0131 v\u0259 dig\u0259r m\u0259s\u0259l\u0259l\u0259rl\u0259 ba\u011fl\u0131 m\u00fcraci\u0259t edibl\u0259r.<\/p>\n<p>D\u00f6vl\u0259t Komit\u0259sinin aidiyy\u0259ti struktur b\u00f6lm\u0259 r\u0259hb\u0259rl\u0259rinin i\u015ftirak\u0131 il\u0259 ke\u00e7irilmi\u015f q\u0259bulda v\u0259t\u0259nda\u015flar\u0131n m\u00fcraci\u0259t v\u0259 t\u0259klifl\u0259ri diqq\u0259tl\u0259 dinl\u0259nilib, m\u00fcvafiq t\u0259dbirl\u0259rin g\u00f6r\u00fclm\u0259si il\u0259 ba\u011fl\u0131 tap\u015f\u0131r\u0131qlar verilib.<\/p>\n<div class=\"single-page-text table-responsive\">\n<p><a class=\"gallery-a\" style=\"text-align: center;\" href=\"https:\/\/scara.gov.az\/storage\/postImage\/nij07519jpg_08-04-2025_14-47-51.jpg\" rel=\"prettyPhoto&lt;p data-wpview-marker=\"><img decoding=\"async\" class=\"img-thumbnail\" src=\"https:\/\/scara.gov.az\/storage\/postImage\/nij07519jpg_08-04-2025_14-47-51.jpg\" \/><\/a><\/p>\n<\/div>\n<div class=\"single-page-images\">\n<div class=\"gallery gallery-item\">\n<div class=\"row\">\n<div class=\"col-xxl-3 col-xl-3 col-lg-4 col-md-6 col-sm-6 col-6\"><a class=\"gallery-a\" href=\"https:\/\/scara.gov.az\/storage\/postImage\/nij07523jpg_08-04-2025_14-47-11.jpg\" rel=\"prettyPhoto&lt;p data-wpview-marker=\"><img decoding=\"async\" class=\"img-thumbnail\" src=\"https:\/\/scara.gov.az\/storage\/postImage\/nij07523jpg_08-04-2025_14-47-11.jpg\" \/><\/a><\/div>\n<div class=\"col-xxl-3 col-xl-3 col-lg-4 col-md-6 col-sm-6 col-6\"><a class=\"gallery-a\" href=\"https:\/\/scara.gov.az\/storage\/postImage\/nij07527jpg_08-04-2025_14-47-00.jpg\" rel=\"prettyPhoto&lt;p data-wpview-marker=\"><img decoding=\"async\" class=\"img-thumbnail\" src=\"https:\/\/scara.gov.az\/storage\/postImage\/nij07527jpg_08-04-2025_14-47-00.jpg\" \/><\/a><\/div>\n<div class=\"col-xxl-3 col-xl-3 col-lg-4 col-md-6 col-sm-6 col-6\"><a class=\"gallery-a\" href=\"https:\/\/scara.gov.az\/storage\/postImage\/nij07528jpg_08-04-2025_14-46-48.jpg\" rel=\"prettyPhoto&lt;p data-wpview-marker=\"><img decoding=\"async\" class=\"img-thumbnail\" src=\"https:\/\/scara.gov.az\/storage\/postImage\/nij07528jpg_08-04-2025_14-46-48.jpg\" \/><\/a><\/div>\n<div class=\"col-xxl-3 col-xl-3 col-lg-4 col-md-6 col-sm-6 col-6\"><a class=\"gallery-a\" href=\"https:\/\/scara.gov.az\/storage\/postImage\/nij07533jpg_08-04-2025_14-45-55.jpg\" rel=\"prettyPhoto&lt;p data-wpview-marker=\"><img decoding=\"async\" class=\"img-thumbnail\" src=\"https:\/\/scara.gov.az\/storage\/postImage\/nij07533jpg_08-04-2025_14-45-55.jpg\" \/><\/a><\/div>\n<div class=\"col-xxl-3 col-xl-3 col-lg-4 col-md-6 col-sm-6 col-6\"><a class=\"gallery-a\" href=\"https:\/\/scara.gov.az\/storage\/postImage\/nij07537jpg_08-04-2025_14-45-47.jpg\" rel=\"prettyPhoto&lt;p data-wpview-marker=\"><img decoding=\"async\" class=\"img-thumbnail\" src=\"https:\/\/scara.gov.az\/storage\/postImage\/nij07537jpg_08-04-2025_14-45-47.jpg\" \/><\/a><\/div>\n<div class=\"col-xxl-3 col-xl-3 col-lg-4 col-md-6 col-sm-6 col-6\"><a class=\"gallery-a\" href=\"https:\/\/scara.gov.az\/storage\/postImage\/nij07539jpg_08-04-2025_14-45-31.jpg\" rel=\"prettyPhoto&lt;p data-wpview-marker=\"><img decoding=\"async\" class=\"img-thumbnail\" src=\"https:\/\/scara.gov.az\/storage\/postImage\/nij07539jpg_08-04-2025_14-45-31.jpg\" \/><\/a><\/div>\n<div class=\"col-xxl-3 col-xl-3 col-lg-4 col-md-6 col-sm-6 col-6\"><a class=\"gallery-a\" href=\"https:\/\/scara.gov.az\/storage\/postImage\/nij07547jpg_08-04-2025_14-45-19.jpg\" rel=\"prettyPhoto&lt;p data-wpview-marker=\"><img decoding=\"async\" class=\"img-thumbnail\" src=\"https:\/\/scara.gov.az\/storage\/postImage\/nij07547jpg_08-04-2025_14-45-19.jpg\" \/><\/a><\/div>\n<div class=\"col-xxl-3 col-xl-3 col-lg-4 col-md-6 col-sm-6 col-6\"><a class=\"gallery-a\" href=\"https:\/\/scara.gov.az\/storage\/postImage\/nij07555jpg_08-04-2025_14-44-28.jpg\" rel=\"prettyPhoto&lt;p data-wpview-marker=\"><img decoding=\"async\" class=\"img-thumbnail\" src=\"https:\/\/scara.gov.az\/storage\/postImage\/nij07555jpg_08-04-2025_14-44-28.jpg\" \/><\/a><\/div>\n<div class=\"col-xxl-3 col-xl-3 col-lg-4 col-md-6 col-sm-6 col-6\"><a class=\"gallery-a\" href=\"https:\/\/scara.gov.az\/storage\/postImage\/nij07561jpg_08-04-2025_14-43-46.jpg\" rel=\"prettyPhoto&lt;p data-wpview-marker=\"><img decoding=\"async\" class=\"img-thumbnail\" src=\"https:\/\/scara.gov.az\/storage\/postImage\/nij07561jpg_08-04-2025_14-43-46.jpg\" \/><\/a><\/div>\n<div class=\"col-xxl-3 col-xl-3 col-lg-4 col-md-6 col-sm-6 col-6\"><\/div>\n<\/div>\n<\/div>\n<\/div>\n<p>&nbsp;<\/p>\n","protected":false},"excerpt":{"rendered":"<p>M\u0259rk\u0259zi icra hakimiyy\u0259ti orqanlar\u0131 v\u0259 dig\u0259r idar\u0259etm\u0259 qurumlar\u0131n\u0131n r\u0259hb\u0259rl\u0259rinin \u015f\u0259h\u0259r v\u0259 rayonlarda v\u0259t\u0259nda\u015flar\u0131n q\u0259bulu c\u0259dv\u0259lin\u0259 uy\u011fun olaraq, Dini Qurumlarla \u0130\u015f \u00fczr\u0259 D\u00f6vl\u0259t Komit\u0259sinin s\u0259dri Ramin M\u0259mm\u0259dov Z\u0259rdab rayonunda v\u0259t\u0259nda\u015flar\u0131 q\u0259bul edib. Zerdab.com x\u0259b\u0259r verir ki, q\u0259buldan \u00f6nc\u0259 \u00dcmummilli Lider Heyd\u0259r \u018fliyevin Z\u0259rdab \u015f\u0259h\u0259rinin m\u0259rk\u0259zind\u0259 ucald\u0131lan abid\u0259si ziyar\u0259t edilib, xatir\u0259si ehtiramla yad olunub. Q\u0259bul zaman\u0131 G\u00f6y\u00e7ay, [&hellip;]<\/p>\n","protected":false},"author":1,"featured_media":31547,"comment_status":"closed","ping_status":"closed","sticky":false,"template":"","format":"standard","meta":{"footnotes":""},"categories":[63,5],"tags":[],"class_list":{"0":"post-31546","1":"post","2":"type-post","3":"status-publish","4":"format-standard","5":"has-post-thumbnail","7":"category-manset","8":"category-knd"},"yoast_head":"<!-- This site is optimized with the Yoast SEO plugin v27.0 - https:\/\/yoast.com\/product\/yoast-seo-wordpress\/ -->\n<title>D\u00f6vl\u0259t Komit\u0259sinin s\u0259dri Z\u0259rdab rayonunda v\u0259t\u0259nda\u015flar\u0131n m\u00fcraci\u0259tl\u0259rini dinl\u0259yib - Z\u0259rdab.com<\/title>\n<meta name=\"robots\" content=\"index, follow, max-snippet:-1, max-image-preview:large, max-video-preview:-1\" \/>\n<link rel=\"canonical\" href=\"https:\/\/www.zerdab.com\/?p=31546\" \/>\n<meta property=\"og:locale\" content=\"az_AZ\" \/>\n<meta property=\"og:type\" content=\"article\" \/>\n<meta property=\"og:title\" content=\"D\u00f6vl\u0259t Komit\u0259sinin s\u0259dri Z\u0259rdab rayonunda v\u0259t\u0259nda\u015flar\u0131n m\u00fcraci\u0259tl\u0259rini dinl\u0259yib - Z\u0259rdab.com\" \/>\n<meta property=\"og:description\" content=\"M\u0259rk\u0259zi icra hakimiyy\u0259ti orqanlar\u0131 v\u0259 dig\u0259r idar\u0259etm\u0259 qurumlar\u0131n\u0131n r\u0259hb\u0259rl\u0259rinin \u015f\u0259h\u0259r v\u0259 rayonlarda v\u0259t\u0259nda\u015flar\u0131n q\u0259bulu c\u0259dv\u0259lin\u0259 uy\u011fun olaraq, Dini Qurumlarla \u0130\u015f \u00fczr\u0259 D\u00f6vl\u0259t Komit\u0259sinin s\u0259dri Ramin M\u0259mm\u0259dov Z\u0259rdab rayonunda v\u0259t\u0259nda\u015flar\u0131 q\u0259bul edib. Zerdab.com x\u0259b\u0259r verir ki, q\u0259buldan \u00f6nc\u0259 \u00dcmummilli Lider Heyd\u0259r \u018fliyevin Z\u0259rdab \u015f\u0259h\u0259rinin m\u0259rk\u0259zind\u0259 ucald\u0131lan abid\u0259si ziyar\u0259t edilib, xatir\u0259si ehtiramla yad olunub. Q\u0259bul zaman\u0131 G\u00f6y\u00e7ay, [&hellip;]\" \/>\n<meta property=\"og:url\" content=\"https:\/\/www.zerdab.com\/?p=31546\" \/>\n<meta property=\"og:site_name\" content=\"Z\u0259rdab.com\" \/>\n<meta property=\"article:published_time\" content=\"2025-04-14T01:42:47+00:00\" \/>\n<meta property=\"article:modified_time\" content=\"2025-04-14T11:53:13+00:00\" \/>\n<meta property=\"og:image\" content=\"http:\/\/www.zerdab.com\/wp-content\/uploads\/2025\/04\/zerdab-qebul-png-scaled.jpg\" \/>\n\t<meta property=\"og:image:width\" content=\"2560\" \/>\n\t<meta property=\"og:image:height\" content=\"1707\" \/>\n\t<meta property=\"og:image:type\" content=\"image\/jpeg\" \/>\n<meta name=\"author\" content=\"admin\" \/>\n<meta name=\"twitter:card\" content=\"summary_large_image\" \/>\n<meta name=\"twitter:label1\" content=\"Written by\" \/>\n\t<meta name=\"twitter:data1\" content=\"admin\" \/>\n\t<meta name=\"twitter:label2\" content=\"Est. reading time\" \/>\n\t<meta name=\"twitter:data2\" content=\"3 minutes\" \/>\n<script type=\"application\/ld+json\" class=\"yoast-schema-graph\">{\"@context\":\"https:\/\/schema.org\",\"@graph\":[{\"@type\":\"Article\",\"@id\":\"https:\/\/www.zerdab.com\/?p=31546#article\",\"isPartOf\":{\"@id\":\"https:\/\/www.zerdab.com\/?p=31546\"},\"author\":{\"name\":\"admin\",\"@id\":\"https:\/\/www.zerdab.com\/#\/schema\/person\/97079b7570c1e89ec0d9e138c3672136\"},\"headline\":\"D\u00f6vl\u0259t Komit\u0259sinin s\u0259dri Z\u0259rdab rayonunda v\u0259t\u0259nda\u015flar\u0131n m\u00fcraci\u0259tl\u0259rini dinl\u0259yib\",\"datePublished\":\"2025-04-14T01:42:47+00:00\",\"dateModified\":\"2025-04-14T11:53:13+00:00\",\"mainEntityOfPage\":{\"@id\":\"https:\/\/www.zerdab.com\/?p=31546\"},\"wordCount\":249,\"image\":{\"@id\":\"https:\/\/www.zerdab.com\/?p=31546#primaryimage\"},\"thumbnailUrl\":\"https:\/\/www.zerdab.com\/wp-content\/uploads\/2025\/04\/zerdab-qebul-png-scaled.jpg\",\"articleSection\":[\"MAN\u015eET\",\"X\u018fB\u018fRL\u018fR\"],\"inLanguage\":\"az\"},{\"@type\":\"WebPage\",\"@id\":\"https:\/\/www.zerdab.com\/?p=31546\",\"url\":\"https:\/\/www.zerdab.com\/?p=31546\",\"name\":\"D\u00f6vl\u0259t Komit\u0259sinin s\u0259dri Z\u0259rdab rayonunda v\u0259t\u0259nda\u015flar\u0131n m\u00fcraci\u0259tl\u0259rini dinl\u0259yib - Z\u0259rdab.com\",\"isPartOf\":{\"@id\":\"https:\/\/www.zerdab.com\/#website\"},\"primaryImageOfPage\":{\"@id\":\"https:\/\/www.zerdab.com\/?p=31546#primaryimage\"},\"image\":{\"@id\":\"https:\/\/www.zerdab.com\/?p=31546#primaryimage\"},\"thumbnailUrl\":\"https:\/\/www.zerdab.com\/wp-content\/uploads\/2025\/04\/zerdab-qebul-png-scaled.jpg\",\"datePublished\":\"2025-04-14T01:42:47+00:00\",\"dateModified\":\"2025-04-14T11:53:13+00:00\",\"author\":{\"@id\":\"https:\/\/www.zerdab.com\/#\/schema\/person\/97079b7570c1e89ec0d9e138c3672136\"},\"breadcrumb\":{\"@id\":\"https:\/\/www.zerdab.com\/?p=31546#breadcrumb\"},\"inLanguage\":\"az\",\"potentialAction\":[{\"@type\":\"ReadAction\",\"target\":[\"https:\/\/www.zerdab.com\/?p=31546\"]}]},{\"@type\":\"ImageObject\",\"inLanguage\":\"az\",\"@id\":\"https:\/\/www.zerdab.com\/?p=31546#primaryimage\",\"url\":\"https:\/\/www.zerdab.com\/wp-content\/uploads\/2025\/04\/zerdab-qebul-png-scaled.jpg\",\"contentUrl\":\"https:\/\/www.zerdab.com\/wp-content\/uploads\/2025\/04\/zerdab-qebul-png-scaled.jpg\",\"width\":2560,\"height\":1707},{\"@type\":\"BreadcrumbList\",\"@id\":\"https:\/\/www.zerdab.com\/?p=31546#breadcrumb\",\"itemListElement\":[{\"@type\":\"ListItem\",\"position\":1,\"name\":\"Home\",\"item\":\"https:\/\/www.zerdab.com\/\"},{\"@type\":\"ListItem\",\"position\":2,\"name\":\"D\u00f6vl\u0259t Komit\u0259sinin s\u0259dri Z\u0259rdab rayonunda v\u0259t\u0259nda\u015flar\u0131n m\u00fcraci\u0259tl\u0259rini dinl\u0259yib\"}]},{\"@type\":\"WebSite\",\"@id\":\"https:\/\/www.zerdab.com\/#website\",\"url\":\"https:\/\/www.zerdab.com\/\",\"name\":\"Z\u0259rdab.com\",\"description\":\"\",\"potentialAction\":[{\"@type\":\"SearchAction\",\"target\":{\"@type\":\"EntryPoint\",\"urlTemplate\":\"https:\/\/www.zerdab.com\/?s={search_term_string}\"},\"query-input\":{\"@type\":\"PropertyValueSpecification\",\"valueRequired\":true,\"valueName\":\"search_term_string\"}}],\"inLanguage\":\"az\"},{\"@type\":\"Person\",\"@id\":\"https:\/\/www.zerdab.com\/#\/schema\/person\/97079b7570c1e89ec0d9e138c3672136\",\"name\":\"admin\",\"image\":{\"@type\":\"ImageObject\",\"inLanguage\":\"az\",\"@id\":\"https:\/\/www.zerdab.com\/#\/schema\/person\/image\/\",\"url\":\"https:\/\/secure.gravatar.com\/avatar\/d9c52a9a27c32119cb6679a077fa3e2779e5f822c451cbf01098004361d466ec?s=96&d=mm&r=g\",\"contentUrl\":\"https:\/\/secure.gravatar.com\/avatar\/d9c52a9a27c32119cb6679a077fa3e2779e5f822c451cbf01098004361d466ec?s=96&d=mm&r=g\",\"caption\":\"admin\"},\"url\":\"https:\/\/www.zerdab.com\/?author=1\"}]}<\/script>\n<!-- \/ Yoast SEO plugin. -->","yoast_head_json":{"title":"D\u00f6vl\u0259t Komit\u0259sinin s\u0259dri Z\u0259rdab rayonunda v\u0259t\u0259nda\u015flar\u0131n m\u00fcraci\u0259tl\u0259rini dinl\u0259yib - Z\u0259rdab.com","robots":{"index":"index","follow":"follow","max-snippet":"max-snippet:-1","max-image-preview":"max-image-preview:large","max-video-preview":"max-video-preview:-1"},"canonical":"https:\/\/www.zerdab.com\/?p=31546","og_locale":"az_AZ","og_type":"article","og_title":"D\u00f6vl\u0259t Komit\u0259sinin s\u0259dri Z\u0259rdab rayonunda v\u0259t\u0259nda\u015flar\u0131n m\u00fcraci\u0259tl\u0259rini dinl\u0259yib - Z\u0259rdab.com","og_description":"M\u0259rk\u0259zi icra hakimiyy\u0259ti orqanlar\u0131 v\u0259 dig\u0259r idar\u0259etm\u0259 qurumlar\u0131n\u0131n r\u0259hb\u0259rl\u0259rinin \u015f\u0259h\u0259r v\u0259 rayonlarda v\u0259t\u0259nda\u015flar\u0131n q\u0259bulu c\u0259dv\u0259lin\u0259 uy\u011fun olaraq, Dini Qurumlarla \u0130\u015f \u00fczr\u0259 D\u00f6vl\u0259t Komit\u0259sinin s\u0259dri Ramin M\u0259mm\u0259dov Z\u0259rdab rayonunda v\u0259t\u0259nda\u015flar\u0131 q\u0259bul edib. Zerdab.com x\u0259b\u0259r verir ki, q\u0259buldan \u00f6nc\u0259 \u00dcmummilli Lider Heyd\u0259r \u018fliyevin Z\u0259rdab \u015f\u0259h\u0259rinin m\u0259rk\u0259zind\u0259 ucald\u0131lan abid\u0259si ziyar\u0259t edilib, xatir\u0259si ehtiramla yad olunub. Q\u0259bul zaman\u0131 G\u00f6y\u00e7ay, [&hellip;]","og_url":"https:\/\/www.zerdab.com\/?p=31546","og_site_name":"Z\u0259rdab.com","article_published_time":"2025-04-14T01:42:47+00:00","article_modified_time":"2025-04-14T11:53:13+00:00","og_image":[{"width":2560,"height":1707,"url":"http:\/\/www.zerdab.com\/wp-content\/uploads\/2025\/04\/zerdab-qebul-png-scaled.jpg","type":"image\/jpeg"}],"author":"admin","twitter_card":"summary_large_image","twitter_misc":{"Written by":"admin","Est. reading time":"3 minutes"},"schema":{"@context":"https:\/\/schema.org","@graph":[{"@type":"Article","@id":"https:\/\/www.zerdab.com\/?p=31546#article","isPartOf":{"@id":"https:\/\/www.zerdab.com\/?p=31546"},"author":{"name":"admin","@id":"https:\/\/www.zerdab.com\/#\/schema\/person\/97079b7570c1e89ec0d9e138c3672136"},"headline":"D\u00f6vl\u0259t Komit\u0259sinin s\u0259dri Z\u0259rdab rayonunda v\u0259t\u0259nda\u015flar\u0131n m\u00fcraci\u0259tl\u0259rini dinl\u0259yib","datePublished":"2025-04-14T01:42:47+00:00","dateModified":"2025-04-14T11:53:13+00:00","mainEntityOfPage":{"@id":"https:\/\/www.zerdab.com\/?p=31546"},"wordCount":249,"image":{"@id":"https:\/\/www.zerdab.com\/?p=31546#primaryimage"},"thumbnailUrl":"https:\/\/www.zerdab.com\/wp-content\/uploads\/2025\/04\/zerdab-qebul-png-scaled.jpg","articleSection":["MAN\u015eET","X\u018fB\u018fRL\u018fR"],"inLanguage":"az"},{"@type":"WebPage","@id":"https:\/\/www.zerdab.com\/?p=31546","url":"https:\/\/www.zerdab.com\/?p=31546","name":"D\u00f6vl\u0259t Komit\u0259sinin s\u0259dri Z\u0259rdab rayonunda v\u0259t\u0259nda\u015flar\u0131n m\u00fcraci\u0259tl\u0259rini dinl\u0259yib - Z\u0259rdab.com","isPartOf":{"@id":"https:\/\/www.zerdab.com\/#website"},"primaryImageOfPage":{"@id":"https:\/\/www.zerdab.com\/?p=31546#primaryimage"},"image":{"@id":"https:\/\/www.zerdab.com\/?p=31546#primaryimage"},"thumbnailUrl":"https:\/\/www.zerdab.com\/wp-content\/uploads\/2025\/04\/zerdab-qebul-png-scaled.jpg","datePublished":"2025-04-14T01:42:47+00:00","dateModified":"2025-04-14T11:53:13+00:00","author":{"@id":"https:\/\/www.zerdab.com\/#\/schema\/person\/97079b7570c1e89ec0d9e138c3672136"},"breadcrumb":{"@id":"https:\/\/www.zerdab.com\/?p=31546#breadcrumb"},"inLanguage":"az","potentialAction":[{"@type":"ReadAction","target":["https:\/\/www.zerdab.com\/?p=31546"]}]},{"@type":"ImageObject","inLanguage":"az","@id":"https:\/\/www.zerdab.com\/?p=31546#primaryimage","url":"https:\/\/www.zerdab.com\/wp-content\/uploads\/2025\/04\/zerdab-qebul-png-scaled.jpg","contentUrl":"https:\/\/www.zerdab.com\/wp-content\/uploads\/2025\/04\/zerdab-qebul-png-scaled.jpg","width":2560,"height":1707},{"@type":"BreadcrumbList","@id":"https:\/\/www.zerdab.com\/?p=31546#breadcrumb","itemListElement":[{"@type":"ListItem","position":1,"name":"Home","item":"https:\/\/www.zerdab.com\/"},{"@type":"ListItem","position":2,"name":"D\u00f6vl\u0259t Komit\u0259sinin s\u0259dri Z\u0259rdab rayonunda v\u0259t\u0259nda\u015flar\u0131n m\u00fcraci\u0259tl\u0259rini dinl\u0259yib"}]},{"@type":"WebSite","@id":"https:\/\/www.zerdab.com\/#website","url":"https:\/\/www.zerdab.com\/","name":"Z\u0259rdab.com","description":"","potentialAction":[{"@type":"SearchAction","target":{"@type":"EntryPoint","urlTemplate":"https:\/\/www.zerdab.com\/?s={search_term_string}"},"query-input":{"@type":"PropertyValueSpecification","valueRequired":true,"valueName":"search_term_string"}}],"inLanguage":"az"},{"@type":"Person","@id":"https:\/\/www.zerdab.com\/#\/schema\/person\/97079b7570c1e89ec0d9e138c3672136","name":"admin","image":{"@type":"ImageObject","inLanguage":"az","@id":"https:\/\/www.zerdab.com\/#\/schema\/person\/image\/","url":"https:\/\/secure.gravatar.com\/avatar\/d9c52a9a27c32119cb6679a077fa3e2779e5f822c451cbf01098004361d466ec?s=96&d=mm&r=g","contentUrl":"https:\/\/secure.gravatar.com\/avatar\/d9c52a9a27c32119cb6679a077fa3e2779e5f822c451cbf01098004361d466ec?s=96&d=mm&r=g","caption":"admin"},"url":"https:\/\/www.zerdab.com\/?author=1"}]}},"_links":{"self":[{"href":"https:\/\/www.zerdab.com\/index.php?rest_route=\/wp\/v2\/posts\/31546","targetHints":{"allow":["GET"]}}],"collection":[{"href":"https:\/\/www.zerdab.com\/index.php?rest_route=\/wp\/v2\/posts"}],"about":[{"href":"https:\/\/www.zerdab.com\/index.php?rest_route=\/wp\/v2\/types\/post"}],"author":[{"embeddable":true,"href":"https:\/\/www.zerdab.com\/index.php?rest_route=\/wp\/v2\/users\/1"}],"replies":[{"embeddable":true,"href":"https:\/\/www.zerdab.com\/index.php?rest_route=%2Fwp%2Fv2%2Fcomments&post=31546"}],"version-history":[{"count":4,"href":"https:\/\/www.zerdab.com\/index.php?rest_route=\/wp\/v2\/posts\/31546\/revisions"}],"predecessor-version":[{"id":31551,"href":"https:\/\/www.zerdab.com\/index.php?rest_route=\/wp\/v2\/posts\/31546\/revisions\/31551"}],"wp:featuredmedia":[{"embeddable":true,"href":"https:\/\/www.zerdab.com\/index.php?rest_route=\/wp\/v2\/media\/31547"}],"wp:attachment":[{"href":"https:\/\/www.zerdab.com\/index.php?rest_route=%2Fwp%2Fv2%2Fmedia&parent=31546"}],"wp:term":[{"taxonomy":"category","embeddable":true,"href":"https:\/\/www.zerdab.com\/index.php?rest_route=%2Fwp%2Fv2%2Fcategories&post=31546"},{"taxonomy":"post_tag","embeddable":true,"href":"https:\/\/www.zerdab.com\/index.php?rest_route=%2Fwp%2Fv2%2Ftags&post=31546"}],"curies":[{"name":"wp","href":"https:\/\/api.w.org\/{rel}","templated":true}]}}