{"id":31552,"date":"2025-04-14T00:00:36","date_gmt":"2025-04-13T20:00:36","guid":{"rendered":"https:\/\/www.zerdab.com\/?p=31552"},"modified":"2025-04-14T16:01:11","modified_gmt":"2025-04-14T12:01:11","slug":"dovl%c9%99t-komit%c9%99sinin-s%c9%99dri-z%c9%99rdab-rayonunda-yerl%c9%99s%c9%99n-m%c9%99scidl%c9%99rin-f%c9%99aliyy%c9%99ti-il%c9%99-tanis-olub","status":"publish","type":"post","link":"https:\/\/www.zerdab.com\/?p=31552","title":{"rendered":"D\u00f6vl\u0259t Komit\u0259sinin s\u0259dri Z\u0259rdab rayonunda yerl\u0259\u015f\u0259n m\u0259scidl\u0259rin f\u0259aliyy\u0259ti il\u0259 tan\u0131\u015f olub"},"content":{"rendered":"<div class=\"single-page-text table-responsive\">\n<p>Dini Qurumlarla \u0130\u015f \u00fczr\u0259 D\u00f6vl\u0259t Komit\u0259sinin s\u0259dri Ramin M\u0259mm\u0259dov Z\u0259rdab \u015f\u0259h\u0259r C\u00fcm\u0259 m\u0259scidi, Z\u0259rdab rayonu \u00a0G\u0259lm\u0259 v\u0259 \u00a0\u018flib\u0259yli k\u0259nd m\u0259scidl\u0259rini ziyar\u0259t edib.<\/p>\n<p><strong>Zerdab.com<\/strong>\u00a0x\u0259b\u0259r verir ki,\u00a0D\u00f6vl\u0259t Komit\u0259sinin s\u0259dri m\u0259scidl\u0259rd\u0259 f\u0259aliyy\u0259t g\u00f6st\u0259r\u0259n din xadiml\u0259ri il\u0259 g\u00f6r\u00fc\u015fd\u0259 \u00dcmummilli Lider Heyd\u0259r \u018fliyevin Az\u0259rbaycanda dini etiqad azadl\u0131\u011f\u0131n\u0131n t\u0259min olunmas\u0131, milli-m\u0259n\u0259vi d\u0259y\u0259rl\u0259rimizin qorunmas\u0131, tarixi-dini abid\u0259l\u0259rimizin b\u0259rpas\u0131 sah\u0259sind\u0259ki xidm\u0259tl\u0259ri haqq\u0131nda dan\u0131\u015f\u0131b.\u00a0 Bu uzaqg\u00f6r\u0259n siyas\u0259tin Prezident c\u0259nab \u0130lham \u018fliyev t\u0259r\u0259find\u0259n u\u011furla davam etdirildiyini, \u00f6lk\u0259mizd\u0259 d\u00f6vl\u0259t-din m\u00fcnasib\u0259tl\u0259rinin \u0259n y\u00fcks\u0259k s\u0259viyy\u0259d\u0259 t\u0259nziml\u0259nm\u0259sin\u0259 nail olundu\u011funu bildirib.<\/p>\n<p>Komit\u0259 s\u0259dri multikultural d\u0259y\u0259rl\u0259rin qorunmas\u0131nda, tolerantl\u0131q m\u00fchitinin, milli-m\u0259n\u0259vi d\u0259y\u0259rl\u0259r\u0259 ba\u011fl\u0131l\u0131\u011f\u0131n g\u00fccl\u0259ndirilm\u0259sind\u0259 dini maarifl\u0259ndirm\u0259 t\u0259dbirl\u0259rinin, din xadiml\u0259rinin f\u0259all\u0131\u011f\u0131n\u0131n b\u00f6y\u00fck \u0259h\u0259miyy\u0259t da\u015f\u0131d\u0131\u011f\u0131n\u0131 s\u00f6yl\u0259yib. \u00d6lk\u0259mizd\u0259 m\u00fcxt\u0259lif dinl\u0259r\u0259 aid ibad\u0259t evl\u0259rinin, o c\u00fcml\u0259d\u0259n m\u0259scid, kils\u0259 v\u0259 sinaqoqlar\u0131n f\u0259aliyy\u0259ti, insanlar\u0131n dini etiqad azadl\u0131\u011f\u0131n\u0131n t\u0259min olunmas\u0131 \u00fc\u00e7\u00fcn h\u0259r c\u00fcr \u015f\u0259rait yarad\u0131ld\u0131\u011f\u0131n\u0131 bildirib. Din xadiml\u0259rinin pe\u015f\u0259karl\u0131q s\u0259viyy\u0259sinin art\u0131r\u0131lmas\u0131n\u0131n vacibliyin\u0259 toxunan Ramin M\u0259mm\u0259dov onlar\u0131n s\u0259m\u0259r\u0259li f\u0259aliyy\u0259tinin t\u0259\u015fkili il\u0259 ba\u011fl\u0131 fikirl\u0259rini b\u00f6l\u00fc\u015f\u00fcb.<\/p>\n<p>Din xadiml\u0259ri z\u0259r\u0259rli dini meyill\u0259rl\u0259 m\u00fcbariz\u0259nin g\u00fccl\u0259ndirilm\u0259si, xurafat\u0131n qar\u015f\u0131s\u0131n\u0131n al\u0131nmas\u0131, dini-ideoloji t\u0259bli\u011fat sah\u0259sind\u0259 maarifl\u0259ndirm\u0259 i\u015fl\u0259rinin \u0259hat\u0259 sferas\u0131n\u0131n daha da geni\u015fl\u0259ndirilm\u0259si il\u0259 ba\u011fl\u0131 t\u0259klifl\u0259rini s\u0259sl\u0259ndiribl\u0259r. Az\u0259rbaycan Respublikas\u0131n\u0131n Prezidenti c\u0259nab \u0130lham \u018fliyevin r\u0259hb\u0259rliyi il\u0259 din xadiml\u0259rinin sosial m\u00fcdafi\u0259sinin g\u00fccl\u0259ndirilm\u0259si, dini icmalar\u0131n f\u0259aliyy\u0259ti \u00fc\u00e7\u00fcn daha yax\u015f\u0131 \u015f\u0259raitin yarad\u0131lmas\u0131 sah\u0259sind\u0259 h\u0259yata ke\u00e7iril\u0259n t\u0259dbirl\u0259rind\u0259n raz\u0131l\u0131qlar\u0131n\u0131 ifad\u0259 edibl\u0259r.<\/p>\n<\/div>\n<div class=\"single-page-images\">\n<div class=\"gallery gallery-item\">\n<div class=\"row\">\n<div class=\"col-xxl-3 col-xl-3 col-lg-4 col-md-6 col-sm-6 col-6\"><\/div>\n<div class=\"col-xxl-3 col-xl-3 col-lg-4 col-md-6 col-sm-6 col-6\"><a class=\"gallery-a\" href=\"https:\/\/scara.gov.az\/storage\/postImage\/nij07600jpg_08-04-2025_18-08-50.jpg\" rel=\"prettyPhoto&lt;p data-wpview-marker=\"><img decoding=\"async\" class=\"img-thumbnail\" src=\"https:\/\/scara.gov.az\/storage\/postImage\/nij07600jpg_08-04-2025_18-08-50.jpg\" \/><\/a><\/div>\n<div class=\"col-xxl-3 col-xl-3 col-lg-4 col-md-6 col-sm-6 col-6\"><a class=\"gallery-a\" href=\"https:\/\/scara.gov.az\/storage\/postImage\/nij07607jpg_08-04-2025_18-08-39.jpg\" rel=\"prettyPhoto&lt;p data-wpview-marker=\"><img decoding=\"async\" class=\"img-thumbnail\" src=\"https:\/\/scara.gov.az\/storage\/postImage\/nij07607jpg_08-04-2025_18-08-39.jpg\" \/><\/a><\/div>\n<div class=\"col-xxl-3 col-xl-3 col-lg-4 col-md-6 col-sm-6 col-6\"><a class=\"gallery-a\" href=\"https:\/\/scara.gov.az\/storage\/postImage\/nij07631jpg_08-04-2025_18-08-27.jpg\" rel=\"prettyPhoto&lt;p data-wpview-marker=\"><img decoding=\"async\" class=\"img-thumbnail\" src=\"https:\/\/scara.gov.az\/storage\/postImage\/nij07631jpg_08-04-2025_18-08-27.jpg\" \/><\/a><\/div>\n<div class=\"col-xxl-3 col-xl-3 col-lg-4 col-md-6 col-sm-6 col-6\"><a class=\"gallery-a\" href=\"https:\/\/scara.gov.az\/storage\/postImage\/nij07595jpg_08-04-2025_18-08-16.jpg\" rel=\"prettyPhoto&lt;p data-wpview-marker=\"><img decoding=\"async\" class=\"img-thumbnail\" src=\"https:\/\/scara.gov.az\/storage\/postImage\/nij07595jpg_08-04-2025_18-08-16.jpg\" \/><\/a><\/div>\n<div class=\"col-xxl-3 col-xl-3 col-lg-4 col-md-6 col-sm-6 col-6\"><a class=\"gallery-a\" href=\"https:\/\/scara.gov.az\/storage\/postImage\/nij07677jpg_08-04-2025_18-07-30.jpg\" rel=\"prettyPhoto&lt;p data-wpview-marker=\"><img decoding=\"async\" class=\"img-thumbnail\" src=\"https:\/\/scara.gov.az\/storage\/postImage\/nij07677jpg_08-04-2025_18-07-30.jpg\" \/><\/a><a class=\"gallery-a\" href=\"https:\/\/scara.gov.az\/storage\/postImage\/nij07647jpg_08-04-2025_18-07-20.jpg\" rel=\"prettyPhoto&lt;p data-wpview-marker=\"><img decoding=\"async\" class=\"img-thumbnail\" src=\"https:\/\/scara.gov.az\/storage\/postImage\/nij07647jpg_08-04-2025_18-07-20.jpg\" \/><\/a><\/div>\n<div class=\"col-xxl-3 col-xl-3 col-lg-4 col-md-6 col-sm-6 col-6\"><a class=\"gallery-a\" href=\"https:\/\/scara.gov.az\/storage\/postImage\/nij07652jpg_08-04-2025_18-07-08.jpg\" rel=\"prettyPhoto&lt;p data-wpview-marker=\"><img decoding=\"async\" class=\"img-thumbnail\" src=\"https:\/\/scara.gov.az\/storage\/postImage\/nij07652jpg_08-04-2025_18-07-08.jpg\" \/><\/a><\/div>\n<div class=\"col-xxl-3 col-xl-3 col-lg-4 col-md-6 col-sm-6 col-6\"><a class=\"gallery-a\" href=\"https:\/\/scara.gov.az\/storage\/postImage\/nij07655jpg_08-04-2025_18-06-56.jpg\" rel=\"prettyPhoto&lt;p data-wpview-marker=\"><img decoding=\"async\" class=\"img-thumbnail\" src=\"https:\/\/scara.gov.az\/storage\/postImage\/nij07655jpg_08-04-2025_18-06-56.jpg\" \/><\/a><\/div>\n<div class=\"col-xxl-3 col-xl-3 col-lg-4 col-md-6 col-sm-6 col-6\"><a class=\"gallery-a\" href=\"https:\/\/scara.gov.az\/storage\/postImage\/nij07672jpg_08-04-2025_18-06-44.jpg\" rel=\"prettyPhoto&lt;p data-wpview-marker=\"><img decoding=\"async\" class=\"img-thumbnail\" src=\"https:\/\/scara.gov.az\/storage\/postImage\/nij07672jpg_08-04-2025_18-06-44.jpg\" \/><\/a><\/div>\n<div class=\"col-xxl-3 col-xl-3 col-lg-4 col-md-6 col-sm-6 col-6\"><a class=\"gallery-a\" href=\"https:\/\/scara.gov.az\/storage\/postImage\/nij07720jpg_08-04-2025_18-06-21.jpg\" rel=\"prettyPhoto&lt;p data-wpview-marker=\"><img decoding=\"async\" class=\"img-thumbnail\" src=\"https:\/\/scara.gov.az\/storage\/postImage\/nij07720jpg_08-04-2025_18-06-21.jpg\" \/><\/a><\/div>\n<div class=\"col-xxl-3 col-xl-3 col-lg-4 col-md-6 col-sm-6 col-6\"><a class=\"gallery-a\" href=\"https:\/\/scara.gov.az\/storage\/postImage\/nij07705jpg_08-04-2025_18-06-03.jpg\" rel=\"prettyPhoto&lt;p data-wpview-marker=\"><img decoding=\"async\" class=\"img-thumbnail\" src=\"https:\/\/scara.gov.az\/storage\/postImage\/nij07705jpg_08-04-2025_18-06-03.jpg\" \/><\/a><\/div>\n<div class=\"col-xxl-3 col-xl-3 col-lg-4 col-md-6 col-sm-6 col-6\"><a class=\"gallery-a\" href=\"https:\/\/scara.gov.az\/storage\/postImage\/nij07696jpg_08-04-2025_18-05-50.jpg\" rel=\"prettyPhoto&lt;p data-wpview-marker=\"><img decoding=\"async\" class=\"img-thumbnail\" src=\"https:\/\/scara.gov.az\/storage\/postImage\/nij07696jpg_08-04-2025_18-05-50.jpg\" \/><\/a><\/div>\n<\/div>\n<\/div>\n<\/div>\n","protected":false},"excerpt":{"rendered":"<p>Dini Qurumlarla \u0130\u015f \u00fczr\u0259 D\u00f6vl\u0259t Komit\u0259sinin s\u0259dri Ramin M\u0259mm\u0259dov Z\u0259rdab \u015f\u0259h\u0259r C\u00fcm\u0259 m\u0259scidi, Z\u0259rdab rayonu \u00a0G\u0259lm\u0259 v\u0259 \u00a0\u018flib\u0259yli k\u0259nd m\u0259scidl\u0259rini ziyar\u0259t edib. Zerdab.com\u00a0x\u0259b\u0259r verir ki,\u00a0D\u00f6vl\u0259t Komit\u0259sinin s\u0259dri m\u0259scidl\u0259rd\u0259 f\u0259aliyy\u0259t g\u00f6st\u0259r\u0259n din xadiml\u0259ri il\u0259 g\u00f6r\u00fc\u015fd\u0259 \u00dcmummilli Lider Heyd\u0259r \u018fliyevin Az\u0259rbaycanda dini etiqad azadl\u0131\u011f\u0131n\u0131n t\u0259min olunmas\u0131, milli-m\u0259n\u0259vi d\u0259y\u0259rl\u0259rimizin qorunmas\u0131, tarixi-dini abid\u0259l\u0259rimizin b\u0259rpas\u0131 sah\u0259sind\u0259ki xidm\u0259tl\u0259ri haqq\u0131nda dan\u0131\u015f\u0131b.\u00a0 Bu [&hellip;]<\/p>\n","protected":false},"author":1,"featured_media":31553,"comment_status":"closed","ping_status":"closed","sticky":false,"template":"","format":"standard","meta":{"footnotes":""},"categories":[63,5],"tags":[],"class_list":{"0":"post-31552","1":"post","2":"type-post","3":"status-publish","4":"format-standard","5":"has-post-thumbnail","7":"category-manset","8":"category-knd"},"yoast_head":"<!-- This site is optimized with the Yoast SEO plugin v27.0 - https:\/\/yoast.com\/product\/yoast-seo-wordpress\/ -->\n<title>D\u00f6vl\u0259t Komit\u0259sinin s\u0259dri Z\u0259rdab rayonunda yerl\u0259\u015f\u0259n m\u0259scidl\u0259rin f\u0259aliyy\u0259ti il\u0259 tan\u0131\u015f olub - Z\u0259rdab.com<\/title>\n<meta name=\"robots\" content=\"index, follow, max-snippet:-1, max-image-preview:large, max-video-preview:-1\" \/>\n<link rel=\"canonical\" href=\"https:\/\/www.zerdab.com\/?p=31552\" \/>\n<meta property=\"og:locale\" content=\"az_AZ\" \/>\n<meta property=\"og:type\" content=\"article\" \/>\n<meta property=\"og:title\" content=\"D\u00f6vl\u0259t Komit\u0259sinin s\u0259dri Z\u0259rdab rayonunda yerl\u0259\u015f\u0259n m\u0259scidl\u0259rin f\u0259aliyy\u0259ti il\u0259 tan\u0131\u015f olub - Z\u0259rdab.com\" \/>\n<meta property=\"og:description\" content=\"Dini Qurumlarla \u0130\u015f \u00fczr\u0259 D\u00f6vl\u0259t Komit\u0259sinin s\u0259dri Ramin M\u0259mm\u0259dov Z\u0259rdab \u015f\u0259h\u0259r C\u00fcm\u0259 m\u0259scidi, Z\u0259rdab rayonu \u00a0G\u0259lm\u0259 v\u0259 \u00a0\u018flib\u0259yli k\u0259nd m\u0259scidl\u0259rini ziyar\u0259t edib. Zerdab.com\u00a0x\u0259b\u0259r verir ki,\u00a0D\u00f6vl\u0259t Komit\u0259sinin s\u0259dri m\u0259scidl\u0259rd\u0259 f\u0259aliyy\u0259t g\u00f6st\u0259r\u0259n din xadiml\u0259ri il\u0259 g\u00f6r\u00fc\u015fd\u0259 \u00dcmummilli Lider Heyd\u0259r \u018fliyevin Az\u0259rbaycanda dini etiqad azadl\u0131\u011f\u0131n\u0131n t\u0259min olunmas\u0131, milli-m\u0259n\u0259vi d\u0259y\u0259rl\u0259rimizin qorunmas\u0131, tarixi-dini abid\u0259l\u0259rimizin b\u0259rpas\u0131 sah\u0259sind\u0259ki xidm\u0259tl\u0259ri haqq\u0131nda dan\u0131\u015f\u0131b.\u00a0 Bu [&hellip;]\" \/>\n<meta property=\"og:url\" content=\"https:\/\/www.zerdab.com\/?p=31552\" \/>\n<meta property=\"og:site_name\" content=\"Z\u0259rdab.com\" \/>\n<meta property=\"article:published_time\" content=\"2025-04-13T20:00:36+00:00\" \/>\n<meta property=\"article:modified_time\" content=\"2025-04-14T12:01:11+00:00\" \/>\n<meta property=\"og:image\" content=\"http:\/\/www.zerdab.com\/wp-content\/uploads\/2025\/04\/zerdab-mescid-png-scaled.jpg\" \/>\n\t<meta property=\"og:image:width\" content=\"2560\" \/>\n\t<meta property=\"og:image:height\" content=\"1707\" \/>\n\t<meta property=\"og:image:type\" content=\"image\/jpeg\" \/>\n<meta name=\"author\" content=\"admin\" \/>\n<meta name=\"twitter:card\" content=\"summary_large_image\" \/>\n<meta name=\"twitter:label1\" content=\"Written by\" \/>\n\t<meta name=\"twitter:data1\" content=\"admin\" \/>\n\t<meta name=\"twitter:label2\" content=\"Est. reading time\" \/>\n\t<meta name=\"twitter:data2\" content=\"4 minutes\" \/>\n<script type=\"application\/ld+json\" class=\"yoast-schema-graph\">{\"@context\":\"https:\/\/schema.org\",\"@graph\":[{\"@type\":\"Article\",\"@id\":\"https:\/\/www.zerdab.com\/?p=31552#article\",\"isPartOf\":{\"@id\":\"https:\/\/www.zerdab.com\/?p=31552\"},\"author\":{\"name\":\"admin\",\"@id\":\"https:\/\/www.zerdab.com\/#\/schema\/person\/97079b7570c1e89ec0d9e138c3672136\"},\"headline\":\"D\u00f6vl\u0259t Komit\u0259sinin s\u0259dri Z\u0259rdab rayonunda yerl\u0259\u015f\u0259n m\u0259scidl\u0259rin f\u0259aliyy\u0259ti il\u0259 tan\u0131\u015f olub\",\"datePublished\":\"2025-04-13T20:00:36+00:00\",\"dateModified\":\"2025-04-14T12:01:11+00:00\",\"mainEntityOfPage\":{\"@id\":\"https:\/\/www.zerdab.com\/?p=31552\"},\"wordCount\":421,\"image\":{\"@id\":\"https:\/\/www.zerdab.com\/?p=31552#primaryimage\"},\"thumbnailUrl\":\"https:\/\/www.zerdab.com\/wp-content\/uploads\/2025\/04\/zerdab-mescid-png-scaled.jpg\",\"articleSection\":[\"MAN\u015eET\",\"X\u018fB\u018fRL\u018fR\"],\"inLanguage\":\"az\"},{\"@type\":\"WebPage\",\"@id\":\"https:\/\/www.zerdab.com\/?p=31552\",\"url\":\"https:\/\/www.zerdab.com\/?p=31552\",\"name\":\"D\u00f6vl\u0259t Komit\u0259sinin s\u0259dri Z\u0259rdab rayonunda yerl\u0259\u015f\u0259n m\u0259scidl\u0259rin f\u0259aliyy\u0259ti il\u0259 tan\u0131\u015f olub - Z\u0259rdab.com\",\"isPartOf\":{\"@id\":\"https:\/\/www.zerdab.com\/#website\"},\"primaryImageOfPage\":{\"@id\":\"https:\/\/www.zerdab.com\/?p=31552#primaryimage\"},\"image\":{\"@id\":\"https:\/\/www.zerdab.com\/?p=31552#primaryimage\"},\"thumbnailUrl\":\"https:\/\/www.zerdab.com\/wp-content\/uploads\/2025\/04\/zerdab-mescid-png-scaled.jpg\",\"datePublished\":\"2025-04-13T20:00:36+00:00\",\"dateModified\":\"2025-04-14T12:01:11+00:00\",\"author\":{\"@id\":\"https:\/\/www.zerdab.com\/#\/schema\/person\/97079b7570c1e89ec0d9e138c3672136\"},\"breadcrumb\":{\"@id\":\"https:\/\/www.zerdab.com\/?p=31552#breadcrumb\"},\"inLanguage\":\"az\",\"potentialAction\":[{\"@type\":\"ReadAction\",\"target\":[\"https:\/\/www.zerdab.com\/?p=31552\"]}]},{\"@type\":\"ImageObject\",\"inLanguage\":\"az\",\"@id\":\"https:\/\/www.zerdab.com\/?p=31552#primaryimage\",\"url\":\"https:\/\/www.zerdab.com\/wp-content\/uploads\/2025\/04\/zerdab-mescid-png-scaled.jpg\",\"contentUrl\":\"https:\/\/www.zerdab.com\/wp-content\/uploads\/2025\/04\/zerdab-mescid-png-scaled.jpg\",\"width\":2560,\"height\":1707},{\"@type\":\"BreadcrumbList\",\"@id\":\"https:\/\/www.zerdab.com\/?p=31552#breadcrumb\",\"itemListElement\":[{\"@type\":\"ListItem\",\"position\":1,\"name\":\"Home\",\"item\":\"https:\/\/www.zerdab.com\/\"},{\"@type\":\"ListItem\",\"position\":2,\"name\":\"D\u00f6vl\u0259t Komit\u0259sinin s\u0259dri Z\u0259rdab rayonunda yerl\u0259\u015f\u0259n m\u0259scidl\u0259rin f\u0259aliyy\u0259ti il\u0259 tan\u0131\u015f olub\"}]},{\"@type\":\"WebSite\",\"@id\":\"https:\/\/www.zerdab.com\/#website\",\"url\":\"https:\/\/www.zerdab.com\/\",\"name\":\"Z\u0259rdab.com\",\"description\":\"\",\"potentialAction\":[{\"@type\":\"SearchAction\",\"target\":{\"@type\":\"EntryPoint\",\"urlTemplate\":\"https:\/\/www.zerdab.com\/?s={search_term_string}\"},\"query-input\":{\"@type\":\"PropertyValueSpecification\",\"valueRequired\":true,\"valueName\":\"search_term_string\"}}],\"inLanguage\":\"az\"},{\"@type\":\"Person\",\"@id\":\"https:\/\/www.zerdab.com\/#\/schema\/person\/97079b7570c1e89ec0d9e138c3672136\",\"name\":\"admin\",\"image\":{\"@type\":\"ImageObject\",\"inLanguage\":\"az\",\"@id\":\"https:\/\/www.zerdab.com\/#\/schema\/person\/image\/\",\"url\":\"https:\/\/secure.gravatar.com\/avatar\/d9c52a9a27c32119cb6679a077fa3e2779e5f822c451cbf01098004361d466ec?s=96&d=mm&r=g\",\"contentUrl\":\"https:\/\/secure.gravatar.com\/avatar\/d9c52a9a27c32119cb6679a077fa3e2779e5f822c451cbf01098004361d466ec?s=96&d=mm&r=g\",\"caption\":\"admin\"},\"url\":\"https:\/\/www.zerdab.com\/?author=1\"}]}<\/script>\n<!-- \/ Yoast SEO plugin. -->","yoast_head_json":{"title":"D\u00f6vl\u0259t Komit\u0259sinin s\u0259dri Z\u0259rdab rayonunda yerl\u0259\u015f\u0259n m\u0259scidl\u0259rin f\u0259aliyy\u0259ti il\u0259 tan\u0131\u015f olub - Z\u0259rdab.com","robots":{"index":"index","follow":"follow","max-snippet":"max-snippet:-1","max-image-preview":"max-image-preview:large","max-video-preview":"max-video-preview:-1"},"canonical":"https:\/\/www.zerdab.com\/?p=31552","og_locale":"az_AZ","og_type":"article","og_title":"D\u00f6vl\u0259t Komit\u0259sinin s\u0259dri Z\u0259rdab rayonunda yerl\u0259\u015f\u0259n m\u0259scidl\u0259rin f\u0259aliyy\u0259ti il\u0259 tan\u0131\u015f olub - Z\u0259rdab.com","og_description":"Dini Qurumlarla \u0130\u015f \u00fczr\u0259 D\u00f6vl\u0259t Komit\u0259sinin s\u0259dri Ramin M\u0259mm\u0259dov Z\u0259rdab \u015f\u0259h\u0259r C\u00fcm\u0259 m\u0259scidi, Z\u0259rdab rayonu \u00a0G\u0259lm\u0259 v\u0259 \u00a0\u018flib\u0259yli k\u0259nd m\u0259scidl\u0259rini ziyar\u0259t edib. Zerdab.com\u00a0x\u0259b\u0259r verir ki,\u00a0D\u00f6vl\u0259t Komit\u0259sinin s\u0259dri m\u0259scidl\u0259rd\u0259 f\u0259aliyy\u0259t g\u00f6st\u0259r\u0259n din xadiml\u0259ri il\u0259 g\u00f6r\u00fc\u015fd\u0259 \u00dcmummilli Lider Heyd\u0259r \u018fliyevin Az\u0259rbaycanda dini etiqad azadl\u0131\u011f\u0131n\u0131n t\u0259min olunmas\u0131, milli-m\u0259n\u0259vi d\u0259y\u0259rl\u0259rimizin qorunmas\u0131, tarixi-dini abid\u0259l\u0259rimizin b\u0259rpas\u0131 sah\u0259sind\u0259ki xidm\u0259tl\u0259ri haqq\u0131nda dan\u0131\u015f\u0131b.\u00a0 Bu [&hellip;]","og_url":"https:\/\/www.zerdab.com\/?p=31552","og_site_name":"Z\u0259rdab.com","article_published_time":"2025-04-13T20:00:36+00:00","article_modified_time":"2025-04-14T12:01:11+00:00","og_image":[{"width":2560,"height":1707,"url":"http:\/\/www.zerdab.com\/wp-content\/uploads\/2025\/04\/zerdab-mescid-png-scaled.jpg","type":"image\/jpeg"}],"author":"admin","twitter_card":"summary_large_image","twitter_misc":{"Written by":"admin","Est. reading time":"4 minutes"},"schema":{"@context":"https:\/\/schema.org","@graph":[{"@type":"Article","@id":"https:\/\/www.zerdab.com\/?p=31552#article","isPartOf":{"@id":"https:\/\/www.zerdab.com\/?p=31552"},"author":{"name":"admin","@id":"https:\/\/www.zerdab.com\/#\/schema\/person\/97079b7570c1e89ec0d9e138c3672136"},"headline":"D\u00f6vl\u0259t Komit\u0259sinin s\u0259dri Z\u0259rdab rayonunda yerl\u0259\u015f\u0259n m\u0259scidl\u0259rin f\u0259aliyy\u0259ti il\u0259 tan\u0131\u015f olub","datePublished":"2025-04-13T20:00:36+00:00","dateModified":"2025-04-14T12:01:11+00:00","mainEntityOfPage":{"@id":"https:\/\/www.zerdab.com\/?p=31552"},"wordCount":421,"image":{"@id":"https:\/\/www.zerdab.com\/?p=31552#primaryimage"},"thumbnailUrl":"https:\/\/www.zerdab.com\/wp-content\/uploads\/2025\/04\/zerdab-mescid-png-scaled.jpg","articleSection":["MAN\u015eET","X\u018fB\u018fRL\u018fR"],"inLanguage":"az"},{"@type":"WebPage","@id":"https:\/\/www.zerdab.com\/?p=31552","url":"https:\/\/www.zerdab.com\/?p=31552","name":"D\u00f6vl\u0259t Komit\u0259sinin s\u0259dri Z\u0259rdab rayonunda yerl\u0259\u015f\u0259n m\u0259scidl\u0259rin f\u0259aliyy\u0259ti il\u0259 tan\u0131\u015f olub - Z\u0259rdab.com","isPartOf":{"@id":"https:\/\/www.zerdab.com\/#website"},"primaryImageOfPage":{"@id":"https:\/\/www.zerdab.com\/?p=31552#primaryimage"},"image":{"@id":"https:\/\/www.zerdab.com\/?p=31552#primaryimage"},"thumbnailUrl":"https:\/\/www.zerdab.com\/wp-content\/uploads\/2025\/04\/zerdab-mescid-png-scaled.jpg","datePublished":"2025-04-13T20:00:36+00:00","dateModified":"2025-04-14T12:01:11+00:00","author":{"@id":"https:\/\/www.zerdab.com\/#\/schema\/person\/97079b7570c1e89ec0d9e138c3672136"},"breadcrumb":{"@id":"https:\/\/www.zerdab.com\/?p=31552#breadcrumb"},"inLanguage":"az","potentialAction":[{"@type":"ReadAction","target":["https:\/\/www.zerdab.com\/?p=31552"]}]},{"@type":"ImageObject","inLanguage":"az","@id":"https:\/\/www.zerdab.com\/?p=31552#primaryimage","url":"https:\/\/www.zerdab.com\/wp-content\/uploads\/2025\/04\/zerdab-mescid-png-scaled.jpg","contentUrl":"https:\/\/www.zerdab.com\/wp-content\/uploads\/2025\/04\/zerdab-mescid-png-scaled.jpg","width":2560,"height":1707},{"@type":"BreadcrumbList","@id":"https:\/\/www.zerdab.com\/?p=31552#breadcrumb","itemListElement":[{"@type":"ListItem","position":1,"name":"Home","item":"https:\/\/www.zerdab.com\/"},{"@type":"ListItem","position":2,"name":"D\u00f6vl\u0259t Komit\u0259sinin s\u0259dri Z\u0259rdab rayonunda yerl\u0259\u015f\u0259n m\u0259scidl\u0259rin f\u0259aliyy\u0259ti il\u0259 tan\u0131\u015f olub"}]},{"@type":"WebSite","@id":"https:\/\/www.zerdab.com\/#website","url":"https:\/\/www.zerdab.com\/","name":"Z\u0259rdab.com","description":"","potentialAction":[{"@type":"SearchAction","target":{"@type":"EntryPoint","urlTemplate":"https:\/\/www.zerdab.com\/?s={search_term_string}"},"query-input":{"@type":"PropertyValueSpecification","valueRequired":true,"valueName":"search_term_string"}}],"inLanguage":"az"},{"@type":"Person","@id":"https:\/\/www.zerdab.com\/#\/schema\/person\/97079b7570c1e89ec0d9e138c3672136","name":"admin","image":{"@type":"ImageObject","inLanguage":"az","@id":"https:\/\/www.zerdab.com\/#\/schema\/person\/image\/","url":"https:\/\/secure.gravatar.com\/avatar\/d9c52a9a27c32119cb6679a077fa3e2779e5f822c451cbf01098004361d466ec?s=96&d=mm&r=g","contentUrl":"https:\/\/secure.gravatar.com\/avatar\/d9c52a9a27c32119cb6679a077fa3e2779e5f822c451cbf01098004361d466ec?s=96&d=mm&r=g","caption":"admin"},"url":"https:\/\/www.zerdab.com\/?author=1"}]}},"_links":{"self":[{"href":"https:\/\/www.zerdab.com\/index.php?rest_route=\/wp\/v2\/posts\/31552","targetHints":{"allow":["GET"]}}],"collection":[{"href":"https:\/\/www.zerdab.com\/index.php?rest_route=\/wp\/v2\/posts"}],"about":[{"href":"https:\/\/www.zerdab.com\/index.php?rest_route=\/wp\/v2\/types\/post"}],"author":[{"embeddable":true,"href":"https:\/\/www.zerdab.com\/index.php?rest_route=\/wp\/v2\/users\/1"}],"replies":[{"embeddable":true,"href":"https:\/\/www.zerdab.com\/index.php?rest_route=%2Fwp%2Fv2%2Fcomments&post=31552"}],"version-history":[{"count":1,"href":"https:\/\/www.zerdab.com\/index.php?rest_route=\/wp\/v2\/posts\/31552\/revisions"}],"predecessor-version":[{"id":31554,"href":"https:\/\/www.zerdab.com\/index.php?rest_route=\/wp\/v2\/posts\/31552\/revisions\/31554"}],"wp:featuredmedia":[{"embeddable":true,"href":"https:\/\/www.zerdab.com\/index.php?rest_route=\/wp\/v2\/media\/31553"}],"wp:attachment":[{"href":"https:\/\/www.zerdab.com\/index.php?rest_route=%2Fwp%2Fv2%2Fmedia&parent=31552"}],"wp:term":[{"taxonomy":"category","embeddable":true,"href":"https:\/\/www.zerdab.com\/index.php?rest_route=%2Fwp%2Fv2%2Fcategories&post=31552"},{"taxonomy":"post_tag","embeddable":true,"href":"https:\/\/www.zerdab.com\/index.php?rest_route=%2Fwp%2Fv2%2Ftags&post=31552"}],"curies":[{"name":"wp","href":"https:\/\/api.w.org\/{rel}","templated":true}]}}