{"id":31593,"date":"2025-05-15T14:03:11","date_gmt":"2025-05-15T10:03:11","guid":{"rendered":"https:\/\/www.zerdab.com\/?p=31593"},"modified":"2025-05-15T14:04:50","modified_gmt":"2025-05-15T10:04:50","slug":"sabah-z%c9%99rdab-rayonundan-olan-itkin-s%c9%99hid-abuz%c9%99r-abbasovun-n%c9%99sinin-qaliqlari-d%c9%99fn-edil%c9%99c%c9%99k","status":"publish","type":"post","link":"https:\/\/www.zerdab.com\/?p=31593","title":{"rendered":"Sabah Z\u0259rdab rayonundan olan itkin \u015f\u0259hid Abuz\u0259r Abbasovun n\u0259\u015finin qal\u0131qlar\u0131 d\u0259fn edil\u0259c\u0259k"},"content":{"rendered":"<p><strong>Sabah Z\u0259rdab rayonundan olan itkin \u015f\u0259hid Abuz\u0259r Abbasovun n\u0259\u015finin qal\u0131qlar\u0131 d\u0259fn edil\u0259c\u0259k.<\/strong><\/p>\n<p><strong>Zerdab.com<\/strong> x\u0259b\u0259r verir ki, bu bar\u0259d\u0259 \u018fsir v\u0259 itkin d\u00fc\u015fm\u00fc\u015f, girov g\u00f6t\u00fcr\u00fclm\u00fc\u015f v\u0259t\u0259nda\u015flarla \u0259laq\u0259dar D\u00f6vl\u0259t Komissiyas\u0131 m\u0259lumat yay\u0131b. Bildirilib ki, Abbasov Abuz\u0259r T\u0259nzil o\u011flu saat 15:00-da Z\u0259rdab rayonu, Yuxar\u0131 Seyidl\u0259r k\u0259nd q\u0259biristanl\u0131\u011f\u0131nda d\u0259fn olunacaq. Qeyd ed\u0259k ki, Abbasov Abuz\u0259r T\u0259nzil o\u011flu 1972-ci ild\u0259 Yuxar\u0131 Seyidl\u0259r k\u0259ndind\u0259 anadan olub. 1989-cu ild\u0259 Yuxar\u0131 Seyidl\u0259r k\u0259nd orta m\u0259kt\u0259bini, sonra Z\u0259rdab rayon 124 sayl\u0131 Texniki-Pe\u015f\u0259 m\u0259kt\u0259bini bitirib. 1990-c\u0131 ild\u0259 ke\u00e7mi\u015f Sovet ordusunda xidm\u0259t edib. 1992-ci ild\u0259 Qaraba\u011f d\u00f6y\u00fc\u015fl\u0259rin\u0259 gedib. \u018fvv\u0259l A\u011fdamda, sonra is\u0259 F\u00fczulid\u0259 d\u00f6y\u00fc\u015f b\u00f6lg\u0259l\u0259rind\u0259 d\u00f6y\u00fc\u015f\u00fcb. 1994-c\u00fc il ay\u0131nda A\u015fa\u011f\u0131 \u018fbd\u00fcrrahmanl\u0131 k\u0259ndi u\u011frunda ged\u0259n d\u00f6y\u00fc\u015fl\u0259rd\u0259 itkin d\u00fc\u015f\u00fcb.<\/p>\n","protected":false},"excerpt":{"rendered":"<p>Sabah Z\u0259rdab rayonundan olan itkin \u015f\u0259hid Abuz\u0259r Abbasovun n\u0259\u015finin qal\u0131qlar\u0131 d\u0259fn edil\u0259c\u0259k. Zerdab.com x\u0259b\u0259r verir ki, bu bar\u0259d\u0259 \u018fsir v\u0259 itkin d\u00fc\u015fm\u00fc\u015f, girov g\u00f6t\u00fcr\u00fclm\u00fc\u015f v\u0259t\u0259nda\u015flarla \u0259laq\u0259dar D\u00f6vl\u0259t Komissiyas\u0131 m\u0259lumat yay\u0131b. Bildirilib ki, Abbasov Abuz\u0259r T\u0259nzil o\u011flu saat 15:00-da Z\u0259rdab rayonu, Yuxar\u0131 Seyidl\u0259r k\u0259nd q\u0259biristanl\u0131\u011f\u0131nda d\u0259fn olunacaq. Qeyd ed\u0259k ki, Abbasov Abuz\u0259r T\u0259nzil o\u011flu 1972-ci ild\u0259 [&hellip;]<\/p>\n","protected":false},"author":1,"featured_media":31594,"comment_status":"closed","ping_status":"closed","sticky":false,"template":"","format":"standard","meta":{"footnotes":""},"categories":[63,37,5],"tags":[],"class_list":{"0":"post-31593","1":"post","2":"type-post","3":"status-publish","4":"format-standard","5":"has-post-thumbnail","7":"category-manset","8":"category-shidlrimiz","9":"category-knd"},"yoast_head":"<!-- This site is optimized with the Yoast SEO plugin v27.0 - https:\/\/yoast.com\/product\/yoast-seo-wordpress\/ -->\n<title>Sabah Z\u0259rdab rayonundan olan itkin \u015f\u0259hid Abuz\u0259r Abbasovun n\u0259\u015finin qal\u0131qlar\u0131 d\u0259fn edil\u0259c\u0259k - Z\u0259rdab.com<\/title>\n<meta name=\"robots\" content=\"index, follow, max-snippet:-1, max-image-preview:large, max-video-preview:-1\" \/>\n<link rel=\"canonical\" href=\"https:\/\/www.zerdab.com\/?p=31593\" \/>\n<meta property=\"og:locale\" content=\"az_AZ\" \/>\n<meta property=\"og:type\" content=\"article\" \/>\n<meta property=\"og:title\" content=\"Sabah Z\u0259rdab rayonundan olan itkin \u015f\u0259hid Abuz\u0259r Abbasovun n\u0259\u015finin qal\u0131qlar\u0131 d\u0259fn edil\u0259c\u0259k - Z\u0259rdab.com\" \/>\n<meta property=\"og:description\" content=\"Sabah Z\u0259rdab rayonundan olan itkin \u015f\u0259hid Abuz\u0259r Abbasovun n\u0259\u015finin qal\u0131qlar\u0131 d\u0259fn edil\u0259c\u0259k. Zerdab.com x\u0259b\u0259r verir ki, bu bar\u0259d\u0259 \u018fsir v\u0259 itkin d\u00fc\u015fm\u00fc\u015f, girov g\u00f6t\u00fcr\u00fclm\u00fc\u015f v\u0259t\u0259nda\u015flarla \u0259laq\u0259dar D\u00f6vl\u0259t Komissiyas\u0131 m\u0259lumat yay\u0131b. Bildirilib ki, Abbasov Abuz\u0259r T\u0259nzil o\u011flu saat 15:00-da Z\u0259rdab rayonu, Yuxar\u0131 Seyidl\u0259r k\u0259nd q\u0259biristanl\u0131\u011f\u0131nda d\u0259fn olunacaq. Qeyd ed\u0259k ki, Abbasov Abuz\u0259r T\u0259nzil o\u011flu 1972-ci ild\u0259 [&hellip;]\" \/>\n<meta property=\"og:url\" content=\"https:\/\/www.zerdab.com\/?p=31593\" \/>\n<meta property=\"og:site_name\" content=\"Z\u0259rdab.com\" \/>\n<meta property=\"article:published_time\" content=\"2025-05-15T10:03:11+00:00\" \/>\n<meta property=\"article:modified_time\" content=\"2025-05-15T10:04:50+00:00\" \/>\n<meta property=\"og:image\" content=\"http:\/\/www.zerdab.com\/wp-content\/uploads\/2025\/05\/zerdab-sehid-png.jpg\" \/>\n\t<meta property=\"og:image:width\" content=\"640\" \/>\n\t<meta property=\"og:image:height\" content=\"480\" \/>\n\t<meta property=\"og:image:type\" content=\"image\/jpeg\" \/>\n<meta name=\"author\" content=\"admin\" \/>\n<meta name=\"twitter:card\" content=\"summary_large_image\" \/>\n<meta name=\"twitter:label1\" content=\"Written by\" \/>\n\t<meta name=\"twitter:data1\" content=\"admin\" \/>\n\t<meta name=\"twitter:label2\" content=\"Est. reading time\" \/>\n\t<meta name=\"twitter:data2\" content=\"1 minute\" \/>\n<script type=\"application\/ld+json\" class=\"yoast-schema-graph\">{\"@context\":\"https:\/\/schema.org\",\"@graph\":[{\"@type\":\"Article\",\"@id\":\"https:\/\/www.zerdab.com\/?p=31593#article\",\"isPartOf\":{\"@id\":\"https:\/\/www.zerdab.com\/?p=31593\"},\"author\":{\"name\":\"admin\",\"@id\":\"https:\/\/www.zerdab.com\/#\/schema\/person\/97079b7570c1e89ec0d9e138c3672136\"},\"headline\":\"Sabah Z\u0259rdab rayonundan olan itkin \u015f\u0259hid Abuz\u0259r Abbasovun n\u0259\u015finin qal\u0131qlar\u0131 d\u0259fn edil\u0259c\u0259k\",\"datePublished\":\"2025-05-15T10:03:11+00:00\",\"dateModified\":\"2025-05-15T10:04:50+00:00\",\"mainEntityOfPage\":{\"@id\":\"https:\/\/www.zerdab.com\/?p=31593\"},\"wordCount\":193,\"image\":{\"@id\":\"https:\/\/www.zerdab.com\/?p=31593#primaryimage\"},\"thumbnailUrl\":\"https:\/\/www.zerdab.com\/wp-content\/uploads\/2025\/05\/zerdab-sehid-png.jpg\",\"articleSection\":[\"MAN\u015eET\",\"\u015e\u018fH\u0130DL\u018fR\u0130M\u0130Z\",\"X\u018fB\u018fRL\u018fR\"],\"inLanguage\":\"az\"},{\"@type\":\"WebPage\",\"@id\":\"https:\/\/www.zerdab.com\/?p=31593\",\"url\":\"https:\/\/www.zerdab.com\/?p=31593\",\"name\":\"Sabah Z\u0259rdab rayonundan olan itkin \u015f\u0259hid Abuz\u0259r Abbasovun n\u0259\u015finin qal\u0131qlar\u0131 d\u0259fn edil\u0259c\u0259k - Z\u0259rdab.com\",\"isPartOf\":{\"@id\":\"https:\/\/www.zerdab.com\/#website\"},\"primaryImageOfPage\":{\"@id\":\"https:\/\/www.zerdab.com\/?p=31593#primaryimage\"},\"image\":{\"@id\":\"https:\/\/www.zerdab.com\/?p=31593#primaryimage\"},\"thumbnailUrl\":\"https:\/\/www.zerdab.com\/wp-content\/uploads\/2025\/05\/zerdab-sehid-png.jpg\",\"datePublished\":\"2025-05-15T10:03:11+00:00\",\"dateModified\":\"2025-05-15T10:04:50+00:00\",\"author\":{\"@id\":\"https:\/\/www.zerdab.com\/#\/schema\/person\/97079b7570c1e89ec0d9e138c3672136\"},\"breadcrumb\":{\"@id\":\"https:\/\/www.zerdab.com\/?p=31593#breadcrumb\"},\"inLanguage\":\"az\",\"potentialAction\":[{\"@type\":\"ReadAction\",\"target\":[\"https:\/\/www.zerdab.com\/?p=31593\"]}]},{\"@type\":\"ImageObject\",\"inLanguage\":\"az\",\"@id\":\"https:\/\/www.zerdab.com\/?p=31593#primaryimage\",\"url\":\"https:\/\/www.zerdab.com\/wp-content\/uploads\/2025\/05\/zerdab-sehid-png.jpg\",\"contentUrl\":\"https:\/\/www.zerdab.com\/wp-content\/uploads\/2025\/05\/zerdab-sehid-png.jpg\",\"width\":640,\"height\":480},{\"@type\":\"BreadcrumbList\",\"@id\":\"https:\/\/www.zerdab.com\/?p=31593#breadcrumb\",\"itemListElement\":[{\"@type\":\"ListItem\",\"position\":1,\"name\":\"Home\",\"item\":\"https:\/\/www.zerdab.com\/\"},{\"@type\":\"ListItem\",\"position\":2,\"name\":\"Sabah Z\u0259rdab rayonundan olan itkin \u015f\u0259hid Abuz\u0259r Abbasovun n\u0259\u015finin qal\u0131qlar\u0131 d\u0259fn edil\u0259c\u0259k\"}]},{\"@type\":\"WebSite\",\"@id\":\"https:\/\/www.zerdab.com\/#website\",\"url\":\"https:\/\/www.zerdab.com\/\",\"name\":\"Z\u0259rdab.com\",\"description\":\"\",\"potentialAction\":[{\"@type\":\"SearchAction\",\"target\":{\"@type\":\"EntryPoint\",\"urlTemplate\":\"https:\/\/www.zerdab.com\/?s={search_term_string}\"},\"query-input\":{\"@type\":\"PropertyValueSpecification\",\"valueRequired\":true,\"valueName\":\"search_term_string\"}}],\"inLanguage\":\"az\"},{\"@type\":\"Person\",\"@id\":\"https:\/\/www.zerdab.com\/#\/schema\/person\/97079b7570c1e89ec0d9e138c3672136\",\"name\":\"admin\",\"image\":{\"@type\":\"ImageObject\",\"inLanguage\":\"az\",\"@id\":\"https:\/\/www.zerdab.com\/#\/schema\/person\/image\/\",\"url\":\"https:\/\/secure.gravatar.com\/avatar\/d9c52a9a27c32119cb6679a077fa3e2779e5f822c451cbf01098004361d466ec?s=96&d=mm&r=g\",\"contentUrl\":\"https:\/\/secure.gravatar.com\/avatar\/d9c52a9a27c32119cb6679a077fa3e2779e5f822c451cbf01098004361d466ec?s=96&d=mm&r=g\",\"caption\":\"admin\"},\"url\":\"https:\/\/www.zerdab.com\/?author=1\"}]}<\/script>\n<!-- \/ Yoast SEO plugin. -->","yoast_head_json":{"title":"Sabah Z\u0259rdab rayonundan olan itkin \u015f\u0259hid Abuz\u0259r Abbasovun n\u0259\u015finin qal\u0131qlar\u0131 d\u0259fn edil\u0259c\u0259k - Z\u0259rdab.com","robots":{"index":"index","follow":"follow","max-snippet":"max-snippet:-1","max-image-preview":"max-image-preview:large","max-video-preview":"max-video-preview:-1"},"canonical":"https:\/\/www.zerdab.com\/?p=31593","og_locale":"az_AZ","og_type":"article","og_title":"Sabah Z\u0259rdab rayonundan olan itkin \u015f\u0259hid Abuz\u0259r Abbasovun n\u0259\u015finin qal\u0131qlar\u0131 d\u0259fn edil\u0259c\u0259k - Z\u0259rdab.com","og_description":"Sabah Z\u0259rdab rayonundan olan itkin \u015f\u0259hid Abuz\u0259r Abbasovun n\u0259\u015finin qal\u0131qlar\u0131 d\u0259fn edil\u0259c\u0259k. Zerdab.com x\u0259b\u0259r verir ki, bu bar\u0259d\u0259 \u018fsir v\u0259 itkin d\u00fc\u015fm\u00fc\u015f, girov g\u00f6t\u00fcr\u00fclm\u00fc\u015f v\u0259t\u0259nda\u015flarla \u0259laq\u0259dar D\u00f6vl\u0259t Komissiyas\u0131 m\u0259lumat yay\u0131b. Bildirilib ki, Abbasov Abuz\u0259r T\u0259nzil o\u011flu saat 15:00-da Z\u0259rdab rayonu, Yuxar\u0131 Seyidl\u0259r k\u0259nd q\u0259biristanl\u0131\u011f\u0131nda d\u0259fn olunacaq. Qeyd ed\u0259k ki, Abbasov Abuz\u0259r T\u0259nzil o\u011flu 1972-ci ild\u0259 [&hellip;]","og_url":"https:\/\/www.zerdab.com\/?p=31593","og_site_name":"Z\u0259rdab.com","article_published_time":"2025-05-15T10:03:11+00:00","article_modified_time":"2025-05-15T10:04:50+00:00","og_image":[{"width":640,"height":480,"url":"http:\/\/www.zerdab.com\/wp-content\/uploads\/2025\/05\/zerdab-sehid-png.jpg","type":"image\/jpeg"}],"author":"admin","twitter_card":"summary_large_image","twitter_misc":{"Written by":"admin","Est. reading time":"1 minute"},"schema":{"@context":"https:\/\/schema.org","@graph":[{"@type":"Article","@id":"https:\/\/www.zerdab.com\/?p=31593#article","isPartOf":{"@id":"https:\/\/www.zerdab.com\/?p=31593"},"author":{"name":"admin","@id":"https:\/\/www.zerdab.com\/#\/schema\/person\/97079b7570c1e89ec0d9e138c3672136"},"headline":"Sabah Z\u0259rdab rayonundan olan itkin \u015f\u0259hid Abuz\u0259r Abbasovun n\u0259\u015finin qal\u0131qlar\u0131 d\u0259fn edil\u0259c\u0259k","datePublished":"2025-05-15T10:03:11+00:00","dateModified":"2025-05-15T10:04:50+00:00","mainEntityOfPage":{"@id":"https:\/\/www.zerdab.com\/?p=31593"},"wordCount":193,"image":{"@id":"https:\/\/www.zerdab.com\/?p=31593#primaryimage"},"thumbnailUrl":"https:\/\/www.zerdab.com\/wp-content\/uploads\/2025\/05\/zerdab-sehid-png.jpg","articleSection":["MAN\u015eET","\u015e\u018fH\u0130DL\u018fR\u0130M\u0130Z","X\u018fB\u018fRL\u018fR"],"inLanguage":"az"},{"@type":"WebPage","@id":"https:\/\/www.zerdab.com\/?p=31593","url":"https:\/\/www.zerdab.com\/?p=31593","name":"Sabah Z\u0259rdab rayonundan olan itkin \u015f\u0259hid Abuz\u0259r Abbasovun n\u0259\u015finin qal\u0131qlar\u0131 d\u0259fn edil\u0259c\u0259k - Z\u0259rdab.com","isPartOf":{"@id":"https:\/\/www.zerdab.com\/#website"},"primaryImageOfPage":{"@id":"https:\/\/www.zerdab.com\/?p=31593#primaryimage"},"image":{"@id":"https:\/\/www.zerdab.com\/?p=31593#primaryimage"},"thumbnailUrl":"https:\/\/www.zerdab.com\/wp-content\/uploads\/2025\/05\/zerdab-sehid-png.jpg","datePublished":"2025-05-15T10:03:11+00:00","dateModified":"2025-05-15T10:04:50+00:00","author":{"@id":"https:\/\/www.zerdab.com\/#\/schema\/person\/97079b7570c1e89ec0d9e138c3672136"},"breadcrumb":{"@id":"https:\/\/www.zerdab.com\/?p=31593#breadcrumb"},"inLanguage":"az","potentialAction":[{"@type":"ReadAction","target":["https:\/\/www.zerdab.com\/?p=31593"]}]},{"@type":"ImageObject","inLanguage":"az","@id":"https:\/\/www.zerdab.com\/?p=31593#primaryimage","url":"https:\/\/www.zerdab.com\/wp-content\/uploads\/2025\/05\/zerdab-sehid-png.jpg","contentUrl":"https:\/\/www.zerdab.com\/wp-content\/uploads\/2025\/05\/zerdab-sehid-png.jpg","width":640,"height":480},{"@type":"BreadcrumbList","@id":"https:\/\/www.zerdab.com\/?p=31593#breadcrumb","itemListElement":[{"@type":"ListItem","position":1,"name":"Home","item":"https:\/\/www.zerdab.com\/"},{"@type":"ListItem","position":2,"name":"Sabah Z\u0259rdab rayonundan olan itkin \u015f\u0259hid Abuz\u0259r Abbasovun n\u0259\u015finin qal\u0131qlar\u0131 d\u0259fn edil\u0259c\u0259k"}]},{"@type":"WebSite","@id":"https:\/\/www.zerdab.com\/#website","url":"https:\/\/www.zerdab.com\/","name":"Z\u0259rdab.com","description":"","potentialAction":[{"@type":"SearchAction","target":{"@type":"EntryPoint","urlTemplate":"https:\/\/www.zerdab.com\/?s={search_term_string}"},"query-input":{"@type":"PropertyValueSpecification","valueRequired":true,"valueName":"search_term_string"}}],"inLanguage":"az"},{"@type":"Person","@id":"https:\/\/www.zerdab.com\/#\/schema\/person\/97079b7570c1e89ec0d9e138c3672136","name":"admin","image":{"@type":"ImageObject","inLanguage":"az","@id":"https:\/\/www.zerdab.com\/#\/schema\/person\/image\/","url":"https:\/\/secure.gravatar.com\/avatar\/d9c52a9a27c32119cb6679a077fa3e2779e5f822c451cbf01098004361d466ec?s=96&d=mm&r=g","contentUrl":"https:\/\/secure.gravatar.com\/avatar\/d9c52a9a27c32119cb6679a077fa3e2779e5f822c451cbf01098004361d466ec?s=96&d=mm&r=g","caption":"admin"},"url":"https:\/\/www.zerdab.com\/?author=1"}]}},"_links":{"self":[{"href":"https:\/\/www.zerdab.com\/index.php?rest_route=\/wp\/v2\/posts\/31593","targetHints":{"allow":["GET"]}}],"collection":[{"href":"https:\/\/www.zerdab.com\/index.php?rest_route=\/wp\/v2\/posts"}],"about":[{"href":"https:\/\/www.zerdab.com\/index.php?rest_route=\/wp\/v2\/types\/post"}],"author":[{"embeddable":true,"href":"https:\/\/www.zerdab.com\/index.php?rest_route=\/wp\/v2\/users\/1"}],"replies":[{"embeddable":true,"href":"https:\/\/www.zerdab.com\/index.php?rest_route=%2Fwp%2Fv2%2Fcomments&post=31593"}],"version-history":[{"count":2,"href":"https:\/\/www.zerdab.com\/index.php?rest_route=\/wp\/v2\/posts\/31593\/revisions"}],"predecessor-version":[{"id":31596,"href":"https:\/\/www.zerdab.com\/index.php?rest_route=\/wp\/v2\/posts\/31593\/revisions\/31596"}],"wp:featuredmedia":[{"embeddable":true,"href":"https:\/\/www.zerdab.com\/index.php?rest_route=\/wp\/v2\/media\/31594"}],"wp:attachment":[{"href":"https:\/\/www.zerdab.com\/index.php?rest_route=%2Fwp%2Fv2%2Fmedia&parent=31593"}],"wp:term":[{"taxonomy":"category","embeddable":true,"href":"https:\/\/www.zerdab.com\/index.php?rest_route=%2Fwp%2Fv2%2Fcategories&post=31593"},{"taxonomy":"post_tag","embeddable":true,"href":"https:\/\/www.zerdab.com\/index.php?rest_route=%2Fwp%2Fv2%2Ftags&post=31593"}],"curies":[{"name":"wp","href":"https:\/\/api.w.org\/{rel}","templated":true}]}}