{"id":31597,"date":"2025-05-16T18:33:59","date_gmt":"2025-05-16T14:33:59","guid":{"rendered":"https:\/\/www.zerdab.com\/?p=31597"},"modified":"2025-05-17T18:38:17","modified_gmt":"2025-05-17T14:38:17","slug":"z%c9%99rdabda-birinci-qarabag-muharib%c9%99sinin-s%c9%99hidi-abuz%c9%99r-abbasov-d%c9%99fn-edilib","status":"publish","type":"post","link":"https:\/\/www.zerdab.com\/?p=31597","title":{"rendered":"Z\u0259rdabda Birinci Qaraba\u011f m\u00fcharib\u0259sinin \u015f\u0259hidi Abuz\u0259r Abbasov d\u0259fn edilib &#8211; V\u0130DEO"},"content":{"rendered":"<div class=\"post-detail-content-inner resize-area\">\n<p>Birinci Qaraba\u011f m\u00fcharib\u0259sind\u0259 itkin d\u00fc\u015fm\u00fc\u015f hesab olunan Abuz\u0259r T\u0259nzil o\u011flu Abbasovla Z\u0259rdab rayonunda ke\u00e7iril\u0259n vida m\u0259rasimi ba\u015fa \u00e7at\u0131b.<\/p>\n<p><strong>Zerdab.com <\/strong>x\u0259b\u0259r verir ki, A.Abbasovun n\u0259\u015fi Z\u0259rdab rayonu Yuxar\u0131 Seyidl\u0259r k\u0259nd q\u0259biristanl\u0131\u011f\u0131nda d\u0259fn olunub.<\/p>\n<p>D\u0259fn m\u0259rasimind\u0259 \u015f\u0259hidin do\u011fmalar\u0131, rayonun v\u0259zif\u0259li \u015f\u0259xsl\u0259ri, rayon h\u00fcquq-m\u00fchafiz\u0259 orqanlar\u0131n\u0131n \u0259m\u0259kda\u015flar\u0131, h\u0259rb\u00e7il\u0259r v\u0259 ictimaiyy\u0259t n\u00fcmay\u0259nd\u0259l\u0259ri i\u015ftirak edibl\u0259r.<\/p>\n<p>&nbsp;<\/p>\n<div class=\"player-area ratio ratio-16x9\"><iframe src=\"https:\/\/www.youtube.com\/embed\/MR5nSng31WA?autoplay=1\" frameborder=\"0\" allowfullscreen=\"allowfullscreen\" data-mce-fragment=\"1\"><\/iframe><\/div>\n<p>&nbsp;<\/p>\n<p><img loading=\"lazy\" decoding=\"async\" class=\"inner-photo\" src=\"https:\/\/images.oxu.az\/2025\/05\/16\/q2gAMGO1swuI5JkVjVuyYLwzTAnSJT110tXcNMh9:640.jpg\" alt=\"\" width=\"640\" height=\"428\" \/><\/p>\n<\/div>\n<div class=\"tag-area tag-area-slide tag-area--slider\">\n<div class=\"swiper swiper-initialized swiper-horizontal swiper-pointer-events swiper-free-mode swiper-watch-progress swiper-backface-hidden\">\n<div id=\"swiper-wrapper-4133559dd7ac46510\" class=\"swiper-wrapper\" aria-live=\"polite\">\n<div class=\"swiper-slide swiper-slide-visible swiper-slide-active\" role=\"group\" aria-label=\"1 \/ 3\">\n<div class=\"tag-item\"><\/div>\n<\/div>\n<\/div>\n<\/div>\n<\/div>\n","protected":false},"excerpt":{"rendered":"<p>Birinci Qaraba\u011f m\u00fcharib\u0259sind\u0259 itkin d\u00fc\u015fm\u00fc\u015f hesab olunan Abuz\u0259r T\u0259nzil o\u011flu Abbasovla Z\u0259rdab rayonunda ke\u00e7iril\u0259n vida m\u0259rasimi ba\u015fa \u00e7at\u0131b. Zerdab.com x\u0259b\u0259r verir ki, A.Abbasovun n\u0259\u015fi Z\u0259rdab rayonu Yuxar\u0131 Seyidl\u0259r k\u0259nd q\u0259biristanl\u0131\u011f\u0131nda d\u0259fn olunub. D\u0259fn m\u0259rasimind\u0259 \u015f\u0259hidin do\u011fmalar\u0131, rayonun v\u0259zif\u0259li \u015f\u0259xsl\u0259ri, rayon h\u00fcquq-m\u00fchafiz\u0259 orqanlar\u0131n\u0131n \u0259m\u0259kda\u015flar\u0131, h\u0259rb\u00e7il\u0259r v\u0259 ictimaiyy\u0259t n\u00fcmay\u0259nd\u0259l\u0259ri i\u015ftirak edibl\u0259r. &nbsp; &nbsp;<\/p>\n","protected":false},"author":1,"featured_media":30154,"comment_status":"closed","ping_status":"closed","sticky":false,"template":"","format":"standard","meta":{"footnotes":""},"categories":[63,5],"tags":[],"class_list":{"0":"post-31597","1":"post","2":"type-post","3":"status-publish","4":"format-standard","5":"has-post-thumbnail","7":"category-manset","8":"category-knd"},"yoast_head":"<!-- This site is optimized with the Yoast SEO plugin v27.0 - https:\/\/yoast.com\/product\/yoast-seo-wordpress\/ -->\n<title>Z\u0259rdabda Birinci Qaraba\u011f m\u00fcharib\u0259sinin \u015f\u0259hidi Abuz\u0259r Abbasov d\u0259fn edilib - V\u0130DEO - Z\u0259rdab.com<\/title>\n<meta name=\"robots\" content=\"index, follow, max-snippet:-1, max-image-preview:large, max-video-preview:-1\" \/>\n<link rel=\"canonical\" href=\"https:\/\/www.zerdab.com\/?p=31597\" \/>\n<meta property=\"og:locale\" content=\"az_AZ\" \/>\n<meta property=\"og:type\" content=\"article\" \/>\n<meta property=\"og:title\" content=\"Z\u0259rdabda Birinci Qaraba\u011f m\u00fcharib\u0259sinin \u015f\u0259hidi Abuz\u0259r Abbasov d\u0259fn edilib - V\u0130DEO - Z\u0259rdab.com\" \/>\n<meta property=\"og:description\" content=\"Birinci Qaraba\u011f m\u00fcharib\u0259sind\u0259 itkin d\u00fc\u015fm\u00fc\u015f hesab olunan Abuz\u0259r T\u0259nzil o\u011flu Abbasovla Z\u0259rdab rayonunda ke\u00e7iril\u0259n vida m\u0259rasimi ba\u015fa \u00e7at\u0131b. Zerdab.com x\u0259b\u0259r verir ki, A.Abbasovun n\u0259\u015fi Z\u0259rdab rayonu Yuxar\u0131 Seyidl\u0259r k\u0259nd q\u0259biristanl\u0131\u011f\u0131nda d\u0259fn olunub. D\u0259fn m\u0259rasimind\u0259 \u015f\u0259hidin do\u011fmalar\u0131, rayonun v\u0259zif\u0259li \u015f\u0259xsl\u0259ri, rayon h\u00fcquq-m\u00fchafiz\u0259 orqanlar\u0131n\u0131n \u0259m\u0259kda\u015flar\u0131, h\u0259rb\u00e7il\u0259r v\u0259 ictimaiyy\u0259t n\u00fcmay\u0259nd\u0259l\u0259ri i\u015ftirak edibl\u0259r. &nbsp; &nbsp;\" \/>\n<meta property=\"og:url\" content=\"https:\/\/www.zerdab.com\/?p=31597\" \/>\n<meta property=\"og:site_name\" content=\"Z\u0259rdab.com\" \/>\n<meta property=\"article:published_time\" content=\"2025-05-16T14:33:59+00:00\" \/>\n<meta property=\"article:modified_time\" content=\"2025-05-17T14:38:17+00:00\" \/>\n<meta property=\"og:image\" content=\"http:\/\/www.zerdab.com\/wp-content\/uploads\/2023\/09\/sehid-png.jpg\" \/>\n\t<meta property=\"og:image:width\" content=\"637\" \/>\n\t<meta property=\"og:image:height\" content=\"399\" \/>\n\t<meta property=\"og:image:type\" content=\"image\/jpeg\" \/>\n<meta name=\"author\" content=\"admin\" \/>\n<meta name=\"twitter:card\" content=\"summary_large_image\" \/>\n<meta name=\"twitter:label1\" content=\"Written by\" \/>\n\t<meta name=\"twitter:data1\" content=\"admin\" \/>\n\t<meta name=\"twitter:label2\" content=\"Est. reading time\" \/>\n\t<meta name=\"twitter:data2\" content=\"1 minute\" \/>\n<script type=\"application\/ld+json\" class=\"yoast-schema-graph\">{\"@context\":\"https:\/\/schema.org\",\"@graph\":[{\"@type\":\"Article\",\"@id\":\"https:\/\/www.zerdab.com\/?p=31597#article\",\"isPartOf\":{\"@id\":\"https:\/\/www.zerdab.com\/?p=31597\"},\"author\":{\"name\":\"admin\",\"@id\":\"https:\/\/www.zerdab.com\/#\/schema\/person\/97079b7570c1e89ec0d9e138c3672136\"},\"headline\":\"Z\u0259rdabda Birinci Qaraba\u011f m\u00fcharib\u0259sinin \u015f\u0259hidi Abuz\u0259r Abbasov d\u0259fn edilib &#8211; V\u0130DEO\",\"datePublished\":\"2025-05-16T14:33:59+00:00\",\"dateModified\":\"2025-05-17T14:38:17+00:00\",\"mainEntityOfPage\":{\"@id\":\"https:\/\/www.zerdab.com\/?p=31597\"},\"wordCount\":113,\"image\":{\"@id\":\"https:\/\/www.zerdab.com\/?p=31597#primaryimage\"},\"thumbnailUrl\":\"https:\/\/www.zerdab.com\/wp-content\/uploads\/2023\/09\/sehid-png.jpg\",\"articleSection\":[\"MAN\u015eET\",\"X\u018fB\u018fRL\u018fR\"],\"inLanguage\":\"az\"},{\"@type\":\"WebPage\",\"@id\":\"https:\/\/www.zerdab.com\/?p=31597\",\"url\":\"https:\/\/www.zerdab.com\/?p=31597\",\"name\":\"Z\u0259rdabda Birinci Qaraba\u011f m\u00fcharib\u0259sinin \u015f\u0259hidi Abuz\u0259r Abbasov d\u0259fn edilib - V\u0130DEO - Z\u0259rdab.com\",\"isPartOf\":{\"@id\":\"https:\/\/www.zerdab.com\/#website\"},\"primaryImageOfPage\":{\"@id\":\"https:\/\/www.zerdab.com\/?p=31597#primaryimage\"},\"image\":{\"@id\":\"https:\/\/www.zerdab.com\/?p=31597#primaryimage\"},\"thumbnailUrl\":\"https:\/\/www.zerdab.com\/wp-content\/uploads\/2023\/09\/sehid-png.jpg\",\"datePublished\":\"2025-05-16T14:33:59+00:00\",\"dateModified\":\"2025-05-17T14:38:17+00:00\",\"author\":{\"@id\":\"https:\/\/www.zerdab.com\/#\/schema\/person\/97079b7570c1e89ec0d9e138c3672136\"},\"breadcrumb\":{\"@id\":\"https:\/\/www.zerdab.com\/?p=31597#breadcrumb\"},\"inLanguage\":\"az\",\"potentialAction\":[{\"@type\":\"ReadAction\",\"target\":[\"https:\/\/www.zerdab.com\/?p=31597\"]}]},{\"@type\":\"ImageObject\",\"inLanguage\":\"az\",\"@id\":\"https:\/\/www.zerdab.com\/?p=31597#primaryimage\",\"url\":\"https:\/\/www.zerdab.com\/wp-content\/uploads\/2023\/09\/sehid-png.jpg\",\"contentUrl\":\"https:\/\/www.zerdab.com\/wp-content\/uploads\/2023\/09\/sehid-png.jpg\",\"width\":637,\"height\":399},{\"@type\":\"BreadcrumbList\",\"@id\":\"https:\/\/www.zerdab.com\/?p=31597#breadcrumb\",\"itemListElement\":[{\"@type\":\"ListItem\",\"position\":1,\"name\":\"Home\",\"item\":\"https:\/\/www.zerdab.com\/\"},{\"@type\":\"ListItem\",\"position\":2,\"name\":\"Z\u0259rdabda Birinci Qaraba\u011f m\u00fcharib\u0259sinin \u015f\u0259hidi Abuz\u0259r Abbasov d\u0259fn edilib &#8211; V\u0130DEO\"}]},{\"@type\":\"WebSite\",\"@id\":\"https:\/\/www.zerdab.com\/#website\",\"url\":\"https:\/\/www.zerdab.com\/\",\"name\":\"Z\u0259rdab.com\",\"description\":\"\",\"potentialAction\":[{\"@type\":\"SearchAction\",\"target\":{\"@type\":\"EntryPoint\",\"urlTemplate\":\"https:\/\/www.zerdab.com\/?s={search_term_string}\"},\"query-input\":{\"@type\":\"PropertyValueSpecification\",\"valueRequired\":true,\"valueName\":\"search_term_string\"}}],\"inLanguage\":\"az\"},{\"@type\":\"Person\",\"@id\":\"https:\/\/www.zerdab.com\/#\/schema\/person\/97079b7570c1e89ec0d9e138c3672136\",\"name\":\"admin\",\"image\":{\"@type\":\"ImageObject\",\"inLanguage\":\"az\",\"@id\":\"https:\/\/www.zerdab.com\/#\/schema\/person\/image\/\",\"url\":\"https:\/\/secure.gravatar.com\/avatar\/d9c52a9a27c32119cb6679a077fa3e2779e5f822c451cbf01098004361d466ec?s=96&d=mm&r=g\",\"contentUrl\":\"https:\/\/secure.gravatar.com\/avatar\/d9c52a9a27c32119cb6679a077fa3e2779e5f822c451cbf01098004361d466ec?s=96&d=mm&r=g\",\"caption\":\"admin\"},\"url\":\"https:\/\/www.zerdab.com\/?author=1\"}]}<\/script>\n<!-- \/ Yoast SEO plugin. -->","yoast_head_json":{"title":"Z\u0259rdabda Birinci Qaraba\u011f m\u00fcharib\u0259sinin \u015f\u0259hidi Abuz\u0259r Abbasov d\u0259fn edilib - V\u0130DEO - Z\u0259rdab.com","robots":{"index":"index","follow":"follow","max-snippet":"max-snippet:-1","max-image-preview":"max-image-preview:large","max-video-preview":"max-video-preview:-1"},"canonical":"https:\/\/www.zerdab.com\/?p=31597","og_locale":"az_AZ","og_type":"article","og_title":"Z\u0259rdabda Birinci Qaraba\u011f m\u00fcharib\u0259sinin \u015f\u0259hidi Abuz\u0259r Abbasov d\u0259fn edilib - V\u0130DEO - Z\u0259rdab.com","og_description":"Birinci Qaraba\u011f m\u00fcharib\u0259sind\u0259 itkin d\u00fc\u015fm\u00fc\u015f hesab olunan Abuz\u0259r T\u0259nzil o\u011flu Abbasovla Z\u0259rdab rayonunda ke\u00e7iril\u0259n vida m\u0259rasimi ba\u015fa \u00e7at\u0131b. Zerdab.com x\u0259b\u0259r verir ki, A.Abbasovun n\u0259\u015fi Z\u0259rdab rayonu Yuxar\u0131 Seyidl\u0259r k\u0259nd q\u0259biristanl\u0131\u011f\u0131nda d\u0259fn olunub. D\u0259fn m\u0259rasimind\u0259 \u015f\u0259hidin do\u011fmalar\u0131, rayonun v\u0259zif\u0259li \u015f\u0259xsl\u0259ri, rayon h\u00fcquq-m\u00fchafiz\u0259 orqanlar\u0131n\u0131n \u0259m\u0259kda\u015flar\u0131, h\u0259rb\u00e7il\u0259r v\u0259 ictimaiyy\u0259t n\u00fcmay\u0259nd\u0259l\u0259ri i\u015ftirak edibl\u0259r. &nbsp; &nbsp;","og_url":"https:\/\/www.zerdab.com\/?p=31597","og_site_name":"Z\u0259rdab.com","article_published_time":"2025-05-16T14:33:59+00:00","article_modified_time":"2025-05-17T14:38:17+00:00","og_image":[{"width":637,"height":399,"url":"http:\/\/www.zerdab.com\/wp-content\/uploads\/2023\/09\/sehid-png.jpg","type":"image\/jpeg"}],"author":"admin","twitter_card":"summary_large_image","twitter_misc":{"Written by":"admin","Est. reading time":"1 minute"},"schema":{"@context":"https:\/\/schema.org","@graph":[{"@type":"Article","@id":"https:\/\/www.zerdab.com\/?p=31597#article","isPartOf":{"@id":"https:\/\/www.zerdab.com\/?p=31597"},"author":{"name":"admin","@id":"https:\/\/www.zerdab.com\/#\/schema\/person\/97079b7570c1e89ec0d9e138c3672136"},"headline":"Z\u0259rdabda Birinci Qaraba\u011f m\u00fcharib\u0259sinin \u015f\u0259hidi Abuz\u0259r Abbasov d\u0259fn edilib &#8211; V\u0130DEO","datePublished":"2025-05-16T14:33:59+00:00","dateModified":"2025-05-17T14:38:17+00:00","mainEntityOfPage":{"@id":"https:\/\/www.zerdab.com\/?p=31597"},"wordCount":113,"image":{"@id":"https:\/\/www.zerdab.com\/?p=31597#primaryimage"},"thumbnailUrl":"https:\/\/www.zerdab.com\/wp-content\/uploads\/2023\/09\/sehid-png.jpg","articleSection":["MAN\u015eET","X\u018fB\u018fRL\u018fR"],"inLanguage":"az"},{"@type":"WebPage","@id":"https:\/\/www.zerdab.com\/?p=31597","url":"https:\/\/www.zerdab.com\/?p=31597","name":"Z\u0259rdabda Birinci Qaraba\u011f m\u00fcharib\u0259sinin \u015f\u0259hidi Abuz\u0259r Abbasov d\u0259fn edilib - V\u0130DEO - Z\u0259rdab.com","isPartOf":{"@id":"https:\/\/www.zerdab.com\/#website"},"primaryImageOfPage":{"@id":"https:\/\/www.zerdab.com\/?p=31597#primaryimage"},"image":{"@id":"https:\/\/www.zerdab.com\/?p=31597#primaryimage"},"thumbnailUrl":"https:\/\/www.zerdab.com\/wp-content\/uploads\/2023\/09\/sehid-png.jpg","datePublished":"2025-05-16T14:33:59+00:00","dateModified":"2025-05-17T14:38:17+00:00","author":{"@id":"https:\/\/www.zerdab.com\/#\/schema\/person\/97079b7570c1e89ec0d9e138c3672136"},"breadcrumb":{"@id":"https:\/\/www.zerdab.com\/?p=31597#breadcrumb"},"inLanguage":"az","potentialAction":[{"@type":"ReadAction","target":["https:\/\/www.zerdab.com\/?p=31597"]}]},{"@type":"ImageObject","inLanguage":"az","@id":"https:\/\/www.zerdab.com\/?p=31597#primaryimage","url":"https:\/\/www.zerdab.com\/wp-content\/uploads\/2023\/09\/sehid-png.jpg","contentUrl":"https:\/\/www.zerdab.com\/wp-content\/uploads\/2023\/09\/sehid-png.jpg","width":637,"height":399},{"@type":"BreadcrumbList","@id":"https:\/\/www.zerdab.com\/?p=31597#breadcrumb","itemListElement":[{"@type":"ListItem","position":1,"name":"Home","item":"https:\/\/www.zerdab.com\/"},{"@type":"ListItem","position":2,"name":"Z\u0259rdabda Birinci Qaraba\u011f m\u00fcharib\u0259sinin \u015f\u0259hidi Abuz\u0259r Abbasov d\u0259fn edilib &#8211; V\u0130DEO"}]},{"@type":"WebSite","@id":"https:\/\/www.zerdab.com\/#website","url":"https:\/\/www.zerdab.com\/","name":"Z\u0259rdab.com","description":"","potentialAction":[{"@type":"SearchAction","target":{"@type":"EntryPoint","urlTemplate":"https:\/\/www.zerdab.com\/?s={search_term_string}"},"query-input":{"@type":"PropertyValueSpecification","valueRequired":true,"valueName":"search_term_string"}}],"inLanguage":"az"},{"@type":"Person","@id":"https:\/\/www.zerdab.com\/#\/schema\/person\/97079b7570c1e89ec0d9e138c3672136","name":"admin","image":{"@type":"ImageObject","inLanguage":"az","@id":"https:\/\/www.zerdab.com\/#\/schema\/person\/image\/","url":"https:\/\/secure.gravatar.com\/avatar\/d9c52a9a27c32119cb6679a077fa3e2779e5f822c451cbf01098004361d466ec?s=96&d=mm&r=g","contentUrl":"https:\/\/secure.gravatar.com\/avatar\/d9c52a9a27c32119cb6679a077fa3e2779e5f822c451cbf01098004361d466ec?s=96&d=mm&r=g","caption":"admin"},"url":"https:\/\/www.zerdab.com\/?author=1"}]}},"_links":{"self":[{"href":"https:\/\/www.zerdab.com\/index.php?rest_route=\/wp\/v2\/posts\/31597","targetHints":{"allow":["GET"]}}],"collection":[{"href":"https:\/\/www.zerdab.com\/index.php?rest_route=\/wp\/v2\/posts"}],"about":[{"href":"https:\/\/www.zerdab.com\/index.php?rest_route=\/wp\/v2\/types\/post"}],"author":[{"embeddable":true,"href":"https:\/\/www.zerdab.com\/index.php?rest_route=\/wp\/v2\/users\/1"}],"replies":[{"embeddable":true,"href":"https:\/\/www.zerdab.com\/index.php?rest_route=%2Fwp%2Fv2%2Fcomments&post=31597"}],"version-history":[{"count":2,"href":"https:\/\/www.zerdab.com\/index.php?rest_route=\/wp\/v2\/posts\/31597\/revisions"}],"predecessor-version":[{"id":31599,"href":"https:\/\/www.zerdab.com\/index.php?rest_route=\/wp\/v2\/posts\/31597\/revisions\/31599"}],"wp:featuredmedia":[{"embeddable":true,"href":"https:\/\/www.zerdab.com\/index.php?rest_route=\/wp\/v2\/media\/30154"}],"wp:attachment":[{"href":"https:\/\/www.zerdab.com\/index.php?rest_route=%2Fwp%2Fv2%2Fmedia&parent=31597"}],"wp:term":[{"taxonomy":"category","embeddable":true,"href":"https:\/\/www.zerdab.com\/index.php?rest_route=%2Fwp%2Fv2%2Fcategories&post=31597"},{"taxonomy":"post_tag","embeddable":true,"href":"https:\/\/www.zerdab.com\/index.php?rest_route=%2Fwp%2Fv2%2Ftags&post=31597"}],"curies":[{"name":"wp","href":"https:\/\/api.w.org\/{rel}","templated":true}]}}