{"id":31635,"date":"2025-06-30T11:48:42","date_gmt":"2025-06-30T07:48:42","guid":{"rendered":"https:\/\/www.zerdab.com\/?p=31635"},"modified":"2025-06-30T11:49:39","modified_gmt":"2025-06-30T07:49:39","slug":"az%c9%99rbaycanda-qadinlarin-pensiya-yasi-6-ay-artirilir-bu-tarixd%c9%99n","status":"publish","type":"post","link":"https:\/\/www.zerdab.com\/?p=31635","title":{"rendered":"Az\u0259rbaycanda qad\u0131nlar\u0131n pensiya ya\u015f\u0131 6 ay art\u0131r\u0131l\u0131r \u2013 Bu tarixd\u0259n"},"content":{"rendered":"<p><strong>\u0130yulun 1-d\u0259n Az\u0259rbaycanda qad\u0131nlar\u0131n pensiyaya \u00e7\u0131xma ya\u015f\u0131 64 il 6 ay olacaq.<\/strong><\/p>\n<p><strong>Zerdab.com<\/strong>\u00a0\u00a0x\u0259b\u0259r verir ki, \u201c\u018fm\u0259k pensiyalar\u0131 haqq\u0131nda\u201d Qanunun 7-ci madd\u0259sin\u0259 \u0259sas\u0259n, ki\u015fil\u0259rin pensiya ya\u015f h\u0259ddi 2017-ci il iyulun 1-d\u0259n ba\u015flayaraq 2021-ci il iyulun 1-d\u0259k, qad\u0131nlar\u0131n ya\u015f h\u0259ddi 2017-ci il iyulun 1-d\u0259n ba\u015flayaraq 2027-ci il iyulun 1-d\u0259k h\u0259r il 6 ay art\u0131r\u0131l\u0131r.<\/p>\n<p>Qeyd ed\u0259k ki, qad\u0131nlar\u0131n pensiya ya\u015f\u0131 sonuncu d\u0259f\u0259 \u00f6t\u0259n il \u2013 2024-c\u00fc ilin iyul ay\u0131n\u0131n 1-d\u0259n 6 ay art\u0131r\u0131laraq 64 edilib.<\/p>\n<p><strong>X\u0259b\u0259r verdiyimiz kimi, Az\u0259rbaycanda sosial m\u00fcavin\u0259tl\u0259r art\u0131r\u0131l\u0131b.<\/strong><\/p>\n<p>Bu, Prezident \u0130lham \u018fliyevin F\u0259rman\u0131 il\u0259 \u201cSosial m\u00fcavin\u0259tl\u0259rin, Az\u0259rbaycan Respublikas\u0131 Prezidentinin t\u0259qa\u00fcdl\u0259rinin v\u0259 f\u0259xri adlara g\u00f6r\u0259 t\u0259qa\u00fcdl\u0259rin m\u0259bl\u0259\u011fl\u0259rinin art\u0131r\u0131lmas\u0131 v\u0259 bununla \u0259laq\u0259dar Az\u0259rbaycan Respublikas\u0131 Prezidentinin b\u0259zi f\u0259rmanlar\u0131nda v\u0259 S\u0259r\u0259ncam\u0131nda edil\u0259n d\u0259yi\u015fiklikd\u0259 \u0259ksini tap\u0131b.<\/p>\n<p>F\u0259rmana \u0259sas\u0259n, iyulun 1-d\u0259n sosial m\u00fcavin\u0259tl\u0259rin m\u0259bl\u0259\u011fl\u0259ri a\u015fa\u011f\u0131dak\u0131 kimi m\u00fc\u0259yy\u0259n edilib:<br \/>\n\u2013 orqanizmin funksiyalar\u0131n\u0131n 81-100 % pozulmas\u0131na g\u00f6r\u0259 \u0259lilliyi m\u00fc\u0259yy\u0259n edilmi\u015f \u015f\u0259xsl\u0259r\u0259 300 manat, orqanizmin funksiyalar\u0131n\u0131n 61-80 % pozulmas\u0131na g\u00f6r\u0259 \u0259lilliyi m\u00fc\u0259yy\u0259n edilmi\u015f \u015f\u0259xsl\u0259r\u0259 250 manat, orqanizmin funksiyalar\u0131n\u0131n 31-60 % pozulmas\u0131na g\u00f6r\u0259 \u0259lilliyi m\u00fc\u0259yy\u0259n edilmi\u015f \u015f\u0259xsl\u0259r\u0259 180 manat;<br \/>\n\u2013 ail\u0259 ba\u015f\u00e7\u0131s\u0131n\u0131 itirm\u0259y\u0259 g\u00f6r\u0259 140 manat;<br \/>\n\u2013 m\u00fcdd\u0259tli h\u0259qiqi h\u0259rbi xidm\u0259t h\u0259rbi qulluq\u00e7ular\u0131n\u0131n u\u015faqlar\u0131na 140 manat;<br \/>\n\u2013 valideynl\u0259rini itirmi\u015f v\u0259 valideyn himay\u0259sind\u0259n m\u0259hrum olmu\u015f u\u015faqlar\u0131n q\u0259yyumlar\u0131na (himay\u0259\u00e7il\u0259rin\u0259) 140 manat;<br \/>\n\u2013 bir ya\u015f\u0131nad\u0259k u\u015fa\u011f\u0131 olan azt\u0259minatl\u0131 ail\u0259l\u0259r\u0259 h\u0259r u\u015faq \u00fc\u00e7\u00fcn 140 manat;<br \/>\n\u2013 be\u015fd\u0259n \u00e7ox u\u015fa\u011f\u0131 olan qad\u0131nlara h\u0259r u\u015faq \u00fc\u00e7\u00fcn 140 manat;<br \/>\n\u2013 \u00f6vladl\u0131\u011fa g\u00f6t\u00fcr\u00fcl\u0259n u\u015fa\u011fa (18 ya\u015f\u0131nad\u0259k \u0259lilliyi m\u00fc\u0259yy\u0259n edilmi\u015f u\u015faqlar istisna olmaqla) g\u00f6r\u0259 240 manat;<br \/>\n\u2013 himay\u0259dar ail\u0259y\u0259 verilmi\u015f 18 ya\u015f\u0131nad\u0259k \u0259lilliyi m\u00fc\u0259yy\u0259n edilmi\u015f u\u015fa\u011f\u0131n t\u0259rbiy\u0259 edilm\u0259sin\u0259 g\u00f6r\u0259: 0-6 ya\u015f aras\u0131 u\u015fa\u011fa g\u00f6r\u0259 500 manat, 7-13 ya\u015f aras\u0131 u\u015fa\u011fa g\u00f6r\u0259 600 manat, 14-18 ya\u015f aras\u0131 u\u015fa\u011fa g\u00f6r\u0259 650 manat;<br \/>\n\u2013 u\u015fa\u011f\u0131n anadan olmas\u0131na g\u00f6r\u0259 600 manat;<br \/>\n\u2013 d\u0259fn \u00fc\u00e7\u00fcn 600 manat.<\/p>\n","protected":false},"excerpt":{"rendered":"<p>\u0130yulun 1-d\u0259n Az\u0259rbaycanda qad\u0131nlar\u0131n pensiyaya \u00e7\u0131xma ya\u015f\u0131 64 il 6 ay olacaq. Zerdab.com\u00a0\u00a0x\u0259b\u0259r verir ki, \u201c\u018fm\u0259k pensiyalar\u0131 haqq\u0131nda\u201d Qanunun 7-ci madd\u0259sin\u0259 \u0259sas\u0259n, ki\u015fil\u0259rin pensiya ya\u015f h\u0259ddi 2017-ci il iyulun 1-d\u0259n ba\u015flayaraq 2021-ci il iyulun 1-d\u0259k, qad\u0131nlar\u0131n ya\u015f h\u0259ddi 2017-ci il iyulun 1-d\u0259n ba\u015flayaraq 2027-ci il iyulun 1-d\u0259k h\u0259r il 6 ay art\u0131r\u0131l\u0131r. Qeyd ed\u0259k ki, [&hellip;]<\/p>\n","protected":false},"author":1,"featured_media":30771,"comment_status":"closed","ping_status":"closed","sticky":false,"template":"","format":"standard","meta":{"footnotes":""},"categories":[63,5],"tags":[],"class_list":{"0":"post-31635","1":"post","2":"type-post","3":"status-publish","4":"format-standard","5":"has-post-thumbnail","7":"category-manset","8":"category-knd"},"yoast_head":"<!-- This site is optimized with the Yoast SEO plugin v27.0 - https:\/\/yoast.com\/product\/yoast-seo-wordpress\/ -->\n<title>Az\u0259rbaycanda qad\u0131nlar\u0131n pensiya ya\u015f\u0131 6 ay art\u0131r\u0131l\u0131r \u2013 Bu tarixd\u0259n - Z\u0259rdab.com<\/title>\n<meta name=\"robots\" content=\"index, follow, max-snippet:-1, max-image-preview:large, max-video-preview:-1\" \/>\n<link rel=\"canonical\" href=\"https:\/\/www.zerdab.com\/?p=31635\" \/>\n<meta property=\"og:locale\" content=\"az_AZ\" \/>\n<meta property=\"og:type\" content=\"article\" \/>\n<meta property=\"og:title\" content=\"Az\u0259rbaycanda qad\u0131nlar\u0131n pensiya ya\u015f\u0131 6 ay art\u0131r\u0131l\u0131r \u2013 Bu tarixd\u0259n - Z\u0259rdab.com\" \/>\n<meta property=\"og:description\" content=\"\u0130yulun 1-d\u0259n Az\u0259rbaycanda qad\u0131nlar\u0131n pensiyaya \u00e7\u0131xma ya\u015f\u0131 64 il 6 ay olacaq. Zerdab.com\u00a0\u00a0x\u0259b\u0259r verir ki, \u201c\u018fm\u0259k pensiyalar\u0131 haqq\u0131nda\u201d Qanunun 7-ci madd\u0259sin\u0259 \u0259sas\u0259n, ki\u015fil\u0259rin pensiya ya\u015f h\u0259ddi 2017-ci il iyulun 1-d\u0259n ba\u015flayaraq 2021-ci il iyulun 1-d\u0259k, qad\u0131nlar\u0131n ya\u015f h\u0259ddi 2017-ci il iyulun 1-d\u0259n ba\u015flayaraq 2027-ci il iyulun 1-d\u0259k h\u0259r il 6 ay art\u0131r\u0131l\u0131r. Qeyd ed\u0259k ki, [&hellip;]\" \/>\n<meta property=\"og:url\" content=\"https:\/\/www.zerdab.com\/?p=31635\" \/>\n<meta property=\"og:site_name\" content=\"Z\u0259rdab.com\" \/>\n<meta property=\"article:published_time\" content=\"2025-06-30T07:48:42+00:00\" \/>\n<meta property=\"article:modified_time\" content=\"2025-06-30T07:49:39+00:00\" \/>\n<meta property=\"og:image\" content=\"http:\/\/www.zerdab.com\/wp-content\/uploads\/2024\/02\/mana-maas-pensiya.jpg\" \/>\n\t<meta property=\"og:image:width\" content=\"637\" \/>\n\t<meta property=\"og:image:height\" content=\"400\" \/>\n\t<meta property=\"og:image:type\" content=\"image\/jpeg\" \/>\n<meta name=\"author\" content=\"admin\" \/>\n<meta name=\"twitter:card\" content=\"summary_large_image\" \/>\n<meta name=\"twitter:label1\" content=\"Written by\" \/>\n\t<meta name=\"twitter:data1\" content=\"admin\" \/>\n\t<meta name=\"twitter:label2\" content=\"Est. reading time\" \/>\n\t<meta name=\"twitter:data2\" content=\"2 minutes\" \/>\n<script type=\"application\/ld+json\" class=\"yoast-schema-graph\">{\"@context\":\"https:\/\/schema.org\",\"@graph\":[{\"@type\":\"Article\",\"@id\":\"https:\/\/www.zerdab.com\/?p=31635#article\",\"isPartOf\":{\"@id\":\"https:\/\/www.zerdab.com\/?p=31635\"},\"author\":{\"name\":\"admin\",\"@id\":\"https:\/\/www.zerdab.com\/#\/schema\/person\/97079b7570c1e89ec0d9e138c3672136\"},\"headline\":\"Az\u0259rbaycanda qad\u0131nlar\u0131n pensiya ya\u015f\u0131 6 ay art\u0131r\u0131l\u0131r \u2013 Bu tarixd\u0259n\",\"datePublished\":\"2025-06-30T07:48:42+00:00\",\"dateModified\":\"2025-06-30T07:49:39+00:00\",\"mainEntityOfPage\":{\"@id\":\"https:\/\/www.zerdab.com\/?p=31635\"},\"wordCount\":443,\"image\":{\"@id\":\"https:\/\/www.zerdab.com\/?p=31635#primaryimage\"},\"thumbnailUrl\":\"https:\/\/www.zerdab.com\/wp-content\/uploads\/2024\/02\/mana-maas-pensiya.jpg\",\"articleSection\":[\"MAN\u015eET\",\"X\u018fB\u018fRL\u018fR\"],\"inLanguage\":\"az\"},{\"@type\":\"WebPage\",\"@id\":\"https:\/\/www.zerdab.com\/?p=31635\",\"url\":\"https:\/\/www.zerdab.com\/?p=31635\",\"name\":\"Az\u0259rbaycanda qad\u0131nlar\u0131n pensiya ya\u015f\u0131 6 ay art\u0131r\u0131l\u0131r \u2013 Bu tarixd\u0259n - Z\u0259rdab.com\",\"isPartOf\":{\"@id\":\"https:\/\/www.zerdab.com\/#website\"},\"primaryImageOfPage\":{\"@id\":\"https:\/\/www.zerdab.com\/?p=31635#primaryimage\"},\"image\":{\"@id\":\"https:\/\/www.zerdab.com\/?p=31635#primaryimage\"},\"thumbnailUrl\":\"https:\/\/www.zerdab.com\/wp-content\/uploads\/2024\/02\/mana-maas-pensiya.jpg\",\"datePublished\":\"2025-06-30T07:48:42+00:00\",\"dateModified\":\"2025-06-30T07:49:39+00:00\",\"author\":{\"@id\":\"https:\/\/www.zerdab.com\/#\/schema\/person\/97079b7570c1e89ec0d9e138c3672136\"},\"breadcrumb\":{\"@id\":\"https:\/\/www.zerdab.com\/?p=31635#breadcrumb\"},\"inLanguage\":\"az\",\"potentialAction\":[{\"@type\":\"ReadAction\",\"target\":[\"https:\/\/www.zerdab.com\/?p=31635\"]}]},{\"@type\":\"ImageObject\",\"inLanguage\":\"az\",\"@id\":\"https:\/\/www.zerdab.com\/?p=31635#primaryimage\",\"url\":\"https:\/\/www.zerdab.com\/wp-content\/uploads\/2024\/02\/mana-maas-pensiya.jpg\",\"contentUrl\":\"https:\/\/www.zerdab.com\/wp-content\/uploads\/2024\/02\/mana-maas-pensiya.jpg\",\"width\":637,\"height\":400,\"caption\":\"mana-maas-pensiya\"},{\"@type\":\"BreadcrumbList\",\"@id\":\"https:\/\/www.zerdab.com\/?p=31635#breadcrumb\",\"itemListElement\":[{\"@type\":\"ListItem\",\"position\":1,\"name\":\"Home\",\"item\":\"https:\/\/www.zerdab.com\/\"},{\"@type\":\"ListItem\",\"position\":2,\"name\":\"Az\u0259rbaycanda qad\u0131nlar\u0131n pensiya ya\u015f\u0131 6 ay art\u0131r\u0131l\u0131r \u2013 Bu tarixd\u0259n\"}]},{\"@type\":\"WebSite\",\"@id\":\"https:\/\/www.zerdab.com\/#website\",\"url\":\"https:\/\/www.zerdab.com\/\",\"name\":\"Z\u0259rdab.com\",\"description\":\"\",\"potentialAction\":[{\"@type\":\"SearchAction\",\"target\":{\"@type\":\"EntryPoint\",\"urlTemplate\":\"https:\/\/www.zerdab.com\/?s={search_term_string}\"},\"query-input\":{\"@type\":\"PropertyValueSpecification\",\"valueRequired\":true,\"valueName\":\"search_term_string\"}}],\"inLanguage\":\"az\"},{\"@type\":\"Person\",\"@id\":\"https:\/\/www.zerdab.com\/#\/schema\/person\/97079b7570c1e89ec0d9e138c3672136\",\"name\":\"admin\",\"image\":{\"@type\":\"ImageObject\",\"inLanguage\":\"az\",\"@id\":\"https:\/\/www.zerdab.com\/#\/schema\/person\/image\/\",\"url\":\"https:\/\/secure.gravatar.com\/avatar\/d9c52a9a27c32119cb6679a077fa3e2779e5f822c451cbf01098004361d466ec?s=96&d=mm&r=g\",\"contentUrl\":\"https:\/\/secure.gravatar.com\/avatar\/d9c52a9a27c32119cb6679a077fa3e2779e5f822c451cbf01098004361d466ec?s=96&d=mm&r=g\",\"caption\":\"admin\"},\"url\":\"https:\/\/www.zerdab.com\/?author=1\"}]}<\/script>\n<!-- \/ Yoast SEO plugin. -->","yoast_head_json":{"title":"Az\u0259rbaycanda qad\u0131nlar\u0131n pensiya ya\u015f\u0131 6 ay art\u0131r\u0131l\u0131r \u2013 Bu tarixd\u0259n - Z\u0259rdab.com","robots":{"index":"index","follow":"follow","max-snippet":"max-snippet:-1","max-image-preview":"max-image-preview:large","max-video-preview":"max-video-preview:-1"},"canonical":"https:\/\/www.zerdab.com\/?p=31635","og_locale":"az_AZ","og_type":"article","og_title":"Az\u0259rbaycanda qad\u0131nlar\u0131n pensiya ya\u015f\u0131 6 ay art\u0131r\u0131l\u0131r \u2013 Bu tarixd\u0259n - Z\u0259rdab.com","og_description":"\u0130yulun 1-d\u0259n Az\u0259rbaycanda qad\u0131nlar\u0131n pensiyaya \u00e7\u0131xma ya\u015f\u0131 64 il 6 ay olacaq. Zerdab.com\u00a0\u00a0x\u0259b\u0259r verir ki, \u201c\u018fm\u0259k pensiyalar\u0131 haqq\u0131nda\u201d Qanunun 7-ci madd\u0259sin\u0259 \u0259sas\u0259n, ki\u015fil\u0259rin pensiya ya\u015f h\u0259ddi 2017-ci il iyulun 1-d\u0259n ba\u015flayaraq 2021-ci il iyulun 1-d\u0259k, qad\u0131nlar\u0131n ya\u015f h\u0259ddi 2017-ci il iyulun 1-d\u0259n ba\u015flayaraq 2027-ci il iyulun 1-d\u0259k h\u0259r il 6 ay art\u0131r\u0131l\u0131r. Qeyd ed\u0259k ki, [&hellip;]","og_url":"https:\/\/www.zerdab.com\/?p=31635","og_site_name":"Z\u0259rdab.com","article_published_time":"2025-06-30T07:48:42+00:00","article_modified_time":"2025-06-30T07:49:39+00:00","og_image":[{"width":637,"height":400,"url":"http:\/\/www.zerdab.com\/wp-content\/uploads\/2024\/02\/mana-maas-pensiya.jpg","type":"image\/jpeg"}],"author":"admin","twitter_card":"summary_large_image","twitter_misc":{"Written by":"admin","Est. reading time":"2 minutes"},"schema":{"@context":"https:\/\/schema.org","@graph":[{"@type":"Article","@id":"https:\/\/www.zerdab.com\/?p=31635#article","isPartOf":{"@id":"https:\/\/www.zerdab.com\/?p=31635"},"author":{"name":"admin","@id":"https:\/\/www.zerdab.com\/#\/schema\/person\/97079b7570c1e89ec0d9e138c3672136"},"headline":"Az\u0259rbaycanda qad\u0131nlar\u0131n pensiya ya\u015f\u0131 6 ay art\u0131r\u0131l\u0131r \u2013 Bu tarixd\u0259n","datePublished":"2025-06-30T07:48:42+00:00","dateModified":"2025-06-30T07:49:39+00:00","mainEntityOfPage":{"@id":"https:\/\/www.zerdab.com\/?p=31635"},"wordCount":443,"image":{"@id":"https:\/\/www.zerdab.com\/?p=31635#primaryimage"},"thumbnailUrl":"https:\/\/www.zerdab.com\/wp-content\/uploads\/2024\/02\/mana-maas-pensiya.jpg","articleSection":["MAN\u015eET","X\u018fB\u018fRL\u018fR"],"inLanguage":"az"},{"@type":"WebPage","@id":"https:\/\/www.zerdab.com\/?p=31635","url":"https:\/\/www.zerdab.com\/?p=31635","name":"Az\u0259rbaycanda qad\u0131nlar\u0131n pensiya ya\u015f\u0131 6 ay art\u0131r\u0131l\u0131r \u2013 Bu tarixd\u0259n - Z\u0259rdab.com","isPartOf":{"@id":"https:\/\/www.zerdab.com\/#website"},"primaryImageOfPage":{"@id":"https:\/\/www.zerdab.com\/?p=31635#primaryimage"},"image":{"@id":"https:\/\/www.zerdab.com\/?p=31635#primaryimage"},"thumbnailUrl":"https:\/\/www.zerdab.com\/wp-content\/uploads\/2024\/02\/mana-maas-pensiya.jpg","datePublished":"2025-06-30T07:48:42+00:00","dateModified":"2025-06-30T07:49:39+00:00","author":{"@id":"https:\/\/www.zerdab.com\/#\/schema\/person\/97079b7570c1e89ec0d9e138c3672136"},"breadcrumb":{"@id":"https:\/\/www.zerdab.com\/?p=31635#breadcrumb"},"inLanguage":"az","potentialAction":[{"@type":"ReadAction","target":["https:\/\/www.zerdab.com\/?p=31635"]}]},{"@type":"ImageObject","inLanguage":"az","@id":"https:\/\/www.zerdab.com\/?p=31635#primaryimage","url":"https:\/\/www.zerdab.com\/wp-content\/uploads\/2024\/02\/mana-maas-pensiya.jpg","contentUrl":"https:\/\/www.zerdab.com\/wp-content\/uploads\/2024\/02\/mana-maas-pensiya.jpg","width":637,"height":400,"caption":"mana-maas-pensiya"},{"@type":"BreadcrumbList","@id":"https:\/\/www.zerdab.com\/?p=31635#breadcrumb","itemListElement":[{"@type":"ListItem","position":1,"name":"Home","item":"https:\/\/www.zerdab.com\/"},{"@type":"ListItem","position":2,"name":"Az\u0259rbaycanda qad\u0131nlar\u0131n pensiya ya\u015f\u0131 6 ay art\u0131r\u0131l\u0131r \u2013 Bu tarixd\u0259n"}]},{"@type":"WebSite","@id":"https:\/\/www.zerdab.com\/#website","url":"https:\/\/www.zerdab.com\/","name":"Z\u0259rdab.com","description":"","potentialAction":[{"@type":"SearchAction","target":{"@type":"EntryPoint","urlTemplate":"https:\/\/www.zerdab.com\/?s={search_term_string}"},"query-input":{"@type":"PropertyValueSpecification","valueRequired":true,"valueName":"search_term_string"}}],"inLanguage":"az"},{"@type":"Person","@id":"https:\/\/www.zerdab.com\/#\/schema\/person\/97079b7570c1e89ec0d9e138c3672136","name":"admin","image":{"@type":"ImageObject","inLanguage":"az","@id":"https:\/\/www.zerdab.com\/#\/schema\/person\/image\/","url":"https:\/\/secure.gravatar.com\/avatar\/d9c52a9a27c32119cb6679a077fa3e2779e5f822c451cbf01098004361d466ec?s=96&d=mm&r=g","contentUrl":"https:\/\/secure.gravatar.com\/avatar\/d9c52a9a27c32119cb6679a077fa3e2779e5f822c451cbf01098004361d466ec?s=96&d=mm&r=g","caption":"admin"},"url":"https:\/\/www.zerdab.com\/?author=1"}]}},"_links":{"self":[{"href":"https:\/\/www.zerdab.com\/index.php?rest_route=\/wp\/v2\/posts\/31635","targetHints":{"allow":["GET"]}}],"collection":[{"href":"https:\/\/www.zerdab.com\/index.php?rest_route=\/wp\/v2\/posts"}],"about":[{"href":"https:\/\/www.zerdab.com\/index.php?rest_route=\/wp\/v2\/types\/post"}],"author":[{"embeddable":true,"href":"https:\/\/www.zerdab.com\/index.php?rest_route=\/wp\/v2\/users\/1"}],"replies":[{"embeddable":true,"href":"https:\/\/www.zerdab.com\/index.php?rest_route=%2Fwp%2Fv2%2Fcomments&post=31635"}],"version-history":[{"count":1,"href":"https:\/\/www.zerdab.com\/index.php?rest_route=\/wp\/v2\/posts\/31635\/revisions"}],"predecessor-version":[{"id":31636,"href":"https:\/\/www.zerdab.com\/index.php?rest_route=\/wp\/v2\/posts\/31635\/revisions\/31636"}],"wp:featuredmedia":[{"embeddable":true,"href":"https:\/\/www.zerdab.com\/index.php?rest_route=\/wp\/v2\/media\/30771"}],"wp:attachment":[{"href":"https:\/\/www.zerdab.com\/index.php?rest_route=%2Fwp%2Fv2%2Fmedia&parent=31635"}],"wp:term":[{"taxonomy":"category","embeddable":true,"href":"https:\/\/www.zerdab.com\/index.php?rest_route=%2Fwp%2Fv2%2Fcategories&post=31635"},{"taxonomy":"post_tag","embeddable":true,"href":"https:\/\/www.zerdab.com\/index.php?rest_route=%2Fwp%2Fv2%2Ftags&post=31635"}],"curies":[{"name":"wp","href":"https:\/\/api.w.org\/{rel}","templated":true}]}}