{"id":31657,"date":"2025-07-08T14:50:12","date_gmt":"2025-07-08T10:50:12","guid":{"rendered":"https:\/\/www.zerdab.com\/?p=31657"},"modified":"2025-07-08T14:51:53","modified_gmt":"2025-07-08T10:51:53","slug":"h%c9%99s%c9%99n-b%c9%99y-z%c9%99rdabinin-babasi-m%c9%99lik-r%c9%99him-b%c9%99y-kim-olub-yaxindan-taniyaq","status":"publish","type":"post","link":"https:\/\/www.zerdab.com\/?p=31657","title":{"rendered":"H\u0259s\u0259n b\u0259y Z\u0259rdabinin babas\u0131 M\u0259lik R\u0259him b\u0259y kim olub? \u2013 Yax\u0131ndan tan\u0131yaq"},"content":{"rendered":"<p><strong><em>H\u0259s\u0259n b\u0259y Z\u0259rdabinin babas\u0131 M\u0259lik R\u0259him b\u0259y kim olub? Onun haqq\u0131nda hans\u0131 maraql\u0131 faktlar var?<\/em><\/strong><\/p>\n<p><strong><em>M\u0259lik R\u0259him b\u0259y<\/em><\/strong>\u00a0\u015eirvan xanl\u0131\u011f\u0131n\u0131n\u00a0<strong><em>Qarasubasar mahal\u0131n\u0131n naibi<\/em><\/strong>\u00a0olmaqla, eyni zamanda h\u0259min mahal\u0131n t\u0259rkibin\u0259 daxil olan q\u0259dim\u00a0<strong><em>Z\u0259rdab k\u0259ndinin yiy\u0259si (sahibi)<\/em><\/strong>\u00a0olub.<\/p>\n<p><strong>Zerdab.com<\/strong>\u00a0sayt\u0131 a<em>qrar elml\u0259ri \u00fczr\u0259 f\u0259ls\u0259f\u0259 doktoru, Beyn\u0259lxalq Ekoenergetika Akademiyas\u0131n\u0131n ekologiya \u00fczr\u0259 professoru, Az\u0259rbaycan Jurnalistl\u0259r v\u0259 Yaz\u0131\u00e7\u0131lar Birliyinin \u00fczv\u00fc, \u201cQ\u0131z\u0131l q\u0259l\u0259m\u201d, \u201cAli Media\u201d m\u00fckafat\u0131 laureat\u0131, Z\u0259rdabi\u015f\u00fcnas, Bak\u0131 D\u00f6vl\u0259t Universitetinin Ekologiya v\u0259 torpaq\u015f\u00fcnasl\u0131q fak\u00fclt\u0259sinin m\u00fc\u0259llimi Eld\u0259niz H\u0259s\u0259novun ara\u015fd\u0131rmalar\u0131na istinad\u0259n x\u0259b\u0259r verir ki, 1<\/em>820-ci ild\u0259 \u015eamax\u0131 xanl\u0131\u011f\u0131 l\u0259\u011fv edildikd\u0259n sonra da, 1821-ci ild\u0259n ba\u015flayaraq bir m\u00fcdd\u0259t,\u00a0<strong><em>Qarasubasar mahal\u0131<\/em><\/strong>\u00a0indiki Ucar, Z\u0259rdab, A\u011fda\u015f v\u0259 K\u00fcrd\u0259mir rayonlar\u0131n\u0131n \u0259razisind\u0259 m\u00f6vcud olub. Burada 1821-ci ild\u0259 10 k\u0259ndd\u0259\u00a0<em>(\u015eilyan, Qarab\u00f6rkl\u00fc, Birinci L\u0259ki, \u0130kinci L\u0259ki, \u018flv\u0259nd, Tilank\u00f6y\u00fcn, Muradxan, X\u0259l\u0259c, Z\u0259rdab, \u00c7all\u0131) 815 ail\u0259 ya\u015fay\u0131rd\u0131.<\/em><\/p>\n<p><strong><em>Mahal\u0131n naibi \u00a0<\/em><\/strong>H\u0259s\u0259n b\u0259y<strong><em>\u00a0Z\u0259rdabinin\u00a0<\/em><\/strong>babas\u0131<strong><em>\u00a0M\u0259lik R\u0259him b\u0259y\u00a0<\/em><\/strong>idi.<\/p>\n<p>1821-ci ild\u0259n sonrak\u0131 ill\u0259rd\u0259 d\u0259\u00a0<strong><em>Qarasubasar mahal\u0131n\u0131n naibi<\/em><\/strong>\u00a0<strong><em>M\u0259lik R\u0259him\u00a0<\/em><\/strong>b\u0259y olub.<\/p>\n<p><strong><em>Qarasubasar mahal\u0131n\u0131n\u00a0<\/em><\/strong>sakinl\u0259ri \u0259sas\u0259n \u0259kin\u00e7ilik v\u0259 barama\u00e7\u0131l\u0131q, pamb\u0131q\u00e7\u0131l\u0131qla m\u0259\u015f\u011ful olublar.<\/p>\n<p><strong><em>Mahallar\u0131\u00a0<\/em><\/strong>xan\u00a0<strong><em>tala\u011f\u0131 (f\u0259rman\u0131)<\/em><\/strong>\u00a0il\u0259 t\u0259yin olunmu\u015f\u00a0<strong><em>mahal b\u0259yl\u0259ri (naibl\u0259r)<\/em><\/strong>\u00a0idar\u0259 edirdil\u0259r. K\u0259ndl\u0259ri v\u0259 obalar\u0131\u00a0<strong><em>kovxalar<\/em><\/strong>\u00a0v\u0259\u00a0<strong><em>y\u00fczba\u015f\u0131lar<\/em><\/strong>\u00a0idar\u0259 edirdil\u0259r.\u00a0Onlar\u0131 k\u0259nd v\u0259 ya oba\u00a0<strong><em>icmas\u0131 se\u00e7irdi.<\/em><\/strong><\/p>\n<p>Yuxar\u0131da qeyd etdiyimiz kimi,\u00a0<strong><em>inzibati c\u0259h\u0259td\u0259n \u015eamax\u0131 xanl\u0131\u011f\u0131 mahallara b\u00f6l\u00fcnm\u00fc\u015fd\u00fc<\/em><\/strong>\u00a0ki, onun da m\u0259rk\u0259zi idar\u0259 aparat\u0131 il\u0259 yana\u015f\u0131, h\u0259r mahal\u0131n da \u00f6z idar\u0259 orqanlar\u0131 var idi.\u00a0<strong><em>Mahallar\u0131<\/em><\/strong>\u00a0b\u0259yl\u0259rd\u0259n t\u0259yin olunmu\u015f\u00a0<strong><em>mahal naibl\u0259ri\u00a0<\/em><\/strong>idar\u0259 edirdil\u0259r.<\/p>\n<p><strong><em>Mahal naibl\u0259ri<\/em><\/strong>\u00a0xan\u0131n m\u00fc\u0259yy\u0259n etdiyi\u00a0<strong><em>vergil\u0259ri\u00a0<\/em><\/strong>k\u0259nd icmalar\u0131 aras\u0131nda b\u00f6l\u00fcr, vergi verm\u0259kd\u0259n boyun qa\u00e7\u0131ranlar\u0131 vergil\u0259ri \u00f6d\u0259m\u0259y\u0259 m\u0259cbur edir, laz\u0131m g\u0259ldikd\u0259\u00a0<strong><em>k\u0259ndlil\u0259ri qo\u015funa s\u0259f\u0259rb\u0259r edir, m\u00fcharib\u0259 v\u0259 y\u00fcr\u00fc\u015f zaman\u0131 onlara komandanl\u0131q edir, mahal\u0131n s\u0259rh\u0259dl\u0259rini qoruyurdular.<\/em><\/strong><\/p>\n<p><strong><em>M\u0259lik R\u0259him b\u0259y\u00a0<\/em><\/strong><em>Qarasubasar mahal\u0131n\u0131n naibi olmaqla, eyni zamanda Z\u0259rdab k\u0259ndinin yerl\u0259\u015fdiyi \u015eirvan \u0259razisind\u0259 xeyriyy\u0259\u00e7ilikl\u0259 m\u0259\u015f\u011ful olub, elm\u0259, maarif\u0259 himay\u0259darl\u0131q edib.<\/em><\/p>\n<p><em>B\u00f6y\u00fck h\u00f6rm\u0259t v\u0259 n\u00fcfuz sahibi olan\u00a0<strong>R\u0259him b\u0259y \u0130ran \u015fahzad\u0259si Xosrov Mirz\u0259 Qacar Rusiyan\u0131n paytaxt\u0131 Peterburqa ged\u0259rk\u0259n onu Qaraba\u011fda qar\u015f\u0131layan \u015eirvan b\u0259yl\u0259ri qrupunda olub.<\/strong><\/em><\/p>\n<p>\u201cH\u0259l\u0259 1826-c\u0131 ild\u0259 v\u0259 sonrak\u0131 ill\u0259rd\u0259 d\u0259 faktiki olaraq\u00a0<strong><em>Qarasubasar mahal\u0131n\u0131n<\/em><\/strong>\u00a0<strong><em>naibi\u00a0<\/em><\/strong>H\u0259s\u0259n b\u0259y\u00a0<strong><em>Z\u0259rdabinin\u00a0<\/em><\/strong>babas\u0131<strong><em>\u00a0M\u0259lik R\u0259him b\u0259yin olmas\u0131n\u0131n\u00a0<\/em><\/strong>tarixi t\u0259sdiqini Az\u0259rbaycan Milli Elml\u0259r Akademiyas\u0131 M\u0259h\u0259mm\u0259d F\u00fczuli ad\u0131na \u018flyazmalar \u0130nstitutunun arxiv materiallar\u0131 i\u00e7\u0259risind\u0259n \u0259ld\u0259 etdiyim, a\u011f saya v\u0259r\u0259q\u0259 \u00fcz\u0259rind\u0259, qara m\u00fcr\u0259kk\u0259bl\u0259\u00a0<strong><em>qo\u015fun d\u0259st\u0259si \u00fc\u00e7\u00fcn t\u0259cili sur\u0259td\u0259 \u00e7\u00f6r\u0259k g\u00f6nd\u0259rilm\u0259si haqq\u0131nda<\/em><\/strong>\u00a0farsca<strong><em>\u00a0<\/em><\/strong>yaz\u0131lan v\u0259 h\u0259min m\u0259ktubun \u00fcst\u00fcn\u0259\u00a0<strong><em>general Paskevi\u00e7\u00a0<\/em><\/strong>t\u0259r\u0259find\u0259n yaz\u0131lm\u0131\u015f v\u0259\u00a0<strong><em>Qarasubasar mahal\u0131n\u0131n naibi R\u0259him b\u0259y\u0259<\/em><\/strong>\u00a0g\u00f6nd\u0259rilmi\u015f 21 oktyabr 1826-c\u0131 il tarixli, 1 v\u0259r\u0259q\u0259d\u0259n ibar\u0259t, rus dilind\u0259 olan\u00a0<strong><em>\u0259mrd\u0259n d\u0259 ayd\u0131n g\u00f6rm\u0259k olar.\u00a0<\/em><\/strong>H\u0259min \u0259mr il\u0259 Zerdab.com sayt\u0131n\u0131n oxucular\u0131n\u0131 tan\u0131\u015f etm\u0259k maraql\u0131 olard\u0131.<\/p>\n<p><em>Farsca yaz\u0131lan bu m\u0259ktubun m\u0259tnind\u0259 bildirilir:<\/em><\/p>\n<p><strong>\u201c<em>H\u00f6rm\u0259tli alic\u0259nab R\u0259him b\u0259y\u0259.<\/em><\/strong><\/p>\n<p>Ke\u00e7mi\u015fd\u0259 qo\u015fun sursat\u0131 haqq\u0131nda m\u0259ktub yazm\u0131\u015fd\u0131m. Yen\u0259 d\u0259 bu bar\u0259d\u0259 c\u0259nab polkovnik Mi\u015fkin\u0259 m\u0259ktub yazm\u0131\u015fam. Sizin s\u0259daq\u0259tiniz\u0259 tam \u0259min\u0259m.<\/p>\n<p>M\u00fcmk\u00fcn olsa, tez bir zamanda pad\u015fah anbarlar\u0131ndan\u00a0<strong><em>min \u00e7uval<\/em><\/strong>\u00a0tax\u0131l uzunqulaqlara y\u00fckl\u0259yib\u00a0<strong><em>\u00c7\u0259r\u0259k\u0259n\u0259<\/em><\/strong>\u00a0yola salas\u0131n\u0131z\u00a0<strong><em>(\u00c7\u0259r\u0259k\u0259n\u0259 dedikd\u0259, indiki G\u00f6y\u00e7ay rayonunun \u00c7\u0259r\u0259k\u0259 k\u0259ndi n\u0259z\u0259rd\u0259 tutulur).<\/em><\/strong><\/p>\n<p><strong><em>\u00a0<\/em><\/strong>\u00a0\u00a0\u00a0\u00a0\u00a0<strong><em>1826-c\u0131 il oktyabr ay\u0131 (1342-ci il, R\u0259bi\u00fcl-ax\u0131r)\u201d.<\/em><\/strong><\/p>\n<p>Bu haqda h\u00f6rm\u0259tli \u0130mperatorun e\u015fika\u011fas\u0131\u00a0<strong><em>(e\u015fika\u011fas\u0131 o zaman daxili i\u015fl\u0259r naziri hesab olunurdu) Ani\u015fov Paskevi\u00e7\u0259\u00a0<\/em><\/strong>m\u0259lumat verilib.<\/p>\n<p>Eyni zamanda bu m\u0259ktubun \u00fcst\u00fcn\u0259 farsa yaz\u0131lan d\u0259rk\u0259narda bildirilir ki, m\u0259s\u0259l\u0259 il\u0259 ba\u011fl\u0131 c\u0259nab\u00a0<strong><em>polkovkik Mi\u015fkin\u0259<\/em><\/strong>\u00a0m\u0259lumat verilib.<\/p>\n<p><em>Farsca yaz\u0131lan v\u0259 m\u00f6h\u00fcrl\u0259n\u0259n s\u00f6s\u00fcged\u0259n m\u0259ktubun \u00fcst\u00fcnd\u0259 k\u00f6nd\u0259l\u0259n sur\u0259td\u0259 bel\u0259 d\u0259rk\u0259nar yaz\u0131l\u0131b:<\/em><\/p>\n<p><strong><em>\u201cZ\u0259rdab mahal\u0131n\u0131n naibi R\u0259him b\u0259y\u0259.<\/em><\/strong><em>\u00a01004-c\u00fc d\u0259st\u0259y\u0259 \u0259n q\u0131sa vaxtda \u00e7\u00f6r\u0259k \u00e7atd\u0131rma haqq\u0131nda \u0259mr.\u00a0<strong>21 oktyabr 1826-c\u0131 il. General \u2013 Paskevi\u00e7\u201d.<\/strong><\/em><\/p>\n<p>M\u0259nb\u0259l\u0259rd\u0259 \u00a0<strong><em>H\u0259s\u0259n b\u0259y Z\u0259rdabinin<\/em><\/strong>\u00a0babas\u0131\u00a0<strong><em>M\u0259lik R\u0259him b\u0259yin<\/em><\/strong>\u00a0yaln\u0131z\u00a0<strong><em>S\u0259lim b\u0259y<\/em><\/strong>\u00a0adl\u0131 o\u011flu oldu\u011fu bildirils\u0259 d\u0259, apard\u0131\u011f\u0131m\u0131z ara\u015fd\u0131rmalar dem\u0259y\u0259 \u0259sas verir ki,\u00a0<strong><em>M\u0259lik R\u0259him\u00a0<\/em><\/strong><em>b\u0259yin<\/em>\u00a0o\u011flu<strong>\u00a0<em>S\u0259lim\u00a0<\/em><\/strong><em>b\u0259yd\u0259n<\/em>\u00a0ba\u015fqa\u00a0<strong><em>Qas\u0131m<\/em><\/strong>\u00a0<em>b\u0259y,<\/em>\u00a0<strong><em>Hiday\u0259t<\/em><\/strong>\u00a0b\u0259y,\u00a0<strong><em>\u018fs\u0259d<\/em><\/strong>\u00a0<em>b\u0259y<\/em>\u00a0adl\u0131 o\u011fullar\u0131,\u00a0<strong><em>Tubu\u00a0<\/em><\/strong>v\u0259\u00a0<strong><em>Ayna\u00a0<\/em><\/strong><em>xan\u0131m<\/em>\u00a0adl\u0131 q\u0131zlar\u0131 olub.<\/p>\n<p><strong><em>M\u0259lik R\u0259him<\/em><\/strong>\u00a0<em>b\u0259yin<\/em>\u00a0<strong><em>C\u0259f\u0259rqulu<\/em><\/strong>\u00a0<em>b\u0259y,<\/em>\u00a0<strong><em>M\u0259mm\u0259dal\u0131<\/em><\/strong>\u00a0<em>b\u0259y,<\/em>\u00a0<strong><em>Q\u0259dir\u00a0<\/em><\/strong><em>b\u0259y\u00a0<\/em>adl\u0131\u00a0<strong><em>qarda\u015flar\u0131<\/em><\/strong>\u00a0da olub ki, onlar\u0131n h\u0259r biri \u015eirvan\u0131n \u0259n varl\u0131-d\u00f6vl\u0259tli b\u0259yl\u0259rind\u0259n hesab edilib.<\/p>\n<p><strong><em>R\u0259him b\u0259y<\/em><\/strong><strong>\u00a0<\/strong>1837-ci ill\u0259rd\u0259 d\u00fcnyas\u0131n\u0131 d\u0259yi\u015fib.<\/p>\n<p>Allah r\u0259hm\u0259t el\u0259sin.<\/p>\n<p><strong>Zerdab.com<\/strong><\/p>\n","protected":false},"excerpt":{"rendered":"<p>H\u0259s\u0259n b\u0259y Z\u0259rdabinin babas\u0131 M\u0259lik R\u0259him b\u0259y kim olub? Onun haqq\u0131nda hans\u0131 maraql\u0131 faktlar var? M\u0259lik R\u0259him b\u0259y\u00a0\u015eirvan xanl\u0131\u011f\u0131n\u0131n\u00a0Qarasubasar mahal\u0131n\u0131n naibi\u00a0olmaqla, eyni zamanda h\u0259min mahal\u0131n t\u0259rkibin\u0259 daxil olan q\u0259dim\u00a0Z\u0259rdab k\u0259ndinin yiy\u0259si (sahibi)\u00a0olub. Zerdab.com\u00a0sayt\u0131 aqrar elml\u0259ri \u00fczr\u0259 f\u0259ls\u0259f\u0259 doktoru, Beyn\u0259lxalq Ekoenergetika Akademiyas\u0131n\u0131n ekologiya \u00fczr\u0259 professoru, Az\u0259rbaycan Jurnalistl\u0259r v\u0259 Yaz\u0131\u00e7\u0131lar Birliyinin \u00fczv\u00fc, \u201cQ\u0131z\u0131l q\u0259l\u0259m\u201d, \u201cAli Media\u201d m\u00fckafat\u0131 [&hellip;]<\/p>\n","protected":false},"author":1,"featured_media":31658,"comment_status":"closed","ping_status":"closed","sticky":false,"template":"","format":"standard","meta":{"footnotes":""},"categories":[7,63],"tags":[],"class_list":{"0":"post-31657","1":"post","2":"type-post","3":"status-publish","4":"format-standard","5":"has-post-thumbnail","7":"category-ziyalilar","8":"category-manset"},"yoast_head":"<!-- This site is optimized with the Yoast SEO plugin v27.0 - https:\/\/yoast.com\/product\/yoast-seo-wordpress\/ -->\n<title>H\u0259s\u0259n b\u0259y Z\u0259rdabinin babas\u0131 M\u0259lik R\u0259him b\u0259y kim olub? \u2013 Yax\u0131ndan tan\u0131yaq - Z\u0259rdab.com<\/title>\n<meta name=\"robots\" content=\"index, follow, max-snippet:-1, max-image-preview:large, max-video-preview:-1\" \/>\n<link rel=\"canonical\" href=\"https:\/\/www.zerdab.com\/?p=31657\" \/>\n<meta property=\"og:locale\" content=\"az_AZ\" \/>\n<meta property=\"og:type\" content=\"article\" \/>\n<meta property=\"og:title\" content=\"H\u0259s\u0259n b\u0259y Z\u0259rdabinin babas\u0131 M\u0259lik R\u0259him b\u0259y kim olub? \u2013 Yax\u0131ndan tan\u0131yaq - Z\u0259rdab.com\" \/>\n<meta property=\"og:description\" content=\"H\u0259s\u0259n b\u0259y Z\u0259rdabinin babas\u0131 M\u0259lik R\u0259him b\u0259y kim olub? Onun haqq\u0131nda hans\u0131 maraql\u0131 faktlar var? M\u0259lik R\u0259him b\u0259y\u00a0\u015eirvan xanl\u0131\u011f\u0131n\u0131n\u00a0Qarasubasar mahal\u0131n\u0131n naibi\u00a0olmaqla, eyni zamanda h\u0259min mahal\u0131n t\u0259rkibin\u0259 daxil olan q\u0259dim\u00a0Z\u0259rdab k\u0259ndinin yiy\u0259si (sahibi)\u00a0olub. Zerdab.com\u00a0sayt\u0131 aqrar elml\u0259ri \u00fczr\u0259 f\u0259ls\u0259f\u0259 doktoru, Beyn\u0259lxalq Ekoenergetika Akademiyas\u0131n\u0131n ekologiya \u00fczr\u0259 professoru, Az\u0259rbaycan Jurnalistl\u0259r v\u0259 Yaz\u0131\u00e7\u0131lar Birliyinin \u00fczv\u00fc, \u201cQ\u0131z\u0131l q\u0259l\u0259m\u201d, \u201cAli Media\u201d m\u00fckafat\u0131 [&hellip;]\" \/>\n<meta property=\"og:url\" content=\"https:\/\/www.zerdab.com\/?p=31657\" \/>\n<meta property=\"og:site_name\" content=\"Z\u0259rdab.com\" \/>\n<meta property=\"article:published_time\" content=\"2025-07-08T10:50:12+00:00\" \/>\n<meta property=\"article:modified_time\" content=\"2025-07-08T10:51:53+00:00\" \/>\n<meta property=\"og:image\" content=\"http:\/\/www.zerdab.com\/wp-content\/uploads\/2025\/07\/hesen-bey-zerdabi.jpg\" \/>\n\t<meta property=\"og:image:width\" content=\"750\" \/>\n\t<meta property=\"og:image:height\" content=\"431\" \/>\n\t<meta property=\"og:image:type\" content=\"image\/jpeg\" \/>\n<meta name=\"author\" content=\"admin\" \/>\n<meta name=\"twitter:card\" content=\"summary_large_image\" \/>\n<meta name=\"twitter:label1\" content=\"Written by\" \/>\n\t<meta name=\"twitter:data1\" content=\"admin\" \/>\n\t<meta name=\"twitter:label2\" content=\"Est. reading time\" \/>\n\t<meta name=\"twitter:data2\" content=\"4 minutes\" \/>\n<script type=\"application\/ld+json\" class=\"yoast-schema-graph\">{\"@context\":\"https:\/\/schema.org\",\"@graph\":[{\"@type\":\"Article\",\"@id\":\"https:\/\/www.zerdab.com\/?p=31657#article\",\"isPartOf\":{\"@id\":\"https:\/\/www.zerdab.com\/?p=31657\"},\"author\":{\"name\":\"admin\",\"@id\":\"https:\/\/www.zerdab.com\/#\/schema\/person\/97079b7570c1e89ec0d9e138c3672136\"},\"headline\":\"H\u0259s\u0259n b\u0259y Z\u0259rdabinin babas\u0131 M\u0259lik R\u0259him b\u0259y kim olub? \u2013 Yax\u0131ndan tan\u0131yaq\",\"datePublished\":\"2025-07-08T10:50:12+00:00\",\"dateModified\":\"2025-07-08T10:51:53+00:00\",\"mainEntityOfPage\":{\"@id\":\"https:\/\/www.zerdab.com\/?p=31657\"},\"wordCount\":1033,\"image\":{\"@id\":\"https:\/\/www.zerdab.com\/?p=31657#primaryimage\"},\"thumbnailUrl\":\"https:\/\/www.zerdab.com\/wp-content\/uploads\/2025\/07\/hesen-bey-zerdabi.jpg\",\"articleSection\":[\"F\u018fXRL\u018fR\u0130M\u0130Z\",\"MAN\u015eET\"],\"inLanguage\":\"az\"},{\"@type\":\"WebPage\",\"@id\":\"https:\/\/www.zerdab.com\/?p=31657\",\"url\":\"https:\/\/www.zerdab.com\/?p=31657\",\"name\":\"H\u0259s\u0259n b\u0259y Z\u0259rdabinin babas\u0131 M\u0259lik R\u0259him b\u0259y kim olub? \u2013 Yax\u0131ndan tan\u0131yaq - Z\u0259rdab.com\",\"isPartOf\":{\"@id\":\"https:\/\/www.zerdab.com\/#website\"},\"primaryImageOfPage\":{\"@id\":\"https:\/\/www.zerdab.com\/?p=31657#primaryimage\"},\"image\":{\"@id\":\"https:\/\/www.zerdab.com\/?p=31657#primaryimage\"},\"thumbnailUrl\":\"https:\/\/www.zerdab.com\/wp-content\/uploads\/2025\/07\/hesen-bey-zerdabi.jpg\",\"datePublished\":\"2025-07-08T10:50:12+00:00\",\"dateModified\":\"2025-07-08T10:51:53+00:00\",\"author\":{\"@id\":\"https:\/\/www.zerdab.com\/#\/schema\/person\/97079b7570c1e89ec0d9e138c3672136\"},\"breadcrumb\":{\"@id\":\"https:\/\/www.zerdab.com\/?p=31657#breadcrumb\"},\"inLanguage\":\"az\",\"potentialAction\":[{\"@type\":\"ReadAction\",\"target\":[\"https:\/\/www.zerdab.com\/?p=31657\"]}]},{\"@type\":\"ImageObject\",\"inLanguage\":\"az\",\"@id\":\"https:\/\/www.zerdab.com\/?p=31657#primaryimage\",\"url\":\"https:\/\/www.zerdab.com\/wp-content\/uploads\/2025\/07\/hesen-bey-zerdabi.jpg\",\"contentUrl\":\"https:\/\/www.zerdab.com\/wp-content\/uploads\/2025\/07\/hesen-bey-zerdabi.jpg\",\"width\":750,\"height\":431,\"caption\":\"hesen-bey-zerdabi\"},{\"@type\":\"BreadcrumbList\",\"@id\":\"https:\/\/www.zerdab.com\/?p=31657#breadcrumb\",\"itemListElement\":[{\"@type\":\"ListItem\",\"position\":1,\"name\":\"Home\",\"item\":\"https:\/\/www.zerdab.com\/\"},{\"@type\":\"ListItem\",\"position\":2,\"name\":\"H\u0259s\u0259n b\u0259y Z\u0259rdabinin babas\u0131 M\u0259lik R\u0259him b\u0259y kim olub? \u2013 Yax\u0131ndan tan\u0131yaq\"}]},{\"@type\":\"WebSite\",\"@id\":\"https:\/\/www.zerdab.com\/#website\",\"url\":\"https:\/\/www.zerdab.com\/\",\"name\":\"Z\u0259rdab.com\",\"description\":\"\",\"potentialAction\":[{\"@type\":\"SearchAction\",\"target\":{\"@type\":\"EntryPoint\",\"urlTemplate\":\"https:\/\/www.zerdab.com\/?s={search_term_string}\"},\"query-input\":{\"@type\":\"PropertyValueSpecification\",\"valueRequired\":true,\"valueName\":\"search_term_string\"}}],\"inLanguage\":\"az\"},{\"@type\":\"Person\",\"@id\":\"https:\/\/www.zerdab.com\/#\/schema\/person\/97079b7570c1e89ec0d9e138c3672136\",\"name\":\"admin\",\"image\":{\"@type\":\"ImageObject\",\"inLanguage\":\"az\",\"@id\":\"https:\/\/www.zerdab.com\/#\/schema\/person\/image\/\",\"url\":\"https:\/\/secure.gravatar.com\/avatar\/d9c52a9a27c32119cb6679a077fa3e2779e5f822c451cbf01098004361d466ec?s=96&d=mm&r=g\",\"contentUrl\":\"https:\/\/secure.gravatar.com\/avatar\/d9c52a9a27c32119cb6679a077fa3e2779e5f822c451cbf01098004361d466ec?s=96&d=mm&r=g\",\"caption\":\"admin\"},\"url\":\"https:\/\/www.zerdab.com\/?author=1\"}]}<\/script>\n<!-- \/ Yoast SEO plugin. -->","yoast_head_json":{"title":"H\u0259s\u0259n b\u0259y Z\u0259rdabinin babas\u0131 M\u0259lik R\u0259him b\u0259y kim olub? \u2013 Yax\u0131ndan tan\u0131yaq - Z\u0259rdab.com","robots":{"index":"index","follow":"follow","max-snippet":"max-snippet:-1","max-image-preview":"max-image-preview:large","max-video-preview":"max-video-preview:-1"},"canonical":"https:\/\/www.zerdab.com\/?p=31657","og_locale":"az_AZ","og_type":"article","og_title":"H\u0259s\u0259n b\u0259y Z\u0259rdabinin babas\u0131 M\u0259lik R\u0259him b\u0259y kim olub? \u2013 Yax\u0131ndan tan\u0131yaq - Z\u0259rdab.com","og_description":"H\u0259s\u0259n b\u0259y Z\u0259rdabinin babas\u0131 M\u0259lik R\u0259him b\u0259y kim olub? Onun haqq\u0131nda hans\u0131 maraql\u0131 faktlar var? M\u0259lik R\u0259him b\u0259y\u00a0\u015eirvan xanl\u0131\u011f\u0131n\u0131n\u00a0Qarasubasar mahal\u0131n\u0131n naibi\u00a0olmaqla, eyni zamanda h\u0259min mahal\u0131n t\u0259rkibin\u0259 daxil olan q\u0259dim\u00a0Z\u0259rdab k\u0259ndinin yiy\u0259si (sahibi)\u00a0olub. Zerdab.com\u00a0sayt\u0131 aqrar elml\u0259ri \u00fczr\u0259 f\u0259ls\u0259f\u0259 doktoru, Beyn\u0259lxalq Ekoenergetika Akademiyas\u0131n\u0131n ekologiya \u00fczr\u0259 professoru, Az\u0259rbaycan Jurnalistl\u0259r v\u0259 Yaz\u0131\u00e7\u0131lar Birliyinin \u00fczv\u00fc, \u201cQ\u0131z\u0131l q\u0259l\u0259m\u201d, \u201cAli Media\u201d m\u00fckafat\u0131 [&hellip;]","og_url":"https:\/\/www.zerdab.com\/?p=31657","og_site_name":"Z\u0259rdab.com","article_published_time":"2025-07-08T10:50:12+00:00","article_modified_time":"2025-07-08T10:51:53+00:00","og_image":[{"width":750,"height":431,"url":"http:\/\/www.zerdab.com\/wp-content\/uploads\/2025\/07\/hesen-bey-zerdabi.jpg","type":"image\/jpeg"}],"author":"admin","twitter_card":"summary_large_image","twitter_misc":{"Written by":"admin","Est. reading time":"4 minutes"},"schema":{"@context":"https:\/\/schema.org","@graph":[{"@type":"Article","@id":"https:\/\/www.zerdab.com\/?p=31657#article","isPartOf":{"@id":"https:\/\/www.zerdab.com\/?p=31657"},"author":{"name":"admin","@id":"https:\/\/www.zerdab.com\/#\/schema\/person\/97079b7570c1e89ec0d9e138c3672136"},"headline":"H\u0259s\u0259n b\u0259y Z\u0259rdabinin babas\u0131 M\u0259lik R\u0259him b\u0259y kim olub? \u2013 Yax\u0131ndan tan\u0131yaq","datePublished":"2025-07-08T10:50:12+00:00","dateModified":"2025-07-08T10:51:53+00:00","mainEntityOfPage":{"@id":"https:\/\/www.zerdab.com\/?p=31657"},"wordCount":1033,"image":{"@id":"https:\/\/www.zerdab.com\/?p=31657#primaryimage"},"thumbnailUrl":"https:\/\/www.zerdab.com\/wp-content\/uploads\/2025\/07\/hesen-bey-zerdabi.jpg","articleSection":["F\u018fXRL\u018fR\u0130M\u0130Z","MAN\u015eET"],"inLanguage":"az"},{"@type":"WebPage","@id":"https:\/\/www.zerdab.com\/?p=31657","url":"https:\/\/www.zerdab.com\/?p=31657","name":"H\u0259s\u0259n b\u0259y Z\u0259rdabinin babas\u0131 M\u0259lik R\u0259him b\u0259y kim olub? \u2013 Yax\u0131ndan tan\u0131yaq - Z\u0259rdab.com","isPartOf":{"@id":"https:\/\/www.zerdab.com\/#website"},"primaryImageOfPage":{"@id":"https:\/\/www.zerdab.com\/?p=31657#primaryimage"},"image":{"@id":"https:\/\/www.zerdab.com\/?p=31657#primaryimage"},"thumbnailUrl":"https:\/\/www.zerdab.com\/wp-content\/uploads\/2025\/07\/hesen-bey-zerdabi.jpg","datePublished":"2025-07-08T10:50:12+00:00","dateModified":"2025-07-08T10:51:53+00:00","author":{"@id":"https:\/\/www.zerdab.com\/#\/schema\/person\/97079b7570c1e89ec0d9e138c3672136"},"breadcrumb":{"@id":"https:\/\/www.zerdab.com\/?p=31657#breadcrumb"},"inLanguage":"az","potentialAction":[{"@type":"ReadAction","target":["https:\/\/www.zerdab.com\/?p=31657"]}]},{"@type":"ImageObject","inLanguage":"az","@id":"https:\/\/www.zerdab.com\/?p=31657#primaryimage","url":"https:\/\/www.zerdab.com\/wp-content\/uploads\/2025\/07\/hesen-bey-zerdabi.jpg","contentUrl":"https:\/\/www.zerdab.com\/wp-content\/uploads\/2025\/07\/hesen-bey-zerdabi.jpg","width":750,"height":431,"caption":"hesen-bey-zerdabi"},{"@type":"BreadcrumbList","@id":"https:\/\/www.zerdab.com\/?p=31657#breadcrumb","itemListElement":[{"@type":"ListItem","position":1,"name":"Home","item":"https:\/\/www.zerdab.com\/"},{"@type":"ListItem","position":2,"name":"H\u0259s\u0259n b\u0259y Z\u0259rdabinin babas\u0131 M\u0259lik R\u0259him b\u0259y kim olub? \u2013 Yax\u0131ndan tan\u0131yaq"}]},{"@type":"WebSite","@id":"https:\/\/www.zerdab.com\/#website","url":"https:\/\/www.zerdab.com\/","name":"Z\u0259rdab.com","description":"","potentialAction":[{"@type":"SearchAction","target":{"@type":"EntryPoint","urlTemplate":"https:\/\/www.zerdab.com\/?s={search_term_string}"},"query-input":{"@type":"PropertyValueSpecification","valueRequired":true,"valueName":"search_term_string"}}],"inLanguage":"az"},{"@type":"Person","@id":"https:\/\/www.zerdab.com\/#\/schema\/person\/97079b7570c1e89ec0d9e138c3672136","name":"admin","image":{"@type":"ImageObject","inLanguage":"az","@id":"https:\/\/www.zerdab.com\/#\/schema\/person\/image\/","url":"https:\/\/secure.gravatar.com\/avatar\/d9c52a9a27c32119cb6679a077fa3e2779e5f822c451cbf01098004361d466ec?s=96&d=mm&r=g","contentUrl":"https:\/\/secure.gravatar.com\/avatar\/d9c52a9a27c32119cb6679a077fa3e2779e5f822c451cbf01098004361d466ec?s=96&d=mm&r=g","caption":"admin"},"url":"https:\/\/www.zerdab.com\/?author=1"}]}},"_links":{"self":[{"href":"https:\/\/www.zerdab.com\/index.php?rest_route=\/wp\/v2\/posts\/31657","targetHints":{"allow":["GET"]}}],"collection":[{"href":"https:\/\/www.zerdab.com\/index.php?rest_route=\/wp\/v2\/posts"}],"about":[{"href":"https:\/\/www.zerdab.com\/index.php?rest_route=\/wp\/v2\/types\/post"}],"author":[{"embeddable":true,"href":"https:\/\/www.zerdab.com\/index.php?rest_route=\/wp\/v2\/users\/1"}],"replies":[{"embeddable":true,"href":"https:\/\/www.zerdab.com\/index.php?rest_route=%2Fwp%2Fv2%2Fcomments&post=31657"}],"version-history":[{"count":1,"href":"https:\/\/www.zerdab.com\/index.php?rest_route=\/wp\/v2\/posts\/31657\/revisions"}],"predecessor-version":[{"id":31659,"href":"https:\/\/www.zerdab.com\/index.php?rest_route=\/wp\/v2\/posts\/31657\/revisions\/31659"}],"wp:featuredmedia":[{"embeddable":true,"href":"https:\/\/www.zerdab.com\/index.php?rest_route=\/wp\/v2\/media\/31658"}],"wp:attachment":[{"href":"https:\/\/www.zerdab.com\/index.php?rest_route=%2Fwp%2Fv2%2Fmedia&parent=31657"}],"wp:term":[{"taxonomy":"category","embeddable":true,"href":"https:\/\/www.zerdab.com\/index.php?rest_route=%2Fwp%2Fv2%2Fcategories&post=31657"},{"taxonomy":"post_tag","embeddable":true,"href":"https:\/\/www.zerdab.com\/index.php?rest_route=%2Fwp%2Fv2%2Ftags&post=31657"}],"curies":[{"name":"wp","href":"https:\/\/api.w.org\/{rel}","templated":true}]}}