{"id":31768,"date":"2025-10-16T09:54:47","date_gmt":"2025-10-16T05:54:47","guid":{"rendered":"https:\/\/www.zerdab.com\/?p=31768"},"modified":"2025-10-16T10:09:35","modified_gmt":"2025-10-16T06:09:35","slug":"biznes%c9%99-dogru-ilk-addim-g%c9%99nc-qizlar-ucun-imkanlar-layih%c9%99sinin-baglanis-m%c9%99rasimi-kecirildi","status":"publish","type":"post","link":"https:\/\/www.zerdab.com\/?p=31768","title":{"rendered":"\u201cBiznes\u0259 do\u011fru ilk add\u0131m: G\u0259nc q\u0131zlar \u00fc\u00e7\u00fcn imkanlar\u201d layih\u0259sinin ba\u011flan\u0131\u015f m\u0259rasimi ke\u00e7irildi &#8211; FOTO"},"content":{"rendered":"<p>\u201cBiznes\u0259 do\u011fru ilk add\u0131m: G\u0259nc q\u0131zlar \u00fc\u00e7\u00fcn imkanlar\u201d layih\u0259sinin Ba\u011flan\u0131\u015f M\u0259rasimi ke\u00e7irildi.<\/p>\n<p><strong>\u00a0<\/strong>\u201cG\u0259ncliy\u0259 D\u0259st\u0259k\u201d \u0130ctimai Birliyi Az\u0259rbaycan Respublikas\u0131n\u0131n Qeyri-H\u00f6kum\u0259t T\u0259\u015fkilatlar\u0131na D\u00f6vl\u0259t D\u0259st\u0259yi Agentliyinin d\u0259st\u0259yi il\u0259 \u201cBiznes\u0259 do\u011fru ilk add\u0131m: G\u0259nc q\u0131zlar \u00fc\u00e7\u00fcn imkanlar\u201d layih\u0259sinin Ba\u011flan\u0131\u015f M\u0259rasimi ke\u00e7irildi. M\u0259rasim 120-d\u0259n \u00e7ox g\u0259ncin i\u015ftirak\u0131 il\u0259 Z\u0259rdab rayon Heyd\u0259r \u018fliyev M\u0259rk\u0259zind\u0259 t\u0259\u015fkil olundu.<\/p>\n<p><b>Zerdab.com <\/b>x\u0259b\u0259r verir ki, layih\u0259 r\u0259hb\u0259ri V\u0259fa X\u0259lilli AR QHT-l\u0259r\u0259 D\u00f6vl\u0259t D\u0259st\u0259yi Agentliyi, t\u0259\u015fkilat\u0131n f\u0259aliyy\u0259ti v\u0259 layih\u0259nin icras\u0131 m\u00fcdd\u0259ti g\u00f6r\u00fclm\u00fc\u015f i\u015fl\u0259r v\u0259 \u0259ld\u0259 olunmu\u015f n\u0259tic\u0259l\u0259rl\u0259 ba\u011fl\u0131 m\u0259lumat verdi.<\/p>\n<p>Layih\u0259 m\u00fcdd\u0259tind\u0259 h\u0259r birind\u0259 25 g\u0259nc q\u0131z olmaqla Z\u0259rdabda 2, G\u00f6y\u00e7ay v\u0259 Ucar rayonlar\u0131nda 1 t\u0259lim h\u0259yata ke\u00e7irilmi\u015fdir. Ke\u00e7irilmi\u015f t\u0259liml\u0259rd\u0259 prosesi idar\u0259 ed\u0259n t\u0259lim\u00e7i BMT-nin Beyn\u0259lxalq \u018fm\u0259k T\u0259\u015fkilat\u0131n\u0131n t\u0259lim\u00e7isi Ba\u011f\u0131 X\u0259lilli t\u0259lim m\u00fcdd\u0259tind\u0259 g\u0259ncl\u0259rin biznes qurma istiqam\u0259tind\u0259 \u0259ld\u0259 etdiyi bilikl\u0259rd\u0259n dan\u0131\u015fd\u0131. T\u0259liml\u0259rd\u0259 i\u015ftirak\u00e7\u0131lar\u0131n x\u00fcsusi ideyalar istiqam\u0259tind\u0259 real n\u00fcmun\u0259l\u0259rl\u0259 biznes ideyalar\u0131 formala\u015fd\u0131r\u0131ld\u0131, bazar v\u0259 r\u0259qibl\u0259rin t\u0259hlili il\u0259 yana\u015f\u0131, biznes plan\u0131n\u0131n haz\u0131rlanmas\u0131, maliyy\u0259 idar\u0259\u00e7iliyi, sat\u0131\u015f v\u0259 marketinq strategiyalar\u0131 bar\u0259d\u0259 d\u0259 \u0259trafl\u0131 m\u0259lumatlarla t\u0259min edilibl\u0259r.<\/p>\n<p>Z\u0259rdab Pe\u015f\u0259 Liseyinin direktoru Bab\u0259k Mikay\u0131lov \u00e7\u0131x\u0131\u015f ed\u0259rk\u0259n qad\u0131nlar\u0131n i\u015f imkan\u0131n\u0131n art\u0131r\u0131lmas\u0131 n\u0259tic\u0259sind\u0259 bilavasit\u0259 qad\u0131n h\u00fcquqlar\u0131n\u0131n m\u00fcdafi\u0259sinin el\u0259 \u00f6zl\u0259ri t\u0259r\u0259find\u0259n d\u0259 t\u0259min edildiyini bildirdi.<\/p>\n<p>Z\u0259rdab rayon \u0130cra Hakimiyy\u0259tinin \u0259m\u0259kda\u015f\u0131 Tural Na\u011f\u0131yev bildirdi ki, layih\u0259nin m\u00f6vzusu \u00e7ox \u0259h\u0259miyy\u0259tlidir, \u00e7\u00fcnki h\u0259r bir qad\u0131n\u0131n i\u015f quraraq ya\u015fay\u0131\u015f\u0131n\u0131 t\u0259min etm\u0259si, rifah\u0131n\u0131 yax\u015f\u0131la\u015fd\u0131rmas\u0131 onun ail\u0259sinin, h\u0259m\u00e7inin rayonumuzun iqtisadi inki\u015faf\u0131na g\u0259tirib \u00e7\u0131xar\u0131r.<\/p>\n<p>Layih\u0259 \u00e7\u0259r\u00e7iv\u0259sind\u0259 ke\u00e7irilmi\u015f t\u0259limd\u0259 i\u015ftirak ed\u0259n Quliyeva G\u00fcl\u015f\u0259n t\u0259limd\u0259 \u0259ld\u0259 etdiyi bilikl\u0259rin g\u0259l\u0259c\u0259k inki\u015faf\u0131ndak\u0131 \u0259h\u0259miyy\u0259tind\u0259n b\u0259hs ed\u0259r\u0259k Agentliy\u0259 t\u0259\u015f\u0259kk\u00fcr\u00fcn\u00fc bildirdi.<\/p>\n<p><strong>\u201cG\u0259ncliy\u0259 d\u0259st\u0259k\u201d \u0130ctimai Birliyinin s\u0259dri \u2013 V\u0259fa X\u0259lilli<\/strong><\/p>\n<p><img loading=\"lazy\" decoding=\"async\" class=\"alignnone wp-image-101834 size-full\" src=\"https:\/\/xeberaz.info\/public\/storage\/2025\/10\/media-3c2791b7-171d-4423-b941-4d523b842a1a-r75m2qwxjy9f08pvub3s.jpg\" sizes=\"auto, (max-width: 1600px) 100vw, 1600px\" srcset=\"https:\/\/xeberaz.info\/public\/storage\/2025\/10\/media-3c2791b7-171d-4423-b941-4d523b842a1a-r75m2qwxjy9f08pvub3s.jpg 1600w, https:\/\/xeberaz.info\/public\/storage\/2025\/10\/media-3c2791b7-171d-4423-b941-4d523b842a1a-r75m2qwxjy9f08pvub3s-300x199.jpg 300w\" alt=\"image-3c2791b7-171d-4423-b941-4d523b842a1a\" width=\"1600\" height=\"1062\" \/><img loading=\"lazy\" decoding=\"async\" class=\"alignnone wp-image-101835 size-full\" src=\"https:\/\/xeberaz.info\/public\/storage\/2025\/10\/media-42e37327-f326-478d-bb07-c3cd2847d320-i59a6whtr0qvsmgp2yxj.jpg\" sizes=\"auto, (max-width: 1072px) 100vw, 1072px\" srcset=\"https:\/\/xeberaz.info\/public\/storage\/2025\/10\/media-42e37327-f326-478d-bb07-c3cd2847d320-i59a6whtr0qvsmgp2yxj.jpg 1072w, https:\/\/xeberaz.info\/public\/storage\/2025\/10\/media-42e37327-f326-478d-bb07-c3cd2847d320-i59a6whtr0qvsmgp2yxj-300x199.jpg 300w\" alt=\"image-42e37327-f326-478d-bb07-c3cd2847d320\" width=\"1072\" height=\"712\" \/><img loading=\"lazy\" decoding=\"async\" class=\"alignnone wp-image-101836 size-full\" src=\"https:\/\/xeberaz.info\/public\/storage\/2025\/10\/media-f7c5621a-c187-4565-8c2a-da42f411e0ba-gmsa45ur6wt1zfn39hjq.jpg\" sizes=\"auto, (max-width: 1600px) 100vw, 1600px\" srcset=\"https:\/\/xeberaz.info\/public\/storage\/2025\/10\/media-f7c5621a-c187-4565-8c2a-da42f411e0ba-gmsa45ur6wt1zfn39hjq.jpg 1600w, https:\/\/xeberaz.info\/public\/storage\/2025\/10\/media-f7c5621a-c187-4565-8c2a-da42f411e0ba-gmsa45ur6wt1zfn39hjq-300x199.jpg 300w\" alt=\"image-f7c5621a-c187-4565-8c2a-da42f411e0ba\" width=\"1600\" height=\"1062\" \/><img loading=\"lazy\" decoding=\"async\" class=\"alignnone wp-image-101837 size-full\" src=\"https:\/\/xeberaz.info\/public\/storage\/2025\/10\/media-f0012174-7bf4-40fa-9703-6872bccd2f49-zjslkt82bievpm30641n.jpg\" sizes=\"auto, (max-width: 1072px) 100vw, 1072px\" srcset=\"https:\/\/xeberaz.info\/public\/storage\/2025\/10\/media-f0012174-7bf4-40fa-9703-6872bccd2f49-zjslkt82bievpm30641n.jpg 1072w, https:\/\/xeberaz.info\/public\/storage\/2025\/10\/media-f0012174-7bf4-40fa-9703-6872bccd2f49-zjslkt82bievpm30641n-300x199.jpg 300w\" alt=\"image-f0012174-7bf4-40fa-9703-6872bccd2f49\" width=\"1072\" height=\"712\" \/><img loading=\"lazy\" decoding=\"async\" class=\"alignnone wp-image-101838 size-full\" src=\"https:\/\/xeberaz.info\/public\/storage\/2025\/10\/media-d74ef7d0-4506-47fe-b8f1-0eab2d3f1750-938l2irxgjw5fstah4me.jpg\" sizes=\"auto, (max-width: 1072px) 100vw, 1072px\" srcset=\"https:\/\/xeberaz.info\/public\/storage\/2025\/10\/media-d74ef7d0-4506-47fe-b8f1-0eab2d3f1750-938l2irxgjw5fstah4me.jpg 1072w, https:\/\/xeberaz.info\/public\/storage\/2025\/10\/media-d74ef7d0-4506-47fe-b8f1-0eab2d3f1750-938l2irxgjw5fstah4me-300x199.jpg 300w\" alt=\"image-d74ef7d0-4506-47fe-b8f1-0eab2d3f1750\" width=\"1072\" height=\"712\" \/><\/p>\n","protected":false},"excerpt":{"rendered":"<p>\u201cBiznes\u0259 do\u011fru ilk add\u0131m: G\u0259nc q\u0131zlar \u00fc\u00e7\u00fcn imkanlar\u201d layih\u0259sinin Ba\u011flan\u0131\u015f M\u0259rasimi ke\u00e7irildi. \u00a0\u201cG\u0259ncliy\u0259 D\u0259st\u0259k\u201d \u0130ctimai Birliyi Az\u0259rbaycan Respublikas\u0131n\u0131n Qeyri-H\u00f6kum\u0259t T\u0259\u015fkilatlar\u0131na D\u00f6vl\u0259t D\u0259st\u0259yi Agentliyinin d\u0259st\u0259yi il\u0259 \u201cBiznes\u0259 do\u011fru ilk add\u0131m: G\u0259nc q\u0131zlar \u00fc\u00e7\u00fcn imkanlar\u201d layih\u0259sinin Ba\u011flan\u0131\u015f M\u0259rasimi ke\u00e7irildi. M\u0259rasim 120-d\u0259n \u00e7ox g\u0259ncin i\u015ftirak\u0131 il\u0259 Z\u0259rdab rayon Heyd\u0259r \u018fliyev M\u0259rk\u0259zind\u0259 t\u0259\u015fkil olundu. Zerdab.com x\u0259b\u0259r verir ki, layih\u0259 [&hellip;]<\/p>\n","protected":false},"author":1,"featured_media":31769,"comment_status":"closed","ping_status":"closed","sticky":false,"template":"","format":"standard","meta":{"footnotes":""},"categories":[63,5],"tags":[],"class_list":{"0":"post-31768","1":"post","2":"type-post","3":"status-publish","4":"format-standard","5":"has-post-thumbnail","7":"category-manset","8":"category-knd"},"yoast_head":"<!-- This site is optimized with the Yoast SEO plugin v27.0 - https:\/\/yoast.com\/product\/yoast-seo-wordpress\/ -->\n<title>\u201cBiznes\u0259 do\u011fru ilk add\u0131m: G\u0259nc q\u0131zlar \u00fc\u00e7\u00fcn imkanlar\u201d layih\u0259sinin ba\u011flan\u0131\u015f m\u0259rasimi ke\u00e7irildi - FOTO - Z\u0259rdab.com<\/title>\n<meta name=\"robots\" content=\"index, follow, max-snippet:-1, max-image-preview:large, max-video-preview:-1\" \/>\n<link rel=\"canonical\" href=\"https:\/\/www.zerdab.com\/?p=31768\" \/>\n<meta property=\"og:locale\" content=\"az_AZ\" \/>\n<meta property=\"og:type\" content=\"article\" \/>\n<meta property=\"og:title\" content=\"\u201cBiznes\u0259 do\u011fru ilk add\u0131m: G\u0259nc q\u0131zlar \u00fc\u00e7\u00fcn imkanlar\u201d layih\u0259sinin ba\u011flan\u0131\u015f m\u0259rasimi ke\u00e7irildi - FOTO - Z\u0259rdab.com\" \/>\n<meta property=\"og:description\" content=\"\u201cBiznes\u0259 do\u011fru ilk add\u0131m: G\u0259nc q\u0131zlar \u00fc\u00e7\u00fcn imkanlar\u201d layih\u0259sinin Ba\u011flan\u0131\u015f M\u0259rasimi ke\u00e7irildi. \u00a0\u201cG\u0259ncliy\u0259 D\u0259st\u0259k\u201d \u0130ctimai Birliyi Az\u0259rbaycan Respublikas\u0131n\u0131n Qeyri-H\u00f6kum\u0259t T\u0259\u015fkilatlar\u0131na D\u00f6vl\u0259t D\u0259st\u0259yi Agentliyinin d\u0259st\u0259yi il\u0259 \u201cBiznes\u0259 do\u011fru ilk add\u0131m: G\u0259nc q\u0131zlar \u00fc\u00e7\u00fcn imkanlar\u201d layih\u0259sinin Ba\u011flan\u0131\u015f M\u0259rasimi ke\u00e7irildi. M\u0259rasim 120-d\u0259n \u00e7ox g\u0259ncin i\u015ftirak\u0131 il\u0259 Z\u0259rdab rayon Heyd\u0259r \u018fliyev M\u0259rk\u0259zind\u0259 t\u0259\u015fkil olundu. Zerdab.com x\u0259b\u0259r verir ki, layih\u0259 [&hellip;]\" \/>\n<meta property=\"og:url\" content=\"https:\/\/www.zerdab.com\/?p=31768\" \/>\n<meta property=\"og:site_name\" content=\"Z\u0259rdab.com\" \/>\n<meta property=\"article:published_time\" content=\"2025-10-16T05:54:47+00:00\" \/>\n<meta property=\"article:modified_time\" content=\"2025-10-16T06:09:35+00:00\" \/>\n<meta property=\"og:image\" content=\"http:\/\/www.zerdab.com\/wp-content\/uploads\/2025\/10\/media-3c2791b7-171d-4423-b941-4d523b842a1a-3rk7ucv9l6zynpbx2mjo.jpg\" \/>\n\t<meta property=\"og:image:width\" content=\"1600\" \/>\n\t<meta property=\"og:image:height\" content=\"1062\" \/>\n\t<meta property=\"og:image:type\" content=\"image\/jpeg\" \/>\n<meta name=\"author\" content=\"admin\" \/>\n<meta name=\"twitter:card\" content=\"summary_large_image\" \/>\n<meta name=\"twitter:label1\" content=\"Written by\" \/>\n\t<meta name=\"twitter:data1\" content=\"admin\" \/>\n\t<meta name=\"twitter:label2\" content=\"Est. reading time\" \/>\n\t<meta name=\"twitter:data2\" content=\"3 minutes\" \/>\n<script type=\"application\/ld+json\" class=\"yoast-schema-graph\">{\"@context\":\"https:\/\/schema.org\",\"@graph\":[{\"@type\":\"Article\",\"@id\":\"https:\/\/www.zerdab.com\/?p=31768#article\",\"isPartOf\":{\"@id\":\"https:\/\/www.zerdab.com\/?p=31768\"},\"author\":{\"name\":\"admin\",\"@id\":\"https:\/\/www.zerdab.com\/#\/schema\/person\/97079b7570c1e89ec0d9e138c3672136\"},\"headline\":\"\u201cBiznes\u0259 do\u011fru ilk add\u0131m: G\u0259nc q\u0131zlar \u00fc\u00e7\u00fcn imkanlar\u201d layih\u0259sinin ba\u011flan\u0131\u015f m\u0259rasimi ke\u00e7irildi &#8211; FOTO\",\"datePublished\":\"2025-10-16T05:54:47+00:00\",\"dateModified\":\"2025-10-16T06:09:35+00:00\",\"mainEntityOfPage\":{\"@id\":\"https:\/\/www.zerdab.com\/?p=31768\"},\"wordCount\":461,\"image\":{\"@id\":\"https:\/\/www.zerdab.com\/?p=31768#primaryimage\"},\"thumbnailUrl\":\"https:\/\/www.zerdab.com\/wp-content\/uploads\/2025\/10\/media-3c2791b7-171d-4423-b941-4d523b842a1a-3rk7ucv9l6zynpbx2mjo.jpg\",\"articleSection\":[\"MAN\u015eET\",\"X\u018fB\u018fRL\u018fR\"],\"inLanguage\":\"az\"},{\"@type\":\"WebPage\",\"@id\":\"https:\/\/www.zerdab.com\/?p=31768\",\"url\":\"https:\/\/www.zerdab.com\/?p=31768\",\"name\":\"\u201cBiznes\u0259 do\u011fru ilk add\u0131m: G\u0259nc q\u0131zlar \u00fc\u00e7\u00fcn imkanlar\u201d layih\u0259sinin ba\u011flan\u0131\u015f m\u0259rasimi ke\u00e7irildi - FOTO - Z\u0259rdab.com\",\"isPartOf\":{\"@id\":\"https:\/\/www.zerdab.com\/#website\"},\"primaryImageOfPage\":{\"@id\":\"https:\/\/www.zerdab.com\/?p=31768#primaryimage\"},\"image\":{\"@id\":\"https:\/\/www.zerdab.com\/?p=31768#primaryimage\"},\"thumbnailUrl\":\"https:\/\/www.zerdab.com\/wp-content\/uploads\/2025\/10\/media-3c2791b7-171d-4423-b941-4d523b842a1a-3rk7ucv9l6zynpbx2mjo.jpg\",\"datePublished\":\"2025-10-16T05:54:47+00:00\",\"dateModified\":\"2025-10-16T06:09:35+00:00\",\"author\":{\"@id\":\"https:\/\/www.zerdab.com\/#\/schema\/person\/97079b7570c1e89ec0d9e138c3672136\"},\"breadcrumb\":{\"@id\":\"https:\/\/www.zerdab.com\/?p=31768#breadcrumb\"},\"inLanguage\":\"az\",\"potentialAction\":[{\"@type\":\"ReadAction\",\"target\":[\"https:\/\/www.zerdab.com\/?p=31768\"]}]},{\"@type\":\"ImageObject\",\"inLanguage\":\"az\",\"@id\":\"https:\/\/www.zerdab.com\/?p=31768#primaryimage\",\"url\":\"https:\/\/www.zerdab.com\/wp-content\/uploads\/2025\/10\/media-3c2791b7-171d-4423-b941-4d523b842a1a-3rk7ucv9l6zynpbx2mjo.jpg\",\"contentUrl\":\"https:\/\/www.zerdab.com\/wp-content\/uploads\/2025\/10\/media-3c2791b7-171d-4423-b941-4d523b842a1a-3rk7ucv9l6zynpbx2mjo.jpg\",\"width\":1600,\"height\":1062},{\"@type\":\"BreadcrumbList\",\"@id\":\"https:\/\/www.zerdab.com\/?p=31768#breadcrumb\",\"itemListElement\":[{\"@type\":\"ListItem\",\"position\":1,\"name\":\"Home\",\"item\":\"https:\/\/www.zerdab.com\/\"},{\"@type\":\"ListItem\",\"position\":2,\"name\":\"\u201cBiznes\u0259 do\u011fru ilk add\u0131m: G\u0259nc q\u0131zlar \u00fc\u00e7\u00fcn imkanlar\u201d layih\u0259sinin ba\u011flan\u0131\u015f m\u0259rasimi ke\u00e7irildi &#8211; FOTO\"}]},{\"@type\":\"WebSite\",\"@id\":\"https:\/\/www.zerdab.com\/#website\",\"url\":\"https:\/\/www.zerdab.com\/\",\"name\":\"Z\u0259rdab.com\",\"description\":\"\",\"potentialAction\":[{\"@type\":\"SearchAction\",\"target\":{\"@type\":\"EntryPoint\",\"urlTemplate\":\"https:\/\/www.zerdab.com\/?s={search_term_string}\"},\"query-input\":{\"@type\":\"PropertyValueSpecification\",\"valueRequired\":true,\"valueName\":\"search_term_string\"}}],\"inLanguage\":\"az\"},{\"@type\":\"Person\",\"@id\":\"https:\/\/www.zerdab.com\/#\/schema\/person\/97079b7570c1e89ec0d9e138c3672136\",\"name\":\"admin\",\"image\":{\"@type\":\"ImageObject\",\"inLanguage\":\"az\",\"@id\":\"https:\/\/www.zerdab.com\/#\/schema\/person\/image\/\",\"url\":\"https:\/\/secure.gravatar.com\/avatar\/d9c52a9a27c32119cb6679a077fa3e2779e5f822c451cbf01098004361d466ec?s=96&d=mm&r=g\",\"contentUrl\":\"https:\/\/secure.gravatar.com\/avatar\/d9c52a9a27c32119cb6679a077fa3e2779e5f822c451cbf01098004361d466ec?s=96&d=mm&r=g\",\"caption\":\"admin\"},\"url\":\"https:\/\/www.zerdab.com\/?author=1\"}]}<\/script>\n<!-- \/ Yoast SEO plugin. -->","yoast_head_json":{"title":"\u201cBiznes\u0259 do\u011fru ilk add\u0131m: G\u0259nc q\u0131zlar \u00fc\u00e7\u00fcn imkanlar\u201d layih\u0259sinin ba\u011flan\u0131\u015f m\u0259rasimi ke\u00e7irildi - FOTO - Z\u0259rdab.com","robots":{"index":"index","follow":"follow","max-snippet":"max-snippet:-1","max-image-preview":"max-image-preview:large","max-video-preview":"max-video-preview:-1"},"canonical":"https:\/\/www.zerdab.com\/?p=31768","og_locale":"az_AZ","og_type":"article","og_title":"\u201cBiznes\u0259 do\u011fru ilk add\u0131m: G\u0259nc q\u0131zlar \u00fc\u00e7\u00fcn imkanlar\u201d layih\u0259sinin ba\u011flan\u0131\u015f m\u0259rasimi ke\u00e7irildi - FOTO - Z\u0259rdab.com","og_description":"\u201cBiznes\u0259 do\u011fru ilk add\u0131m: G\u0259nc q\u0131zlar \u00fc\u00e7\u00fcn imkanlar\u201d layih\u0259sinin Ba\u011flan\u0131\u015f M\u0259rasimi ke\u00e7irildi. \u00a0\u201cG\u0259ncliy\u0259 D\u0259st\u0259k\u201d \u0130ctimai Birliyi Az\u0259rbaycan Respublikas\u0131n\u0131n Qeyri-H\u00f6kum\u0259t T\u0259\u015fkilatlar\u0131na D\u00f6vl\u0259t D\u0259st\u0259yi Agentliyinin d\u0259st\u0259yi il\u0259 \u201cBiznes\u0259 do\u011fru ilk add\u0131m: G\u0259nc q\u0131zlar \u00fc\u00e7\u00fcn imkanlar\u201d layih\u0259sinin Ba\u011flan\u0131\u015f M\u0259rasimi ke\u00e7irildi. M\u0259rasim 120-d\u0259n \u00e7ox g\u0259ncin i\u015ftirak\u0131 il\u0259 Z\u0259rdab rayon Heyd\u0259r \u018fliyev M\u0259rk\u0259zind\u0259 t\u0259\u015fkil olundu. Zerdab.com x\u0259b\u0259r verir ki, layih\u0259 [&hellip;]","og_url":"https:\/\/www.zerdab.com\/?p=31768","og_site_name":"Z\u0259rdab.com","article_published_time":"2025-10-16T05:54:47+00:00","article_modified_time":"2025-10-16T06:09:35+00:00","og_image":[{"width":1600,"height":1062,"url":"http:\/\/www.zerdab.com\/wp-content\/uploads\/2025\/10\/media-3c2791b7-171d-4423-b941-4d523b842a1a-3rk7ucv9l6zynpbx2mjo.jpg","type":"image\/jpeg"}],"author":"admin","twitter_card":"summary_large_image","twitter_misc":{"Written by":"admin","Est. reading time":"3 minutes"},"schema":{"@context":"https:\/\/schema.org","@graph":[{"@type":"Article","@id":"https:\/\/www.zerdab.com\/?p=31768#article","isPartOf":{"@id":"https:\/\/www.zerdab.com\/?p=31768"},"author":{"name":"admin","@id":"https:\/\/www.zerdab.com\/#\/schema\/person\/97079b7570c1e89ec0d9e138c3672136"},"headline":"\u201cBiznes\u0259 do\u011fru ilk add\u0131m: G\u0259nc q\u0131zlar \u00fc\u00e7\u00fcn imkanlar\u201d layih\u0259sinin ba\u011flan\u0131\u015f m\u0259rasimi ke\u00e7irildi &#8211; FOTO","datePublished":"2025-10-16T05:54:47+00:00","dateModified":"2025-10-16T06:09:35+00:00","mainEntityOfPage":{"@id":"https:\/\/www.zerdab.com\/?p=31768"},"wordCount":461,"image":{"@id":"https:\/\/www.zerdab.com\/?p=31768#primaryimage"},"thumbnailUrl":"https:\/\/www.zerdab.com\/wp-content\/uploads\/2025\/10\/media-3c2791b7-171d-4423-b941-4d523b842a1a-3rk7ucv9l6zynpbx2mjo.jpg","articleSection":["MAN\u015eET","X\u018fB\u018fRL\u018fR"],"inLanguage":"az"},{"@type":"WebPage","@id":"https:\/\/www.zerdab.com\/?p=31768","url":"https:\/\/www.zerdab.com\/?p=31768","name":"\u201cBiznes\u0259 do\u011fru ilk add\u0131m: G\u0259nc q\u0131zlar \u00fc\u00e7\u00fcn imkanlar\u201d layih\u0259sinin ba\u011flan\u0131\u015f m\u0259rasimi ke\u00e7irildi - FOTO - Z\u0259rdab.com","isPartOf":{"@id":"https:\/\/www.zerdab.com\/#website"},"primaryImageOfPage":{"@id":"https:\/\/www.zerdab.com\/?p=31768#primaryimage"},"image":{"@id":"https:\/\/www.zerdab.com\/?p=31768#primaryimage"},"thumbnailUrl":"https:\/\/www.zerdab.com\/wp-content\/uploads\/2025\/10\/media-3c2791b7-171d-4423-b941-4d523b842a1a-3rk7ucv9l6zynpbx2mjo.jpg","datePublished":"2025-10-16T05:54:47+00:00","dateModified":"2025-10-16T06:09:35+00:00","author":{"@id":"https:\/\/www.zerdab.com\/#\/schema\/person\/97079b7570c1e89ec0d9e138c3672136"},"breadcrumb":{"@id":"https:\/\/www.zerdab.com\/?p=31768#breadcrumb"},"inLanguage":"az","potentialAction":[{"@type":"ReadAction","target":["https:\/\/www.zerdab.com\/?p=31768"]}]},{"@type":"ImageObject","inLanguage":"az","@id":"https:\/\/www.zerdab.com\/?p=31768#primaryimage","url":"https:\/\/www.zerdab.com\/wp-content\/uploads\/2025\/10\/media-3c2791b7-171d-4423-b941-4d523b842a1a-3rk7ucv9l6zynpbx2mjo.jpg","contentUrl":"https:\/\/www.zerdab.com\/wp-content\/uploads\/2025\/10\/media-3c2791b7-171d-4423-b941-4d523b842a1a-3rk7ucv9l6zynpbx2mjo.jpg","width":1600,"height":1062},{"@type":"BreadcrumbList","@id":"https:\/\/www.zerdab.com\/?p=31768#breadcrumb","itemListElement":[{"@type":"ListItem","position":1,"name":"Home","item":"https:\/\/www.zerdab.com\/"},{"@type":"ListItem","position":2,"name":"\u201cBiznes\u0259 do\u011fru ilk add\u0131m: G\u0259nc q\u0131zlar \u00fc\u00e7\u00fcn imkanlar\u201d layih\u0259sinin ba\u011flan\u0131\u015f m\u0259rasimi ke\u00e7irildi &#8211; FOTO"}]},{"@type":"WebSite","@id":"https:\/\/www.zerdab.com\/#website","url":"https:\/\/www.zerdab.com\/","name":"Z\u0259rdab.com","description":"","potentialAction":[{"@type":"SearchAction","target":{"@type":"EntryPoint","urlTemplate":"https:\/\/www.zerdab.com\/?s={search_term_string}"},"query-input":{"@type":"PropertyValueSpecification","valueRequired":true,"valueName":"search_term_string"}}],"inLanguage":"az"},{"@type":"Person","@id":"https:\/\/www.zerdab.com\/#\/schema\/person\/97079b7570c1e89ec0d9e138c3672136","name":"admin","image":{"@type":"ImageObject","inLanguage":"az","@id":"https:\/\/www.zerdab.com\/#\/schema\/person\/image\/","url":"https:\/\/secure.gravatar.com\/avatar\/d9c52a9a27c32119cb6679a077fa3e2779e5f822c451cbf01098004361d466ec?s=96&d=mm&r=g","contentUrl":"https:\/\/secure.gravatar.com\/avatar\/d9c52a9a27c32119cb6679a077fa3e2779e5f822c451cbf01098004361d466ec?s=96&d=mm&r=g","caption":"admin"},"url":"https:\/\/www.zerdab.com\/?author=1"}]}},"_links":{"self":[{"href":"https:\/\/www.zerdab.com\/index.php?rest_route=\/wp\/v2\/posts\/31768","targetHints":{"allow":["GET"]}}],"collection":[{"href":"https:\/\/www.zerdab.com\/index.php?rest_route=\/wp\/v2\/posts"}],"about":[{"href":"https:\/\/www.zerdab.com\/index.php?rest_route=\/wp\/v2\/types\/post"}],"author":[{"embeddable":true,"href":"https:\/\/www.zerdab.com\/index.php?rest_route=\/wp\/v2\/users\/1"}],"replies":[{"embeddable":true,"href":"https:\/\/www.zerdab.com\/index.php?rest_route=%2Fwp%2Fv2%2Fcomments&post=31768"}],"version-history":[{"count":4,"href":"https:\/\/www.zerdab.com\/index.php?rest_route=\/wp\/v2\/posts\/31768\/revisions"}],"predecessor-version":[{"id":31773,"href":"https:\/\/www.zerdab.com\/index.php?rest_route=\/wp\/v2\/posts\/31768\/revisions\/31773"}],"wp:featuredmedia":[{"embeddable":true,"href":"https:\/\/www.zerdab.com\/index.php?rest_route=\/wp\/v2\/media\/31769"}],"wp:attachment":[{"href":"https:\/\/www.zerdab.com\/index.php?rest_route=%2Fwp%2Fv2%2Fmedia&parent=31768"}],"wp:term":[{"taxonomy":"category","embeddable":true,"href":"https:\/\/www.zerdab.com\/index.php?rest_route=%2Fwp%2Fv2%2Fcategories&post=31768"},{"taxonomy":"post_tag","embeddable":true,"href":"https:\/\/www.zerdab.com\/index.php?rest_route=%2Fwp%2Fv2%2Ftags&post=31768"}],"curies":[{"name":"wp","href":"https:\/\/api.w.org\/{rel}","templated":true}]}}