{"id":31786,"date":"2025-11-08T16:29:42","date_gmt":"2025-11-08T12:29:42","guid":{"rendered":"https:\/\/www.zerdab.com\/?p=31786"},"modified":"2025-11-10T16:35:33","modified_gmt":"2025-11-10T12:35:33","slug":"prezidentin-t%c9%99ltif-etdiyi-h%c9%99rbcil%c9%99r-arasinda-z%c9%99rdabin-aprel-s%c9%99hidi-nurlan-abdullazad%c9%99-d%c9%99-var","status":"publish","type":"post","link":"https:\/\/www.zerdab.com\/?p=31786","title":{"rendered":"Prezidentin t\u0259ltif etdiyi h\u0259rb\u00e7il\u0259r aras\u0131nda Z\u0259rdab\u0131n aprel \u015f\u0259hidi Nurlan Abdullazad\u0259 d\u0259 var"},"content":{"rendered":"<p>X\u0259b\u0259r verdiyimiz kimi, Az\u0259rbaycan Prezidenti \u0130lham \u018fliyev noyab\u0131n 7-si h\u0259rbi qulluq\u00e7ular\u0131 t\u0259ltif edib.<strong> Zerdab.com <\/strong>x\u0259b\u0259r verir ki, onlar aras\u0131nda \u00f6l\u00fcm\u00fcnd\u0259n sonra \u201cV\u0259t\u0259n u\u011frunda\u201d medal\u0131 il\u0259 t\u0259ltif olunanlar da var. H\u0259min q\u0259hr\u0259manlardan biri d\u0259 Z\u0259rdab\u0131n igid o\u011flu, aprel d\u00f6y\u00fc\u015fl\u0259ri \u015f\u0259hidi gizir Abdullazad\u0259 Nurlan Rasim o\u011fludur<strong>. <\/strong>Gizirimiz \u00f6l\u00fcm\u00fcnd\u0259n sonra \u201cV\u0259t\u0259n u\u011frunda\u201d medal\u0131 il\u0259 t\u0259ltif olunub. Nurlan Abdullazad\u0259 1994-c\u00fc ilin fevral\u0131n 14-d\u0259 Z\u0259rdab rayonunun B\u00f6y\u00fck D\u0259kk\u0259 k\u0259ndind\u0259 anadan olub. 2016-c\u0131 ilin aprel ay\u0131nda Az\u0259rbaycan-Erm\u0259nistan t\u0259mas x\u0259ttind\u0259 ba\u015f ver\u0259n at\u0131\u015fma zaman\u0131 q\u0259hr\u0259mancas\u0131na \u015f\u0259hid olub. Nurlan Abdullazad\u0259 \u00f6l\u00fcm\u00fcnd\u0259n sonra g\u00f6st\u0259rdiyi q\u0259hr\u0259manl\u0131\u011fa g\u00f6r\u0259 Prezident \u0130lham \u018fliyevin s\u0259r\u0259ncam\u0131 il\u0259 \u201cH\u0259rbi xidm\u0259td\u0259 f\u0259rql\u0259nm\u0259y\u0259 g\u00f6r\u0259\u201d III d\u0259r\u0259c\u0259li medal\u0131 il\u0259 t\u0259ltif edilmi\u015fdi. O, evin yegan\u0259 o\u011ful \u00f6vlad\u0131 idi. Allah r\u0259hm\u0259t el\u0259sin.<\/p>\n<p><strong>Zerdab.com<\/strong><\/p>\n","protected":false},"excerpt":{"rendered":"<p>X\u0259b\u0259r verdiyimiz kimi, Az\u0259rbaycan Prezidenti \u0130lham \u018fliyev noyab\u0131n 7-si h\u0259rbi qulluq\u00e7ular\u0131 t\u0259ltif edib. Zerdab.com x\u0259b\u0259r verir ki, onlar aras\u0131nda \u00f6l\u00fcm\u00fcnd\u0259n sonra \u201cV\u0259t\u0259n u\u011frunda\u201d medal\u0131 il\u0259 t\u0259ltif olunanlar da var. H\u0259min q\u0259hr\u0259manlardan biri d\u0259 Z\u0259rdab\u0131n igid o\u011flu, aprel d\u00f6y\u00fc\u015fl\u0259ri \u015f\u0259hidi gizir Abdullazad\u0259 Nurlan Rasim o\u011fludur. Gizirimiz \u00f6l\u00fcm\u00fcnd\u0259n sonra \u201cV\u0259t\u0259n u\u011frunda\u201d medal\u0131 il\u0259 t\u0259ltif olunub. Nurlan Abdullazad\u0259 [&hellip;]<\/p>\n","protected":false},"author":1,"featured_media":31787,"comment_status":"closed","ping_status":"closed","sticky":false,"template":"","format":"standard","meta":{"footnotes":""},"categories":[63,5],"tags":[],"class_list":{"0":"post-31786","1":"post","2":"type-post","3":"status-publish","4":"format-standard","5":"has-post-thumbnail","7":"category-manset","8":"category-knd"},"yoast_head":"<!-- This site is optimized with the Yoast SEO plugin v27.0 - https:\/\/yoast.com\/product\/yoast-seo-wordpress\/ -->\n<title>Prezidentin t\u0259ltif etdiyi h\u0259rb\u00e7il\u0259r aras\u0131nda Z\u0259rdab\u0131n aprel \u015f\u0259hidi Nurlan Abdullazad\u0259 d\u0259 var - Z\u0259rdab.com<\/title>\n<meta name=\"robots\" content=\"index, follow, max-snippet:-1, max-image-preview:large, max-video-preview:-1\" \/>\n<link rel=\"canonical\" href=\"https:\/\/www.zerdab.com\/?p=31786\" \/>\n<meta property=\"og:locale\" content=\"az_AZ\" \/>\n<meta property=\"og:type\" content=\"article\" \/>\n<meta property=\"og:title\" content=\"Prezidentin t\u0259ltif etdiyi h\u0259rb\u00e7il\u0259r aras\u0131nda Z\u0259rdab\u0131n aprel \u015f\u0259hidi Nurlan Abdullazad\u0259 d\u0259 var - Z\u0259rdab.com\" \/>\n<meta property=\"og:description\" content=\"X\u0259b\u0259r verdiyimiz kimi, Az\u0259rbaycan Prezidenti \u0130lham \u018fliyev noyab\u0131n 7-si h\u0259rbi qulluq\u00e7ular\u0131 t\u0259ltif edib. Zerdab.com x\u0259b\u0259r verir ki, onlar aras\u0131nda \u00f6l\u00fcm\u00fcnd\u0259n sonra \u201cV\u0259t\u0259n u\u011frunda\u201d medal\u0131 il\u0259 t\u0259ltif olunanlar da var. H\u0259min q\u0259hr\u0259manlardan biri d\u0259 Z\u0259rdab\u0131n igid o\u011flu, aprel d\u00f6y\u00fc\u015fl\u0259ri \u015f\u0259hidi gizir Abdullazad\u0259 Nurlan Rasim o\u011fludur. Gizirimiz \u00f6l\u00fcm\u00fcnd\u0259n sonra \u201cV\u0259t\u0259n u\u011frunda\u201d medal\u0131 il\u0259 t\u0259ltif olunub. Nurlan Abdullazad\u0259 [&hellip;]\" \/>\n<meta property=\"og:url\" content=\"https:\/\/www.zerdab.com\/?p=31786\" \/>\n<meta property=\"og:site_name\" content=\"Z\u0259rdab.com\" \/>\n<meta property=\"article:published_time\" content=\"2025-11-08T12:29:42+00:00\" \/>\n<meta property=\"article:modified_time\" content=\"2025-11-10T12:35:33+00:00\" \/>\n<meta property=\"og:image\" content=\"http:\/\/www.zerdab.com\/wp-content\/uploads\/2025\/11\/nurlan-abdullazade-zerdab1.jpg\" \/>\n\t<meta property=\"og:image:width\" content=\"1080\" \/>\n\t<meta property=\"og:image:height\" content=\"1479\" \/>\n\t<meta property=\"og:image:type\" content=\"image\/jpeg\" \/>\n<meta name=\"author\" content=\"admin\" \/>\n<meta name=\"twitter:card\" content=\"summary_large_image\" \/>\n<meta name=\"twitter:label1\" content=\"Written by\" \/>\n\t<meta name=\"twitter:data1\" content=\"admin\" \/>\n\t<meta name=\"twitter:label2\" content=\"Est. reading time\" \/>\n\t<meta name=\"twitter:data2\" content=\"1 minute\" \/>\n<script type=\"application\/ld+json\" class=\"yoast-schema-graph\">{\"@context\":\"https:\/\/schema.org\",\"@graph\":[{\"@type\":\"Article\",\"@id\":\"https:\/\/www.zerdab.com\/?p=31786#article\",\"isPartOf\":{\"@id\":\"https:\/\/www.zerdab.com\/?p=31786\"},\"author\":{\"name\":\"admin\",\"@id\":\"https:\/\/www.zerdab.com\/#\/schema\/person\/97079b7570c1e89ec0d9e138c3672136\"},\"headline\":\"Prezidentin t\u0259ltif etdiyi h\u0259rb\u00e7il\u0259r aras\u0131nda Z\u0259rdab\u0131n aprel \u015f\u0259hidi Nurlan Abdullazad\u0259 d\u0259 var\",\"datePublished\":\"2025-11-08T12:29:42+00:00\",\"dateModified\":\"2025-11-10T12:35:33+00:00\",\"mainEntityOfPage\":{\"@id\":\"https:\/\/www.zerdab.com\/?p=31786\"},\"wordCount\":209,\"image\":{\"@id\":\"https:\/\/www.zerdab.com\/?p=31786#primaryimage\"},\"thumbnailUrl\":\"https:\/\/www.zerdab.com\/wp-content\/uploads\/2025\/11\/nurlan-abdullazade-zerdab1.jpg\",\"articleSection\":[\"MAN\u015eET\",\"X\u018fB\u018fRL\u018fR\"],\"inLanguage\":\"az\"},{\"@type\":\"WebPage\",\"@id\":\"https:\/\/www.zerdab.com\/?p=31786\",\"url\":\"https:\/\/www.zerdab.com\/?p=31786\",\"name\":\"Prezidentin t\u0259ltif etdiyi h\u0259rb\u00e7il\u0259r aras\u0131nda Z\u0259rdab\u0131n aprel \u015f\u0259hidi Nurlan Abdullazad\u0259 d\u0259 var - Z\u0259rdab.com\",\"isPartOf\":{\"@id\":\"https:\/\/www.zerdab.com\/#website\"},\"primaryImageOfPage\":{\"@id\":\"https:\/\/www.zerdab.com\/?p=31786#primaryimage\"},\"image\":{\"@id\":\"https:\/\/www.zerdab.com\/?p=31786#primaryimage\"},\"thumbnailUrl\":\"https:\/\/www.zerdab.com\/wp-content\/uploads\/2025\/11\/nurlan-abdullazade-zerdab1.jpg\",\"datePublished\":\"2025-11-08T12:29:42+00:00\",\"dateModified\":\"2025-11-10T12:35:33+00:00\",\"author\":{\"@id\":\"https:\/\/www.zerdab.com\/#\/schema\/person\/97079b7570c1e89ec0d9e138c3672136\"},\"breadcrumb\":{\"@id\":\"https:\/\/www.zerdab.com\/?p=31786#breadcrumb\"},\"inLanguage\":\"az\",\"potentialAction\":[{\"@type\":\"ReadAction\",\"target\":[\"https:\/\/www.zerdab.com\/?p=31786\"]}]},{\"@type\":\"ImageObject\",\"inLanguage\":\"az\",\"@id\":\"https:\/\/www.zerdab.com\/?p=31786#primaryimage\",\"url\":\"https:\/\/www.zerdab.com\/wp-content\/uploads\/2025\/11\/nurlan-abdullazade-zerdab1.jpg\",\"contentUrl\":\"https:\/\/www.zerdab.com\/wp-content\/uploads\/2025\/11\/nurlan-abdullazade-zerdab1.jpg\",\"width\":1080,\"height\":1479},{\"@type\":\"BreadcrumbList\",\"@id\":\"https:\/\/www.zerdab.com\/?p=31786#breadcrumb\",\"itemListElement\":[{\"@type\":\"ListItem\",\"position\":1,\"name\":\"Home\",\"item\":\"https:\/\/www.zerdab.com\/\"},{\"@type\":\"ListItem\",\"position\":2,\"name\":\"Prezidentin t\u0259ltif etdiyi h\u0259rb\u00e7il\u0259r aras\u0131nda Z\u0259rdab\u0131n aprel \u015f\u0259hidi Nurlan Abdullazad\u0259 d\u0259 var\"}]},{\"@type\":\"WebSite\",\"@id\":\"https:\/\/www.zerdab.com\/#website\",\"url\":\"https:\/\/www.zerdab.com\/\",\"name\":\"Z\u0259rdab.com\",\"description\":\"\",\"potentialAction\":[{\"@type\":\"SearchAction\",\"target\":{\"@type\":\"EntryPoint\",\"urlTemplate\":\"https:\/\/www.zerdab.com\/?s={search_term_string}\"},\"query-input\":{\"@type\":\"PropertyValueSpecification\",\"valueRequired\":true,\"valueName\":\"search_term_string\"}}],\"inLanguage\":\"az\"},{\"@type\":\"Person\",\"@id\":\"https:\/\/www.zerdab.com\/#\/schema\/person\/97079b7570c1e89ec0d9e138c3672136\",\"name\":\"admin\",\"image\":{\"@type\":\"ImageObject\",\"inLanguage\":\"az\",\"@id\":\"https:\/\/www.zerdab.com\/#\/schema\/person\/image\/\",\"url\":\"https:\/\/secure.gravatar.com\/avatar\/d9c52a9a27c32119cb6679a077fa3e2779e5f822c451cbf01098004361d466ec?s=96&d=mm&r=g\",\"contentUrl\":\"https:\/\/secure.gravatar.com\/avatar\/d9c52a9a27c32119cb6679a077fa3e2779e5f822c451cbf01098004361d466ec?s=96&d=mm&r=g\",\"caption\":\"admin\"},\"url\":\"https:\/\/www.zerdab.com\/?author=1\"}]}<\/script>\n<!-- \/ Yoast SEO plugin. -->","yoast_head_json":{"title":"Prezidentin t\u0259ltif etdiyi h\u0259rb\u00e7il\u0259r aras\u0131nda Z\u0259rdab\u0131n aprel \u015f\u0259hidi Nurlan Abdullazad\u0259 d\u0259 var - Z\u0259rdab.com","robots":{"index":"index","follow":"follow","max-snippet":"max-snippet:-1","max-image-preview":"max-image-preview:large","max-video-preview":"max-video-preview:-1"},"canonical":"https:\/\/www.zerdab.com\/?p=31786","og_locale":"az_AZ","og_type":"article","og_title":"Prezidentin t\u0259ltif etdiyi h\u0259rb\u00e7il\u0259r aras\u0131nda Z\u0259rdab\u0131n aprel \u015f\u0259hidi Nurlan Abdullazad\u0259 d\u0259 var - Z\u0259rdab.com","og_description":"X\u0259b\u0259r verdiyimiz kimi, Az\u0259rbaycan Prezidenti \u0130lham \u018fliyev noyab\u0131n 7-si h\u0259rbi qulluq\u00e7ular\u0131 t\u0259ltif edib. Zerdab.com x\u0259b\u0259r verir ki, onlar aras\u0131nda \u00f6l\u00fcm\u00fcnd\u0259n sonra \u201cV\u0259t\u0259n u\u011frunda\u201d medal\u0131 il\u0259 t\u0259ltif olunanlar da var. H\u0259min q\u0259hr\u0259manlardan biri d\u0259 Z\u0259rdab\u0131n igid o\u011flu, aprel d\u00f6y\u00fc\u015fl\u0259ri \u015f\u0259hidi gizir Abdullazad\u0259 Nurlan Rasim o\u011fludur. Gizirimiz \u00f6l\u00fcm\u00fcnd\u0259n sonra \u201cV\u0259t\u0259n u\u011frunda\u201d medal\u0131 il\u0259 t\u0259ltif olunub. Nurlan Abdullazad\u0259 [&hellip;]","og_url":"https:\/\/www.zerdab.com\/?p=31786","og_site_name":"Z\u0259rdab.com","article_published_time":"2025-11-08T12:29:42+00:00","article_modified_time":"2025-11-10T12:35:33+00:00","og_image":[{"width":1080,"height":1479,"url":"http:\/\/www.zerdab.com\/wp-content\/uploads\/2025\/11\/nurlan-abdullazade-zerdab1.jpg","type":"image\/jpeg"}],"author":"admin","twitter_card":"summary_large_image","twitter_misc":{"Written by":"admin","Est. reading time":"1 minute"},"schema":{"@context":"https:\/\/schema.org","@graph":[{"@type":"Article","@id":"https:\/\/www.zerdab.com\/?p=31786#article","isPartOf":{"@id":"https:\/\/www.zerdab.com\/?p=31786"},"author":{"name":"admin","@id":"https:\/\/www.zerdab.com\/#\/schema\/person\/97079b7570c1e89ec0d9e138c3672136"},"headline":"Prezidentin t\u0259ltif etdiyi h\u0259rb\u00e7il\u0259r aras\u0131nda Z\u0259rdab\u0131n aprel \u015f\u0259hidi Nurlan Abdullazad\u0259 d\u0259 var","datePublished":"2025-11-08T12:29:42+00:00","dateModified":"2025-11-10T12:35:33+00:00","mainEntityOfPage":{"@id":"https:\/\/www.zerdab.com\/?p=31786"},"wordCount":209,"image":{"@id":"https:\/\/www.zerdab.com\/?p=31786#primaryimage"},"thumbnailUrl":"https:\/\/www.zerdab.com\/wp-content\/uploads\/2025\/11\/nurlan-abdullazade-zerdab1.jpg","articleSection":["MAN\u015eET","X\u018fB\u018fRL\u018fR"],"inLanguage":"az"},{"@type":"WebPage","@id":"https:\/\/www.zerdab.com\/?p=31786","url":"https:\/\/www.zerdab.com\/?p=31786","name":"Prezidentin t\u0259ltif etdiyi h\u0259rb\u00e7il\u0259r aras\u0131nda Z\u0259rdab\u0131n aprel \u015f\u0259hidi Nurlan Abdullazad\u0259 d\u0259 var - Z\u0259rdab.com","isPartOf":{"@id":"https:\/\/www.zerdab.com\/#website"},"primaryImageOfPage":{"@id":"https:\/\/www.zerdab.com\/?p=31786#primaryimage"},"image":{"@id":"https:\/\/www.zerdab.com\/?p=31786#primaryimage"},"thumbnailUrl":"https:\/\/www.zerdab.com\/wp-content\/uploads\/2025\/11\/nurlan-abdullazade-zerdab1.jpg","datePublished":"2025-11-08T12:29:42+00:00","dateModified":"2025-11-10T12:35:33+00:00","author":{"@id":"https:\/\/www.zerdab.com\/#\/schema\/person\/97079b7570c1e89ec0d9e138c3672136"},"breadcrumb":{"@id":"https:\/\/www.zerdab.com\/?p=31786#breadcrumb"},"inLanguage":"az","potentialAction":[{"@type":"ReadAction","target":["https:\/\/www.zerdab.com\/?p=31786"]}]},{"@type":"ImageObject","inLanguage":"az","@id":"https:\/\/www.zerdab.com\/?p=31786#primaryimage","url":"https:\/\/www.zerdab.com\/wp-content\/uploads\/2025\/11\/nurlan-abdullazade-zerdab1.jpg","contentUrl":"https:\/\/www.zerdab.com\/wp-content\/uploads\/2025\/11\/nurlan-abdullazade-zerdab1.jpg","width":1080,"height":1479},{"@type":"BreadcrumbList","@id":"https:\/\/www.zerdab.com\/?p=31786#breadcrumb","itemListElement":[{"@type":"ListItem","position":1,"name":"Home","item":"https:\/\/www.zerdab.com\/"},{"@type":"ListItem","position":2,"name":"Prezidentin t\u0259ltif etdiyi h\u0259rb\u00e7il\u0259r aras\u0131nda Z\u0259rdab\u0131n aprel \u015f\u0259hidi Nurlan Abdullazad\u0259 d\u0259 var"}]},{"@type":"WebSite","@id":"https:\/\/www.zerdab.com\/#website","url":"https:\/\/www.zerdab.com\/","name":"Z\u0259rdab.com","description":"","potentialAction":[{"@type":"SearchAction","target":{"@type":"EntryPoint","urlTemplate":"https:\/\/www.zerdab.com\/?s={search_term_string}"},"query-input":{"@type":"PropertyValueSpecification","valueRequired":true,"valueName":"search_term_string"}}],"inLanguage":"az"},{"@type":"Person","@id":"https:\/\/www.zerdab.com\/#\/schema\/person\/97079b7570c1e89ec0d9e138c3672136","name":"admin","image":{"@type":"ImageObject","inLanguage":"az","@id":"https:\/\/www.zerdab.com\/#\/schema\/person\/image\/","url":"https:\/\/secure.gravatar.com\/avatar\/d9c52a9a27c32119cb6679a077fa3e2779e5f822c451cbf01098004361d466ec?s=96&d=mm&r=g","contentUrl":"https:\/\/secure.gravatar.com\/avatar\/d9c52a9a27c32119cb6679a077fa3e2779e5f822c451cbf01098004361d466ec?s=96&d=mm&r=g","caption":"admin"},"url":"https:\/\/www.zerdab.com\/?author=1"}]}},"_links":{"self":[{"href":"https:\/\/www.zerdab.com\/index.php?rest_route=\/wp\/v2\/posts\/31786","targetHints":{"allow":["GET"]}}],"collection":[{"href":"https:\/\/www.zerdab.com\/index.php?rest_route=\/wp\/v2\/posts"}],"about":[{"href":"https:\/\/www.zerdab.com\/index.php?rest_route=\/wp\/v2\/types\/post"}],"author":[{"embeddable":true,"href":"https:\/\/www.zerdab.com\/index.php?rest_route=\/wp\/v2\/users\/1"}],"replies":[{"embeddable":true,"href":"https:\/\/www.zerdab.com\/index.php?rest_route=%2Fwp%2Fv2%2Fcomments&post=31786"}],"version-history":[{"count":1,"href":"https:\/\/www.zerdab.com\/index.php?rest_route=\/wp\/v2\/posts\/31786\/revisions"}],"predecessor-version":[{"id":31789,"href":"https:\/\/www.zerdab.com\/index.php?rest_route=\/wp\/v2\/posts\/31786\/revisions\/31789"}],"wp:featuredmedia":[{"embeddable":true,"href":"https:\/\/www.zerdab.com\/index.php?rest_route=\/wp\/v2\/media\/31787"}],"wp:attachment":[{"href":"https:\/\/www.zerdab.com\/index.php?rest_route=%2Fwp%2Fv2%2Fmedia&parent=31786"}],"wp:term":[{"taxonomy":"category","embeddable":true,"href":"https:\/\/www.zerdab.com\/index.php?rest_route=%2Fwp%2Fv2%2Fcategories&post=31786"},{"taxonomy":"post_tag","embeddable":true,"href":"https:\/\/www.zerdab.com\/index.php?rest_route=%2Fwp%2Fv2%2Ftags&post=31786"}],"curies":[{"name":"wp","href":"https:\/\/api.w.org\/{rel}","templated":true}]}}