{"id":31791,"date":"2025-11-08T00:26:47","date_gmt":"2025-11-07T20:26:47","guid":{"rendered":"https:\/\/www.zerdab.com\/?p=31791"},"modified":"2025-11-12T15:31:36","modified_gmt":"2025-11-12T11:31:36","slug":"z%c9%99rdabda-z%c9%99f%c9%99r-gununun-cosqusu-yasanib-foto","status":"publish","type":"post","link":"https:\/\/www.zerdab.com\/?p=31791","title":{"rendered":"Z\u0259rdabda Z\u0259f\u0259r G\u00fcn\u00fcn\u00fcn co\u015fqusu ya\u015fan\u0131b &#8211; FOTO"},"content":{"rendered":"<p>8 Noyabr &#8211; Z\u0259f\u0259r G\u00fcn\u00fc m\u00fcnasib\u0259til\u0259 Z\u0259rdabda \u00fcmumrayon t\u0259dbiri ke\u00e7irilib.<\/p>\n<p><strong>Zerdab.com\u00a0<\/strong>x\u0259b\u0259r verir ki, t\u0259dbir i\u015ftirak\u00e7\u0131lar\u0131 \u0259vv\u0259lc\u0259 \u00dcmummilli Lider Heyd\u0259r \u018fliyevin abid\u0259sini ziyar\u0259t edib, \u00f6n\u00fcn\u0259 g\u00fcl d\u0259st\u0259l\u0259ri qoyaraq \u0259ziz xatir\u0259sini ehtiramla yad edibl\u0259r. Rayon r\u0259hb\u0259rliyi v\u0259 ictimaiyy\u0259t n\u00fcmay\u0259nd\u0259l\u0259ri t\u0259r\u0259find\u0259n Z\u0259f\u0259r G\u00fcn\u00fcn\u0259 h\u0259sr edil\u0259n \u0259l i\u015fl\u0259rind\u0259n v\u0259 r\u0259sm \u0259s\u0259rl\u0259rind\u0259n ibar\u0259t s\u0259rgiy\u0259 bax\u0131\u015f ke\u00e7irilib.<\/p>\n<p>Sonra Heyd\u0259r \u018fliyev M\u0259rk\u0259zind\u0259 r\u0259smi y\u0131\u011f\u0131ncaq ke\u00e7irilib. Y\u0131\u011f\u0131ncaqda Az\u0259rbaycan\u0131n D\u00f6vl\u0259t himini s\u0259sl\u0259ndirilib, Az\u0259rbaycan xalq\u0131n\u0131n \u00dcmummilli Lideri Heyd\u0259r \u018fliyevin, torpaqlar\u0131m\u0131z\u0131n \u0259razi b\u00fct\u00f6vl\u00fcy\u00fc, m\u00fcst\u0259qilliyimiz, suverenliyimiz u\u011frunda canlar\u0131ndan ke\u00e7\u0259n q\u0259hr\u0259manlar\u0131m\u0131z\u0131n \u0259ziz xatir\u0259si bir d\u0259qiq\u0259lik s\u00fckutla yad edilib.<\/p>\n<p>T\u0259dbird\u0259 \u00e7\u0131x\u0131\u015f ed\u0259n Z\u0259rdab rayon icra hakimiyy\u0259tinin ba\u015f\u00e7\u0131s\u0131 M\u0259rdan Camalzad\u0259 44 g\u00fcnl\u00fck V\u0259t\u0259n m\u00fcharib\u0259si, m\u00fcharib\u0259d\u0259n ke\u00e7\u0259n 5 il \u0259rzind\u0259, h\u0259m d\u0259 2023-c\u00fc ilin sentyabr ay\u0131nda ke\u00e7irilmi\u015f antiterror t\u0259dbirl\u0259ri haqq\u0131nda m\u0259lumat verib, Ali Ba\u015f Komandan \u0130lham \u018fliyevin r\u0259hb\u0259rliyi il\u0259 ordumuzun m\u00fcharib\u0259d\u0259 m\u00f6ht\u0259\u015f\u0259m q\u0259l\u0259b\u0259 qazanaraq, d\u00fcnya h\u0259rb tarixin\u0259 yeni \u015fanl\u0131 s\u0259hif\u0259l\u0259r yazd\u0131\u011f\u0131n\u0131 diqq\u0259t\u0259 \u00e7atd\u0131r\u0131b. Qeyd olunub ki, V\u0259t\u0259n m\u00fcharib\u0259sind\u0259 b\u00f6y\u00fck, tarixi q\u0259l\u0259b\u0259nin qazan\u0131lmas\u0131na Z\u0259rdab rayonu da \u00f6z t\u00f6hf\u0259sini verib. Prezidentin S\u0259r\u0259ncam\u0131 il\u0259 V\u0259t\u0259n m\u00fcharib\u0259sind\u0259 q\u0259hr\u0259manl\u0131q v\u0259 \u015f\u00fcca\u0259t g\u00f6st\u0259rmi\u015f y\u00fczl\u0259rl\u0259 z\u0259rdabl\u0131 m\u00fcxt\u0259lif orden v\u0259 medallarla t\u0259ltif edilib.<\/p>\n<p>T\u0259dbird\u0259 \u00e7\u0131x\u0131\u015f ed\u0259n mill\u0259t v\u0259kili Jal\u0259 \u018fliyeva qeyd edib ki, m\u0259hz M\u00fcz\u0259ff\u0259r Ali Ba\u015f Komandan\u0131n r\u0259hb\u0259rliyi, s\u0131nmaz irad\u0259si v\u0259 r\u0259\u015fad\u0259tli Az\u0259rbaycan Ordusunun yenilm\u0259zliyi, \u015f\u00fcca\u0259ti say\u0259sind\u0259 m\u00fcq\u0259dd\u0259s torpaqlar\u0131m\u0131z d\u00fc\u015fm\u0259n i\u015f\u011fal\u0131ndan azad olundu, 30 illik yurd h\u0259sr\u0259tin\u0259 son qoyuldu. Mill\u0259t v\u0259kili \u00e7\u0131x\u0131\u015f\u0131nda noyabr ay\u0131n\u0131n 8-ni q\u00fcrur g\u00fcn\u00fcm\u00fcz kimi tarix\u0259 yazan q\u0259hr\u0259man \u00f6vladlar\u0131m\u0131za \u0259b\u0259di t\u0259\u015f\u0259kk\u00fcr borcumuzun oldu\u011funu bildirib. Az\u0259rbaycan\u0131n \u0259razi b\u00fct\u00f6vl\u00fcy\u00fc u\u011frunda g\u00f6r\u00fcl\u0259n i\u015fl\u0259rd\u0259n, d\u00f6vl\u0259tin h\u0259yata ke\u00e7irdiyi siyas\u0259tin \u0259h\u0259miyy\u0259tind\u0259n v\u0259 xalq\u0131n d\u0259st\u0259yinin vacibliyind\u0259n dan\u0131\u015f\u0131b, g\u0259ncl\u0259ri bu q\u0259l\u0259b\u0259nin n\u0259tic\u0259l\u0259rini qoruma\u011fa v\u0259 \u00f6lk\u0259mizin g\u0259l\u0259c\u0259yin\u0259 t\u00f6hf\u0259 verm\u0259y\u0259 \u00e7a\u011f\u0131r\u0131b.<\/p>\n<p>Dig\u0259r \u00e7\u0131x\u0131\u015f ed\u0259nl\u0259r qeyd edibl\u0259r ki, M\u00fcz\u0259ff\u0259r Ali Ba\u015f Komandan\u0131n r\u0259hb\u0259rliyi v\u0259 r\u0259\u015fad\u0259tli Az\u0259rbaycan Ordusunun yenilm\u0259zliyi, \u015f\u00fcca\u0259ti say\u0259sind\u0259 m\u00fcq\u0259dd\u0259s torpaqlar\u0131m\u0131z d\u00fc\u015fm\u0259n i\u015f\u011fal\u0131ndan azad olunub, 30 illik yurd h\u0259sr\u0259tin\u0259 son qoyulub.<\/p>\n<p>Sonra H\u0259s\u0259n b\u0259y Z\u0259rdabi park\u0131nda respublikan\u0131n \u018fm\u0259kdar artisti \u0130lkin \u018fhm\u0259dovun, g\u0259nc m\u00fc\u011f\u0259nni R\u0259van\u0259 \u018fmiraslanl\u0131n\u0131n v\u0259 yerli \u00f6zf\u0259aliyy\u0259t kollektivl\u0259rinin i\u015ftirak\u0131 il\u0259 konsert proqram\u0131 t\u0259\u015fkil olunub.<\/p>\n<p><img decoding=\"async\" src=\"https:\/\/xalqqazeti.az\/uploads\/news\/193705\/20.jpeg\" alt=\"Z\u0259rdabda Z\u0259f\u0259r G\u00fcn\u00fcn\u00fcn co\u015fqusu ya\u015fan\u0131b\" \/><\/p>\n<p><img decoding=\"async\" src=\"https:\/\/xalqqazeti.az\/uploads\/galleries\/193706\/21.jpeg\" alt=\"Z\u0259rdabda Z\u0259f\u0259r G\u00fcn\u00fcn\u00fcn co\u015fqusu ya\u015fan\u0131b\" \/><\/p>\n<p><img decoding=\"async\" src=\"https:\/\/xalqqazeti.az\/uploads\/galleries\/193708\/23.jpeg\" alt=\"Z\u0259rdabda Z\u0259f\u0259r G\u00fcn\u00fcn\u00fcn co\u015fqusu ya\u015fan\u0131b\" \/><\/p>\n","protected":false},"excerpt":{"rendered":"<p>8 Noyabr &#8211; Z\u0259f\u0259r G\u00fcn\u00fc m\u00fcnasib\u0259til\u0259 Z\u0259rdabda \u00fcmumrayon t\u0259dbiri ke\u00e7irilib. Zerdab.com\u00a0x\u0259b\u0259r verir ki, t\u0259dbir i\u015ftirak\u00e7\u0131lar\u0131 \u0259vv\u0259lc\u0259 \u00dcmummilli Lider Heyd\u0259r \u018fliyevin abid\u0259sini ziyar\u0259t edib, \u00f6n\u00fcn\u0259 g\u00fcl d\u0259st\u0259l\u0259ri qoyaraq \u0259ziz xatir\u0259sini ehtiramla yad edibl\u0259r. Rayon r\u0259hb\u0259rliyi v\u0259 ictimaiyy\u0259t n\u00fcmay\u0259nd\u0259l\u0259ri t\u0259r\u0259find\u0259n Z\u0259f\u0259r G\u00fcn\u00fcn\u0259 h\u0259sr edil\u0259n \u0259l i\u015fl\u0259rind\u0259n v\u0259 r\u0259sm \u0259s\u0259rl\u0259rind\u0259n ibar\u0259t s\u0259rgiy\u0259 bax\u0131\u015f ke\u00e7irilib. Sonra Heyd\u0259r \u018fliyev M\u0259rk\u0259zind\u0259 [&hellip;]<\/p>\n","protected":false},"author":1,"featured_media":31792,"comment_status":"closed","ping_status":"closed","sticky":false,"template":"","format":"standard","meta":{"footnotes":""},"categories":[63,5],"tags":[],"class_list":{"0":"post-31791","1":"post","2":"type-post","3":"status-publish","4":"format-standard","5":"has-post-thumbnail","7":"category-manset","8":"category-knd"},"yoast_head":"<!-- This site is optimized with the Yoast SEO plugin v27.0 - https:\/\/yoast.com\/product\/yoast-seo-wordpress\/ -->\n<title>Z\u0259rdabda Z\u0259f\u0259r G\u00fcn\u00fcn\u00fcn co\u015fqusu ya\u015fan\u0131b - FOTO - Z\u0259rdab.com<\/title>\n<meta name=\"robots\" content=\"index, follow, max-snippet:-1, max-image-preview:large, max-video-preview:-1\" \/>\n<link rel=\"canonical\" href=\"https:\/\/www.zerdab.com\/?p=31791\" \/>\n<meta property=\"og:locale\" content=\"az_AZ\" \/>\n<meta property=\"og:type\" content=\"article\" \/>\n<meta property=\"og:title\" content=\"Z\u0259rdabda Z\u0259f\u0259r G\u00fcn\u00fcn\u00fcn co\u015fqusu ya\u015fan\u0131b - FOTO - Z\u0259rdab.com\" \/>\n<meta property=\"og:description\" content=\"8 Noyabr &#8211; Z\u0259f\u0259r G\u00fcn\u00fc m\u00fcnasib\u0259til\u0259 Z\u0259rdabda \u00fcmumrayon t\u0259dbiri ke\u00e7irilib. Zerdab.com\u00a0x\u0259b\u0259r verir ki, t\u0259dbir i\u015ftirak\u00e7\u0131lar\u0131 \u0259vv\u0259lc\u0259 \u00dcmummilli Lider Heyd\u0259r \u018fliyevin abid\u0259sini ziyar\u0259t edib, \u00f6n\u00fcn\u0259 g\u00fcl d\u0259st\u0259l\u0259ri qoyaraq \u0259ziz xatir\u0259sini ehtiramla yad edibl\u0259r. Rayon r\u0259hb\u0259rliyi v\u0259 ictimaiyy\u0259t n\u00fcmay\u0259nd\u0259l\u0259ri t\u0259r\u0259find\u0259n Z\u0259f\u0259r G\u00fcn\u00fcn\u0259 h\u0259sr edil\u0259n \u0259l i\u015fl\u0259rind\u0259n v\u0259 r\u0259sm \u0259s\u0259rl\u0259rind\u0259n ibar\u0259t s\u0259rgiy\u0259 bax\u0131\u015f ke\u00e7irilib. Sonra Heyd\u0259r \u018fliyev M\u0259rk\u0259zind\u0259 [&hellip;]\" \/>\n<meta property=\"og:url\" content=\"https:\/\/www.zerdab.com\/?p=31791\" \/>\n<meta property=\"og:site_name\" content=\"Z\u0259rdab.com\" \/>\n<meta property=\"article:published_time\" content=\"2025-11-07T20:26:47+00:00\" \/>\n<meta property=\"article:modified_time\" content=\"2025-11-12T11:31:36+00:00\" \/>\n<meta property=\"og:image\" content=\"http:\/\/www.zerdab.com\/wp-content\/uploads\/2025\/11\/zerdab-tedbir-png.jpeg\" \/>\n\t<meta property=\"og:image:width\" content=\"923\" \/>\n\t<meta property=\"og:image:height\" content=\"630\" \/>\n\t<meta property=\"og:image:type\" content=\"image\/jpeg\" \/>\n<meta name=\"author\" content=\"admin\" \/>\n<meta name=\"twitter:card\" content=\"summary_large_image\" \/>\n<meta name=\"twitter:label1\" content=\"Written by\" \/>\n\t<meta name=\"twitter:data1\" content=\"admin\" \/>\n\t<meta name=\"twitter:label2\" content=\"Est. reading time\" \/>\n\t<meta name=\"twitter:data2\" content=\"3 minutes\" \/>\n<script type=\"application\/ld+json\" class=\"yoast-schema-graph\">{\"@context\":\"https:\/\/schema.org\",\"@graph\":[{\"@type\":\"Article\",\"@id\":\"https:\/\/www.zerdab.com\/?p=31791#article\",\"isPartOf\":{\"@id\":\"https:\/\/www.zerdab.com\/?p=31791\"},\"author\":{\"name\":\"admin\",\"@id\":\"https:\/\/www.zerdab.com\/#\/schema\/person\/97079b7570c1e89ec0d9e138c3672136\"},\"headline\":\"Z\u0259rdabda Z\u0259f\u0259r G\u00fcn\u00fcn\u00fcn co\u015fqusu ya\u015fan\u0131b &#8211; FOTO\",\"datePublished\":\"2025-11-07T20:26:47+00:00\",\"dateModified\":\"2025-11-12T11:31:36+00:00\",\"mainEntityOfPage\":{\"@id\":\"https:\/\/www.zerdab.com\/?p=31791\"},\"wordCount\":611,\"image\":{\"@id\":\"https:\/\/www.zerdab.com\/?p=31791#primaryimage\"},\"thumbnailUrl\":\"https:\/\/www.zerdab.com\/wp-content\/uploads\/2025\/11\/zerdab-tedbir-png.jpeg\",\"articleSection\":[\"MAN\u015eET\",\"X\u018fB\u018fRL\u018fR\"],\"inLanguage\":\"az\"},{\"@type\":\"WebPage\",\"@id\":\"https:\/\/www.zerdab.com\/?p=31791\",\"url\":\"https:\/\/www.zerdab.com\/?p=31791\",\"name\":\"Z\u0259rdabda Z\u0259f\u0259r G\u00fcn\u00fcn\u00fcn co\u015fqusu ya\u015fan\u0131b - FOTO - Z\u0259rdab.com\",\"isPartOf\":{\"@id\":\"https:\/\/www.zerdab.com\/#website\"},\"primaryImageOfPage\":{\"@id\":\"https:\/\/www.zerdab.com\/?p=31791#primaryimage\"},\"image\":{\"@id\":\"https:\/\/www.zerdab.com\/?p=31791#primaryimage\"},\"thumbnailUrl\":\"https:\/\/www.zerdab.com\/wp-content\/uploads\/2025\/11\/zerdab-tedbir-png.jpeg\",\"datePublished\":\"2025-11-07T20:26:47+00:00\",\"dateModified\":\"2025-11-12T11:31:36+00:00\",\"author\":{\"@id\":\"https:\/\/www.zerdab.com\/#\/schema\/person\/97079b7570c1e89ec0d9e138c3672136\"},\"breadcrumb\":{\"@id\":\"https:\/\/www.zerdab.com\/?p=31791#breadcrumb\"},\"inLanguage\":\"az\",\"potentialAction\":[{\"@type\":\"ReadAction\",\"target\":[\"https:\/\/www.zerdab.com\/?p=31791\"]}]},{\"@type\":\"ImageObject\",\"inLanguage\":\"az\",\"@id\":\"https:\/\/www.zerdab.com\/?p=31791#primaryimage\",\"url\":\"https:\/\/www.zerdab.com\/wp-content\/uploads\/2025\/11\/zerdab-tedbir-png.jpeg\",\"contentUrl\":\"https:\/\/www.zerdab.com\/wp-content\/uploads\/2025\/11\/zerdab-tedbir-png.jpeg\",\"width\":923,\"height\":630},{\"@type\":\"BreadcrumbList\",\"@id\":\"https:\/\/www.zerdab.com\/?p=31791#breadcrumb\",\"itemListElement\":[{\"@type\":\"ListItem\",\"position\":1,\"name\":\"Home\",\"item\":\"https:\/\/www.zerdab.com\/\"},{\"@type\":\"ListItem\",\"position\":2,\"name\":\"Z\u0259rdabda Z\u0259f\u0259r G\u00fcn\u00fcn\u00fcn co\u015fqusu ya\u015fan\u0131b &#8211; FOTO\"}]},{\"@type\":\"WebSite\",\"@id\":\"https:\/\/www.zerdab.com\/#website\",\"url\":\"https:\/\/www.zerdab.com\/\",\"name\":\"Z\u0259rdab.com\",\"description\":\"\",\"potentialAction\":[{\"@type\":\"SearchAction\",\"target\":{\"@type\":\"EntryPoint\",\"urlTemplate\":\"https:\/\/www.zerdab.com\/?s={search_term_string}\"},\"query-input\":{\"@type\":\"PropertyValueSpecification\",\"valueRequired\":true,\"valueName\":\"search_term_string\"}}],\"inLanguage\":\"az\"},{\"@type\":\"Person\",\"@id\":\"https:\/\/www.zerdab.com\/#\/schema\/person\/97079b7570c1e89ec0d9e138c3672136\",\"name\":\"admin\",\"image\":{\"@type\":\"ImageObject\",\"inLanguage\":\"az\",\"@id\":\"https:\/\/www.zerdab.com\/#\/schema\/person\/image\/\",\"url\":\"https:\/\/secure.gravatar.com\/avatar\/d9c52a9a27c32119cb6679a077fa3e2779e5f822c451cbf01098004361d466ec?s=96&d=mm&r=g\",\"contentUrl\":\"https:\/\/secure.gravatar.com\/avatar\/d9c52a9a27c32119cb6679a077fa3e2779e5f822c451cbf01098004361d466ec?s=96&d=mm&r=g\",\"caption\":\"admin\"},\"url\":\"https:\/\/www.zerdab.com\/?author=1\"}]}<\/script>\n<!-- \/ Yoast SEO plugin. -->","yoast_head_json":{"title":"Z\u0259rdabda Z\u0259f\u0259r G\u00fcn\u00fcn\u00fcn co\u015fqusu ya\u015fan\u0131b - FOTO - Z\u0259rdab.com","robots":{"index":"index","follow":"follow","max-snippet":"max-snippet:-1","max-image-preview":"max-image-preview:large","max-video-preview":"max-video-preview:-1"},"canonical":"https:\/\/www.zerdab.com\/?p=31791","og_locale":"az_AZ","og_type":"article","og_title":"Z\u0259rdabda Z\u0259f\u0259r G\u00fcn\u00fcn\u00fcn co\u015fqusu ya\u015fan\u0131b - FOTO - Z\u0259rdab.com","og_description":"8 Noyabr &#8211; Z\u0259f\u0259r G\u00fcn\u00fc m\u00fcnasib\u0259til\u0259 Z\u0259rdabda \u00fcmumrayon t\u0259dbiri ke\u00e7irilib. Zerdab.com\u00a0x\u0259b\u0259r verir ki, t\u0259dbir i\u015ftirak\u00e7\u0131lar\u0131 \u0259vv\u0259lc\u0259 \u00dcmummilli Lider Heyd\u0259r \u018fliyevin abid\u0259sini ziyar\u0259t edib, \u00f6n\u00fcn\u0259 g\u00fcl d\u0259st\u0259l\u0259ri qoyaraq \u0259ziz xatir\u0259sini ehtiramla yad edibl\u0259r. Rayon r\u0259hb\u0259rliyi v\u0259 ictimaiyy\u0259t n\u00fcmay\u0259nd\u0259l\u0259ri t\u0259r\u0259find\u0259n Z\u0259f\u0259r G\u00fcn\u00fcn\u0259 h\u0259sr edil\u0259n \u0259l i\u015fl\u0259rind\u0259n v\u0259 r\u0259sm \u0259s\u0259rl\u0259rind\u0259n ibar\u0259t s\u0259rgiy\u0259 bax\u0131\u015f ke\u00e7irilib. Sonra Heyd\u0259r \u018fliyev M\u0259rk\u0259zind\u0259 [&hellip;]","og_url":"https:\/\/www.zerdab.com\/?p=31791","og_site_name":"Z\u0259rdab.com","article_published_time":"2025-11-07T20:26:47+00:00","article_modified_time":"2025-11-12T11:31:36+00:00","og_image":[{"width":923,"height":630,"url":"http:\/\/www.zerdab.com\/wp-content\/uploads\/2025\/11\/zerdab-tedbir-png.jpeg","type":"image\/jpeg"}],"author":"admin","twitter_card":"summary_large_image","twitter_misc":{"Written by":"admin","Est. reading time":"3 minutes"},"schema":{"@context":"https:\/\/schema.org","@graph":[{"@type":"Article","@id":"https:\/\/www.zerdab.com\/?p=31791#article","isPartOf":{"@id":"https:\/\/www.zerdab.com\/?p=31791"},"author":{"name":"admin","@id":"https:\/\/www.zerdab.com\/#\/schema\/person\/97079b7570c1e89ec0d9e138c3672136"},"headline":"Z\u0259rdabda Z\u0259f\u0259r G\u00fcn\u00fcn\u00fcn co\u015fqusu ya\u015fan\u0131b &#8211; FOTO","datePublished":"2025-11-07T20:26:47+00:00","dateModified":"2025-11-12T11:31:36+00:00","mainEntityOfPage":{"@id":"https:\/\/www.zerdab.com\/?p=31791"},"wordCount":611,"image":{"@id":"https:\/\/www.zerdab.com\/?p=31791#primaryimage"},"thumbnailUrl":"https:\/\/www.zerdab.com\/wp-content\/uploads\/2025\/11\/zerdab-tedbir-png.jpeg","articleSection":["MAN\u015eET","X\u018fB\u018fRL\u018fR"],"inLanguage":"az"},{"@type":"WebPage","@id":"https:\/\/www.zerdab.com\/?p=31791","url":"https:\/\/www.zerdab.com\/?p=31791","name":"Z\u0259rdabda Z\u0259f\u0259r G\u00fcn\u00fcn\u00fcn co\u015fqusu ya\u015fan\u0131b - FOTO - Z\u0259rdab.com","isPartOf":{"@id":"https:\/\/www.zerdab.com\/#website"},"primaryImageOfPage":{"@id":"https:\/\/www.zerdab.com\/?p=31791#primaryimage"},"image":{"@id":"https:\/\/www.zerdab.com\/?p=31791#primaryimage"},"thumbnailUrl":"https:\/\/www.zerdab.com\/wp-content\/uploads\/2025\/11\/zerdab-tedbir-png.jpeg","datePublished":"2025-11-07T20:26:47+00:00","dateModified":"2025-11-12T11:31:36+00:00","author":{"@id":"https:\/\/www.zerdab.com\/#\/schema\/person\/97079b7570c1e89ec0d9e138c3672136"},"breadcrumb":{"@id":"https:\/\/www.zerdab.com\/?p=31791#breadcrumb"},"inLanguage":"az","potentialAction":[{"@type":"ReadAction","target":["https:\/\/www.zerdab.com\/?p=31791"]}]},{"@type":"ImageObject","inLanguage":"az","@id":"https:\/\/www.zerdab.com\/?p=31791#primaryimage","url":"https:\/\/www.zerdab.com\/wp-content\/uploads\/2025\/11\/zerdab-tedbir-png.jpeg","contentUrl":"https:\/\/www.zerdab.com\/wp-content\/uploads\/2025\/11\/zerdab-tedbir-png.jpeg","width":923,"height":630},{"@type":"BreadcrumbList","@id":"https:\/\/www.zerdab.com\/?p=31791#breadcrumb","itemListElement":[{"@type":"ListItem","position":1,"name":"Home","item":"https:\/\/www.zerdab.com\/"},{"@type":"ListItem","position":2,"name":"Z\u0259rdabda Z\u0259f\u0259r G\u00fcn\u00fcn\u00fcn co\u015fqusu ya\u015fan\u0131b &#8211; FOTO"}]},{"@type":"WebSite","@id":"https:\/\/www.zerdab.com\/#website","url":"https:\/\/www.zerdab.com\/","name":"Z\u0259rdab.com","description":"","potentialAction":[{"@type":"SearchAction","target":{"@type":"EntryPoint","urlTemplate":"https:\/\/www.zerdab.com\/?s={search_term_string}"},"query-input":{"@type":"PropertyValueSpecification","valueRequired":true,"valueName":"search_term_string"}}],"inLanguage":"az"},{"@type":"Person","@id":"https:\/\/www.zerdab.com\/#\/schema\/person\/97079b7570c1e89ec0d9e138c3672136","name":"admin","image":{"@type":"ImageObject","inLanguage":"az","@id":"https:\/\/www.zerdab.com\/#\/schema\/person\/image\/","url":"https:\/\/secure.gravatar.com\/avatar\/d9c52a9a27c32119cb6679a077fa3e2779e5f822c451cbf01098004361d466ec?s=96&d=mm&r=g","contentUrl":"https:\/\/secure.gravatar.com\/avatar\/d9c52a9a27c32119cb6679a077fa3e2779e5f822c451cbf01098004361d466ec?s=96&d=mm&r=g","caption":"admin"},"url":"https:\/\/www.zerdab.com\/?author=1"}]}},"_links":{"self":[{"href":"https:\/\/www.zerdab.com\/index.php?rest_route=\/wp\/v2\/posts\/31791","targetHints":{"allow":["GET"]}}],"collection":[{"href":"https:\/\/www.zerdab.com\/index.php?rest_route=\/wp\/v2\/posts"}],"about":[{"href":"https:\/\/www.zerdab.com\/index.php?rest_route=\/wp\/v2\/types\/post"}],"author":[{"embeddable":true,"href":"https:\/\/www.zerdab.com\/index.php?rest_route=\/wp\/v2\/users\/1"}],"replies":[{"embeddable":true,"href":"https:\/\/www.zerdab.com\/index.php?rest_route=%2Fwp%2Fv2%2Fcomments&post=31791"}],"version-history":[{"count":1,"href":"https:\/\/www.zerdab.com\/index.php?rest_route=\/wp\/v2\/posts\/31791\/revisions"}],"predecessor-version":[{"id":31793,"href":"https:\/\/www.zerdab.com\/index.php?rest_route=\/wp\/v2\/posts\/31791\/revisions\/31793"}],"wp:featuredmedia":[{"embeddable":true,"href":"https:\/\/www.zerdab.com\/index.php?rest_route=\/wp\/v2\/media\/31792"}],"wp:attachment":[{"href":"https:\/\/www.zerdab.com\/index.php?rest_route=%2Fwp%2Fv2%2Fmedia&parent=31791"}],"wp:term":[{"taxonomy":"category","embeddable":true,"href":"https:\/\/www.zerdab.com\/index.php?rest_route=%2Fwp%2Fv2%2Fcategories&post=31791"},{"taxonomy":"post_tag","embeddable":true,"href":"https:\/\/www.zerdab.com\/index.php?rest_route=%2Fwp%2Fv2%2Ftags&post=31791"}],"curies":[{"name":"wp","href":"https:\/\/api.w.org\/{rel}","templated":true}]}}