{"id":31967,"date":"2026-09-01T12:52:23","date_gmt":"2026-09-01T08:52:23","guid":{"rendered":"https:\/\/www.zerdab.com\/?p=31967"},"modified":"2026-09-01T12:53:48","modified_gmt":"2026-09-01T08:53:48","slug":"z%c9%99rdab-rayonunda-t%c9%99hsil-iscil%c9%99rinin-sentyabr-konfransi-kecirilib-foto","status":"publish","type":"post","link":"https:\/\/www.zerdab.com\/?p=31967","title":{"rendered":"Z\u0259rdab rayonunda t\u0259hsil i\u015f\u00e7il\u0259rinin sentyabr konfrans\u0131 ke\u00e7irilib &#8211; Foto"},"content":{"rendered":"<div class=\"xdj266r x14z9mp xat24cr x1lziwak x1vvkbs x126k92a\">\n<div dir=\"auto\">Z\u0259rdab rayonunda yeni t\u0259dris ilinin ba\u015flanmas\u0131 il\u0259 \u0259laq\u0259dar t\u0259hsil i\u015f\u00e7il\u0259rinin sentyabr konfrans\u0131 ke\u00e7irilib. Z\u0259rdab rayon Heyd\u0259r \u018fliyev M\u0259rk\u0259zind\u0259 ke\u00e7iril\u0259n t\u0259dbird\u0259 M\u0259rk\u0259zi Aran Regional T\u0259hsil \u0130dar\u0259sinin m\u00fcdiri H\u0259mid Qas\u0131mov, Z\u0259rdab Rayon \u0130cra Hakimiyy\u0259ti ba\u015f\u00e7\u0131s\u0131n\u0131n birinci m\u00fcavini Ramo Hac\u0131yev, Z\u0259rdab rayon t\u0259hsil sektorunun m\u00fcdiri, \u018fm\u0259kdar m\u00fc\u0259llim G\u00fcla\u011fa \u0130sg\u0259nd\u0259rov, dig\u0259r qurumlar\u0131n n\u00fcmay\u0259nd\u0259l\u0259ri, M\u0259rk\u0259zi Aran Regional T\u0259hsil \u0130dar\u0259sinin \u0259m\u0259kda\u015far\u0131, Z\u0259rdab rayon t\u0259hsil sektorunun \u0259m\u0259kda\u015flar\u0131, m\u0259kt\u0259b r\u0259hb\u0259rl\u0259ri, direktor m\u00fcavinl\u0259ri v\u0259 qabaqc\u0131l m\u00fc\u0259lliml\u0259r i\u015ftirak edibl\u0259r.<\/div>\n<\/div>\n<div class=\"x14z9mp xat24cr x1lziwak x1vvkbs xtlvy1s x126k92a\">\n<div dir=\"auto\"><strong>Zerdab.com<\/strong> x\u0259b\u0259r verir ki, t\u0259dbir \u00dcmummilli Lider Heyd\u0259r \u018fliyevin abid\u0259si \u00f6n\u00fcn\u0259 g\u00fcl d\u0259st\u0259l\u0259rinin qoyulmas\u0131 il\u0259 ba\u015flay\u0131b. Ard\u0131nca D\u00f6vl\u0259t Himni s\u0259sl\u0259ndirilib v\u0259 \u00f6lk\u0259mizin \u0259razi b\u00fct\u00f6vl\u00fcy\u00fc v\u0259 suverenliyi u\u011frunda \u015f\u0259hid olanlar\u0131n \u0259ziz xatir\u0259si bir d\u0259qiq\u0259lik s\u00fckutla yad edilib.<\/div>\n<div dir=\"auto\">Konfransda 2026\u20132027-ci t\u0259dris ilind\u0259 qar\u015f\u0131ya qoyulan \u0259sas h\u0259d\u0259fl\u0259r, t\u0259hsilin keyfiyy\u0259tinin y\u00fcks\u0259ldilm\u0259si, \u015fagird nailiyy\u0259tl\u0259rinin art\u0131r\u0131lmas\u0131, m\u00fc\u0259lliml\u0259rin pe\u015f\u0259kar inki\u015faf\u0131n\u0131n d\u0259st\u0259kl\u0259nm\u0259si v\u0259 m\u0259kt\u0259bl\u0259rd\u0259 \u0259lveri\u015fli t\u0259hsil m\u00fchitinin yarad\u0131lmas\u0131 istiqam\u0259tind\u0259 g\u00f6r\u00fcl\u0259c\u0259k i\u015fl\u0259r m\u00fczakir\u0259 olunub. \u00c7\u0131x\u0131\u015flarda m\u0259kt\u0259b r\u0259hb\u0259rl\u0259rinin idar\u0259etm\u0259 f\u0259aliyy\u0259tinin g\u00fccl\u0259ndirilm\u0259si, m\u0259kt\u0259bdaxili qiym\u0259tl\u0259ndirm\u0259nin \u015f\u0259ffaf v\u0259 obyektiv t\u0259\u015fkili, a\u015fa\u011f\u0131 n\u0259tic\u0259 g\u00f6st\u0259r\u0259n \u015fagirdl\u0259rl\u0259 m\u0259qs\u0259dy\u00f6nl\u00fc i\u015fin apar\u0131lmas\u0131 v\u0259 qabaqc\u0131l t\u0259cr\u00fcb\u0259nin payla\u015f\u0131lmas\u0131n\u0131n \u0259h\u0259miyy\u0259ti vur\u011fulan\u0131b. T\u0259dbird\u0259, h\u0259m\u00e7inin \u00f6t\u0259n t\u0259dris ilinin n\u0259tic\u0259l\u0259ri t\u0259hlil olunub, IV v\u0259 VI sinifl\u0259r \u00fczr\u0259 monitorinql\u0259rin, IX v\u0259 XI sinifl\u0259r \u00fczr\u0259 burax\u0131l\u0131\u015f imtahanlar\u0131n\u0131n n\u0259tic\u0259l\u0259ri \u0259vv\u0259lki ill\u0259rl\u0259 m\u00fcqayis\u0259li \u015f\u0259kild\u0259 t\u0259qdim edilib.<\/div>\n<div dir=\"auto\">Bildirilib ki, yeni t\u0259dris ilind\u0259 \u0259sas m\u0259qs\u0259d m\u00f6vcud \u00e7\u0259tinlikl\u0259rin aradan qald\u0131r\u0131lmas\u0131, t\u0259hsil n\u0259tic\u0259l\u0259rinin yax\u015f\u0131la\u015fd\u0131r\u0131lmas\u0131 v\u0259 h\u0259r bir m\u0259kt\u0259bd\u0259 effektiv, inki\u015fafy\u00f6n\u00fcml\u00fc t\u0259hsil m\u00fchitinin formala\u015fd\u0131r\u0131lmas\u0131d\u0131r.<\/div>\n<div dir=\"auto\"><img decoding=\"async\" src=\"https:\/\/scontent.fgyd20-2.fna.fbcdn.net\/v\/t39.99422-6\/790003272_2119035022023301_8878280259526112708_n.png?stp=dst-jpg_tt6&amp;cstp=mx1280x853&amp;ctp=s1280x853&amp;_nc_cat=108&amp;ccb=1-7&amp;_nc_sid=127cfc&amp;_nc_ohc=PzEiK5qzrfYQ7kNvwHt5qXY&amp;_nc_oc=AdpC1KNPA2x9q11CroMA5uJy2r7C9uwwQhbCk_U9-EBbviAhRAMJh2p-2jOk5nWHd4E&amp;_nc_zt=14&amp;_nc_ht=scontent.fgyd20-2.fna&amp;_nc_gid=AxIU0Woj9RjTqElmIdNiLQ&amp;_nc_ss=7b2a8&amp;oh=00_AQLc_H_2r019iXOr-iZCBQa6geg-oQdsjmOFjZnwZhg_gQ&amp;oe=6A9C4D16\" alt=\"Bir toy \u015f\u0259kili ola bil\u0259r\" \/><\/div>\n<\/div>\n<div dir=\"auto\"><img decoding=\"async\" src=\"https:\/\/scontent.fgyd20-1.fna.fbcdn.net\/v\/t39.99422-6\/793028123_1504746381459738_4256554606573269261_n.png?stp=dst-jpg_tt6&amp;cstp=mx1280x853&amp;ctp=s1280x853&amp;_nc_cat=106&amp;ccb=1-7&amp;_nc_sid=127cfc&amp;_nc_ohc=tE9nRf9TVNEQ7kNvwHP2lbG&amp;_nc_oc=AdokS2tuukzruJI7EpwLTEWhbeJ-Ru5oleNTj-DbDe95KzaSmD37QaL95j3PbUA7eKU&amp;_nc_zt=14&amp;_nc_ht=scontent.fgyd20-1.fna&amp;_nc_gid=LLlJThkDoDPA4xeeMNYzeA&amp;_nc_ss=7b2a8&amp;oh=00_AQK40f5g0XgrgD-1yna13UX1doJvtwfDRx8zc_rFRTQEcA&amp;oe=6A9C6019\" alt=\"\u015e\u0259kilin a\u00e7\u0131qlamas\u0131 yoxdur.\" \/><\/div>\n<div dir=\"auto\"><img decoding=\"async\" src=\"https:\/\/scontent.fgyd20-1.fna.fbcdn.net\/v\/t39.99422-6\/791248129_1333854245220170_5706406377510275577_n.png?stp=dst-jpg_tt6&amp;cstp=mx1280x853&amp;ctp=s1280x853&amp;_nc_cat=110&amp;ccb=1-7&amp;_nc_sid=127cfc&amp;_nc_ohc=eryhKx9NOjMQ7kNvwHPRqb4&amp;_nc_oc=AdoUJepMtcDNht6Hvou1OkOCxW_AInY434bJSnb_FRH47yx9YxeiWMANGlAbGHK32dY&amp;_nc_zt=14&amp;_nc_ht=scontent.fgyd20-1.fna&amp;_nc_gid=IilbyYHvtmOeQCrZ00-woA&amp;_nc_ss=7b2a8&amp;oh=00_AQKL-aoQLZncr3KO3o008bwPqJxpfO7mf1LvCnddmDE4qw&amp;oe=6A9C4E31\" alt=\"Bir bir v\u0259 ya daha \u00e7ox \u015f\u0259xs \u015f\u0259kili ola bil\u0259r\" \/><\/div>\n<div dir=\"auto\"><img decoding=\"async\" src=\"https:\/\/scontent.fgyd20-2.fna.fbcdn.net\/v\/t39.99422-6\/791228249_1096535226275204_6325297155090882539_n.png?stp=dst-jpg_tt6&amp;cstp=mx1280x853&amp;ctp=s1280x853&amp;_nc_cat=104&amp;ccb=1-7&amp;_nc_sid=127cfc&amp;_nc_ohc=Fmv_EuZwx-4Q7kNvwElhE2k&amp;_nc_oc=AdoDaGraJbTKG4XUMPgp_T66-JUqVu4I-em_ZI5rK9R5CtqORs3zIXSQEI8YHMZkBFQ&amp;_nc_zt=14&amp;_nc_ht=scontent.fgyd20-2.fna&amp;_nc_gid=bJN1XZzaOQLvhTkNiSOhZA&amp;_nc_ss=7b2a8&amp;oh=00_AQLF1XvJ0cTgGTVyIrLMX1twIUJsFlQ0J_QYxpHQ3gZbcw&amp;oe=6A9C49DA\" alt=\"Bir bir v\u0259 ya daha \u00e7ox \u015f\u0259xs \u015f\u0259kili ola bil\u0259r\" \/><\/div>\n<div dir=\"auto\"><img decoding=\"async\" src=\"https:\/\/scontent.fgyd20-2.fna.fbcdn.net\/v\/t39.99422-6\/790945769_1915370436088392_6022832098728419071_n.png?stp=dst-jpg_tt6&amp;cstp=mx1206x1350&amp;ctp=s1206x1350&amp;_nc_cat=100&amp;ccb=1-7&amp;_nc_sid=127cfc&amp;_nc_ohc=Q-QLzfvwYnsQ7kNvwGsoycY&amp;_nc_oc=Adp1wy9J8qebNA-ZcxvirIXNRGpEJqb00XDu5DzBCFo7Xv4vSXbNetzkVB9Hu4fJk7w&amp;_nc_zt=14&amp;_nc_ht=scontent.fgyd20-2.fna&amp;_nc_gid=gxTlKBIPFcbrlQF049S0lw&amp;_nc_ss=7b2a8&amp;oh=00_AQJTqrSok4eqCxsbhqfaqtWHAoqkC-mGbQzYLwjbrC_Esw&amp;oe=6A9C7B69\" alt=\"Bir bir v\u0259 ya daha \u00e7ox \u015f\u0259xs, platforma v\u0259 bunu dey\u0259n yaz\u0131 &quot;S&quot; \u015f\u0259kili ola bil\u0259r\" \/><\/div>\n<div dir=\"auto\"><img decoding=\"async\" src=\"https:\/\/scontent.fgyd20-1.fna.fbcdn.net\/v\/t39.99422-6\/792910619_2266672330798349_2572762092762453209_n.png?stp=dst-jpg_tt6&amp;cstp=mx1280x853&amp;ctp=s1280x853&amp;_nc_cat=103&amp;ccb=1-7&amp;_nc_sid=127cfc&amp;_nc_ohc=WJnsRp9-BkAQ7kNvwE8axHw&amp;_nc_oc=Adr2RI7KyKhJ-GU7YGEYbRe5FlNAWn1oohiIxLVpQ5mBXMakK1unuBYapm72hYzNCk8&amp;_nc_zt=14&amp;_nc_ht=scontent.fgyd20-1.fna&amp;_nc_gid=rYmGXW1ToyfTvwTQyyXeNg&amp;_nc_ss=7b2a8&amp;oh=00_AQK5tqH_szwD65g8l7hgwR55gbTWMIKqR5rmS9qQa2cwQg&amp;oe=6A9C4C5C\" alt=\"Bir bir v\u0259 ya daha \u00e7ox \u015f\u0259xs v\u0259 d\u0259rs oxuyan insanlar \u015f\u0259kili ola bil\u0259r\" \/><\/div>\n<div dir=\"auto\"><img decoding=\"async\" src=\"https:\/\/scontent.fgyd20-1.fna.fbcdn.net\/v\/t39.99422-6\/788585657_1374466554891470_8155488866124985451_n.png?stp=dst-jpg_tt6&amp;cstp=mx1280x853&amp;ctp=s1280x853&amp;_nc_cat=105&amp;ccb=1-7&amp;_nc_sid=127cfc&amp;_nc_ohc=qPMK3FSpGiEQ7kNvwEeskNe&amp;_nc_oc=Adp_Fgo3grtG_b4nmlaYaC_tuqv0HWjp-3HdrVoul8IU1xr_N--Kni4LzafNBI3GuLw&amp;_nc_zt=14&amp;_nc_ht=scontent.fgyd20-1.fna&amp;_nc_gid=rCha4Gj6XjbGShdrJrF7yg&amp;_nc_ss=7b2a8&amp;oh=00_AQISvF_tloyLf5wNtGmyarmXcG1YVw10aqwG_2VhOLhW-w&amp;oe=6A9C536F\" alt=\"Bir platforma \u015f\u0259kili ola bil\u0259r\" \/><\/div>\n","protected":false},"excerpt":{"rendered":"<p>Z\u0259rdab rayonunda yeni t\u0259dris ilinin ba\u015flanmas\u0131 il\u0259 \u0259laq\u0259dar t\u0259hsil i\u015f\u00e7il\u0259rinin sentyabr konfrans\u0131 ke\u00e7irilib. Z\u0259rdab rayon Heyd\u0259r \u018fliyev M\u0259rk\u0259zind\u0259 ke\u00e7iril\u0259n t\u0259dbird\u0259 M\u0259rk\u0259zi Aran Regional T\u0259hsil \u0130dar\u0259sinin m\u00fcdiri H\u0259mid Qas\u0131mov, Z\u0259rdab Rayon \u0130cra Hakimiyy\u0259ti ba\u015f\u00e7\u0131s\u0131n\u0131n birinci m\u00fcavini Ramo Hac\u0131yev, Z\u0259rdab rayon t\u0259hsil sektorunun m\u00fcdiri, \u018fm\u0259kdar m\u00fc\u0259llim G\u00fcla\u011fa \u0130sg\u0259nd\u0259rov, dig\u0259r qurumlar\u0131n n\u00fcmay\u0259nd\u0259l\u0259ri, M\u0259rk\u0259zi Aran Regional T\u0259hsil \u0130dar\u0259sinin \u0259m\u0259kda\u015far\u0131, [&hellip;]<\/p>\n","protected":false},"author":1,"featured_media":31968,"comment_status":"closed","ping_status":"closed","sticky":false,"template":"","format":"standard","meta":{"footnotes":""},"categories":[63,5],"tags":[],"class_list":{"0":"post-31967","1":"post","2":"type-post","3":"status-publish","4":"format-standard","5":"has-post-thumbnail","7":"category-manset","8":"category-knd"},"yoast_head":"<!-- This site is optimized with the Yoast SEO plugin v27.0 - https:\/\/yoast.com\/product\/yoast-seo-wordpress\/ -->\n<title>Z\u0259rdab rayonunda t\u0259hsil i\u015f\u00e7il\u0259rinin sentyabr konfrans\u0131 ke\u00e7irilib - Foto - Z\u0259rdab.com<\/title>\n<meta name=\"robots\" content=\"index, follow, max-snippet:-1, max-image-preview:large, max-video-preview:-1\" \/>\n<link rel=\"canonical\" href=\"https:\/\/www.zerdab.com\/?p=31967\" \/>\n<meta property=\"og:locale\" content=\"az_AZ\" \/>\n<meta property=\"og:type\" content=\"article\" \/>\n<meta property=\"og:title\" content=\"Z\u0259rdab rayonunda t\u0259hsil i\u015f\u00e7il\u0259rinin sentyabr konfrans\u0131 ke\u00e7irilib - Foto - Z\u0259rdab.com\" \/>\n<meta property=\"og:description\" content=\"Z\u0259rdab rayonunda yeni t\u0259dris ilinin ba\u015flanmas\u0131 il\u0259 \u0259laq\u0259dar t\u0259hsil i\u015f\u00e7il\u0259rinin sentyabr konfrans\u0131 ke\u00e7irilib. Z\u0259rdab rayon Heyd\u0259r \u018fliyev M\u0259rk\u0259zind\u0259 ke\u00e7iril\u0259n t\u0259dbird\u0259 M\u0259rk\u0259zi Aran Regional T\u0259hsil \u0130dar\u0259sinin m\u00fcdiri H\u0259mid Qas\u0131mov, Z\u0259rdab Rayon \u0130cra Hakimiyy\u0259ti ba\u015f\u00e7\u0131s\u0131n\u0131n birinci m\u00fcavini Ramo Hac\u0131yev, Z\u0259rdab rayon t\u0259hsil sektorunun m\u00fcdiri, \u018fm\u0259kdar m\u00fc\u0259llim G\u00fcla\u011fa \u0130sg\u0259nd\u0259rov, dig\u0259r qurumlar\u0131n n\u00fcmay\u0259nd\u0259l\u0259ri, M\u0259rk\u0259zi Aran Regional T\u0259hsil \u0130dar\u0259sinin \u0259m\u0259kda\u015far\u0131, [&hellip;]\" \/>\n<meta property=\"og:url\" content=\"https:\/\/www.zerdab.com\/?p=31967\" \/>\n<meta property=\"og:site_name\" content=\"Z\u0259rdab.com\" \/>\n<meta property=\"article:published_time\" content=\"2026-09-01T08:52:23+00:00\" \/>\n<meta property=\"article:modified_time\" content=\"2026-09-01T08:53:48+00:00\" \/>\n<meta property=\"og:image\" content=\"http:\/\/www.zerdab.com\/wp-content\/uploads\/2026\/09\/image_2026-09-01_125205754.png\" \/>\n\t<meta property=\"og:image:width\" content=\"1280\" \/>\n\t<meta property=\"og:image:height\" content=\"853\" \/>\n\t<meta property=\"og:image:type\" content=\"image\/png\" \/>\n<meta name=\"author\" content=\"admin\" \/>\n<meta name=\"twitter:card\" content=\"summary_large_image\" \/>\n<meta name=\"twitter:label1\" content=\"Written by\" \/>\n\t<meta name=\"twitter:data1\" content=\"admin\" \/>\n\t<meta name=\"twitter:label2\" content=\"Est. reading time\" \/>\n\t<meta name=\"twitter:data2\" content=\"3 minutes\" \/>\n<script type=\"application\/ld+json\" class=\"yoast-schema-graph\">{\"@context\":\"https:\/\/schema.org\",\"@graph\":[{\"@type\":\"Article\",\"@id\":\"https:\/\/www.zerdab.com\/?p=31967#article\",\"isPartOf\":{\"@id\":\"https:\/\/www.zerdab.com\/?p=31967\"},\"author\":{\"name\":\"admin\",\"@id\":\"https:\/\/www.zerdab.com\/#\/schema\/person\/97079b7570c1e89ec0d9e138c3672136\"},\"headline\":\"Z\u0259rdab rayonunda t\u0259hsil i\u015f\u00e7il\u0259rinin sentyabr konfrans\u0131 ke\u00e7irilib &#8211; Foto\",\"datePublished\":\"2026-09-01T08:52:23+00:00\",\"dateModified\":\"2026-09-01T08:53:48+00:00\",\"mainEntityOfPage\":{\"@id\":\"https:\/\/www.zerdab.com\/?p=31967\"},\"wordCount\":448,\"image\":{\"@id\":\"https:\/\/www.zerdab.com\/?p=31967#primaryimage\"},\"thumbnailUrl\":\"https:\/\/www.zerdab.com\/wp-content\/uploads\/2026\/09\/image_2026-09-01_125205754.png\",\"articleSection\":[\"MAN\u015eET\",\"X\u018fB\u018fRL\u018fR\"],\"inLanguage\":\"az\"},{\"@type\":\"WebPage\",\"@id\":\"https:\/\/www.zerdab.com\/?p=31967\",\"url\":\"https:\/\/www.zerdab.com\/?p=31967\",\"name\":\"Z\u0259rdab rayonunda t\u0259hsil i\u015f\u00e7il\u0259rinin sentyabr konfrans\u0131 ke\u00e7irilib - Foto - Z\u0259rdab.com\",\"isPartOf\":{\"@id\":\"https:\/\/www.zerdab.com\/#website\"},\"primaryImageOfPage\":{\"@id\":\"https:\/\/www.zerdab.com\/?p=31967#primaryimage\"},\"image\":{\"@id\":\"https:\/\/www.zerdab.com\/?p=31967#primaryimage\"},\"thumbnailUrl\":\"https:\/\/www.zerdab.com\/wp-content\/uploads\/2026\/09\/image_2026-09-01_125205754.png\",\"datePublished\":\"2026-09-01T08:52:23+00:00\",\"dateModified\":\"2026-09-01T08:53:48+00:00\",\"author\":{\"@id\":\"https:\/\/www.zerdab.com\/#\/schema\/person\/97079b7570c1e89ec0d9e138c3672136\"},\"breadcrumb\":{\"@id\":\"https:\/\/www.zerdab.com\/?p=31967#breadcrumb\"},\"inLanguage\":\"az\",\"potentialAction\":[{\"@type\":\"ReadAction\",\"target\":[\"https:\/\/www.zerdab.com\/?p=31967\"]}]},{\"@type\":\"ImageObject\",\"inLanguage\":\"az\",\"@id\":\"https:\/\/www.zerdab.com\/?p=31967#primaryimage\",\"url\":\"https:\/\/www.zerdab.com\/wp-content\/uploads\/2026\/09\/image_2026-09-01_125205754.png\",\"contentUrl\":\"https:\/\/www.zerdab.com\/wp-content\/uploads\/2026\/09\/image_2026-09-01_125205754.png\",\"width\":1280,\"height\":853},{\"@type\":\"BreadcrumbList\",\"@id\":\"https:\/\/www.zerdab.com\/?p=31967#breadcrumb\",\"itemListElement\":[{\"@type\":\"ListItem\",\"position\":1,\"name\":\"Home\",\"item\":\"https:\/\/www.zerdab.com\/\"},{\"@type\":\"ListItem\",\"position\":2,\"name\":\"Z\u0259rdab rayonunda t\u0259hsil i\u015f\u00e7il\u0259rinin sentyabr konfrans\u0131 ke\u00e7irilib &#8211; Foto\"}]},{\"@type\":\"WebSite\",\"@id\":\"https:\/\/www.zerdab.com\/#website\",\"url\":\"https:\/\/www.zerdab.com\/\",\"name\":\"Z\u0259rdab.com\",\"description\":\"\",\"potentialAction\":[{\"@type\":\"SearchAction\",\"target\":{\"@type\":\"EntryPoint\",\"urlTemplate\":\"https:\/\/www.zerdab.com\/?s={search_term_string}\"},\"query-input\":{\"@type\":\"PropertyValueSpecification\",\"valueRequired\":true,\"valueName\":\"search_term_string\"}}],\"inLanguage\":\"az\"},{\"@type\":\"Person\",\"@id\":\"https:\/\/www.zerdab.com\/#\/schema\/person\/97079b7570c1e89ec0d9e138c3672136\",\"name\":\"admin\",\"image\":{\"@type\":\"ImageObject\",\"inLanguage\":\"az\",\"@id\":\"https:\/\/www.zerdab.com\/#\/schema\/person\/image\/\",\"url\":\"https:\/\/secure.gravatar.com\/avatar\/d9c52a9a27c32119cb6679a077fa3e2779e5f822c451cbf01098004361d466ec?s=96&d=mm&r=g\",\"contentUrl\":\"https:\/\/secure.gravatar.com\/avatar\/d9c52a9a27c32119cb6679a077fa3e2779e5f822c451cbf01098004361d466ec?s=96&d=mm&r=g\",\"caption\":\"admin\"},\"url\":\"https:\/\/www.zerdab.com\/?author=1\"}]}<\/script>\n<!-- \/ Yoast SEO plugin. -->","yoast_head_json":{"title":"Z\u0259rdab rayonunda t\u0259hsil i\u015f\u00e7il\u0259rinin sentyabr konfrans\u0131 ke\u00e7irilib - Foto - Z\u0259rdab.com","robots":{"index":"index","follow":"follow","max-snippet":"max-snippet:-1","max-image-preview":"max-image-preview:large","max-video-preview":"max-video-preview:-1"},"canonical":"https:\/\/www.zerdab.com\/?p=31967","og_locale":"az_AZ","og_type":"article","og_title":"Z\u0259rdab rayonunda t\u0259hsil i\u015f\u00e7il\u0259rinin sentyabr konfrans\u0131 ke\u00e7irilib - Foto - Z\u0259rdab.com","og_description":"Z\u0259rdab rayonunda yeni t\u0259dris ilinin ba\u015flanmas\u0131 il\u0259 \u0259laq\u0259dar t\u0259hsil i\u015f\u00e7il\u0259rinin sentyabr konfrans\u0131 ke\u00e7irilib. Z\u0259rdab rayon Heyd\u0259r \u018fliyev M\u0259rk\u0259zind\u0259 ke\u00e7iril\u0259n t\u0259dbird\u0259 M\u0259rk\u0259zi Aran Regional T\u0259hsil \u0130dar\u0259sinin m\u00fcdiri H\u0259mid Qas\u0131mov, Z\u0259rdab Rayon \u0130cra Hakimiyy\u0259ti ba\u015f\u00e7\u0131s\u0131n\u0131n birinci m\u00fcavini Ramo Hac\u0131yev, Z\u0259rdab rayon t\u0259hsil sektorunun m\u00fcdiri, \u018fm\u0259kdar m\u00fc\u0259llim G\u00fcla\u011fa \u0130sg\u0259nd\u0259rov, dig\u0259r qurumlar\u0131n n\u00fcmay\u0259nd\u0259l\u0259ri, M\u0259rk\u0259zi Aran Regional T\u0259hsil \u0130dar\u0259sinin \u0259m\u0259kda\u015far\u0131, [&hellip;]","og_url":"https:\/\/www.zerdab.com\/?p=31967","og_site_name":"Z\u0259rdab.com","article_published_time":"2026-09-01T08:52:23+00:00","article_modified_time":"2026-09-01T08:53:48+00:00","og_image":[{"width":1280,"height":853,"url":"http:\/\/www.zerdab.com\/wp-content\/uploads\/2026\/09\/image_2026-09-01_125205754.png","type":"image\/png"}],"author":"admin","twitter_card":"summary_large_image","twitter_misc":{"Written by":"admin","Est. reading time":"3 minutes"},"schema":{"@context":"https:\/\/schema.org","@graph":[{"@type":"Article","@id":"https:\/\/www.zerdab.com\/?p=31967#article","isPartOf":{"@id":"https:\/\/www.zerdab.com\/?p=31967"},"author":{"name":"admin","@id":"https:\/\/www.zerdab.com\/#\/schema\/person\/97079b7570c1e89ec0d9e138c3672136"},"headline":"Z\u0259rdab rayonunda t\u0259hsil i\u015f\u00e7il\u0259rinin sentyabr konfrans\u0131 ke\u00e7irilib &#8211; Foto","datePublished":"2026-09-01T08:52:23+00:00","dateModified":"2026-09-01T08:53:48+00:00","mainEntityOfPage":{"@id":"https:\/\/www.zerdab.com\/?p=31967"},"wordCount":448,"image":{"@id":"https:\/\/www.zerdab.com\/?p=31967#primaryimage"},"thumbnailUrl":"https:\/\/www.zerdab.com\/wp-content\/uploads\/2026\/09\/image_2026-09-01_125205754.png","articleSection":["MAN\u015eET","X\u018fB\u018fRL\u018fR"],"inLanguage":"az"},{"@type":"WebPage","@id":"https:\/\/www.zerdab.com\/?p=31967","url":"https:\/\/www.zerdab.com\/?p=31967","name":"Z\u0259rdab rayonunda t\u0259hsil i\u015f\u00e7il\u0259rinin sentyabr konfrans\u0131 ke\u00e7irilib - Foto - Z\u0259rdab.com","isPartOf":{"@id":"https:\/\/www.zerdab.com\/#website"},"primaryImageOfPage":{"@id":"https:\/\/www.zerdab.com\/?p=31967#primaryimage"},"image":{"@id":"https:\/\/www.zerdab.com\/?p=31967#primaryimage"},"thumbnailUrl":"https:\/\/www.zerdab.com\/wp-content\/uploads\/2026\/09\/image_2026-09-01_125205754.png","datePublished":"2026-09-01T08:52:23+00:00","dateModified":"2026-09-01T08:53:48+00:00","author":{"@id":"https:\/\/www.zerdab.com\/#\/schema\/person\/97079b7570c1e89ec0d9e138c3672136"},"breadcrumb":{"@id":"https:\/\/www.zerdab.com\/?p=31967#breadcrumb"},"inLanguage":"az","potentialAction":[{"@type":"ReadAction","target":["https:\/\/www.zerdab.com\/?p=31967"]}]},{"@type":"ImageObject","inLanguage":"az","@id":"https:\/\/www.zerdab.com\/?p=31967#primaryimage","url":"https:\/\/www.zerdab.com\/wp-content\/uploads\/2026\/09\/image_2026-09-01_125205754.png","contentUrl":"https:\/\/www.zerdab.com\/wp-content\/uploads\/2026\/09\/image_2026-09-01_125205754.png","width":1280,"height":853},{"@type":"BreadcrumbList","@id":"https:\/\/www.zerdab.com\/?p=31967#breadcrumb","itemListElement":[{"@type":"ListItem","position":1,"name":"Home","item":"https:\/\/www.zerdab.com\/"},{"@type":"ListItem","position":2,"name":"Z\u0259rdab rayonunda t\u0259hsil i\u015f\u00e7il\u0259rinin sentyabr konfrans\u0131 ke\u00e7irilib &#8211; Foto"}]},{"@type":"WebSite","@id":"https:\/\/www.zerdab.com\/#website","url":"https:\/\/www.zerdab.com\/","name":"Z\u0259rdab.com","description":"","potentialAction":[{"@type":"SearchAction","target":{"@type":"EntryPoint","urlTemplate":"https:\/\/www.zerdab.com\/?s={search_term_string}"},"query-input":{"@type":"PropertyValueSpecification","valueRequired":true,"valueName":"search_term_string"}}],"inLanguage":"az"},{"@type":"Person","@id":"https:\/\/www.zerdab.com\/#\/schema\/person\/97079b7570c1e89ec0d9e138c3672136","name":"admin","image":{"@type":"ImageObject","inLanguage":"az","@id":"https:\/\/www.zerdab.com\/#\/schema\/person\/image\/","url":"https:\/\/secure.gravatar.com\/avatar\/d9c52a9a27c32119cb6679a077fa3e2779e5f822c451cbf01098004361d466ec?s=96&d=mm&r=g","contentUrl":"https:\/\/secure.gravatar.com\/avatar\/d9c52a9a27c32119cb6679a077fa3e2779e5f822c451cbf01098004361d466ec?s=96&d=mm&r=g","caption":"admin"},"url":"https:\/\/www.zerdab.com\/?author=1"}]}},"_links":{"self":[{"href":"https:\/\/www.zerdab.com\/index.php?rest_route=\/wp\/v2\/posts\/31967","targetHints":{"allow":["GET"]}}],"collection":[{"href":"https:\/\/www.zerdab.com\/index.php?rest_route=\/wp\/v2\/posts"}],"about":[{"href":"https:\/\/www.zerdab.com\/index.php?rest_route=\/wp\/v2\/types\/post"}],"author":[{"embeddable":true,"href":"https:\/\/www.zerdab.com\/index.php?rest_route=\/wp\/v2\/users\/1"}],"replies":[{"embeddable":true,"href":"https:\/\/www.zerdab.com\/index.php?rest_route=%2Fwp%2Fv2%2Fcomments&post=31967"}],"version-history":[{"count":2,"href":"https:\/\/www.zerdab.com\/index.php?rest_route=\/wp\/v2\/posts\/31967\/revisions"}],"predecessor-version":[{"id":31970,"href":"https:\/\/www.zerdab.com\/index.php?rest_route=\/wp\/v2\/posts\/31967\/revisions\/31970"}],"wp:featuredmedia":[{"embeddable":true,"href":"https:\/\/www.zerdab.com\/index.php?rest_route=\/wp\/v2\/media\/31968"}],"wp:attachment":[{"href":"https:\/\/www.zerdab.com\/index.php?rest_route=%2Fwp%2Fv2%2Fmedia&parent=31967"}],"wp:term":[{"taxonomy":"category","embeddable":true,"href":"https:\/\/www.zerdab.com\/index.php?rest_route=%2Fwp%2Fv2%2Fcategories&post=31967"},{"taxonomy":"post_tag","embeddable":true,"href":"https:\/\/www.zerdab.com\/index.php?rest_route=%2Fwp%2Fv2%2Ftags&post=31967"}],"curies":[{"name":"wp","href":"https:\/\/api.w.org\/{rel}","templated":true}]}}