{"id":3232,"date":"2012-07-09T11:42:41","date_gmt":"2012-07-09T06:42:41","guid":{"rendered":"http:\/\/www.zerdab.com\/?p=3232"},"modified":"2012-07-09T11:42:41","modified_gmt":"2012-07-09T06:42:41","slug":"zulm-girdabinda-carpisan-h%c9%99s%c9%99n-b%c9%99y-z%c9%99rdabi","status":"publish","type":"post","link":"https:\/\/www.zerdab.com\/?p=3232","title":{"rendered":"Z\u00fclm girdab\u0131nda \u00e7arp\u0131\u015fan H\u0259s\u0259n b\u0259y Z\u0259rdabi"},"content":{"rendered":"<div id=\"news_content\">\n<div><strong><a href=\"http:\/\/www.zerdab.com\/?attachment_id=3233\" rel=\"attachment wp-att-3233\"><img loading=\"lazy\" decoding=\"async\" class=\"alignleft  wp-image-3233\" title=\"H\u0259s\u0259n B\u0259y Z\u0259rdabi\" src=\"http:\/\/www.zerdab.com\/wp-content\/uploads\/2012\/07\/zerdab-zerdabi.jpg\" alt=\"\" width=\"181\" height=\"238\" \/><\/a>Prezident \u0130lham \u018fliyevin S\u0259r\u0259ncam\u0131 il\u0259 na\u015fir, maarif\u00e7i, filosof, etnoqraf, t\u0259bi\u0259t\u015f\u00fcnas H\u0259s\u0259n b\u0259y Z\u0259rdabinin 170 illik yubileyi ke\u00e7iril\u0259c\u0259k.<\/strong><\/div>\n<p>XIX \u0259srd\u0259 ya\u015fay\u0131b-yaratm\u0131\u015f i\u015f\u0131ql\u0131 ziyal\u0131lar s\u0131ras\u0131nda \u00e7oxsah\u0259li yarad\u0131c\u0131l\u0131\u011f\u0131 il\u0259 f\u0259rql\u0259n\u0259n, h\u0259yat\u0131n\u0131, yarad\u0131c\u0131l\u0131q f\u0259aliyy\u0259tini xalq\u0131n\u0131n inki\u015faf\u0131na, z\u0259nginl\u0259\u015fm\u0259sin\u0259, elm\u0259, t\u0259hsil\u0259 h\u0259sr ed\u0259n H\u0259s\u0259nb\u0259y Z\u0259rdabi yaratd\u0131\u011f\u0131 m\u0259kt\u0259bl\u0259 \u0259b\u0259di abid\u0259sini n\u0259sill\u0259rin yadda\u015f\u0131na k\u00f6\u00e7\u00fcrm\u00fc\u015fd\u00fcr. Az\u0259rbaycanda sosial-m\u0259d\u0259ni h\u0259yat\u0131n on doqquzuncu \u0259srin ikinci yar\u0131s\u0131ndan etibar\u0259n s\u00fcr\u0259tli canlanmas\u0131nda v\u0259 ictimai fikrin maarif\u00e7i-demokratik ideyalarla z\u0259nginl\u0259\u015fm\u0259sind\u0259 H\u0259s\u0259n b\u0259y Z\u0259rdabinin m\u00fcst\u0259sna xidm\u0259tl\u0259ri vard\u0131r.XIX \u0259srd\u0259 ya\u015fay\u0131b-yaratm\u0131\u015f i\u015f\u0131ql\u0131 ziyal\u0131lar s\u0131ras\u0131nda \u00e7oxsah\u0259li yarad\u0131c\u0131l\u0131\u011f\u0131 il\u0259 f\u0259rql\u0259n\u0259n, h\u0259yat\u0131n\u0131, yarad\u0131c\u0131l\u0131q f\u0259aliyy\u0259tini xalq\u0131n\u0131n inki\u015faf\u0131na, z\u0259nginl\u0259\u015fm\u0259sin\u0259, elm\u0259, t\u0259hsil\u0259 h\u0259sr ed\u0259n H\u0259s\u0259nb\u0259y Z\u0259rdabi yaratd\u0131\u011f\u0131 m\u0259kt\u0259bl\u0259 \u0259b\u0259di abid\u0259sini n\u0259sill\u0259rin yadda\u015f\u0131na k\u00f6\u00e7\u00fcrm\u00fc\u015fd\u00fcr. Az\u0259rbaycanda sosial-m\u0259d\u0259ni h\u0259yat\u0131n on doqquzuncu \u0259srin ikinci yar\u0131s\u0131ndan etibar\u0259n s\u00fcr\u0259tli canlanmas\u0131nda v\u0259 ictimai fikrin maarif\u00e7i-demokratik ideyalarla z\u0259nginl\u0259\u015fm\u0259sind\u0259 H\u0259s\u0259n b\u0259y Z\u0259rdabinin m\u00fcst\u0259sna xidm\u0259tl\u0259ri vard\u0131r. Z\u0259rdabi yarad\u0131c\u0131s\u0131, t\u0259\u015fkilat\u00e7\u0131s\u0131 v\u0259 redaktoru oldu\u011fu &#8220;\u018fkin\u00e7i&#8221; q\u0259zetini do\u011fma ana dilind\u0259 n\u0259\u015fr etdirm\u0259kl\u0259 milli m\u0259tbuat\u0131n b\u00fcn\u00f6vr\u0259sini qoymu\u015f, d\u00f6vr\u00fcn\u00fcn ziyal\u0131lar\u0131n\u0131 bu q\u0259zet \u0259traf\u0131nda birl\u0259\u015fdir\u0259r\u0259k taley\u00fckl\u00fc m\u00fch\u00fcm v\u0259zif\u0259l\u0259rin u\u011furla h\u0259yata ke\u00e7irilm\u0259sind\u0259 misilsiz rol oynam\u0131\u015fd\u0131r. \u00a0Xalq\u0131n\u0131, mill\u0259tin sev\u0259n, onun g\u0259l\u0259c\u0259yi yolunda h\u0259r c\u00fcr \u0259zab-\u0259ziyy\u0259tl\u0259r\u0259 qatla\u015fan, c\u0259hal\u0259t, z\u00fclm girdab\u0131nda \u00e7arp\u0131\u015fan Z\u0259rdabi na\u015fir, maarif\u00e7i, filosof, etnoqraf, t\u0259bi\u0259t\u015f\u00fcnas, torpaq\u015f\u00fcnas olaraq \u015f\u00f6hr\u0259t tapm\u0131\u015fd\u0131r. Novator\u00e7u olaraq tariximizd\u0259 yer alan Z\u0259rdabi b\u00f6y\u00fck ensiklopedik z\u0259kas\u0131, irsi il\u0259 diqq\u0259td\u0259 olmu\u015f v\u0259 yarad\u0131c\u0131l\u0131\u011f\u0131 daim m\u00fcxt\u0259lif aspektl\u0259rd\u0259n t\u0259dqiq olunur. Onun yaratd\u0131\u011f\u0131 m\u0259kt\u0259b bir \u0259srd\u0259n art\u0131q zamanda inki\u015faf yolu ke\u00e7ib t\u0259kmill\u0259\u015f\u0259r\u0259k, d\u00fc\u015f\u00fcnc\u0259 t\u0259rzimiz\u0259, t\u0259r\u0259qqi yolunda xalq\u0131n maarifl\u0259nm\u0259sin\u0259 b\u00f6y\u00fck t\u0259sir g\u00f6st\u0259rmi\u015fdir. M\u00fcasir d\u00f6vr\u00fcm\u00fczd\u0259 Az\u0259rbaycan xalq\u0131n\u0131n maarifl\u0259ndici missiyas\u0131n\u0131 yerin\u0259 yetir\u0259n simalar onun \u0259n\u0259n\u0259l\u0259rin\u0259 sadiq qalaraq, milli m\u0259tbuat\u0131m\u0131z yolunda yorulmadan \u00e7al\u0131\u015f\u0131rlar. Az\u0259rbaycan\u00e7\u0131l\u0131q ideyalar\u0131n\u0131 t\u0259bli\u011f ed\u0259n, b\u00f6y\u00fck amallar\u0131 yarad\u0131c\u0131l\u0131q yolunda realla\u015fd\u0131ran v\u0259 milli m\u0259tbuat\u0131m\u0131za t\u00f6hf\u0259l\u0259rini ver\u0259n Z\u0259rdabi m\u0259fkur\u0259si m\u00fcasir d\u00f6vr\u00fcm\u00fczd\u0259 davam etdirilir. Bu v\u0259 ya dig\u0259r \u015fax\u0259li f\u0259aliyy\u0259ti il\u0259 H\u0259s\u0259n b\u0259y Z\u0259rdabi xat\u0131rlan\u0131r. Bel\u0259 bir amal sahibi olan H\u0259s\u0259n b\u0259y Z\u0259rdabi zaman\u0131n ziyal\u0131s\u0131 olaraq xat\u0131rlan\u0131r.<\/p>\n<div>G\u00fcnd\u0259lik h\u0259yat\u0131m\u0131za daxil olan yenilik\u0259rin milli m\u0259tbuat vasit\u0259si il\u0259 bizl\u0259r\u0259 \u00e7atd\u0131r\u0131lmas\u0131nda \u0259m\u0259yi olan ziyal\u0131 xalq\u0131n g\u0259l\u0259c\u0259k inki\u015faf yoluna do\u011fru add\u0131mlar atm\u0131\u015fd\u0131r. Bel\u0259 maarifp\u0259rv\u0259r ziyal\u0131n\u0131n h\u0259yat yolu, f\u0259aliyy\u0259ti zaman-zaman \u00f6yr\u0259nilir v\u0259 m\u0259h\u0259bb\u0259tl\u0259 qar\u015f\u0131lan\u0131r. 2012-ci ild\u0259 Az\u0259rbaycan milli m\u0259tbuat\u0131n\u0131n banisi, g\u00f6rk\u0259mli ictimai xadim, b\u00f6y\u00fck maarifp\u0259rv\u0259r, tan\u0131nm\u0131\u015f publisist, pedaqoq v\u0259 t\u0259bi\u0259t\u015f\u00fcnas alim H\u0259s\u0259n b\u0259y S\u0259lim b\u0259y o\u011flu Z\u0259rdabinin 170 illiyi tamam olur. Az\u0259rbaycan xalq\u0131 qar\u015f\u0131s\u0131nda xidm\u0259tl\u0259ri olan v\u0259 \u00f6mr\u00fcn\u00fc \u015fam t\u0259k xalq\u0131n i\u015f\u0131ql\u0131 g\u0259l\u0259c\u0259yi namin\u0259 \u0259rid\u0259n Z\u0259rdabinin 170 illik yubileyinin ke\u00e7irilm\u0259si il\u0259 ba\u011fl\u0131 \u00f6t\u0259n g\u00fcn Az\u0259rbaycan Prezidenti \u0130lham \u018fliyev t\u0259r\u0259find\u0259n imzalanan S\u0259r\u0259ncam m\u0259hz g\u00f6rk\u0259mli ziyal\u0131m\u0131za veril\u0259n b\u00f6y\u00fck qiym\u0259tdir. S\u0259r\u0259ncama \u0259sas\u0259n, xalq\u0131m\u0131z\u0131n m\u0259d\u0259ni-ictimai fikir tarixin\u0259 d\u0259y\u0259rli t\u00f6hf\u0259l\u0259r vermi\u015f H\u0259s\u0259n b\u0259y Z\u0259rdabinin 170 illik yubileyinin layiqinc\u0259 ke\u00e7irilm\u0259sinin t\u0259min edilm\u0259si m\u0259qs\u0259di il\u0259 Az\u0259rbaycan Milli Elml\u0259r Akademiyas\u0131, T\u0259hsil Nazirliyi v\u0259 M\u0259d\u0259niyy\u0259t v\u0259 Turizm Nazirliyi il\u0259 birlikd\u0259 H\u0259s\u0259n b\u0259y Z\u0259rdabinin 170 illik yubileyin\u0259 h\u0259sr olunmu\u015f t\u0259dbirl\u0259r plan\u0131n\u0131 haz\u0131rlay\u0131b h\u0259yata ke\u00e7ir\u0259c\u0259k.<\/div>\n<div>O, Az\u0259rbaycan\u0131n g\u00f6rk\u0259mli ziyal\u0131s\u0131, Moskva Universitetinin namiz\u0259dlik diplomu il\u0259 bitir\u0259n ilk m\u00fcs\u0259lman m\u0259zun, Az\u0259rbaycan\u0131n ilk universitet t\u0259hsilli alim v\u0259 m\u00fc\u0259llimi, islam d\u00fcnyas\u0131n\u0131n ilk t\u0259bi\u0259t\u015f\u00fcnas alimi, Bak\u0131 Gimnaziyas\u0131n\u0131n ilk m\u00fcs\u0259lman m\u00fc\u0259llimi, t\u0259kc\u0259 Az\u0259rbaycanda deyil, b\u00fct\u00fcn m\u00fcs\u0259lman \u015e\u0259rqind\u0259 islam xeyriyy\u0259\u00e7ilik h\u0259r\u0259kat\u0131n\u0131n banisi, Bak\u0131da Az\u0259rbaycan dilind\u0259 ilk teatr tama\u015fas\u0131 g\u00f6st\u0259r\u0259n m\u0259d\u0259niyy\u0259t xadimi, Rusiyada ilk t\u00fcrkdilli q\u0259zetin &#8211; &#8220;\u018fkin\u00e7i&#8221;-nin na\u015firi, Az\u0259rbaycan m\u0259tbuat\u0131n\u0131n banisi, Az\u0259rbaycanda ilk q\u0131zlar gimnaziyas\u0131n a\u00e7\u0131lmas\u0131n\u0131n t\u0259\u015f\u0259bb\u00fcskar\u0131, t\u0259\u015fkilat\u00e7\u0131s\u0131, Az\u0259rbaycan m\u00fc\u0259lliml\u0259rinin birinci qurultay\u0131n\u0131n t\u0259\u015fkilat\u00e7\u0131s\u0131 v\u0259 qurultay\u0131n s\u0259dri olmu\u015fdur. Qeyd edim ki, Moskvada ali t\u0259hsil oca\u011f\u0131nda oxudu\u011fu m\u00fcdd\u0259td\u0259 H\u0259s\u0259n b\u0259y t\u0259l\u0259b\u0259l\u0259r aras\u0131nda x\u00fcsusi olaraq se\u00e7ildiyin\u0259 g\u00f6r\u0259 fak\u00fclt\u0259ni \u0259la qiym\u0259tl\u0259rl\u0259 ba\u015fa vurduqdan sonra elmi i\u015f \u00fc\u00e7\u00fcn universitetd\u0259 saxlan\u0131lm\u0131\u015fd\u0131r. Lakin v\u0259t\u0259nin\u0259, do\u011fma Az\u0259rbaycan\u0131na olan sonsuz m\u0259h\u0259bb\u0259ti, xalq\u0131na, mill\u0259tin\u0259 xidm\u0259t etm\u0259k arzusu bu g\u0259nc, perspektivli m\u00fc\u0259llimi Az\u0259rbaycana \u00e7\u0259kib g\u0259tirdi. Bir m\u00fcdd\u0259t Tiflisd\u0259 qulluq ed\u0259nd\u0259n sonra Qubada m\u0259hk\u0259m\u0259d\u0259 i\u015fl\u0259y\u0259n Z\u0259rdabi daha sonra Bak\u0131ya g\u0259l\u0259r\u0259k, burada rusca orta m\u0259kt\u0259bd\u0259 t\u0259bi\u0259td\u0259n d\u0259rs dem\u0259y\u0259 ba\u015flad\u0131.<\/div>\n<div>G\u00fcnd\u0259lik h\u0259yat\u0131nda v\u0259 i\u015find\u0259 xalqla s\u0131x ba\u011fl\u0131 olan Z\u0259rdabi asud\u0259 vaxtlar\u0131n\u0131 xalq aras\u0131nda ke\u00e7irir, u\u015faqlar\u0131 v\u0259 yeniyetm\u0259l\u0259ri elm\u0259, m\u0259d\u0259niyy\u0259t\u0259, maarif\u0259 h\u0259v\u0259sl\u0259ndirirdi. Onun apard\u0131\u011f\u0131 t\u0259bli\u011fat\u0131n k\u00f6m\u0259yi il\u0259 Bak\u0131 gimnaziyas\u0131nda oxuyan t\u0259l\u0259b\u0259l\u0259rin say\u0131 az bir zamanda xeyli artm\u0131\u015fd\u0131r. Do\u011fma ana dilind\u0259 q\u0259zet\u0259 b\u00f6y\u00fck ehtiyac oldu\u011funu d\u0259rk ed\u0259n H\u0259s\u0259n b\u0259y Z\u0259rdabi q\u0259zet \u00e7ap etm\u0259k \u00fc\u00e7\u00fcn h\u00f6kum\u0259t\u0259 m\u00fcraci\u0259t edir. Bununla \u0259laq\u0259dar b\u00f6y\u00fck m\u00fct\u0259f\u0259kkir \u0130stambuldan h\u00fcrufat g\u0259tirtdirdi v\u0259 n\u0259hay\u0259t, xeyli z\u0259hm\u0259td\u0259n, \u0259zab-\u0259ziyy\u0259td\u0259n sonra 1875-ci ilin 22 iyulunda Bak\u0131da qubernatorun m\u0259tb\u0259\u0259sind\u0259 Az\u0259rbaycan dilind\u0259 &#8220;\u018fkin\u00e7i&#8221; q\u0259zetinin n\u0259\u015frin\u0259 m\u00fcv\u0259ff\u0259q oldu. Bu m\u0259tbu orqanla milli m\u0259tbuat\u0131m\u0131z\u0131n \u0259sas\u0131 qoyuldu. 1875-ci ilin 22 iyulundan 1877-ci ilin 29 sentyabr\u0131na q\u0259d\u0259r \u00e7ap\u0131n\u0131 davam etdir\u0259n &#8220;\u018fkin\u00e7i&#8221; ayda iki d\u0259f\u0259 300-400 tirajla n\u0259\u015fr olunurdu. Bu ill\u0259r \u0259rzind\u0259 q\u0259zetin 56 n\u00f6mr\u0259si \u00e7\u0131xm\u0131\u015fd\u0131r. H\u0259s\u0259n b\u0259y Z\u0259rdabinin yaratd\u0131\u011f\u0131 &#8220;\u018fkin\u00e7i&#8221; q\u0259zetinin d\u0259sti-x\u0259tti \u0259sas\u0259n bir ideya \u00fcz\u0259rind\u0259 qurulmu\u015fdu. Z\u0259rdabi v\u0259 onunla birlikd\u0259 bu q\u0259zetd\u0259 \u00e7al\u0131\u015fan bir s\u0131ra maarifp\u0259rv\u0259r, demokratik na\u015firl\u0259r \u015e\u0259rqin geriliyini, \u0259tal\u0259t v\u0259 s\u00fcstl\u00fcy\u00fcn\u00fc h\u0259qiqi azadl\u0131\u011f\u0131n olmamas\u0131nda g\u00f6r\u00fcrd\u00fcl\u0259r. Onlar \u00f6z s\u00f6zl\u0259rini dolay\u0131 yolla olsa bel\u0259, bu q\u0259zet vasit\u0259si il\u0259 xalqa \u00e7atd\u0131ra bilirdil\u0259r. O d\u00f6vrd\u0259 xalq\u0131n ba\u015fa d\u00fc\u015f\u0259c\u0259yi sad\u0259 dild\u0259 yaz\u0131lan bu q\u0259zetd\u0259 bel\u0259 fikirl\u0259rin s\u0259sl\u0259nm\u0259si Az\u0259rbaycan\u0131 \u0259sar\u0259t alt\u0131nda saxlayan imperiya m\u0259murlar\u0131n\u0131 ciddi narahat edirdi.<\/div>\n<div>1877-ci il sentyabr\u0131n 29-da &#8220;\u018fkin\u00e7i&#8221; \u00f6z n\u0259\u015frini dayand\u0131rma\u011fa m\u0259cbur oldu. Milli m\u0259tbuat\u0131m\u0131z\u0131n ilk qaranqu\u015fu olan bu q\u0259zet iki illik \u00f6m\u00fcr ya\u015fasa da, xalq\u0131n milli v\u0259 m\u00fcasir ruhda t\u0259rbiy\u0259 olunmas\u0131nda \u00e7ox b\u00f6y\u00fck rol oynad\u0131. Maarif\u00e7i v\u0259 demokratik ideyalar\u0131n car\u00e7\u0131s\u0131 olan &#8220;\u018fkin\u00e7i&#8221; realist \u0259d\u0259biyyat\u0131m\u0131z\u0131n inki\u015faf\u0131nda m\u00fcst\u0259sna xidm\u0259tl\u0259r g\u00f6st\u0259rdi. M\u0259hz buna g\u00f6r\u0259 d\u0259 bel\u0259 t\u0259r\u0259qqip\u0259rv\u0259r q\u0259zet m\u00fcrt\u0259ce, i\u015f\u011fal\u00e7\u0131 bir rejimin \u0259sar\u0259ti alt\u0131nda \u00e7ox ya\u015faya bilm\u0259di. 1880-c\u0131 ild\u0259n ba\u015flayaraq H\u0259s\u0259n b\u0259y do\u011fma k\u0259ndi Z\u0259rdabda ya\u015fama\u011fa ba\u015flad\u0131. O, k\u0259nd t\u0259s\u0259rr\u00fcfat\u0131 sah\u0259sind\u0259 k\u0259ndlil\u0259r\u0259 yax\u015f\u0131 m\u0259sl\u0259h\u0259tl\u0259r verir, m\u0259qam\u0131 yeti\u015f\u0259nd\u0259 yerli camaata \u00f6z maarifp\u0259rv\u0259r, demokratik ideyalar\u0131n\u0131 da \u00e7atd\u0131r\u0131rd\u0131. Bak\u0131dan k\u0259narda ya\u015famas\u0131na baxmayaraq, Z\u0259rdabi yen\u0259 d\u0259 m\u0259tbuatda f\u0259al i\u015ftirak edirdi. 1880-1890-c\u0131 ill\u0259rd\u0259 na\u015firin Bak\u0131da v\u0259 Tiflisd\u0259 \u00e7\u0131xan &#8220;Ziya&#8221;, &#8220;K\u0259\u015fk\u00fcl&#8221;, &#8220;Kaspi&#8221;, &#8220;Novoye obozreniye&#8221; v\u0259 s. q\u0259zetl\u0259rd\u0259 Az\u0259rbaycan v\u0259 rus dill\u0259rind\u0259 \u00e7oxlu elmi-k\u00fctl\u0259vi m\u0259qal\u0259l\u0259ri n\u0259\u015fr olunur. G\u0259rgin elmi f\u0259aliyy\u0259tl\u0259 m\u0259\u015f\u011ful olan H\u0259s\u0259n b\u0259y Z\u0259rdabi h\u0259ddind\u0259n art\u0131q i\u015fl\u0259yib \u00f6z\u00fcn\u00fc yordu\u011fu \u00fc\u00e7\u00fcn iflic x\u0259st\u0259liyin\u0259 tutuldu v\u0259 1907-ci il noyabr ay\u0131n\u0131n 28-d\u0259 v\u0259fat etdi. O, 1907-ci ild\u0259 k\u00f6hn\u0259 Bibiheyb\u0259t m\u0259scidinin yax\u0131nl\u0131\u011f\u0131nda d\u0259fn olunsa da, 1937-ci ild\u0259 h\u0259min \u0259razi da\u011f\u0131d\u0131l\u0131b. M\u0259rhumun s\u00fcm\u00fckl\u0259ri bir-ne\u00e7\u0259 il evd\u0259 ail\u0259sinin yan\u0131nda qal\u0131b. H\u0259s\u0259n b\u0259y Z\u0259rdabinin v\u0259fat\u0131n\u0131n 50 illiyi qeyd olunark\u0259n, onun s\u00fcm\u00fckl\u0259ri F\u0259xri Xiyabanda d\u0259fn olunur. H\u0259s\u0259nb\u0259yin qoyub getdiyi elmi irs h\u0259rt\u0259r\u0259fli ara\u015fd\u0131r\u0131lm\u0131\u015f, el\u0259 bu s\u0259b\u0259bd\u0259n respublikan\u0131n ictimaiyy\u0259t\u015f\u00fcnasl\u0131\u011f\u0131nda z\u0259rdabi\u015f\u00fcnasl\u0131q elmi t\u0259\u015f\u0259kk\u00fcl tapm\u0131\u015f v\u0259 z\u0259rdabi\u015f\u00fcnas t\u0259dqiqat\u00e7\u0131lar ordusu meydana \u00e7\u0131xm\u0131\u015fd\u0131r. H\u0259s\u0259nb\u0259y Z\u0259rdabi \u00f6z \u0259m\u0259ll\u0259ri v\u0259 qoyub getdiyi irsin\u0259 g\u00f6r\u0259 zirv\u0259d\u0259 dayanan ziyal\u0131, m\u00fct\u0259f\u0259kkir, na\u015fir, xeyriyy\u0259\u00e7i v\u0259 \u0259n n\u0259hay\u0259t, xalq\u0131n\u0131n b\u00f6y\u00fck t\u0259\u0259ss\u00fcbke\u015fi olmu\u015fdur. H\u0259s\u0259nb\u0259y xalq\u0131n\u0131n q\u0259lbind\u0259 bu g\u00fcn d\u0259 ya\u015fay\u0131r v\u0259 \u0259b\u0259di olaraq ya\u015fayacaqd\u0131r.<\/div>\n<div><\/div>\n<div><strong>N\u0259zak\u0259t \u018fL\u018fDD\u0130NQIZI<\/strong><\/div>\n<\/div>\n","protected":false},"excerpt":{"rendered":"<p>Prezident \u0130lham \u018fliyevin S\u0259r\u0259ncam\u0131 il\u0259 na\u015fir, maarif\u00e7i, filosof, etnoqraf, t\u0259bi\u0259t\u015f\u00fcnas H\u0259s\u0259n b\u0259y Z\u0259rdabinin 170 illik yubileyi ke\u00e7iril\u0259c\u0259k. XIX \u0259srd\u0259 ya\u015fay\u0131b-yaratm\u0131\u015f i\u015f\u0131ql\u0131 ziyal\u0131lar s\u0131ras\u0131nda \u00e7oxsah\u0259li yarad\u0131c\u0131l\u0131\u011f\u0131 il\u0259 f\u0259rql\u0259n\u0259n, h\u0259yat\u0131n\u0131, yarad\u0131c\u0131l\u0131q f\u0259aliyy\u0259tini xalq\u0131n\u0131n inki\u015faf\u0131na, z\u0259nginl\u0259\u015fm\u0259sin\u0259, elm\u0259, t\u0259hsil\u0259 h\u0259sr ed\u0259n H\u0259s\u0259nb\u0259y Z\u0259rdabi yaratd\u0131\u011f\u0131 m\u0259kt\u0259bl\u0259 \u0259b\u0259di abid\u0259sini n\u0259sill\u0259rin yadda\u015f\u0131na k\u00f6\u00e7\u00fcrm\u00fc\u015fd\u00fcr. Az\u0259rbaycanda sosial-m\u0259d\u0259ni h\u0259yat\u0131n on doqquzuncu \u0259srin ikinci yar\u0131s\u0131ndan etibar\u0259n [&hellip;]<\/p>\n","protected":false},"author":1,"featured_media":0,"comment_status":"open","ping_status":"open","sticky":false,"template":"","format":"standard","meta":{"footnotes":""},"categories":[20],"tags":[],"class_list":{"0":"post-3232","1":"post","2":"type-post","3":"status-publish","4":"format-standard","6":"category-kinci-zrdab-ziyali-qzet-tbitsunas"},"yoast_head":"<!-- This site is optimized with the Yoast SEO plugin v27.0 - https:\/\/yoast.com\/product\/yoast-seo-wordpress\/ -->\n<title>Z\u00fclm girdab\u0131nda \u00e7arp\u0131\u015fan H\u0259s\u0259n b\u0259y Z\u0259rdabi - Z\u0259rdab.com<\/title>\n<meta name=\"robots\" content=\"index, follow, max-snippet:-1, max-image-preview:large, max-video-preview:-1\" \/>\n<link rel=\"canonical\" href=\"https:\/\/www.zerdab.com\/?p=3232\" \/>\n<meta property=\"og:locale\" content=\"az_AZ\" \/>\n<meta property=\"og:type\" content=\"article\" \/>\n<meta property=\"og:title\" content=\"Z\u00fclm girdab\u0131nda \u00e7arp\u0131\u015fan H\u0259s\u0259n b\u0259y Z\u0259rdabi - Z\u0259rdab.com\" \/>\n<meta property=\"og:description\" content=\"Prezident \u0130lham \u018fliyevin S\u0259r\u0259ncam\u0131 il\u0259 na\u015fir, maarif\u00e7i, filosof, etnoqraf, t\u0259bi\u0259t\u015f\u00fcnas H\u0259s\u0259n b\u0259y Z\u0259rdabinin 170 illik yubileyi ke\u00e7iril\u0259c\u0259k. XIX \u0259srd\u0259 ya\u015fay\u0131b-yaratm\u0131\u015f i\u015f\u0131ql\u0131 ziyal\u0131lar s\u0131ras\u0131nda \u00e7oxsah\u0259li yarad\u0131c\u0131l\u0131\u011f\u0131 il\u0259 f\u0259rql\u0259n\u0259n, h\u0259yat\u0131n\u0131, yarad\u0131c\u0131l\u0131q f\u0259aliyy\u0259tini xalq\u0131n\u0131n inki\u015faf\u0131na, z\u0259nginl\u0259\u015fm\u0259sin\u0259, elm\u0259, t\u0259hsil\u0259 h\u0259sr ed\u0259n H\u0259s\u0259nb\u0259y Z\u0259rdabi yaratd\u0131\u011f\u0131 m\u0259kt\u0259bl\u0259 \u0259b\u0259di abid\u0259sini n\u0259sill\u0259rin yadda\u015f\u0131na k\u00f6\u00e7\u00fcrm\u00fc\u015fd\u00fcr. Az\u0259rbaycanda sosial-m\u0259d\u0259ni h\u0259yat\u0131n on doqquzuncu \u0259srin ikinci yar\u0131s\u0131ndan etibar\u0259n [&hellip;]\" \/>\n<meta property=\"og:url\" content=\"https:\/\/www.zerdab.com\/?p=3232\" \/>\n<meta property=\"og:site_name\" content=\"Z\u0259rdab.com\" \/>\n<meta property=\"article:published_time\" content=\"2012-07-09T06:42:41+00:00\" \/>\n<meta property=\"og:image\" content=\"http:\/\/www.zerdab.com\/wp-content\/uploads\/2012\/07\/zerdab-zerdabi.jpg\" \/>\n<meta name=\"author\" content=\"admin\" \/>\n<meta name=\"twitter:card\" content=\"summary_large_image\" \/>\n<meta name=\"twitter:label1\" content=\"Written by\" \/>\n\t<meta name=\"twitter:data1\" content=\"admin\" \/>\n\t<meta name=\"twitter:label2\" content=\"Est. reading time\" \/>\n\t<meta name=\"twitter:data2\" content=\"10 minutes\" \/>\n<script type=\"application\/ld+json\" class=\"yoast-schema-graph\">{\"@context\":\"https:\/\/schema.org\",\"@graph\":[{\"@type\":\"Article\",\"@id\":\"https:\/\/www.zerdab.com\/?p=3232#article\",\"isPartOf\":{\"@id\":\"https:\/\/www.zerdab.com\/?p=3232\"},\"author\":{\"name\":\"admin\",\"@id\":\"https:\/\/www.zerdab.com\/#\/schema\/person\/97079b7570c1e89ec0d9e138c3672136\"},\"headline\":\"Z\u00fclm girdab\u0131nda \u00e7arp\u0131\u015fan H\u0259s\u0259n b\u0259y Z\u0259rdabi\",\"datePublished\":\"2012-07-09T06:42:41+00:00\",\"mainEntityOfPage\":{\"@id\":\"https:\/\/www.zerdab.com\/?p=3232\"},\"wordCount\":1941,\"commentCount\":0,\"image\":{\"@id\":\"https:\/\/www.zerdab.com\/?p=3232#primaryimage\"},\"thumbnailUrl\":\"http:\/\/www.zerdab.com\/wp-content\/uploads\/2012\/07\/zerdab-zerdabi.jpg\",\"articleSection\":[\"H\u018fS\u018fN B\u018fY Z\u018fRDAB\u0130\"],\"inLanguage\":\"az\",\"potentialAction\":[{\"@type\":\"CommentAction\",\"name\":\"Comment\",\"target\":[\"https:\/\/www.zerdab.com\/?p=3232#respond\"]}]},{\"@type\":\"WebPage\",\"@id\":\"https:\/\/www.zerdab.com\/?p=3232\",\"url\":\"https:\/\/www.zerdab.com\/?p=3232\",\"name\":\"Z\u00fclm girdab\u0131nda \u00e7arp\u0131\u015fan H\u0259s\u0259n b\u0259y Z\u0259rdabi - Z\u0259rdab.com\",\"isPartOf\":{\"@id\":\"https:\/\/www.zerdab.com\/#website\"},\"primaryImageOfPage\":{\"@id\":\"https:\/\/www.zerdab.com\/?p=3232#primaryimage\"},\"image\":{\"@id\":\"https:\/\/www.zerdab.com\/?p=3232#primaryimage\"},\"thumbnailUrl\":\"http:\/\/www.zerdab.com\/wp-content\/uploads\/2012\/07\/zerdab-zerdabi.jpg\",\"datePublished\":\"2012-07-09T06:42:41+00:00\",\"author\":{\"@id\":\"https:\/\/www.zerdab.com\/#\/schema\/person\/97079b7570c1e89ec0d9e138c3672136\"},\"breadcrumb\":{\"@id\":\"https:\/\/www.zerdab.com\/?p=3232#breadcrumb\"},\"inLanguage\":\"az\",\"potentialAction\":[{\"@type\":\"ReadAction\",\"target\":[\"https:\/\/www.zerdab.com\/?p=3232\"]}]},{\"@type\":\"ImageObject\",\"inLanguage\":\"az\",\"@id\":\"https:\/\/www.zerdab.com\/?p=3232#primaryimage\",\"url\":\"\",\"contentUrl\":\"\"},{\"@type\":\"BreadcrumbList\",\"@id\":\"https:\/\/www.zerdab.com\/?p=3232#breadcrumb\",\"itemListElement\":[{\"@type\":\"ListItem\",\"position\":1,\"name\":\"Home\",\"item\":\"https:\/\/www.zerdab.com\/\"},{\"@type\":\"ListItem\",\"position\":2,\"name\":\"Z\u00fclm girdab\u0131nda \u00e7arp\u0131\u015fan H\u0259s\u0259n b\u0259y Z\u0259rdabi\"}]},{\"@type\":\"WebSite\",\"@id\":\"https:\/\/www.zerdab.com\/#website\",\"url\":\"https:\/\/www.zerdab.com\/\",\"name\":\"Z\u0259rdab.com\",\"description\":\"\",\"potentialAction\":[{\"@type\":\"SearchAction\",\"target\":{\"@type\":\"EntryPoint\",\"urlTemplate\":\"https:\/\/www.zerdab.com\/?s={search_term_string}\"},\"query-input\":{\"@type\":\"PropertyValueSpecification\",\"valueRequired\":true,\"valueName\":\"search_term_string\"}}],\"inLanguage\":\"az\"},{\"@type\":\"Person\",\"@id\":\"https:\/\/www.zerdab.com\/#\/schema\/person\/97079b7570c1e89ec0d9e138c3672136\",\"name\":\"admin\",\"image\":{\"@type\":\"ImageObject\",\"inLanguage\":\"az\",\"@id\":\"https:\/\/www.zerdab.com\/#\/schema\/person\/image\/\",\"url\":\"https:\/\/secure.gravatar.com\/avatar\/d9c52a9a27c32119cb6679a077fa3e2779e5f822c451cbf01098004361d466ec?s=96&d=mm&r=g\",\"contentUrl\":\"https:\/\/secure.gravatar.com\/avatar\/d9c52a9a27c32119cb6679a077fa3e2779e5f822c451cbf01098004361d466ec?s=96&d=mm&r=g\",\"caption\":\"admin\"},\"url\":\"https:\/\/www.zerdab.com\/?author=1\"}]}<\/script>\n<!-- \/ Yoast SEO plugin. -->","yoast_head_json":{"title":"Z\u00fclm girdab\u0131nda \u00e7arp\u0131\u015fan H\u0259s\u0259n b\u0259y Z\u0259rdabi - Z\u0259rdab.com","robots":{"index":"index","follow":"follow","max-snippet":"max-snippet:-1","max-image-preview":"max-image-preview:large","max-video-preview":"max-video-preview:-1"},"canonical":"https:\/\/www.zerdab.com\/?p=3232","og_locale":"az_AZ","og_type":"article","og_title":"Z\u00fclm girdab\u0131nda \u00e7arp\u0131\u015fan H\u0259s\u0259n b\u0259y Z\u0259rdabi - Z\u0259rdab.com","og_description":"Prezident \u0130lham \u018fliyevin S\u0259r\u0259ncam\u0131 il\u0259 na\u015fir, maarif\u00e7i, filosof, etnoqraf, t\u0259bi\u0259t\u015f\u00fcnas H\u0259s\u0259n b\u0259y Z\u0259rdabinin 170 illik yubileyi ke\u00e7iril\u0259c\u0259k. XIX \u0259srd\u0259 ya\u015fay\u0131b-yaratm\u0131\u015f i\u015f\u0131ql\u0131 ziyal\u0131lar s\u0131ras\u0131nda \u00e7oxsah\u0259li yarad\u0131c\u0131l\u0131\u011f\u0131 il\u0259 f\u0259rql\u0259n\u0259n, h\u0259yat\u0131n\u0131, yarad\u0131c\u0131l\u0131q f\u0259aliyy\u0259tini xalq\u0131n\u0131n inki\u015faf\u0131na, z\u0259nginl\u0259\u015fm\u0259sin\u0259, elm\u0259, t\u0259hsil\u0259 h\u0259sr ed\u0259n H\u0259s\u0259nb\u0259y Z\u0259rdabi yaratd\u0131\u011f\u0131 m\u0259kt\u0259bl\u0259 \u0259b\u0259di abid\u0259sini n\u0259sill\u0259rin yadda\u015f\u0131na k\u00f6\u00e7\u00fcrm\u00fc\u015fd\u00fcr. Az\u0259rbaycanda sosial-m\u0259d\u0259ni h\u0259yat\u0131n on doqquzuncu \u0259srin ikinci yar\u0131s\u0131ndan etibar\u0259n [&hellip;]","og_url":"https:\/\/www.zerdab.com\/?p=3232","og_site_name":"Z\u0259rdab.com","article_published_time":"2012-07-09T06:42:41+00:00","og_image":[{"url":"http:\/\/www.zerdab.com\/wp-content\/uploads\/2012\/07\/zerdab-zerdabi.jpg","type":"","width":"","height":""}],"author":"admin","twitter_card":"summary_large_image","twitter_misc":{"Written by":"admin","Est. reading time":"10 minutes"},"schema":{"@context":"https:\/\/schema.org","@graph":[{"@type":"Article","@id":"https:\/\/www.zerdab.com\/?p=3232#article","isPartOf":{"@id":"https:\/\/www.zerdab.com\/?p=3232"},"author":{"name":"admin","@id":"https:\/\/www.zerdab.com\/#\/schema\/person\/97079b7570c1e89ec0d9e138c3672136"},"headline":"Z\u00fclm girdab\u0131nda \u00e7arp\u0131\u015fan H\u0259s\u0259n b\u0259y Z\u0259rdabi","datePublished":"2012-07-09T06:42:41+00:00","mainEntityOfPage":{"@id":"https:\/\/www.zerdab.com\/?p=3232"},"wordCount":1941,"commentCount":0,"image":{"@id":"https:\/\/www.zerdab.com\/?p=3232#primaryimage"},"thumbnailUrl":"http:\/\/www.zerdab.com\/wp-content\/uploads\/2012\/07\/zerdab-zerdabi.jpg","articleSection":["H\u018fS\u018fN B\u018fY Z\u018fRDAB\u0130"],"inLanguage":"az","potentialAction":[{"@type":"CommentAction","name":"Comment","target":["https:\/\/www.zerdab.com\/?p=3232#respond"]}]},{"@type":"WebPage","@id":"https:\/\/www.zerdab.com\/?p=3232","url":"https:\/\/www.zerdab.com\/?p=3232","name":"Z\u00fclm girdab\u0131nda \u00e7arp\u0131\u015fan H\u0259s\u0259n b\u0259y Z\u0259rdabi - Z\u0259rdab.com","isPartOf":{"@id":"https:\/\/www.zerdab.com\/#website"},"primaryImageOfPage":{"@id":"https:\/\/www.zerdab.com\/?p=3232#primaryimage"},"image":{"@id":"https:\/\/www.zerdab.com\/?p=3232#primaryimage"},"thumbnailUrl":"http:\/\/www.zerdab.com\/wp-content\/uploads\/2012\/07\/zerdab-zerdabi.jpg","datePublished":"2012-07-09T06:42:41+00:00","author":{"@id":"https:\/\/www.zerdab.com\/#\/schema\/person\/97079b7570c1e89ec0d9e138c3672136"},"breadcrumb":{"@id":"https:\/\/www.zerdab.com\/?p=3232#breadcrumb"},"inLanguage":"az","potentialAction":[{"@type":"ReadAction","target":["https:\/\/www.zerdab.com\/?p=3232"]}]},{"@type":"ImageObject","inLanguage":"az","@id":"https:\/\/www.zerdab.com\/?p=3232#primaryimage","url":"","contentUrl":""},{"@type":"BreadcrumbList","@id":"https:\/\/www.zerdab.com\/?p=3232#breadcrumb","itemListElement":[{"@type":"ListItem","position":1,"name":"Home","item":"https:\/\/www.zerdab.com\/"},{"@type":"ListItem","position":2,"name":"Z\u00fclm girdab\u0131nda \u00e7arp\u0131\u015fan H\u0259s\u0259n b\u0259y Z\u0259rdabi"}]},{"@type":"WebSite","@id":"https:\/\/www.zerdab.com\/#website","url":"https:\/\/www.zerdab.com\/","name":"Z\u0259rdab.com","description":"","potentialAction":[{"@type":"SearchAction","target":{"@type":"EntryPoint","urlTemplate":"https:\/\/www.zerdab.com\/?s={search_term_string}"},"query-input":{"@type":"PropertyValueSpecification","valueRequired":true,"valueName":"search_term_string"}}],"inLanguage":"az"},{"@type":"Person","@id":"https:\/\/www.zerdab.com\/#\/schema\/person\/97079b7570c1e89ec0d9e138c3672136","name":"admin","image":{"@type":"ImageObject","inLanguage":"az","@id":"https:\/\/www.zerdab.com\/#\/schema\/person\/image\/","url":"https:\/\/secure.gravatar.com\/avatar\/d9c52a9a27c32119cb6679a077fa3e2779e5f822c451cbf01098004361d466ec?s=96&d=mm&r=g","contentUrl":"https:\/\/secure.gravatar.com\/avatar\/d9c52a9a27c32119cb6679a077fa3e2779e5f822c451cbf01098004361d466ec?s=96&d=mm&r=g","caption":"admin"},"url":"https:\/\/www.zerdab.com\/?author=1"}]}},"_links":{"self":[{"href":"https:\/\/www.zerdab.com\/index.php?rest_route=\/wp\/v2\/posts\/3232","targetHints":{"allow":["GET"]}}],"collection":[{"href":"https:\/\/www.zerdab.com\/index.php?rest_route=\/wp\/v2\/posts"}],"about":[{"href":"https:\/\/www.zerdab.com\/index.php?rest_route=\/wp\/v2\/types\/post"}],"author":[{"embeddable":true,"href":"https:\/\/www.zerdab.com\/index.php?rest_route=\/wp\/v2\/users\/1"}],"replies":[{"embeddable":true,"href":"https:\/\/www.zerdab.com\/index.php?rest_route=%2Fwp%2Fv2%2Fcomments&post=3232"}],"version-history":[{"count":2,"href":"https:\/\/www.zerdab.com\/index.php?rest_route=\/wp\/v2\/posts\/3232\/revisions"}],"predecessor-version":[{"id":3235,"href":"https:\/\/www.zerdab.com\/index.php?rest_route=\/wp\/v2\/posts\/3232\/revisions\/3235"}],"wp:attachment":[{"href":"https:\/\/www.zerdab.com\/index.php?rest_route=%2Fwp%2Fv2%2Fmedia&parent=3232"}],"wp:term":[{"taxonomy":"category","embeddable":true,"href":"https:\/\/www.zerdab.com\/index.php?rest_route=%2Fwp%2Fv2%2Fcategories&post=3232"},{"taxonomy":"post_tag","embeddable":true,"href":"https:\/\/www.zerdab.com\/index.php?rest_route=%2Fwp%2Fv2%2Ftags&post=3232"}],"curies":[{"name":"wp","href":"https:\/\/api.w.org\/{rel}","templated":true}]}}