{"id":3237,"date":"2012-07-10T00:29:27","date_gmt":"2012-07-09T19:29:27","guid":{"rendered":"http:\/\/www.zerdab.com\/?p=3237"},"modified":"2012-07-10T00:30:19","modified_gmt":"2012-07-09T19:30:19","slug":"prezident-h%c9%99myerlimiz-isa-isayev%c9%99-%c9%99m%c9%99kdar-elm-xadimi-f%c9%99xri-adi-verdi","status":"publish","type":"post","link":"https:\/\/www.zerdab.com\/?p=3237","title":{"rendered":"Prezident h\u0259myerlimiz\u0259 &#8220;\u018fm\u0259kdar Elm Xadimi&#8221; f\u0259xri ad\u0131 verdi"},"content":{"rendered":"<p><a href=\"http:\/\/www.zerdab.com\/?attachment_id=3238\" rel=\"attachment wp-att-3238\"><img loading=\"lazy\" decoding=\"async\" class=\"alignleft  wp-image-3238\" title=\"Prezident \u0130lham \u018fliyev\" src=\"http:\/\/www.zerdab.com\/wp-content\/uploads\/2012\/07\/Prezident-\u0130lham-\u018fliyev-350x339.jpg\" alt=\"\" width=\"237\" height=\"353\" \/><\/a>Prezident \u0130lham \u018fliyevin 18 iyun 2012-ci il tarixli s\u0259r\u0259ncam\u0131 il\u0259 \u00f6lk\u0259mizin bir qrup s\u0259hiyy\u0259 i\u015f\u00e7isin\u0259 f\u0259xri adlar verilib. S\u0259r\u0259ncama \u0259sas\u0259n, Az\u0259rbaycan s\u0259hiyy\u0259sinin inki\u015faf\u0131ndak\u0131 xidm\u0259tl\u0259rin\u0259 g\u00f6r\u0259 h\u0259myerlimiz, \u0130sayev \u0130sa H\u00fcseyn o\u011fluna Az\u0259rbaycan Respublikas\u0131n\u0131n &#8220;\u018fm\u0259kdar Elm Xadimi&#8221; f\u0259xri ad\u0131 verilib. \u0130sa \u0130sayev 1950-ci ild\u0259 Z\u0259rdab rayonunun M\u0259likli k\u0259ndind\u0259 do\u011fulub. Az\u0259rbaycan Milli Onkologiya M\u0259rk\u0259zinin professoru, tibb elml\u0259ri doktoru, Beyn\u0259lxalq Ekoenergetika Akademiyas\u0131n\u0131n m\u00fcxbir \u00fczv\u00fc, Amerika v\u0259 Rusiya terapevt-onkoloq-radioloq c\u0259miyy\u0259tl\u0259rinin h\u0259qiqi \u00fczv\u00fcd\u00fcr. 180-d\u0259n \u00e7ox elmi i\u015fin, bir ne\u00e7\u0259 monoqrafiyan\u0131n, tibbi d\u0259rslikl\u0259rin m\u00fc\u0259llifidir. 10-a yax\u0131n tibb elml\u0259ri namiz\u0259di haz\u0131rlay\u0131b. <strong>www.zerdab.com<\/strong> sayt\u0131n\u0131n kollektivi d\u0259y\u0259rli h\u0259myerlimiz\u0259 h\u0259m i\u015f, h\u0259m d\u0259 ail\u0259 h\u0259yat\u0131nda u\u011furlar arzulay\u0131r.<\/p>\n","protected":false},"excerpt":{"rendered":"<p>Prezident \u0130lham \u018fliyevin 18 iyun 2012-ci il tarixli s\u0259r\u0259ncam\u0131 il\u0259 \u00f6lk\u0259mizin bir qrup s\u0259hiyy\u0259 i\u015f\u00e7isin\u0259 f\u0259xri adlar verilib. S\u0259r\u0259ncama \u0259sas\u0259n, Az\u0259rbaycan s\u0259hiyy\u0259sinin inki\u015faf\u0131ndak\u0131 xidm\u0259tl\u0259rin\u0259 g\u00f6r\u0259 h\u0259myerlimiz, \u0130sayev \u0130sa H\u00fcseyn o\u011fluna Az\u0259rbaycan Respublikas\u0131n\u0131n &#8220;\u018fm\u0259kdar Elm Xadimi&#8221; f\u0259xri ad\u0131 verilib. \u0130sa \u0130sayev 1950-ci ild\u0259 Z\u0259rdab rayonunun M\u0259likli k\u0259ndind\u0259 do\u011fulub. Az\u0259rbaycan Milli Onkologiya M\u0259rk\u0259zinin professoru, tibb elml\u0259ri doktoru, [&hellip;]<\/p>\n","protected":false},"author":1,"featured_media":0,"comment_status":"open","ping_status":"open","sticky":false,"template":"","format":"standard","meta":{"footnotes":""},"categories":[7],"tags":[],"class_list":{"0":"post-3237","1":"post","2":"type-post","3":"status-publish","4":"format-standard","6":"category-ziyalilar"},"yoast_head":"<!-- This site is optimized with the Yoast SEO plugin v27.0 - https:\/\/yoast.com\/product\/yoast-seo-wordpress\/ -->\n<title>Prezident h\u0259myerlimiz\u0259 &quot;\u018fm\u0259kdar Elm Xadimi&quot; f\u0259xri ad\u0131 verdi - Z\u0259rdab.com<\/title>\n<meta name=\"robots\" content=\"index, follow, max-snippet:-1, max-image-preview:large, max-video-preview:-1\" \/>\n<link rel=\"canonical\" href=\"https:\/\/www.zerdab.com\/?p=3237\" \/>\n<meta property=\"og:locale\" content=\"az_AZ\" \/>\n<meta property=\"og:type\" content=\"article\" \/>\n<meta property=\"og:title\" content=\"Prezident h\u0259myerlimiz\u0259 &quot;\u018fm\u0259kdar Elm Xadimi&quot; f\u0259xri ad\u0131 verdi - Z\u0259rdab.com\" \/>\n<meta property=\"og:description\" content=\"Prezident \u0130lham \u018fliyevin 18 iyun 2012-ci il tarixli s\u0259r\u0259ncam\u0131 il\u0259 \u00f6lk\u0259mizin bir qrup s\u0259hiyy\u0259 i\u015f\u00e7isin\u0259 f\u0259xri adlar verilib. S\u0259r\u0259ncama \u0259sas\u0259n, Az\u0259rbaycan s\u0259hiyy\u0259sinin inki\u015faf\u0131ndak\u0131 xidm\u0259tl\u0259rin\u0259 g\u00f6r\u0259 h\u0259myerlimiz, \u0130sayev \u0130sa H\u00fcseyn o\u011fluna Az\u0259rbaycan Respublikas\u0131n\u0131n &#8220;\u018fm\u0259kdar Elm Xadimi&#8221; f\u0259xri ad\u0131 verilib. \u0130sa \u0130sayev 1950-ci ild\u0259 Z\u0259rdab rayonunun M\u0259likli k\u0259ndind\u0259 do\u011fulub. Az\u0259rbaycan Milli Onkologiya M\u0259rk\u0259zinin professoru, tibb elml\u0259ri doktoru, [&hellip;]\" \/>\n<meta property=\"og:url\" content=\"https:\/\/www.zerdab.com\/?p=3237\" \/>\n<meta property=\"og:site_name\" content=\"Z\u0259rdab.com\" \/>\n<meta property=\"article:published_time\" content=\"2012-07-09T19:29:27+00:00\" \/>\n<meta property=\"article:modified_time\" content=\"2012-07-09T19:30:19+00:00\" \/>\n<meta name=\"author\" content=\"admin\" \/>\n<meta name=\"twitter:card\" content=\"summary_large_image\" \/>\n<meta name=\"twitter:label1\" content=\"Written by\" \/>\n\t<meta name=\"twitter:data1\" content=\"admin\" \/>\n\t<meta name=\"twitter:label2\" content=\"Est. reading time\" \/>\n\t<meta name=\"twitter:data2\" content=\"1 minute\" \/>\n<script type=\"application\/ld+json\" class=\"yoast-schema-graph\">{\"@context\":\"https:\/\/schema.org\",\"@graph\":[{\"@type\":\"Article\",\"@id\":\"https:\/\/www.zerdab.com\/?p=3237#article\",\"isPartOf\":{\"@id\":\"https:\/\/www.zerdab.com\/?p=3237\"},\"author\":{\"name\":\"admin\",\"@id\":\"https:\/\/www.zerdab.com\/#\/schema\/person\/97079b7570c1e89ec0d9e138c3672136\"},\"headline\":\"Prezident h\u0259myerlimiz\u0259 &#8220;\u018fm\u0259kdar Elm Xadimi&#8221; f\u0259xri ad\u0131 verdi\",\"datePublished\":\"2012-07-09T19:29:27+00:00\",\"dateModified\":\"2012-07-09T19:30:19+00:00\",\"mainEntityOfPage\":{\"@id\":\"https:\/\/www.zerdab.com\/?p=3237\"},\"wordCount\":173,\"commentCount\":0,\"articleSection\":[\"F\u018fXRL\u018fR\u0130M\u0130Z\"],\"inLanguage\":\"az\",\"potentialAction\":[{\"@type\":\"CommentAction\",\"name\":\"Comment\",\"target\":[\"https:\/\/www.zerdab.com\/?p=3237#respond\"]}]},{\"@type\":\"WebPage\",\"@id\":\"https:\/\/www.zerdab.com\/?p=3237\",\"url\":\"https:\/\/www.zerdab.com\/?p=3237\",\"name\":\"Prezident h\u0259myerlimiz\u0259 \\\"\u018fm\u0259kdar Elm Xadimi\\\" f\u0259xri ad\u0131 verdi - Z\u0259rdab.com\",\"isPartOf\":{\"@id\":\"https:\/\/www.zerdab.com\/#website\"},\"datePublished\":\"2012-07-09T19:29:27+00:00\",\"dateModified\":\"2012-07-09T19:30:19+00:00\",\"author\":{\"@id\":\"https:\/\/www.zerdab.com\/#\/schema\/person\/97079b7570c1e89ec0d9e138c3672136\"},\"breadcrumb\":{\"@id\":\"https:\/\/www.zerdab.com\/?p=3237#breadcrumb\"},\"inLanguage\":\"az\",\"potentialAction\":[{\"@type\":\"ReadAction\",\"target\":[\"https:\/\/www.zerdab.com\/?p=3237\"]}]},{\"@type\":\"BreadcrumbList\",\"@id\":\"https:\/\/www.zerdab.com\/?p=3237#breadcrumb\",\"itemListElement\":[{\"@type\":\"ListItem\",\"position\":1,\"name\":\"Home\",\"item\":\"https:\/\/www.zerdab.com\/\"},{\"@type\":\"ListItem\",\"position\":2,\"name\":\"Prezident h\u0259myerlimiz\u0259 &#8220;\u018fm\u0259kdar Elm Xadimi&#8221; f\u0259xri ad\u0131 verdi\"}]},{\"@type\":\"WebSite\",\"@id\":\"https:\/\/www.zerdab.com\/#website\",\"url\":\"https:\/\/www.zerdab.com\/\",\"name\":\"Z\u0259rdab.com\",\"description\":\"\",\"potentialAction\":[{\"@type\":\"SearchAction\",\"target\":{\"@type\":\"EntryPoint\",\"urlTemplate\":\"https:\/\/www.zerdab.com\/?s={search_term_string}\"},\"query-input\":{\"@type\":\"PropertyValueSpecification\",\"valueRequired\":true,\"valueName\":\"search_term_string\"}}],\"inLanguage\":\"az\"},{\"@type\":\"Person\",\"@id\":\"https:\/\/www.zerdab.com\/#\/schema\/person\/97079b7570c1e89ec0d9e138c3672136\",\"name\":\"admin\",\"image\":{\"@type\":\"ImageObject\",\"inLanguage\":\"az\",\"@id\":\"https:\/\/www.zerdab.com\/#\/schema\/person\/image\/\",\"url\":\"https:\/\/secure.gravatar.com\/avatar\/d9c52a9a27c32119cb6679a077fa3e2779e5f822c451cbf01098004361d466ec?s=96&d=mm&r=g\",\"contentUrl\":\"https:\/\/secure.gravatar.com\/avatar\/d9c52a9a27c32119cb6679a077fa3e2779e5f822c451cbf01098004361d466ec?s=96&d=mm&r=g\",\"caption\":\"admin\"},\"url\":\"https:\/\/www.zerdab.com\/?author=1\"}]}<\/script>\n<!-- \/ Yoast SEO plugin. -->","yoast_head_json":{"title":"Prezident h\u0259myerlimiz\u0259 \"\u018fm\u0259kdar Elm Xadimi\" f\u0259xri ad\u0131 verdi - Z\u0259rdab.com","robots":{"index":"index","follow":"follow","max-snippet":"max-snippet:-1","max-image-preview":"max-image-preview:large","max-video-preview":"max-video-preview:-1"},"canonical":"https:\/\/www.zerdab.com\/?p=3237","og_locale":"az_AZ","og_type":"article","og_title":"Prezident h\u0259myerlimiz\u0259 \"\u018fm\u0259kdar Elm Xadimi\" f\u0259xri ad\u0131 verdi - Z\u0259rdab.com","og_description":"Prezident \u0130lham \u018fliyevin 18 iyun 2012-ci il tarixli s\u0259r\u0259ncam\u0131 il\u0259 \u00f6lk\u0259mizin bir qrup s\u0259hiyy\u0259 i\u015f\u00e7isin\u0259 f\u0259xri adlar verilib. S\u0259r\u0259ncama \u0259sas\u0259n, Az\u0259rbaycan s\u0259hiyy\u0259sinin inki\u015faf\u0131ndak\u0131 xidm\u0259tl\u0259rin\u0259 g\u00f6r\u0259 h\u0259myerlimiz, \u0130sayev \u0130sa H\u00fcseyn o\u011fluna Az\u0259rbaycan Respublikas\u0131n\u0131n &#8220;\u018fm\u0259kdar Elm Xadimi&#8221; f\u0259xri ad\u0131 verilib. \u0130sa \u0130sayev 1950-ci ild\u0259 Z\u0259rdab rayonunun M\u0259likli k\u0259ndind\u0259 do\u011fulub. Az\u0259rbaycan Milli Onkologiya M\u0259rk\u0259zinin professoru, tibb elml\u0259ri doktoru, [&hellip;]","og_url":"https:\/\/www.zerdab.com\/?p=3237","og_site_name":"Z\u0259rdab.com","article_published_time":"2012-07-09T19:29:27+00:00","article_modified_time":"2012-07-09T19:30:19+00:00","author":"admin","twitter_card":"summary_large_image","twitter_misc":{"Written by":"admin","Est. reading time":"1 minute"},"schema":{"@context":"https:\/\/schema.org","@graph":[{"@type":"Article","@id":"https:\/\/www.zerdab.com\/?p=3237#article","isPartOf":{"@id":"https:\/\/www.zerdab.com\/?p=3237"},"author":{"name":"admin","@id":"https:\/\/www.zerdab.com\/#\/schema\/person\/97079b7570c1e89ec0d9e138c3672136"},"headline":"Prezident h\u0259myerlimiz\u0259 &#8220;\u018fm\u0259kdar Elm Xadimi&#8221; f\u0259xri ad\u0131 verdi","datePublished":"2012-07-09T19:29:27+00:00","dateModified":"2012-07-09T19:30:19+00:00","mainEntityOfPage":{"@id":"https:\/\/www.zerdab.com\/?p=3237"},"wordCount":173,"commentCount":0,"articleSection":["F\u018fXRL\u018fR\u0130M\u0130Z"],"inLanguage":"az","potentialAction":[{"@type":"CommentAction","name":"Comment","target":["https:\/\/www.zerdab.com\/?p=3237#respond"]}]},{"@type":"WebPage","@id":"https:\/\/www.zerdab.com\/?p=3237","url":"https:\/\/www.zerdab.com\/?p=3237","name":"Prezident h\u0259myerlimiz\u0259 \"\u018fm\u0259kdar Elm Xadimi\" f\u0259xri ad\u0131 verdi - Z\u0259rdab.com","isPartOf":{"@id":"https:\/\/www.zerdab.com\/#website"},"datePublished":"2012-07-09T19:29:27+00:00","dateModified":"2012-07-09T19:30:19+00:00","author":{"@id":"https:\/\/www.zerdab.com\/#\/schema\/person\/97079b7570c1e89ec0d9e138c3672136"},"breadcrumb":{"@id":"https:\/\/www.zerdab.com\/?p=3237#breadcrumb"},"inLanguage":"az","potentialAction":[{"@type":"ReadAction","target":["https:\/\/www.zerdab.com\/?p=3237"]}]},{"@type":"BreadcrumbList","@id":"https:\/\/www.zerdab.com\/?p=3237#breadcrumb","itemListElement":[{"@type":"ListItem","position":1,"name":"Home","item":"https:\/\/www.zerdab.com\/"},{"@type":"ListItem","position":2,"name":"Prezident h\u0259myerlimiz\u0259 &#8220;\u018fm\u0259kdar Elm Xadimi&#8221; f\u0259xri ad\u0131 verdi"}]},{"@type":"WebSite","@id":"https:\/\/www.zerdab.com\/#website","url":"https:\/\/www.zerdab.com\/","name":"Z\u0259rdab.com","description":"","potentialAction":[{"@type":"SearchAction","target":{"@type":"EntryPoint","urlTemplate":"https:\/\/www.zerdab.com\/?s={search_term_string}"},"query-input":{"@type":"PropertyValueSpecification","valueRequired":true,"valueName":"search_term_string"}}],"inLanguage":"az"},{"@type":"Person","@id":"https:\/\/www.zerdab.com\/#\/schema\/person\/97079b7570c1e89ec0d9e138c3672136","name":"admin","image":{"@type":"ImageObject","inLanguage":"az","@id":"https:\/\/www.zerdab.com\/#\/schema\/person\/image\/","url":"https:\/\/secure.gravatar.com\/avatar\/d9c52a9a27c32119cb6679a077fa3e2779e5f822c451cbf01098004361d466ec?s=96&d=mm&r=g","contentUrl":"https:\/\/secure.gravatar.com\/avatar\/d9c52a9a27c32119cb6679a077fa3e2779e5f822c451cbf01098004361d466ec?s=96&d=mm&r=g","caption":"admin"},"url":"https:\/\/www.zerdab.com\/?author=1"}]}},"_links":{"self":[{"href":"https:\/\/www.zerdab.com\/index.php?rest_route=\/wp\/v2\/posts\/3237","targetHints":{"allow":["GET"]}}],"collection":[{"href":"https:\/\/www.zerdab.com\/index.php?rest_route=\/wp\/v2\/posts"}],"about":[{"href":"https:\/\/www.zerdab.com\/index.php?rest_route=\/wp\/v2\/types\/post"}],"author":[{"embeddable":true,"href":"https:\/\/www.zerdab.com\/index.php?rest_route=\/wp\/v2\/users\/1"}],"replies":[{"embeddable":true,"href":"https:\/\/www.zerdab.com\/index.php?rest_route=%2Fwp%2Fv2%2Fcomments&post=3237"}],"version-history":[{"count":4,"href":"https:\/\/www.zerdab.com\/index.php?rest_route=\/wp\/v2\/posts\/3237\/revisions"}],"predecessor-version":[{"id":3242,"href":"https:\/\/www.zerdab.com\/index.php?rest_route=\/wp\/v2\/posts\/3237\/revisions\/3242"}],"wp:attachment":[{"href":"https:\/\/www.zerdab.com\/index.php?rest_route=%2Fwp%2Fv2%2Fmedia&parent=3237"}],"wp:term":[{"taxonomy":"category","embeddable":true,"href":"https:\/\/www.zerdab.com\/index.php?rest_route=%2Fwp%2Fv2%2Fcategories&post=3237"},{"taxonomy":"post_tag","embeddable":true,"href":"https:\/\/www.zerdab.com\/index.php?rest_route=%2Fwp%2Fv2%2Ftags&post=3237"}],"curies":[{"name":"wp","href":"https:\/\/api.w.org\/{rel}","templated":true}]}}