{"id":3243,"date":"2012-07-10T13:07:46","date_gmt":"2012-07-10T08:07:46","guid":{"rendered":"http:\/\/www.zerdab.com\/?p=3243"},"modified":"2012-07-10T17:49:54","modified_gmt":"2012-07-10T12:49:54","slug":"h%c9%99s%c9%99n-b%c9%99y-z%c9%99rdabinin-yubileyi-il%c9%99-bagli-ilk-boyuk-t%c9%99dbir-z%c9%99rdabda-keciril%c9%99c%c9%99k","status":"publish","type":"post","link":"https:\/\/www.zerdab.com\/?p=3243","title":{"rendered":"\u0130yulun 14-d\u0259 Z\u0259rdabinin yubileyi il\u0259 ba\u011fl\u0131 Z\u0259rdabda t\u0259dbir ke\u00e7iril\u0259c\u0259k"},"content":{"rendered":"<p><strong><a href=\"http:\/\/www.zerdab.com\/?attachment_id=3250\" rel=\"attachment wp-att-3250\"><img loading=\"lazy\" decoding=\"async\" class=\"alignleft  wp-image-3250\" title=\"H\u0259s\u0259n b\u0259y Z\u0259rdabinin ya\u015fad\u0131\u011f\u0131 ev-muzeyi\" src=\"http:\/\/www.zerdab.com\/wp-content\/uploads\/2012\/07\/muzey1-350x196.jpg\" alt=\"\" width=\"248\" height=\"143\" \/><\/a>H\u0259s\u0259n b\u0259y Z\u0259rdabi<\/strong>nin 170 illiyinin qeyd olunmas\u0131 il\u0259 ba\u011fl\u0131 Az\u0259rbaycan Prezidentinin imzalad\u0131\u011f\u0131 s\u0259r\u0259ncamla \u0259laq\u0259dar<strong> Milli M\u0259tbuat G\u00fcn\u00fc<\/strong> \u0259r\u0259f\u0259sind\u0259 bir s\u0131ra t\u0259dbirl\u0259r ke\u00e7iril\u0259c\u0259k. <strong>www.zerdab.com<\/strong> sayt\u0131n\u0131n m\u0259lumat\u0131na g\u00f6r\u0259, bu bar\u0259d\u0259 <strong>M\u0259tbuat \u015euras\u0131n\u0131n s\u0259dri \u018fflatun Ama\u015fov<\/strong> bildirib. O qeyd edib ki, ilk olaraq H\u0259s\u0259n b\u0259y Z\u0259rdabinin do\u011fuldu\u011fu Z\u0259rdab rayonunda toplant\u0131lar ke\u00e7iril\u0259c\u0259k: &#8220;<strong>\u0130yulun 14-d\u0259<\/strong> s\u0259h\u0259r tezd\u0259n Z\u0259rdab rayonunda H\u0259s\u0259n b\u0259y Z\u0259rdabinin ya\u015fad\u0131\u011f\u0131 ev-muzeyin\u0259 ba\u015f \u00e7\u0259kil\u0259c\u0259k, abid\u0259sinin \u00f6n\u00fcn\u0259 \u0259kil qoyulacaq. Z\u0259rdabinin h\u0259yat v\u0259 f\u0259aliyy\u0259ti il\u0259 ba\u011fl\u0131 m\u00fczakir\u0259l\u0259r apar\u0131lacaq&#8221;.<\/p>\n","protected":false},"excerpt":{"rendered":"<p>H\u0259s\u0259n b\u0259y Z\u0259rdabinin 170 illiyinin qeyd olunmas\u0131 il\u0259 ba\u011fl\u0131 Az\u0259rbaycan Prezidentinin imzalad\u0131\u011f\u0131 s\u0259r\u0259ncamla \u0259laq\u0259dar Milli M\u0259tbuat G\u00fcn\u00fc \u0259r\u0259f\u0259sind\u0259 bir s\u0131ra t\u0259dbirl\u0259r ke\u00e7iril\u0259c\u0259k. www.zerdab.com sayt\u0131n\u0131n m\u0259lumat\u0131na g\u00f6r\u0259, bu bar\u0259d\u0259 M\u0259tbuat \u015euras\u0131n\u0131n s\u0259dri \u018fflatun Ama\u015fov bildirib. O qeyd edib ki, ilk olaraq H\u0259s\u0259n b\u0259y Z\u0259rdabinin do\u011fuldu\u011fu Z\u0259rdab rayonunda toplant\u0131lar ke\u00e7iril\u0259c\u0259k: &#8220;\u0130yulun 14-d\u0259 s\u0259h\u0259r tezd\u0259n Z\u0259rdab rayonunda H\u0259s\u0259n [&hellip;]<\/p>\n","protected":false},"author":1,"featured_media":0,"comment_status":"open","ping_status":"open","sticky":false,"template":"","format":"standard","meta":{"footnotes":""},"categories":[21],"tags":[],"class_list":{"0":"post-3243","1":"post","2":"type-post","3":"status-publish","4":"format-standard","6":"category-zrdab"},"yoast_head":"<!-- This site is optimized with the Yoast SEO plugin v27.0 - https:\/\/yoast.com\/product\/yoast-seo-wordpress\/ -->\n<title>\u0130yulun 14-d\u0259 Z\u0259rdabinin yubileyi il\u0259 ba\u011fl\u0131 Z\u0259rdabda t\u0259dbir ke\u00e7iril\u0259c\u0259k - Z\u0259rdab.com<\/title>\n<meta name=\"robots\" content=\"index, follow, max-snippet:-1, max-image-preview:large, max-video-preview:-1\" \/>\n<link rel=\"canonical\" href=\"https:\/\/www.zerdab.com\/?p=3243\" \/>\n<meta property=\"og:locale\" content=\"az_AZ\" \/>\n<meta property=\"og:type\" content=\"article\" \/>\n<meta property=\"og:title\" content=\"\u0130yulun 14-d\u0259 Z\u0259rdabinin yubileyi il\u0259 ba\u011fl\u0131 Z\u0259rdabda t\u0259dbir ke\u00e7iril\u0259c\u0259k - Z\u0259rdab.com\" \/>\n<meta property=\"og:description\" content=\"H\u0259s\u0259n b\u0259y Z\u0259rdabinin 170 illiyinin qeyd olunmas\u0131 il\u0259 ba\u011fl\u0131 Az\u0259rbaycan Prezidentinin imzalad\u0131\u011f\u0131 s\u0259r\u0259ncamla \u0259laq\u0259dar Milli M\u0259tbuat G\u00fcn\u00fc \u0259r\u0259f\u0259sind\u0259 bir s\u0131ra t\u0259dbirl\u0259r ke\u00e7iril\u0259c\u0259k. www.zerdab.com sayt\u0131n\u0131n m\u0259lumat\u0131na g\u00f6r\u0259, bu bar\u0259d\u0259 M\u0259tbuat \u015euras\u0131n\u0131n s\u0259dri \u018fflatun Ama\u015fov bildirib. O qeyd edib ki, ilk olaraq H\u0259s\u0259n b\u0259y Z\u0259rdabinin do\u011fuldu\u011fu Z\u0259rdab rayonunda toplant\u0131lar ke\u00e7iril\u0259c\u0259k: &#8220;\u0130yulun 14-d\u0259 s\u0259h\u0259r tezd\u0259n Z\u0259rdab rayonunda H\u0259s\u0259n [&hellip;]\" \/>\n<meta property=\"og:url\" content=\"https:\/\/www.zerdab.com\/?p=3243\" \/>\n<meta property=\"og:site_name\" content=\"Z\u0259rdab.com\" \/>\n<meta property=\"article:published_time\" content=\"2012-07-10T08:07:46+00:00\" \/>\n<meta property=\"article:modified_time\" content=\"2012-07-10T12:49:54+00:00\" \/>\n<meta property=\"og:image\" content=\"http:\/\/www.zerdab.com\/wp-content\/uploads\/2012\/07\/muzey1-350x196.jpg\" \/>\n<meta name=\"author\" content=\"admin\" \/>\n<meta name=\"twitter:card\" content=\"summary_large_image\" \/>\n<meta name=\"twitter:label1\" content=\"Written by\" \/>\n\t<meta name=\"twitter:data1\" content=\"admin\" \/>\n\t<meta name=\"twitter:label2\" content=\"Est. reading time\" \/>\n\t<meta name=\"twitter:data2\" content=\"1 minute\" \/>\n<script type=\"application\/ld+json\" class=\"yoast-schema-graph\">{\"@context\":\"https:\/\/schema.org\",\"@graph\":[{\"@type\":\"Article\",\"@id\":\"https:\/\/www.zerdab.com\/?p=3243#article\",\"isPartOf\":{\"@id\":\"https:\/\/www.zerdab.com\/?p=3243\"},\"author\":{\"name\":\"admin\",\"@id\":\"https:\/\/www.zerdab.com\/#\/schema\/person\/97079b7570c1e89ec0d9e138c3672136\"},\"headline\":\"\u0130yulun 14-d\u0259 Z\u0259rdabinin yubileyi il\u0259 ba\u011fl\u0131 Z\u0259rdabda t\u0259dbir ke\u00e7iril\u0259c\u0259k\",\"datePublished\":\"2012-07-10T08:07:46+00:00\",\"dateModified\":\"2012-07-10T12:49:54+00:00\",\"mainEntityOfPage\":{\"@id\":\"https:\/\/www.zerdab.com\/?p=3243\"},\"wordCount\":153,\"commentCount\":0,\"image\":{\"@id\":\"https:\/\/www.zerdab.com\/?p=3243#primaryimage\"},\"thumbnailUrl\":\"http:\/\/www.zerdab.com\/wp-content\/uploads\/2012\/07\/muzey1-350x196.jpg\",\"articleSection\":[\"C\u018fM\u0130YY\u018fT\"],\"inLanguage\":\"az\",\"potentialAction\":[{\"@type\":\"CommentAction\",\"name\":\"Comment\",\"target\":[\"https:\/\/www.zerdab.com\/?p=3243#respond\"]}]},{\"@type\":\"WebPage\",\"@id\":\"https:\/\/www.zerdab.com\/?p=3243\",\"url\":\"https:\/\/www.zerdab.com\/?p=3243\",\"name\":\"\u0130yulun 14-d\u0259 Z\u0259rdabinin yubileyi il\u0259 ba\u011fl\u0131 Z\u0259rdabda t\u0259dbir ke\u00e7iril\u0259c\u0259k - Z\u0259rdab.com\",\"isPartOf\":{\"@id\":\"https:\/\/www.zerdab.com\/#website\"},\"primaryImageOfPage\":{\"@id\":\"https:\/\/www.zerdab.com\/?p=3243#primaryimage\"},\"image\":{\"@id\":\"https:\/\/www.zerdab.com\/?p=3243#primaryimage\"},\"thumbnailUrl\":\"http:\/\/www.zerdab.com\/wp-content\/uploads\/2012\/07\/muzey1-350x196.jpg\",\"datePublished\":\"2012-07-10T08:07:46+00:00\",\"dateModified\":\"2012-07-10T12:49:54+00:00\",\"author\":{\"@id\":\"https:\/\/www.zerdab.com\/#\/schema\/person\/97079b7570c1e89ec0d9e138c3672136\"},\"breadcrumb\":{\"@id\":\"https:\/\/www.zerdab.com\/?p=3243#breadcrumb\"},\"inLanguage\":\"az\",\"potentialAction\":[{\"@type\":\"ReadAction\",\"target\":[\"https:\/\/www.zerdab.com\/?p=3243\"]}]},{\"@type\":\"ImageObject\",\"inLanguage\":\"az\",\"@id\":\"https:\/\/www.zerdab.com\/?p=3243#primaryimage\",\"url\":\"\",\"contentUrl\":\"\"},{\"@type\":\"BreadcrumbList\",\"@id\":\"https:\/\/www.zerdab.com\/?p=3243#breadcrumb\",\"itemListElement\":[{\"@type\":\"ListItem\",\"position\":1,\"name\":\"Home\",\"item\":\"https:\/\/www.zerdab.com\/\"},{\"@type\":\"ListItem\",\"position\":2,\"name\":\"\u0130yulun 14-d\u0259 Z\u0259rdabinin yubileyi il\u0259 ba\u011fl\u0131 Z\u0259rdabda t\u0259dbir ke\u00e7iril\u0259c\u0259k\"}]},{\"@type\":\"WebSite\",\"@id\":\"https:\/\/www.zerdab.com\/#website\",\"url\":\"https:\/\/www.zerdab.com\/\",\"name\":\"Z\u0259rdab.com\",\"description\":\"\",\"potentialAction\":[{\"@type\":\"SearchAction\",\"target\":{\"@type\":\"EntryPoint\",\"urlTemplate\":\"https:\/\/www.zerdab.com\/?s={search_term_string}\"},\"query-input\":{\"@type\":\"PropertyValueSpecification\",\"valueRequired\":true,\"valueName\":\"search_term_string\"}}],\"inLanguage\":\"az\"},{\"@type\":\"Person\",\"@id\":\"https:\/\/www.zerdab.com\/#\/schema\/person\/97079b7570c1e89ec0d9e138c3672136\",\"name\":\"admin\",\"image\":{\"@type\":\"ImageObject\",\"inLanguage\":\"az\",\"@id\":\"https:\/\/www.zerdab.com\/#\/schema\/person\/image\/\",\"url\":\"https:\/\/secure.gravatar.com\/avatar\/d9c52a9a27c32119cb6679a077fa3e2779e5f822c451cbf01098004361d466ec?s=96&d=mm&r=g\",\"contentUrl\":\"https:\/\/secure.gravatar.com\/avatar\/d9c52a9a27c32119cb6679a077fa3e2779e5f822c451cbf01098004361d466ec?s=96&d=mm&r=g\",\"caption\":\"admin\"},\"url\":\"https:\/\/www.zerdab.com\/?author=1\"}]}<\/script>\n<!-- \/ Yoast SEO plugin. -->","yoast_head_json":{"title":"\u0130yulun 14-d\u0259 Z\u0259rdabinin yubileyi il\u0259 ba\u011fl\u0131 Z\u0259rdabda t\u0259dbir ke\u00e7iril\u0259c\u0259k - Z\u0259rdab.com","robots":{"index":"index","follow":"follow","max-snippet":"max-snippet:-1","max-image-preview":"max-image-preview:large","max-video-preview":"max-video-preview:-1"},"canonical":"https:\/\/www.zerdab.com\/?p=3243","og_locale":"az_AZ","og_type":"article","og_title":"\u0130yulun 14-d\u0259 Z\u0259rdabinin yubileyi il\u0259 ba\u011fl\u0131 Z\u0259rdabda t\u0259dbir ke\u00e7iril\u0259c\u0259k - Z\u0259rdab.com","og_description":"H\u0259s\u0259n b\u0259y Z\u0259rdabinin 170 illiyinin qeyd olunmas\u0131 il\u0259 ba\u011fl\u0131 Az\u0259rbaycan Prezidentinin imzalad\u0131\u011f\u0131 s\u0259r\u0259ncamla \u0259laq\u0259dar Milli M\u0259tbuat G\u00fcn\u00fc \u0259r\u0259f\u0259sind\u0259 bir s\u0131ra t\u0259dbirl\u0259r ke\u00e7iril\u0259c\u0259k. www.zerdab.com sayt\u0131n\u0131n m\u0259lumat\u0131na g\u00f6r\u0259, bu bar\u0259d\u0259 M\u0259tbuat \u015euras\u0131n\u0131n s\u0259dri \u018fflatun Ama\u015fov bildirib. O qeyd edib ki, ilk olaraq H\u0259s\u0259n b\u0259y Z\u0259rdabinin do\u011fuldu\u011fu Z\u0259rdab rayonunda toplant\u0131lar ke\u00e7iril\u0259c\u0259k: &#8220;\u0130yulun 14-d\u0259 s\u0259h\u0259r tezd\u0259n Z\u0259rdab rayonunda H\u0259s\u0259n [&hellip;]","og_url":"https:\/\/www.zerdab.com\/?p=3243","og_site_name":"Z\u0259rdab.com","article_published_time":"2012-07-10T08:07:46+00:00","article_modified_time":"2012-07-10T12:49:54+00:00","og_image":[{"url":"http:\/\/www.zerdab.com\/wp-content\/uploads\/2012\/07\/muzey1-350x196.jpg","type":"","width":"","height":""}],"author":"admin","twitter_card":"summary_large_image","twitter_misc":{"Written by":"admin","Est. reading time":"1 minute"},"schema":{"@context":"https:\/\/schema.org","@graph":[{"@type":"Article","@id":"https:\/\/www.zerdab.com\/?p=3243#article","isPartOf":{"@id":"https:\/\/www.zerdab.com\/?p=3243"},"author":{"name":"admin","@id":"https:\/\/www.zerdab.com\/#\/schema\/person\/97079b7570c1e89ec0d9e138c3672136"},"headline":"\u0130yulun 14-d\u0259 Z\u0259rdabinin yubileyi il\u0259 ba\u011fl\u0131 Z\u0259rdabda t\u0259dbir ke\u00e7iril\u0259c\u0259k","datePublished":"2012-07-10T08:07:46+00:00","dateModified":"2012-07-10T12:49:54+00:00","mainEntityOfPage":{"@id":"https:\/\/www.zerdab.com\/?p=3243"},"wordCount":153,"commentCount":0,"image":{"@id":"https:\/\/www.zerdab.com\/?p=3243#primaryimage"},"thumbnailUrl":"http:\/\/www.zerdab.com\/wp-content\/uploads\/2012\/07\/muzey1-350x196.jpg","articleSection":["C\u018fM\u0130YY\u018fT"],"inLanguage":"az","potentialAction":[{"@type":"CommentAction","name":"Comment","target":["https:\/\/www.zerdab.com\/?p=3243#respond"]}]},{"@type":"WebPage","@id":"https:\/\/www.zerdab.com\/?p=3243","url":"https:\/\/www.zerdab.com\/?p=3243","name":"\u0130yulun 14-d\u0259 Z\u0259rdabinin yubileyi il\u0259 ba\u011fl\u0131 Z\u0259rdabda t\u0259dbir ke\u00e7iril\u0259c\u0259k - Z\u0259rdab.com","isPartOf":{"@id":"https:\/\/www.zerdab.com\/#website"},"primaryImageOfPage":{"@id":"https:\/\/www.zerdab.com\/?p=3243#primaryimage"},"image":{"@id":"https:\/\/www.zerdab.com\/?p=3243#primaryimage"},"thumbnailUrl":"http:\/\/www.zerdab.com\/wp-content\/uploads\/2012\/07\/muzey1-350x196.jpg","datePublished":"2012-07-10T08:07:46+00:00","dateModified":"2012-07-10T12:49:54+00:00","author":{"@id":"https:\/\/www.zerdab.com\/#\/schema\/person\/97079b7570c1e89ec0d9e138c3672136"},"breadcrumb":{"@id":"https:\/\/www.zerdab.com\/?p=3243#breadcrumb"},"inLanguage":"az","potentialAction":[{"@type":"ReadAction","target":["https:\/\/www.zerdab.com\/?p=3243"]}]},{"@type":"ImageObject","inLanguage":"az","@id":"https:\/\/www.zerdab.com\/?p=3243#primaryimage","url":"","contentUrl":""},{"@type":"BreadcrumbList","@id":"https:\/\/www.zerdab.com\/?p=3243#breadcrumb","itemListElement":[{"@type":"ListItem","position":1,"name":"Home","item":"https:\/\/www.zerdab.com\/"},{"@type":"ListItem","position":2,"name":"\u0130yulun 14-d\u0259 Z\u0259rdabinin yubileyi il\u0259 ba\u011fl\u0131 Z\u0259rdabda t\u0259dbir ke\u00e7iril\u0259c\u0259k"}]},{"@type":"WebSite","@id":"https:\/\/www.zerdab.com\/#website","url":"https:\/\/www.zerdab.com\/","name":"Z\u0259rdab.com","description":"","potentialAction":[{"@type":"SearchAction","target":{"@type":"EntryPoint","urlTemplate":"https:\/\/www.zerdab.com\/?s={search_term_string}"},"query-input":{"@type":"PropertyValueSpecification","valueRequired":true,"valueName":"search_term_string"}}],"inLanguage":"az"},{"@type":"Person","@id":"https:\/\/www.zerdab.com\/#\/schema\/person\/97079b7570c1e89ec0d9e138c3672136","name":"admin","image":{"@type":"ImageObject","inLanguage":"az","@id":"https:\/\/www.zerdab.com\/#\/schema\/person\/image\/","url":"https:\/\/secure.gravatar.com\/avatar\/d9c52a9a27c32119cb6679a077fa3e2779e5f822c451cbf01098004361d466ec?s=96&d=mm&r=g","contentUrl":"https:\/\/secure.gravatar.com\/avatar\/d9c52a9a27c32119cb6679a077fa3e2779e5f822c451cbf01098004361d466ec?s=96&d=mm&r=g","caption":"admin"},"url":"https:\/\/www.zerdab.com\/?author=1"}]}},"_links":{"self":[{"href":"https:\/\/www.zerdab.com\/index.php?rest_route=\/wp\/v2\/posts\/3243","targetHints":{"allow":["GET"]}}],"collection":[{"href":"https:\/\/www.zerdab.com\/index.php?rest_route=\/wp\/v2\/posts"}],"about":[{"href":"https:\/\/www.zerdab.com\/index.php?rest_route=\/wp\/v2\/types\/post"}],"author":[{"embeddable":true,"href":"https:\/\/www.zerdab.com\/index.php?rest_route=\/wp\/v2\/users\/1"}],"replies":[{"embeddable":true,"href":"https:\/\/www.zerdab.com\/index.php?rest_route=%2Fwp%2Fv2%2Fcomments&post=3243"}],"version-history":[{"count":13,"href":"https:\/\/www.zerdab.com\/index.php?rest_route=\/wp\/v2\/posts\/3243\/revisions"}],"predecessor-version":[{"id":3258,"href":"https:\/\/www.zerdab.com\/index.php?rest_route=\/wp\/v2\/posts\/3243\/revisions\/3258"}],"wp:attachment":[{"href":"https:\/\/www.zerdab.com\/index.php?rest_route=%2Fwp%2Fv2%2Fmedia&parent=3243"}],"wp:term":[{"taxonomy":"category","embeddable":true,"href":"https:\/\/www.zerdab.com\/index.php?rest_route=%2Fwp%2Fv2%2Fcategories&post=3243"},{"taxonomy":"post_tag","embeddable":true,"href":"https:\/\/www.zerdab.com\/index.php?rest_route=%2Fwp%2Fv2%2Ftags&post=3243"}],"curies":[{"name":"wp","href":"https:\/\/api.w.org\/{rel}","templated":true}]}}