{"id":3259,"date":"2012-07-11T10:04:26","date_gmt":"2012-07-11T05:04:26","guid":{"rendered":"http:\/\/www.zerdab.com\/?p=3259"},"modified":"2012-07-11T10:09:46","modified_gmt":"2012-07-11T05:09:46","slug":"dovl%c9%99t-qullugunda-f%c9%99rql%c9%99nm%c9%99y%c9%99-gor%c9%99-medali-il%c9%99-t%c9%99ltif-olunmus-k%c9%99nd-icra-numay%c9%99nd%c9%99miz","status":"publish","type":"post","link":"https:\/\/www.zerdab.com\/?p=3259","title":{"rendered":"Prezidentin medalla t\u0259ltif etdiyi k\u0259nd icra n\u00fcmay\u0259nd\u0259miz&#8230;"},"content":{"rendered":"<p><a href=\"http:\/\/www.zerdab.com\/?attachment_id=3260\" rel=\"attachment wp-att-3260\"><img loading=\"lazy\" decoding=\"async\" class=\"alignleft  wp-image-3260\" title=\"G\u0259lm\u0259 k\u0259ndi\" src=\"http:\/\/www.zerdab.com\/wp-content\/uploads\/2012\/07\/Poct1-350x240.jpg\" alt=\"\" width=\"243\" height=\"169\" \/><\/a>Prezident \u0130lham \u018fliyevin 22 iyun 2012-ci il tarixli s\u0259r\u0259ncam\u0131 il\u0259 <strong>Z\u0259rdab rayonunun G\u0259lm\u0259 k\u0259nd icra n\u00fcmay\u0259nd\u0259si M\u0259nafov C\u0259f\u0259r X\u0259lil o\u011flu<\/strong> uzun m\u00fcdd\u0259t d\u00f6vl\u0259t qullu\u011funda s\u0259m\u0259r\u0259li f\u0259aliyy\u0259t g\u00f6st\u0259rdiyin\u0259 g\u00f6r\u0259 &#8220;D\u00f6vl\u0259t qullu\u011funda f\u0259rql\u0259nm\u0259y\u0259 g\u00f6r\u0259&#8221; medal\u0131 il\u0259 t\u0259ltif olunub. C\u0259f\u0259r M\u0259nafov bu diqq\u0259tin\u0259 g\u00f6r\u0259 d\u00f6vl\u0259t ba\u015f\u00e7\u0131s\u0131na t\u0259\u015f\u0259kk\u00fcr\u00fcn\u00fc bildirib: &#8220;Bu x\u0259b\u0259ri e\u015fid\u0259nd\u0259 h\u0259m sevindik, h\u0259m d\u0259 q\u00fcrur hissi ke\u00e7irdik. Prezidentin Z\u0259rdab rayonuna diqq\u0259ti bizi \u00e7ox sevindirir. C\u0259nab Prezident\u0259 minn\u0259tdarl\u0131\u011f\u0131m\u0131z\u0131 bildiririk&#8221;. Qeyd ed\u0259k ki, son ill\u0259r G\u0259lm\u0259 k\u0259ndind\u0259 yeni po\u00e7t binas\u0131, Qaraba\u011f m\u00fcharib\u0259si veteranlar\u0131 \u00fc\u00e7\u00fcn f\u0259rdi evl\u0259r in\u015fa edilib, t\u0259bii qaz x\u0259tti \u00e7\u0259kilib v\u0259 s.<\/p>\n<p><strong>www.zerdab.com<\/strong><\/p>\n","protected":false},"excerpt":{"rendered":"<p>Prezident \u0130lham \u018fliyevin 22 iyun 2012-ci il tarixli s\u0259r\u0259ncam\u0131 il\u0259 Z\u0259rdab rayonunun G\u0259lm\u0259 k\u0259nd icra n\u00fcmay\u0259nd\u0259si M\u0259nafov C\u0259f\u0259r X\u0259lil o\u011flu uzun m\u00fcdd\u0259t d\u00f6vl\u0259t qullu\u011funda s\u0259m\u0259r\u0259li f\u0259aliyy\u0259t g\u00f6st\u0259rdiyin\u0259 g\u00f6r\u0259 &#8220;D\u00f6vl\u0259t qullu\u011funda f\u0259rql\u0259nm\u0259y\u0259 g\u00f6r\u0259&#8221; medal\u0131 il\u0259 t\u0259ltif olunub. C\u0259f\u0259r M\u0259nafov bu diqq\u0259tin\u0259 g\u00f6r\u0259 d\u00f6vl\u0259t ba\u015f\u00e7\u0131s\u0131na t\u0259\u015f\u0259kk\u00fcr\u00fcn\u00fc bildirib: &#8220;Bu x\u0259b\u0259ri e\u015fid\u0259nd\u0259 h\u0259m sevindik, h\u0259m d\u0259 q\u00fcrur hissi ke\u00e7irdik. [&hellip;]<\/p>\n","protected":false},"author":1,"featured_media":0,"comment_status":"open","ping_status":"open","sticky":false,"template":"","format":"standard","meta":{"footnotes":""},"categories":[21],"tags":[],"class_list":{"0":"post-3259","1":"post","2":"type-post","3":"status-publish","4":"format-standard","6":"category-zrdab"},"yoast_head":"<!-- This site is optimized with the Yoast SEO plugin v27.0 - https:\/\/yoast.com\/product\/yoast-seo-wordpress\/ -->\n<title>Prezidentin medalla t\u0259ltif etdiyi k\u0259nd icra n\u00fcmay\u0259nd\u0259miz... - Z\u0259rdab.com<\/title>\n<meta name=\"robots\" content=\"index, follow, max-snippet:-1, max-image-preview:large, max-video-preview:-1\" \/>\n<link rel=\"canonical\" href=\"https:\/\/www.zerdab.com\/?p=3259\" \/>\n<meta property=\"og:locale\" content=\"az_AZ\" \/>\n<meta property=\"og:type\" content=\"article\" \/>\n<meta property=\"og:title\" content=\"Prezidentin medalla t\u0259ltif etdiyi k\u0259nd icra n\u00fcmay\u0259nd\u0259miz... - Z\u0259rdab.com\" \/>\n<meta property=\"og:description\" content=\"Prezident \u0130lham \u018fliyevin 22 iyun 2012-ci il tarixli s\u0259r\u0259ncam\u0131 il\u0259 Z\u0259rdab rayonunun G\u0259lm\u0259 k\u0259nd icra n\u00fcmay\u0259nd\u0259si M\u0259nafov C\u0259f\u0259r X\u0259lil o\u011flu uzun m\u00fcdd\u0259t d\u00f6vl\u0259t qullu\u011funda s\u0259m\u0259r\u0259li f\u0259aliyy\u0259t g\u00f6st\u0259rdiyin\u0259 g\u00f6r\u0259 &#8220;D\u00f6vl\u0259t qullu\u011funda f\u0259rql\u0259nm\u0259y\u0259 g\u00f6r\u0259&#8221; medal\u0131 il\u0259 t\u0259ltif olunub. C\u0259f\u0259r M\u0259nafov bu diqq\u0259tin\u0259 g\u00f6r\u0259 d\u00f6vl\u0259t ba\u015f\u00e7\u0131s\u0131na t\u0259\u015f\u0259kk\u00fcr\u00fcn\u00fc bildirib: &#8220;Bu x\u0259b\u0259ri e\u015fid\u0259nd\u0259 h\u0259m sevindik, h\u0259m d\u0259 q\u00fcrur hissi ke\u00e7irdik. [&hellip;]\" \/>\n<meta property=\"og:url\" content=\"https:\/\/www.zerdab.com\/?p=3259\" \/>\n<meta property=\"og:site_name\" content=\"Z\u0259rdab.com\" \/>\n<meta property=\"article:published_time\" content=\"2012-07-11T05:04:26+00:00\" \/>\n<meta property=\"article:modified_time\" content=\"2012-07-11T05:09:46+00:00\" \/>\n<meta property=\"og:image\" content=\"http:\/\/www.zerdab.com\/wp-content\/uploads\/2012\/07\/Poct1-350x240.jpg\" \/>\n<meta name=\"author\" content=\"admin\" \/>\n<meta name=\"twitter:card\" content=\"summary_large_image\" \/>\n<meta name=\"twitter:label1\" content=\"Written by\" \/>\n\t<meta name=\"twitter:data1\" content=\"admin\" \/>\n\t<meta name=\"twitter:label2\" content=\"Est. reading time\" \/>\n\t<meta name=\"twitter:data2\" content=\"1 minute\" \/>\n<script type=\"application\/ld+json\" class=\"yoast-schema-graph\">{\"@context\":\"https:\/\/schema.org\",\"@graph\":[{\"@type\":\"Article\",\"@id\":\"https:\/\/www.zerdab.com\/?p=3259#article\",\"isPartOf\":{\"@id\":\"https:\/\/www.zerdab.com\/?p=3259\"},\"author\":{\"name\":\"admin\",\"@id\":\"https:\/\/www.zerdab.com\/#\/schema\/person\/97079b7570c1e89ec0d9e138c3672136\"},\"headline\":\"Prezidentin medalla t\u0259ltif etdiyi k\u0259nd icra n\u00fcmay\u0259nd\u0259miz&#8230;\",\"datePublished\":\"2012-07-11T05:04:26+00:00\",\"dateModified\":\"2012-07-11T05:09:46+00:00\",\"mainEntityOfPage\":{\"@id\":\"https:\/\/www.zerdab.com\/?p=3259\"},\"wordCount\":176,\"commentCount\":0,\"image\":{\"@id\":\"https:\/\/www.zerdab.com\/?p=3259#primaryimage\"},\"thumbnailUrl\":\"http:\/\/www.zerdab.com\/wp-content\/uploads\/2012\/07\/Poct1-350x240.jpg\",\"articleSection\":[\"C\u018fM\u0130YY\u018fT\"],\"inLanguage\":\"az\",\"potentialAction\":[{\"@type\":\"CommentAction\",\"name\":\"Comment\",\"target\":[\"https:\/\/www.zerdab.com\/?p=3259#respond\"]}]},{\"@type\":\"WebPage\",\"@id\":\"https:\/\/www.zerdab.com\/?p=3259\",\"url\":\"https:\/\/www.zerdab.com\/?p=3259\",\"name\":\"Prezidentin medalla t\u0259ltif etdiyi k\u0259nd icra n\u00fcmay\u0259nd\u0259miz... - Z\u0259rdab.com\",\"isPartOf\":{\"@id\":\"https:\/\/www.zerdab.com\/#website\"},\"primaryImageOfPage\":{\"@id\":\"https:\/\/www.zerdab.com\/?p=3259#primaryimage\"},\"image\":{\"@id\":\"https:\/\/www.zerdab.com\/?p=3259#primaryimage\"},\"thumbnailUrl\":\"http:\/\/www.zerdab.com\/wp-content\/uploads\/2012\/07\/Poct1-350x240.jpg\",\"datePublished\":\"2012-07-11T05:04:26+00:00\",\"dateModified\":\"2012-07-11T05:09:46+00:00\",\"author\":{\"@id\":\"https:\/\/www.zerdab.com\/#\/schema\/person\/97079b7570c1e89ec0d9e138c3672136\"},\"breadcrumb\":{\"@id\":\"https:\/\/www.zerdab.com\/?p=3259#breadcrumb\"},\"inLanguage\":\"az\",\"potentialAction\":[{\"@type\":\"ReadAction\",\"target\":[\"https:\/\/www.zerdab.com\/?p=3259\"]}]},{\"@type\":\"ImageObject\",\"inLanguage\":\"az\",\"@id\":\"https:\/\/www.zerdab.com\/?p=3259#primaryimage\",\"url\":\"\",\"contentUrl\":\"\"},{\"@type\":\"BreadcrumbList\",\"@id\":\"https:\/\/www.zerdab.com\/?p=3259#breadcrumb\",\"itemListElement\":[{\"@type\":\"ListItem\",\"position\":1,\"name\":\"Home\",\"item\":\"https:\/\/www.zerdab.com\/\"},{\"@type\":\"ListItem\",\"position\":2,\"name\":\"Prezidentin medalla t\u0259ltif etdiyi k\u0259nd icra n\u00fcmay\u0259nd\u0259miz&#8230;\"}]},{\"@type\":\"WebSite\",\"@id\":\"https:\/\/www.zerdab.com\/#website\",\"url\":\"https:\/\/www.zerdab.com\/\",\"name\":\"Z\u0259rdab.com\",\"description\":\"\",\"potentialAction\":[{\"@type\":\"SearchAction\",\"target\":{\"@type\":\"EntryPoint\",\"urlTemplate\":\"https:\/\/www.zerdab.com\/?s={search_term_string}\"},\"query-input\":{\"@type\":\"PropertyValueSpecification\",\"valueRequired\":true,\"valueName\":\"search_term_string\"}}],\"inLanguage\":\"az\"},{\"@type\":\"Person\",\"@id\":\"https:\/\/www.zerdab.com\/#\/schema\/person\/97079b7570c1e89ec0d9e138c3672136\",\"name\":\"admin\",\"image\":{\"@type\":\"ImageObject\",\"inLanguage\":\"az\",\"@id\":\"https:\/\/www.zerdab.com\/#\/schema\/person\/image\/\",\"url\":\"https:\/\/secure.gravatar.com\/avatar\/d9c52a9a27c32119cb6679a077fa3e2779e5f822c451cbf01098004361d466ec?s=96&d=mm&r=g\",\"contentUrl\":\"https:\/\/secure.gravatar.com\/avatar\/d9c52a9a27c32119cb6679a077fa3e2779e5f822c451cbf01098004361d466ec?s=96&d=mm&r=g\",\"caption\":\"admin\"},\"url\":\"https:\/\/www.zerdab.com\/?author=1\"}]}<\/script>\n<!-- \/ Yoast SEO plugin. -->","yoast_head_json":{"title":"Prezidentin medalla t\u0259ltif etdiyi k\u0259nd icra n\u00fcmay\u0259nd\u0259miz... - Z\u0259rdab.com","robots":{"index":"index","follow":"follow","max-snippet":"max-snippet:-1","max-image-preview":"max-image-preview:large","max-video-preview":"max-video-preview:-1"},"canonical":"https:\/\/www.zerdab.com\/?p=3259","og_locale":"az_AZ","og_type":"article","og_title":"Prezidentin medalla t\u0259ltif etdiyi k\u0259nd icra n\u00fcmay\u0259nd\u0259miz... - Z\u0259rdab.com","og_description":"Prezident \u0130lham \u018fliyevin 22 iyun 2012-ci il tarixli s\u0259r\u0259ncam\u0131 il\u0259 Z\u0259rdab rayonunun G\u0259lm\u0259 k\u0259nd icra n\u00fcmay\u0259nd\u0259si M\u0259nafov C\u0259f\u0259r X\u0259lil o\u011flu uzun m\u00fcdd\u0259t d\u00f6vl\u0259t qullu\u011funda s\u0259m\u0259r\u0259li f\u0259aliyy\u0259t g\u00f6st\u0259rdiyin\u0259 g\u00f6r\u0259 &#8220;D\u00f6vl\u0259t qullu\u011funda f\u0259rql\u0259nm\u0259y\u0259 g\u00f6r\u0259&#8221; medal\u0131 il\u0259 t\u0259ltif olunub. C\u0259f\u0259r M\u0259nafov bu diqq\u0259tin\u0259 g\u00f6r\u0259 d\u00f6vl\u0259t ba\u015f\u00e7\u0131s\u0131na t\u0259\u015f\u0259kk\u00fcr\u00fcn\u00fc bildirib: &#8220;Bu x\u0259b\u0259ri e\u015fid\u0259nd\u0259 h\u0259m sevindik, h\u0259m d\u0259 q\u00fcrur hissi ke\u00e7irdik. [&hellip;]","og_url":"https:\/\/www.zerdab.com\/?p=3259","og_site_name":"Z\u0259rdab.com","article_published_time":"2012-07-11T05:04:26+00:00","article_modified_time":"2012-07-11T05:09:46+00:00","og_image":[{"url":"http:\/\/www.zerdab.com\/wp-content\/uploads\/2012\/07\/Poct1-350x240.jpg","type":"","width":"","height":""}],"author":"admin","twitter_card":"summary_large_image","twitter_misc":{"Written by":"admin","Est. reading time":"1 minute"},"schema":{"@context":"https:\/\/schema.org","@graph":[{"@type":"Article","@id":"https:\/\/www.zerdab.com\/?p=3259#article","isPartOf":{"@id":"https:\/\/www.zerdab.com\/?p=3259"},"author":{"name":"admin","@id":"https:\/\/www.zerdab.com\/#\/schema\/person\/97079b7570c1e89ec0d9e138c3672136"},"headline":"Prezidentin medalla t\u0259ltif etdiyi k\u0259nd icra n\u00fcmay\u0259nd\u0259miz&#8230;","datePublished":"2012-07-11T05:04:26+00:00","dateModified":"2012-07-11T05:09:46+00:00","mainEntityOfPage":{"@id":"https:\/\/www.zerdab.com\/?p=3259"},"wordCount":176,"commentCount":0,"image":{"@id":"https:\/\/www.zerdab.com\/?p=3259#primaryimage"},"thumbnailUrl":"http:\/\/www.zerdab.com\/wp-content\/uploads\/2012\/07\/Poct1-350x240.jpg","articleSection":["C\u018fM\u0130YY\u018fT"],"inLanguage":"az","potentialAction":[{"@type":"CommentAction","name":"Comment","target":["https:\/\/www.zerdab.com\/?p=3259#respond"]}]},{"@type":"WebPage","@id":"https:\/\/www.zerdab.com\/?p=3259","url":"https:\/\/www.zerdab.com\/?p=3259","name":"Prezidentin medalla t\u0259ltif etdiyi k\u0259nd icra n\u00fcmay\u0259nd\u0259miz... - Z\u0259rdab.com","isPartOf":{"@id":"https:\/\/www.zerdab.com\/#website"},"primaryImageOfPage":{"@id":"https:\/\/www.zerdab.com\/?p=3259#primaryimage"},"image":{"@id":"https:\/\/www.zerdab.com\/?p=3259#primaryimage"},"thumbnailUrl":"http:\/\/www.zerdab.com\/wp-content\/uploads\/2012\/07\/Poct1-350x240.jpg","datePublished":"2012-07-11T05:04:26+00:00","dateModified":"2012-07-11T05:09:46+00:00","author":{"@id":"https:\/\/www.zerdab.com\/#\/schema\/person\/97079b7570c1e89ec0d9e138c3672136"},"breadcrumb":{"@id":"https:\/\/www.zerdab.com\/?p=3259#breadcrumb"},"inLanguage":"az","potentialAction":[{"@type":"ReadAction","target":["https:\/\/www.zerdab.com\/?p=3259"]}]},{"@type":"ImageObject","inLanguage":"az","@id":"https:\/\/www.zerdab.com\/?p=3259#primaryimage","url":"","contentUrl":""},{"@type":"BreadcrumbList","@id":"https:\/\/www.zerdab.com\/?p=3259#breadcrumb","itemListElement":[{"@type":"ListItem","position":1,"name":"Home","item":"https:\/\/www.zerdab.com\/"},{"@type":"ListItem","position":2,"name":"Prezidentin medalla t\u0259ltif etdiyi k\u0259nd icra n\u00fcmay\u0259nd\u0259miz&#8230;"}]},{"@type":"WebSite","@id":"https:\/\/www.zerdab.com\/#website","url":"https:\/\/www.zerdab.com\/","name":"Z\u0259rdab.com","description":"","potentialAction":[{"@type":"SearchAction","target":{"@type":"EntryPoint","urlTemplate":"https:\/\/www.zerdab.com\/?s={search_term_string}"},"query-input":{"@type":"PropertyValueSpecification","valueRequired":true,"valueName":"search_term_string"}}],"inLanguage":"az"},{"@type":"Person","@id":"https:\/\/www.zerdab.com\/#\/schema\/person\/97079b7570c1e89ec0d9e138c3672136","name":"admin","image":{"@type":"ImageObject","inLanguage":"az","@id":"https:\/\/www.zerdab.com\/#\/schema\/person\/image\/","url":"https:\/\/secure.gravatar.com\/avatar\/d9c52a9a27c32119cb6679a077fa3e2779e5f822c451cbf01098004361d466ec?s=96&d=mm&r=g","contentUrl":"https:\/\/secure.gravatar.com\/avatar\/d9c52a9a27c32119cb6679a077fa3e2779e5f822c451cbf01098004361d466ec?s=96&d=mm&r=g","caption":"admin"},"url":"https:\/\/www.zerdab.com\/?author=1"}]}},"_links":{"self":[{"href":"https:\/\/www.zerdab.com\/index.php?rest_route=\/wp\/v2\/posts\/3259","targetHints":{"allow":["GET"]}}],"collection":[{"href":"https:\/\/www.zerdab.com\/index.php?rest_route=\/wp\/v2\/posts"}],"about":[{"href":"https:\/\/www.zerdab.com\/index.php?rest_route=\/wp\/v2\/types\/post"}],"author":[{"embeddable":true,"href":"https:\/\/www.zerdab.com\/index.php?rest_route=\/wp\/v2\/users\/1"}],"replies":[{"embeddable":true,"href":"https:\/\/www.zerdab.com\/index.php?rest_route=%2Fwp%2Fv2%2Fcomments&post=3259"}],"version-history":[{"count":11,"href":"https:\/\/www.zerdab.com\/index.php?rest_route=\/wp\/v2\/posts\/3259\/revisions"}],"predecessor-version":[{"id":3271,"href":"https:\/\/www.zerdab.com\/index.php?rest_route=\/wp\/v2\/posts\/3259\/revisions\/3271"}],"wp:attachment":[{"href":"https:\/\/www.zerdab.com\/index.php?rest_route=%2Fwp%2Fv2%2Fmedia&parent=3259"}],"wp:term":[{"taxonomy":"category","embeddable":true,"href":"https:\/\/www.zerdab.com\/index.php?rest_route=%2Fwp%2Fv2%2Fcategories&post=3259"},{"taxonomy":"post_tag","embeddable":true,"href":"https:\/\/www.zerdab.com\/index.php?rest_route=%2Fwp%2Fv2%2Ftags&post=3259"}],"curies":[{"name":"wp","href":"https:\/\/api.w.org\/{rel}","templated":true}]}}