{"id":3332,"date":"2012-07-13T12:06:34","date_gmt":"2012-07-13T07:06:34","guid":{"rendered":"http:\/\/www.zerdab.com\/?p=3332"},"modified":"2012-07-13T16:34:49","modified_gmt":"2012-07-13T11:34:49","slug":"h%c9%99s%c9%99n-b%c9%99y-z%c9%99rdabiy%c9%99-h%c9%99sr-olunmus-t%c9%99dbird%c9%99-kiml%c9%99r-istirak-ed%c9%99c%c9%99k","status":"publish","type":"post","link":"https:\/\/www.zerdab.com\/?p=3332","title":{"rendered":"Sabah Z\u0259rdabda t\u0259dbir var&#8230;"},"content":{"rendered":"<p><a href=\"http:\/\/www.zerdab.com\/?attachment_id=3334\" rel=\"attachment wp-att-3334\"><img loading=\"lazy\" decoding=\"async\" class=\"alignleft  wp-image-3334\" title=\"Z\u0259rdab rayonu\" src=\"http:\/\/www.zerdab.com\/wp-content\/uploads\/2012\/07\/2012-21-350x279.jpg\" alt=\"\" width=\"249\" height=\"201\" \/><\/a>Milli m\u0259tbuat\u0131n yaranmas\u0131n\u0131n 137 illiyi, h\u0259m\u00e7inin Prezident \u0130lham \u018fliyevin Az\u0259rbaycan m\u0259tbuat\u0131n\u0131n banisi H\u0259s\u0259n b\u0259y Z\u0259rdabinin anadan olmas\u0131n\u0131n 170 illiyi il\u0259 ba\u011fl\u0131 imzalad\u0131\u011f\u0131 s\u0259r\u0259ncama \u0259sas\u0259n, <strong>iyulun 14-d\u0259 Z\u0259rdab rayonunda t\u0259dbir t\u0259\u015fkil edil\u0259c\u0259k.<\/strong> H\u0259min g\u00fcn H\u0259s\u0259n b\u0259y Z\u0259rdabinin ya\u015fad\u0131\u011f\u0131 ev-muzeyin\u0259 ba\u015f \u00e7\u0259kil\u0259c\u0259k, abid\u0259sinin \u00f6n\u00fcn\u0259 \u0259kil qoyulacaq. \u018fks\u0259r q\u0259zetl\u0259rin ba\u015f redaktorlar\u0131 t\u0259dbir\u0259 d\u0259v\u0259tlidirl\u0259r. <strong>\u201cXalq C\u0259bh\u0259si<\/strong>\u201d q\u0259zetinin ba\u015f redaktoru El\u00e7in Mirz\u0259b\u0259yli bildirib ki, h\u0259min t\u0259dbir\u0259 d\u0259v\u0259tlidir v\u0259\u00a0 orada i\u015ftirak ed\u0259c\u0259k. <strong>\u201cH\u0259ft\u0259 i\u00e7i\u201d <\/strong>q\u0259zetinin ba\u015f redaktoru Sevinc Seyidova Z\u0259rdabda ke\u00e7iril\u0259c\u0259k t\u0259dbir\u0259 d\u0259v\u0259t olundu\u011funu deyib: \u201cB\u0259li, d\u0259v\u0259t alm\u0131\u015fam, amma t\u0259\u0259ss\u00fcfl\u0259r ki, s\u0259hh\u0259timl\u0259 ba\u011fl\u0131 i\u015ftirak ed\u0259 bilm\u0259y\u0259c\u0259m\u201d. <strong>\u201cKaspi\u201d<\/strong> q\u0259zetinin ba\u015f redaktoru Natiq M\u0259mm\u0259dli d\u0259 t\u0259dbir\u0259 d\u0259v\u0259tli olundu\u011funu v\u0259 eyni zamanda i\u015ftirak ed\u0259c\u0259yini d\u0259 deyib. <strong>\u201c\u0130ki Sahil\u201d<\/strong> q\u0259zetinin ba\u015f redaktoru V\u00fcqar R\u0259himzad\u0259 d\u0259 t\u0259dbir\u0259 d\u0259v\u0259tlidir. <strong>\u201c\u015e\u0259rq\u201d<\/strong> q\u0259zetinin ba\u015f redaktoru Akif A\u015f\u0131rl\u0131: \u201cM\u0259n\u00a0 h\u0259min t\u0259dbir\u0259 d\u0259v\u0259t olunmu\u015fam. Bu ay\u0131 \u201c\u018fkin\u00e7i\u201d, Z\u0259rdabi ay\u0131\u201d kimi qeyd etm\u0259k olar. Bel\u0259 t\u0259dbirl\u0259rd\u0259 i\u015ftirak etm\u0259k vacibdir v\u0259 m\u0259n d\u0259 i\u015ftirak ed\u0259c\u0259m\u201d. <strong>\u201cS\u0259s\u201d<\/strong> q\u0259zetinin redaksiyas\u0131ndan bildirilib ki, ba\u015f redaktor B\u0259hruz Quliyev t\u0259dbir\u0259 d\u0259v\u0259tli olsa da, i\u015ftirak ed\u0259 bilm\u0259y\u0259c\u0259k, \u00e7\u00fcnki ba\u015f redaktor YAP g\u0259ncl\u0259r t\u0259\u015fkilat\u0131n\u0131n O\u011fuzda ke\u00e7irdiyi t\u0259dbirl\u0259rl\u0259 ba\u011fl\u0131 haz\u0131rda O\u011fuz rayonundad\u0131r. <strong>\u201cAzadl\u0131q\u201d<\/strong> q\u0259zetinin redaktoru S\u00fcc\u0259ddin \u015e\u0259rifov q\u0259zetin ba\u015f redaktorunun t\u0259dbir\u0259 d\u0259v\u0259t olundu\u011funu qeyd edib. O bildirib ki, h\u0259min t\u0259dbird\u0259 i\u015ftirak ed\u0259c\u0259kl\u0259r. <strong>\u201cEkspress\u201d<\/strong> q\u0259zetinin redaktoru Qalib \u0130brahimo\u011flu deyib ki, q\u0259zetin ba\u015f redaktoru t\u0259dbir\u0259 d\u0259v\u0259tlidir v\u0259 t\u0259dbird\u0259 i\u015ftirak ed\u0259c\u0259k. <strong>\u201cYeni\u00a0 M\u00fcsavat\u201d<\/strong> q\u0259zetinin ba\u015f redaktorunun birinci m\u00fcavini Az\u0259r Ayxan da t\u0259dbir\u0259 d\u0259v\u0259tli olduqlar\u0131n\u0131 bildirib: \u201cQ\u0259zetimizin r\u0259hb\u0259rliyi d\u0259v\u0259t olunub, y\u0259qin ki, ba\u015f redaktor Rauf Arifo\u011flu i\u015ftirak ed\u0259c\u0259k\u201d<\/p>\n<p>&nbsp;<\/p>\n","protected":false},"excerpt":{"rendered":"<p>Milli m\u0259tbuat\u0131n yaranmas\u0131n\u0131n 137 illiyi, h\u0259m\u00e7inin Prezident \u0130lham \u018fliyevin Az\u0259rbaycan m\u0259tbuat\u0131n\u0131n banisi H\u0259s\u0259n b\u0259y Z\u0259rdabinin anadan olmas\u0131n\u0131n 170 illiyi il\u0259 ba\u011fl\u0131 imzalad\u0131\u011f\u0131 s\u0259r\u0259ncama \u0259sas\u0259n, iyulun 14-d\u0259 Z\u0259rdab rayonunda t\u0259dbir t\u0259\u015fkil edil\u0259c\u0259k. H\u0259min g\u00fcn H\u0259s\u0259n b\u0259y Z\u0259rdabinin ya\u015fad\u0131\u011f\u0131 ev-muzeyin\u0259 ba\u015f \u00e7\u0259kil\u0259c\u0259k, abid\u0259sinin \u00f6n\u00fcn\u0259 \u0259kil qoyulacaq. \u018fks\u0259r q\u0259zetl\u0259rin ba\u015f redaktorlar\u0131 t\u0259dbir\u0259 d\u0259v\u0259tlidirl\u0259r. \u201cXalq C\u0259bh\u0259si\u201d q\u0259zetinin ba\u015f redaktoru [&hellip;]<\/p>\n","protected":false},"author":1,"featured_media":0,"comment_status":"open","ping_status":"open","sticky":false,"template":"","format":"standard","meta":{"footnotes":""},"categories":[5],"tags":[],"class_list":{"0":"post-3332","1":"post","2":"type-post","3":"status-publish","4":"format-standard","6":"category-knd"},"yoast_head":"<!-- This site is optimized with the Yoast SEO plugin v27.0 - https:\/\/yoast.com\/product\/yoast-seo-wordpress\/ -->\n<title>Sabah Z\u0259rdabda t\u0259dbir var... - Z\u0259rdab.com<\/title>\n<meta name=\"robots\" content=\"index, follow, max-snippet:-1, max-image-preview:large, max-video-preview:-1\" \/>\n<link rel=\"canonical\" href=\"https:\/\/www.zerdab.com\/?p=3332\" \/>\n<meta property=\"og:locale\" content=\"az_AZ\" \/>\n<meta property=\"og:type\" content=\"article\" \/>\n<meta property=\"og:title\" content=\"Sabah Z\u0259rdabda t\u0259dbir var... - Z\u0259rdab.com\" \/>\n<meta property=\"og:description\" content=\"Milli m\u0259tbuat\u0131n yaranmas\u0131n\u0131n 137 illiyi, h\u0259m\u00e7inin Prezident \u0130lham \u018fliyevin Az\u0259rbaycan m\u0259tbuat\u0131n\u0131n banisi H\u0259s\u0259n b\u0259y Z\u0259rdabinin anadan olmas\u0131n\u0131n 170 illiyi il\u0259 ba\u011fl\u0131 imzalad\u0131\u011f\u0131 s\u0259r\u0259ncama \u0259sas\u0259n, iyulun 14-d\u0259 Z\u0259rdab rayonunda t\u0259dbir t\u0259\u015fkil edil\u0259c\u0259k. H\u0259min g\u00fcn H\u0259s\u0259n b\u0259y Z\u0259rdabinin ya\u015fad\u0131\u011f\u0131 ev-muzeyin\u0259 ba\u015f \u00e7\u0259kil\u0259c\u0259k, abid\u0259sinin \u00f6n\u00fcn\u0259 \u0259kil qoyulacaq. \u018fks\u0259r q\u0259zetl\u0259rin ba\u015f redaktorlar\u0131 t\u0259dbir\u0259 d\u0259v\u0259tlidirl\u0259r. \u201cXalq C\u0259bh\u0259si\u201d q\u0259zetinin ba\u015f redaktoru [&hellip;]\" \/>\n<meta property=\"og:url\" content=\"https:\/\/www.zerdab.com\/?p=3332\" \/>\n<meta property=\"og:site_name\" content=\"Z\u0259rdab.com\" \/>\n<meta property=\"article:published_time\" content=\"2012-07-13T07:06:34+00:00\" \/>\n<meta property=\"article:modified_time\" content=\"2012-07-13T11:34:49+00:00\" \/>\n<meta property=\"og:image\" content=\"http:\/\/www.zerdab.com\/wp-content\/uploads\/2012\/07\/2012-21-350x279.jpg\" \/>\n<meta name=\"author\" content=\"admin\" \/>\n<meta name=\"twitter:card\" content=\"summary_large_image\" \/>\n<meta name=\"twitter:label1\" content=\"Written by\" \/>\n\t<meta name=\"twitter:data1\" content=\"admin\" \/>\n\t<meta name=\"twitter:label2\" content=\"Est. reading time\" \/>\n\t<meta name=\"twitter:data2\" content=\"2 minutes\" \/>\n<script type=\"application\/ld+json\" class=\"yoast-schema-graph\">{\"@context\":\"https:\/\/schema.org\",\"@graph\":[{\"@type\":\"Article\",\"@id\":\"https:\/\/www.zerdab.com\/?p=3332#article\",\"isPartOf\":{\"@id\":\"https:\/\/www.zerdab.com\/?p=3332\"},\"author\":{\"name\":\"admin\",\"@id\":\"https:\/\/www.zerdab.com\/#\/schema\/person\/97079b7570c1e89ec0d9e138c3672136\"},\"headline\":\"Sabah Z\u0259rdabda t\u0259dbir var&#8230;\",\"datePublished\":\"2012-07-13T07:06:34+00:00\",\"dateModified\":\"2012-07-13T11:34:49+00:00\",\"mainEntityOfPage\":{\"@id\":\"https:\/\/www.zerdab.com\/?p=3332\"},\"wordCount\":426,\"commentCount\":0,\"image\":{\"@id\":\"https:\/\/www.zerdab.com\/?p=3332#primaryimage\"},\"thumbnailUrl\":\"http:\/\/www.zerdab.com\/wp-content\/uploads\/2012\/07\/2012-21-350x279.jpg\",\"articleSection\":[\"X\u018fB\u018fRL\u018fR\"],\"inLanguage\":\"az\",\"potentialAction\":[{\"@type\":\"CommentAction\",\"name\":\"Comment\",\"target\":[\"https:\/\/www.zerdab.com\/?p=3332#respond\"]}]},{\"@type\":\"WebPage\",\"@id\":\"https:\/\/www.zerdab.com\/?p=3332\",\"url\":\"https:\/\/www.zerdab.com\/?p=3332\",\"name\":\"Sabah Z\u0259rdabda t\u0259dbir var... - Z\u0259rdab.com\",\"isPartOf\":{\"@id\":\"https:\/\/www.zerdab.com\/#website\"},\"primaryImageOfPage\":{\"@id\":\"https:\/\/www.zerdab.com\/?p=3332#primaryimage\"},\"image\":{\"@id\":\"https:\/\/www.zerdab.com\/?p=3332#primaryimage\"},\"thumbnailUrl\":\"http:\/\/www.zerdab.com\/wp-content\/uploads\/2012\/07\/2012-21-350x279.jpg\",\"datePublished\":\"2012-07-13T07:06:34+00:00\",\"dateModified\":\"2012-07-13T11:34:49+00:00\",\"author\":{\"@id\":\"https:\/\/www.zerdab.com\/#\/schema\/person\/97079b7570c1e89ec0d9e138c3672136\"},\"breadcrumb\":{\"@id\":\"https:\/\/www.zerdab.com\/?p=3332#breadcrumb\"},\"inLanguage\":\"az\",\"potentialAction\":[{\"@type\":\"ReadAction\",\"target\":[\"https:\/\/www.zerdab.com\/?p=3332\"]}]},{\"@type\":\"ImageObject\",\"inLanguage\":\"az\",\"@id\":\"https:\/\/www.zerdab.com\/?p=3332#primaryimage\",\"url\":\"\",\"contentUrl\":\"\"},{\"@type\":\"BreadcrumbList\",\"@id\":\"https:\/\/www.zerdab.com\/?p=3332#breadcrumb\",\"itemListElement\":[{\"@type\":\"ListItem\",\"position\":1,\"name\":\"Home\",\"item\":\"https:\/\/www.zerdab.com\/\"},{\"@type\":\"ListItem\",\"position\":2,\"name\":\"Sabah Z\u0259rdabda t\u0259dbir var&#8230;\"}]},{\"@type\":\"WebSite\",\"@id\":\"https:\/\/www.zerdab.com\/#website\",\"url\":\"https:\/\/www.zerdab.com\/\",\"name\":\"Z\u0259rdab.com\",\"description\":\"\",\"potentialAction\":[{\"@type\":\"SearchAction\",\"target\":{\"@type\":\"EntryPoint\",\"urlTemplate\":\"https:\/\/www.zerdab.com\/?s={search_term_string}\"},\"query-input\":{\"@type\":\"PropertyValueSpecification\",\"valueRequired\":true,\"valueName\":\"search_term_string\"}}],\"inLanguage\":\"az\"},{\"@type\":\"Person\",\"@id\":\"https:\/\/www.zerdab.com\/#\/schema\/person\/97079b7570c1e89ec0d9e138c3672136\",\"name\":\"admin\",\"image\":{\"@type\":\"ImageObject\",\"inLanguage\":\"az\",\"@id\":\"https:\/\/www.zerdab.com\/#\/schema\/person\/image\/\",\"url\":\"https:\/\/secure.gravatar.com\/avatar\/d9c52a9a27c32119cb6679a077fa3e2779e5f822c451cbf01098004361d466ec?s=96&d=mm&r=g\",\"contentUrl\":\"https:\/\/secure.gravatar.com\/avatar\/d9c52a9a27c32119cb6679a077fa3e2779e5f822c451cbf01098004361d466ec?s=96&d=mm&r=g\",\"caption\":\"admin\"},\"url\":\"https:\/\/www.zerdab.com\/?author=1\"}]}<\/script>\n<!-- \/ Yoast SEO plugin. -->","yoast_head_json":{"title":"Sabah Z\u0259rdabda t\u0259dbir var... - Z\u0259rdab.com","robots":{"index":"index","follow":"follow","max-snippet":"max-snippet:-1","max-image-preview":"max-image-preview:large","max-video-preview":"max-video-preview:-1"},"canonical":"https:\/\/www.zerdab.com\/?p=3332","og_locale":"az_AZ","og_type":"article","og_title":"Sabah Z\u0259rdabda t\u0259dbir var... - Z\u0259rdab.com","og_description":"Milli m\u0259tbuat\u0131n yaranmas\u0131n\u0131n 137 illiyi, h\u0259m\u00e7inin Prezident \u0130lham \u018fliyevin Az\u0259rbaycan m\u0259tbuat\u0131n\u0131n banisi H\u0259s\u0259n b\u0259y Z\u0259rdabinin anadan olmas\u0131n\u0131n 170 illiyi il\u0259 ba\u011fl\u0131 imzalad\u0131\u011f\u0131 s\u0259r\u0259ncama \u0259sas\u0259n, iyulun 14-d\u0259 Z\u0259rdab rayonunda t\u0259dbir t\u0259\u015fkil edil\u0259c\u0259k. H\u0259min g\u00fcn H\u0259s\u0259n b\u0259y Z\u0259rdabinin ya\u015fad\u0131\u011f\u0131 ev-muzeyin\u0259 ba\u015f \u00e7\u0259kil\u0259c\u0259k, abid\u0259sinin \u00f6n\u00fcn\u0259 \u0259kil qoyulacaq. \u018fks\u0259r q\u0259zetl\u0259rin ba\u015f redaktorlar\u0131 t\u0259dbir\u0259 d\u0259v\u0259tlidirl\u0259r. \u201cXalq C\u0259bh\u0259si\u201d q\u0259zetinin ba\u015f redaktoru [&hellip;]","og_url":"https:\/\/www.zerdab.com\/?p=3332","og_site_name":"Z\u0259rdab.com","article_published_time":"2012-07-13T07:06:34+00:00","article_modified_time":"2012-07-13T11:34:49+00:00","og_image":[{"url":"http:\/\/www.zerdab.com\/wp-content\/uploads\/2012\/07\/2012-21-350x279.jpg","type":"","width":"","height":""}],"author":"admin","twitter_card":"summary_large_image","twitter_misc":{"Written by":"admin","Est. reading time":"2 minutes"},"schema":{"@context":"https:\/\/schema.org","@graph":[{"@type":"Article","@id":"https:\/\/www.zerdab.com\/?p=3332#article","isPartOf":{"@id":"https:\/\/www.zerdab.com\/?p=3332"},"author":{"name":"admin","@id":"https:\/\/www.zerdab.com\/#\/schema\/person\/97079b7570c1e89ec0d9e138c3672136"},"headline":"Sabah Z\u0259rdabda t\u0259dbir var&#8230;","datePublished":"2012-07-13T07:06:34+00:00","dateModified":"2012-07-13T11:34:49+00:00","mainEntityOfPage":{"@id":"https:\/\/www.zerdab.com\/?p=3332"},"wordCount":426,"commentCount":0,"image":{"@id":"https:\/\/www.zerdab.com\/?p=3332#primaryimage"},"thumbnailUrl":"http:\/\/www.zerdab.com\/wp-content\/uploads\/2012\/07\/2012-21-350x279.jpg","articleSection":["X\u018fB\u018fRL\u018fR"],"inLanguage":"az","potentialAction":[{"@type":"CommentAction","name":"Comment","target":["https:\/\/www.zerdab.com\/?p=3332#respond"]}]},{"@type":"WebPage","@id":"https:\/\/www.zerdab.com\/?p=3332","url":"https:\/\/www.zerdab.com\/?p=3332","name":"Sabah Z\u0259rdabda t\u0259dbir var... - Z\u0259rdab.com","isPartOf":{"@id":"https:\/\/www.zerdab.com\/#website"},"primaryImageOfPage":{"@id":"https:\/\/www.zerdab.com\/?p=3332#primaryimage"},"image":{"@id":"https:\/\/www.zerdab.com\/?p=3332#primaryimage"},"thumbnailUrl":"http:\/\/www.zerdab.com\/wp-content\/uploads\/2012\/07\/2012-21-350x279.jpg","datePublished":"2012-07-13T07:06:34+00:00","dateModified":"2012-07-13T11:34:49+00:00","author":{"@id":"https:\/\/www.zerdab.com\/#\/schema\/person\/97079b7570c1e89ec0d9e138c3672136"},"breadcrumb":{"@id":"https:\/\/www.zerdab.com\/?p=3332#breadcrumb"},"inLanguage":"az","potentialAction":[{"@type":"ReadAction","target":["https:\/\/www.zerdab.com\/?p=3332"]}]},{"@type":"ImageObject","inLanguage":"az","@id":"https:\/\/www.zerdab.com\/?p=3332#primaryimage","url":"","contentUrl":""},{"@type":"BreadcrumbList","@id":"https:\/\/www.zerdab.com\/?p=3332#breadcrumb","itemListElement":[{"@type":"ListItem","position":1,"name":"Home","item":"https:\/\/www.zerdab.com\/"},{"@type":"ListItem","position":2,"name":"Sabah Z\u0259rdabda t\u0259dbir var&#8230;"}]},{"@type":"WebSite","@id":"https:\/\/www.zerdab.com\/#website","url":"https:\/\/www.zerdab.com\/","name":"Z\u0259rdab.com","description":"","potentialAction":[{"@type":"SearchAction","target":{"@type":"EntryPoint","urlTemplate":"https:\/\/www.zerdab.com\/?s={search_term_string}"},"query-input":{"@type":"PropertyValueSpecification","valueRequired":true,"valueName":"search_term_string"}}],"inLanguage":"az"},{"@type":"Person","@id":"https:\/\/www.zerdab.com\/#\/schema\/person\/97079b7570c1e89ec0d9e138c3672136","name":"admin","image":{"@type":"ImageObject","inLanguage":"az","@id":"https:\/\/www.zerdab.com\/#\/schema\/person\/image\/","url":"https:\/\/secure.gravatar.com\/avatar\/d9c52a9a27c32119cb6679a077fa3e2779e5f822c451cbf01098004361d466ec?s=96&d=mm&r=g","contentUrl":"https:\/\/secure.gravatar.com\/avatar\/d9c52a9a27c32119cb6679a077fa3e2779e5f822c451cbf01098004361d466ec?s=96&d=mm&r=g","caption":"admin"},"url":"https:\/\/www.zerdab.com\/?author=1"}]}},"_links":{"self":[{"href":"https:\/\/www.zerdab.com\/index.php?rest_route=\/wp\/v2\/posts\/3332","targetHints":{"allow":["GET"]}}],"collection":[{"href":"https:\/\/www.zerdab.com\/index.php?rest_route=\/wp\/v2\/posts"}],"about":[{"href":"https:\/\/www.zerdab.com\/index.php?rest_route=\/wp\/v2\/types\/post"}],"author":[{"embeddable":true,"href":"https:\/\/www.zerdab.com\/index.php?rest_route=\/wp\/v2\/users\/1"}],"replies":[{"embeddable":true,"href":"https:\/\/www.zerdab.com\/index.php?rest_route=%2Fwp%2Fv2%2Fcomments&post=3332"}],"version-history":[{"count":7,"href":"https:\/\/www.zerdab.com\/index.php?rest_route=\/wp\/v2\/posts\/3332\/revisions"}],"predecessor-version":[{"id":3341,"href":"https:\/\/www.zerdab.com\/index.php?rest_route=\/wp\/v2\/posts\/3332\/revisions\/3341"}],"wp:attachment":[{"href":"https:\/\/www.zerdab.com\/index.php?rest_route=%2Fwp%2Fv2%2Fmedia&parent=3332"}],"wp:term":[{"taxonomy":"category","embeddable":true,"href":"https:\/\/www.zerdab.com\/index.php?rest_route=%2Fwp%2Fv2%2Fcategories&post=3332"},{"taxonomy":"post_tag","embeddable":true,"href":"https:\/\/www.zerdab.com\/index.php?rest_route=%2Fwp%2Fv2%2Ftags&post=3332"}],"curies":[{"name":"wp","href":"https:\/\/api.w.org\/{rel}","templated":true}]}}