{"id":3347,"date":"2012-07-13T18:12:34","date_gmt":"2012-07-13T13:12:34","guid":{"rendered":"http:\/\/www.zerdab.com\/?p=3347"},"modified":"2012-07-13T18:12:34","modified_gmt":"2012-07-13T13:12:34","slug":"jal%c9%99-%c9%99liyeva-buna-doz%c9%99-bilm%c9%99rik","status":"publish","type":"post","link":"https:\/\/www.zerdab.com\/?p=3347","title":{"rendered":"Jal\u0259 \u018fliyeva: &#8220;Buna d\u00f6z\u0259 bilm\u0259rik\u201d"},"content":{"rendered":"<p><a href=\"http:\/\/www.zerdab.com\/?attachment_id=3348\" rel=\"attachment wp-att-3348\"><img loading=\"lazy\" decoding=\"async\" class=\"alignleft  wp-image-3348\" title=\"Jal\u0259 \u018fliyeva\" src=\"http:\/\/www.zerdab.com\/wp-content\/uploads\/2012\/07\/Jale_Eliyeva_sia_az2-350x262.jpg\" alt=\"\" width=\"214\" height=\"162\" \/><\/a>Mill\u0259t v\u0259kili, MM-in M\u0259d\u0259niyy\u0259t komit\u0259sinin \u00fczv\u00fc, filologiya elml\u0259ri doktoru <strong>Jal\u0259 \u018fliyeva<\/strong> Az\u0259rbaycan Milli Elml\u0259r Akademiyas\u0131 Folklor \u0130nstitutunun \u00e7ap etdiyi \u201cAz\u0259rbaycan Folkloru K\u00fclliyyat\u0131\u201dn\u0131n VI cildind\u0259, \u201cNa\u011f\u0131llar\u201d kitab\u0131nda yer alan \u201cArzuolunmaz k\u00fcr\u0259k\u0259n\u201d l\u0259tif\u0259sin\u0259 m\u00fcnasib\u0259t bildirib. Oxucular \u00fc\u00e7\u00fcn daha ayd\u0131n olsun dey\u0259, qeyd ed\u0259k ki, na\u011f\u0131l b\u00f6lg\u0259l\u0259rd\u0259n birinin l\u0259hc\u0259si il\u0259 verilib v\u0259 qeyri-etik s\u00f6zl\u0259rd\u0259n ibar\u0259tdir. Mill\u0259t v\u0259kili qeyd edib ki, bu add\u0131ma, h\u0259r\u0259k\u0259t\u0259 qiym\u0259t verm\u0259y\u0259 s\u00f6z bel\u0259 tapm\u0131r:\u00a0 \u201cHe\u00e7 \u00f6z\u00fcm d\u0259 bilmir\u0259m ki, buna n\u0259 deyim? Buna ax\u0131, n\u0259 dey\u0259s\u0259n?\u00a0 Ax\u0131, biz b\u00f6y\u00fckl\u0259r h\u0259r zaman\u00a0 a\u011f\u0131zdolusu u\u015faqlar\u0131m\u0131z\u0131n, \u00f6vladlar\u0131m\u0131z\u0131n milli ruhda, \u0259xlaql\u0131, t\u0259rbiy\u0259li, v\u0259t\u0259np\u0259rv\u0259r, savadl\u0131 n\u0259sil kimi b\u00f6y\u00fcm\u0259sini arzulay\u0131r\u0131q v\u0259 h\u0259r yerd\u0259 d\u0259 bunu deyirik. \u0130ndi sual olunur ki, biz m\u0259g\u0259r bu c\u00fcr \u201cs\u0259n\u0259t n\u00fcmun\u0259si\u201d il\u0259 u\u015faqlar\u0131m\u0131z\u0131 b\u00f6y\u00fcd\u00fcr, t\u0259rbiy\u0259 edir v\u0259 sabaha haz\u0131rlay\u0131r\u0131q? Ax\u0131, bu i\u015f\u0259 qol qoyan adamlar bunu d\u00fc\u015f\u00fcnm\u00fcrl\u0259r, daha do\u011frusu, d\u00fc\u015f\u00fcnm\u0259yibl\u0259r, g\u00f6r\u0259s\u0259n? Ax\u0131, nec\u0259 ola bil\u0259r ki, onlar bel\u0259 bir h\u0259r\u0259k\u0259t\u0259, i\u015f\u0259 a\u00e7\u0131q-a\u015fkar g\u00f6z yuma bilibl\u0259r? Ax\u0131, buna n\u0259 ad verm\u0259k olar? Biz\u0259 milli ruhda, v\u0259t\u0259np\u0259rv\u0259rlik ruhunda olan \u0259s\u0259rl\u0259r laz\u0131md\u0131r, yoxsa, \u0259xlaqs\u0131zl\u0131\u011f\u0131, t\u0259rbiy\u0259sizliyi, insanlar\u0131n, regionlar\u0131n a\u015fa\u011f\u0131lanmas\u0131n\u0131 t\u0259lqin ed\u0259n \u201c\u0259s\u0259rl\u0259r\u201d? Yax\u015f\u0131 olard\u0131 ki, buna ilk n\u00f6vb\u0259d\u0259 h\u0259min\u00a0 cavabdehlik da\u015f\u0131yan \u015f\u0259xsl\u0259r \u00f6zl\u0259ri cavab versinl\u0259r, ver\u0259ydil\u0259r v\u0259 m\u0259sl\u0259y\u0259 ayd\u0131nl\u0131q g\u0259tirsinl\u0259r, g\u0259tir\u0259ydil\u0259r&#8230; Bununla bel\u0259, hesab edir\u0259m ki, tezlikl\u0259 bu m\u0259s\u0259l\u0259 ara\u015fd\u0131r\u0131lmal\u0131 v\u0259 ciddi \u00f6l\u00e7\u00fc g\u00f6t\u00fcr\u00fclm\u0259lidir. Biz sabah\u0131m\u0131z, g\u0259l\u0259c\u0259yimiz olan \u00f6vladlar\u0131m\u0131z\u0131n, u\u015faqlar\u0131m\u0131z\u0131n bu \u015f\u0259kild\u0259 korlanmas\u0131na he\u00e7 c\u00fcr raz\u0131 ola v\u0259 buna d\u00f6z\u0259 bilm\u0259rik\u201d.<\/p>\n","protected":false},"excerpt":{"rendered":"<p>Mill\u0259t v\u0259kili, MM-in M\u0259d\u0259niyy\u0259t komit\u0259sinin \u00fczv\u00fc, filologiya elml\u0259ri doktoru Jal\u0259 \u018fliyeva Az\u0259rbaycan Milli Elml\u0259r Akademiyas\u0131 Folklor \u0130nstitutunun \u00e7ap etdiyi \u201cAz\u0259rbaycan Folkloru K\u00fclliyyat\u0131\u201dn\u0131n VI cildind\u0259, \u201cNa\u011f\u0131llar\u201d kitab\u0131nda yer alan \u201cArzuolunmaz k\u00fcr\u0259k\u0259n\u201d l\u0259tif\u0259sin\u0259 m\u00fcnasib\u0259t bildirib. Oxucular \u00fc\u00e7\u00fcn daha ayd\u0131n olsun dey\u0259, qeyd ed\u0259k ki, na\u011f\u0131l b\u00f6lg\u0259l\u0259rd\u0259n birinin l\u0259hc\u0259si il\u0259 verilib v\u0259 qeyri-etik s\u00f6zl\u0259rd\u0259n ibar\u0259tdir. Mill\u0259t v\u0259kili qeyd [&hellip;]<\/p>\n","protected":false},"author":1,"featured_media":0,"comment_status":"open","ping_status":"open","sticky":false,"template":"","format":"standard","meta":{"footnotes":""},"categories":[21],"tags":[],"class_list":{"0":"post-3347","1":"post","2":"type-post","3":"status-publish","4":"format-standard","6":"category-zrdab"},"yoast_head":"<!-- This site is optimized with the Yoast SEO plugin v27.0 - https:\/\/yoast.com\/product\/yoast-seo-wordpress\/ -->\n<title>Jal\u0259 \u018fliyeva: &quot;Buna d\u00f6z\u0259 bilm\u0259rik\u201d - Z\u0259rdab.com<\/title>\n<meta name=\"robots\" content=\"index, follow, max-snippet:-1, max-image-preview:large, max-video-preview:-1\" \/>\n<link rel=\"canonical\" href=\"https:\/\/www.zerdab.com\/?p=3347\" \/>\n<meta property=\"og:locale\" content=\"az_AZ\" \/>\n<meta property=\"og:type\" content=\"article\" \/>\n<meta property=\"og:title\" content=\"Jal\u0259 \u018fliyeva: &quot;Buna d\u00f6z\u0259 bilm\u0259rik\u201d - Z\u0259rdab.com\" \/>\n<meta property=\"og:description\" content=\"Mill\u0259t v\u0259kili, MM-in M\u0259d\u0259niyy\u0259t komit\u0259sinin \u00fczv\u00fc, filologiya elml\u0259ri doktoru Jal\u0259 \u018fliyeva Az\u0259rbaycan Milli Elml\u0259r Akademiyas\u0131 Folklor \u0130nstitutunun \u00e7ap etdiyi \u201cAz\u0259rbaycan Folkloru K\u00fclliyyat\u0131\u201dn\u0131n VI cildind\u0259, \u201cNa\u011f\u0131llar\u201d kitab\u0131nda yer alan \u201cArzuolunmaz k\u00fcr\u0259k\u0259n\u201d l\u0259tif\u0259sin\u0259 m\u00fcnasib\u0259t bildirib. Oxucular \u00fc\u00e7\u00fcn daha ayd\u0131n olsun dey\u0259, qeyd ed\u0259k ki, na\u011f\u0131l b\u00f6lg\u0259l\u0259rd\u0259n birinin l\u0259hc\u0259si il\u0259 verilib v\u0259 qeyri-etik s\u00f6zl\u0259rd\u0259n ibar\u0259tdir. Mill\u0259t v\u0259kili qeyd [&hellip;]\" \/>\n<meta property=\"og:url\" content=\"https:\/\/www.zerdab.com\/?p=3347\" \/>\n<meta property=\"og:site_name\" content=\"Z\u0259rdab.com\" \/>\n<meta property=\"article:published_time\" content=\"2012-07-13T13:12:34+00:00\" \/>\n<meta property=\"og:image\" content=\"http:\/\/www.zerdab.com\/wp-content\/uploads\/2012\/07\/Jale_Eliyeva_sia_az2-350x262.jpg\" \/>\n<meta name=\"author\" content=\"admin\" \/>\n<meta name=\"twitter:card\" content=\"summary_large_image\" \/>\n<meta name=\"twitter:label1\" content=\"Written by\" \/>\n\t<meta name=\"twitter:data1\" content=\"admin\" \/>\n\t<meta name=\"twitter:label2\" content=\"Est. reading time\" \/>\n\t<meta name=\"twitter:data2\" content=\"2 minutes\" \/>\n<script type=\"application\/ld+json\" class=\"yoast-schema-graph\">{\"@context\":\"https:\/\/schema.org\",\"@graph\":[{\"@type\":\"Article\",\"@id\":\"https:\/\/www.zerdab.com\/?p=3347#article\",\"isPartOf\":{\"@id\":\"https:\/\/www.zerdab.com\/?p=3347\"},\"author\":{\"name\":\"admin\",\"@id\":\"https:\/\/www.zerdab.com\/#\/schema\/person\/97079b7570c1e89ec0d9e138c3672136\"},\"headline\":\"Jal\u0259 \u018fliyeva: &#8220;Buna d\u00f6z\u0259 bilm\u0259rik\u201d\",\"datePublished\":\"2012-07-13T13:12:34+00:00\",\"mainEntityOfPage\":{\"@id\":\"https:\/\/www.zerdab.com\/?p=3347\"},\"wordCount\":398,\"commentCount\":1,\"image\":{\"@id\":\"https:\/\/www.zerdab.com\/?p=3347#primaryimage\"},\"thumbnailUrl\":\"http:\/\/www.zerdab.com\/wp-content\/uploads\/2012\/07\/Jale_Eliyeva_sia_az2-350x262.jpg\",\"articleSection\":[\"C\u018fM\u0130YY\u018fT\"],\"inLanguage\":\"az\",\"potentialAction\":[{\"@type\":\"CommentAction\",\"name\":\"Comment\",\"target\":[\"https:\/\/www.zerdab.com\/?p=3347#respond\"]}]},{\"@type\":\"WebPage\",\"@id\":\"https:\/\/www.zerdab.com\/?p=3347\",\"url\":\"https:\/\/www.zerdab.com\/?p=3347\",\"name\":\"Jal\u0259 \u018fliyeva: \\\"Buna d\u00f6z\u0259 bilm\u0259rik\u201d - Z\u0259rdab.com\",\"isPartOf\":{\"@id\":\"https:\/\/www.zerdab.com\/#website\"},\"primaryImageOfPage\":{\"@id\":\"https:\/\/www.zerdab.com\/?p=3347#primaryimage\"},\"image\":{\"@id\":\"https:\/\/www.zerdab.com\/?p=3347#primaryimage\"},\"thumbnailUrl\":\"http:\/\/www.zerdab.com\/wp-content\/uploads\/2012\/07\/Jale_Eliyeva_sia_az2-350x262.jpg\",\"datePublished\":\"2012-07-13T13:12:34+00:00\",\"author\":{\"@id\":\"https:\/\/www.zerdab.com\/#\/schema\/person\/97079b7570c1e89ec0d9e138c3672136\"},\"breadcrumb\":{\"@id\":\"https:\/\/www.zerdab.com\/?p=3347#breadcrumb\"},\"inLanguage\":\"az\",\"potentialAction\":[{\"@type\":\"ReadAction\",\"target\":[\"https:\/\/www.zerdab.com\/?p=3347\"]}]},{\"@type\":\"ImageObject\",\"inLanguage\":\"az\",\"@id\":\"https:\/\/www.zerdab.com\/?p=3347#primaryimage\",\"url\":\"\",\"contentUrl\":\"\"},{\"@type\":\"BreadcrumbList\",\"@id\":\"https:\/\/www.zerdab.com\/?p=3347#breadcrumb\",\"itemListElement\":[{\"@type\":\"ListItem\",\"position\":1,\"name\":\"Home\",\"item\":\"https:\/\/www.zerdab.com\/\"},{\"@type\":\"ListItem\",\"position\":2,\"name\":\"Jal\u0259 \u018fliyeva: &#8220;Buna d\u00f6z\u0259 bilm\u0259rik\u201d\"}]},{\"@type\":\"WebSite\",\"@id\":\"https:\/\/www.zerdab.com\/#website\",\"url\":\"https:\/\/www.zerdab.com\/\",\"name\":\"Z\u0259rdab.com\",\"description\":\"\",\"potentialAction\":[{\"@type\":\"SearchAction\",\"target\":{\"@type\":\"EntryPoint\",\"urlTemplate\":\"https:\/\/www.zerdab.com\/?s={search_term_string}\"},\"query-input\":{\"@type\":\"PropertyValueSpecification\",\"valueRequired\":true,\"valueName\":\"search_term_string\"}}],\"inLanguage\":\"az\"},{\"@type\":\"Person\",\"@id\":\"https:\/\/www.zerdab.com\/#\/schema\/person\/97079b7570c1e89ec0d9e138c3672136\",\"name\":\"admin\",\"image\":{\"@type\":\"ImageObject\",\"inLanguage\":\"az\",\"@id\":\"https:\/\/www.zerdab.com\/#\/schema\/person\/image\/\",\"url\":\"https:\/\/secure.gravatar.com\/avatar\/d9c52a9a27c32119cb6679a077fa3e2779e5f822c451cbf01098004361d466ec?s=96&d=mm&r=g\",\"contentUrl\":\"https:\/\/secure.gravatar.com\/avatar\/d9c52a9a27c32119cb6679a077fa3e2779e5f822c451cbf01098004361d466ec?s=96&d=mm&r=g\",\"caption\":\"admin\"},\"url\":\"https:\/\/www.zerdab.com\/?author=1\"}]}<\/script>\n<!-- \/ Yoast SEO plugin. -->","yoast_head_json":{"title":"Jal\u0259 \u018fliyeva: \"Buna d\u00f6z\u0259 bilm\u0259rik\u201d - Z\u0259rdab.com","robots":{"index":"index","follow":"follow","max-snippet":"max-snippet:-1","max-image-preview":"max-image-preview:large","max-video-preview":"max-video-preview:-1"},"canonical":"https:\/\/www.zerdab.com\/?p=3347","og_locale":"az_AZ","og_type":"article","og_title":"Jal\u0259 \u018fliyeva: \"Buna d\u00f6z\u0259 bilm\u0259rik\u201d - Z\u0259rdab.com","og_description":"Mill\u0259t v\u0259kili, MM-in M\u0259d\u0259niyy\u0259t komit\u0259sinin \u00fczv\u00fc, filologiya elml\u0259ri doktoru Jal\u0259 \u018fliyeva Az\u0259rbaycan Milli Elml\u0259r Akademiyas\u0131 Folklor \u0130nstitutunun \u00e7ap etdiyi \u201cAz\u0259rbaycan Folkloru K\u00fclliyyat\u0131\u201dn\u0131n VI cildind\u0259, \u201cNa\u011f\u0131llar\u201d kitab\u0131nda yer alan \u201cArzuolunmaz k\u00fcr\u0259k\u0259n\u201d l\u0259tif\u0259sin\u0259 m\u00fcnasib\u0259t bildirib. Oxucular \u00fc\u00e7\u00fcn daha ayd\u0131n olsun dey\u0259, qeyd ed\u0259k ki, na\u011f\u0131l b\u00f6lg\u0259l\u0259rd\u0259n birinin l\u0259hc\u0259si il\u0259 verilib v\u0259 qeyri-etik s\u00f6zl\u0259rd\u0259n ibar\u0259tdir. Mill\u0259t v\u0259kili qeyd [&hellip;]","og_url":"https:\/\/www.zerdab.com\/?p=3347","og_site_name":"Z\u0259rdab.com","article_published_time":"2012-07-13T13:12:34+00:00","og_image":[{"url":"http:\/\/www.zerdab.com\/wp-content\/uploads\/2012\/07\/Jale_Eliyeva_sia_az2-350x262.jpg","type":"","width":"","height":""}],"author":"admin","twitter_card":"summary_large_image","twitter_misc":{"Written by":"admin","Est. reading time":"2 minutes"},"schema":{"@context":"https:\/\/schema.org","@graph":[{"@type":"Article","@id":"https:\/\/www.zerdab.com\/?p=3347#article","isPartOf":{"@id":"https:\/\/www.zerdab.com\/?p=3347"},"author":{"name":"admin","@id":"https:\/\/www.zerdab.com\/#\/schema\/person\/97079b7570c1e89ec0d9e138c3672136"},"headline":"Jal\u0259 \u018fliyeva: &#8220;Buna d\u00f6z\u0259 bilm\u0259rik\u201d","datePublished":"2012-07-13T13:12:34+00:00","mainEntityOfPage":{"@id":"https:\/\/www.zerdab.com\/?p=3347"},"wordCount":398,"commentCount":1,"image":{"@id":"https:\/\/www.zerdab.com\/?p=3347#primaryimage"},"thumbnailUrl":"http:\/\/www.zerdab.com\/wp-content\/uploads\/2012\/07\/Jale_Eliyeva_sia_az2-350x262.jpg","articleSection":["C\u018fM\u0130YY\u018fT"],"inLanguage":"az","potentialAction":[{"@type":"CommentAction","name":"Comment","target":["https:\/\/www.zerdab.com\/?p=3347#respond"]}]},{"@type":"WebPage","@id":"https:\/\/www.zerdab.com\/?p=3347","url":"https:\/\/www.zerdab.com\/?p=3347","name":"Jal\u0259 \u018fliyeva: \"Buna d\u00f6z\u0259 bilm\u0259rik\u201d - Z\u0259rdab.com","isPartOf":{"@id":"https:\/\/www.zerdab.com\/#website"},"primaryImageOfPage":{"@id":"https:\/\/www.zerdab.com\/?p=3347#primaryimage"},"image":{"@id":"https:\/\/www.zerdab.com\/?p=3347#primaryimage"},"thumbnailUrl":"http:\/\/www.zerdab.com\/wp-content\/uploads\/2012\/07\/Jale_Eliyeva_sia_az2-350x262.jpg","datePublished":"2012-07-13T13:12:34+00:00","author":{"@id":"https:\/\/www.zerdab.com\/#\/schema\/person\/97079b7570c1e89ec0d9e138c3672136"},"breadcrumb":{"@id":"https:\/\/www.zerdab.com\/?p=3347#breadcrumb"},"inLanguage":"az","potentialAction":[{"@type":"ReadAction","target":["https:\/\/www.zerdab.com\/?p=3347"]}]},{"@type":"ImageObject","inLanguage":"az","@id":"https:\/\/www.zerdab.com\/?p=3347#primaryimage","url":"","contentUrl":""},{"@type":"BreadcrumbList","@id":"https:\/\/www.zerdab.com\/?p=3347#breadcrumb","itemListElement":[{"@type":"ListItem","position":1,"name":"Home","item":"https:\/\/www.zerdab.com\/"},{"@type":"ListItem","position":2,"name":"Jal\u0259 \u018fliyeva: &#8220;Buna d\u00f6z\u0259 bilm\u0259rik\u201d"}]},{"@type":"WebSite","@id":"https:\/\/www.zerdab.com\/#website","url":"https:\/\/www.zerdab.com\/","name":"Z\u0259rdab.com","description":"","potentialAction":[{"@type":"SearchAction","target":{"@type":"EntryPoint","urlTemplate":"https:\/\/www.zerdab.com\/?s={search_term_string}"},"query-input":{"@type":"PropertyValueSpecification","valueRequired":true,"valueName":"search_term_string"}}],"inLanguage":"az"},{"@type":"Person","@id":"https:\/\/www.zerdab.com\/#\/schema\/person\/97079b7570c1e89ec0d9e138c3672136","name":"admin","image":{"@type":"ImageObject","inLanguage":"az","@id":"https:\/\/www.zerdab.com\/#\/schema\/person\/image\/","url":"https:\/\/secure.gravatar.com\/avatar\/d9c52a9a27c32119cb6679a077fa3e2779e5f822c451cbf01098004361d466ec?s=96&d=mm&r=g","contentUrl":"https:\/\/secure.gravatar.com\/avatar\/d9c52a9a27c32119cb6679a077fa3e2779e5f822c451cbf01098004361d466ec?s=96&d=mm&r=g","caption":"admin"},"url":"https:\/\/www.zerdab.com\/?author=1"}]}},"_links":{"self":[{"href":"https:\/\/www.zerdab.com\/index.php?rest_route=\/wp\/v2\/posts\/3347","targetHints":{"allow":["GET"]}}],"collection":[{"href":"https:\/\/www.zerdab.com\/index.php?rest_route=\/wp\/v2\/posts"}],"about":[{"href":"https:\/\/www.zerdab.com\/index.php?rest_route=\/wp\/v2\/types\/post"}],"author":[{"embeddable":true,"href":"https:\/\/www.zerdab.com\/index.php?rest_route=\/wp\/v2\/users\/1"}],"replies":[{"embeddable":true,"href":"https:\/\/www.zerdab.com\/index.php?rest_route=%2Fwp%2Fv2%2Fcomments&post=3347"}],"version-history":[{"count":3,"href":"https:\/\/www.zerdab.com\/index.php?rest_route=\/wp\/v2\/posts\/3347\/revisions"}],"predecessor-version":[{"id":3351,"href":"https:\/\/www.zerdab.com\/index.php?rest_route=\/wp\/v2\/posts\/3347\/revisions\/3351"}],"wp:attachment":[{"href":"https:\/\/www.zerdab.com\/index.php?rest_route=%2Fwp%2Fv2%2Fmedia&parent=3347"}],"wp:term":[{"taxonomy":"category","embeddable":true,"href":"https:\/\/www.zerdab.com\/index.php?rest_route=%2Fwp%2Fv2%2Fcategories&post=3347"},{"taxonomy":"post_tag","embeddable":true,"href":"https:\/\/www.zerdab.com\/index.php?rest_route=%2Fwp%2Fv2%2Ftags&post=3347"}],"curies":[{"name":"wp","href":"https:\/\/api.w.org\/{rel}","templated":true}]}}