{"id":3372,"date":"2012-07-14T00:04:34","date_gmt":"2012-07-13T19:04:34","guid":{"rendered":"http:\/\/www.zerdab.com\/?p=3372"},"modified":"2016-08-26T22:59:49","modified_gmt":"2016-08-26T18:59:49","slug":"h%c9%99s%c9%99n-b%c9%99y-z%c9%99rdabinin-h%c9%99yat-v%c9%99-yaradiciligi-il%c9%99-bagli-%c9%99n-z%c9%99ngin-m%c9%99nb%c9%99-www-zerdab-com-sayti-olacaq","status":"publish","type":"post","link":"https:\/\/www.zerdab.com\/?p=3372","title":{"rendered":"&#8220;Bu sayt H\u0259s\u0259n b\u0259y Z\u0259rdabi il\u0259 ba\u011fl\u0131 \u0259n z\u0259ngin m\u0259nb\u0259 olacaq&#8221;"},"content":{"rendered":"<p><strong><a href=\"http:\/\/www.zerdab.com\/h%c9%99s%c9%99n-b%c9%99y-z%c9%99rdabinin-h%c9%99yat-v%c9%99-yaradiciligi-il%c9%99-bagli-%c9%99n-z%c9%99ngin-m%c9%99nb%c9%99-www-zerdab-com-sayti-olacaq\/sayt-2\/\" rel=\"attachment wp-att-3376\"><img loading=\"lazy\" decoding=\"async\" class=\"alignleft wp-image-3376\" title=\"Z\u0259rdab rayonu\" src=\"http:\/\/www.zerdab.com\/wp-content\/uploads\/2012\/07\/sayt1-350x190.jpg\" alt=\"\" width=\"255\" height=\"204\" \/><\/a>&#8220;M\u0259nim \u0259n b\u00f6y\u00fck arzum odur ki, H\u0259s\u0259n b\u0259y Z\u0259rdabi il\u0259 ba\u011fl\u0131 he\u00e7 bir yaz\u0131 sayt\u0131m\u0131zdan k\u0259narda qalmas\u0131n&#8221;<\/strong><\/p>\n<p><strong>Jurnalist, www.zerdab.com sayt\u0131n\u0131n t\u0259sis\u00e7isi Nicat \u0130smay\u0131lovla m\u00fcsahib\u0259.<\/strong><\/p>\n<p><strong>&#8211; Prezident \u0130lham \u018fliyevin s\u0259r\u0259ncam\u0131 il\u0259 nasir, maarif\u00e7i, filosof, etnoqraf, t\u0259bi\u0259t\u015f\u00fcnas H\u0259s\u0259n b\u0259y Z\u0259rdabinin 170 illik yubileyi ke\u00e7iril\u0259c\u0259k. Bu s\u0259r\u0259ncam jurnalist olaraq sizd\u0259 hans\u0131 hisl\u0259r do\u011furdu?<\/strong><\/p>\n<p>&#8211; XIX \u0259srd\u0259 ya\u015fay\u0131b-yaratm\u0131\u015f ziyal\u0131lar\u0131m\u0131z s\u0131ras\u0131nda x\u00fcsusi yeri olan, Az\u0259rbaycan\u0131n m\u0259d\u0259ni ictimai fikir tarixin\u0259 b\u00f6y\u00fck t\u00f6hf\u0259l\u0259r vermi\u015f, h\u0259yat\u0131n\u0131, yarad\u0131c\u0131l\u0131q f\u0259aliyy\u0259tini xalq\u0131n\u0131n inki\u015faf\u0131na, z\u0259nginl\u0259\u015fm\u0259sin\u0259, insanlar\u0131m\u0131z\u0131n elm\u0259, t\u0259hsil\u0259 c\u0259lb olunmas\u0131na s\u0259rf etmi\u015f H\u0259s\u0259n b\u0259y Z\u0259rdabinin yubileyinin ke\u00e7irilm\u0259si ilk n\u00f6vb\u0259d\u0259, bir v\u0259t\u0259nda\u015f olaraq m\u0259ni \u00e7ox sevindirir. XIX \u0259srd\u0259 ictimai fikrin maarif\u00e7i-demokratik ideyalarla z\u0259nginl\u0259\u015fm\u0259sind\u0259 Z\u0259rdabinin \u00e7ox b\u00f6y\u00fck xidm\u0259tl\u0259ri olub. Ana dilimizd\u0259 &#8220;\u018fkin\u00e7i&#8221; adl\u0131 q\u0259zet n\u0259\u015fr etdirm\u0259kl\u0259 milli m\u0259tbuat\u0131m\u0131z\u0131n \u0259sas\u0131n\u0131 qoymu\u015f bu g\u00f6rk\u0259mli m\u00fct\u0259f\u0259kkirin xidm\u0259tl\u0259ri h\u0259r zaman say\u011f\u0131 v\u0259 h\u00f6rm\u0259tl\u0259 xat\u0131rlan\u0131r. S\u0259r\u0259ncamla \u0259laq\u0259dar bir s\u0131ra m\u00fch\u00fcm t\u0259dbirl\u0259r ke\u00e7irilir v\u0259 ke\u00e7iril\u0259c\u0259k. Bu t\u0259dbirl\u0259rd\u0259 H\u0259s\u0259n b\u0259y Z\u0259rdabinin h\u0259yat v\u0259 yarad\u0131c\u0131l\u0131\u011f\u0131 il\u0259 ba\u011fl\u0131 ist\u0259r b\u0259lli, ist\u0259rs\u0259 d\u0259, bu g\u00fcn\u0259 q\u0259d\u0259r qaranl\u0131q qalm\u0131\u015f m\u0259qamlara ayd\u0131nl\u0131q g\u0259tiril\u0259c\u0259k. Yeri g\u0259lmi\u015fk\u0259n, bu g\u00fcn bel\u0259 bir fikir var ki, H\u0259s\u0259n b\u0259y Z\u0259rdabi v\u0259 onun do\u011fmalar\u0131 il\u0259 ba\u011fl\u0131 h\u0259r \u015fey b\u0259llidir. \u018fslind\u0259 is\u0259 qaranl\u0131q qalan bir \u00e7ox m\u0259qamlar var. Bunlardan biri d\u0259 H\u0259s\u0259n b\u0259y Z\u0259rdabinin do\u011fmalar\u0131n\u0131n m\u0259zarlar\u0131n\u0131n harada olmas\u0131d\u0131r. Qeyd edim ki, bu g\u00fcnl\u0259rd\u0259 <strong>www.zerdab.com<\/strong> sayt\u0131nda bununla ba\u011fl\u0131 h\u0259r k\u0259sin mara\u011f\u0131na s\u0259b\u0259b olacaq bir m\u0259qal\u0259 yay\u0131mlanacaq.<\/p>\n<p><strong>&#8211; Haz\u0131rda \u00f6lk\u0259miz &#8220;H\u0259s\u0259n b\u0259y Z\u0259rdabi g\u00fcnl\u0259ri&#8221;n\u0259 q\u0259d\u0259m qoyub des\u0259k yan\u0131lmar\u0131q. Son g\u00fcnl\u0259r www.zerdab.com sayt\u0131nda yay\u0131mlanan yaz\u0131lar\u0131n \u00e7oxu da bu m\u00f6vzudad\u0131r. Bu bar\u0259d\u0259 n\u0259 dey\u0259rdiniz?<\/strong><\/p>\n<p>&#8211; www.zerdab.com sayt\u0131 H\u0259s\u0259n b\u0259y Z\u0259rdabinin h\u0259yat v\u0259 yarad\u0131c\u0131l\u0131\u011f\u0131 il\u0259 ba\u011fl\u0131 yaz\u0131lara h\u0259r zaman b\u00f6y\u00fck \u00f6n\u0259m verib v\u0259 bu g\u00fcn d\u0259 verm\u0259kd\u0259dir. T\u0259bii ki, yubiley \u0259r\u0259f\u0259sind\u0259 yaz\u0131lar\u0131n bir q\u0259d\u0259r artmas\u0131 normald\u0131r. \u00c7\u00fcnki oxucular\u0131m\u0131z bu m\u00f6vzulara h\u0259r zaman b\u00f6y\u00fck \u00f6n\u0259m verirl\u0259r. M\u0259nim \u0259n b\u00f6y\u00fck arzum odur ki, hans\u0131 q\u0259zetd\u0259, hans\u0131 saytda yay\u0131mlanmas\u0131ndan as\u0131l\u0131 olmayaraq, H\u0259s\u0259n b\u0259y Z\u0259rdabi il\u0259 ba\u011fl\u0131 he\u00e7 bir yaz\u0131 sayt\u0131m\u0131zdan k\u0259narda qalmas\u0131n. \u0130st\u0259r biz\u0259 g\u00f6nd\u0259rilsin, ist\u0259r g\u00f6nd\u0259rilm\u0259sin &#8211; h\u0259r bir yaz\u0131n\u0131 www.zerdab.com sayt\u0131nda yerl\u0259\u015fdirm\u0259k fikrimiz var. Z\u0259rdabi il\u0259 ba\u011fl\u0131 h\u0259r bir yaz\u0131, h\u0259r bir maraql\u0131 m\u0259lumat, h\u0259r bir fakt <strong>www.zerdab.com<\/strong>-da olmal\u0131d\u0131r.<\/p>\n<p><strong>&#8211; Bu g\u00fcnl\u0259rd\u0259 H\u0259s\u0259n b\u0259y Z\u0259rdabinin yax\u0131nlar\u0131 il\u0259 ba\u011fl\u0131 m\u0259tbuatda do\u011fru olmayan m\u0259lumatlar yay\u0131ld\u0131. Amma \u00e7oxlar\u0131n\u0131n g\u00f6zl\u0259diyind\u0259n f\u0259rqli olaraq siz bu m\u00f6vzunun \u00fcz\u0259rind\u0259n s\u00fckutla ke\u00e7diniz&#8230;<\/strong><\/p>\n<p>&#8211; M\u0259n el\u0259 dem\u0259zdim. Bildiyiniz kimi, www.zerdab.com sayt\u0131n\u0131n &#8220;facebook&#8221;da qrupu var v\u0259 h\u0259min qrupun \u00fczvl\u0259rinin say\u0131 400-d\u0259n art\u0131qd\u0131r. Biz ba\u015fqa bir media orqan\u0131nda yay\u0131mlanan h\u0259min yaz\u0131n\u0131 s\u00f6z\u00fcged\u0259n qrupumuzda yay\u0131mlad\u0131q v\u0259 oxucular\u0131n m\u00fczakir\u0259sin\u0259 buraxd\u0131q. Yeri g\u0259lmi\u015fk\u0259n, bir m\u0259qama toxunmaq ist\u0259rdim: h\u0259min media orqan\u0131 m\u0259qal\u0259ni haz\u0131rlayark\u0259n &#8220;\u018fkin\u00e7i&#8221; q\u0259zeti il\u0259 ba\u011fl\u0131 sayt\u0131m\u0131zdak\u0131 bir \u00e7ox maraql\u0131 m\u0259lumatlara istinad el\u0259mi\u015fdi. Buna g\u00f6r\u0259, t\u0259\u015f\u0259kk\u00fcr\u00fcm\u00fcz\u00fc bildiririk. Hesab edir\u0259m ki, bu bizim \u00fc\u00e7\u00fcn yet\u0259r. \u018fg\u0259r biz bu i\u015fd\u0259 m\u00fcsb\u0259t m\u0259nada hans\u0131sa rol oynad\u0131qsa, n\u0259 xo\u015f biz\u0259. Bayaqk\u0131 fikrimi bir q\u0259d\u0259r d\u0259 d\u0259qiql\u0259\u015fdirir\u0259m: g\u00fcn g\u0259l\u0259c\u0259k ist\u0259r Z\u0259rdab rayonu, ist\u0259r Z\u0259rdab rayonunun tarixi, ist\u0259r Z\u0259rdab\u0131n yeti\u015fdirdiyi ziyal\u0131lar, ist\u0259rs\u0259 d\u0259, H\u0259s\u0259n b\u0259y Z\u0259rdabi il\u0259 ba\u011fl\u0131 b\u00fct\u00fcn m\u0259lumatlar\u0131n vahid v\u0259 yegan\u0259 m\u0259nb\u0259yi <strong>www.zerdab.com<\/strong> sayt\u0131 olacaq.<\/p>\n<p><strong><a href=\"http:\/\/www.zerdab.com\/h%c9%99s%c9%99n-b%c9%99y-z%c9%99rdabinin-h%c9%99yat-v%c9%99-yaradiciligi-il%c9%99-bagli-%c9%99n-z%c9%99ngin-m%c9%99nb%c9%99-www-zerdab-com-sayti-olacaq\/herr\/\" rel=\"attachment wp-att-3378\"><img loading=\"lazy\" decoding=\"async\" class=\"alignleft wp-image-3378\" title=\"H\u0259s\u0259n b\u0259y Z\u0259rdabi\" src=\"http:\/\/www.zerdab.com\/wp-content\/uploads\/2012\/07\/herr-350x192.jpg\" alt=\"\" width=\"285\" height=\"161\" \/><\/a>&#8211; Nicat b\u0259y, H\u0259s\u0259n b\u0259y Z\u0259rdabi il\u0259 ba\u011fl\u0131 h\u0259r hans\u0131 qohumluq \u0259laq\u0259niz varm\u0131?<\/strong><\/p>\n<p>&#8211; T\u0259\u0259ss\u00fcf ki, yoxdur. Olsayd\u0131, buna g\u00f6r\u0259 \u00e7ox sevin\u0259rdim, q\u00fcrur hissi ke\u00e7ir\u0259rdim. M\u0259nim \u0259n b\u00f6y\u00fck arzum odur ki, Z\u0259rdabinin qohumu olub-olmamas\u0131ndan as\u0131l\u0131 olmayaraq, h\u0259r bir h\u0259myerlimiz onun ad\u0131n\u0131 uca tutsun, onun ad\u0131na layiq olsun. <strong>www.zerdab.com<\/strong> sayt\u0131 olaraq biz d\u0259 h\u0259r zaman buna \u00e7al\u0131\u015faca\u011f\u0131q. Sayt\u0131m\u0131z 2011-ci ilin dekabr ay\u0131nda t\u0259sis olunub v\u0259 2012-ci ilin yanvar ay\u0131ndan f\u0259aliyy\u0259t\u0259 ba\u015flay\u0131b. Sayt\u0131m\u0131z Az\u0259rbaycan milli m\u0259tbuat\u0131n\u0131n banisi, g\u00f6rk\u0259mli ictimai xadim, b\u00f6y\u00fck maarifp\u0259rv\u0259r, tan\u0131nm\u0131\u015f publisist, pedaqoq v\u0259 t\u0259bi\u0259t\u015f\u00fcnas alim H\u0259s\u0259n b\u0259y S\u0259lim b\u0259y o\u011flu Z\u0259rdabinin (M\u0259likovun) do\u011fuldu\u011fu b\u00f6lg\u0259ni &#8211; Z\u0259rdab rayonunu t\u0259msil edir v\u0259 bu \u00e7ox m\u0259suliyy\u0259tli bir i\u015fdir. H\u0259s\u0259n b\u0259y Z\u0259rdabi Az\u0259rbaycan milli m\u0259tbuat\u0131n\u0131n banisidir, biz d\u0259 onun davam\u00e7\u0131lar\u0131 olaraq Az\u0259rbaycanda yeniliy\u0259 imza atm\u0131\u015f\u0131q. Bel\u0259 ki, Az\u0259rbaycanda rayonlar\u0131 t\u0259msil ed\u0259n sayt olsa da, onlar\u0131n \u00e7oxu aktiv v\u0259 pe\u015f\u0259kar f\u0259aliyy\u0259t g\u00f6st\u0259rmir. <strong>www.zerdab.com<\/strong> sayt\u0131 Az\u0259rbaycanda ilk pe\u015f\u0259kar region, rayon, b\u00f6lg\u0259 sayt\u0131d\u0131r. B\u00f6lg\u0259 sayt\u0131 olaraq bu sah\u0259y\u0259 g\u0259tirdiyimiz yenilik ondan ibar\u0259tdir ki, \u00f6z profilimiz\u0259 uy\u011fun olaraq h\u0259r g\u00fcn yeni m\u0259lumatlarla, x\u0259b\u0259rl\u0259rl\u0259 oxucular\u0131n g\u00f6r\u00fc\u015f\u00fcn\u0259 g\u0259lirik. Az\u0259rbaycanda bu c\u00fcr aktiv v\u0259 pe\u015f\u0259kar f\u0259aliyy\u0259t g\u00f6st\u0259r\u0259n ilk region sayt\u0131 a\u00e7ma\u011f\u0131m\u0131z H\u0259s\u0259n b\u0259y Z\u0259rdabinin ruhuna t\u00f6hf\u0259 hesab olunursa, bu bizi \u00e7ox sevindirir.<\/p>\n<p><strong>M\u00fcsahib\u0259ni haz\u0131rlad\u0131: Sevinc Vaqifq\u0131z\u0131, www.zerdab.com<\/strong><\/p>\n","protected":false},"excerpt":{"rendered":"<p>&#8220;M\u0259nim \u0259n b\u00f6y\u00fck arzum odur ki, H\u0259s\u0259n b\u0259y Z\u0259rdabi il\u0259 ba\u011fl\u0131 he\u00e7 bir yaz\u0131 sayt\u0131m\u0131zdan k\u0259narda qalmas\u0131n&#8221; Jurnalist, www.zerdab.com sayt\u0131n\u0131n t\u0259sis\u00e7isi Nicat \u0130smay\u0131lovla m\u00fcsahib\u0259. &#8211; Prezident \u0130lham \u018fliyevin s\u0259r\u0259ncam\u0131 il\u0259 nasir, maarif\u00e7i, filosof, etnoqraf, t\u0259bi\u0259t\u015f\u00fcnas H\u0259s\u0259n b\u0259y Z\u0259rdabinin 170 illik yubileyi ke\u00e7iril\u0259c\u0259k. Bu s\u0259r\u0259ncam jurnalist olaraq sizd\u0259 hans\u0131 hisl\u0259r do\u011furdu? &#8211; XIX \u0259srd\u0259 ya\u015fay\u0131b-yaratm\u0131\u015f ziyal\u0131lar\u0131m\u0131z [&hellip;]<\/p>\n","protected":false},"author":1,"featured_media":0,"comment_status":"open","ping_status":"open","sticky":false,"template":"","format":"standard","meta":{"footnotes":""},"categories":[5],"tags":[],"class_list":{"0":"post-3372","1":"post","2":"type-post","3":"status-publish","4":"format-standard","6":"category-knd"},"yoast_head":"<!-- This site is optimized with the Yoast SEO plugin v27.0 - https:\/\/yoast.com\/product\/yoast-seo-wordpress\/ -->\n<title>&quot;Bu sayt H\u0259s\u0259n b\u0259y Z\u0259rdabi il\u0259 ba\u011fl\u0131 \u0259n z\u0259ngin m\u0259nb\u0259 olacaq&quot; - Z\u0259rdab.com<\/title>\n<meta name=\"robots\" content=\"index, follow, max-snippet:-1, max-image-preview:large, max-video-preview:-1\" \/>\n<link rel=\"canonical\" href=\"https:\/\/www.zerdab.com\/?p=3372\" \/>\n<meta property=\"og:locale\" content=\"az_AZ\" \/>\n<meta property=\"og:type\" content=\"article\" \/>\n<meta property=\"og:title\" content=\"&quot;Bu sayt H\u0259s\u0259n b\u0259y Z\u0259rdabi il\u0259 ba\u011fl\u0131 \u0259n z\u0259ngin m\u0259nb\u0259 olacaq&quot; - Z\u0259rdab.com\" \/>\n<meta property=\"og:description\" content=\"&#8220;M\u0259nim \u0259n b\u00f6y\u00fck arzum odur ki, H\u0259s\u0259n b\u0259y Z\u0259rdabi il\u0259 ba\u011fl\u0131 he\u00e7 bir yaz\u0131 sayt\u0131m\u0131zdan k\u0259narda qalmas\u0131n&#8221; Jurnalist, www.zerdab.com sayt\u0131n\u0131n t\u0259sis\u00e7isi Nicat \u0130smay\u0131lovla m\u00fcsahib\u0259. &#8211; Prezident \u0130lham \u018fliyevin s\u0259r\u0259ncam\u0131 il\u0259 nasir, maarif\u00e7i, filosof, etnoqraf, t\u0259bi\u0259t\u015f\u00fcnas H\u0259s\u0259n b\u0259y Z\u0259rdabinin 170 illik yubileyi ke\u00e7iril\u0259c\u0259k. Bu s\u0259r\u0259ncam jurnalist olaraq sizd\u0259 hans\u0131 hisl\u0259r do\u011furdu? &#8211; XIX \u0259srd\u0259 ya\u015fay\u0131b-yaratm\u0131\u015f ziyal\u0131lar\u0131m\u0131z [&hellip;]\" \/>\n<meta property=\"og:url\" content=\"https:\/\/www.zerdab.com\/?p=3372\" \/>\n<meta property=\"og:site_name\" content=\"Z\u0259rdab.com\" \/>\n<meta property=\"article:published_time\" content=\"2012-07-13T19:04:34+00:00\" \/>\n<meta property=\"article:modified_time\" content=\"2016-08-26T18:59:49+00:00\" \/>\n<meta property=\"og:image\" content=\"http:\/\/www.zerdab.com\/wp-content\/uploads\/2012\/07\/sayt1-350x190.jpg\" \/>\n<meta name=\"author\" content=\"admin\" \/>\n<meta name=\"twitter:card\" content=\"summary_large_image\" \/>\n<meta name=\"twitter:label1\" content=\"Written by\" \/>\n\t<meta name=\"twitter:data1\" content=\"admin\" \/>\n\t<meta name=\"twitter:label2\" content=\"Est. reading time\" \/>\n\t<meta name=\"twitter:data2\" content=\"6 minutes\" \/>\n<script type=\"application\/ld+json\" class=\"yoast-schema-graph\">{\"@context\":\"https:\/\/schema.org\",\"@graph\":[{\"@type\":\"Article\",\"@id\":\"https:\/\/www.zerdab.com\/?p=3372#article\",\"isPartOf\":{\"@id\":\"https:\/\/www.zerdab.com\/?p=3372\"},\"author\":{\"name\":\"admin\",\"@id\":\"https:\/\/www.zerdab.com\/#\/schema\/person\/97079b7570c1e89ec0d9e138c3672136\"},\"headline\":\"&#8220;Bu sayt H\u0259s\u0259n b\u0259y Z\u0259rdabi il\u0259 ba\u011fl\u0131 \u0259n z\u0259ngin m\u0259nb\u0259 olacaq&#8221;\",\"datePublished\":\"2012-07-13T19:04:34+00:00\",\"dateModified\":\"2016-08-26T18:59:49+00:00\",\"mainEntityOfPage\":{\"@id\":\"https:\/\/www.zerdab.com\/?p=3372\"},\"wordCount\":1221,\"commentCount\":0,\"image\":{\"@id\":\"https:\/\/www.zerdab.com\/?p=3372#primaryimage\"},\"thumbnailUrl\":\"http:\/\/www.zerdab.com\/wp-content\/uploads\/2012\/07\/sayt1-350x190.jpg\",\"articleSection\":[\"X\u018fB\u018fRL\u018fR\"],\"inLanguage\":\"az\",\"potentialAction\":[{\"@type\":\"CommentAction\",\"name\":\"Comment\",\"target\":[\"https:\/\/www.zerdab.com\/?p=3372#respond\"]}]},{\"@type\":\"WebPage\",\"@id\":\"https:\/\/www.zerdab.com\/?p=3372\",\"url\":\"https:\/\/www.zerdab.com\/?p=3372\",\"name\":\"\\\"Bu sayt H\u0259s\u0259n b\u0259y Z\u0259rdabi il\u0259 ba\u011fl\u0131 \u0259n z\u0259ngin m\u0259nb\u0259 olacaq\\\" - Z\u0259rdab.com\",\"isPartOf\":{\"@id\":\"https:\/\/www.zerdab.com\/#website\"},\"primaryImageOfPage\":{\"@id\":\"https:\/\/www.zerdab.com\/?p=3372#primaryimage\"},\"image\":{\"@id\":\"https:\/\/www.zerdab.com\/?p=3372#primaryimage\"},\"thumbnailUrl\":\"http:\/\/www.zerdab.com\/wp-content\/uploads\/2012\/07\/sayt1-350x190.jpg\",\"datePublished\":\"2012-07-13T19:04:34+00:00\",\"dateModified\":\"2016-08-26T18:59:49+00:00\",\"author\":{\"@id\":\"https:\/\/www.zerdab.com\/#\/schema\/person\/97079b7570c1e89ec0d9e138c3672136\"},\"breadcrumb\":{\"@id\":\"https:\/\/www.zerdab.com\/?p=3372#breadcrumb\"},\"inLanguage\":\"az\",\"potentialAction\":[{\"@type\":\"ReadAction\",\"target\":[\"https:\/\/www.zerdab.com\/?p=3372\"]}]},{\"@type\":\"ImageObject\",\"inLanguage\":\"az\",\"@id\":\"https:\/\/www.zerdab.com\/?p=3372#primaryimage\",\"url\":\"\",\"contentUrl\":\"\"},{\"@type\":\"BreadcrumbList\",\"@id\":\"https:\/\/www.zerdab.com\/?p=3372#breadcrumb\",\"itemListElement\":[{\"@type\":\"ListItem\",\"position\":1,\"name\":\"Home\",\"item\":\"https:\/\/www.zerdab.com\/\"},{\"@type\":\"ListItem\",\"position\":2,\"name\":\"&#8220;Bu sayt H\u0259s\u0259n b\u0259y Z\u0259rdabi il\u0259 ba\u011fl\u0131 \u0259n z\u0259ngin m\u0259nb\u0259 olacaq&#8221;\"}]},{\"@type\":\"WebSite\",\"@id\":\"https:\/\/www.zerdab.com\/#website\",\"url\":\"https:\/\/www.zerdab.com\/\",\"name\":\"Z\u0259rdab.com\",\"description\":\"\",\"potentialAction\":[{\"@type\":\"SearchAction\",\"target\":{\"@type\":\"EntryPoint\",\"urlTemplate\":\"https:\/\/www.zerdab.com\/?s={search_term_string}\"},\"query-input\":{\"@type\":\"PropertyValueSpecification\",\"valueRequired\":true,\"valueName\":\"search_term_string\"}}],\"inLanguage\":\"az\"},{\"@type\":\"Person\",\"@id\":\"https:\/\/www.zerdab.com\/#\/schema\/person\/97079b7570c1e89ec0d9e138c3672136\",\"name\":\"admin\",\"image\":{\"@type\":\"ImageObject\",\"inLanguage\":\"az\",\"@id\":\"https:\/\/www.zerdab.com\/#\/schema\/person\/image\/\",\"url\":\"https:\/\/secure.gravatar.com\/avatar\/d9c52a9a27c32119cb6679a077fa3e2779e5f822c451cbf01098004361d466ec?s=96&d=mm&r=g\",\"contentUrl\":\"https:\/\/secure.gravatar.com\/avatar\/d9c52a9a27c32119cb6679a077fa3e2779e5f822c451cbf01098004361d466ec?s=96&d=mm&r=g\",\"caption\":\"admin\"},\"url\":\"https:\/\/www.zerdab.com\/?author=1\"}]}<\/script>\n<!-- \/ Yoast SEO plugin. -->","yoast_head_json":{"title":"\"Bu sayt H\u0259s\u0259n b\u0259y Z\u0259rdabi il\u0259 ba\u011fl\u0131 \u0259n z\u0259ngin m\u0259nb\u0259 olacaq\" - Z\u0259rdab.com","robots":{"index":"index","follow":"follow","max-snippet":"max-snippet:-1","max-image-preview":"max-image-preview:large","max-video-preview":"max-video-preview:-1"},"canonical":"https:\/\/www.zerdab.com\/?p=3372","og_locale":"az_AZ","og_type":"article","og_title":"\"Bu sayt H\u0259s\u0259n b\u0259y Z\u0259rdabi il\u0259 ba\u011fl\u0131 \u0259n z\u0259ngin m\u0259nb\u0259 olacaq\" - Z\u0259rdab.com","og_description":"&#8220;M\u0259nim \u0259n b\u00f6y\u00fck arzum odur ki, H\u0259s\u0259n b\u0259y Z\u0259rdabi il\u0259 ba\u011fl\u0131 he\u00e7 bir yaz\u0131 sayt\u0131m\u0131zdan k\u0259narda qalmas\u0131n&#8221; Jurnalist, www.zerdab.com sayt\u0131n\u0131n t\u0259sis\u00e7isi Nicat \u0130smay\u0131lovla m\u00fcsahib\u0259. &#8211; Prezident \u0130lham \u018fliyevin s\u0259r\u0259ncam\u0131 il\u0259 nasir, maarif\u00e7i, filosof, etnoqraf, t\u0259bi\u0259t\u015f\u00fcnas H\u0259s\u0259n b\u0259y Z\u0259rdabinin 170 illik yubileyi ke\u00e7iril\u0259c\u0259k. Bu s\u0259r\u0259ncam jurnalist olaraq sizd\u0259 hans\u0131 hisl\u0259r do\u011furdu? &#8211; XIX \u0259srd\u0259 ya\u015fay\u0131b-yaratm\u0131\u015f ziyal\u0131lar\u0131m\u0131z [&hellip;]","og_url":"https:\/\/www.zerdab.com\/?p=3372","og_site_name":"Z\u0259rdab.com","article_published_time":"2012-07-13T19:04:34+00:00","article_modified_time":"2016-08-26T18:59:49+00:00","og_image":[{"url":"http:\/\/www.zerdab.com\/wp-content\/uploads\/2012\/07\/sayt1-350x190.jpg","type":"","width":"","height":""}],"author":"admin","twitter_card":"summary_large_image","twitter_misc":{"Written by":"admin","Est. reading time":"6 minutes"},"schema":{"@context":"https:\/\/schema.org","@graph":[{"@type":"Article","@id":"https:\/\/www.zerdab.com\/?p=3372#article","isPartOf":{"@id":"https:\/\/www.zerdab.com\/?p=3372"},"author":{"name":"admin","@id":"https:\/\/www.zerdab.com\/#\/schema\/person\/97079b7570c1e89ec0d9e138c3672136"},"headline":"&#8220;Bu sayt H\u0259s\u0259n b\u0259y Z\u0259rdabi il\u0259 ba\u011fl\u0131 \u0259n z\u0259ngin m\u0259nb\u0259 olacaq&#8221;","datePublished":"2012-07-13T19:04:34+00:00","dateModified":"2016-08-26T18:59:49+00:00","mainEntityOfPage":{"@id":"https:\/\/www.zerdab.com\/?p=3372"},"wordCount":1221,"commentCount":0,"image":{"@id":"https:\/\/www.zerdab.com\/?p=3372#primaryimage"},"thumbnailUrl":"http:\/\/www.zerdab.com\/wp-content\/uploads\/2012\/07\/sayt1-350x190.jpg","articleSection":["X\u018fB\u018fRL\u018fR"],"inLanguage":"az","potentialAction":[{"@type":"CommentAction","name":"Comment","target":["https:\/\/www.zerdab.com\/?p=3372#respond"]}]},{"@type":"WebPage","@id":"https:\/\/www.zerdab.com\/?p=3372","url":"https:\/\/www.zerdab.com\/?p=3372","name":"\"Bu sayt H\u0259s\u0259n b\u0259y Z\u0259rdabi il\u0259 ba\u011fl\u0131 \u0259n z\u0259ngin m\u0259nb\u0259 olacaq\" - Z\u0259rdab.com","isPartOf":{"@id":"https:\/\/www.zerdab.com\/#website"},"primaryImageOfPage":{"@id":"https:\/\/www.zerdab.com\/?p=3372#primaryimage"},"image":{"@id":"https:\/\/www.zerdab.com\/?p=3372#primaryimage"},"thumbnailUrl":"http:\/\/www.zerdab.com\/wp-content\/uploads\/2012\/07\/sayt1-350x190.jpg","datePublished":"2012-07-13T19:04:34+00:00","dateModified":"2016-08-26T18:59:49+00:00","author":{"@id":"https:\/\/www.zerdab.com\/#\/schema\/person\/97079b7570c1e89ec0d9e138c3672136"},"breadcrumb":{"@id":"https:\/\/www.zerdab.com\/?p=3372#breadcrumb"},"inLanguage":"az","potentialAction":[{"@type":"ReadAction","target":["https:\/\/www.zerdab.com\/?p=3372"]}]},{"@type":"ImageObject","inLanguage":"az","@id":"https:\/\/www.zerdab.com\/?p=3372#primaryimage","url":"","contentUrl":""},{"@type":"BreadcrumbList","@id":"https:\/\/www.zerdab.com\/?p=3372#breadcrumb","itemListElement":[{"@type":"ListItem","position":1,"name":"Home","item":"https:\/\/www.zerdab.com\/"},{"@type":"ListItem","position":2,"name":"&#8220;Bu sayt H\u0259s\u0259n b\u0259y Z\u0259rdabi il\u0259 ba\u011fl\u0131 \u0259n z\u0259ngin m\u0259nb\u0259 olacaq&#8221;"}]},{"@type":"WebSite","@id":"https:\/\/www.zerdab.com\/#website","url":"https:\/\/www.zerdab.com\/","name":"Z\u0259rdab.com","description":"","potentialAction":[{"@type":"SearchAction","target":{"@type":"EntryPoint","urlTemplate":"https:\/\/www.zerdab.com\/?s={search_term_string}"},"query-input":{"@type":"PropertyValueSpecification","valueRequired":true,"valueName":"search_term_string"}}],"inLanguage":"az"},{"@type":"Person","@id":"https:\/\/www.zerdab.com\/#\/schema\/person\/97079b7570c1e89ec0d9e138c3672136","name":"admin","image":{"@type":"ImageObject","inLanguage":"az","@id":"https:\/\/www.zerdab.com\/#\/schema\/person\/image\/","url":"https:\/\/secure.gravatar.com\/avatar\/d9c52a9a27c32119cb6679a077fa3e2779e5f822c451cbf01098004361d466ec?s=96&d=mm&r=g","contentUrl":"https:\/\/secure.gravatar.com\/avatar\/d9c52a9a27c32119cb6679a077fa3e2779e5f822c451cbf01098004361d466ec?s=96&d=mm&r=g","caption":"admin"},"url":"https:\/\/www.zerdab.com\/?author=1"}]}},"_links":{"self":[{"href":"https:\/\/www.zerdab.com\/index.php?rest_route=\/wp\/v2\/posts\/3372","targetHints":{"allow":["GET"]}}],"collection":[{"href":"https:\/\/www.zerdab.com\/index.php?rest_route=\/wp\/v2\/posts"}],"about":[{"href":"https:\/\/www.zerdab.com\/index.php?rest_route=\/wp\/v2\/types\/post"}],"author":[{"embeddable":true,"href":"https:\/\/www.zerdab.com\/index.php?rest_route=\/wp\/v2\/users\/1"}],"replies":[{"embeddable":true,"href":"https:\/\/www.zerdab.com\/index.php?rest_route=%2Fwp%2Fv2%2Fcomments&post=3372"}],"version-history":[{"count":20,"href":"https:\/\/www.zerdab.com\/index.php?rest_route=\/wp\/v2\/posts\/3372\/revisions"}],"predecessor-version":[{"id":23383,"href":"https:\/\/www.zerdab.com\/index.php?rest_route=\/wp\/v2\/posts\/3372\/revisions\/23383"}],"wp:attachment":[{"href":"https:\/\/www.zerdab.com\/index.php?rest_route=%2Fwp%2Fv2%2Fmedia&parent=3372"}],"wp:term":[{"taxonomy":"category","embeddable":true,"href":"https:\/\/www.zerdab.com\/index.php?rest_route=%2Fwp%2Fv2%2Fcategories&post=3372"},{"taxonomy":"post_tag","embeddable":true,"href":"https:\/\/www.zerdab.com\/index.php?rest_route=%2Fwp%2Fv2%2Ftags&post=3372"}],"curies":[{"name":"wp","href":"https:\/\/api.w.org\/{rel}","templated":true}]}}