{"id":3412,"date":"2012-07-14T16:01:26","date_gmt":"2012-07-14T11:01:26","guid":{"rendered":"http:\/\/www.zerdab.com\/?p=3412"},"modified":"2012-07-14T16:01:26","modified_gmt":"2012-07-14T11:01:26","slug":"h%c9%99s%c9%99n-b%c9%99y-z%c9%99rdabinin-yubileyi-doguldugu-yurdda-qeyd-olundu","status":"publish","type":"post","link":"https:\/\/www.zerdab.com\/?p=3412","title":{"rendered":"H\u0259s\u0259n b\u0259y Z\u0259rdabinin yubileyi do\u011fuldu\u011fu yurdda qeyd olundu"},"content":{"rendered":"<p><a href=\"http:\/\/www.zerdab.com\/?attachment_id=3413\" rel=\"attachment wp-att-3413\"><img loading=\"lazy\" decoding=\"async\" class=\"alignleft  wp-image-3413\" title=\"Zerdabi\" src=\"http:\/\/www.zerdab.com\/wp-content\/uploads\/2012\/07\/zerdabiiiiiii.jpg\" alt=\"\" width=\"225\" height=\"225\" \/><\/a>\u0130yulun 14-d\u0259 Z\u0259rdabda Az\u0259rbaycan milli m\u0259tbuat\u0131n\u0131n yaranmas\u0131n\u0131n 137 illiyin\u0259 h\u0259sr olunmu\u015f t\u0259dbir ke\u00e7irildi.<strong> www.zerdab.com<\/strong> sayt\u0131 x\u0259b\u0259r verir ki, t\u0259dbird\u0259 Prezident Administrasiyas\u0131n\u0131n ictimai-siyasi \u015f\u00f6b\u0259sinin r\u0259hb\u0259ri \u018fli H\u0259s\u0259nov, \u00f6lk\u0259nin tan\u0131nm\u0131\u015f jurnalistl\u0259ri v\u0259 media qurumlar\u0131na r\u0259hb\u0259rlik ed\u0259n \u015f\u0259xsl\u0259r, Milli M\u0259clisin deputatlar\u0131, rayon ictimaiyy\u0259tinin n\u00fcmay\u0259nd\u0259l\u0259ri i\u015ftirak etdil\u0259r. M\u0259rasimin i\u015ftirak\u00e7\u0131lar\u0131 \u0259vv\u0259lc\u0259 \u00fcmummilli lider Heyd\u0259r \u018fliyevin v\u0259 H\u0259s\u0259n b\u0259y Z\u0259rdabinin \u015f\u0259h\u0259rd\u0259ki abid\u0259l\u0259rini ziyar\u0259t ed\u0259r\u0259k, \u00f6n\u00fcn\u0259 g\u00fcl d\u0259st\u0259l\u0259ri qoydular.<br \/>\nMilli M\u0259tbuat\u0131m\u0131z\u0131n banisi, b\u00f6y\u00fck maarif\u00e7i alimin abid\u0259si \u00f6n\u00fcnd\u0259 \u00e7\u0131x\u0131\u015f ed\u0259n Z\u0259rdab Rayon \u0130cra Hakimiyy\u0259tinin ba\u015f\u00e7\u0131s\u0131 L\u00fctv\u0259li Babayev H\u0259s\u0259n b\u0259y Z\u0259rdabinin xalq\u0131m\u0131z\u0131n t\u0259r\u0259qqisi namin\u0259 g\u00f6rd\u00fcy\u00fc \u0259v\u0259zsiz i\u015fl\u0259rd\u0259n s\u00f6hb\u0259t a\u00e7d\u0131, \u00f6lk\u0259d\u0259 k\u00fctl\u0259vi informasiya vasit\u0259l\u0259rinin inki\u015faf\u0131na d\u00f6vl\u0259t qay\u011f\u0131s\u0131ndan dan\u0131\u015fd\u0131. X\u00fcsusi vur\u011fuland\u0131 ki, bug\u00fcnk\u00fc t\u0259dbir \u00e7ox \u0259lam\u0259tdar bir g\u00fcn\u0259 &#8211; xalq\u0131m\u0131z\u0131n \u00fcmummilli lideri Heyd\u0259r \u018fliyevin Az\u0259rbaycanda siyasi hakimiyy\u0259t\u0259 g\u0259li\u015finin 43-c\u00fc ild\u00f6n\u00fcm\u00fcn\u0259 t\u0259sad\u00fcf edir. Qeyd edildi ki, ulu \u00f6nd\u0259r 1993-c\u00fc ild\u0259 yenid\u0259n siyasi hakimiyy\u0259t\u0259 qay\u0131td\u0131qdan sonra Az\u0259rbaycanda m\u0259tbuata d\u00f6vl\u0259t qay\u011f\u0131s\u0131n\u0131n yeni m\u0259rh\u0259l\u0259si ba\u015flan\u0131b. Senzuran\u0131 l\u0259\u011fv ed\u0259n \u00fcmummilli lider m\u0259tbuata tam yarad\u0131c\u0131l\u0131q s\u0259rb\u0259stliyi verdi, jurnalistikam\u0131z\u0131n m\u00fct\u0259r\u0259qqi \u0259n\u0259n\u0259l\u0259rinin b\u0259rq\u0259rar olmas\u0131 istiqam\u0259tind\u0259 \u00e7ox d\u0259y\u0259rli i\u015fl\u0259r g\u00f6rd\u00fc. Bildirildi ki, Prezident \u0130lham \u018fliyevin son ill\u0259rd\u0259 imzalad\u0131\u011f\u0131 f\u0259rman v\u0259 s\u0259r\u0259ncamlar, q\u0259bul edilmi\u015f qanunlar h\u0259m mediam\u0131z\u0131n inki\u015faf\u0131 prosesin\u0259 d\u0259st\u0259kdir, h\u0259m d\u0259 \u00fcmumilikd\u0259 m\u0259tbuata d\u00f6vl\u0259t qay\u011f\u0131s\u0131n\u0131n yeni n\u00fcmun\u0259l\u0259ridir. Bu bax\u0131mdan Az\u0259rbaycan Prezidenti \u0130lham \u018fliyevin \u201cH\u0259s\u0259n b\u0259y Z\u0259rdabinin 170 illik yubileyinin ke\u00e7irilm\u0259si haqq\u0131nda\u201d 2012\u2013ci il 4 iyun tarixli S\u0259r\u0259ncam\u0131 z\u0259rdabl\u0131lar t\u0259r\u0259find\u0259n b\u00f6y\u00fck sevinc hissi il\u0259 qar\u015f\u0131lan\u0131b. T\u0259dbird\u0259 H\u0259s\u0259n b\u0259y Z\u0259rdabi n\u0259slinin n\u00fcmay\u0259nd\u0259l\u0259ri ad\u0131ndan \u00e7\u0131x\u0131\u015f ed\u0259n akademik B\u00f6y\u00fckki\u015fi A\u011fayev milli m\u0259tbuat\u0131m\u0131z\u0131n banisinin v\u0259 onun \u00f6vladlar\u0131n\u0131n \u00f6m\u00fcr yolu bar\u0259d\u0259 \u0259trafl\u0131 m\u0259lumat verdi. O, Z\u0259rdabi irsinin \u00f6yr\u0259nilm\u0259sin\u0259 g\u00f6st\u0259ril\u0259n diqq\u0259t v\u0259 qay\u011f\u0131ya, bu irsin y\u00fcks\u0259k tutulmas\u0131na g\u00f6r\u0259 d\u00f6vl\u0259timizin ba\u015f\u00e7\u0131s\u0131na minn\u0259tdarl\u0131\u011f\u0131n\u0131 bildirdi. Sonra t\u0259dbir i\u015ftirak\u00e7\u0131lar\u0131 H\u0259s\u0259n b\u0259y Z\u0259rdabinin ev-muzeyin\u0259 g\u0259l\u0259r\u0259k buradak\u0131 eksponatlarla tan\u0131\u015f oldular. Qonaqlara muzey haqq\u0131nda \u0259trafl\u0131 m\u0259lumat verildi. Az\u0259rbaycan Respublikas\u0131 Prezidenti Administrasiyas\u0131n\u0131n ictimai-siyasi m\u0259s\u0259l\u0259l\u0259r \u015f\u00f6b\u0259sinin m\u00fcdiri \u018fli H\u0259s\u0259nov muzeyin xatir\u0259 kitab\u0131na \u00fcr\u0259k s\u00f6zl\u0259rini yazd\u0131.\u00a0Sonra qonaqlar yubiley \u00e7\u0259r\u00e7iv\u0259sind\u0259 n\u00f6vb\u0259ti t\u0259dbiri ke\u00e7irm\u0259k \u00fc\u00e7\u00fcn G\u0259nc\u0259y\u0259 yola d\u00fc\u015fd\u00fcl\u0259r.<\/p>\n<p><strong>www.zerdab.com<\/strong><\/p>\n","protected":false},"excerpt":{"rendered":"<p>\u0130yulun 14-d\u0259 Z\u0259rdabda Az\u0259rbaycan milli m\u0259tbuat\u0131n\u0131n yaranmas\u0131n\u0131n 137 illiyin\u0259 h\u0259sr olunmu\u015f t\u0259dbir ke\u00e7irildi. www.zerdab.com sayt\u0131 x\u0259b\u0259r verir ki, t\u0259dbird\u0259 Prezident Administrasiyas\u0131n\u0131n ictimai-siyasi \u015f\u00f6b\u0259sinin r\u0259hb\u0259ri \u018fli H\u0259s\u0259nov, \u00f6lk\u0259nin tan\u0131nm\u0131\u015f jurnalistl\u0259ri v\u0259 media qurumlar\u0131na r\u0259hb\u0259rlik ed\u0259n \u015f\u0259xsl\u0259r, Milli M\u0259clisin deputatlar\u0131, rayon ictimaiyy\u0259tinin n\u00fcmay\u0259nd\u0259l\u0259ri i\u015ftirak etdil\u0259r. M\u0259rasimin i\u015ftirak\u00e7\u0131lar\u0131 \u0259vv\u0259lc\u0259 \u00fcmummilli lider Heyd\u0259r \u018fliyevin v\u0259 H\u0259s\u0259n b\u0259y Z\u0259rdabinin \u015f\u0259h\u0259rd\u0259ki [&hellip;]<\/p>\n","protected":false},"author":1,"featured_media":0,"comment_status":"open","ping_status":"open","sticky":false,"template":"","format":"standard","meta":{"footnotes":""},"categories":[20],"tags":[],"class_list":{"0":"post-3412","1":"post","2":"type-post","3":"status-publish","4":"format-standard","6":"category-kinci-zrdab-ziyali-qzet-tbitsunas"},"yoast_head":"<!-- This site is optimized with the Yoast SEO plugin v27.0 - https:\/\/yoast.com\/product\/yoast-seo-wordpress\/ -->\n<title>H\u0259s\u0259n b\u0259y Z\u0259rdabinin yubileyi do\u011fuldu\u011fu yurdda qeyd olundu - Z\u0259rdab.com<\/title>\n<meta name=\"robots\" content=\"index, follow, max-snippet:-1, max-image-preview:large, max-video-preview:-1\" \/>\n<link rel=\"canonical\" href=\"https:\/\/www.zerdab.com\/?p=3412\" \/>\n<meta property=\"og:locale\" content=\"az_AZ\" \/>\n<meta property=\"og:type\" content=\"article\" \/>\n<meta property=\"og:title\" content=\"H\u0259s\u0259n b\u0259y Z\u0259rdabinin yubileyi do\u011fuldu\u011fu yurdda qeyd olundu - Z\u0259rdab.com\" \/>\n<meta property=\"og:description\" content=\"\u0130yulun 14-d\u0259 Z\u0259rdabda Az\u0259rbaycan milli m\u0259tbuat\u0131n\u0131n yaranmas\u0131n\u0131n 137 illiyin\u0259 h\u0259sr olunmu\u015f t\u0259dbir ke\u00e7irildi. www.zerdab.com sayt\u0131 x\u0259b\u0259r verir ki, t\u0259dbird\u0259 Prezident Administrasiyas\u0131n\u0131n ictimai-siyasi \u015f\u00f6b\u0259sinin r\u0259hb\u0259ri \u018fli H\u0259s\u0259nov, \u00f6lk\u0259nin tan\u0131nm\u0131\u015f jurnalistl\u0259ri v\u0259 media qurumlar\u0131na r\u0259hb\u0259rlik ed\u0259n \u015f\u0259xsl\u0259r, Milli M\u0259clisin deputatlar\u0131, rayon ictimaiyy\u0259tinin n\u00fcmay\u0259nd\u0259l\u0259ri i\u015ftirak etdil\u0259r. M\u0259rasimin i\u015ftirak\u00e7\u0131lar\u0131 \u0259vv\u0259lc\u0259 \u00fcmummilli lider Heyd\u0259r \u018fliyevin v\u0259 H\u0259s\u0259n b\u0259y Z\u0259rdabinin \u015f\u0259h\u0259rd\u0259ki [&hellip;]\" \/>\n<meta property=\"og:url\" content=\"https:\/\/www.zerdab.com\/?p=3412\" \/>\n<meta property=\"og:site_name\" content=\"Z\u0259rdab.com\" \/>\n<meta property=\"article:published_time\" content=\"2012-07-14T11:01:26+00:00\" \/>\n<meta property=\"og:image\" content=\"http:\/\/www.zerdab.com\/wp-content\/uploads\/2012\/07\/zerdabiiiiiii.jpg\" \/>\n<meta name=\"author\" content=\"admin\" \/>\n<meta name=\"twitter:card\" content=\"summary_large_image\" \/>\n<meta name=\"twitter:label1\" content=\"Written by\" \/>\n\t<meta name=\"twitter:data1\" content=\"admin\" \/>\n\t<meta name=\"twitter:label2\" content=\"Est. reading time\" \/>\n\t<meta name=\"twitter:data2\" content=\"3 minutes\" \/>\n<script type=\"application\/ld+json\" class=\"yoast-schema-graph\">{\"@context\":\"https:\/\/schema.org\",\"@graph\":[{\"@type\":\"Article\",\"@id\":\"https:\/\/www.zerdab.com\/?p=3412#article\",\"isPartOf\":{\"@id\":\"https:\/\/www.zerdab.com\/?p=3412\"},\"author\":{\"name\":\"admin\",\"@id\":\"https:\/\/www.zerdab.com\/#\/schema\/person\/97079b7570c1e89ec0d9e138c3672136\"},\"headline\":\"H\u0259s\u0259n b\u0259y Z\u0259rdabinin yubileyi do\u011fuldu\u011fu yurdda qeyd olundu\",\"datePublished\":\"2012-07-14T11:01:26+00:00\",\"mainEntityOfPage\":{\"@id\":\"https:\/\/www.zerdab.com\/?p=3412\"},\"wordCount\":601,\"commentCount\":0,\"image\":{\"@id\":\"https:\/\/www.zerdab.com\/?p=3412#primaryimage\"},\"thumbnailUrl\":\"http:\/\/www.zerdab.com\/wp-content\/uploads\/2012\/07\/zerdabiiiiiii.jpg\",\"articleSection\":[\"H\u018fS\u018fN B\u018fY Z\u018fRDAB\u0130\"],\"inLanguage\":\"az\",\"potentialAction\":[{\"@type\":\"CommentAction\",\"name\":\"Comment\",\"target\":[\"https:\/\/www.zerdab.com\/?p=3412#respond\"]}]},{\"@type\":\"WebPage\",\"@id\":\"https:\/\/www.zerdab.com\/?p=3412\",\"url\":\"https:\/\/www.zerdab.com\/?p=3412\",\"name\":\"H\u0259s\u0259n b\u0259y Z\u0259rdabinin yubileyi do\u011fuldu\u011fu yurdda qeyd olundu - Z\u0259rdab.com\",\"isPartOf\":{\"@id\":\"https:\/\/www.zerdab.com\/#website\"},\"primaryImageOfPage\":{\"@id\":\"https:\/\/www.zerdab.com\/?p=3412#primaryimage\"},\"image\":{\"@id\":\"https:\/\/www.zerdab.com\/?p=3412#primaryimage\"},\"thumbnailUrl\":\"http:\/\/www.zerdab.com\/wp-content\/uploads\/2012\/07\/zerdabiiiiiii.jpg\",\"datePublished\":\"2012-07-14T11:01:26+00:00\",\"author\":{\"@id\":\"https:\/\/www.zerdab.com\/#\/schema\/person\/97079b7570c1e89ec0d9e138c3672136\"},\"breadcrumb\":{\"@id\":\"https:\/\/www.zerdab.com\/?p=3412#breadcrumb\"},\"inLanguage\":\"az\",\"potentialAction\":[{\"@type\":\"ReadAction\",\"target\":[\"https:\/\/www.zerdab.com\/?p=3412\"]}]},{\"@type\":\"ImageObject\",\"inLanguage\":\"az\",\"@id\":\"https:\/\/www.zerdab.com\/?p=3412#primaryimage\",\"url\":\"\",\"contentUrl\":\"\"},{\"@type\":\"BreadcrumbList\",\"@id\":\"https:\/\/www.zerdab.com\/?p=3412#breadcrumb\",\"itemListElement\":[{\"@type\":\"ListItem\",\"position\":1,\"name\":\"Home\",\"item\":\"https:\/\/www.zerdab.com\/\"},{\"@type\":\"ListItem\",\"position\":2,\"name\":\"H\u0259s\u0259n b\u0259y Z\u0259rdabinin yubileyi do\u011fuldu\u011fu yurdda qeyd olundu\"}]},{\"@type\":\"WebSite\",\"@id\":\"https:\/\/www.zerdab.com\/#website\",\"url\":\"https:\/\/www.zerdab.com\/\",\"name\":\"Z\u0259rdab.com\",\"description\":\"\",\"potentialAction\":[{\"@type\":\"SearchAction\",\"target\":{\"@type\":\"EntryPoint\",\"urlTemplate\":\"https:\/\/www.zerdab.com\/?s={search_term_string}\"},\"query-input\":{\"@type\":\"PropertyValueSpecification\",\"valueRequired\":true,\"valueName\":\"search_term_string\"}}],\"inLanguage\":\"az\"},{\"@type\":\"Person\",\"@id\":\"https:\/\/www.zerdab.com\/#\/schema\/person\/97079b7570c1e89ec0d9e138c3672136\",\"name\":\"admin\",\"image\":{\"@type\":\"ImageObject\",\"inLanguage\":\"az\",\"@id\":\"https:\/\/www.zerdab.com\/#\/schema\/person\/image\/\",\"url\":\"https:\/\/secure.gravatar.com\/avatar\/d9c52a9a27c32119cb6679a077fa3e2779e5f822c451cbf01098004361d466ec?s=96&d=mm&r=g\",\"contentUrl\":\"https:\/\/secure.gravatar.com\/avatar\/d9c52a9a27c32119cb6679a077fa3e2779e5f822c451cbf01098004361d466ec?s=96&d=mm&r=g\",\"caption\":\"admin\"},\"url\":\"https:\/\/www.zerdab.com\/?author=1\"}]}<\/script>\n<!-- \/ Yoast SEO plugin. -->","yoast_head_json":{"title":"H\u0259s\u0259n b\u0259y Z\u0259rdabinin yubileyi do\u011fuldu\u011fu yurdda qeyd olundu - Z\u0259rdab.com","robots":{"index":"index","follow":"follow","max-snippet":"max-snippet:-1","max-image-preview":"max-image-preview:large","max-video-preview":"max-video-preview:-1"},"canonical":"https:\/\/www.zerdab.com\/?p=3412","og_locale":"az_AZ","og_type":"article","og_title":"H\u0259s\u0259n b\u0259y Z\u0259rdabinin yubileyi do\u011fuldu\u011fu yurdda qeyd olundu - Z\u0259rdab.com","og_description":"\u0130yulun 14-d\u0259 Z\u0259rdabda Az\u0259rbaycan milli m\u0259tbuat\u0131n\u0131n yaranmas\u0131n\u0131n 137 illiyin\u0259 h\u0259sr olunmu\u015f t\u0259dbir ke\u00e7irildi. www.zerdab.com sayt\u0131 x\u0259b\u0259r verir ki, t\u0259dbird\u0259 Prezident Administrasiyas\u0131n\u0131n ictimai-siyasi \u015f\u00f6b\u0259sinin r\u0259hb\u0259ri \u018fli H\u0259s\u0259nov, \u00f6lk\u0259nin tan\u0131nm\u0131\u015f jurnalistl\u0259ri v\u0259 media qurumlar\u0131na r\u0259hb\u0259rlik ed\u0259n \u015f\u0259xsl\u0259r, Milli M\u0259clisin deputatlar\u0131, rayon ictimaiyy\u0259tinin n\u00fcmay\u0259nd\u0259l\u0259ri i\u015ftirak etdil\u0259r. M\u0259rasimin i\u015ftirak\u00e7\u0131lar\u0131 \u0259vv\u0259lc\u0259 \u00fcmummilli lider Heyd\u0259r \u018fliyevin v\u0259 H\u0259s\u0259n b\u0259y Z\u0259rdabinin \u015f\u0259h\u0259rd\u0259ki [&hellip;]","og_url":"https:\/\/www.zerdab.com\/?p=3412","og_site_name":"Z\u0259rdab.com","article_published_time":"2012-07-14T11:01:26+00:00","og_image":[{"url":"http:\/\/www.zerdab.com\/wp-content\/uploads\/2012\/07\/zerdabiiiiiii.jpg","type":"","width":"","height":""}],"author":"admin","twitter_card":"summary_large_image","twitter_misc":{"Written by":"admin","Est. reading time":"3 minutes"},"schema":{"@context":"https:\/\/schema.org","@graph":[{"@type":"Article","@id":"https:\/\/www.zerdab.com\/?p=3412#article","isPartOf":{"@id":"https:\/\/www.zerdab.com\/?p=3412"},"author":{"name":"admin","@id":"https:\/\/www.zerdab.com\/#\/schema\/person\/97079b7570c1e89ec0d9e138c3672136"},"headline":"H\u0259s\u0259n b\u0259y Z\u0259rdabinin yubileyi do\u011fuldu\u011fu yurdda qeyd olundu","datePublished":"2012-07-14T11:01:26+00:00","mainEntityOfPage":{"@id":"https:\/\/www.zerdab.com\/?p=3412"},"wordCount":601,"commentCount":0,"image":{"@id":"https:\/\/www.zerdab.com\/?p=3412#primaryimage"},"thumbnailUrl":"http:\/\/www.zerdab.com\/wp-content\/uploads\/2012\/07\/zerdabiiiiiii.jpg","articleSection":["H\u018fS\u018fN B\u018fY Z\u018fRDAB\u0130"],"inLanguage":"az","potentialAction":[{"@type":"CommentAction","name":"Comment","target":["https:\/\/www.zerdab.com\/?p=3412#respond"]}]},{"@type":"WebPage","@id":"https:\/\/www.zerdab.com\/?p=3412","url":"https:\/\/www.zerdab.com\/?p=3412","name":"H\u0259s\u0259n b\u0259y Z\u0259rdabinin yubileyi do\u011fuldu\u011fu yurdda qeyd olundu - Z\u0259rdab.com","isPartOf":{"@id":"https:\/\/www.zerdab.com\/#website"},"primaryImageOfPage":{"@id":"https:\/\/www.zerdab.com\/?p=3412#primaryimage"},"image":{"@id":"https:\/\/www.zerdab.com\/?p=3412#primaryimage"},"thumbnailUrl":"http:\/\/www.zerdab.com\/wp-content\/uploads\/2012\/07\/zerdabiiiiiii.jpg","datePublished":"2012-07-14T11:01:26+00:00","author":{"@id":"https:\/\/www.zerdab.com\/#\/schema\/person\/97079b7570c1e89ec0d9e138c3672136"},"breadcrumb":{"@id":"https:\/\/www.zerdab.com\/?p=3412#breadcrumb"},"inLanguage":"az","potentialAction":[{"@type":"ReadAction","target":["https:\/\/www.zerdab.com\/?p=3412"]}]},{"@type":"ImageObject","inLanguage":"az","@id":"https:\/\/www.zerdab.com\/?p=3412#primaryimage","url":"","contentUrl":""},{"@type":"BreadcrumbList","@id":"https:\/\/www.zerdab.com\/?p=3412#breadcrumb","itemListElement":[{"@type":"ListItem","position":1,"name":"Home","item":"https:\/\/www.zerdab.com\/"},{"@type":"ListItem","position":2,"name":"H\u0259s\u0259n b\u0259y Z\u0259rdabinin yubileyi do\u011fuldu\u011fu yurdda qeyd olundu"}]},{"@type":"WebSite","@id":"https:\/\/www.zerdab.com\/#website","url":"https:\/\/www.zerdab.com\/","name":"Z\u0259rdab.com","description":"","potentialAction":[{"@type":"SearchAction","target":{"@type":"EntryPoint","urlTemplate":"https:\/\/www.zerdab.com\/?s={search_term_string}"},"query-input":{"@type":"PropertyValueSpecification","valueRequired":true,"valueName":"search_term_string"}}],"inLanguage":"az"},{"@type":"Person","@id":"https:\/\/www.zerdab.com\/#\/schema\/person\/97079b7570c1e89ec0d9e138c3672136","name":"admin","image":{"@type":"ImageObject","inLanguage":"az","@id":"https:\/\/www.zerdab.com\/#\/schema\/person\/image\/","url":"https:\/\/secure.gravatar.com\/avatar\/d9c52a9a27c32119cb6679a077fa3e2779e5f822c451cbf01098004361d466ec?s=96&d=mm&r=g","contentUrl":"https:\/\/secure.gravatar.com\/avatar\/d9c52a9a27c32119cb6679a077fa3e2779e5f822c451cbf01098004361d466ec?s=96&d=mm&r=g","caption":"admin"},"url":"https:\/\/www.zerdab.com\/?author=1"}]}},"_links":{"self":[{"href":"https:\/\/www.zerdab.com\/index.php?rest_route=\/wp\/v2\/posts\/3412","targetHints":{"allow":["GET"]}}],"collection":[{"href":"https:\/\/www.zerdab.com\/index.php?rest_route=\/wp\/v2\/posts"}],"about":[{"href":"https:\/\/www.zerdab.com\/index.php?rest_route=\/wp\/v2\/types\/post"}],"author":[{"embeddable":true,"href":"https:\/\/www.zerdab.com\/index.php?rest_route=\/wp\/v2\/users\/1"}],"replies":[{"embeddable":true,"href":"https:\/\/www.zerdab.com\/index.php?rest_route=%2Fwp%2Fv2%2Fcomments&post=3412"}],"version-history":[{"count":3,"href":"https:\/\/www.zerdab.com\/index.php?rest_route=\/wp\/v2\/posts\/3412\/revisions"}],"predecessor-version":[{"id":3416,"href":"https:\/\/www.zerdab.com\/index.php?rest_route=\/wp\/v2\/posts\/3412\/revisions\/3416"}],"wp:attachment":[{"href":"https:\/\/www.zerdab.com\/index.php?rest_route=%2Fwp%2Fv2%2Fmedia&parent=3412"}],"wp:term":[{"taxonomy":"category","embeddable":true,"href":"https:\/\/www.zerdab.com\/index.php?rest_route=%2Fwp%2Fv2%2Fcategories&post=3412"},{"taxonomy":"post_tag","embeddable":true,"href":"https:\/\/www.zerdab.com\/index.php?rest_route=%2Fwp%2Fv2%2Ftags&post=3412"}],"curies":[{"name":"wp","href":"https:\/\/api.w.org\/{rel}","templated":true}]}}