{"id":3417,"date":"2012-07-14T23:13:10","date_gmt":"2012-07-14T18:13:10","guid":{"rendered":"http:\/\/www.zerdab.com\/?p=3417"},"modified":"2012-07-14T23:15:07","modified_gmt":"2012-07-14T18:15:07","slug":"%c9%99li-h%c9%99s%c9%99nov-h%c9%99s%c9%99n-b%c9%99y-z%c9%99rdabi-boyuk-az%c9%99rbaycanli-olub","status":"publish","type":"post","link":"https:\/\/www.zerdab.com\/?p=3417","title":{"rendered":"\u018fli H\u0259s\u0259nov: &#8220;H\u0259s\u0259n b\u0259y Z\u0259rdabi b\u00f6y\u00fck Az\u0259rbaycanl\u0131 olub&#8221;"},"content":{"rendered":"<div><a href=\"http:\/\/www.zerdab.com\/?attachment_id=3420\" rel=\"attachment wp-att-3420\"><img loading=\"lazy\" decoding=\"async\" class=\"alignleft size-thumbnail wp-image-3420\" title=\"\u018fli-H\u0259s\u0259nov\" src=\"http:\/\/www.zerdab.com\/wp-content\/uploads\/2012\/07\/eli-hesenov-gul1-200x200.jpg\" alt=\"\" width=\"200\" height=\"200\" \/><\/a>Az\u0259rbaycan d\u00f6vl\u0259t\u00e7iliyinin v\u0259 xalq\u0131n\u0131n formala\u015fmas\u0131nda H\u0259s\u0259n b\u0259y Z\u0259rdabinin b\u00f6y\u00fck rolu olub. Bunu Prezident Administrasiyas\u0131n\u0131n \u0130ctimai-siyasi m\u0259s\u0259l\u0259l\u0259r \u015f\u00f6b\u0259sinin m\u00fcdiri \u018fli H\u0259s\u0259nov G\u0259nc\u0259d\u0259 H\u0259s\u0259n b\u0259y Z\u0259rdabinin 170 illik yubileyin\u0259 h\u0259sr edilmi\u015f &#8220;Az\u0259rbaycan Milli M\u0259tbuat\u0131: Z\u0259rdabid\u0259n g\u00fcn\u00fcm\u00fcz\u0259&#8221; m\u00f6vzusunda ke\u00e7iril\u0259n konfransda bildirib. \u015e\u00f6b\u0259 m\u00fcdiri konfransda H\u0259s\u0259n b\u0259y Z\u0259rdabinin milli m\u0259tbuatdak\u0131 v\u0259 &#8220;\u018fkin\u00e7i&#8221; q\u0259zetinin xalq\u0131n formala\u015fmas\u0131ndak\u0131 rolundan dan\u0131\u015f\u0131b: &#8220;D\u00fc\u015f\u00fcn\u00fcr\u00fck ki, H\u0259s\u0259n b\u0259y Z\u0259rdabinin 170 illik yubileyi G\u0259nc\u0259d\u0259, eyni zamanda respublikada m\u0259tbuat\u0131n inki\u015faf\u0131na, m\u0259tbuat\u0131n \u0259n\u0259n\u0259l\u0259rinin davam etdirilm\u0259sin\u0259, milli m\u0259tbuat\u0131n bundan sonra da d\u00fcnya m\u0259tbuat\u0131n\u0131n \u0259n qabaqc\u0131l nailiyy\u0259tl\u0259rini m\u0259nims\u0259yib Az\u0259rbaycan xalq\u0131n\u0131n informasiya ehtiyac\u0131n\u0131 \u00f6d\u0259m\u0259sin\u0259 xidm\u0259t ed\u0259c\u0259k&#8221;.<br \/>\nKonfransda respublikan\u0131n tan\u0131nan m\u0259tbu orqanlar\u0131n\u0131n r\u0259hb\u0259rl\u0259ri v\u0259 icra hakimiyy\u0259ti orqanlar\u0131n\u0131n n\u00fcmay\u0259nd\u0259l\u0259ri i\u015ftirak edirl\u0259r. T\u0259dbir \u00e7\u0259r\u00e7iv\u0259sind\u0259 media m\u0259nsublar\u0131n\u0131n i\u015ftirak\u0131 il\u0259 G\u0259nc\u0259d\u0259 M\u0259tbuat Evinin t\u0259m\u0259li qoyulub. H\u0259s\u0259nov bildirib ki, M\u0259tbuat Evi G\u0259nc\u0259d\u0259 milli m\u0259tbuat\u0131n inki\u015faf\u0131na xidm\u0259t ed\u0259c\u0259k. \u018fli H\u0259s\u0259novun s\u00f6zl\u0259rin\u0259 g\u00f6r\u0259, bu t\u0259dbirin m\u0259hz G\u0259nc\u0259d\u0259 ke\u00e7irilm\u0259sinin ayr\u0131ca bir m\u0259nas\u0131 var: &#8220;Biz bu g\u00fcn m\u00fch\u00fcm bir hadis\u0259y\u0259 \u015fahidlik edirik. G\u00f6rk\u0259mli maarif\u00e7i alim, g\u00f6rk\u0259mli pedaqoq, g\u00f6rk\u0259mli az\u0259rbaycan\u015f\u00fcnas, Az\u0259rbaycan Milli M\u0259tbuat\u0131n\u0131n banisi g\u00f6rk\u0259mli ziyal\u0131 H\u0259s\u0259n b\u0259y Z\u0259rdabinin 170 illik yubileyi m\u00fcnasib\u0259ti il\u0259 G\u0259nc\u0259 \u015f\u0259h\u0259rin\u0259 topla\u015fm\u0131\u015f\u0131q. \u018flb\u0259tt\u0259 H\u0259s\u0259n b\u0259y Z\u0259rdabinin 170 illik yubleyi Az\u0259rbaycan\u0131n dig\u0259r b\u00f6lg\u0259l\u0259rind\u0259 d\u0259 ke\u00e7iril\u0259c\u0259k. Sizin i\u015ftirak\u0131n\u0131zla biz H\u0259s\u0259n b\u0259y Z\u0259rdabinin do\u011fma rayonunda onun ev muzeyini ziyar\u0259t el\u0259dik, onun heyk\u0259li \u00f6n\u00fcn\u0259 \u0259klil qoyduq. Onun v\u0259t\u0259n\u0259nind\u0259 H\u0259s\u0259n B\u0259y Z\u0259rdabinin ruhunu yad el\u0259dik. Ruhuna dua oxuduq. \u0130ndi is\u0259 G\u0259nc\u0259 \u015f\u0259h\u0259rind\u0259 onun 170 illi h\u0259yat v\u0259 f\u0259aliyy\u0259tin\u0259 h\u0259sr edilmi\u015f konfransa topla\u015fm\u0131\u015f\u0131q. \u018flb\u0259tt\u0259 G\u0259nc\u0259 \u015f\u0259h\u0259rind\u0259 topla\u015fma\u011f\u0131m\u0131z\u0131n ayr\u0131ca bir m\u0259nas\u0131 var. G\u0259nc\u0259 \u015f\u0259h\u0259ri Az\u0259rbaycan d\u00f6vl\u0259t\u00e7iliyinin t\u0259m\u0259lind\u0259 dayanan \u0259sas \u015f\u0259h\u0259rl\u0259rd\u0259n biridir v\u0259 b\u0259lk\u0259d\u0259 birincisind\u0259n birincisidir. Az\u0259rbaycan Xalq C\u00fcmhuriyy\u0259ti bu \u015f\u0259h\u0259rd\u0259 qurulub. Az\u0259rbaycan d\u00f6vl\u0259t\u00e7iliyi u\u011frunda Cavadxan\u0131n m\u00fcbariz\u0259si bu \u015f\u0259h\u0259rd\u0259n ba\u015flay\u0131b. Az\u0259rbaycan torpaqlar\u0131n\u0131n birl\u0259\u015fdirilm\u0259si h\u0259r\u0259kat\u0131 m\u0259hz bu \u015f\u0259h\u0259rd\u0259n ba\u015flay\u0131b. Bu \u015f\u0259h\u0259rin ist\u0259r v\u0259t\u0259nda\u015flar\u0131, ist\u0259rs\u0259d\u0259 b\u00fct\u00f6v o d\u00f6vrd\u0259ki v\u0259 ondan \u0259vv\u0259lki hakimiyy\u0259t strukturlar\u0131 Az\u0259rbaycan d\u00f6vl\u0259tinin t\u0259m\u0259linin m\u00f6hk\u0259ml\u0259nm\u0259sind\u0259 \u00f6z\u00fcn\u0259m\u0259xsus rolu olub. Az\u0259rbaycan milli \u015f\u0259h\u0259r n\u00fcmun\u0259si olaraq Az\u0259rbaycan milli \u015f\u0259h\u0259r simvolikalar\u0131n\u0131 ya\u015fadan bir \u015f\u0259h\u0259r olubdur. Ona g\u00f6r\u0259 \u00f6mr\u00fc boyu Az\u0259rbaycana v\u0259 az\u0259rbaycan\u00e7\u0131l\u0131\u011fa xidm\u0259t ed\u0259n bir alimin bir b\u00f6y\u00fck Az\u0259rbaycanl\u0131n\u0131n yubileyinin ilk t\u0259dbirinin G\u0259nc\u0259d\u0259 ke\u00e7irilm\u0259sinin d\u0259 \u00f6z \u0259h\u0259miyy\u0259ti var. M\u0259n hesab edir\u0259m ki, G\u0259nc\u0259 haql\u0131 olaraq bu yubiley t\u0259dbirin\u0259 ev sahiblik edir. Bizd\u0259, Az\u0259rbaycan\u0131n apar\u0131c\u0131 media orqanlar\u0131n\u0131n r\u0259hb\u0259rl\u0259ri m\u0259muniyy\u0259tl\u0259 G\u0259nc\u0259 \u015f\u0259h\u0259rind\u0259ki toplant\u0131ya g\u0259lmi\u015fik&#8221;.<br \/>\n\u018f. H\u0259s\u0259nov qeyd edib ki, az\u0259rbaycanl\u0131lar\u0131n bir mill\u0259t kimi formala\u015fmas\u0131nda H\u0259s\u0259n b\u0259y Z\u0259rdabinin b\u00f6y\u00fck rolu var: &#8220;H\u0259s\u0259n b\u0259y Z\u0259rdabinin h\u0259yat yarad\u0131c\u0131l\u0131\u011f\u0131 haqq\u0131nda siz ham\u0131n\u0131z m\u0259lumatl\u0131s\u0131n\u0131z. T\u0259s\u0259vv\u00fcr\u00fcn\u00fcz\u0259 g\u0259tirin ki, \u00f6z\u00fcn\u00fcn b\u00fct\u00fcn m\u0259nal\u0131 h\u0259yat\u0131n\u0131 bu insan n\u0259inki Az\u0259rbaycan medias\u0131n\u0131n milli n\u00fcmun\u0259si yarad\u0131lmas\u0131na v\u0259 bu mediya vasit\u0259sil\u0259 insanlar\u0131n t\u0259hlill\u0259ndirilm\u0259sin\u0259, t\u0259rbiy\u0259l\u0259ndirilm\u0259sin\u0259, d\u00f6vr\u00fcn qabaqc\u0131l \u0259n\u0259n\u0259l\u0259rinin yay\u0131lmas\u0131na v\u0259 s. xidm\u0259t edir. \u00dcmumiyy\u0259tl\u0259 bir xalq kimi, bir mill\u0259t kimi bizim formala\u015fmam\u0131zda Az\u0259rbaycan\u0131n \u00f6nd\u0259r ziyal\u0131lar\u0131n\u0131n o c\u00fcml\u0259d\u0259n H\u0259s\u0259n b\u0259y Z\u0259rdabinin b\u00f6y\u00fck rolu var. H\u0259s\u0259n b\u0259y Z\u0259rdabi faktiki olaraq \u00f6z d\u00f6vr\u00fcn\u00fcn \u0259n b\u00f6y\u00fck Az\u0259rbaycanl\u0131s\u0131 idi v\u0259 Az\u0259rbaycan\u00e7\u0131l\u0131q hissl\u0259rinin formala\u015fd\u0131r\u0131lmas\u0131nda s\u00f6z\u00fcn h\u0259qiqi m\u0259nas\u0131nda bir milli m\u0259kt\u0259b n\u00fcmun\u0259si yaratm\u0131\u015fd\u0131. H\u0259s\u0259n b\u0259y Z\u0259rdabinin v\u0259 onun \u0259traf\u0131nda olan onun silahda\u015flar\u0131 \u00f6z d\u00f6vrl\u0259ri \u00fc\u00e7\u00fcn d\u00fcnyan\u0131n b\u00fct\u00fcn qit\u0259l\u0259rind\u0259 \u00f6lk\u0259l\u0259rind\u0259 m\u00f6vcud olan \u0259n qabaqc\u0131l d\u0259y\u0259rl\u0259ri b\u0259\u015f\u0259r c\u0259miyy\u0259tind\u0259n qabaqc\u0131l d\u0259y\u0259rl\u0259rini \u0259ks etdir\u0259r\u0259k Az\u0259rbaycanda yaymaqla m\u0259\u015f\u011ful olublar. Az\u0259rbaycanl\u0131 g\u0259ncl\u0259rin Az\u0259rbaycanl\u0131 \u00f6vladlar\u0131n t\u0259hsili m\u0259\u015f\u011ful olublar. Onlar\u0131n t\u0259rbiyy\u0259si v\u0259 inki\u015faf\u0131 il\u0259 m\u0259\u015f\u011ful olublar. H\u0259r bir mill\u0259t h\u0259r bir xalq \u00f6z\u00fcn\u00fcn bu tipli qabaqc\u0131l insanlar\u0131 il\u0259, onlar\u0131n ideyalar\u0131 il\u0259 onlar\u0131n fikir d\u00fcnyas\u0131 il\u0259 onalr\u0131n f\u0259aliyy\u0259ti il\u0259 formala\u015f\u0131r inki\u015faf edir v\u0259 d\u00fcnyaya tan\u0131n\u0131r. Bizi d\u00fcnyada n\u0259 il\u0259 tan\u0131y\u0131rlar, \u0259lb\u0259tt\u0259, bizim d\u00fcnya x\u0259zin\u0259sin\u0259 verdiyimiz d\u0259y\u0259rl\u0259rl\u0259, \u0259d\u0259biyyat x\u0259zin\u0259sin\u0259 verdiyimiz d\u0259y\u0259rl\u0259rl\u0259, m\u0259d\u0259niyy\u0259t x\u0259zin\u0259sin\u0259 verdiyimiz d\u0259y\u0259rl\u0259rl\u0259, b\u0259\u015f\u0259ri d\u0259y\u0259rl\u0259r x\u0259zin\u0259sin\u0259 qatd\u0131\u011f\u0131m\u0131z \u0259lav\u0259 t\u00f6hf\u0259l\u0259rl\u0259, d\u00fcnyan\u0131n formala\u015fmas\u0131 inki\u015faf\u0131, insanl\u0131\u011f\u0131n maddi m\u0259n\u0259vi v\u0259 sosial ehtiyaclar\u0131n\u0131n \u00f6d\u0259nm\u0259sind\u0259 i\u015ftirak\u0131m\u0131zla&#8221;.<br \/>\n\u018fli H\u0259s\u0259nov bildirib ki, bu g\u00fcn Az\u0259rbaycan d\u00fcnyan\u0131n enerji t\u0259hl\u00fck\u0259sizliyind\u0259 yax\u0131ndan i\u015ftirak edir v\u0259 alternativ m\u0259nb\u0259 kimi i\u015ftirak edir: &#8220;Az\u0259rbaycan d\u00fcnyada ke\u00e7mi\u015f m\u0259d\u0259niyy\u0259ti ya\u015fadan v\u0259 bu g\u00fcnd\u0259 onu b\u0259\u015f\u0259ri d\u0259y\u0259rl\u0259rl\u0259 z\u0259nginl\u0259\u015fdir\u0259n inki\u015faf ed\u0259n bir d\u00f6vl\u0259t kimi tan\u0131n\u0131r. V\u0259 bu tan\u0131nmadada da bizim ziyal\u0131lar\u0131m\u0131z, m\u0259tbuat orqanlar\u0131m\u0131z, onlar\u0131n apard\u0131\u011f\u0131 t\u0259bli\u011fat filan rol oynay\u0131r. H\u0259s\u0259n B\u0259y Z\u0259rdabid\u0259 \u00f6z d\u00f6vr\u00fcnd\u0259 zaman\u0131nda o d\u00f6vrd\u0259 \u0259n ali m\u0259qs\u0259dli ali t\u0259f\u0259kk\u00fcrl\u00fc ziyal\u0131n\u0131n ed\u0259 bil\u0259c\u0259cyi i\u015fl\u0259ri g\u00f6r\u00fcrd\u00fc. Ona g\u00f6r\u0259d\u0259 haql\u0131 olaraq \u00fcmummilli liderimiz Heyd\u0259r \u018fliyev 1995-ci ild\u0259 Az\u0259rbaycanda milli m\u0259tbuat\u0131n ilk yubiley \u0259n\u0259n\u0259sini qoyaraq H\u0259s\u0259n B\u0259y Z\u0259rdabinin xatir\u0259sini faktiki olaraq d\u00f6vl\u0259t siyas\u0259ti s\u0259viyy\u0259sind\u0259 \u0259b\u0259dil\u0259\u015fdirdi. 1995-ci ild\u0259 il d\u0259f\u0259 Az\u0259rbaycanda milli m\u0259tbuat\u0131n yubiley t\u0259dbiri ke\u00e7irildi. \u0130lk d\u0259f\u0259 milli m\u0259tbuat g\u00fcn\u00fcn\u00fc 22 iyul olmas\u0131n\u0131n t\u0259sdiql\u0259nm\u0259si il\u0259 ba\u011fl\u0131 prezident s\u0259r\u0259ncam\u0131 oldu v\u0259 ondan sonra Az\u0259rbaycanda milli m\u0259tbuat\u0131n yubileyl\u0259rinin ke\u00e7irilm\u0259si \u0259n\u0259n\u0259si qoyuldu. 1995-ci ild\u0259, 2000-ci ild\u0259, 2005-ci v\u0259 2010-cu ild\u0259 yubiley t\u0259dbirl\u0259rini ke\u00e7irtdik. Prezidentin x\u00fcsusi s\u0259r\u0259ncam\u0131 il\u0259 bir ne\u00e7\u0259 m\u0259tbuat n\u00fcmay\u0259nd\u0259si t\u0259ltif olundu&#8221;. Onun s\u00f6zl\u0259rin\u0259 g\u00f6r\u0259, faktiki olaraq, Milli m\u0259tbuat\u0131n yubileyl\u0259ri il\u0259 ba\u011fl\u0131 ke\u00e7iril\u0259n t\u0259dbirl\u0259r b\u00f6y\u00fck \u00f6nd\u0259r H\u0259s\u0259n b\u0259y Z\u0259rdabinin xatir\u0259sinin \u0259b\u0259dil\u0259\u015fdirilm\u0259si istiqam\u0259tind\u0259 at\u0131lan add\u0131mlar idi: &#8220;N\u0259hay\u0259t H\u0259s\u0259n b\u0259y Z\u0259rdabinin ilk d\u00f6vl\u0259t s\u0259viyy\u0259sind\u0259 yubleyinin ke\u00e7irilm\u0259si il\u0259 ba\u011fl\u0131 4 iyunda imzalanm\u0131\u015f Prezidentin s\u0259r\u0259ncam\u0131 var. Bu s\u0259r\u0259ncam biz\u0259 v\u0259 m\u0259tbuat orqanlar\u0131na, m\u0259d\u0259niyy\u0259t v\u0259 T\u0259hsil nazirliyin\u0259, Elml\u0259r Akademiyas\u0131na, Az\u0259rbaycan\u0131n m\u0259rk\u0259zi v\u0259 yerli \u0130cra Hakimiyy\u0259ti orqanlar\u0131na H\u0259s\u0259n b\u0259y Z\u0259rdabinin h\u0259yat\u0131n\u0131 bir daha \u00f6yr\u0259nm\u0259y\u0259 imkan verir, H\u0259s\u0259n b\u0259y Z\u0259rdabinin Az\u0259rbaycan d\u00f6vl\u0259ti, d\u00f6vl\u0259t\u00e7iliyi, Az\u0259rbaycan mill\u0259ti v\u0259 xalq\u0131 qar\u015f\u0131s\u0131nda xidm\u0259tl\u0259rini bir daha ara\u015fd\u0131rma\u011fa \u015f\u0259rait yarad\u0131r, biz\u0259 imkan verir ki, onun n\u00fcmun\u0259sind\u0259 g\u0259nc n\u0259sli yeti\u015fdir\u0259k, formala\u015fd\u0131raq, Az\u0259rbaycan jurnalistikas\u0131n\u0131 H\u0259s\u0259n b\u0259y Z\u0259rdabi \u0259n\u0259n\u0259l\u0259ri istiqam\u0259tind\u0259 inki\u015faf etdir\u0259k, onun pe\u015f\u0259karl\u0131\u011f\u0131ndan tutmu\u015f milli maraqlara s\u00f6yk\u0259nm\u0259sin\u0259 q\u0259d\u0259r \u00f6nd\u0259rin b\u00fct\u00fcn prinsipl\u0259rini davam etdir\u0259k&#8221;. \u018f. H\u0259s\u0259nov qeyd edib ki, s\u00f6z\u00fcn h\u0259qiqi m\u0259nas\u0131nda H\u0259s\u0259n b\u0259y Z\u0259rdabi b\u00f6y\u00fck Az\u0259rbaycanl\u0131 olub, b\u00f6y\u00fck insan v\u0259 dahi m\u00fct\u0259f\u0259kkir olub: &#8220;H\u0259s\u0259n b\u0259y Z\u0259rdabinin yaratd\u0131\u011f\u0131 &#8220;\u018fkin\u00e7i&#8221; q\u0259zeti t\u0259kc\u0259 \u0259kin bi\u00e7m\u0259 i\u015find\u0259n yazm\u0131rd\u0131, b\u00fct\u00f6vl\u00fckd\u0259 z\u0259rbaycan xalq\u0131\u0259n\u0131n formla\u015fmas\u0131n\u0131n m\u0259tbuat \u0259n\u0259n\u0259sini qoyan bir q\u0259zet idi. &#8220;\u018fkin\u00e7i&#8221; q\u0259zeti v\u0259 &#8220;\u018fkin\u00e7i&#8221; q\u0259zeti \u0259traf\u0131nda yaratd\u0131\u011f\u0131 milli m\u0259tbuat m\u0259kt\u0259bi bizim bu g\u00fcnk\u00fc m\u00f6vcudlu\u011fumuzun \u0259sas \u015f\u0259rtl\u0259rind\u0259n birini t\u0259\u015fkil etmi\u015fdir. Ona g\u00f6r\u0259 d\u0259 m\u0259n bir daha sizin qar\u015f\u0131nlzda H\u0259s\u0259n B\u0259y Z\u0259rdabi haqq\u0131nda, Az\u0259rbaycan milli m\u0259tbuat\u0131n\u0131n tarixi haqq\u0131nda onun yubileyl\u0259rinin ke\u00e7irilm\u0259si il\u0259 ba\u011fl\u0131 bu q\u0259d\u0259r d\u00f6vl\u0259t qay\u011f\u0131s\u0131 g\u00f6st\u0259rdiyin\u0259 g\u00f6r\u0259 \u00fcmummilli liderimiz Heyd\u0259r \u018fliyevin ruhuna dualar oxuyuram. Allah onu c\u0259nn\u0259tm\u0259kan el\u0259sin. V\u0259 ondan sonra da bu m\u0259tbuat\u0131n inki\u015faf\u0131na H\u0259s\u0259n b\u0259y Z\u0259rdabinin b\u00fct\u00fcn xidm\u0259tl\u0259rinin \u0259b\u0259dil\u0259\u015fdirilm\u0259sin\u0259 y\u00f6n\u0259lmi\u015f onun yubileyinin ke\u00e7ririlm\u0259si il\u0259 ba\u011fl\u0131 Prezident s\u0259r\u0259ncamlar\u0131na g\u00f6r\u0259 c\u0259nab Prezident\u0259 t\u0259\u015f\u0259kk\u00fcr edir\u0259m. V\u0259 biz bu g\u00fcn G\u0259nc\u0259d\u0259 t\u0259m\u0259lini qoydu\u011fumuz v\u0259 bundan qabaq da onun heyk\u0259li qar\u015f\u0131s\u0131nda yubiley t\u0259dbirl\u0259rini ba\u015flatd\u0131\u011f\u0131mlz bu \u0259n\u0259n\u0259 il\u0259 dig\u0259r sah\u0259l\u0259rin i\u015f\u00e7il\u0259ri \u00fc\u00e7\u00fcn d\u0259 bir stimul veririk. Milli m\u0259tbuat, milli m\u0259tbuat\u0131n banisi olan H\u0259s\u0259n b\u0259y Z\u0259rdabinin yubileyind\u0259 \u00f6nc\u00fcll\u00fck el\u0259dik v\u0259 bu t\u0259dbiri biz ba\u015flad\u0131q, bundan sonra da davam ed\u0259c\u0259yik&#8221;.<\/div>\n<p><strong>www.zerdab.com<\/strong><\/p>\n","protected":false},"excerpt":{"rendered":"<p>Az\u0259rbaycan d\u00f6vl\u0259t\u00e7iliyinin v\u0259 xalq\u0131n\u0131n formala\u015fmas\u0131nda H\u0259s\u0259n b\u0259y Z\u0259rdabinin b\u00f6y\u00fck rolu olub. Bunu Prezident Administrasiyas\u0131n\u0131n \u0130ctimai-siyasi m\u0259s\u0259l\u0259l\u0259r \u015f\u00f6b\u0259sinin m\u00fcdiri \u018fli H\u0259s\u0259nov G\u0259nc\u0259d\u0259 H\u0259s\u0259n b\u0259y Z\u0259rdabinin 170 illik yubileyin\u0259 h\u0259sr edilmi\u015f &#8220;Az\u0259rbaycan Milli M\u0259tbuat\u0131: Z\u0259rdabid\u0259n g\u00fcn\u00fcm\u00fcz\u0259&#8221; m\u00f6vzusunda ke\u00e7iril\u0259n konfransda bildirib. \u015e\u00f6b\u0259 m\u00fcdiri konfransda H\u0259s\u0259n b\u0259y Z\u0259rdabinin milli m\u0259tbuatdak\u0131 v\u0259 &#8220;\u018fkin\u00e7i&#8221; q\u0259zetinin xalq\u0131n formala\u015fmas\u0131ndak\u0131 rolundan dan\u0131\u015f\u0131b: &#8220;D\u00fc\u015f\u00fcn\u00fcr\u00fck ki, [&hellip;]<\/p>\n","protected":false},"author":1,"featured_media":0,"comment_status":"open","ping_status":"open","sticky":false,"template":"","format":"standard","meta":{"footnotes":""},"categories":[20],"tags":[],"class_list":{"0":"post-3417","1":"post","2":"type-post","3":"status-publish","4":"format-standard","6":"category-kinci-zrdab-ziyali-qzet-tbitsunas"},"yoast_head":"<!-- This site is optimized with the Yoast SEO plugin v27.0 - https:\/\/yoast.com\/product\/yoast-seo-wordpress\/ -->\n<title>\u018fli H\u0259s\u0259nov: &quot;H\u0259s\u0259n b\u0259y Z\u0259rdabi b\u00f6y\u00fck Az\u0259rbaycanl\u0131 olub&quot; - Z\u0259rdab.com<\/title>\n<meta name=\"robots\" content=\"index, follow, max-snippet:-1, max-image-preview:large, max-video-preview:-1\" \/>\n<link rel=\"canonical\" href=\"https:\/\/www.zerdab.com\/?p=3417\" \/>\n<meta property=\"og:locale\" content=\"az_AZ\" \/>\n<meta property=\"og:type\" content=\"article\" \/>\n<meta property=\"og:title\" content=\"\u018fli H\u0259s\u0259nov: &quot;H\u0259s\u0259n b\u0259y Z\u0259rdabi b\u00f6y\u00fck Az\u0259rbaycanl\u0131 olub&quot; - Z\u0259rdab.com\" \/>\n<meta property=\"og:description\" content=\"Az\u0259rbaycan d\u00f6vl\u0259t\u00e7iliyinin v\u0259 xalq\u0131n\u0131n formala\u015fmas\u0131nda H\u0259s\u0259n b\u0259y Z\u0259rdabinin b\u00f6y\u00fck rolu olub. Bunu Prezident Administrasiyas\u0131n\u0131n \u0130ctimai-siyasi m\u0259s\u0259l\u0259l\u0259r \u015f\u00f6b\u0259sinin m\u00fcdiri \u018fli H\u0259s\u0259nov G\u0259nc\u0259d\u0259 H\u0259s\u0259n b\u0259y Z\u0259rdabinin 170 illik yubileyin\u0259 h\u0259sr edilmi\u015f &#8220;Az\u0259rbaycan Milli M\u0259tbuat\u0131: Z\u0259rdabid\u0259n g\u00fcn\u00fcm\u00fcz\u0259&#8221; m\u00f6vzusunda ke\u00e7iril\u0259n konfransda bildirib. \u015e\u00f6b\u0259 m\u00fcdiri konfransda H\u0259s\u0259n b\u0259y Z\u0259rdabinin milli m\u0259tbuatdak\u0131 v\u0259 &#8220;\u018fkin\u00e7i&#8221; q\u0259zetinin xalq\u0131n formala\u015fmas\u0131ndak\u0131 rolundan dan\u0131\u015f\u0131b: &#8220;D\u00fc\u015f\u00fcn\u00fcr\u00fck ki, [&hellip;]\" \/>\n<meta property=\"og:url\" content=\"https:\/\/www.zerdab.com\/?p=3417\" \/>\n<meta property=\"og:site_name\" content=\"Z\u0259rdab.com\" \/>\n<meta property=\"article:published_time\" content=\"2012-07-14T18:13:10+00:00\" \/>\n<meta property=\"article:modified_time\" content=\"2012-07-14T18:15:07+00:00\" \/>\n<meta property=\"og:image\" content=\"http:\/\/www.zerdab.com\/wp-content\/uploads\/2012\/07\/eli-hesenov-gul1-200x200.jpg\" \/>\n<meta name=\"author\" content=\"admin\" \/>\n<meta name=\"twitter:card\" content=\"summary_large_image\" \/>\n<meta name=\"twitter:label1\" content=\"Written by\" \/>\n\t<meta name=\"twitter:data1\" content=\"admin\" \/>\n\t<meta name=\"twitter:label2\" content=\"Est. reading time\" \/>\n\t<meta name=\"twitter:data2\" content=\"10 minutes\" \/>\n<script type=\"application\/ld+json\" class=\"yoast-schema-graph\">{\"@context\":\"https:\/\/schema.org\",\"@graph\":[{\"@type\":\"Article\",\"@id\":\"https:\/\/www.zerdab.com\/?p=3417#article\",\"isPartOf\":{\"@id\":\"https:\/\/www.zerdab.com\/?p=3417\"},\"author\":{\"name\":\"admin\",\"@id\":\"https:\/\/www.zerdab.com\/#\/schema\/person\/97079b7570c1e89ec0d9e138c3672136\"},\"headline\":\"\u018fli H\u0259s\u0259nov: &#8220;H\u0259s\u0259n b\u0259y Z\u0259rdabi b\u00f6y\u00fck Az\u0259rbaycanl\u0131 olub&#8221;\",\"datePublished\":\"2012-07-14T18:13:10+00:00\",\"dateModified\":\"2012-07-14T18:15:07+00:00\",\"mainEntityOfPage\":{\"@id\":\"https:\/\/www.zerdab.com\/?p=3417\"},\"wordCount\":1963,\"commentCount\":0,\"image\":{\"@id\":\"https:\/\/www.zerdab.com\/?p=3417#primaryimage\"},\"thumbnailUrl\":\"http:\/\/www.zerdab.com\/wp-content\/uploads\/2012\/07\/eli-hesenov-gul1-200x200.jpg\",\"articleSection\":[\"H\u018fS\u018fN B\u018fY Z\u018fRDAB\u0130\"],\"inLanguage\":\"az\",\"potentialAction\":[{\"@type\":\"CommentAction\",\"name\":\"Comment\",\"target\":[\"https:\/\/www.zerdab.com\/?p=3417#respond\"]}]},{\"@type\":\"WebPage\",\"@id\":\"https:\/\/www.zerdab.com\/?p=3417\",\"url\":\"https:\/\/www.zerdab.com\/?p=3417\",\"name\":\"\u018fli H\u0259s\u0259nov: \\\"H\u0259s\u0259n b\u0259y Z\u0259rdabi b\u00f6y\u00fck Az\u0259rbaycanl\u0131 olub\\\" - Z\u0259rdab.com\",\"isPartOf\":{\"@id\":\"https:\/\/www.zerdab.com\/#website\"},\"primaryImageOfPage\":{\"@id\":\"https:\/\/www.zerdab.com\/?p=3417#primaryimage\"},\"image\":{\"@id\":\"https:\/\/www.zerdab.com\/?p=3417#primaryimage\"},\"thumbnailUrl\":\"http:\/\/www.zerdab.com\/wp-content\/uploads\/2012\/07\/eli-hesenov-gul1-200x200.jpg\",\"datePublished\":\"2012-07-14T18:13:10+00:00\",\"dateModified\":\"2012-07-14T18:15:07+00:00\",\"author\":{\"@id\":\"https:\/\/www.zerdab.com\/#\/schema\/person\/97079b7570c1e89ec0d9e138c3672136\"},\"breadcrumb\":{\"@id\":\"https:\/\/www.zerdab.com\/?p=3417#breadcrumb\"},\"inLanguage\":\"az\",\"potentialAction\":[{\"@type\":\"ReadAction\",\"target\":[\"https:\/\/www.zerdab.com\/?p=3417\"]}]},{\"@type\":\"ImageObject\",\"inLanguage\":\"az\",\"@id\":\"https:\/\/www.zerdab.com\/?p=3417#primaryimage\",\"url\":\"\",\"contentUrl\":\"\"},{\"@type\":\"BreadcrumbList\",\"@id\":\"https:\/\/www.zerdab.com\/?p=3417#breadcrumb\",\"itemListElement\":[{\"@type\":\"ListItem\",\"position\":1,\"name\":\"Home\",\"item\":\"https:\/\/www.zerdab.com\/\"},{\"@type\":\"ListItem\",\"position\":2,\"name\":\"\u018fli H\u0259s\u0259nov: &#8220;H\u0259s\u0259n b\u0259y Z\u0259rdabi b\u00f6y\u00fck Az\u0259rbaycanl\u0131 olub&#8221;\"}]},{\"@type\":\"WebSite\",\"@id\":\"https:\/\/www.zerdab.com\/#website\",\"url\":\"https:\/\/www.zerdab.com\/\",\"name\":\"Z\u0259rdab.com\",\"description\":\"\",\"potentialAction\":[{\"@type\":\"SearchAction\",\"target\":{\"@type\":\"EntryPoint\",\"urlTemplate\":\"https:\/\/www.zerdab.com\/?s={search_term_string}\"},\"query-input\":{\"@type\":\"PropertyValueSpecification\",\"valueRequired\":true,\"valueName\":\"search_term_string\"}}],\"inLanguage\":\"az\"},{\"@type\":\"Person\",\"@id\":\"https:\/\/www.zerdab.com\/#\/schema\/person\/97079b7570c1e89ec0d9e138c3672136\",\"name\":\"admin\",\"image\":{\"@type\":\"ImageObject\",\"inLanguage\":\"az\",\"@id\":\"https:\/\/www.zerdab.com\/#\/schema\/person\/image\/\",\"url\":\"https:\/\/secure.gravatar.com\/avatar\/d9c52a9a27c32119cb6679a077fa3e2779e5f822c451cbf01098004361d466ec?s=96&d=mm&r=g\",\"contentUrl\":\"https:\/\/secure.gravatar.com\/avatar\/d9c52a9a27c32119cb6679a077fa3e2779e5f822c451cbf01098004361d466ec?s=96&d=mm&r=g\",\"caption\":\"admin\"},\"url\":\"https:\/\/www.zerdab.com\/?author=1\"}]}<\/script>\n<!-- \/ Yoast SEO plugin. -->","yoast_head_json":{"title":"\u018fli H\u0259s\u0259nov: \"H\u0259s\u0259n b\u0259y Z\u0259rdabi b\u00f6y\u00fck Az\u0259rbaycanl\u0131 olub\" - Z\u0259rdab.com","robots":{"index":"index","follow":"follow","max-snippet":"max-snippet:-1","max-image-preview":"max-image-preview:large","max-video-preview":"max-video-preview:-1"},"canonical":"https:\/\/www.zerdab.com\/?p=3417","og_locale":"az_AZ","og_type":"article","og_title":"\u018fli H\u0259s\u0259nov: \"H\u0259s\u0259n b\u0259y Z\u0259rdabi b\u00f6y\u00fck Az\u0259rbaycanl\u0131 olub\" - Z\u0259rdab.com","og_description":"Az\u0259rbaycan d\u00f6vl\u0259t\u00e7iliyinin v\u0259 xalq\u0131n\u0131n formala\u015fmas\u0131nda H\u0259s\u0259n b\u0259y Z\u0259rdabinin b\u00f6y\u00fck rolu olub. Bunu Prezident Administrasiyas\u0131n\u0131n \u0130ctimai-siyasi m\u0259s\u0259l\u0259l\u0259r \u015f\u00f6b\u0259sinin m\u00fcdiri \u018fli H\u0259s\u0259nov G\u0259nc\u0259d\u0259 H\u0259s\u0259n b\u0259y Z\u0259rdabinin 170 illik yubileyin\u0259 h\u0259sr edilmi\u015f &#8220;Az\u0259rbaycan Milli M\u0259tbuat\u0131: Z\u0259rdabid\u0259n g\u00fcn\u00fcm\u00fcz\u0259&#8221; m\u00f6vzusunda ke\u00e7iril\u0259n konfransda bildirib. \u015e\u00f6b\u0259 m\u00fcdiri konfransda H\u0259s\u0259n b\u0259y Z\u0259rdabinin milli m\u0259tbuatdak\u0131 v\u0259 &#8220;\u018fkin\u00e7i&#8221; q\u0259zetinin xalq\u0131n formala\u015fmas\u0131ndak\u0131 rolundan dan\u0131\u015f\u0131b: &#8220;D\u00fc\u015f\u00fcn\u00fcr\u00fck ki, [&hellip;]","og_url":"https:\/\/www.zerdab.com\/?p=3417","og_site_name":"Z\u0259rdab.com","article_published_time":"2012-07-14T18:13:10+00:00","article_modified_time":"2012-07-14T18:15:07+00:00","og_image":[{"url":"http:\/\/www.zerdab.com\/wp-content\/uploads\/2012\/07\/eli-hesenov-gul1-200x200.jpg","type":"","width":"","height":""}],"author":"admin","twitter_card":"summary_large_image","twitter_misc":{"Written by":"admin","Est. reading time":"10 minutes"},"schema":{"@context":"https:\/\/schema.org","@graph":[{"@type":"Article","@id":"https:\/\/www.zerdab.com\/?p=3417#article","isPartOf":{"@id":"https:\/\/www.zerdab.com\/?p=3417"},"author":{"name":"admin","@id":"https:\/\/www.zerdab.com\/#\/schema\/person\/97079b7570c1e89ec0d9e138c3672136"},"headline":"\u018fli H\u0259s\u0259nov: &#8220;H\u0259s\u0259n b\u0259y Z\u0259rdabi b\u00f6y\u00fck Az\u0259rbaycanl\u0131 olub&#8221;","datePublished":"2012-07-14T18:13:10+00:00","dateModified":"2012-07-14T18:15:07+00:00","mainEntityOfPage":{"@id":"https:\/\/www.zerdab.com\/?p=3417"},"wordCount":1963,"commentCount":0,"image":{"@id":"https:\/\/www.zerdab.com\/?p=3417#primaryimage"},"thumbnailUrl":"http:\/\/www.zerdab.com\/wp-content\/uploads\/2012\/07\/eli-hesenov-gul1-200x200.jpg","articleSection":["H\u018fS\u018fN B\u018fY Z\u018fRDAB\u0130"],"inLanguage":"az","potentialAction":[{"@type":"CommentAction","name":"Comment","target":["https:\/\/www.zerdab.com\/?p=3417#respond"]}]},{"@type":"WebPage","@id":"https:\/\/www.zerdab.com\/?p=3417","url":"https:\/\/www.zerdab.com\/?p=3417","name":"\u018fli H\u0259s\u0259nov: \"H\u0259s\u0259n b\u0259y Z\u0259rdabi b\u00f6y\u00fck Az\u0259rbaycanl\u0131 olub\" - Z\u0259rdab.com","isPartOf":{"@id":"https:\/\/www.zerdab.com\/#website"},"primaryImageOfPage":{"@id":"https:\/\/www.zerdab.com\/?p=3417#primaryimage"},"image":{"@id":"https:\/\/www.zerdab.com\/?p=3417#primaryimage"},"thumbnailUrl":"http:\/\/www.zerdab.com\/wp-content\/uploads\/2012\/07\/eli-hesenov-gul1-200x200.jpg","datePublished":"2012-07-14T18:13:10+00:00","dateModified":"2012-07-14T18:15:07+00:00","author":{"@id":"https:\/\/www.zerdab.com\/#\/schema\/person\/97079b7570c1e89ec0d9e138c3672136"},"breadcrumb":{"@id":"https:\/\/www.zerdab.com\/?p=3417#breadcrumb"},"inLanguage":"az","potentialAction":[{"@type":"ReadAction","target":["https:\/\/www.zerdab.com\/?p=3417"]}]},{"@type":"ImageObject","inLanguage":"az","@id":"https:\/\/www.zerdab.com\/?p=3417#primaryimage","url":"","contentUrl":""},{"@type":"BreadcrumbList","@id":"https:\/\/www.zerdab.com\/?p=3417#breadcrumb","itemListElement":[{"@type":"ListItem","position":1,"name":"Home","item":"https:\/\/www.zerdab.com\/"},{"@type":"ListItem","position":2,"name":"\u018fli H\u0259s\u0259nov: &#8220;H\u0259s\u0259n b\u0259y Z\u0259rdabi b\u00f6y\u00fck Az\u0259rbaycanl\u0131 olub&#8221;"}]},{"@type":"WebSite","@id":"https:\/\/www.zerdab.com\/#website","url":"https:\/\/www.zerdab.com\/","name":"Z\u0259rdab.com","description":"","potentialAction":[{"@type":"SearchAction","target":{"@type":"EntryPoint","urlTemplate":"https:\/\/www.zerdab.com\/?s={search_term_string}"},"query-input":{"@type":"PropertyValueSpecification","valueRequired":true,"valueName":"search_term_string"}}],"inLanguage":"az"},{"@type":"Person","@id":"https:\/\/www.zerdab.com\/#\/schema\/person\/97079b7570c1e89ec0d9e138c3672136","name":"admin","image":{"@type":"ImageObject","inLanguage":"az","@id":"https:\/\/www.zerdab.com\/#\/schema\/person\/image\/","url":"https:\/\/secure.gravatar.com\/avatar\/d9c52a9a27c32119cb6679a077fa3e2779e5f822c451cbf01098004361d466ec?s=96&d=mm&r=g","contentUrl":"https:\/\/secure.gravatar.com\/avatar\/d9c52a9a27c32119cb6679a077fa3e2779e5f822c451cbf01098004361d466ec?s=96&d=mm&r=g","caption":"admin"},"url":"https:\/\/www.zerdab.com\/?author=1"}]}},"_links":{"self":[{"href":"https:\/\/www.zerdab.com\/index.php?rest_route=\/wp\/v2\/posts\/3417","targetHints":{"allow":["GET"]}}],"collection":[{"href":"https:\/\/www.zerdab.com\/index.php?rest_route=\/wp\/v2\/posts"}],"about":[{"href":"https:\/\/www.zerdab.com\/index.php?rest_route=\/wp\/v2\/types\/post"}],"author":[{"embeddable":true,"href":"https:\/\/www.zerdab.com\/index.php?rest_route=\/wp\/v2\/users\/1"}],"replies":[{"embeddable":true,"href":"https:\/\/www.zerdab.com\/index.php?rest_route=%2Fwp%2Fv2%2Fcomments&post=3417"}],"version-history":[{"count":3,"href":"https:\/\/www.zerdab.com\/index.php?rest_route=\/wp\/v2\/posts\/3417\/revisions"}],"predecessor-version":[{"id":3422,"href":"https:\/\/www.zerdab.com\/index.php?rest_route=\/wp\/v2\/posts\/3417\/revisions\/3422"}],"wp:attachment":[{"href":"https:\/\/www.zerdab.com\/index.php?rest_route=%2Fwp%2Fv2%2Fmedia&parent=3417"}],"wp:term":[{"taxonomy":"category","embeddable":true,"href":"https:\/\/www.zerdab.com\/index.php?rest_route=%2Fwp%2Fv2%2Fcategories&post=3417"},{"taxonomy":"post_tag","embeddable":true,"href":"https:\/\/www.zerdab.com\/index.php?rest_route=%2Fwp%2Fv2%2Ftags&post=3417"}],"curies":[{"name":"wp","href":"https:\/\/api.w.org\/{rel}","templated":true}]}}