{"id":3423,"date":"2012-07-15T12:19:03","date_gmt":"2012-07-15T07:19:03","guid":{"rendered":"http:\/\/www.zerdab.com\/?p=3423"},"modified":"2020-09-18T18:03:29","modified_gmt":"2020-09-18T14:03:29","slug":"dunyadan-nisanli-koc%c9%99n-z%c9%99rdabli-s%c9%99hid-mehdi-r%c9%99himov","status":"publish","type":"post","link":"https:\/\/www.zerdab.com\/?p=3423","title":{"rendered":"D\u00fcnyadan ni\u015fanl\u0131 k\u00f6\u00e7\u0259n Z\u0259rdabl\u0131 \u015f\u0259hid &#8211; Mehdi R\u0259himov"},"content":{"rendered":"<p><strong>R\u0259himov Mehdi Nam\u0259ddin o\u011flu<\/strong> 1967-ci ilin 31 mart\u0131nda &#8211; Novruz bayram\u0131ndan bir ne\u00e7\u0259 g\u00fcn sonra d\u00fcnyaya g\u0259lmi\u015fdi. Atas\u0131 Nam\u0259ddin R\u0259himova bir yaz s\u0259h\u0259ri o\u011flunun d\u00fcnyaya g\u0259lm\u0259si x\u0259b\u0259ri veril\u0259nd\u0259 sevincd\u0259n g\u00f6zl\u0259ri ya\u015farm\u0131\u015fd\u0131. Evin sonbe\u015fiyi olan bu qara qa\u015f, qara g\u00f6z \u015firin bala q\u0131sa m\u00fcdd\u0259td\u0259 ham\u0131n\u0131n sevimlisin\u0259 \u00e7evrildi. \u0130ll\u0259r \u00f6td\u00fc, Mehdi ayaq tutub yeridi, dil a\u00e7d\u0131, m\u0259kt\u0259b\u0259 getdi.<br \/>\n&#8230;1981-ci ild\u0259 Mehdi R\u0259himov Xasa k\u0259nd s\u0259kkiz illik m\u0259kt\u0259binin 8-ci sinfini bitirib 124 sayl\u0131 Texniki Pe\u015f\u0259 M\u0259kt\u0259bin\u0259 daxil oldu. Atas\u0131 Mehdini v\u0259t\u0259np\u0259rv\u0259r bir o\u011ful kimi yeti\u015fdirmi\u015fdi. Mehdi \u00f6z k\u0259ndin\u0259, el-obas\u0131na \u00e7ox ba\u011fl\u0131 bir idi. U\u015faql\u0131q ill\u0259rind\u0259 evl\u0259rind\u0259n bir ne\u00e7\u0259 g\u00fcn k\u0259narda qalan kimi valideynl\u0259rind\u0259n evl\u0259rin\u0259 d\u00f6nm\u0259l\u0259rini xahi\u015f ed\u0259rdi. \u00d6z do\u011fma k\u0259ndini k\u00fc\u00e7\u0259b\u0259k\u00fc\u00e7\u0259 g\u0259zib-dola\u015fd\u0131qca rahatl\u0131q tapard\u0131. Mehdi h\u0259lim, mehriban xasiyy\u0259tli olmaqla yana\u015f\u0131, h\u0259m d\u0259 s\u00f6z\u00fcn d\u00fcz\u00fcn\u00fc dan\u0131\u015fma\u011f\u0131 sev\u0259rdi. Yan\u0131nda kims\u0259 ba\u015fqas\u0131n\u0131n pisliyind\u0259n dan\u0131\u015fark\u0259n s\u00f6z\u00fcn\u00fc a\u011fz\u0131nda yar\u0131m\u00e7\u0131q qoyarm\u0131\u015f. B\u0259lk\u0259 el\u0259 buna g\u00f6r\u0259 d\u0259 onunla dostluq etm\u0259k ist\u0259y\u0259n h\u0259mya\u015f\u0131dlar\u0131n\u0131n say\u0131 daha \u00e7ox imi\u015f&#8230;<\/p>\n<p>***<br \/>\nMehdi R\u0259himov 1985-ci ild\u0259 ordu s\u0131ralar\u0131na yollan\u0131r v\u0259 ke\u00e7mi\u015f Sovet Ordusunda 2 il xidm\u0259t edir. 1987-ci ild\u0259 h\u0259rbi xidm\u0259tini ba\u015fa vurur v\u0259 bel\u0259 q\u0259rara g\u0259lir ki, i\u015fl\u0259m\u0259k \u00fc\u00e7\u00fcn Rusiyaya \u00fcz tutsun. Bel\u0259likl\u0259, Mehdi Rusiyan\u0131n Saratov \u015f\u0259h\u0259rin\u0259 yollan\u0131r. Burada u\u015faql\u0131q dostlar\u0131ndan biri il\u0259 m\u00fcnasib\u0259t quran Mehdi \u00f6z\u00fcn\u0259 yax\u015f\u0131 bir i\u015f tap\u0131r. \u0130lk vaxtlar i\u015fl\u0259ri \u0259la gedir. M\u0259qs\u0259di bir az pul toplay\u0131b atas\u0131na d\u0259st\u0259k olmaq, h\u0259m\u00e7inin \u00f6z\u00fcn\u0259 \u015f\u0259rait qurduqdan sonra evl\u0259nm\u0259k idi.<br \/>\nMehdi sevib-se\u00e7diyi q\u0131zla ni\u015fanlanm\u0131\u015fd\u0131. B\u00f6y\u00fckl\u0259rin xeyir-duas\u0131, el ad\u0259ti il\u0259 onlara ni\u015fan tax\u0131lm\u0131\u015fd\u0131. O, sevdiyi q\u0131zla ail\u0259 quraca\u011f\u0131 t\u0259qdird\u0259 xo\u015fb\u0259xt olaca\u011f\u0131na \u0259min idi. Ham\u0131n\u0131n qeydin\u0259 qalan, d\u0259rdin\u0259 \u015f\u0259rik olan Mehdinin bu xo\u015fb\u0259xtliyi onu sev\u0259nl\u0259rin ham\u0131s\u0131n\u0131n \u00fcr\u0259yinc\u0259 idi &#8211; ham\u0131 sevinirdi. Onlar Mehdinin toyunda qol g\u00f6t\u00fcr\u00fcb oynayacaqlar\u0131 g\u00fcn\u00fc s\u0259birsizlikl\u0259 g\u00f6zl\u0259yirdil\u0259r&#8230;<\/p>\n<p>***<br \/>\nQaraba\u011fda m\u00fcharib\u0259 ba\u015fland\u0131. Erm\u0259nil\u0259r Rusiyan\u0131n d\u0259st\u0259yi il\u0259 Az\u0259rbaycan\u0131n dilb\u0259r gu\u015f\u0259si Qaraba\u011fda evl\u0259ri talan edir, cavan-qoca, qad\u0131n-q\u0131z dem\u0259d\u0259n minl\u0259rl\u0259 g\u00fcnahs\u0131z insan\u0131m\u0131z\u0131 q\u0259tl\u0259 yetirirdil\u0259r. A\u011fz\u0131n erm\u0259nil\u0259r \u0259sir g\u00f6t\u00fcrd\u00fckl\u0259ri qad\u0131nlar\u0131m\u0131z\u0131n \u015f\u0259r\u0259fini t\u0259hqir etm\u0259kd\u0259n bel\u0259 \u00e7\u0259kinmirdil\u0259r. Mehdi Rusiyada bu x\u0259b\u0259rl\u0259ri e\u015fitdikc\u0259 \u00f6z\u00fcn\u0259 rahatl\u0131q tapa bilmirdi. Yax\u0131n dostlar\u0131ndan birin\u0259 i\u015fini yar\u0131m\u00e7\u0131q qoyub v\u0259t\u0259n\u0259 qay\u0131tmaq, c\u0259bh\u0259y\u0259 yollanmaq ist\u0259diyini dey\u0259nd\u0259 dostu \u00e7ox t\u0259\u0259cc\u00fcbl\u0259nmi\u015fdi. \u018fslind\u0259 dostunun bu narahatl\u0131\u011f\u0131 \u0259b\u0259s deyildi, d\u00fc\u015f\u00fcn\u00fcrd\u00fc ki, Mehdi ni\u015fanl\u0131d\u0131r, d\u00f6y\u00fc\u015fd\u0259 ba\u015f\u0131na bir i\u015f g\u0259ls\u0259, ni\u015fanl\u0131s\u0131 n\u0259 ed\u0259r, hal\u0131 nec\u0259 olar. Lakin Mehdi Qaraba\u011fla ba\u011fl\u0131 h\u0259r g\u00fcn e\u015fitdiyi ac\u0131 x\u0259b\u0259rl\u0259r\u0259 etinas\u0131z qala bilmirdi. \u0130\u015fl\u0259diyi \u015f\u0259h\u0259rd\u0259 &#8211; Saratovda ya\u015fayan erm\u0259nil\u0259rin Qaraba\u011fda i\u015f\u011fal x\u0259b\u0259rl\u0259rini sevincl\u0259 t\u0259krarlamalar\u0131 is\u0259, Mehdiy\u0259 daha da vicdan \u0259zab\u0131 verirdi. Bel\u0259likl\u0259, b\u00fct\u00fcn naraz\u0131l\u0131q v\u0259 etirazlara baxmayaraq o v\u0259t\u0259n\u0259 d\u00f6nd\u00fc&#8230;<\/p>\n<p>***<br \/>\nAil\u0259si onun m\u00fcharib\u0259y\u0259 yollanmaq fikrini h\u0259y\u0259canla qar\u015f\u0131lad\u0131, ancaq q\u0259rar\u0131ndan da\u015f\u0131nd\u0131ra bilm\u0259dil\u0259r. Mehdinin c\u0259bh\u0259y\u0259 yollanmaq ist\u0259yini ni\u015fanl\u0131s\u0131na da e\u015fitdirdil\u0259r. Ni\u015fanl\u0131s\u0131 i\u00e7ind\u0259 narahatl\u0131q ya\u015fasa da, Mehdini bu fikrind\u0259n da\u015f\u0131nd\u0131rma\u011f\u0131n m\u00fcmk\u00fcn olmad\u0131\u011f\u0131n\u0131 bilirdi. Deyil\u0259n\u0259 g\u00f6r\u0259, <strong>Mehdi 1993-c\u00fc ilin iyul ay\u0131nda k\u00f6n\u00fcll\u00fc c\u0259bh\u0259y\u0259 yollanandan sonra<\/strong> ni\u015fanl\u0131s\u0131 h\u0259mi\u015f\u0259kind\u0259n f\u0259rqli olaraq, h\u0259r g\u00fcn h\u0259y\u0259canla c\u0259bh\u0259 x\u0259b\u0259rl\u0259rini izl\u0259y\u0259rmi\u015f.<br \/>\nMehdinin c\u0259bh\u0259d\u0259n g\u00f6nd\u0259rdiyi m\u0259ktublar is\u0259, onda h\u0259r \u015feyin yax\u015f\u0131 olaca\u011f\u0131na \u00fcmid yarad\u0131rd\u0131. Mehdi Qubadl\u0131, Beyl\u0259qan, F\u00fczuli b\u00f6lg\u0259l\u0259rind\u0259 xidm\u0259t el\u0259di, a\u011f\u0131r d\u00f6y\u00fc\u015fl\u0259rd\u0259 vuru\u015fdu. Mehdi odlu-alovlu, a\u011f\u0131r d\u00f6y\u00fc\u015fl\u0259rd\u0259 g\u00f6st\u0259rdiyi q\u0259hr\u0259manl\u0131qlarla, qorxmazl\u0131\u011f\u0131 il\u0259 h\u0259r k\u0259sin r\u0259\u011fb\u0259tini qazanm\u0131\u015fd\u0131. D\u00f6y\u00fc\u015f yolda\u015flar\u0131 onun ni\u015fanl\u0131 oldu\u011funu bildikl\u0259ri \u00fc\u00e7\u00fcn b\u0259z\u0259n d\u00f6y\u00fc\u015fl\u0259rd\u0259 i\u015ftirak etm\u0259m\u0259sini, \u00f6z\u00fcn\u00fc qorumas\u0131n\u0131 xahi\u015f ed\u0259rdil\u0259r. Lakin Mehdi d\u00f6y\u00fc\u015f yolda\u015flar\u0131nda nikbin \u0259hvali-ruhiyy\u0259 olsun dey\u0259 ham\u0131dan ir\u0259lid\u0259 ged\u0259rmi\u015f. Onun \u00e7oxlu sayda d\u00fc\u015fm\u0259n \u0259sg\u0259rini m\u0259hv etdiyi g\u00fcn\u00fc d\u00f6y\u00fc\u015f yolda\u015flar\u0131 indi d\u0259 yax\u015f\u0131 xat\u0131rlay\u0131rlar&#8230;<\/p>\n<p>***<br \/>\n1994-c\u00fc ilin mart ay\u0131n\u0131n 3-d\u0259 F\u00fczulinin A\u015fa\u011f\u0131 Veys\u0259lli k\u0259ndi u\u011frunda ged\u0259n d\u00f6y\u00fc\u015fl\u0259rd\u0259 Mehdi R\u0259himov q\u0259hr\u0259manl\u0131qla \u015f\u0259hid oldu. Deyil\u0259n\u0259 g\u00f6r\u0259, son n\u0259f\u0259sind\u0259 ona: &#8220;Mehdi, dedik ax\u0131 \u00f6z\u00fcn\u00fc qoru&#8221;, s\u00f6yl\u0259y\u0259n d\u00f6y\u00fc\u015f\u00e7\u00fc yolda\u015f\u0131na cavab\u0131 bel\u0259 olub: &#8220;S\u0259n \u00f6z\u00fcn\u00fc qoru, m\u0259n \u00f6z\u00fcm\u00fc qoruyum, b\u0259s v\u0259t\u0259ni kim qorusun?&#8221;. Z\u0259rdabl\u0131 balas\u0131, ni\u015fanl\u0131 Mehdi R\u0259himovun q\u0259hr\u0259manl\u0131qla \u015f\u0259hid olmas\u0131 x\u0259b\u0259ri h\u0259min g\u00fcn b\u00fct\u00fcn c\u0259bh\u0259 boyu yay\u0131l\u0131bm\u0131\u015f&#8230;<br \/>\nAllah Mehdi qarda\u015f\u0131m\u0131za r\u0259hm\u0259t el\u0259sin. O v\u0259 onun kimi q\u0259hr\u0259man \u00f6vladlar\u0131m\u0131z h\u0259r zaman b\u00f6y\u00fck say\u011f\u0131 v\u0259 sevgi il\u0259 xat\u0131rlanacaqlar. Onlar\u0131n ke\u00e7dikl\u0259ri h\u0259yat yolu yeniyetm\u0259 v\u0259 g\u0259ncl\u0259rimiz \u00fc\u00e7\u00fcn ibr\u0259tdir&#8230;<\/p>\n<p><strong>Bu yaz\u0131 Mehdi R\u0259himovu yax\u0131ndan tan\u0131yan insanlar\u0131n dan\u0131\u015fd\u0131qlar\u0131 \u0259sas\u0131nda haz\u0131rlan\u0131b.<\/strong><\/p>\n<p><strong>Zerdab.com<\/strong><\/p>\n","protected":false},"excerpt":{"rendered":"<p>R\u0259himov Mehdi Nam\u0259ddin o\u011flu 1967-ci ilin 31 mart\u0131nda &#8211; Novruz bayram\u0131ndan bir ne\u00e7\u0259 g\u00fcn sonra d\u00fcnyaya g\u0259lmi\u015fdi. Atas\u0131 Nam\u0259ddin R\u0259himova bir yaz s\u0259h\u0259ri o\u011flunun d\u00fcnyaya g\u0259lm\u0259si x\u0259b\u0259ri veril\u0259nd\u0259 sevincd\u0259n g\u00f6zl\u0259ri ya\u015farm\u0131\u015fd\u0131. Evin sonbe\u015fiyi olan bu qara qa\u015f, qara g\u00f6z \u015firin bala q\u0131sa m\u00fcdd\u0259td\u0259 ham\u0131n\u0131n sevimlisin\u0259 \u00e7evrildi. \u0130ll\u0259r \u00f6td\u00fc, Mehdi ayaq tutub yeridi, dil a\u00e7d\u0131, m\u0259kt\u0259b\u0259 [&hellip;]<\/p>\n","protected":false},"author":1,"featured_media":22472,"comment_status":"open","ping_status":"open","sticky":false,"template":"","format":"standard","meta":{"footnotes":""},"categories":[37],"tags":[],"class_list":{"0":"post-3423","1":"post","2":"type-post","3":"status-publish","4":"format-standard","5":"has-post-thumbnail","7":"category-shidlrimiz"},"yoast_head":"<!-- This site is optimized with the Yoast SEO plugin v27.0 - https:\/\/yoast.com\/product\/yoast-seo-wordpress\/ -->\n<title>D\u00fcnyadan ni\u015fanl\u0131 k\u00f6\u00e7\u0259n Z\u0259rdabl\u0131 \u015f\u0259hid - Mehdi R\u0259himov - Z\u0259rdab.com<\/title>\n<meta name=\"robots\" content=\"index, follow, max-snippet:-1, max-image-preview:large, max-video-preview:-1\" \/>\n<link rel=\"canonical\" href=\"https:\/\/www.zerdab.com\/?p=3423\" \/>\n<meta property=\"og:locale\" content=\"az_AZ\" \/>\n<meta property=\"og:type\" content=\"article\" \/>\n<meta property=\"og:title\" content=\"D\u00fcnyadan ni\u015fanl\u0131 k\u00f6\u00e7\u0259n Z\u0259rdabl\u0131 \u015f\u0259hid - Mehdi R\u0259himov - Z\u0259rdab.com\" \/>\n<meta property=\"og:description\" content=\"R\u0259himov Mehdi Nam\u0259ddin o\u011flu 1967-ci ilin 31 mart\u0131nda &#8211; Novruz bayram\u0131ndan bir ne\u00e7\u0259 g\u00fcn sonra d\u00fcnyaya g\u0259lmi\u015fdi. Atas\u0131 Nam\u0259ddin R\u0259himova bir yaz s\u0259h\u0259ri o\u011flunun d\u00fcnyaya g\u0259lm\u0259si x\u0259b\u0259ri veril\u0259nd\u0259 sevincd\u0259n g\u00f6zl\u0259ri ya\u015farm\u0131\u015fd\u0131. Evin sonbe\u015fiyi olan bu qara qa\u015f, qara g\u00f6z \u015firin bala q\u0131sa m\u00fcdd\u0259td\u0259 ham\u0131n\u0131n sevimlisin\u0259 \u00e7evrildi. \u0130ll\u0259r \u00f6td\u00fc, Mehdi ayaq tutub yeridi, dil a\u00e7d\u0131, m\u0259kt\u0259b\u0259 [&hellip;]\" \/>\n<meta property=\"og:url\" content=\"https:\/\/www.zerdab.com\/?p=3423\" \/>\n<meta property=\"og:site_name\" content=\"Z\u0259rdab.com\" \/>\n<meta property=\"article:published_time\" content=\"2012-07-15T07:19:03+00:00\" \/>\n<meta property=\"article:modified_time\" content=\"2020-09-18T14:03:29+00:00\" \/>\n<meta property=\"og:image\" content=\"https:\/\/www.zerdab.com\/wp-content\/uploads\/2016\/02\/Qaraba\u011f-m\u00fcharib\u0259si-1.jpg\" \/>\n\t<meta property=\"og:image:width\" content=\"604\" \/>\n\t<meta property=\"og:image:height\" content=\"456\" \/>\n\t<meta property=\"og:image:type\" content=\"image\/jpeg\" \/>\n<meta name=\"author\" content=\"admin\" \/>\n<meta name=\"twitter:card\" content=\"summary_large_image\" \/>\n<meta name=\"twitter:label1\" content=\"Written by\" \/>\n\t<meta name=\"twitter:data1\" content=\"admin\" \/>\n\t<meta name=\"twitter:label2\" content=\"Est. reading time\" \/>\n\t<meta name=\"twitter:data2\" content=\"5 minutes\" \/>\n<script type=\"application\/ld+json\" class=\"yoast-schema-graph\">{\"@context\":\"https:\/\/schema.org\",\"@graph\":[{\"@type\":\"Article\",\"@id\":\"https:\/\/www.zerdab.com\/?p=3423#article\",\"isPartOf\":{\"@id\":\"https:\/\/www.zerdab.com\/?p=3423\"},\"author\":{\"name\":\"admin\",\"@id\":\"https:\/\/www.zerdab.com\/#\/schema\/person\/97079b7570c1e89ec0d9e138c3672136\"},\"headline\":\"D\u00fcnyadan ni\u015fanl\u0131 k\u00f6\u00e7\u0259n Z\u0259rdabl\u0131 \u015f\u0259hid &#8211; Mehdi R\u0259himov\",\"datePublished\":\"2012-07-15T07:19:03+00:00\",\"dateModified\":\"2020-09-18T14:03:29+00:00\",\"mainEntityOfPage\":{\"@id\":\"https:\/\/www.zerdab.com\/?p=3423\"},\"wordCount\":1095,\"commentCount\":2,\"image\":{\"@id\":\"https:\/\/www.zerdab.com\/?p=3423#primaryimage\"},\"thumbnailUrl\":\"https:\/\/www.zerdab.com\/wp-content\/uploads\/2016\/02\/Qaraba\u011f-m\u00fcharib\u0259si-1.jpg\",\"articleSection\":[\"\u015e\u018fH\u0130DL\u018fR\u0130M\u0130Z\"],\"inLanguage\":\"az\",\"potentialAction\":[{\"@type\":\"CommentAction\",\"name\":\"Comment\",\"target\":[\"https:\/\/www.zerdab.com\/?p=3423#respond\"]}]},{\"@type\":\"WebPage\",\"@id\":\"https:\/\/www.zerdab.com\/?p=3423\",\"url\":\"https:\/\/www.zerdab.com\/?p=3423\",\"name\":\"D\u00fcnyadan ni\u015fanl\u0131 k\u00f6\u00e7\u0259n Z\u0259rdabl\u0131 \u015f\u0259hid - Mehdi R\u0259himov - Z\u0259rdab.com\",\"isPartOf\":{\"@id\":\"https:\/\/www.zerdab.com\/#website\"},\"primaryImageOfPage\":{\"@id\":\"https:\/\/www.zerdab.com\/?p=3423#primaryimage\"},\"image\":{\"@id\":\"https:\/\/www.zerdab.com\/?p=3423#primaryimage\"},\"thumbnailUrl\":\"https:\/\/www.zerdab.com\/wp-content\/uploads\/2016\/02\/Qaraba\u011f-m\u00fcharib\u0259si-1.jpg\",\"datePublished\":\"2012-07-15T07:19:03+00:00\",\"dateModified\":\"2020-09-18T14:03:29+00:00\",\"author\":{\"@id\":\"https:\/\/www.zerdab.com\/#\/schema\/person\/97079b7570c1e89ec0d9e138c3672136\"},\"breadcrumb\":{\"@id\":\"https:\/\/www.zerdab.com\/?p=3423#breadcrumb\"},\"inLanguage\":\"az\",\"potentialAction\":[{\"@type\":\"ReadAction\",\"target\":[\"https:\/\/www.zerdab.com\/?p=3423\"]}]},{\"@type\":\"ImageObject\",\"inLanguage\":\"az\",\"@id\":\"https:\/\/www.zerdab.com\/?p=3423#primaryimage\",\"url\":\"https:\/\/www.zerdab.com\/wp-content\/uploads\/2016\/02\/Qaraba\u011f-m\u00fcharib\u0259si-1.jpg\",\"contentUrl\":\"https:\/\/www.zerdab.com\/wp-content\/uploads\/2016\/02\/Qaraba\u011f-m\u00fcharib\u0259si-1.jpg\",\"width\":604,\"height\":456,\"caption\":\"Qaraba\u011f m\u00fcharib\u0259si\"},{\"@type\":\"BreadcrumbList\",\"@id\":\"https:\/\/www.zerdab.com\/?p=3423#breadcrumb\",\"itemListElement\":[{\"@type\":\"ListItem\",\"position\":1,\"name\":\"Home\",\"item\":\"https:\/\/www.zerdab.com\/\"},{\"@type\":\"ListItem\",\"position\":2,\"name\":\"D\u00fcnyadan ni\u015fanl\u0131 k\u00f6\u00e7\u0259n Z\u0259rdabl\u0131 \u015f\u0259hid &#8211; Mehdi R\u0259himov\"}]},{\"@type\":\"WebSite\",\"@id\":\"https:\/\/www.zerdab.com\/#website\",\"url\":\"https:\/\/www.zerdab.com\/\",\"name\":\"Z\u0259rdab.com\",\"description\":\"\",\"potentialAction\":[{\"@type\":\"SearchAction\",\"target\":{\"@type\":\"EntryPoint\",\"urlTemplate\":\"https:\/\/www.zerdab.com\/?s={search_term_string}\"},\"query-input\":{\"@type\":\"PropertyValueSpecification\",\"valueRequired\":true,\"valueName\":\"search_term_string\"}}],\"inLanguage\":\"az\"},{\"@type\":\"Person\",\"@id\":\"https:\/\/www.zerdab.com\/#\/schema\/person\/97079b7570c1e89ec0d9e138c3672136\",\"name\":\"admin\",\"image\":{\"@type\":\"ImageObject\",\"inLanguage\":\"az\",\"@id\":\"https:\/\/www.zerdab.com\/#\/schema\/person\/image\/\",\"url\":\"https:\/\/secure.gravatar.com\/avatar\/d9c52a9a27c32119cb6679a077fa3e2779e5f822c451cbf01098004361d466ec?s=96&d=mm&r=g\",\"contentUrl\":\"https:\/\/secure.gravatar.com\/avatar\/d9c52a9a27c32119cb6679a077fa3e2779e5f822c451cbf01098004361d466ec?s=96&d=mm&r=g\",\"caption\":\"admin\"},\"url\":\"https:\/\/www.zerdab.com\/?author=1\"}]}<\/script>\n<!-- \/ Yoast SEO plugin. -->","yoast_head_json":{"title":"D\u00fcnyadan ni\u015fanl\u0131 k\u00f6\u00e7\u0259n Z\u0259rdabl\u0131 \u015f\u0259hid - Mehdi R\u0259himov - Z\u0259rdab.com","robots":{"index":"index","follow":"follow","max-snippet":"max-snippet:-1","max-image-preview":"max-image-preview:large","max-video-preview":"max-video-preview:-1"},"canonical":"https:\/\/www.zerdab.com\/?p=3423","og_locale":"az_AZ","og_type":"article","og_title":"D\u00fcnyadan ni\u015fanl\u0131 k\u00f6\u00e7\u0259n Z\u0259rdabl\u0131 \u015f\u0259hid - Mehdi R\u0259himov - Z\u0259rdab.com","og_description":"R\u0259himov Mehdi Nam\u0259ddin o\u011flu 1967-ci ilin 31 mart\u0131nda &#8211; Novruz bayram\u0131ndan bir ne\u00e7\u0259 g\u00fcn sonra d\u00fcnyaya g\u0259lmi\u015fdi. Atas\u0131 Nam\u0259ddin R\u0259himova bir yaz s\u0259h\u0259ri o\u011flunun d\u00fcnyaya g\u0259lm\u0259si x\u0259b\u0259ri veril\u0259nd\u0259 sevincd\u0259n g\u00f6zl\u0259ri ya\u015farm\u0131\u015fd\u0131. Evin sonbe\u015fiyi olan bu qara qa\u015f, qara g\u00f6z \u015firin bala q\u0131sa m\u00fcdd\u0259td\u0259 ham\u0131n\u0131n sevimlisin\u0259 \u00e7evrildi. \u0130ll\u0259r \u00f6td\u00fc, Mehdi ayaq tutub yeridi, dil a\u00e7d\u0131, m\u0259kt\u0259b\u0259 [&hellip;]","og_url":"https:\/\/www.zerdab.com\/?p=3423","og_site_name":"Z\u0259rdab.com","article_published_time":"2012-07-15T07:19:03+00:00","article_modified_time":"2020-09-18T14:03:29+00:00","og_image":[{"width":604,"height":456,"url":"https:\/\/www.zerdab.com\/wp-content\/uploads\/2016\/02\/Qaraba\u011f-m\u00fcharib\u0259si-1.jpg","type":"image\/jpeg"}],"author":"admin","twitter_card":"summary_large_image","twitter_misc":{"Written by":"admin","Est. reading time":"5 minutes"},"schema":{"@context":"https:\/\/schema.org","@graph":[{"@type":"Article","@id":"https:\/\/www.zerdab.com\/?p=3423#article","isPartOf":{"@id":"https:\/\/www.zerdab.com\/?p=3423"},"author":{"name":"admin","@id":"https:\/\/www.zerdab.com\/#\/schema\/person\/97079b7570c1e89ec0d9e138c3672136"},"headline":"D\u00fcnyadan ni\u015fanl\u0131 k\u00f6\u00e7\u0259n Z\u0259rdabl\u0131 \u015f\u0259hid &#8211; Mehdi R\u0259himov","datePublished":"2012-07-15T07:19:03+00:00","dateModified":"2020-09-18T14:03:29+00:00","mainEntityOfPage":{"@id":"https:\/\/www.zerdab.com\/?p=3423"},"wordCount":1095,"commentCount":2,"image":{"@id":"https:\/\/www.zerdab.com\/?p=3423#primaryimage"},"thumbnailUrl":"https:\/\/www.zerdab.com\/wp-content\/uploads\/2016\/02\/Qaraba\u011f-m\u00fcharib\u0259si-1.jpg","articleSection":["\u015e\u018fH\u0130DL\u018fR\u0130M\u0130Z"],"inLanguage":"az","potentialAction":[{"@type":"CommentAction","name":"Comment","target":["https:\/\/www.zerdab.com\/?p=3423#respond"]}]},{"@type":"WebPage","@id":"https:\/\/www.zerdab.com\/?p=3423","url":"https:\/\/www.zerdab.com\/?p=3423","name":"D\u00fcnyadan ni\u015fanl\u0131 k\u00f6\u00e7\u0259n Z\u0259rdabl\u0131 \u015f\u0259hid - Mehdi R\u0259himov - Z\u0259rdab.com","isPartOf":{"@id":"https:\/\/www.zerdab.com\/#website"},"primaryImageOfPage":{"@id":"https:\/\/www.zerdab.com\/?p=3423#primaryimage"},"image":{"@id":"https:\/\/www.zerdab.com\/?p=3423#primaryimage"},"thumbnailUrl":"https:\/\/www.zerdab.com\/wp-content\/uploads\/2016\/02\/Qaraba\u011f-m\u00fcharib\u0259si-1.jpg","datePublished":"2012-07-15T07:19:03+00:00","dateModified":"2020-09-18T14:03:29+00:00","author":{"@id":"https:\/\/www.zerdab.com\/#\/schema\/person\/97079b7570c1e89ec0d9e138c3672136"},"breadcrumb":{"@id":"https:\/\/www.zerdab.com\/?p=3423#breadcrumb"},"inLanguage":"az","potentialAction":[{"@type":"ReadAction","target":["https:\/\/www.zerdab.com\/?p=3423"]}]},{"@type":"ImageObject","inLanguage":"az","@id":"https:\/\/www.zerdab.com\/?p=3423#primaryimage","url":"https:\/\/www.zerdab.com\/wp-content\/uploads\/2016\/02\/Qaraba\u011f-m\u00fcharib\u0259si-1.jpg","contentUrl":"https:\/\/www.zerdab.com\/wp-content\/uploads\/2016\/02\/Qaraba\u011f-m\u00fcharib\u0259si-1.jpg","width":604,"height":456,"caption":"Qaraba\u011f m\u00fcharib\u0259si"},{"@type":"BreadcrumbList","@id":"https:\/\/www.zerdab.com\/?p=3423#breadcrumb","itemListElement":[{"@type":"ListItem","position":1,"name":"Home","item":"https:\/\/www.zerdab.com\/"},{"@type":"ListItem","position":2,"name":"D\u00fcnyadan ni\u015fanl\u0131 k\u00f6\u00e7\u0259n Z\u0259rdabl\u0131 \u015f\u0259hid &#8211; Mehdi R\u0259himov"}]},{"@type":"WebSite","@id":"https:\/\/www.zerdab.com\/#website","url":"https:\/\/www.zerdab.com\/","name":"Z\u0259rdab.com","description":"","potentialAction":[{"@type":"SearchAction","target":{"@type":"EntryPoint","urlTemplate":"https:\/\/www.zerdab.com\/?s={search_term_string}"},"query-input":{"@type":"PropertyValueSpecification","valueRequired":true,"valueName":"search_term_string"}}],"inLanguage":"az"},{"@type":"Person","@id":"https:\/\/www.zerdab.com\/#\/schema\/person\/97079b7570c1e89ec0d9e138c3672136","name":"admin","image":{"@type":"ImageObject","inLanguage":"az","@id":"https:\/\/www.zerdab.com\/#\/schema\/person\/image\/","url":"https:\/\/secure.gravatar.com\/avatar\/d9c52a9a27c32119cb6679a077fa3e2779e5f822c451cbf01098004361d466ec?s=96&d=mm&r=g","contentUrl":"https:\/\/secure.gravatar.com\/avatar\/d9c52a9a27c32119cb6679a077fa3e2779e5f822c451cbf01098004361d466ec?s=96&d=mm&r=g","caption":"admin"},"url":"https:\/\/www.zerdab.com\/?author=1"}]}},"_links":{"self":[{"href":"https:\/\/www.zerdab.com\/index.php?rest_route=\/wp\/v2\/posts\/3423","targetHints":{"allow":["GET"]}}],"collection":[{"href":"https:\/\/www.zerdab.com\/index.php?rest_route=\/wp\/v2\/posts"}],"about":[{"href":"https:\/\/www.zerdab.com\/index.php?rest_route=\/wp\/v2\/types\/post"}],"author":[{"embeddable":true,"href":"https:\/\/www.zerdab.com\/index.php?rest_route=\/wp\/v2\/users\/1"}],"replies":[{"embeddable":true,"href":"https:\/\/www.zerdab.com\/index.php?rest_route=%2Fwp%2Fv2%2Fcomments&post=3423"}],"version-history":[{"count":10,"href":"https:\/\/www.zerdab.com\/index.php?rest_route=\/wp\/v2\/posts\/3423\/revisions"}],"predecessor-version":[{"id":28628,"href":"https:\/\/www.zerdab.com\/index.php?rest_route=\/wp\/v2\/posts\/3423\/revisions\/28628"}],"wp:featuredmedia":[{"embeddable":true,"href":"https:\/\/www.zerdab.com\/index.php?rest_route=\/wp\/v2\/media\/22472"}],"wp:attachment":[{"href":"https:\/\/www.zerdab.com\/index.php?rest_route=%2Fwp%2Fv2%2Fmedia&parent=3423"}],"wp:term":[{"taxonomy":"category","embeddable":true,"href":"https:\/\/www.zerdab.com\/index.php?rest_route=%2Fwp%2Fv2%2Fcategories&post=3423"},{"taxonomy":"post_tag","embeddable":true,"href":"https:\/\/www.zerdab.com\/index.php?rest_route=%2Fwp%2Fv2%2Ftags&post=3423"}],"curies":[{"name":"wp","href":"https:\/\/api.w.org\/{rel}","templated":true}]}}