{"id":3433,"date":"2012-07-16T11:13:51","date_gmt":"2012-07-16T06:13:51","guid":{"rendered":"http:\/\/www.zerdab.com\/?p=3433"},"modified":"2012-07-16T11:13:51","modified_gmt":"2012-07-16T06:13:51","slug":"z%c9%99rdabda-baytarliq-idar%c9%99sinin-inzibati-binasinin-insasi-davam-edir","status":"publish","type":"post","link":"https:\/\/www.zerdab.com\/?p=3433","title":{"rendered":"Z\u0259rdabda baytarl\u0131q idar\u0259sinin inzibati binas\u0131n\u0131n in\u015fas\u0131 davam edir"},"content":{"rendered":"<p><a href=\"http:\/\/www.zerdab.com\/?attachment_id=3434\" rel=\"attachment wp-att-3434\"><img loading=\"lazy\" decoding=\"async\" class=\"alignleft  wp-image-3434\" title=\"Baytarl\u0131q\" src=\"http:\/\/www.zerdab.com\/wp-content\/uploads\/2012\/07\/images1.jpg\" alt=\"\" width=\"206\" height=\"142\" \/><\/a>\u201cAz\u0259rbaycan Respublikas\u0131 regionlar\u0131n\u0131n 2009-2013-c\u00fc ill\u0259rd\u0259 sosial-iqtisadi inki\u015faf\u0131 D\u00f6vl\u0259t Proqram\u0131\u201dna uy\u011fun olaraq rayonlarda baytarl\u0131q idar\u0259l\u0259rinin inzibati binalar\u0131n\u0131n tikintisi davam etdirilir. <strong>www.zerdab.com<\/strong> K\u0259nd T\u0259s\u0259rr\u00fcfat\u0131 Nazirliyi yan\u0131nda D\u00f6vl\u0259t Baytarl\u0131q Xidm\u0259tinin m\u0259tbuat xidm\u0259tin\u0259 istinad\u0259n bildirir ki, Z\u0259rdab rayon baytarl\u0131q idar\u0259sinin v\u0259 diaqnostik kabinetinin inzibati binas\u0131n\u0131n tikintisinin tamamlanmas\u0131 \u00fc\u00e7\u00fcn d\u0259 t\u0259dbirl\u0259r g\u00f6r\u00fcl\u00fcr.<\/p>\n<p><strong>www.zerdab.com<\/strong><\/p>\n","protected":false},"excerpt":{"rendered":"<p>\u201cAz\u0259rbaycan Respublikas\u0131 regionlar\u0131n\u0131n 2009-2013-c\u00fc ill\u0259rd\u0259 sosial-iqtisadi inki\u015faf\u0131 D\u00f6vl\u0259t Proqram\u0131\u201dna uy\u011fun olaraq rayonlarda baytarl\u0131q idar\u0259l\u0259rinin inzibati binalar\u0131n\u0131n tikintisi davam etdirilir. www.zerdab.com K\u0259nd T\u0259s\u0259rr\u00fcfat\u0131 Nazirliyi yan\u0131nda D\u00f6vl\u0259t Baytarl\u0131q Xidm\u0259tinin m\u0259tbuat xidm\u0259tin\u0259 istinad\u0259n bildirir ki, Z\u0259rdab rayon baytarl\u0131q idar\u0259sinin v\u0259 diaqnostik kabinetinin inzibati binas\u0131n\u0131n tikintisinin tamamlanmas\u0131 \u00fc\u00e7\u00fcn d\u0259 t\u0259dbirl\u0259r g\u00f6r\u00fcl\u00fcr. www.zerdab.com<\/p>\n","protected":false},"author":1,"featured_media":0,"comment_status":"open","ping_status":"open","sticky":false,"template":"","format":"standard","meta":{"footnotes":""},"categories":[21],"tags":[],"class_list":{"0":"post-3433","1":"post","2":"type-post","3":"status-publish","4":"format-standard","6":"category-zrdab"},"yoast_head":"<!-- This site is optimized with the Yoast SEO plugin v27.0 - https:\/\/yoast.com\/product\/yoast-seo-wordpress\/ -->\n<title>Z\u0259rdabda baytarl\u0131q idar\u0259sinin inzibati binas\u0131n\u0131n in\u015fas\u0131 davam edir - Z\u0259rdab.com<\/title>\n<meta name=\"robots\" content=\"index, follow, max-snippet:-1, max-image-preview:large, max-video-preview:-1\" \/>\n<link rel=\"canonical\" href=\"https:\/\/www.zerdab.com\/?p=3433\" \/>\n<meta property=\"og:locale\" content=\"az_AZ\" \/>\n<meta property=\"og:type\" content=\"article\" \/>\n<meta property=\"og:title\" content=\"Z\u0259rdabda baytarl\u0131q idar\u0259sinin inzibati binas\u0131n\u0131n in\u015fas\u0131 davam edir - Z\u0259rdab.com\" \/>\n<meta property=\"og:description\" content=\"\u201cAz\u0259rbaycan Respublikas\u0131 regionlar\u0131n\u0131n 2009-2013-c\u00fc ill\u0259rd\u0259 sosial-iqtisadi inki\u015faf\u0131 D\u00f6vl\u0259t Proqram\u0131\u201dna uy\u011fun olaraq rayonlarda baytarl\u0131q idar\u0259l\u0259rinin inzibati binalar\u0131n\u0131n tikintisi davam etdirilir. www.zerdab.com K\u0259nd T\u0259s\u0259rr\u00fcfat\u0131 Nazirliyi yan\u0131nda D\u00f6vl\u0259t Baytarl\u0131q Xidm\u0259tinin m\u0259tbuat xidm\u0259tin\u0259 istinad\u0259n bildirir ki, Z\u0259rdab rayon baytarl\u0131q idar\u0259sinin v\u0259 diaqnostik kabinetinin inzibati binas\u0131n\u0131n tikintisinin tamamlanmas\u0131 \u00fc\u00e7\u00fcn d\u0259 t\u0259dbirl\u0259r g\u00f6r\u00fcl\u00fcr. www.zerdab.com\" \/>\n<meta property=\"og:url\" content=\"https:\/\/www.zerdab.com\/?p=3433\" \/>\n<meta property=\"og:site_name\" content=\"Z\u0259rdab.com\" \/>\n<meta property=\"article:published_time\" content=\"2012-07-16T06:13:51+00:00\" \/>\n<meta property=\"og:image\" content=\"http:\/\/www.zerdab.com\/wp-content\/uploads\/2012\/07\/images1.jpg\" \/>\n<meta name=\"author\" content=\"admin\" \/>\n<meta name=\"twitter:card\" content=\"summary_large_image\" \/>\n<meta name=\"twitter:label1\" content=\"Written by\" \/>\n\t<meta name=\"twitter:data1\" content=\"admin\" \/>\n<script type=\"application\/ld+json\" class=\"yoast-schema-graph\">{\"@context\":\"https:\/\/schema.org\",\"@graph\":[{\"@type\":\"Article\",\"@id\":\"https:\/\/www.zerdab.com\/?p=3433#article\",\"isPartOf\":{\"@id\":\"https:\/\/www.zerdab.com\/?p=3433\"},\"author\":{\"name\":\"admin\",\"@id\":\"https:\/\/www.zerdab.com\/#\/schema\/person\/97079b7570c1e89ec0d9e138c3672136\"},\"headline\":\"Z\u0259rdabda baytarl\u0131q idar\u0259sinin inzibati binas\u0131n\u0131n in\u015fas\u0131 davam edir\",\"datePublished\":\"2012-07-16T06:13:51+00:00\",\"mainEntityOfPage\":{\"@id\":\"https:\/\/www.zerdab.com\/?p=3433\"},\"wordCount\":103,\"commentCount\":0,\"image\":{\"@id\":\"https:\/\/www.zerdab.com\/?p=3433#primaryimage\"},\"thumbnailUrl\":\"http:\/\/www.zerdab.com\/wp-content\/uploads\/2012\/07\/images1.jpg\",\"articleSection\":[\"C\u018fM\u0130YY\u018fT\"],\"inLanguage\":\"az\",\"potentialAction\":[{\"@type\":\"CommentAction\",\"name\":\"Comment\",\"target\":[\"https:\/\/www.zerdab.com\/?p=3433#respond\"]}]},{\"@type\":\"WebPage\",\"@id\":\"https:\/\/www.zerdab.com\/?p=3433\",\"url\":\"https:\/\/www.zerdab.com\/?p=3433\",\"name\":\"Z\u0259rdabda baytarl\u0131q idar\u0259sinin inzibati binas\u0131n\u0131n in\u015fas\u0131 davam edir - Z\u0259rdab.com\",\"isPartOf\":{\"@id\":\"https:\/\/www.zerdab.com\/#website\"},\"primaryImageOfPage\":{\"@id\":\"https:\/\/www.zerdab.com\/?p=3433#primaryimage\"},\"image\":{\"@id\":\"https:\/\/www.zerdab.com\/?p=3433#primaryimage\"},\"thumbnailUrl\":\"http:\/\/www.zerdab.com\/wp-content\/uploads\/2012\/07\/images1.jpg\",\"datePublished\":\"2012-07-16T06:13:51+00:00\",\"author\":{\"@id\":\"https:\/\/www.zerdab.com\/#\/schema\/person\/97079b7570c1e89ec0d9e138c3672136\"},\"breadcrumb\":{\"@id\":\"https:\/\/www.zerdab.com\/?p=3433#breadcrumb\"},\"inLanguage\":\"az\",\"potentialAction\":[{\"@type\":\"ReadAction\",\"target\":[\"https:\/\/www.zerdab.com\/?p=3433\"]}]},{\"@type\":\"ImageObject\",\"inLanguage\":\"az\",\"@id\":\"https:\/\/www.zerdab.com\/?p=3433#primaryimage\",\"url\":\"\",\"contentUrl\":\"\"},{\"@type\":\"BreadcrumbList\",\"@id\":\"https:\/\/www.zerdab.com\/?p=3433#breadcrumb\",\"itemListElement\":[{\"@type\":\"ListItem\",\"position\":1,\"name\":\"Home\",\"item\":\"https:\/\/www.zerdab.com\/\"},{\"@type\":\"ListItem\",\"position\":2,\"name\":\"Z\u0259rdabda baytarl\u0131q idar\u0259sinin inzibati binas\u0131n\u0131n in\u015fas\u0131 davam edir\"}]},{\"@type\":\"WebSite\",\"@id\":\"https:\/\/www.zerdab.com\/#website\",\"url\":\"https:\/\/www.zerdab.com\/\",\"name\":\"Z\u0259rdab.com\",\"description\":\"\",\"potentialAction\":[{\"@type\":\"SearchAction\",\"target\":{\"@type\":\"EntryPoint\",\"urlTemplate\":\"https:\/\/www.zerdab.com\/?s={search_term_string}\"},\"query-input\":{\"@type\":\"PropertyValueSpecification\",\"valueRequired\":true,\"valueName\":\"search_term_string\"}}],\"inLanguage\":\"az\"},{\"@type\":\"Person\",\"@id\":\"https:\/\/www.zerdab.com\/#\/schema\/person\/97079b7570c1e89ec0d9e138c3672136\",\"name\":\"admin\",\"image\":{\"@type\":\"ImageObject\",\"inLanguage\":\"az\",\"@id\":\"https:\/\/www.zerdab.com\/#\/schema\/person\/image\/\",\"url\":\"https:\/\/secure.gravatar.com\/avatar\/d9c52a9a27c32119cb6679a077fa3e2779e5f822c451cbf01098004361d466ec?s=96&d=mm&r=g\",\"contentUrl\":\"https:\/\/secure.gravatar.com\/avatar\/d9c52a9a27c32119cb6679a077fa3e2779e5f822c451cbf01098004361d466ec?s=96&d=mm&r=g\",\"caption\":\"admin\"},\"url\":\"https:\/\/www.zerdab.com\/?author=1\"}]}<\/script>\n<!-- \/ Yoast SEO plugin. -->","yoast_head_json":{"title":"Z\u0259rdabda baytarl\u0131q idar\u0259sinin inzibati binas\u0131n\u0131n in\u015fas\u0131 davam edir - Z\u0259rdab.com","robots":{"index":"index","follow":"follow","max-snippet":"max-snippet:-1","max-image-preview":"max-image-preview:large","max-video-preview":"max-video-preview:-1"},"canonical":"https:\/\/www.zerdab.com\/?p=3433","og_locale":"az_AZ","og_type":"article","og_title":"Z\u0259rdabda baytarl\u0131q idar\u0259sinin inzibati binas\u0131n\u0131n in\u015fas\u0131 davam edir - Z\u0259rdab.com","og_description":"\u201cAz\u0259rbaycan Respublikas\u0131 regionlar\u0131n\u0131n 2009-2013-c\u00fc ill\u0259rd\u0259 sosial-iqtisadi inki\u015faf\u0131 D\u00f6vl\u0259t Proqram\u0131\u201dna uy\u011fun olaraq rayonlarda baytarl\u0131q idar\u0259l\u0259rinin inzibati binalar\u0131n\u0131n tikintisi davam etdirilir. www.zerdab.com K\u0259nd T\u0259s\u0259rr\u00fcfat\u0131 Nazirliyi yan\u0131nda D\u00f6vl\u0259t Baytarl\u0131q Xidm\u0259tinin m\u0259tbuat xidm\u0259tin\u0259 istinad\u0259n bildirir ki, Z\u0259rdab rayon baytarl\u0131q idar\u0259sinin v\u0259 diaqnostik kabinetinin inzibati binas\u0131n\u0131n tikintisinin tamamlanmas\u0131 \u00fc\u00e7\u00fcn d\u0259 t\u0259dbirl\u0259r g\u00f6r\u00fcl\u00fcr. www.zerdab.com","og_url":"https:\/\/www.zerdab.com\/?p=3433","og_site_name":"Z\u0259rdab.com","article_published_time":"2012-07-16T06:13:51+00:00","og_image":[{"url":"http:\/\/www.zerdab.com\/wp-content\/uploads\/2012\/07\/images1.jpg","type":"","width":"","height":""}],"author":"admin","twitter_card":"summary_large_image","twitter_misc":{"Written by":"admin"},"schema":{"@context":"https:\/\/schema.org","@graph":[{"@type":"Article","@id":"https:\/\/www.zerdab.com\/?p=3433#article","isPartOf":{"@id":"https:\/\/www.zerdab.com\/?p=3433"},"author":{"name":"admin","@id":"https:\/\/www.zerdab.com\/#\/schema\/person\/97079b7570c1e89ec0d9e138c3672136"},"headline":"Z\u0259rdabda baytarl\u0131q idar\u0259sinin inzibati binas\u0131n\u0131n in\u015fas\u0131 davam edir","datePublished":"2012-07-16T06:13:51+00:00","mainEntityOfPage":{"@id":"https:\/\/www.zerdab.com\/?p=3433"},"wordCount":103,"commentCount":0,"image":{"@id":"https:\/\/www.zerdab.com\/?p=3433#primaryimage"},"thumbnailUrl":"http:\/\/www.zerdab.com\/wp-content\/uploads\/2012\/07\/images1.jpg","articleSection":["C\u018fM\u0130YY\u018fT"],"inLanguage":"az","potentialAction":[{"@type":"CommentAction","name":"Comment","target":["https:\/\/www.zerdab.com\/?p=3433#respond"]}]},{"@type":"WebPage","@id":"https:\/\/www.zerdab.com\/?p=3433","url":"https:\/\/www.zerdab.com\/?p=3433","name":"Z\u0259rdabda baytarl\u0131q idar\u0259sinin inzibati binas\u0131n\u0131n in\u015fas\u0131 davam edir - Z\u0259rdab.com","isPartOf":{"@id":"https:\/\/www.zerdab.com\/#website"},"primaryImageOfPage":{"@id":"https:\/\/www.zerdab.com\/?p=3433#primaryimage"},"image":{"@id":"https:\/\/www.zerdab.com\/?p=3433#primaryimage"},"thumbnailUrl":"http:\/\/www.zerdab.com\/wp-content\/uploads\/2012\/07\/images1.jpg","datePublished":"2012-07-16T06:13:51+00:00","author":{"@id":"https:\/\/www.zerdab.com\/#\/schema\/person\/97079b7570c1e89ec0d9e138c3672136"},"breadcrumb":{"@id":"https:\/\/www.zerdab.com\/?p=3433#breadcrumb"},"inLanguage":"az","potentialAction":[{"@type":"ReadAction","target":["https:\/\/www.zerdab.com\/?p=3433"]}]},{"@type":"ImageObject","inLanguage":"az","@id":"https:\/\/www.zerdab.com\/?p=3433#primaryimage","url":"","contentUrl":""},{"@type":"BreadcrumbList","@id":"https:\/\/www.zerdab.com\/?p=3433#breadcrumb","itemListElement":[{"@type":"ListItem","position":1,"name":"Home","item":"https:\/\/www.zerdab.com\/"},{"@type":"ListItem","position":2,"name":"Z\u0259rdabda baytarl\u0131q idar\u0259sinin inzibati binas\u0131n\u0131n in\u015fas\u0131 davam edir"}]},{"@type":"WebSite","@id":"https:\/\/www.zerdab.com\/#website","url":"https:\/\/www.zerdab.com\/","name":"Z\u0259rdab.com","description":"","potentialAction":[{"@type":"SearchAction","target":{"@type":"EntryPoint","urlTemplate":"https:\/\/www.zerdab.com\/?s={search_term_string}"},"query-input":{"@type":"PropertyValueSpecification","valueRequired":true,"valueName":"search_term_string"}}],"inLanguage":"az"},{"@type":"Person","@id":"https:\/\/www.zerdab.com\/#\/schema\/person\/97079b7570c1e89ec0d9e138c3672136","name":"admin","image":{"@type":"ImageObject","inLanguage":"az","@id":"https:\/\/www.zerdab.com\/#\/schema\/person\/image\/","url":"https:\/\/secure.gravatar.com\/avatar\/d9c52a9a27c32119cb6679a077fa3e2779e5f822c451cbf01098004361d466ec?s=96&d=mm&r=g","contentUrl":"https:\/\/secure.gravatar.com\/avatar\/d9c52a9a27c32119cb6679a077fa3e2779e5f822c451cbf01098004361d466ec?s=96&d=mm&r=g","caption":"admin"},"url":"https:\/\/www.zerdab.com\/?author=1"}]}},"_links":{"self":[{"href":"https:\/\/www.zerdab.com\/index.php?rest_route=\/wp\/v2\/posts\/3433","targetHints":{"allow":["GET"]}}],"collection":[{"href":"https:\/\/www.zerdab.com\/index.php?rest_route=\/wp\/v2\/posts"}],"about":[{"href":"https:\/\/www.zerdab.com\/index.php?rest_route=\/wp\/v2\/types\/post"}],"author":[{"embeddable":true,"href":"https:\/\/www.zerdab.com\/index.php?rest_route=\/wp\/v2\/users\/1"}],"replies":[{"embeddable":true,"href":"https:\/\/www.zerdab.com\/index.php?rest_route=%2Fwp%2Fv2%2Fcomments&post=3433"}],"version-history":[{"count":3,"href":"https:\/\/www.zerdab.com\/index.php?rest_route=\/wp\/v2\/posts\/3433\/revisions"}],"predecessor-version":[{"id":3437,"href":"https:\/\/www.zerdab.com\/index.php?rest_route=\/wp\/v2\/posts\/3433\/revisions\/3437"}],"wp:attachment":[{"href":"https:\/\/www.zerdab.com\/index.php?rest_route=%2Fwp%2Fv2%2Fmedia&parent=3433"}],"wp:term":[{"taxonomy":"category","embeddable":true,"href":"https:\/\/www.zerdab.com\/index.php?rest_route=%2Fwp%2Fv2%2Fcategories&post=3433"},{"taxonomy":"post_tag","embeddable":true,"href":"https:\/\/www.zerdab.com\/index.php?rest_route=%2Fwp%2Fv2%2Ftags&post=3433"}],"curies":[{"name":"wp","href":"https:\/\/api.w.org\/{rel}","templated":true}]}}